{"id":20952,"date":"2020-04-22T08:57:07","date_gmt":"2020-04-22T13:57:07","guid":{"rendered":"https:\/\/accesolatino.org\/?p=20952"},"modified":"2025-10-30T00:01:05","modified_gmt":"2025-10-30T06:01:05","slug":"daca-y-su-labor-en-contra-del-coronavirus","status":"publish","type":"post","link":"https:\/\/accesolatino.org\/en\/daca-y-su-labor-en-contra-del-coronavirus\/temas-de-interes\/","title":{"rendered":"DACA y su labor en contra del coronavirus"},"content":{"rendered":"<div data-elementor-type=\"wp-post\" data-elementor-id=\"20952\" class=\"elementor elementor-20952\">\n\t\t\t\t\t\t<section class=\"elementor-section elementor-top-section elementor-element elementor-element-e311389 elementor-section-boxed elementor-section-height-default elementor-section-height-default wpr-particle-no wpr-jarallax-no wpr-parallax-no wpr-sticky-section-no wpr-equal-height-no\" data-id=\"e311389\" data-element_type=\"section\" data-e-type=\"section\">\n\t\t\t\t\t\t<div class=\"elementor-container elementor-column-gap-default\">\n\t\t\t\t\t<div class=\"elementor-column elementor-col-100 elementor-top-column elementor-element elementor-element-978633f\" data-id=\"978633f\" data-element_type=\"column\" data-e-type=\"column\">\n\t\t\t<div class=\"elementor-widget-wrap elementor-element-populated\">\n\t\t\t\t\t\t<div class=\"elementor-element elementor-element-6f3bde3 elementor-widget elementor-widget-text-editor\" data-id=\"6f3bde3\" data-element_type=\"widget\" data-e-type=\"widget\" data-widget_type=\"text-editor.default\">\n\t\t\t\t<div class=\"elementor-widget-container\">\n\t\t\t\t\t\t\t\t\t<p>Los inmigrantes no solo deben lidiar contra el coronavirus, sino tambi\u00e9n en valer sus derechos. Los \u201cdreamers\u201d desde que hace meses luchan por seguir en Estados Unidos, desde que el actual presidente cancel\u00f3 DACA, pero gracias a su contribuci\u00f3n en la lucha contra el Covid-19, la Suprema Corte, acept\u00f3 la petici\u00f3n de la defensa del programa, para hacer su valor labor sanitaria.<\/p><p>Esta petici\u00f3n permitir\u00e1 exponer a los jueces el importante trabajo de estos inmigrantes y reconsiderar la decisi\u00f3n de dar de baja el programa y deportar a cientos de miles de j\u00f3venes que son muy importantes, no solo en la lucha contra esta enfermedad, sino su valor en otras \u00e1reas.<\/p><p>La crisis sanitaria provocada por el virus que se origin\u00f3 en Wuhan, ha ocasionado que el gobierno estadounidense use todos los recursos disponibles para hacerle frente a esta enfermedad, donde los \u201cdreamers\u201d han aportado mucho apoyo prestando servicios de asistencia sanitaria y otras labores que han ayudado en la batalla contra el Covid-19.<\/p><p>El documento petitorio, resalta la importancia del programa de Acci\u00f3n Diferida para los Llegados en la Infancia, tanto en el sector salud, como en el social y econ\u00f3mico.<\/p><p>La decisi\u00f3n caus\u00f3 alegr\u00eda por las organizaciones civiles, como FWD.us, ya que es un paso enorme y resaltaron que en medio esta pandemia no podr\u00e1n rechazar la petici\u00f3n.<\/p><p>\u201cEl hecho que el gobierno no diga nada o no responda esta petici\u00f3n, es porque sabe lo esencial que son los beneficiarios de DACA para el futuro de Estados Unidos y que tienen plena confianza de que acabar con el programa ser\u00e1 un error garrafal a nuestros esfuerzos de contrarrestar la pandemia\u201d se\u00f1al\u00f3 Todd Schulte, presidente de FWD.us.<\/p><p>\u201cNo pueden defender lo indefendible. Si no responden el memorando al Tribunal Supremo comprueba que no tienen opci\u00f3n, mas que abrir nuevamente el debate\u201d concluyo Schulte.<\/p><p>La organizaci\u00f3n resalta que el comunicado contiene informaci\u00f3n relevante sobre alrededor de 30 mil \u201cdreamers\u201d que son profesionales de la salud y que estar\u00edan en riesgo de ser devueltos a su pa\u00eds de origen.<\/p><p>Dentro del documento las organizaciones destacan que m\u00e1s de 200 mil beneficiarios por DACA, trabajan en industriales de vital importancia como salud, transporte, almacenamiento, alimentaci\u00f3n, manufactura, supermercados, venta de medicamentos y manejo de desperdicios.<\/p><p>La Corte Suprema agend\u00f3 para junio de 2020, el debate sobre conservar o no el programa de protecci\u00f3n que beneficia a cerca de 700 mil j\u00f3venes inmigrantes.<\/p><p>De rechazar y dar de baja el programa, el impacto ser\u00eda catastr\u00f3fico y las p\u00e9rdidas incalculables, aunque la separaci\u00f3n de familias y de 256 mil ni\u00f1os de ellas ser\u00eda lo m\u00e1s lamentable.<\/p><p>Fuente: La Opini\u00f3n<\/p>\t\t\t\t\t\t\t\t<\/div>\n\t\t\t\t<\/div>\n\t\t\t\t\t<\/div>\n\t\t<\/div>\n\t\t\t\t\t<\/div>\n\t\t<\/section>\n\t\t\t\t<\/div>","protected":false},"excerpt":{"rendered":"<p>Los inmigrantes no solo deben lidiar contra el coronavirus, sino tambi\u00e9n en valer sus derechos. Los \u201cdreamers\u201d desde que hace meses luchan por seguir en Estados Unidos, desde que el actual presidente cancel\u00f3 DACA, pero gracias a su contribuci\u00f3n en la lucha contra el Covid-19, la Suprema Corte, acept\u00f3 la petici\u00f3n de la defensa del programa, para hacer su valor labor sanitaria. Esta petici\u00f3n permitir\u00e1 exponer a los jueces el importante trabajo de estos inmigrantes y reconsiderar la decisi\u00f3n de dar de baja el programa y deportar a cientos de miles de j\u00f3venes que son muy importantes, no solo en la lucha contra esta enfermedad, sino su valor en otras \u00e1reas. La crisis sanitaria provocada por el virus que se origin\u00f3 en Wuhan, ha ocasionado que el gobierno estadounidense use todos los recursos disponibles para hacerle frente a esta enfermedad, donde los \u201cdreamers\u201d han aportado mucho apoyo prestando servicios de asistencia sanitaria y otras labores que han ayudado en la batalla contra el Covid-19. El documento petitorio, resalta la importancia del programa de Acci\u00f3n Diferida para los Llegados en la Infancia, tanto en el sector salud, como en el social y econ\u00f3mico. La decisi\u00f3n caus\u00f3 alegr\u00eda por las organizaciones civiles, como FWD.us, ya que es un paso enorme y resaltaron que en medio esta pandemia no podr\u00e1n rechazar la petici\u00f3n. \u201cEl hecho que el gobierno no diga nada o no responda esta petici\u00f3n, es porque sabe lo esencial que son los beneficiarios de DACA para el futuro de Estados Unidos y que tienen plena confianza de que acabar con el programa ser\u00e1 un error garrafal a nuestros esfuerzos de contrarrestar la pandemia\u201d se\u00f1al\u00f3 Todd Schulte, presidente de FWD.us. \u201cNo pueden defender lo indefendible. Si no responden el memorando al Tribunal Supremo comprueba que no tienen opci\u00f3n, mas que abrir nuevamente el debate\u201d concluyo Schulte. La organizaci\u00f3n resalta que el comunicado contiene informaci\u00f3n relevante sobre alrededor de 30 mil \u201cdreamers\u201d que son profesionales de la salud y que estar\u00edan en riesgo de ser devueltos a su pa\u00eds de origen. Dentro del documento las organizaciones destacan que m\u00e1s de 200 mil beneficiarios por DACA, trabajan en industriales de vital importancia como salud, transporte, almacenamiento, alimentaci\u00f3n, manufactura, supermercados, venta de medicamentos y manejo de desperdicios. La Corte Suprema agend\u00f3 para junio de 2020, el debate sobre conservar o no el programa de protecci\u00f3n que beneficia a cerca de 700 mil j\u00f3venes inmigrantes. De rechazar y dar de baja el programa, el impacto ser\u00eda catastr\u00f3fico y las p\u00e9rdidas incalculables, aunque la separaci\u00f3n de familias y de 256 mil ni\u00f1os de ellas ser\u00eda lo m\u00e1s lamentable. Fuente: La Opini\u00f3n<\/p>","protected":false},"author":13,"featured_media":20953,"comment_status":"open","ping_status":"open","sticky":false,"template":"","format":"standard","meta":{"_uf_show_specific_survey":0,"_uf_disable_surveys":false,"footnotes":""},"categories":[10,1],"tags":[],"class_list":["post-20952","post","type-post","status-publish","format-standard","has-post-thumbnail","hentry","category-noticias","category-temas-de-interes"],"aioseo_notices":[],"yoast_head":"<!-- This site is optimized with the Yoast SEO plugin v27.4 - https:\/\/yoast.com\/product\/yoast-seo-wordpress\/ -->\n<title>DACA y su labor en contra del coronavirus<\/title>\n<meta name=\"description\" content=\"Los inmigrantes no solo deben lidiar contra el coronavirus, sino tambi\u00e9n en valer sus derechos. Los \u201cdreamers\u201d desde que hace meses luchan por seguir\" \/>\n<meta name=\"robots\" content=\"index, follow, max-snippet:-1, max-image-preview:large, max-video-preview:-1\" \/>\n<link rel=\"canonical\" href=\"https:\/\/accesolatino.org\/en\/daca-y-su-labor-en-contra-del-coronavirus\/temas-de-interes\/\" \/>\n<meta property=\"og:locale\" content=\"en_US\" \/>\n<meta property=\"og:type\" content=\"article\" \/>\n<meta property=\"og:title\" content=\"DACA y su labor en contra del coronavirus\" \/>\n<meta property=\"og:description\" content=\"Los inmigrantes no solo deben lidiar contra el coronavirus, sino tambi\u00e9n en valer sus derechos. Los \u201cdreamers\u201d desde que hace meses luchan por seguir\" \/>\n<meta property=\"og:url\" content=\"https:\/\/accesolatino.org\/en\/daca-y-su-labor-en-contra-del-coronavirus\/temas-de-interes\/\" \/>\n<meta property=\"og:site_name\" content=\"Acceso Latino\" \/>\n<meta property=\"article:publisher\" content=\"https:\/\/www.facebook.com\/AccesoLatinoOrg\" \/>\n<meta property=\"article:published_time\" content=\"2020-04-22T13:57:07+00:00\" \/>\n<meta property=\"article:modified_time\" content=\"2025-10-30T06:01:05+00:00\" \/>\n<meta property=\"og:image\" content=\"https:\/\/accesolatino.org\/wp-content\/uploads\/2020\/04\/DACA-y-su-labor-en-contra-del-coronavirus.jpg\" \/>\n\t<meta property=\"og:image:width\" content=\"600\" \/>\n\t<meta property=\"og:image:height\" content=\"338\" \/>\n\t<meta property=\"og:image:type\" content=\"image\/jpeg\" \/>\n<meta name=\"author\" content=\"Noticias\" \/>\n<meta name=\"twitter:card\" content=\"summary_large_image\" \/>\n<meta name=\"twitter:creator\" content=\"@FAccLatino\" \/>\n<meta name=\"twitter:site\" content=\"@FAccLatino\" \/>\n<meta name=\"twitter:label1\" content=\"Written by\" \/>\n\t<meta name=\"twitter:data1\" content=\"Noticias\" \/>\n\t<meta name=\"twitter:label2\" content=\"Est. reading time\" \/>\n\t<meta name=\"twitter:data2\" content=\"3 minutes\" \/>\n<script type=\"application\/ld+json\" class=\"yoast-schema-graph\">{\"@context\":\"https:\\\/\\\/schema.org\",\"@graph\":[{\"@type\":\"Article\",\"@id\":\"https:\\\/\\\/accesolatino.org\\\/daca-y-su-labor-en-contra-del-coronavirus\\\/temas-de-interes\\\/#article\",\"isPartOf\":{\"@id\":\"https:\\\/\\\/accesolatino.org\\\/daca-y-su-labor-en-contra-del-coronavirus\\\/temas-de-interes\\\/\"},\"author\":{\"name\":\"Noticias\",\"@id\":\"https:\\\/\\\/accesolatino.org\\\/#\\\/schema\\\/person\\\/6b654926a4e7e4709c9ad12459661666\"},\"headline\":\"DACA y su labor en contra del coronavirus\",\"datePublished\":\"2020-04-22T13:57:07+00:00\",\"dateModified\":\"2025-10-30T06:01:05+00:00\",\"mainEntityOfPage\":{\"@id\":\"https:\\\/\\\/accesolatino.org\\\/daca-y-su-labor-en-contra-del-coronavirus\\\/temas-de-interes\\\/\"},\"wordCount\":470,\"commentCount\":0,\"publisher\":{\"@id\":\"https:\\\/\\\/accesolatino.org\\\/#organization\"},\"image\":{\"@id\":\"https:\\\/\\\/accesolatino.org\\\/daca-y-su-labor-en-contra-del-coronavirus\\\/temas-de-interes\\\/#primaryimage\"},\"thumbnailUrl\":\"https:\\\/\\\/accesolatino.org\\\/wp-content\\\/uploads\\\/2020\\\/04\\\/DACA-y-su-labor-en-contra-del-coronavirus.jpg\",\"articleSection\":[\"Noticias\",\"Temas de inter\u00e9s\"],\"inLanguage\":\"en-US\",\"potentialAction\":[{\"@type\":\"CommentAction\",\"name\":\"Comment\",\"target\":[\"https:\\\/\\\/accesolatino.org\\\/daca-y-su-labor-en-contra-del-coronavirus\\\/temas-de-interes\\\/#respond\"]}]},{\"@type\":\"WebPage\",\"@id\":\"https:\\\/\\\/accesolatino.org\\\/daca-y-su-labor-en-contra-del-coronavirus\\\/temas-de-interes\\\/\",\"url\":\"https:\\\/\\\/accesolatino.org\\\/daca-y-su-labor-en-contra-del-coronavirus\\\/temas-de-interes\\\/\",\"name\":\"DACA y su labor en contra del coronavirus\",\"isPartOf\":{\"@id\":\"https:\\\/\\\/accesolatino.org\\\/#website\"},\"primaryImageOfPage\":{\"@id\":\"https:\\\/\\\/accesolatino.org\\\/daca-y-su-labor-en-contra-del-coronavirus\\\/temas-de-interes\\\/#primaryimage\"},\"image\":{\"@id\":\"https:\\\/\\\/accesolatino.org\\\/daca-y-su-labor-en-contra-del-coronavirus\\\/temas-de-interes\\\/#primaryimage\"},\"thumbnailUrl\":\"https:\\\/\\\/accesolatino.org\\\/wp-content\\\/uploads\\\/2020\\\/04\\\/DACA-y-su-labor-en-contra-del-coronavirus.jpg\",\"datePublished\":\"2020-04-22T13:57:07+00:00\",\"dateModified\":\"2025-10-30T06:01:05+00:00\",\"description\":\"Los inmigrantes no solo deben lidiar contra el coronavirus, sino tambi\u00e9n en valer sus derechos. Los \u201cdreamers\u201d desde que hace meses luchan por seguir\",\"breadcrumb\":{\"@id\":\"https:\\\/\\\/accesolatino.org\\\/daca-y-su-labor-en-contra-del-coronavirus\\\/temas-de-interes\\\/#breadcrumb\"},\"inLanguage\":\"en-US\",\"potentialAction\":[{\"@type\":\"ReadAction\",\"target\":[\"https:\\\/\\\/accesolatino.org\\\/daca-y-su-labor-en-contra-del-coronavirus\\\/temas-de-interes\\\/\"]}]},{\"@type\":\"ImageObject\",\"inLanguage\":\"en-US\",\"@id\":\"https:\\\/\\\/accesolatino.org\\\/daca-y-su-labor-en-contra-del-coronavirus\\\/temas-de-interes\\\/#primaryimage\",\"url\":\"https:\\\/\\\/accesolatino.org\\\/wp-content\\\/uploads\\\/2020\\\/04\\\/DACA-y-su-labor-en-contra-del-coronavirus.jpg\",\"contentUrl\":\"https:\\\/\\\/accesolatino.org\\\/wp-content\\\/uploads\\\/2020\\\/04\\\/DACA-y-su-labor-en-contra-del-coronavirus.jpg\",\"width\":600,\"height\":338},{\"@type\":\"BreadcrumbList\",\"@id\":\"https:\\\/\\\/accesolatino.org\\\/daca-y-su-labor-en-contra-del-coronavirus\\\/temas-de-interes\\\/#breadcrumb\",\"itemListElement\":[{\"@type\":\"ListItem\",\"position\":1,\"name\":\"Portada\",\"item\":\"https:\\\/\\\/accesolatino.org\\\/\"},{\"@type\":\"ListItem\",\"position\":2,\"name\":\"Noticias\",\"item\":\"https:\\\/\\\/accesolatino.org\\\/category\\\/noticias\\\/\"},{\"@type\":\"ListItem\",\"position\":3,\"name\":\"DACA y su labor en contra del coronavirus\"}]},{\"@type\":\"WebSite\",\"@id\":\"https:\\\/\\\/accesolatino.org\\\/#website\",\"url\":\"https:\\\/\\\/accesolatino.org\\\/\",\"name\":\"Acceso Latino | Fundaci\u00f3n Carlos Slim\",\"description\":\"Fundaci\u00f3n Carlos Slim\",\"publisher\":{\"@id\":\"https:\\\/\\\/accesolatino.org\\\/#organization\"},\"potentialAction\":[{\"@type\":\"SearchAction\",\"target\":{\"@type\":\"EntryPoint\",\"urlTemplate\":\"https:\\\/\\\/accesolatino.org\\\/?s={search_term_string}\"},\"query-input\":{\"@type\":\"PropertyValueSpecification\",\"valueRequired\":true,\"valueName\":\"search_term_string\"}}],\"inLanguage\":\"en-US\"},{\"@type\":\"Organization\",\"@id\":\"https:\\\/\\\/accesolatino.org\\\/#organization\",\"name\":\"Acceso Latino | Fundaci\u00f3n Carlos Slim\",\"url\":\"https:\\\/\\\/accesolatino.org\\\/\",\"logo\":{\"@type\":\"ImageObject\",\"inLanguage\":\"en-US\",\"@id\":\"https:\\\/\\\/accesolatino.org\\\/#\\\/schema\\\/logo\\\/image\\\/\",\"url\":\"https:\\\/\\\/accesolatino.org\\\/wp-content\\\/uploads\\\/2021\\\/02\\\/logo-footer-acceso-latino.png\",\"contentUrl\":\"https:\\\/\\\/accesolatino.org\\\/wp-content\\\/uploads\\\/2021\\\/02\\\/logo-footer-acceso-latino.png\",\"width\":240,\"height\":40,\"caption\":\"Acceso Latino | Fundaci\u00f3n Carlos Slim\"},\"image\":{\"@id\":\"https:\\\/\\\/accesolatino.org\\\/#\\\/schema\\\/logo\\\/image\\\/\"},\"sameAs\":[\"https:\\\/\\\/www.facebook.com\\\/AccesoLatinoOrg\",\"https:\\\/\\\/x.com\\\/FAccLatino\"]},{\"@type\":\"Person\",\"@id\":\"https:\\\/\\\/accesolatino.org\\\/#\\\/schema\\\/person\\\/6b654926a4e7e4709c9ad12459661666\",\"name\":\"Noticias\"}]}<\/script>\n<!-- \/ Yoast SEO plugin. -->","yoast_head_json":{"title":"DACA y su labor en contra del coronavirus","description":"Los inmigrantes no solo deben lidiar contra el coronavirus, sino tambi\u00e9n en valer sus derechos. Los \u201cdreamers\u201d desde que hace meses luchan por seguir","robots":{"index":"index","follow":"follow","max-snippet":"max-snippet:-1","max-image-preview":"max-image-preview:large","max-video-preview":"max-video-preview:-1"},"canonical":"https:\/\/accesolatino.org\/en\/daca-y-su-labor-en-contra-del-coronavirus\/temas-de-interes\/","og_locale":"en_US","og_type":"article","og_title":"DACA y su labor en contra del coronavirus","og_description":"Los inmigrantes no solo deben lidiar contra el coronavirus, sino tambi\u00e9n en valer sus derechos. Los \u201cdreamers\u201d desde que hace meses luchan por seguir","og_url":"https:\/\/accesolatino.org\/en\/daca-y-su-labor-en-contra-del-coronavirus\/temas-de-interes\/","og_site_name":"Acceso Latino","article_publisher":"https:\/\/www.facebook.com\/AccesoLatinoOrg","article_published_time":"2020-04-22T13:57:07+00:00","article_modified_time":"2025-10-30T06:01:05+00:00","og_image":[{"width":600,"height":338,"url":"https:\/\/accesolatino.org\/wp-content\/uploads\/2020\/04\/DACA-y-su-labor-en-contra-del-coronavirus.jpg","type":"image\/jpeg"}],"author":"Noticias","twitter_card":"summary_large_image","twitter_creator":"@FAccLatino","twitter_site":"@FAccLatino","twitter_misc":{"Written by":"Noticias","Est. reading time":"3 minutes"},"schema":{"@context":"https:\/\/schema.org","@graph":[{"@type":"Article","@id":"https:\/\/accesolatino.org\/daca-y-su-labor-en-contra-del-coronavirus\/temas-de-interes\/#article","isPartOf":{"@id":"https:\/\/accesolatino.org\/daca-y-su-labor-en-contra-del-coronavirus\/temas-de-interes\/"},"author":{"name":"Noticias","@id":"https:\/\/accesolatino.org\/#\/schema\/person\/6b654926a4e7e4709c9ad12459661666"},"headline":"DACA y su labor en contra del coronavirus","datePublished":"2020-04-22T13:57:07+00:00","dateModified":"2025-10-30T06:01:05+00:00","mainEntityOfPage":{"@id":"https:\/\/accesolatino.org\/daca-y-su-labor-en-contra-del-coronavirus\/temas-de-interes\/"},"wordCount":470,"commentCount":0,"publisher":{"@id":"https:\/\/accesolatino.org\/#organization"},"image":{"@id":"https:\/\/accesolatino.org\/daca-y-su-labor-en-contra-del-coronavirus\/temas-de-interes\/#primaryimage"},"thumbnailUrl":"https:\/\/accesolatino.org\/wp-content\/uploads\/2020\/04\/DACA-y-su-labor-en-contra-del-coronavirus.jpg","articleSection":["Noticias","Temas de inter\u00e9s"],"inLanguage":"en-US","potentialAction":[{"@type":"CommentAction","name":"Comment","target":["https:\/\/accesolatino.org\/daca-y-su-labor-en-contra-del-coronavirus\/temas-de-interes\/#respond"]}]},{"@type":"WebPage","@id":"https:\/\/accesolatino.org\/daca-y-su-labor-en-contra-del-coronavirus\/temas-de-interes\/","url":"https:\/\/accesolatino.org\/daca-y-su-labor-en-contra-del-coronavirus\/temas-de-interes\/","name":"DACA y su labor en contra del coronavirus","isPartOf":{"@id":"https:\/\/accesolatino.org\/#website"},"primaryImageOfPage":{"@id":"https:\/\/accesolatino.org\/daca-y-su-labor-en-contra-del-coronavirus\/temas-de-interes\/#primaryimage"},"image":{"@id":"https:\/\/accesolatino.org\/daca-y-su-labor-en-contra-del-coronavirus\/temas-de-interes\/#primaryimage"},"thumbnailUrl":"https:\/\/accesolatino.org\/wp-content\/uploads\/2020\/04\/DACA-y-su-labor-en-contra-del-coronavirus.jpg","datePublished":"2020-04-22T13:57:07+00:00","dateModified":"2025-10-30T06:01:05+00:00","description":"Los inmigrantes no solo deben lidiar contra el coronavirus, sino tambi\u00e9n en valer sus derechos. Los \u201cdreamers\u201d desde que hace meses luchan por seguir","breadcrumb":{"@id":"https:\/\/accesolatino.org\/daca-y-su-labor-en-contra-del-coronavirus\/temas-de-interes\/#breadcrumb"},"inLanguage":"en-US","potentialAction":[{"@type":"ReadAction","target":["https:\/\/accesolatino.org\/daca-y-su-labor-en-contra-del-coronavirus\/temas-de-interes\/"]}]},{"@type":"ImageObject","inLanguage":"en-US","@id":"https:\/\/accesolatino.org\/daca-y-su-labor-en-contra-del-coronavirus\/temas-de-interes\/#primaryimage","url":"https:\/\/accesolatino.org\/wp-content\/uploads\/2020\/04\/DACA-y-su-labor-en-contra-del-coronavirus.jpg","contentUrl":"https:\/\/accesolatino.org\/wp-content\/uploads\/2020\/04\/DACA-y-su-labor-en-contra-del-coronavirus.jpg","width":600,"height":338},{"@type":"BreadcrumbList","@id":"https:\/\/accesolatino.org\/daca-y-su-labor-en-contra-del-coronavirus\/temas-de-interes\/#breadcrumb","itemListElement":[{"@type":"ListItem","position":1,"name":"Portada","item":"https:\/\/accesolatino.org\/"},{"@type":"ListItem","position":2,"name":"Noticias","item":"https:\/\/accesolatino.org\/category\/noticias\/"},{"@type":"ListItem","position":3,"name":"DACA y su labor en contra del coronavirus"}]},{"@type":"WebSite","@id":"https:\/\/accesolatino.org\/#website","url":"https:\/\/accesolatino.org\/","name":"Acceso Latino | Fundaci\u00f3n Carlos Slim","description":"Fundaci\u00f3n Carlos Slim","publisher":{"@id":"https:\/\/accesolatino.org\/#organization"},"potentialAction":[{"@type":"SearchAction","target":{"@type":"EntryPoint","urlTemplate":"https:\/\/accesolatino.org\/?s={search_term_string}"},"query-input":{"@type":"PropertyValueSpecification","valueRequired":true,"valueName":"search_term_string"}}],"inLanguage":"en-US"},{"@type":"Organization","@id":"https:\/\/accesolatino.org\/#organization","name":"Acceso Latino | Fundaci\u00f3n Carlos Slim","url":"https:\/\/accesolatino.org\/","logo":{"@type":"ImageObject","inLanguage":"en-US","@id":"https:\/\/accesolatino.org\/#\/schema\/logo\/image\/","url":"https:\/\/accesolatino.org\/wp-content\/uploads\/2021\/02\/logo-footer-acceso-latino.png","contentUrl":"https:\/\/accesolatino.org\/wp-content\/uploads\/2021\/02\/logo-footer-acceso-latino.png","width":240,"height":40,"caption":"Acceso Latino | Fundaci\u00f3n Carlos Slim"},"image":{"@id":"https:\/\/accesolatino.org\/#\/schema\/logo\/image\/"},"sameAs":["https:\/\/www.facebook.com\/AccesoLatinoOrg","https:\/\/x.com\/FAccLatino"]},{"@type":"Person","@id":"https:\/\/accesolatino.org\/#\/schema\/person\/6b654926a4e7e4709c9ad12459661666","name":"News"}]}},"_links":{"self":[{"href":"https:\/\/accesolatino.org\/en\/wp-json\/wp\/v2\/posts\/20952","targetHints":{"allow":["GET"]}}],"collection":[{"href":"https:\/\/accesolatino.org\/en\/wp-json\/wp\/v2\/posts"}],"about":[{"href":"https:\/\/accesolatino.org\/en\/wp-json\/wp\/v2\/types\/post"}],"author":[{"embeddable":true,"href":"https:\/\/accesolatino.org\/en\/wp-json\/wp\/v2\/users\/13"}],"replies":[{"embeddable":true,"href":"https:\/\/accesolatino.org\/en\/wp-json\/wp\/v2\/comments?post=20952"}],"version-history":[{"count":1,"href":"https:\/\/accesolatino.org\/en\/wp-json\/wp\/v2\/posts\/20952\/revisions"}],"predecessor-version":[{"id":68351,"href":"https:\/\/accesolatino.org\/en\/wp-json\/wp\/v2\/posts\/20952\/revisions\/68351"}],"wp:featuredmedia":[{"embeddable":true,"href":"https:\/\/accesolatino.org\/en\/wp-json\/wp\/v2\/media\/20953"}],"wp:attachment":[{"href":"https:\/\/accesolatino.org\/en\/wp-json\/wp\/v2\/media?parent=20952"}],"wp:term":[{"taxonomy":"category","embeddable":true,"href":"https:\/\/accesolatino.org\/en\/wp-json\/wp\/v2\/categories?post=20952"},{"taxonomy":"post_tag","embeddable":true,"href":"https:\/\/accesolatino.org\/en\/wp-json\/wp\/v2\/tags?post=20952"}],"curies":[{"name":"wp","href":"https:\/\/api.w.org\/{rel}","templated":true}]}}