{"id":20858,"date":"2020-04-15T16:22:19","date_gmt":"2020-04-15T21:22:19","guid":{"rendered":"https:\/\/accesolatino.org\/?p=20858"},"modified":"2025-10-29T23:59:56","modified_gmt":"2025-10-30T05:59:56","slug":"los-angeles-daran-ayuda-a-inmigrantes","status":"publish","type":"post","link":"https:\/\/accesolatino.org\/en\/los-angeles-daran-ayuda-a-inmigrantes\/temas-de-interes\/","title":{"rendered":"Los \u00c1ngeles dar\u00e1n ayuda a inmigrantes"},"content":{"rendered":"<div data-elementor-type=\"wp-post\" data-elementor-id=\"20858\" class=\"elementor elementor-20858\">\n\t\t\t\t\t\t<section class=\"elementor-section elementor-top-section elementor-element elementor-element-e311389 elementor-section-boxed elementor-section-height-default elementor-section-height-default wpr-particle-no wpr-jarallax-no wpr-parallax-no wpr-sticky-section-no wpr-equal-height-no\" data-id=\"e311389\" data-element_type=\"section\" data-e-type=\"section\">\n\t\t\t\t\t\t<div class=\"elementor-container elementor-column-gap-default\">\n\t\t\t\t\t<div class=\"elementor-column elementor-col-100 elementor-top-column elementor-element elementor-element-978633f\" data-id=\"978633f\" data-element_type=\"column\" data-e-type=\"column\">\n\t\t\t<div class=\"elementor-widget-wrap elementor-element-populated\">\n\t\t\t\t\t\t<div class=\"elementor-element elementor-element-6f3bde3 elementor-widget elementor-widget-text-editor\" data-id=\"6f3bde3\" data-element_type=\"widget\" data-e-type=\"widget\" data-widget_type=\"text-editor.default\">\n\t\t\t\t<div class=\"elementor-widget-container\">\n\t\t\t\t\t\t\t\t\t<p>Los inmigrantes han sufrido en demas\u00eda el golpe econ\u00f3mico que ha provocado el Covid-19 y como no recibir\u00e1n la ayuda del programa de asistencia federal, Eric Garcetti, alcalde de Los \u00c1ngeles, lanz\u00f3 la iniciativa: Tarjetas para Angelinos, que buscar\u00e1 brindar apoyo monetario a todos los habitantes de la ciudad, sin importar su estatus migratorio.<\/p><p>\u201cEsta iniciativa proporcionar\u00e1 auxilio financiero con tarjetas de d\u00e9bito para ayudar a las familias que se han visto seriamente afectadas por esta crisis sanitaria\u201d, indic\u00f3 el alcalde.<\/p><p>Debido a la pandemia del virus, muchos indocumentados perdieron su empleo debido al cierre de negocios y empresas, por tal motivo recibir\u00e1n un apoyo econ\u00f3mico de $700 como m\u00ednimo o $1.500 d\u00f3lares como m\u00e1ximo, en tarjetas de d\u00e9bito, el monto depender\u00e1 del n\u00famero de integrantes de la familia.<\/p><p>\u201cPara ser acreedores a este beneficio, tiene que vivir en la ciudad de Los \u00c1ngeles, percibir un salario similar o menor de la estimaci\u00f3n de las personas con menos recursos y que a causa de la pandemia haya perdido el trabajo o el ingreso se haya reducido significativamente\u201d, explico el alcalde.<\/p><p>Para solicitar la tarjeta deben ingresar a la p\u00e1gina web: hcidla.lacity.org de martes a jueves en un horario de entre las 8:30 a.m. y las 4:30 p.m. Tambi\u00e9n pueden llamar al n\u00famero telef\u00f3nico 213 -252 \u2013 3040, en los horarios antes mencionados.<\/p><p>Este esfuerzo se ha hecho posible gracias a Mayor\u2019s Fund, tambi\u00e9n con el apoyo de Accelerator for America (AFA) y la red Mastercard City Possible.<\/p><p>Fuente: Los Angeles Times <\/p>\t\t\t\t\t\t\t\t<\/div>\n\t\t\t\t<\/div>\n\t\t\t\t\t<\/div>\n\t\t<\/div>\n\t\t\t\t\t<\/div>\n\t\t<\/section>\n\t\t\t\t<\/div>","protected":false},"excerpt":{"rendered":"<p>Los inmigrantes han sufrido en demas\u00eda el golpe econ\u00f3mico que ha provocado el Covid-19 y como no recibir\u00e1n la ayuda del programa de asistencia federal, Eric Garcetti, alcalde de Los \u00c1ngeles, lanz\u00f3 la iniciativa: Tarjetas para Angelinos, que buscar\u00e1 brindar apoyo monetario a todos los habitantes de la ciudad, sin importar su estatus migratorio. \u201cEsta iniciativa proporcionar\u00e1 auxilio financiero con tarjetas de d\u00e9bito para ayudar a las familias que se han visto seriamente afectadas por esta crisis sanitaria\u201d, indic\u00f3 el alcalde. Debido a la pandemia del virus, muchos indocumentados perdieron su empleo debido al cierre de negocios y empresas, por tal motivo recibir\u00e1n un apoyo econ\u00f3mico de $700 como m\u00ednimo o $1.500 d\u00f3lares como m\u00e1ximo, en tarjetas de d\u00e9bito, el monto depender\u00e1 del n\u00famero de integrantes de la familia. \u201cPara ser acreedores a este beneficio, tiene que vivir en la ciudad de Los \u00c1ngeles, percibir un salario similar o menor de la estimaci\u00f3n de las personas con menos recursos y que a causa de la pandemia haya perdido el trabajo o el ingreso se haya reducido significativamente\u201d, explico el alcalde. Para solicitar la tarjeta deben ingresar a la p\u00e1gina web: hcidla.lacity.org de martes a jueves en un horario de entre las 8:30 a.m. y las 4:30 p.m. Tambi\u00e9n pueden llamar al n\u00famero telef\u00f3nico 213 -252 \u2013 3040, en los horarios antes mencionados. Este esfuerzo se ha hecho posible gracias a Mayor\u2019s Fund, tambi\u00e9n con el apoyo de Accelerator for America (AFA) y la red Mastercard City Possible. Fuente: Los Angeles Times<\/p>","protected":false},"author":13,"featured_media":20859,"comment_status":"open","ping_status":"open","sticky":false,"template":"","format":"standard","meta":{"_uf_show_specific_survey":0,"_uf_disable_surveys":false,"footnotes":""},"categories":[10,1],"tags":[],"class_list":["post-20858","post","type-post","status-publish","format-standard","has-post-thumbnail","hentry","category-noticias","category-temas-de-interes"],"aioseo_notices":[],"yoast_head":"<!-- This site is optimized with the Yoast SEO plugin v27.4 - https:\/\/yoast.com\/product\/yoast-seo-wordpress\/ -->\n<title>Los \u00c1ngeles dar\u00e1n ayuda a inmigrantes<\/title>\n<meta name=\"description\" content=\"Los inmigrantes han sufrido en demas\u00eda el golpe econ\u00f3mico que ha provocado el Covid-19 y como no recibir\u00e1n la ayuda del programa de\" \/>\n<meta name=\"robots\" content=\"index, follow, max-snippet:-1, max-image-preview:large, max-video-preview:-1\" \/>\n<link rel=\"canonical\" href=\"https:\/\/accesolatino.org\/en\/los-angeles-daran-ayuda-a-inmigrantes\/temas-de-interes\/\" \/>\n<meta property=\"og:locale\" content=\"en_US\" \/>\n<meta property=\"og:type\" content=\"article\" \/>\n<meta property=\"og:title\" content=\"Los \u00c1ngeles dar\u00e1n ayuda a inmigrantes\" \/>\n<meta property=\"og:description\" content=\"Los inmigrantes han sufrido en demas\u00eda el golpe econ\u00f3mico que ha provocado el Covid-19 y como no recibir\u00e1n la ayuda del programa de\" \/>\n<meta property=\"og:url\" content=\"https:\/\/accesolatino.org\/en\/los-angeles-daran-ayuda-a-inmigrantes\/temas-de-interes\/\" \/>\n<meta property=\"og:site_name\" content=\"Acceso Latino\" \/>\n<meta property=\"article:publisher\" content=\"https:\/\/www.facebook.com\/AccesoLatinoOrg\" \/>\n<meta property=\"article:published_time\" content=\"2020-04-15T21:22:19+00:00\" \/>\n<meta property=\"article:modified_time\" content=\"2025-10-30T05:59:56+00:00\" \/>\n<meta property=\"og:image\" content=\"https:\/\/accesolatino.org\/wp-content\/uploads\/2020\/04\/Los-A\u0301ngeles-dara\u0301n-ayuda-a-inmigrantes.png\" \/>\n\t<meta property=\"og:image:width\" content=\"600\" \/>\n\t<meta property=\"og:image:height\" content=\"338\" \/>\n\t<meta property=\"og:image:type\" content=\"image\/png\" \/>\n<meta name=\"author\" content=\"Noticias\" \/>\n<meta name=\"twitter:card\" content=\"summary_large_image\" \/>\n<meta name=\"twitter:creator\" content=\"@FAccLatino\" \/>\n<meta name=\"twitter:site\" content=\"@FAccLatino\" \/>\n<meta name=\"twitter:label1\" content=\"Written by\" \/>\n\t<meta name=\"twitter:data1\" content=\"Noticias\" \/>\n\t<meta name=\"twitter:label2\" content=\"Est. reading time\" \/>\n\t<meta name=\"twitter:data2\" content=\"2 minutes\" \/>\n<script type=\"application\/ld+json\" class=\"yoast-schema-graph\">{\"@context\":\"https:\\\/\\\/schema.org\",\"@graph\":[{\"@type\":\"Article\",\"@id\":\"https:\\\/\\\/accesolatino.org\\\/los-angeles-daran-ayuda-a-inmigrantes\\\/temas-de-interes\\\/#article\",\"isPartOf\":{\"@id\":\"https:\\\/\\\/accesolatino.org\\\/los-angeles-daran-ayuda-a-inmigrantes\\\/temas-de-interes\\\/\"},\"author\":{\"name\":\"Noticias\",\"@id\":\"https:\\\/\\\/accesolatino.org\\\/#\\\/schema\\\/person\\\/6b654926a4e7e4709c9ad12459661666\"},\"headline\":\"Los \u00c1ngeles dar\u00e1n ayuda a inmigrantes\",\"datePublished\":\"2020-04-15T21:22:19+00:00\",\"dateModified\":\"2025-10-30T05:59:56+00:00\",\"mainEntityOfPage\":{\"@id\":\"https:\\\/\\\/accesolatino.org\\\/los-angeles-daran-ayuda-a-inmigrantes\\\/temas-de-interes\\\/\"},\"wordCount\":273,\"commentCount\":0,\"publisher\":{\"@id\":\"https:\\\/\\\/accesolatino.org\\\/#organization\"},\"image\":{\"@id\":\"https:\\\/\\\/accesolatino.org\\\/los-angeles-daran-ayuda-a-inmigrantes\\\/temas-de-interes\\\/#primaryimage\"},\"thumbnailUrl\":\"https:\\\/\\\/accesolatino.org\\\/wp-content\\\/uploads\\\/2020\\\/04\\\/Los-A\u0301ngeles-dara\u0301n-ayuda-a-inmigrantes.png\",\"articleSection\":[\"Noticias\",\"Temas de inter\u00e9s\"],\"inLanguage\":\"en-US\",\"potentialAction\":[{\"@type\":\"CommentAction\",\"name\":\"Comment\",\"target\":[\"https:\\\/\\\/accesolatino.org\\\/los-angeles-daran-ayuda-a-inmigrantes\\\/temas-de-interes\\\/#respond\"]}]},{\"@type\":\"WebPage\",\"@id\":\"https:\\\/\\\/accesolatino.org\\\/los-angeles-daran-ayuda-a-inmigrantes\\\/temas-de-interes\\\/\",\"url\":\"https:\\\/\\\/accesolatino.org\\\/los-angeles-daran-ayuda-a-inmigrantes\\\/temas-de-interes\\\/\",\"name\":\"Los \u00c1ngeles dar\u00e1n ayuda a inmigrantes\",\"isPartOf\":{\"@id\":\"https:\\\/\\\/accesolatino.org\\\/#website\"},\"primaryImageOfPage\":{\"@id\":\"https:\\\/\\\/accesolatino.org\\\/los-angeles-daran-ayuda-a-inmigrantes\\\/temas-de-interes\\\/#primaryimage\"},\"image\":{\"@id\":\"https:\\\/\\\/accesolatino.org\\\/los-angeles-daran-ayuda-a-inmigrantes\\\/temas-de-interes\\\/#primaryimage\"},\"thumbnailUrl\":\"https:\\\/\\\/accesolatino.org\\\/wp-content\\\/uploads\\\/2020\\\/04\\\/Los-A\u0301ngeles-dara\u0301n-ayuda-a-inmigrantes.png\",\"datePublished\":\"2020-04-15T21:22:19+00:00\",\"dateModified\":\"2025-10-30T05:59:56+00:00\",\"description\":\"Los inmigrantes han sufrido en demas\u00eda el golpe econ\u00f3mico que ha provocado el Covid-19 y como no recibir\u00e1n la ayuda del programa de\",\"breadcrumb\":{\"@id\":\"https:\\\/\\\/accesolatino.org\\\/los-angeles-daran-ayuda-a-inmigrantes\\\/temas-de-interes\\\/#breadcrumb\"},\"inLanguage\":\"en-US\",\"potentialAction\":[{\"@type\":\"ReadAction\",\"target\":[\"https:\\\/\\\/accesolatino.org\\\/los-angeles-daran-ayuda-a-inmigrantes\\\/temas-de-interes\\\/\"]}]},{\"@type\":\"ImageObject\",\"inLanguage\":\"en-US\",\"@id\":\"https:\\\/\\\/accesolatino.org\\\/los-angeles-daran-ayuda-a-inmigrantes\\\/temas-de-interes\\\/#primaryimage\",\"url\":\"https:\\\/\\\/accesolatino.org\\\/wp-content\\\/uploads\\\/2020\\\/04\\\/Los-A\u0301ngeles-dara\u0301n-ayuda-a-inmigrantes.png\",\"contentUrl\":\"https:\\\/\\\/accesolatino.org\\\/wp-content\\\/uploads\\\/2020\\\/04\\\/Los-A\u0301ngeles-dara\u0301n-ayuda-a-inmigrantes.png\",\"width\":600,\"height\":338},{\"@type\":\"BreadcrumbList\",\"@id\":\"https:\\\/\\\/accesolatino.org\\\/los-angeles-daran-ayuda-a-inmigrantes\\\/temas-de-interes\\\/#breadcrumb\",\"itemListElement\":[{\"@type\":\"ListItem\",\"position\":1,\"name\":\"Portada\",\"item\":\"https:\\\/\\\/accesolatino.org\\\/\"},{\"@type\":\"ListItem\",\"position\":2,\"name\":\"Noticias\",\"item\":\"https:\\\/\\\/accesolatino.org\\\/category\\\/noticias\\\/\"},{\"@type\":\"ListItem\",\"position\":3,\"name\":\"Los \u00c1ngeles dar\u00e1n ayuda a inmigrantes\"}]},{\"@type\":\"WebSite\",\"@id\":\"https:\\\/\\\/accesolatino.org\\\/#website\",\"url\":\"https:\\\/\\\/accesolatino.org\\\/\",\"name\":\"Acceso Latino | Fundaci\u00f3n Carlos Slim\",\"description\":\"Fundaci\u00f3n Carlos Slim\",\"publisher\":{\"@id\":\"https:\\\/\\\/accesolatino.org\\\/#organization\"},\"potentialAction\":[{\"@type\":\"SearchAction\",\"target\":{\"@type\":\"EntryPoint\",\"urlTemplate\":\"https:\\\/\\\/accesolatino.org\\\/?s={search_term_string}\"},\"query-input\":{\"@type\":\"PropertyValueSpecification\",\"valueRequired\":true,\"valueName\":\"search_term_string\"}}],\"inLanguage\":\"en-US\"},{\"@type\":\"Organization\",\"@id\":\"https:\\\/\\\/accesolatino.org\\\/#organization\",\"name\":\"Acceso Latino | Fundaci\u00f3n Carlos Slim\",\"url\":\"https:\\\/\\\/accesolatino.org\\\/\",\"logo\":{\"@type\":\"ImageObject\",\"inLanguage\":\"en-US\",\"@id\":\"https:\\\/\\\/accesolatino.org\\\/#\\\/schema\\\/logo\\\/image\\\/\",\"url\":\"https:\\\/\\\/accesolatino.org\\\/wp-content\\\/uploads\\\/2021\\\/02\\\/logo-footer-acceso-latino.png\",\"contentUrl\":\"https:\\\/\\\/accesolatino.org\\\/wp-content\\\/uploads\\\/2021\\\/02\\\/logo-footer-acceso-latino.png\",\"width\":240,\"height\":40,\"caption\":\"Acceso Latino | Fundaci\u00f3n Carlos Slim\"},\"image\":{\"@id\":\"https:\\\/\\\/accesolatino.org\\\/#\\\/schema\\\/logo\\\/image\\\/\"},\"sameAs\":[\"https:\\\/\\\/www.facebook.com\\\/AccesoLatinoOrg\",\"https:\\\/\\\/x.com\\\/FAccLatino\"]},{\"@type\":\"Person\",\"@id\":\"https:\\\/\\\/accesolatino.org\\\/#\\\/schema\\\/person\\\/6b654926a4e7e4709c9ad12459661666\",\"name\":\"Noticias\"}]}<\/script>\n<!-- \/ Yoast SEO plugin. -->","yoast_head_json":{"title":"Los \u00c1ngeles dar\u00e1n ayuda a inmigrantes","description":"Los inmigrantes han sufrido en demas\u00eda el golpe econ\u00f3mico que ha provocado el Covid-19 y como no recibir\u00e1n la ayuda del programa de","robots":{"index":"index","follow":"follow","max-snippet":"max-snippet:-1","max-image-preview":"max-image-preview:large","max-video-preview":"max-video-preview:-1"},"canonical":"https:\/\/accesolatino.org\/en\/los-angeles-daran-ayuda-a-inmigrantes\/temas-de-interes\/","og_locale":"en_US","og_type":"article","og_title":"Los \u00c1ngeles dar\u00e1n ayuda a inmigrantes","og_description":"Los inmigrantes han sufrido en demas\u00eda el golpe econ\u00f3mico que ha provocado el Covid-19 y como no recibir\u00e1n la ayuda del programa de","og_url":"https:\/\/accesolatino.org\/en\/los-angeles-daran-ayuda-a-inmigrantes\/temas-de-interes\/","og_site_name":"Acceso Latino","article_publisher":"https:\/\/www.facebook.com\/AccesoLatinoOrg","article_published_time":"2020-04-15T21:22:19+00:00","article_modified_time":"2025-10-30T05:59:56+00:00","og_image":[{"width":600,"height":338,"url":"https:\/\/accesolatino.org\/wp-content\/uploads\/2020\/04\/Los-A\u0301ngeles-dara\u0301n-ayuda-a-inmigrantes.png","type":"image\/png"}],"author":"Noticias","twitter_card":"summary_large_image","twitter_creator":"@FAccLatino","twitter_site":"@FAccLatino","twitter_misc":{"Written by":"Noticias","Est. reading time":"2 minutes"},"schema":{"@context":"https:\/\/schema.org","@graph":[{"@type":"Article","@id":"https:\/\/accesolatino.org\/los-angeles-daran-ayuda-a-inmigrantes\/temas-de-interes\/#article","isPartOf":{"@id":"https:\/\/accesolatino.org\/los-angeles-daran-ayuda-a-inmigrantes\/temas-de-interes\/"},"author":{"name":"Noticias","@id":"https:\/\/accesolatino.org\/#\/schema\/person\/6b654926a4e7e4709c9ad12459661666"},"headline":"Los \u00c1ngeles dar\u00e1n ayuda a inmigrantes","datePublished":"2020-04-15T21:22:19+00:00","dateModified":"2025-10-30T05:59:56+00:00","mainEntityOfPage":{"@id":"https:\/\/accesolatino.org\/los-angeles-daran-ayuda-a-inmigrantes\/temas-de-interes\/"},"wordCount":273,"commentCount":0,"publisher":{"@id":"https:\/\/accesolatino.org\/#organization"},"image":{"@id":"https:\/\/accesolatino.org\/los-angeles-daran-ayuda-a-inmigrantes\/temas-de-interes\/#primaryimage"},"thumbnailUrl":"https:\/\/accesolatino.org\/wp-content\/uploads\/2020\/04\/Los-A\u0301ngeles-dara\u0301n-ayuda-a-inmigrantes.png","articleSection":["Noticias","Temas de inter\u00e9s"],"inLanguage":"en-US","potentialAction":[{"@type":"CommentAction","name":"Comment","target":["https:\/\/accesolatino.org\/los-angeles-daran-ayuda-a-inmigrantes\/temas-de-interes\/#respond"]}]},{"@type":"WebPage","@id":"https:\/\/accesolatino.org\/los-angeles-daran-ayuda-a-inmigrantes\/temas-de-interes\/","url":"https:\/\/accesolatino.org\/los-angeles-daran-ayuda-a-inmigrantes\/temas-de-interes\/","name":"Los \u00c1ngeles dar\u00e1n ayuda a inmigrantes","isPartOf":{"@id":"https:\/\/accesolatino.org\/#website"},"primaryImageOfPage":{"@id":"https:\/\/accesolatino.org\/los-angeles-daran-ayuda-a-inmigrantes\/temas-de-interes\/#primaryimage"},"image":{"@id":"https:\/\/accesolatino.org\/los-angeles-daran-ayuda-a-inmigrantes\/temas-de-interes\/#primaryimage"},"thumbnailUrl":"https:\/\/accesolatino.org\/wp-content\/uploads\/2020\/04\/Los-A\u0301ngeles-dara\u0301n-ayuda-a-inmigrantes.png","datePublished":"2020-04-15T21:22:19+00:00","dateModified":"2025-10-30T05:59:56+00:00","description":"Los inmigrantes han sufrido en demas\u00eda el golpe econ\u00f3mico que ha provocado el Covid-19 y como no recibir\u00e1n la ayuda del programa de","breadcrumb":{"@id":"https:\/\/accesolatino.org\/los-angeles-daran-ayuda-a-inmigrantes\/temas-de-interes\/#breadcrumb"},"inLanguage":"en-US","potentialAction":[{"@type":"ReadAction","target":["https:\/\/accesolatino.org\/los-angeles-daran-ayuda-a-inmigrantes\/temas-de-interes\/"]}]},{"@type":"ImageObject","inLanguage":"en-US","@id":"https:\/\/accesolatino.org\/los-angeles-daran-ayuda-a-inmigrantes\/temas-de-interes\/#primaryimage","url":"https:\/\/accesolatino.org\/wp-content\/uploads\/2020\/04\/Los-A\u0301ngeles-dara\u0301n-ayuda-a-inmigrantes.png","contentUrl":"https:\/\/accesolatino.org\/wp-content\/uploads\/2020\/04\/Los-A\u0301ngeles-dara\u0301n-ayuda-a-inmigrantes.png","width":600,"height":338},{"@type":"BreadcrumbList","@id":"https:\/\/accesolatino.org\/los-angeles-daran-ayuda-a-inmigrantes\/temas-de-interes\/#breadcrumb","itemListElement":[{"@type":"ListItem","position":1,"name":"Portada","item":"https:\/\/accesolatino.org\/"},{"@type":"ListItem","position":2,"name":"Noticias","item":"https:\/\/accesolatino.org\/category\/noticias\/"},{"@type":"ListItem","position":3,"name":"Los \u00c1ngeles dar\u00e1n ayuda a inmigrantes"}]},{"@type":"WebSite","@id":"https:\/\/accesolatino.org\/#website","url":"https:\/\/accesolatino.org\/","name":"Acceso Latino | Fundaci\u00f3n Carlos Slim","description":"Fundaci\u00f3n Carlos Slim","publisher":{"@id":"https:\/\/accesolatino.org\/#organization"},"potentialAction":[{"@type":"SearchAction","target":{"@type":"EntryPoint","urlTemplate":"https:\/\/accesolatino.org\/?s={search_term_string}"},"query-input":{"@type":"PropertyValueSpecification","valueRequired":true,"valueName":"search_term_string"}}],"inLanguage":"en-US"},{"@type":"Organization","@id":"https:\/\/accesolatino.org\/#organization","name":"Acceso Latino | Fundaci\u00f3n Carlos Slim","url":"https:\/\/accesolatino.org\/","logo":{"@type":"ImageObject","inLanguage":"en-US","@id":"https:\/\/accesolatino.org\/#\/schema\/logo\/image\/","url":"https:\/\/accesolatino.org\/wp-content\/uploads\/2021\/02\/logo-footer-acceso-latino.png","contentUrl":"https:\/\/accesolatino.org\/wp-content\/uploads\/2021\/02\/logo-footer-acceso-latino.png","width":240,"height":40,"caption":"Acceso Latino | Fundaci\u00f3n Carlos Slim"},"image":{"@id":"https:\/\/accesolatino.org\/#\/schema\/logo\/image\/"},"sameAs":["https:\/\/www.facebook.com\/AccesoLatinoOrg","https:\/\/x.com\/FAccLatino"]},{"@type":"Person","@id":"https:\/\/accesolatino.org\/#\/schema\/person\/6b654926a4e7e4709c9ad12459661666","name":"News"}]}},"_links":{"self":[{"href":"https:\/\/accesolatino.org\/en\/wp-json\/wp\/v2\/posts\/20858","targetHints":{"allow":["GET"]}}],"collection":[{"href":"https:\/\/accesolatino.org\/en\/wp-json\/wp\/v2\/posts"}],"about":[{"href":"https:\/\/accesolatino.org\/en\/wp-json\/wp\/v2\/types\/post"}],"author":[{"embeddable":true,"href":"https:\/\/accesolatino.org\/en\/wp-json\/wp\/v2\/users\/13"}],"replies":[{"embeddable":true,"href":"https:\/\/accesolatino.org\/en\/wp-json\/wp\/v2\/comments?post=20858"}],"version-history":[{"count":1,"href":"https:\/\/accesolatino.org\/en\/wp-json\/wp\/v2\/posts\/20858\/revisions"}],"predecessor-version":[{"id":68341,"href":"https:\/\/accesolatino.org\/en\/wp-json\/wp\/v2\/posts\/20858\/revisions\/68341"}],"wp:featuredmedia":[{"embeddable":true,"href":"https:\/\/accesolatino.org\/en\/wp-json\/wp\/v2\/media\/20859"}],"wp:attachment":[{"href":"https:\/\/accesolatino.org\/en\/wp-json\/wp\/v2\/media?parent=20858"}],"wp:term":[{"taxonomy":"category","embeddable":true,"href":"https:\/\/accesolatino.org\/en\/wp-json\/wp\/v2\/categories?post=20858"},{"taxonomy":"post_tag","embeddable":true,"href":"https:\/\/accesolatino.org\/en\/wp-json\/wp\/v2\/tags?post=20858"}],"curies":[{"name":"wp","href":"https:\/\/api.w.org\/{rel}","templated":true}]}}