{"id":20847,"date":"2020-04-14T11:17:50","date_gmt":"2020-04-14T16:17:50","guid":{"rendered":"https:\/\/accesolatino.org\/?p=20847"},"modified":"2025-10-29T23:59:51","modified_gmt":"2025-10-30T05:59:51","slug":"gripe-resfriado-covid-19-o-la-mente","status":"publish","type":"post","link":"https:\/\/accesolatino.org\/en\/gripe-resfriado-covid-19-o-la-mente\/temas-de-interes\/","title":{"rendered":"\u00bfGripe, resfriado, covid-19 o la mente?"},"content":{"rendered":"<div data-elementor-type=\"wp-post\" data-elementor-id=\"20847\" class=\"elementor elementor-20847\">\n\t\t\t\t\t\t<section class=\"elementor-section elementor-top-section elementor-element elementor-element-e311389 elementor-section-boxed elementor-section-height-default elementor-section-height-default wpr-particle-no wpr-jarallax-no wpr-parallax-no wpr-sticky-section-no wpr-equal-height-no\" data-id=\"e311389\" data-element_type=\"section\" data-e-type=\"section\">\n\t\t\t\t\t\t<div class=\"elementor-container elementor-column-gap-default\">\n\t\t\t\t\t<div class=\"elementor-column elementor-col-100 elementor-top-column elementor-element elementor-element-978633f\" data-id=\"978633f\" data-element_type=\"column\" data-e-type=\"column\">\n\t\t\t<div class=\"elementor-widget-wrap elementor-element-populated\">\n\t\t\t\t\t\t<div class=\"elementor-element elementor-element-6f3bde3 elementor-widget elementor-widget-text-editor\" data-id=\"6f3bde3\" data-element_type=\"widget\" data-e-type=\"widget\" data-widget_type=\"text-editor.default\">\n\t\t\t\t<div class=\"elementor-widget-container\">\n\t\t\t\t\t\t\t\t\t<p>Alrededor del coronavirus hay mucha informaci\u00f3n y uno de los temas que m\u00e1s se presenta, son los s\u00edntomas. \u00bfSi estornudo tengo el virus? \u00bfDolor de cuerpo, tengo coronavirus? Es importante distinguirlos para saber c\u00f3mo actuar.<\/p><p>El virus del Covid-19 est\u00e1 en todos lados, en todos los medios, redes sociales y conversaciones, siendo los s\u00edntomas uno de los temas de m\u00e1s relevancia, por esta misma raz\u00f3n es importante aprender a distinguirlos de alergias u otras enfermedades respiratorias, con el objetivo de no caer en p\u00e1nico y recibir un diagn\u00f3stico adecuado.<\/p><p>El epidemi\u00f3logo del ISSSTE, Miguel \u00c1ngel Nakamura L\u00f3pez, se\u00f1al\u00f3 que no todos los s\u00edntomas son consecuencia de padecer coronavirus, es de vital importancia leer informaci\u00f3n de medios establecidos y confiables.<\/p><p>\u201cEl miedo nos puede jugar bromas pesadas y generar la sensaci\u00f3n de que estamos enfermos, existe la posibilidad de sentir dolor de garganta, malestar corporal y cansancio\u201d, apunt\u00f3 el especialista.<\/p><p>Dentro de todos los s\u00edntomas, existe uno que es clave dentro de esta enfermedad: <strong>la fiebre<\/strong>. De acuerdo con el experto del Instituto de Seguridad y de Servicios Sociales de los Trabajadores del Estado, si no hay fiebre, los s\u00edndromes se deben a otras causas.<\/p><p>Existe la posibilidad de sentir cansancio por falta de horas de sue\u00f1o, por ejercicio; el dolor de garganta por haber estado expuesto a vapores o por utilizado mucho cloro, explic\u00f3 el especialista.<\/p><p>\u201cEn s\u00ed hay temas que pudieron haber ocasionado estos malestares y no necesariamente fueron creados por el miedo o la ansiedad. Puede ser que los s\u00edntomas sean reales, pero no tienen relaci\u00f3n con la enfermedad\u201d, coment\u00f3.<\/p><p>De acuerdo con la Secretar\u00eda de Salud, los s\u00edntomas sospechosos del Covid-19 son:<\/p><ul><li>Dificultad para respirar <\/li><li>Dolor de cabeza<\/li><li>Dolor de garganta <\/li><li>Dolores musculares<\/li><li>Escurrimiento nasal <\/li><li>Fiebre alta<\/li><li>Ojos rojos <\/li><li>Tos seca fuerte<\/li><\/ul><p>Si identificas estas se\u00f1ales, consulta a un profesional de la salud, puede ser que no sea coronavirus, pero s\u00ed que est\u00e9s experimentando alg\u00fan tipo de infecci\u00f3n o gripa.<\/p><p>Ingresa a <a href=\"https:\/\/www.clikisalud.net\/\" target=\"_blank\" rel=\"noopener\">clikisalud.net<\/a> para encontrar mucha informaci\u00f3n de este y otros temas.<\/p>\t\t\t\t\t\t\t\t<\/div>\n\t\t\t\t<\/div>\n\t\t\t\t\t<\/div>\n\t\t<\/div>\n\t\t\t\t\t<\/div>\n\t\t<\/section>\n\t\t\t\t<\/div>","protected":false},"excerpt":{"rendered":"<p>Alrededor del coronavirus hay mucha informaci\u00f3n y uno de los temas que m\u00e1s se presenta, son los s\u00edntomas. \u00bfSi estornudo tengo el virus? \u00bfDolor de cuerpo, tengo coronavirus? Es importante distinguirlos para saber c\u00f3mo actuar. El virus del Covid-19 est\u00e1 en todos lados, en todos los medios, redes sociales y conversaciones, siendo los s\u00edntomas uno de los temas de m\u00e1s relevancia, por esta misma raz\u00f3n es importante aprender a distinguirlos de alergias u otras enfermedades respiratorias, con el objetivo de no caer en p\u00e1nico y recibir un diagn\u00f3stico adecuado. El epidemi\u00f3logo del ISSSTE, Miguel \u00c1ngel Nakamura L\u00f3pez, se\u00f1al\u00f3 que no todos los s\u00edntomas son consecuencia de padecer coronavirus, es de vital importancia leer informaci\u00f3n de medios establecidos y confiables. \u201cEl miedo nos puede jugar bromas pesadas y generar la sensaci\u00f3n de que estamos enfermos, existe la posibilidad de sentir dolor de garganta, malestar corporal y cansancio\u201d, apunt\u00f3 el especialista. Dentro de todos los s\u00edntomas, existe uno que es clave dentro de esta enfermedad: la fiebre. De acuerdo con el experto del Instituto de Seguridad y de Servicios Sociales de los Trabajadores del Estado, si no hay fiebre, los s\u00edndromes se deben a otras causas. Existe la posibilidad de sentir cansancio por falta de horas de sue\u00f1o, por ejercicio; el dolor de garganta por haber estado expuesto a vapores o por utilizado mucho cloro, explic\u00f3 el especialista. \u201cEn s\u00ed hay temas que pudieron haber ocasionado estos malestares y no necesariamente fueron creados por el miedo o la ansiedad. Puede ser que los s\u00edntomas sean reales, pero no tienen relaci\u00f3n con la enfermedad\u201d, coment\u00f3. De acuerdo con la Secretar\u00eda de Salud, los s\u00edntomas sospechosos del Covid-19 son: Dificultad para respirar Dolor de cabeza Dolor de garganta Dolores musculares Escurrimiento nasal Fiebre alta Ojos rojos Tos seca fuerte Si identificas estas se\u00f1ales, consulta a un profesional de la salud, puede ser que no sea coronavirus, pero s\u00ed que est\u00e9s experimentando alg\u00fan tipo de infecci\u00f3n o gripa. Ingresa a clikisalud.net para encontrar mucha informaci\u00f3n de este y otros temas.<\/p>","protected":false},"author":13,"featured_media":20848,"comment_status":"open","ping_status":"open","sticky":false,"template":"","format":"standard","meta":{"_uf_show_specific_survey":0,"_uf_disable_surveys":false,"footnotes":""},"categories":[10,1],"tags":[],"class_list":["post-20847","post","type-post","status-publish","format-standard","has-post-thumbnail","hentry","category-noticias","category-temas-de-interes"],"aioseo_notices":[],"yoast_head":"<!-- This site is optimized with the Yoast SEO plugin v27.4 - https:\/\/yoast.com\/product\/yoast-seo-wordpress\/ -->\n<title>\u00bfGripe, resfriado, covid-19 o la mente?<\/title>\n<meta name=\"description\" content=\"Alrededor del coronavirus hay mucha informaci\u00f3n y uno de los temas que m\u00e1s se presenta, son los s\u00edntomas. \u00bfSi estornudo tengo el virus? \u00bfDolor de\" \/>\n<meta name=\"robots\" content=\"index, follow, max-snippet:-1, max-image-preview:large, max-video-preview:-1\" \/>\n<link rel=\"canonical\" href=\"https:\/\/accesolatino.org\/en\/gripe-resfriado-covid-19-o-la-mente\/temas-de-interes\/\" \/>\n<meta property=\"og:locale\" content=\"en_US\" \/>\n<meta property=\"og:type\" content=\"article\" \/>\n<meta property=\"og:title\" content=\"\u00bfGripe, resfriado, covid-19 o la mente?\" \/>\n<meta property=\"og:description\" content=\"Alrededor del coronavirus hay mucha informaci\u00f3n y uno de los temas que m\u00e1s se presenta, son los s\u00edntomas. \u00bfSi estornudo tengo el virus? \u00bfDolor de\" \/>\n<meta property=\"og:url\" content=\"https:\/\/accesolatino.org\/en\/gripe-resfriado-covid-19-o-la-mente\/temas-de-interes\/\" \/>\n<meta property=\"og:site_name\" content=\"Acceso Latino\" \/>\n<meta property=\"article:publisher\" content=\"https:\/\/www.facebook.com\/AccesoLatinoOrg\" \/>\n<meta property=\"article:published_time\" content=\"2020-04-14T16:17:50+00:00\" \/>\n<meta property=\"article:modified_time\" content=\"2025-10-30T05:59:51+00:00\" \/>\n<meta property=\"og:image\" content=\"https:\/\/accesolatino.org\/wp-content\/uploads\/2020\/04\/\u00bfGripe-refriado-Covid-19-o-la-mente_.png\" \/>\n\t<meta property=\"og:image:width\" content=\"600\" \/>\n\t<meta property=\"og:image:height\" content=\"338\" \/>\n\t<meta property=\"og:image:type\" content=\"image\/png\" \/>\n<meta name=\"author\" content=\"Noticias\" \/>\n<meta name=\"twitter:card\" content=\"summary_large_image\" \/>\n<meta name=\"twitter:creator\" content=\"@FAccLatino\" \/>\n<meta name=\"twitter:site\" content=\"@FAccLatino\" \/>\n<meta name=\"twitter:label1\" content=\"Written by\" \/>\n\t<meta name=\"twitter:data1\" content=\"Noticias\" \/>\n\t<meta name=\"twitter:label2\" content=\"Est. reading time\" \/>\n\t<meta name=\"twitter:data2\" content=\"2 minutes\" \/>\n<script type=\"application\/ld+json\" class=\"yoast-schema-graph\">{\"@context\":\"https:\\\/\\\/schema.org\",\"@graph\":[{\"@type\":\"Article\",\"@id\":\"https:\\\/\\\/accesolatino.org\\\/gripe-resfriado-covid-19-o-la-mente\\\/temas-de-interes\\\/#article\",\"isPartOf\":{\"@id\":\"https:\\\/\\\/accesolatino.org\\\/gripe-resfriado-covid-19-o-la-mente\\\/temas-de-interes\\\/\"},\"author\":{\"name\":\"Noticias\",\"@id\":\"https:\\\/\\\/accesolatino.org\\\/#\\\/schema\\\/person\\\/6b654926a4e7e4709c9ad12459661666\"},\"headline\":\"\u00bfGripe, resfriado, covid-19 o la mente?\",\"datePublished\":\"2020-04-14T16:17:50+00:00\",\"dateModified\":\"2025-10-30T05:59:51+00:00\",\"mainEntityOfPage\":{\"@id\":\"https:\\\/\\\/accesolatino.org\\\/gripe-resfriado-covid-19-o-la-mente\\\/temas-de-interes\\\/\"},\"wordCount\":369,\"commentCount\":0,\"publisher\":{\"@id\":\"https:\\\/\\\/accesolatino.org\\\/#organization\"},\"image\":{\"@id\":\"https:\\\/\\\/accesolatino.org\\\/gripe-resfriado-covid-19-o-la-mente\\\/temas-de-interes\\\/#primaryimage\"},\"thumbnailUrl\":\"https:\\\/\\\/accesolatino.org\\\/wp-content\\\/uploads\\\/2020\\\/04\\\/\u00bfGripe-refriado-Covid-19-o-la-mente_.png\",\"articleSection\":[\"Noticias\",\"Temas de inter\u00e9s\"],\"inLanguage\":\"en-US\",\"potentialAction\":[{\"@type\":\"CommentAction\",\"name\":\"Comment\",\"target\":[\"https:\\\/\\\/accesolatino.org\\\/gripe-resfriado-covid-19-o-la-mente\\\/temas-de-interes\\\/#respond\"]}]},{\"@type\":\"WebPage\",\"@id\":\"https:\\\/\\\/accesolatino.org\\\/gripe-resfriado-covid-19-o-la-mente\\\/temas-de-interes\\\/\",\"url\":\"https:\\\/\\\/accesolatino.org\\\/gripe-resfriado-covid-19-o-la-mente\\\/temas-de-interes\\\/\",\"name\":\"\u00bfGripe, resfriado, covid-19 o la mente?\",\"isPartOf\":{\"@id\":\"https:\\\/\\\/accesolatino.org\\\/#website\"},\"primaryImageOfPage\":{\"@id\":\"https:\\\/\\\/accesolatino.org\\\/gripe-resfriado-covid-19-o-la-mente\\\/temas-de-interes\\\/#primaryimage\"},\"image\":{\"@id\":\"https:\\\/\\\/accesolatino.org\\\/gripe-resfriado-covid-19-o-la-mente\\\/temas-de-interes\\\/#primaryimage\"},\"thumbnailUrl\":\"https:\\\/\\\/accesolatino.org\\\/wp-content\\\/uploads\\\/2020\\\/04\\\/\u00bfGripe-refriado-Covid-19-o-la-mente_.png\",\"datePublished\":\"2020-04-14T16:17:50+00:00\",\"dateModified\":\"2025-10-30T05:59:51+00:00\",\"description\":\"Alrededor del coronavirus hay mucha informaci\u00f3n y uno de los temas que m\u00e1s se presenta, son los s\u00edntomas. \u00bfSi estornudo tengo el virus? \u00bfDolor de\",\"breadcrumb\":{\"@id\":\"https:\\\/\\\/accesolatino.org\\\/gripe-resfriado-covid-19-o-la-mente\\\/temas-de-interes\\\/#breadcrumb\"},\"inLanguage\":\"en-US\",\"potentialAction\":[{\"@type\":\"ReadAction\",\"target\":[\"https:\\\/\\\/accesolatino.org\\\/gripe-resfriado-covid-19-o-la-mente\\\/temas-de-interes\\\/\"]}]},{\"@type\":\"ImageObject\",\"inLanguage\":\"en-US\",\"@id\":\"https:\\\/\\\/accesolatino.org\\\/gripe-resfriado-covid-19-o-la-mente\\\/temas-de-interes\\\/#primaryimage\",\"url\":\"https:\\\/\\\/accesolatino.org\\\/wp-content\\\/uploads\\\/2020\\\/04\\\/\u00bfGripe-refriado-Covid-19-o-la-mente_.png\",\"contentUrl\":\"https:\\\/\\\/accesolatino.org\\\/wp-content\\\/uploads\\\/2020\\\/04\\\/\u00bfGripe-refriado-Covid-19-o-la-mente_.png\",\"width\":600,\"height\":338},{\"@type\":\"BreadcrumbList\",\"@id\":\"https:\\\/\\\/accesolatino.org\\\/gripe-resfriado-covid-19-o-la-mente\\\/temas-de-interes\\\/#breadcrumb\",\"itemListElement\":[{\"@type\":\"ListItem\",\"position\":1,\"name\":\"Portada\",\"item\":\"https:\\\/\\\/accesolatino.org\\\/\"},{\"@type\":\"ListItem\",\"position\":2,\"name\":\"Noticias\",\"item\":\"https:\\\/\\\/accesolatino.org\\\/category\\\/noticias\\\/\"},{\"@type\":\"ListItem\",\"position\":3,\"name\":\"\u00bfGripe, resfriado, covid-19 o la mente?\"}]},{\"@type\":\"WebSite\",\"@id\":\"https:\\\/\\\/accesolatino.org\\\/#website\",\"url\":\"https:\\\/\\\/accesolatino.org\\\/\",\"name\":\"Acceso Latino | Fundaci\u00f3n Carlos Slim\",\"description\":\"Fundaci\u00f3n Carlos Slim\",\"publisher\":{\"@id\":\"https:\\\/\\\/accesolatino.org\\\/#organization\"},\"potentialAction\":[{\"@type\":\"SearchAction\",\"target\":{\"@type\":\"EntryPoint\",\"urlTemplate\":\"https:\\\/\\\/accesolatino.org\\\/?s={search_term_string}\"},\"query-input\":{\"@type\":\"PropertyValueSpecification\",\"valueRequired\":true,\"valueName\":\"search_term_string\"}}],\"inLanguage\":\"en-US\"},{\"@type\":\"Organization\",\"@id\":\"https:\\\/\\\/accesolatino.org\\\/#organization\",\"name\":\"Acceso Latino | Fundaci\u00f3n Carlos Slim\",\"url\":\"https:\\\/\\\/accesolatino.org\\\/\",\"logo\":{\"@type\":\"ImageObject\",\"inLanguage\":\"en-US\",\"@id\":\"https:\\\/\\\/accesolatino.org\\\/#\\\/schema\\\/logo\\\/image\\\/\",\"url\":\"https:\\\/\\\/accesolatino.org\\\/wp-content\\\/uploads\\\/2021\\\/02\\\/logo-footer-acceso-latino.png\",\"contentUrl\":\"https:\\\/\\\/accesolatino.org\\\/wp-content\\\/uploads\\\/2021\\\/02\\\/logo-footer-acceso-latino.png\",\"width\":240,\"height\":40,\"caption\":\"Acceso Latino | Fundaci\u00f3n Carlos Slim\"},\"image\":{\"@id\":\"https:\\\/\\\/accesolatino.org\\\/#\\\/schema\\\/logo\\\/image\\\/\"},\"sameAs\":[\"https:\\\/\\\/www.facebook.com\\\/AccesoLatinoOrg\",\"https:\\\/\\\/x.com\\\/FAccLatino\"]},{\"@type\":\"Person\",\"@id\":\"https:\\\/\\\/accesolatino.org\\\/#\\\/schema\\\/person\\\/6b654926a4e7e4709c9ad12459661666\",\"name\":\"Noticias\"}]}<\/script>\n<!-- \/ Yoast SEO plugin. -->","yoast_head_json":{"title":"\u00bfGripe, resfriado, covid-19 o la mente?","description":"Alrededor del coronavirus hay mucha informaci\u00f3n y uno de los temas que m\u00e1s se presenta, son los s\u00edntomas. \u00bfSi estornudo tengo el virus? \u00bfDolor de","robots":{"index":"index","follow":"follow","max-snippet":"max-snippet:-1","max-image-preview":"max-image-preview:large","max-video-preview":"max-video-preview:-1"},"canonical":"https:\/\/accesolatino.org\/en\/gripe-resfriado-covid-19-o-la-mente\/temas-de-interes\/","og_locale":"en_US","og_type":"article","og_title":"\u00bfGripe, resfriado, covid-19 o la mente?","og_description":"Alrededor del coronavirus hay mucha informaci\u00f3n y uno de los temas que m\u00e1s se presenta, son los s\u00edntomas. \u00bfSi estornudo tengo el virus? \u00bfDolor de","og_url":"https:\/\/accesolatino.org\/en\/gripe-resfriado-covid-19-o-la-mente\/temas-de-interes\/","og_site_name":"Acceso Latino","article_publisher":"https:\/\/www.facebook.com\/AccesoLatinoOrg","article_published_time":"2020-04-14T16:17:50+00:00","article_modified_time":"2025-10-30T05:59:51+00:00","og_image":[{"width":600,"height":338,"url":"https:\/\/accesolatino.org\/wp-content\/uploads\/2020\/04\/\u00bfGripe-refriado-Covid-19-o-la-mente_.png","type":"image\/png"}],"author":"Noticias","twitter_card":"summary_large_image","twitter_creator":"@FAccLatino","twitter_site":"@FAccLatino","twitter_misc":{"Written by":"Noticias","Est. reading time":"2 minutes"},"schema":{"@context":"https:\/\/schema.org","@graph":[{"@type":"Article","@id":"https:\/\/accesolatino.org\/gripe-resfriado-covid-19-o-la-mente\/temas-de-interes\/#article","isPartOf":{"@id":"https:\/\/accesolatino.org\/gripe-resfriado-covid-19-o-la-mente\/temas-de-interes\/"},"author":{"name":"Noticias","@id":"https:\/\/accesolatino.org\/#\/schema\/person\/6b654926a4e7e4709c9ad12459661666"},"headline":"\u00bfGripe, resfriado, covid-19 o la mente?","datePublished":"2020-04-14T16:17:50+00:00","dateModified":"2025-10-30T05:59:51+00:00","mainEntityOfPage":{"@id":"https:\/\/accesolatino.org\/gripe-resfriado-covid-19-o-la-mente\/temas-de-interes\/"},"wordCount":369,"commentCount":0,"publisher":{"@id":"https:\/\/accesolatino.org\/#organization"},"image":{"@id":"https:\/\/accesolatino.org\/gripe-resfriado-covid-19-o-la-mente\/temas-de-interes\/#primaryimage"},"thumbnailUrl":"https:\/\/accesolatino.org\/wp-content\/uploads\/2020\/04\/\u00bfGripe-refriado-Covid-19-o-la-mente_.png","articleSection":["Noticias","Temas de inter\u00e9s"],"inLanguage":"en-US","potentialAction":[{"@type":"CommentAction","name":"Comment","target":["https:\/\/accesolatino.org\/gripe-resfriado-covid-19-o-la-mente\/temas-de-interes\/#respond"]}]},{"@type":"WebPage","@id":"https:\/\/accesolatino.org\/gripe-resfriado-covid-19-o-la-mente\/temas-de-interes\/","url":"https:\/\/accesolatino.org\/gripe-resfriado-covid-19-o-la-mente\/temas-de-interes\/","name":"\u00bfGripe, resfriado, covid-19 o la mente?","isPartOf":{"@id":"https:\/\/accesolatino.org\/#website"},"primaryImageOfPage":{"@id":"https:\/\/accesolatino.org\/gripe-resfriado-covid-19-o-la-mente\/temas-de-interes\/#primaryimage"},"image":{"@id":"https:\/\/accesolatino.org\/gripe-resfriado-covid-19-o-la-mente\/temas-de-interes\/#primaryimage"},"thumbnailUrl":"https:\/\/accesolatino.org\/wp-content\/uploads\/2020\/04\/\u00bfGripe-refriado-Covid-19-o-la-mente_.png","datePublished":"2020-04-14T16:17:50+00:00","dateModified":"2025-10-30T05:59:51+00:00","description":"Alrededor del coronavirus hay mucha informaci\u00f3n y uno de los temas que m\u00e1s se presenta, son los s\u00edntomas. \u00bfSi estornudo tengo el virus? \u00bfDolor de","breadcrumb":{"@id":"https:\/\/accesolatino.org\/gripe-resfriado-covid-19-o-la-mente\/temas-de-interes\/#breadcrumb"},"inLanguage":"en-US","potentialAction":[{"@type":"ReadAction","target":["https:\/\/accesolatino.org\/gripe-resfriado-covid-19-o-la-mente\/temas-de-interes\/"]}]},{"@type":"ImageObject","inLanguage":"en-US","@id":"https:\/\/accesolatino.org\/gripe-resfriado-covid-19-o-la-mente\/temas-de-interes\/#primaryimage","url":"https:\/\/accesolatino.org\/wp-content\/uploads\/2020\/04\/\u00bfGripe-refriado-Covid-19-o-la-mente_.png","contentUrl":"https:\/\/accesolatino.org\/wp-content\/uploads\/2020\/04\/\u00bfGripe-refriado-Covid-19-o-la-mente_.png","width":600,"height":338},{"@type":"BreadcrumbList","@id":"https:\/\/accesolatino.org\/gripe-resfriado-covid-19-o-la-mente\/temas-de-interes\/#breadcrumb","itemListElement":[{"@type":"ListItem","position":1,"name":"Portada","item":"https:\/\/accesolatino.org\/"},{"@type":"ListItem","position":2,"name":"Noticias","item":"https:\/\/accesolatino.org\/category\/noticias\/"},{"@type":"ListItem","position":3,"name":"\u00bfGripe, resfriado, covid-19 o la mente?"}]},{"@type":"WebSite","@id":"https:\/\/accesolatino.org\/#website","url":"https:\/\/accesolatino.org\/","name":"Acceso Latino | Fundaci\u00f3n Carlos Slim","description":"Fundaci\u00f3n Carlos Slim","publisher":{"@id":"https:\/\/accesolatino.org\/#organization"},"potentialAction":[{"@type":"SearchAction","target":{"@type":"EntryPoint","urlTemplate":"https:\/\/accesolatino.org\/?s={search_term_string}"},"query-input":{"@type":"PropertyValueSpecification","valueRequired":true,"valueName":"search_term_string"}}],"inLanguage":"en-US"},{"@type":"Organization","@id":"https:\/\/accesolatino.org\/#organization","name":"Acceso Latino | Fundaci\u00f3n Carlos Slim","url":"https:\/\/accesolatino.org\/","logo":{"@type":"ImageObject","inLanguage":"en-US","@id":"https:\/\/accesolatino.org\/#\/schema\/logo\/image\/","url":"https:\/\/accesolatino.org\/wp-content\/uploads\/2021\/02\/logo-footer-acceso-latino.png","contentUrl":"https:\/\/accesolatino.org\/wp-content\/uploads\/2021\/02\/logo-footer-acceso-latino.png","width":240,"height":40,"caption":"Acceso Latino | Fundaci\u00f3n Carlos Slim"},"image":{"@id":"https:\/\/accesolatino.org\/#\/schema\/logo\/image\/"},"sameAs":["https:\/\/www.facebook.com\/AccesoLatinoOrg","https:\/\/x.com\/FAccLatino"]},{"@type":"Person","@id":"https:\/\/accesolatino.org\/#\/schema\/person\/6b654926a4e7e4709c9ad12459661666","name":"News"}]}},"_links":{"self":[{"href":"https:\/\/accesolatino.org\/en\/wp-json\/wp\/v2\/posts\/20847","targetHints":{"allow":["GET"]}}],"collection":[{"href":"https:\/\/accesolatino.org\/en\/wp-json\/wp\/v2\/posts"}],"about":[{"href":"https:\/\/accesolatino.org\/en\/wp-json\/wp\/v2\/types\/post"}],"author":[{"embeddable":true,"href":"https:\/\/accesolatino.org\/en\/wp-json\/wp\/v2\/users\/13"}],"replies":[{"embeddable":true,"href":"https:\/\/accesolatino.org\/en\/wp-json\/wp\/v2\/comments?post=20847"}],"version-history":[{"count":1,"href":"https:\/\/accesolatino.org\/en\/wp-json\/wp\/v2\/posts\/20847\/revisions"}],"predecessor-version":[{"id":68340,"href":"https:\/\/accesolatino.org\/en\/wp-json\/wp\/v2\/posts\/20847\/revisions\/68340"}],"wp:featuredmedia":[{"embeddable":true,"href":"https:\/\/accesolatino.org\/en\/wp-json\/wp\/v2\/media\/20848"}],"wp:attachment":[{"href":"https:\/\/accesolatino.org\/en\/wp-json\/wp\/v2\/media?parent=20847"}],"wp:term":[{"taxonomy":"category","embeddable":true,"href":"https:\/\/accesolatino.org\/en\/wp-json\/wp\/v2\/categories?post=20847"},{"taxonomy":"post_tag","embeddable":true,"href":"https:\/\/accesolatino.org\/en\/wp-json\/wp\/v2\/tags?post=20847"}],"curies":[{"name":"wp","href":"https:\/\/api.w.org\/{rel}","templated":true}]}}