{"id":20830,"date":"2020-04-13T15:50:34","date_gmt":"2020-04-13T20:50:34","guid":{"rendered":"https:\/\/accesolatino.org\/?p=20830"},"modified":"2025-10-29T23:59:38","modified_gmt":"2025-10-30T05:59:38","slug":"como-cuidar-la-diabetes-del-covid-19","status":"publish","type":"post","link":"https:\/\/accesolatino.org\/en\/como-cuidar-la-diabetes-del-covid-19\/temas-de-interes\/","title":{"rendered":"C\u00f3mo cuidar la diabetes del Covid-19"},"content":{"rendered":"<div data-elementor-type=\"wp-post\" data-elementor-id=\"20830\" class=\"elementor elementor-20830\">\n\t\t\t\t\t\t<section class=\"elementor-section elementor-top-section elementor-element elementor-element-e311389 elementor-section-boxed elementor-section-height-default elementor-section-height-default wpr-particle-no wpr-jarallax-no wpr-parallax-no wpr-sticky-section-no wpr-equal-height-no\" data-id=\"e311389\" data-element_type=\"section\" data-e-type=\"section\">\n\t\t\t\t\t\t<div class=\"elementor-container elementor-column-gap-default\">\n\t\t\t\t\t<div class=\"elementor-column elementor-col-100 elementor-top-column elementor-element elementor-element-978633f\" data-id=\"978633f\" data-element_type=\"column\" data-e-type=\"column\">\n\t\t\t<div class=\"elementor-widget-wrap elementor-element-populated\">\n\t\t\t\t\t\t<div class=\"elementor-element elementor-element-6f3bde3 elementor-widget elementor-widget-text-editor\" data-id=\"6f3bde3\" data-element_type=\"widget\" data-e-type=\"widget\" data-widget_type=\"text-editor.default\">\n\t\t\t\t<div class=\"elementor-widget-container\">\n\t\t\t\t\t\t\t\t\t<p>Una de las indicaciones de la OMS ha sido que las personas con enfermedades patol\u00f3gicas y de la tercera edad, tienen que cuidarse de forma m\u00e1s intensa, ya que el virus en ellos es m\u00e1s peligroso. De esta forma, hoy te contamos una lista de cuidados para aquellos que padezcan diabetes.<\/p><p>La Federaci\u00f3n Internacional de Diabetes (FID), inform\u00f3 y llam\u00f3 a la comunidad diab\u00e9tica a redoblar esfuerzos en sus cuidados para evitar el coronavirus y que este ponga en riesgo su vida y salud.<\/p><p>A parte de lavarse las manos, no salir, evitar tocarse la cara y desinfectar las superficies, la FID dio los siguientes consejos a todas las personas con diabetes:<\/p><ul><li>Contar con una lista de contactos de personas cercanas a la mano.<\/li><li>Mantener los niveles de glucosa adecuados y prestar mucha atenci\u00f3n ante cualquier cambio.<\/li><li>En caso de presentar s\u00edntomas similares a los de la gripe (temperatura alta, tos seca, problemas para respirar), consultar a un doctor. Si hay tos con flema, puede ser una infecci\u00f3n, por lo que se debe acudir con un m\u00e9dico, cl\u00ednica u hospital para recibir atenci\u00f3n inmediata.<\/li><li>Realizar actividad f\u00edsica moderada.<\/li><li>Tener el suministro suficiente de agua, ya que las infecciones elevar\u00e1n los niveles de glucosa y aumentar\u00e1 la necesidad de l\u00edquidos.<\/li><li>Poseer todos los medicamentos necesarios para la diabetes.<\/li><li>Saber corregir la situaci\u00f3n, en caso de que la glucosa en la sangre caiga s\u00fabitamente.<\/li><li>Si vives solo(a), comunicarles a los vecinos que se padece diabetes, para que en caso de emergencia puedas recibir asistencia de ellos.<\/li><\/ul><p>Cuid\u00e9monos todos, es momento de hacer caso a las indicaciones de los institutos de salud y gobierno.<\/p><p>Ingresa a <a href=\"https:\/\/www.clikisalud.net\/\" target=\"_blank\" rel=\"noopener\">clikisalud.net<\/a> para encontrar mucha informaci\u00f3n de este y otros temas.<\/p>\t\t\t\t\t\t\t\t<\/div>\n\t\t\t\t<\/div>\n\t\t\t\t\t<\/div>\n\t\t<\/div>\n\t\t\t\t\t<\/div>\n\t\t<\/section>\n\t\t\t\t<\/div>","protected":false},"excerpt":{"rendered":"<p>Una de las indicaciones de la OMS ha sido que las personas con enfermedades patol\u00f3gicas y de la tercera edad, tienen que cuidarse de forma m\u00e1s intensa, ya que el virus en ellos es m\u00e1s peligroso. De esta forma, hoy te contamos una lista de cuidados para aquellos que padezcan diabetes. La Federaci\u00f3n Internacional de Diabetes (FID), inform\u00f3 y llam\u00f3 a la comunidad diab\u00e9tica a redoblar esfuerzos en sus cuidados para evitar el coronavirus y que este ponga en riesgo su vida y salud. A parte de lavarse las manos, no salir, evitar tocarse la cara y desinfectar las superficies, la FID dio los siguientes consejos a todas las personas con diabetes: Contar con una lista de contactos de personas cercanas a la mano. Mantener los niveles de glucosa adecuados y prestar mucha atenci\u00f3n ante cualquier cambio. En caso de presentar s\u00edntomas similares a los de la gripe (temperatura alta, tos seca, problemas para respirar), consultar a un doctor. Si hay tos con flema, puede ser una infecci\u00f3n, por lo que se debe acudir con un m\u00e9dico, cl\u00ednica u hospital para recibir atenci\u00f3n inmediata. Realizar actividad f\u00edsica moderada. Tener el suministro suficiente de agua, ya que las infecciones elevar\u00e1n los niveles de glucosa y aumentar\u00e1 la necesidad de l\u00edquidos. Poseer todos los medicamentos necesarios para la diabetes. Saber corregir la situaci\u00f3n, en caso de que la glucosa en la sangre caiga s\u00fabitamente. Si vives solo(a), comunicarles a los vecinos que se padece diabetes, para que en caso de emergencia puedas recibir asistencia de ellos. Cuid\u00e9monos todos, es momento de hacer caso a las indicaciones de los institutos de salud y gobierno. Ingresa a clikisalud.net para encontrar mucha informaci\u00f3n de este y otros temas.<\/p>","protected":false},"author":13,"featured_media":20829,"comment_status":"open","ping_status":"open","sticky":false,"template":"","format":"standard","meta":{"_uf_show_specific_survey":0,"_uf_disable_surveys":false,"footnotes":""},"categories":[10,1],"tags":[],"class_list":["post-20830","post","type-post","status-publish","format-standard","has-post-thumbnail","hentry","category-noticias","category-temas-de-interes"],"aioseo_notices":[],"yoast_head":"<!-- This site is optimized with the Yoast SEO plugin v27.4 - https:\/\/yoast.com\/product\/yoast-seo-wordpress\/ -->\n<title>C\u00f3mo cuidar la diabetes del Covid-19<\/title>\n<meta name=\"description\" content=\"Una de las indicaciones de la OMS ha sido que las personas con enfermedades patol\u00f3gicas y de la tercera edad, tienen que cuidarse de forma\" \/>\n<meta name=\"robots\" content=\"index, follow, max-snippet:-1, max-image-preview:large, max-video-preview:-1\" \/>\n<link rel=\"canonical\" href=\"https:\/\/accesolatino.org\/en\/como-cuidar-la-diabetes-del-covid-19\/temas-de-interes\/\" \/>\n<meta property=\"og:locale\" content=\"en_US\" \/>\n<meta property=\"og:type\" content=\"article\" \/>\n<meta property=\"og:title\" content=\"C\u00f3mo cuidar la diabetes del Covid-19\" \/>\n<meta property=\"og:description\" content=\"Una de las indicaciones de la OMS ha sido que las personas con enfermedades patol\u00f3gicas y de la tercera edad, tienen que cuidarse de forma\" \/>\n<meta property=\"og:url\" content=\"https:\/\/accesolatino.org\/en\/como-cuidar-la-diabetes-del-covid-19\/temas-de-interes\/\" \/>\n<meta property=\"og:site_name\" content=\"Acceso Latino\" \/>\n<meta property=\"article:publisher\" content=\"https:\/\/www.facebook.com\/AccesoLatinoOrg\" \/>\n<meta property=\"article:published_time\" content=\"2020-04-13T20:50:34+00:00\" \/>\n<meta property=\"article:modified_time\" content=\"2025-10-30T05:59:38+00:00\" \/>\n<meta property=\"og:image\" content=\"https:\/\/accesolatino.org\/wp-content\/uploads\/2020\/02\/Co\u0301mo-cuidar-la-diabetes-del-Covid-19.png\" \/>\n\t<meta property=\"og:image:width\" content=\"600\" \/>\n\t<meta property=\"og:image:height\" content=\"338\" \/>\n\t<meta property=\"og:image:type\" content=\"image\/png\" \/>\n<meta name=\"author\" content=\"Noticias\" \/>\n<meta name=\"twitter:card\" content=\"summary_large_image\" \/>\n<meta name=\"twitter:creator\" content=\"@FAccLatino\" \/>\n<meta name=\"twitter:site\" content=\"@FAccLatino\" \/>\n<meta name=\"twitter:label1\" content=\"Written by\" \/>\n\t<meta name=\"twitter:data1\" content=\"Noticias\" \/>\n\t<meta name=\"twitter:label2\" content=\"Est. reading time\" \/>\n\t<meta name=\"twitter:data2\" content=\"2 minutes\" \/>\n<script type=\"application\/ld+json\" class=\"yoast-schema-graph\">{\"@context\":\"https:\\\/\\\/schema.org\",\"@graph\":[{\"@type\":\"Article\",\"@id\":\"https:\\\/\\\/accesolatino.org\\\/como-cuidar-la-diabetes-del-covid-19\\\/temas-de-interes\\\/#article\",\"isPartOf\":{\"@id\":\"https:\\\/\\\/accesolatino.org\\\/como-cuidar-la-diabetes-del-covid-19\\\/temas-de-interes\\\/\"},\"author\":{\"name\":\"Noticias\",\"@id\":\"https:\\\/\\\/accesolatino.org\\\/#\\\/schema\\\/person\\\/6b654926a4e7e4709c9ad12459661666\"},\"headline\":\"C\u00f3mo cuidar la diabetes del Covid-19\",\"datePublished\":\"2020-04-13T20:50:34+00:00\",\"dateModified\":\"2025-10-30T05:59:38+00:00\",\"mainEntityOfPage\":{\"@id\":\"https:\\\/\\\/accesolatino.org\\\/como-cuidar-la-diabetes-del-covid-19\\\/temas-de-interes\\\/\"},\"wordCount\":310,\"commentCount\":0,\"publisher\":{\"@id\":\"https:\\\/\\\/accesolatino.org\\\/#organization\"},\"image\":{\"@id\":\"https:\\\/\\\/accesolatino.org\\\/como-cuidar-la-diabetes-del-covid-19\\\/temas-de-interes\\\/#primaryimage\"},\"thumbnailUrl\":\"https:\\\/\\\/accesolatino.org\\\/wp-content\\\/uploads\\\/2020\\\/02\\\/Co\u0301mo-cuidar-la-diabetes-del-Covid-19.png\",\"articleSection\":[\"Noticias\",\"Temas de inter\u00e9s\"],\"inLanguage\":\"en-US\",\"potentialAction\":[{\"@type\":\"CommentAction\",\"name\":\"Comment\",\"target\":[\"https:\\\/\\\/accesolatino.org\\\/como-cuidar-la-diabetes-del-covid-19\\\/temas-de-interes\\\/#respond\"]}]},{\"@type\":\"WebPage\",\"@id\":\"https:\\\/\\\/accesolatino.org\\\/como-cuidar-la-diabetes-del-covid-19\\\/temas-de-interes\\\/\",\"url\":\"https:\\\/\\\/accesolatino.org\\\/como-cuidar-la-diabetes-del-covid-19\\\/temas-de-interes\\\/\",\"name\":\"C\u00f3mo cuidar la diabetes del Covid-19\",\"isPartOf\":{\"@id\":\"https:\\\/\\\/accesolatino.org\\\/#website\"},\"primaryImageOfPage\":{\"@id\":\"https:\\\/\\\/accesolatino.org\\\/como-cuidar-la-diabetes-del-covid-19\\\/temas-de-interes\\\/#primaryimage\"},\"image\":{\"@id\":\"https:\\\/\\\/accesolatino.org\\\/como-cuidar-la-diabetes-del-covid-19\\\/temas-de-interes\\\/#primaryimage\"},\"thumbnailUrl\":\"https:\\\/\\\/accesolatino.org\\\/wp-content\\\/uploads\\\/2020\\\/02\\\/Co\u0301mo-cuidar-la-diabetes-del-Covid-19.png\",\"datePublished\":\"2020-04-13T20:50:34+00:00\",\"dateModified\":\"2025-10-30T05:59:38+00:00\",\"description\":\"Una de las indicaciones de la OMS ha sido que las personas con enfermedades patol\u00f3gicas y de la tercera edad, tienen que cuidarse de forma\",\"breadcrumb\":{\"@id\":\"https:\\\/\\\/accesolatino.org\\\/como-cuidar-la-diabetes-del-covid-19\\\/temas-de-interes\\\/#breadcrumb\"},\"inLanguage\":\"en-US\",\"potentialAction\":[{\"@type\":\"ReadAction\",\"target\":[\"https:\\\/\\\/accesolatino.org\\\/como-cuidar-la-diabetes-del-covid-19\\\/temas-de-interes\\\/\"]}]},{\"@type\":\"ImageObject\",\"inLanguage\":\"en-US\",\"@id\":\"https:\\\/\\\/accesolatino.org\\\/como-cuidar-la-diabetes-del-covid-19\\\/temas-de-interes\\\/#primaryimage\",\"url\":\"https:\\\/\\\/accesolatino.org\\\/wp-content\\\/uploads\\\/2020\\\/02\\\/Co\u0301mo-cuidar-la-diabetes-del-Covid-19.png\",\"contentUrl\":\"https:\\\/\\\/accesolatino.org\\\/wp-content\\\/uploads\\\/2020\\\/02\\\/Co\u0301mo-cuidar-la-diabetes-del-Covid-19.png\",\"width\":600,\"height\":338},{\"@type\":\"BreadcrumbList\",\"@id\":\"https:\\\/\\\/accesolatino.org\\\/como-cuidar-la-diabetes-del-covid-19\\\/temas-de-interes\\\/#breadcrumb\",\"itemListElement\":[{\"@type\":\"ListItem\",\"position\":1,\"name\":\"Portada\",\"item\":\"https:\\\/\\\/accesolatino.org\\\/\"},{\"@type\":\"ListItem\",\"position\":2,\"name\":\"Noticias\",\"item\":\"https:\\\/\\\/accesolatino.org\\\/category\\\/noticias\\\/\"},{\"@type\":\"ListItem\",\"position\":3,\"name\":\"C\u00f3mo cuidar la diabetes del Covid-19\"}]},{\"@type\":\"WebSite\",\"@id\":\"https:\\\/\\\/accesolatino.org\\\/#website\",\"url\":\"https:\\\/\\\/accesolatino.org\\\/\",\"name\":\"Acceso Latino | Fundaci\u00f3n Carlos Slim\",\"description\":\"Fundaci\u00f3n Carlos Slim\",\"publisher\":{\"@id\":\"https:\\\/\\\/accesolatino.org\\\/#organization\"},\"potentialAction\":[{\"@type\":\"SearchAction\",\"target\":{\"@type\":\"EntryPoint\",\"urlTemplate\":\"https:\\\/\\\/accesolatino.org\\\/?s={search_term_string}\"},\"query-input\":{\"@type\":\"PropertyValueSpecification\",\"valueRequired\":true,\"valueName\":\"search_term_string\"}}],\"inLanguage\":\"en-US\"},{\"@type\":\"Organization\",\"@id\":\"https:\\\/\\\/accesolatino.org\\\/#organization\",\"name\":\"Acceso Latino | Fundaci\u00f3n Carlos Slim\",\"url\":\"https:\\\/\\\/accesolatino.org\\\/\",\"logo\":{\"@type\":\"ImageObject\",\"inLanguage\":\"en-US\",\"@id\":\"https:\\\/\\\/accesolatino.org\\\/#\\\/schema\\\/logo\\\/image\\\/\",\"url\":\"https:\\\/\\\/accesolatino.org\\\/wp-content\\\/uploads\\\/2021\\\/02\\\/logo-footer-acceso-latino.png\",\"contentUrl\":\"https:\\\/\\\/accesolatino.org\\\/wp-content\\\/uploads\\\/2021\\\/02\\\/logo-footer-acceso-latino.png\",\"width\":240,\"height\":40,\"caption\":\"Acceso Latino | Fundaci\u00f3n Carlos Slim\"},\"image\":{\"@id\":\"https:\\\/\\\/accesolatino.org\\\/#\\\/schema\\\/logo\\\/image\\\/\"},\"sameAs\":[\"https:\\\/\\\/www.facebook.com\\\/AccesoLatinoOrg\",\"https:\\\/\\\/x.com\\\/FAccLatino\"]},{\"@type\":\"Person\",\"@id\":\"https:\\\/\\\/accesolatino.org\\\/#\\\/schema\\\/person\\\/6b654926a4e7e4709c9ad12459661666\",\"name\":\"Noticias\"}]}<\/script>\n<!-- \/ Yoast SEO plugin. -->","yoast_head_json":{"title":"C\u00f3mo cuidar la diabetes del Covid-19","description":"Una de las indicaciones de la OMS ha sido que las personas con enfermedades patol\u00f3gicas y de la tercera edad, tienen que cuidarse de forma","robots":{"index":"index","follow":"follow","max-snippet":"max-snippet:-1","max-image-preview":"max-image-preview:large","max-video-preview":"max-video-preview:-1"},"canonical":"https:\/\/accesolatino.org\/en\/como-cuidar-la-diabetes-del-covid-19\/temas-de-interes\/","og_locale":"en_US","og_type":"article","og_title":"C\u00f3mo cuidar la diabetes del Covid-19","og_description":"Una de las indicaciones de la OMS ha sido que las personas con enfermedades patol\u00f3gicas y de la tercera edad, tienen que cuidarse de forma","og_url":"https:\/\/accesolatino.org\/en\/como-cuidar-la-diabetes-del-covid-19\/temas-de-interes\/","og_site_name":"Acceso Latino","article_publisher":"https:\/\/www.facebook.com\/AccesoLatinoOrg","article_published_time":"2020-04-13T20:50:34+00:00","article_modified_time":"2025-10-30T05:59:38+00:00","og_image":[{"width":600,"height":338,"url":"https:\/\/accesolatino.org\/wp-content\/uploads\/2020\/02\/Co\u0301mo-cuidar-la-diabetes-del-Covid-19.png","type":"image\/png"}],"author":"Noticias","twitter_card":"summary_large_image","twitter_creator":"@FAccLatino","twitter_site":"@FAccLatino","twitter_misc":{"Written by":"Noticias","Est. reading time":"2 minutes"},"schema":{"@context":"https:\/\/schema.org","@graph":[{"@type":"Article","@id":"https:\/\/accesolatino.org\/como-cuidar-la-diabetes-del-covid-19\/temas-de-interes\/#article","isPartOf":{"@id":"https:\/\/accesolatino.org\/como-cuidar-la-diabetes-del-covid-19\/temas-de-interes\/"},"author":{"name":"Noticias","@id":"https:\/\/accesolatino.org\/#\/schema\/person\/6b654926a4e7e4709c9ad12459661666"},"headline":"C\u00f3mo cuidar la diabetes del Covid-19","datePublished":"2020-04-13T20:50:34+00:00","dateModified":"2025-10-30T05:59:38+00:00","mainEntityOfPage":{"@id":"https:\/\/accesolatino.org\/como-cuidar-la-diabetes-del-covid-19\/temas-de-interes\/"},"wordCount":310,"commentCount":0,"publisher":{"@id":"https:\/\/accesolatino.org\/#organization"},"image":{"@id":"https:\/\/accesolatino.org\/como-cuidar-la-diabetes-del-covid-19\/temas-de-interes\/#primaryimage"},"thumbnailUrl":"https:\/\/accesolatino.org\/wp-content\/uploads\/2020\/02\/Co\u0301mo-cuidar-la-diabetes-del-Covid-19.png","articleSection":["Noticias","Temas de inter\u00e9s"],"inLanguage":"en-US","potentialAction":[{"@type":"CommentAction","name":"Comment","target":["https:\/\/accesolatino.org\/como-cuidar-la-diabetes-del-covid-19\/temas-de-interes\/#respond"]}]},{"@type":"WebPage","@id":"https:\/\/accesolatino.org\/como-cuidar-la-diabetes-del-covid-19\/temas-de-interes\/","url":"https:\/\/accesolatino.org\/como-cuidar-la-diabetes-del-covid-19\/temas-de-interes\/","name":"C\u00f3mo cuidar la diabetes del Covid-19","isPartOf":{"@id":"https:\/\/accesolatino.org\/#website"},"primaryImageOfPage":{"@id":"https:\/\/accesolatino.org\/como-cuidar-la-diabetes-del-covid-19\/temas-de-interes\/#primaryimage"},"image":{"@id":"https:\/\/accesolatino.org\/como-cuidar-la-diabetes-del-covid-19\/temas-de-interes\/#primaryimage"},"thumbnailUrl":"https:\/\/accesolatino.org\/wp-content\/uploads\/2020\/02\/Co\u0301mo-cuidar-la-diabetes-del-Covid-19.png","datePublished":"2020-04-13T20:50:34+00:00","dateModified":"2025-10-30T05:59:38+00:00","description":"Una de las indicaciones de la OMS ha sido que las personas con enfermedades patol\u00f3gicas y de la tercera edad, tienen que cuidarse de forma","breadcrumb":{"@id":"https:\/\/accesolatino.org\/como-cuidar-la-diabetes-del-covid-19\/temas-de-interes\/#breadcrumb"},"inLanguage":"en-US","potentialAction":[{"@type":"ReadAction","target":["https:\/\/accesolatino.org\/como-cuidar-la-diabetes-del-covid-19\/temas-de-interes\/"]}]},{"@type":"ImageObject","inLanguage":"en-US","@id":"https:\/\/accesolatino.org\/como-cuidar-la-diabetes-del-covid-19\/temas-de-interes\/#primaryimage","url":"https:\/\/accesolatino.org\/wp-content\/uploads\/2020\/02\/Co\u0301mo-cuidar-la-diabetes-del-Covid-19.png","contentUrl":"https:\/\/accesolatino.org\/wp-content\/uploads\/2020\/02\/Co\u0301mo-cuidar-la-diabetes-del-Covid-19.png","width":600,"height":338},{"@type":"BreadcrumbList","@id":"https:\/\/accesolatino.org\/como-cuidar-la-diabetes-del-covid-19\/temas-de-interes\/#breadcrumb","itemListElement":[{"@type":"ListItem","position":1,"name":"Portada","item":"https:\/\/accesolatino.org\/"},{"@type":"ListItem","position":2,"name":"Noticias","item":"https:\/\/accesolatino.org\/category\/noticias\/"},{"@type":"ListItem","position":3,"name":"C\u00f3mo cuidar la diabetes del Covid-19"}]},{"@type":"WebSite","@id":"https:\/\/accesolatino.org\/#website","url":"https:\/\/accesolatino.org\/","name":"Acceso Latino | Fundaci\u00f3n Carlos Slim","description":"Fundaci\u00f3n Carlos Slim","publisher":{"@id":"https:\/\/accesolatino.org\/#organization"},"potentialAction":[{"@type":"SearchAction","target":{"@type":"EntryPoint","urlTemplate":"https:\/\/accesolatino.org\/?s={search_term_string}"},"query-input":{"@type":"PropertyValueSpecification","valueRequired":true,"valueName":"search_term_string"}}],"inLanguage":"en-US"},{"@type":"Organization","@id":"https:\/\/accesolatino.org\/#organization","name":"Acceso Latino | Fundaci\u00f3n Carlos Slim","url":"https:\/\/accesolatino.org\/","logo":{"@type":"ImageObject","inLanguage":"en-US","@id":"https:\/\/accesolatino.org\/#\/schema\/logo\/image\/","url":"https:\/\/accesolatino.org\/wp-content\/uploads\/2021\/02\/logo-footer-acceso-latino.png","contentUrl":"https:\/\/accesolatino.org\/wp-content\/uploads\/2021\/02\/logo-footer-acceso-latino.png","width":240,"height":40,"caption":"Acceso Latino | Fundaci\u00f3n Carlos Slim"},"image":{"@id":"https:\/\/accesolatino.org\/#\/schema\/logo\/image\/"},"sameAs":["https:\/\/www.facebook.com\/AccesoLatinoOrg","https:\/\/x.com\/FAccLatino"]},{"@type":"Person","@id":"https:\/\/accesolatino.org\/#\/schema\/person\/6b654926a4e7e4709c9ad12459661666","name":"News"}]}},"_links":{"self":[{"href":"https:\/\/accesolatino.org\/en\/wp-json\/wp\/v2\/posts\/20830","targetHints":{"allow":["GET"]}}],"collection":[{"href":"https:\/\/accesolatino.org\/en\/wp-json\/wp\/v2\/posts"}],"about":[{"href":"https:\/\/accesolatino.org\/en\/wp-json\/wp\/v2\/types\/post"}],"author":[{"embeddable":true,"href":"https:\/\/accesolatino.org\/en\/wp-json\/wp\/v2\/users\/13"}],"replies":[{"embeddable":true,"href":"https:\/\/accesolatino.org\/en\/wp-json\/wp\/v2\/comments?post=20830"}],"version-history":[{"count":1,"href":"https:\/\/accesolatino.org\/en\/wp-json\/wp\/v2\/posts\/20830\/revisions"}],"predecessor-version":[{"id":68337,"href":"https:\/\/accesolatino.org\/en\/wp-json\/wp\/v2\/posts\/20830\/revisions\/68337"}],"wp:featuredmedia":[{"embeddable":true,"href":"https:\/\/accesolatino.org\/en\/wp-json\/wp\/v2\/media\/20829"}],"wp:attachment":[{"href":"https:\/\/accesolatino.org\/en\/wp-json\/wp\/v2\/media?parent=20830"}],"wp:term":[{"taxonomy":"category","embeddable":true,"href":"https:\/\/accesolatino.org\/en\/wp-json\/wp\/v2\/categories?post=20830"},{"taxonomy":"post_tag","embeddable":true,"href":"https:\/\/accesolatino.org\/en\/wp-json\/wp\/v2\/tags?post=20830"}],"curies":[{"name":"wp","href":"https:\/\/api.w.org\/{rel}","templated":true}]}}