{"id":20824,"date":"2020-04-13T15:50:10","date_gmt":"2020-04-13T20:50:10","guid":{"rendered":"https:\/\/accesolatino.org\/?p=20824"},"modified":"2025-10-29T23:59:43","modified_gmt":"2025-10-30T05:59:43","slug":"eric-garcetti-pide-ayudar-a-los-indocumentados","status":"publish","type":"post","link":"https:\/\/accesolatino.org\/en\/eric-garcetti-pide-ayudar-a-los-indocumentados\/temas-de-interes\/","title":{"rendered":"Eric Garcetti, pide ayudar a los indocumentados"},"content":{"rendered":"<div data-elementor-type=\"wp-post\" data-elementor-id=\"20824\" class=\"elementor elementor-20824\">\n\t\t\t\t\t\t<section class=\"elementor-section elementor-top-section elementor-element elementor-element-e311389 elementor-section-boxed elementor-section-height-default elementor-section-height-default wpr-particle-no wpr-jarallax-no wpr-parallax-no wpr-sticky-section-no wpr-equal-height-no\" data-id=\"e311389\" data-element_type=\"section\" data-e-type=\"section\">\n\t\t\t\t\t\t<div class=\"elementor-container elementor-column-gap-default\">\n\t\t\t\t\t<div class=\"elementor-column elementor-col-100 elementor-top-column elementor-element elementor-element-978633f\" data-id=\"978633f\" data-element_type=\"column\" data-e-type=\"column\">\n\t\t\t<div class=\"elementor-widget-wrap elementor-element-populated\">\n\t\t\t\t\t\t<div class=\"elementor-element elementor-element-6f3bde3 elementor-widget elementor-widget-text-editor\" data-id=\"6f3bde3\" data-element_type=\"widget\" data-e-type=\"widget\" data-widget_type=\"text-editor.default\">\n\t\t\t\t<div class=\"elementor-widget-container\">\n\t\t\t\t\t\t\t\t\t<p>La crisis de salud y financiera tiene sumergido en incertidumbre a Estados Unidos y a los indocumentados, que actualmente son el grupo m\u00e1s vulnerable. Ante esto el alcalde de Los \u00c1ngeles, Eric Garcetti, propuso crear un fondo para ayudar a los indocumentados durante la pandemia de coronavirus.<\/p><p>En conferencia de prensa sobre la pandemia en la ciudad, Garcetti, expres\u00f3 que la ayuda para los inmigrantes es de car\u00e1cter de urgente en estos tiempos tan dif\u00edciles y de emergencia.<\/p><p>Por esta misma raz\u00f3n exigi\u00f3 al gobierno del estado a crear un fondo de ayuda econ\u00f3mica para aquellos que no son acreedores al cheque de $1,200 d\u00f3lares que algunos indocumentados recibir\u00e1n.<\/p><p>En su cuenta de Twitter, Garcetti, aparece con un cubrebocas y plante\u00f3 que extender el cr\u00e9dito tributario del estado, brindar\u00e1 un respiro inmediato a unas 600,000 personas.<\/p><p>\u201cEstoy pidiendo al estado que ofrezca un cr\u00e9dito por trabajo para todos los californianos, sin importar su estatus migratorio\u201d, expres\u00f3 el alcalde de Los \u00c1ngeles.<\/p><p>Para Eric Garcetii, no hay diferencia entre contribuyentes, \u201cno importan si cuenta o no con documentos\u201d, por lo que es imperativo que sean parte del ayuda que el gobierno ofrece a sus habitantes.<\/p><p>En California se calcula que existe un aproximado de 2 millones de indocumentados y la gran mayor\u00eda ha perdido su trabajo debido al coronavirus, que provoco el cierre de negocios y que muchas empresas recortaran salarios o corrieran a sus trabajadores.<\/p><p>Gavin Newsom, gobernador de California, estar\u00eda reflexionando seriamente la propuesta de Garcetti, como parte de las medidas de apoyo que llevar\u00eda a cabo el estado, para apoyar a los indocumentados desempleados durante la pandemia.<\/p><p>Fuente: La Opini\u00f3n <\/p>\t\t\t\t\t\t\t\t<\/div>\n\t\t\t\t<\/div>\n\t\t\t\t\t<\/div>\n\t\t<\/div>\n\t\t\t\t\t<\/div>\n\t\t<\/section>\n\t\t\t\t<\/div>","protected":false},"excerpt":{"rendered":"<p>La crisis de salud y financiera tiene sumergido en incertidumbre a Estados Unidos y a los indocumentados, que actualmente son el grupo m\u00e1s vulnerable. Ante esto el alcalde de Los \u00c1ngeles, Eric Garcetti, propuso crear un fondo para ayudar a los indocumentados durante la pandemia de coronavirus. En conferencia de prensa sobre la pandemia en la ciudad, Garcetti, expres\u00f3 que la ayuda para los inmigrantes es de car\u00e1cter de urgente en estos tiempos tan dif\u00edciles y de emergencia. Por esta misma raz\u00f3n exigi\u00f3 al gobierno del estado a crear un fondo de ayuda econ\u00f3mica para aquellos que no son acreedores al cheque de $1,200 d\u00f3lares que algunos indocumentados recibir\u00e1n. En su cuenta de Twitter, Garcetti, aparece con un cubrebocas y plante\u00f3 que extender el cr\u00e9dito tributario del estado, brindar\u00e1 un respiro inmediato a unas 600,000 personas. \u201cEstoy pidiendo al estado que ofrezca un cr\u00e9dito por trabajo para todos los californianos, sin importar su estatus migratorio\u201d, expres\u00f3 el alcalde de Los \u00c1ngeles. Para Eric Garcetii, no hay diferencia entre contribuyentes, \u201cno importan si cuenta o no con documentos\u201d, por lo que es imperativo que sean parte del ayuda que el gobierno ofrece a sus habitantes. En California se calcula que existe un aproximado de 2 millones de indocumentados y la gran mayor\u00eda ha perdido su trabajo debido al coronavirus, que provoco el cierre de negocios y que muchas empresas recortaran salarios o corrieran a sus trabajadores. Gavin Newsom, gobernador de California, estar\u00eda reflexionando seriamente la propuesta de Garcetti, como parte de las medidas de apoyo que llevar\u00eda a cabo el estado, para apoyar a los indocumentados desempleados durante la pandemia. Fuente: La Opini\u00f3n<\/p>","protected":false},"author":13,"featured_media":20825,"comment_status":"open","ping_status":"open","sticky":false,"template":"","format":"standard","meta":{"_uf_show_specific_survey":0,"_uf_disable_surveys":false,"footnotes":""},"categories":[10,1],"tags":[],"class_list":["post-20824","post","type-post","status-publish","format-standard","has-post-thumbnail","hentry","category-noticias","category-temas-de-interes"],"aioseo_notices":[],"yoast_head":"<!-- This site is optimized with the Yoast SEO plugin v27.4 - https:\/\/yoast.com\/product\/yoast-seo-wordpress\/ -->\n<title>Eric Garcetti, pide ayudar a los indocumentados<\/title>\n<meta name=\"description\" content=\"La crisis de salud y financiera tiene sumergido en incertidumbre a Estados Unidos y a los indocumentados, que actualmente son el grupo m\u00e1s\" \/>\n<meta name=\"robots\" content=\"index, follow, max-snippet:-1, max-image-preview:large, max-video-preview:-1\" \/>\n<link rel=\"canonical\" href=\"https:\/\/accesolatino.org\/en\/eric-garcetti-pide-ayudar-a-los-indocumentados\/temas-de-interes\/\" \/>\n<meta property=\"og:locale\" content=\"en_US\" \/>\n<meta property=\"og:type\" content=\"article\" \/>\n<meta property=\"og:title\" content=\"Eric Garcetti, pide ayudar a los indocumentados\" \/>\n<meta property=\"og:description\" content=\"La crisis de salud y financiera tiene sumergido en incertidumbre a Estados Unidos y a los indocumentados, que actualmente son el grupo m\u00e1s\" \/>\n<meta property=\"og:url\" content=\"https:\/\/accesolatino.org\/en\/eric-garcetti-pide-ayudar-a-los-indocumentados\/temas-de-interes\/\" \/>\n<meta property=\"og:site_name\" content=\"Acceso Latino\" \/>\n<meta property=\"article:publisher\" content=\"https:\/\/www.facebook.com\/AccesoLatinoOrg\" \/>\n<meta property=\"article:published_time\" content=\"2020-04-13T20:50:10+00:00\" \/>\n<meta property=\"article:modified_time\" content=\"2025-10-30T05:59:43+00:00\" \/>\n<meta property=\"og:image\" content=\"https:\/\/accesolatino.org\/wp-content\/uploads\/2020\/04\/Eric-Garcetti-pide-ayudar-a-los-indocumentados.png\" \/>\n\t<meta property=\"og:image:width\" content=\"600\" \/>\n\t<meta property=\"og:image:height\" content=\"338\" \/>\n\t<meta property=\"og:image:type\" content=\"image\/png\" \/>\n<meta name=\"author\" content=\"Noticias\" \/>\n<meta name=\"twitter:card\" content=\"summary_large_image\" \/>\n<meta name=\"twitter:creator\" content=\"@FAccLatino\" \/>\n<meta name=\"twitter:site\" content=\"@FAccLatino\" \/>\n<meta name=\"twitter:label1\" content=\"Written by\" \/>\n\t<meta name=\"twitter:data1\" content=\"Noticias\" \/>\n\t<meta name=\"twitter:label2\" content=\"Est. reading time\" \/>\n\t<meta name=\"twitter:data2\" content=\"2 minutes\" \/>\n<script type=\"application\/ld+json\" class=\"yoast-schema-graph\">{\"@context\":\"https:\\\/\\\/schema.org\",\"@graph\":[{\"@type\":\"Article\",\"@id\":\"https:\\\/\\\/accesolatino.org\\\/eric-garcetti-pide-ayudar-a-los-indocumentados\\\/temas-de-interes\\\/#article\",\"isPartOf\":{\"@id\":\"https:\\\/\\\/accesolatino.org\\\/eric-garcetti-pide-ayudar-a-los-indocumentados\\\/temas-de-interes\\\/\"},\"author\":{\"name\":\"Noticias\",\"@id\":\"https:\\\/\\\/accesolatino.org\\\/#\\\/schema\\\/person\\\/6b654926a4e7e4709c9ad12459661666\"},\"headline\":\"Eric Garcetti, pide ayudar a los indocumentados\",\"datePublished\":\"2020-04-13T20:50:10+00:00\",\"dateModified\":\"2025-10-30T05:59:43+00:00\",\"mainEntityOfPage\":{\"@id\":\"https:\\\/\\\/accesolatino.org\\\/eric-garcetti-pide-ayudar-a-los-indocumentados\\\/temas-de-interes\\\/\"},\"wordCount\":289,\"commentCount\":0,\"publisher\":{\"@id\":\"https:\\\/\\\/accesolatino.org\\\/#organization\"},\"image\":{\"@id\":\"https:\\\/\\\/accesolatino.org\\\/eric-garcetti-pide-ayudar-a-los-indocumentados\\\/temas-de-interes\\\/#primaryimage\"},\"thumbnailUrl\":\"https:\\\/\\\/accesolatino.org\\\/wp-content\\\/uploads\\\/2020\\\/04\\\/Eric-Garcetti-pide-ayudar-a-los-indocumentados.png\",\"articleSection\":[\"Noticias\",\"Temas de inter\u00e9s\"],\"inLanguage\":\"en-US\",\"potentialAction\":[{\"@type\":\"CommentAction\",\"name\":\"Comment\",\"target\":[\"https:\\\/\\\/accesolatino.org\\\/eric-garcetti-pide-ayudar-a-los-indocumentados\\\/temas-de-interes\\\/#respond\"]}]},{\"@type\":\"WebPage\",\"@id\":\"https:\\\/\\\/accesolatino.org\\\/eric-garcetti-pide-ayudar-a-los-indocumentados\\\/temas-de-interes\\\/\",\"url\":\"https:\\\/\\\/accesolatino.org\\\/eric-garcetti-pide-ayudar-a-los-indocumentados\\\/temas-de-interes\\\/\",\"name\":\"Eric Garcetti, pide ayudar a los indocumentados\",\"isPartOf\":{\"@id\":\"https:\\\/\\\/accesolatino.org\\\/#website\"},\"primaryImageOfPage\":{\"@id\":\"https:\\\/\\\/accesolatino.org\\\/eric-garcetti-pide-ayudar-a-los-indocumentados\\\/temas-de-interes\\\/#primaryimage\"},\"image\":{\"@id\":\"https:\\\/\\\/accesolatino.org\\\/eric-garcetti-pide-ayudar-a-los-indocumentados\\\/temas-de-interes\\\/#primaryimage\"},\"thumbnailUrl\":\"https:\\\/\\\/accesolatino.org\\\/wp-content\\\/uploads\\\/2020\\\/04\\\/Eric-Garcetti-pide-ayudar-a-los-indocumentados.png\",\"datePublished\":\"2020-04-13T20:50:10+00:00\",\"dateModified\":\"2025-10-30T05:59:43+00:00\",\"description\":\"La crisis de salud y financiera tiene sumergido en incertidumbre a Estados Unidos y a los indocumentados, que actualmente son el grupo m\u00e1s\",\"breadcrumb\":{\"@id\":\"https:\\\/\\\/accesolatino.org\\\/eric-garcetti-pide-ayudar-a-los-indocumentados\\\/temas-de-interes\\\/#breadcrumb\"},\"inLanguage\":\"en-US\",\"potentialAction\":[{\"@type\":\"ReadAction\",\"target\":[\"https:\\\/\\\/accesolatino.org\\\/eric-garcetti-pide-ayudar-a-los-indocumentados\\\/temas-de-interes\\\/\"]}]},{\"@type\":\"ImageObject\",\"inLanguage\":\"en-US\",\"@id\":\"https:\\\/\\\/accesolatino.org\\\/eric-garcetti-pide-ayudar-a-los-indocumentados\\\/temas-de-interes\\\/#primaryimage\",\"url\":\"https:\\\/\\\/accesolatino.org\\\/wp-content\\\/uploads\\\/2020\\\/04\\\/Eric-Garcetti-pide-ayudar-a-los-indocumentados.png\",\"contentUrl\":\"https:\\\/\\\/accesolatino.org\\\/wp-content\\\/uploads\\\/2020\\\/04\\\/Eric-Garcetti-pide-ayudar-a-los-indocumentados.png\",\"width\":600,\"height\":338},{\"@type\":\"BreadcrumbList\",\"@id\":\"https:\\\/\\\/accesolatino.org\\\/eric-garcetti-pide-ayudar-a-los-indocumentados\\\/temas-de-interes\\\/#breadcrumb\",\"itemListElement\":[{\"@type\":\"ListItem\",\"position\":1,\"name\":\"Portada\",\"item\":\"https:\\\/\\\/accesolatino.org\\\/\"},{\"@type\":\"ListItem\",\"position\":2,\"name\":\"Noticias\",\"item\":\"https:\\\/\\\/accesolatino.org\\\/category\\\/noticias\\\/\"},{\"@type\":\"ListItem\",\"position\":3,\"name\":\"Eric Garcetti, pide ayudar a los indocumentados\"}]},{\"@type\":\"WebSite\",\"@id\":\"https:\\\/\\\/accesolatino.org\\\/#website\",\"url\":\"https:\\\/\\\/accesolatino.org\\\/\",\"name\":\"Acceso Latino | Fundaci\u00f3n Carlos Slim\",\"description\":\"Fundaci\u00f3n Carlos Slim\",\"publisher\":{\"@id\":\"https:\\\/\\\/accesolatino.org\\\/#organization\"},\"potentialAction\":[{\"@type\":\"SearchAction\",\"target\":{\"@type\":\"EntryPoint\",\"urlTemplate\":\"https:\\\/\\\/accesolatino.org\\\/?s={search_term_string}\"},\"query-input\":{\"@type\":\"PropertyValueSpecification\",\"valueRequired\":true,\"valueName\":\"search_term_string\"}}],\"inLanguage\":\"en-US\"},{\"@type\":\"Organization\",\"@id\":\"https:\\\/\\\/accesolatino.org\\\/#organization\",\"name\":\"Acceso Latino | Fundaci\u00f3n Carlos Slim\",\"url\":\"https:\\\/\\\/accesolatino.org\\\/\",\"logo\":{\"@type\":\"ImageObject\",\"inLanguage\":\"en-US\",\"@id\":\"https:\\\/\\\/accesolatino.org\\\/#\\\/schema\\\/logo\\\/image\\\/\",\"url\":\"https:\\\/\\\/accesolatino.org\\\/wp-content\\\/uploads\\\/2021\\\/02\\\/logo-footer-acceso-latino.png\",\"contentUrl\":\"https:\\\/\\\/accesolatino.org\\\/wp-content\\\/uploads\\\/2021\\\/02\\\/logo-footer-acceso-latino.png\",\"width\":240,\"height\":40,\"caption\":\"Acceso Latino | Fundaci\u00f3n Carlos Slim\"},\"image\":{\"@id\":\"https:\\\/\\\/accesolatino.org\\\/#\\\/schema\\\/logo\\\/image\\\/\"},\"sameAs\":[\"https:\\\/\\\/www.facebook.com\\\/AccesoLatinoOrg\",\"https:\\\/\\\/x.com\\\/FAccLatino\"]},{\"@type\":\"Person\",\"@id\":\"https:\\\/\\\/accesolatino.org\\\/#\\\/schema\\\/person\\\/6b654926a4e7e4709c9ad12459661666\",\"name\":\"Noticias\"}]}<\/script>\n<!-- \/ Yoast SEO plugin. -->","yoast_head_json":{"title":"Eric Garcetti, pide ayudar a los indocumentados","description":"La crisis de salud y financiera tiene sumergido en incertidumbre a Estados Unidos y a los indocumentados, que actualmente son el grupo m\u00e1s","robots":{"index":"index","follow":"follow","max-snippet":"max-snippet:-1","max-image-preview":"max-image-preview:large","max-video-preview":"max-video-preview:-1"},"canonical":"https:\/\/accesolatino.org\/en\/eric-garcetti-pide-ayudar-a-los-indocumentados\/temas-de-interes\/","og_locale":"en_US","og_type":"article","og_title":"Eric Garcetti, pide ayudar a los indocumentados","og_description":"La crisis de salud y financiera tiene sumergido en incertidumbre a Estados Unidos y a los indocumentados, que actualmente son el grupo m\u00e1s","og_url":"https:\/\/accesolatino.org\/en\/eric-garcetti-pide-ayudar-a-los-indocumentados\/temas-de-interes\/","og_site_name":"Acceso Latino","article_publisher":"https:\/\/www.facebook.com\/AccesoLatinoOrg","article_published_time":"2020-04-13T20:50:10+00:00","article_modified_time":"2025-10-30T05:59:43+00:00","og_image":[{"width":600,"height":338,"url":"https:\/\/accesolatino.org\/wp-content\/uploads\/2020\/04\/Eric-Garcetti-pide-ayudar-a-los-indocumentados.png","type":"image\/png"}],"author":"Noticias","twitter_card":"summary_large_image","twitter_creator":"@FAccLatino","twitter_site":"@FAccLatino","twitter_misc":{"Written by":"Noticias","Est. reading time":"2 minutes"},"schema":{"@context":"https:\/\/schema.org","@graph":[{"@type":"Article","@id":"https:\/\/accesolatino.org\/eric-garcetti-pide-ayudar-a-los-indocumentados\/temas-de-interes\/#article","isPartOf":{"@id":"https:\/\/accesolatino.org\/eric-garcetti-pide-ayudar-a-los-indocumentados\/temas-de-interes\/"},"author":{"name":"Noticias","@id":"https:\/\/accesolatino.org\/#\/schema\/person\/6b654926a4e7e4709c9ad12459661666"},"headline":"Eric Garcetti, pide ayudar a los indocumentados","datePublished":"2020-04-13T20:50:10+00:00","dateModified":"2025-10-30T05:59:43+00:00","mainEntityOfPage":{"@id":"https:\/\/accesolatino.org\/eric-garcetti-pide-ayudar-a-los-indocumentados\/temas-de-interes\/"},"wordCount":289,"commentCount":0,"publisher":{"@id":"https:\/\/accesolatino.org\/#organization"},"image":{"@id":"https:\/\/accesolatino.org\/eric-garcetti-pide-ayudar-a-los-indocumentados\/temas-de-interes\/#primaryimage"},"thumbnailUrl":"https:\/\/accesolatino.org\/wp-content\/uploads\/2020\/04\/Eric-Garcetti-pide-ayudar-a-los-indocumentados.png","articleSection":["Noticias","Temas de inter\u00e9s"],"inLanguage":"en-US","potentialAction":[{"@type":"CommentAction","name":"Comment","target":["https:\/\/accesolatino.org\/eric-garcetti-pide-ayudar-a-los-indocumentados\/temas-de-interes\/#respond"]}]},{"@type":"WebPage","@id":"https:\/\/accesolatino.org\/eric-garcetti-pide-ayudar-a-los-indocumentados\/temas-de-interes\/","url":"https:\/\/accesolatino.org\/eric-garcetti-pide-ayudar-a-los-indocumentados\/temas-de-interes\/","name":"Eric Garcetti, pide ayudar a los indocumentados","isPartOf":{"@id":"https:\/\/accesolatino.org\/#website"},"primaryImageOfPage":{"@id":"https:\/\/accesolatino.org\/eric-garcetti-pide-ayudar-a-los-indocumentados\/temas-de-interes\/#primaryimage"},"image":{"@id":"https:\/\/accesolatino.org\/eric-garcetti-pide-ayudar-a-los-indocumentados\/temas-de-interes\/#primaryimage"},"thumbnailUrl":"https:\/\/accesolatino.org\/wp-content\/uploads\/2020\/04\/Eric-Garcetti-pide-ayudar-a-los-indocumentados.png","datePublished":"2020-04-13T20:50:10+00:00","dateModified":"2025-10-30T05:59:43+00:00","description":"La crisis de salud y financiera tiene sumergido en incertidumbre a Estados Unidos y a los indocumentados, que actualmente son el grupo m\u00e1s","breadcrumb":{"@id":"https:\/\/accesolatino.org\/eric-garcetti-pide-ayudar-a-los-indocumentados\/temas-de-interes\/#breadcrumb"},"inLanguage":"en-US","potentialAction":[{"@type":"ReadAction","target":["https:\/\/accesolatino.org\/eric-garcetti-pide-ayudar-a-los-indocumentados\/temas-de-interes\/"]}]},{"@type":"ImageObject","inLanguage":"en-US","@id":"https:\/\/accesolatino.org\/eric-garcetti-pide-ayudar-a-los-indocumentados\/temas-de-interes\/#primaryimage","url":"https:\/\/accesolatino.org\/wp-content\/uploads\/2020\/04\/Eric-Garcetti-pide-ayudar-a-los-indocumentados.png","contentUrl":"https:\/\/accesolatino.org\/wp-content\/uploads\/2020\/04\/Eric-Garcetti-pide-ayudar-a-los-indocumentados.png","width":600,"height":338},{"@type":"BreadcrumbList","@id":"https:\/\/accesolatino.org\/eric-garcetti-pide-ayudar-a-los-indocumentados\/temas-de-interes\/#breadcrumb","itemListElement":[{"@type":"ListItem","position":1,"name":"Portada","item":"https:\/\/accesolatino.org\/"},{"@type":"ListItem","position":2,"name":"Noticias","item":"https:\/\/accesolatino.org\/category\/noticias\/"},{"@type":"ListItem","position":3,"name":"Eric Garcetti, pide ayudar a los indocumentados"}]},{"@type":"WebSite","@id":"https:\/\/accesolatino.org\/#website","url":"https:\/\/accesolatino.org\/","name":"Acceso Latino | Fundaci\u00f3n Carlos Slim","description":"Fundaci\u00f3n Carlos Slim","publisher":{"@id":"https:\/\/accesolatino.org\/#organization"},"potentialAction":[{"@type":"SearchAction","target":{"@type":"EntryPoint","urlTemplate":"https:\/\/accesolatino.org\/?s={search_term_string}"},"query-input":{"@type":"PropertyValueSpecification","valueRequired":true,"valueName":"search_term_string"}}],"inLanguage":"en-US"},{"@type":"Organization","@id":"https:\/\/accesolatino.org\/#organization","name":"Acceso Latino | Fundaci\u00f3n Carlos Slim","url":"https:\/\/accesolatino.org\/","logo":{"@type":"ImageObject","inLanguage":"en-US","@id":"https:\/\/accesolatino.org\/#\/schema\/logo\/image\/","url":"https:\/\/accesolatino.org\/wp-content\/uploads\/2021\/02\/logo-footer-acceso-latino.png","contentUrl":"https:\/\/accesolatino.org\/wp-content\/uploads\/2021\/02\/logo-footer-acceso-latino.png","width":240,"height":40,"caption":"Acceso Latino | Fundaci\u00f3n Carlos Slim"},"image":{"@id":"https:\/\/accesolatino.org\/#\/schema\/logo\/image\/"},"sameAs":["https:\/\/www.facebook.com\/AccesoLatinoOrg","https:\/\/x.com\/FAccLatino"]},{"@type":"Person","@id":"https:\/\/accesolatino.org\/#\/schema\/person\/6b654926a4e7e4709c9ad12459661666","name":"News"}]}},"_links":{"self":[{"href":"https:\/\/accesolatino.org\/en\/wp-json\/wp\/v2\/posts\/20824","targetHints":{"allow":["GET"]}}],"collection":[{"href":"https:\/\/accesolatino.org\/en\/wp-json\/wp\/v2\/posts"}],"about":[{"href":"https:\/\/accesolatino.org\/en\/wp-json\/wp\/v2\/types\/post"}],"author":[{"embeddable":true,"href":"https:\/\/accesolatino.org\/en\/wp-json\/wp\/v2\/users\/13"}],"replies":[{"embeddable":true,"href":"https:\/\/accesolatino.org\/en\/wp-json\/wp\/v2\/comments?post=20824"}],"version-history":[{"count":1,"href":"https:\/\/accesolatino.org\/en\/wp-json\/wp\/v2\/posts\/20824\/revisions"}],"predecessor-version":[{"id":68338,"href":"https:\/\/accesolatino.org\/en\/wp-json\/wp\/v2\/posts\/20824\/revisions\/68338"}],"wp:featuredmedia":[{"embeddable":true,"href":"https:\/\/accesolatino.org\/en\/wp-json\/wp\/v2\/media\/20825"}],"wp:attachment":[{"href":"https:\/\/accesolatino.org\/en\/wp-json\/wp\/v2\/media?parent=20824"}],"wp:term":[{"taxonomy":"category","embeddable":true,"href":"https:\/\/accesolatino.org\/en\/wp-json\/wp\/v2\/categories?post=20824"},{"taxonomy":"post_tag","embeddable":true,"href":"https:\/\/accesolatino.org\/en\/wp-json\/wp\/v2\/tags?post=20824"}],"curies":[{"name":"wp","href":"https:\/\/api.w.org\/{rel}","templated":true}]}}