{"id":20796,"date":"2020-04-09T15:43:55","date_gmt":"2020-04-09T20:43:55","guid":{"rendered":"https:\/\/accesolatino.org\/?p=20796"},"modified":"2025-10-25T20:24:49","modified_gmt":"2025-10-26T02:24:49","slug":"cuando-usar-los-cubrebocas","status":"publish","type":"post","link":"https:\/\/accesolatino.org\/en\/cuando-usar-los-cubrebocas\/noticias\/","title":{"rendered":"Cuando usar los cubrebocas"},"content":{"rendered":"<div data-elementor-type=\"wp-post\" data-elementor-id=\"20796\" class=\"elementor elementor-20796\">\n\t\t\t\t\t\t<section class=\"elementor-section elementor-top-section elementor-element elementor-element-e311389 elementor-section-boxed elementor-section-height-default elementor-section-height-default wpr-particle-no wpr-jarallax-no wpr-parallax-no wpr-sticky-section-no wpr-equal-height-no\" data-id=\"e311389\" data-element_type=\"section\" data-e-type=\"section\">\n\t\t\t\t\t\t<div class=\"elementor-container elementor-column-gap-default\">\n\t\t\t\t\t<div class=\"elementor-column elementor-col-100 elementor-top-column elementor-element elementor-element-978633f\" data-id=\"978633f\" data-element_type=\"column\" data-e-type=\"column\">\n\t\t\t<div class=\"elementor-widget-wrap elementor-element-populated\">\n\t\t\t\t\t\t<div class=\"elementor-element elementor-element-6f3bde3 elementor-widget elementor-widget-text-editor\" data-id=\"6f3bde3\" data-element_type=\"widget\" data-e-type=\"widget\" data-widget_type=\"text-editor.default\">\n\t\t\t\t<div class=\"elementor-widget-container\">\n\t\t\t\t\t\t\t\t\t<p>Una de las principales dudas que tiene la ciudadan\u00eda es \u00bfcu\u00e1ndo usar cubrebocas? Varios expertos de la salud han se\u00f1alado que se deben utilizar cuando se est\u00e1 en lugares p\u00fablicos.\u00a0 Por ejemplo, en el supermercado, en el transporte p\u00fablico, oficina, etc.<\/p><p>La Organizaci\u00f3n Mundial de la Salud (OMS) ha se\u00f1alado que los cubrebocas s\u00f3lo los deben usar las personas enfermas y personal de salud que atiende a los contagiados por el Covid-19.<\/p><p>\u201cEstamos preocupados de que el uso de mascarillas m\u00e9dicas en la poblaci\u00f3n mundial pueda poner nerviosa y provoque la falta de material para la gente que en verdad lo necesita\u201d, expres\u00f3 la organizaci\u00f3n.<\/p><p>A pesar de esto, la OMS constantemente proporciona informes y ha manifestado, que las mascarillas o cubrebocas se pueden usar en lugares donde no se han tomado las medidas sanitarias adecuadas, como el lavado de manos o mantener la distancia\u201d, se\u00f1al\u00f3 Tedros Adhanom Ghebreyesus, presidente de la OMS.<\/p><p>La OMS ha declarado en reiteradas ocasiones que las mascarillas no evitan el contagio. \u201cLos pa\u00edses tienen que seguir buscando la cura o vacuna preventivas, realizar pruebas, aislar a los enfermos, tratar cada caso a detalle, y contactar a todas las posibles personas que pudo haber contagiado para tratarlos\u201d, concluy\u00f3 la organizaci\u00f3n.<\/p><p>La Organizaci\u00f3n Mundial de la Salud, dio las siguientes medidas para cumplirlas al pie de la letra:<\/p><ul><li>Lavarse las manos con agua y jab\u00f3n varias veces al d\u00eda, durante un minuto. Te dejamos el enlace de c\u00f3mo lavar tus manos correctamente: <a href=\"https:\/\/accesolatino.org\/en\/noticias\/la-oms-y-el-correcto-lavado-de-manos\/\">https:\/\/accesolatino.org\/noticias\/la-oms-y-el-correcto-lavado-de-manos\/<\/a><\/li><li>Al toser hay que cubrirse la nariz y la boca con el codo doblado.<\/li><li>Evita tocar los ojos, nariz y boca.<\/li><li>No salir de casa; m\u00e1s que para lo necesario.<\/li><li>Si no te sientes bien, qu\u00e9date en casa y habla a las l\u00edneas de ayuda.<\/li><li>Si los s\u00edntomas (tos seca fuerte, fiebre, dolor de cuerpo) siguen o empeoran, acude a tu cl\u00ednica u hospital m\u00e1s cercano.<\/li><\/ul><p>Ingresa a <strong>clikisalud.net<\/strong> para encontrar mucha informaci\u00f3n de este y otros temas.<\/p>\t\t\t\t\t\t\t\t<\/div>\n\t\t\t\t<\/div>\n\t\t\t\t\t<\/div>\n\t\t<\/div>\n\t\t\t\t\t<\/div>\n\t\t<\/section>\n\t\t\t\t<\/div>","protected":false},"excerpt":{"rendered":"<p>Una de las principales dudas que tiene la ciudadan\u00eda es \u00bfcu\u00e1ndo usar cubrebocas? Varios expertos de la salud han se\u00f1alado que se deben utilizar cuando se est\u00e1 en lugares p\u00fablicos.&nbsp; Por ejemplo, en el supermercado, en el transporte p\u00fablico, oficina, etc. La Organizaci\u00f3n Mundial de la Salud (OMS) ha se\u00f1alado que los cubrebocas s\u00f3lo los deben usar las personas enfermas y personal de salud que atiende a los contagiados por el Covid-19. \u201cEstamos preocupados de que el uso de mascarillas m\u00e9dicas en la poblaci\u00f3n mundial pueda poner nerviosa y provoque la falta de material para la gente que en verdad lo necesita\u201d, expres\u00f3 la organizaci\u00f3n. A pesar de esto, la OMS constantemente proporciona informes y ha manifestado, que las mascarillas o cubrebocas se pueden usar en lugares donde no se han tomado las medidas sanitarias adecuadas, como el lavado de manos o mantener la distancia\u201d, se\u00f1al\u00f3 Tedros Adhanom Ghebreyesus, presidente de la OMS. La OMS ha declarado en reiteradas ocasiones que las mascarillas no evitan el contagio. \u201cLos pa\u00edses tienen que seguir buscando la cura o vacuna preventivas, realizar pruebas, aislar a los enfermos, tratar cada caso a detalle, y contactar a todas las posibles personas que pudo haber contagiado para tratarlos\u201d, concluy\u00f3 la organizaci\u00f3n. La Organizaci\u00f3n Mundial de la Salud, dio las siguientes medidas para cumplirlas al pie de la letra: Lavarse las manos con agua y jab\u00f3n varias veces al d\u00eda, durante un minuto. Te dejamos el enlace de c\u00f3mo lavar tus manos correctamente: https:\/\/accesolatino.org\/noticias\/la-oms-y-el-correcto-lavado-de-manos\/ Al toser hay que cubrirse la nariz y la boca con el codo doblado. Evita tocar los ojos, nariz y boca. No salir de casa; m\u00e1s que para lo necesario. Si no te sientes bien, qu\u00e9date en casa y habla a las l\u00edneas de ayuda. Si los s\u00edntomas (tos seca fuerte, fiebre, dolor de cuerpo) siguen o empeoran, acude a tu cl\u00ednica u hospital m\u00e1s cercano. Ingresa a clikisalud.net para encontrar mucha informaci\u00f3n de este y otros temas.<\/p>","protected":false},"author":13,"featured_media":20797,"comment_status":"open","ping_status":"open","sticky":false,"template":"","format":"standard","meta":{"_uf_show_specific_survey":0,"_uf_disable_surveys":false,"footnotes":""},"categories":[10,1],"tags":[],"class_list":["post-20796","post","type-post","status-publish","format-standard","has-post-thumbnail","hentry","category-noticias","category-temas-de-interes"],"aioseo_notices":[],"yoast_head":"<!-- This site is optimized with the Yoast SEO plugin v27.4 - https:\/\/yoast.com\/product\/yoast-seo-wordpress\/ -->\n<title>Cuando usar los cubrebocas<\/title>\n<meta name=\"description\" content=\"Una de las principales dudas que tiene la ciudadan\u00eda es \u00bfcu\u00e1ndo usar cubrebocas? Varios expertos de la salud han se\u00f1alado que se deben utilizar\" \/>\n<meta name=\"robots\" content=\"index, follow, max-snippet:-1, max-image-preview:large, max-video-preview:-1\" \/>\n<link rel=\"canonical\" href=\"https:\/\/accesolatino.org\/en\/cuando-usar-los-cubrebocas\/noticias\/\" \/>\n<meta property=\"og:locale\" content=\"en_US\" \/>\n<meta property=\"og:type\" content=\"article\" \/>\n<meta property=\"og:title\" content=\"Cuando usar los cubrebocas\" \/>\n<meta property=\"og:description\" content=\"Una de las principales dudas que tiene la ciudadan\u00eda es \u00bfcu\u00e1ndo usar cubrebocas? Varios expertos de la salud han se\u00f1alado que se deben utilizar\" \/>\n<meta property=\"og:url\" content=\"https:\/\/accesolatino.org\/en\/cuando-usar-los-cubrebocas\/noticias\/\" \/>\n<meta property=\"og:site_name\" content=\"Acceso Latino\" \/>\n<meta property=\"article:publisher\" content=\"https:\/\/www.facebook.com\/AccesoLatinoOrg\" \/>\n<meta property=\"article:published_time\" content=\"2020-04-09T20:43:55+00:00\" \/>\n<meta property=\"article:modified_time\" content=\"2025-10-26T02:24:49+00:00\" \/>\n<meta property=\"og:image\" content=\"https:\/\/accesolatino.org\/wp-content\/uploads\/2020\/04\/Cuando-usar-los-cubrebocas.png\" \/>\n\t<meta property=\"og:image:width\" content=\"600\" \/>\n\t<meta property=\"og:image:height\" content=\"338\" \/>\n\t<meta property=\"og:image:type\" content=\"image\/png\" \/>\n<meta name=\"author\" content=\"Noticias\" \/>\n<meta name=\"twitter:card\" content=\"summary_large_image\" \/>\n<meta name=\"twitter:creator\" content=\"@FAccLatino\" \/>\n<meta name=\"twitter:site\" content=\"@FAccLatino\" \/>\n<meta name=\"twitter:label1\" content=\"Written by\" \/>\n\t<meta name=\"twitter:data1\" content=\"Noticias\" \/>\n\t<meta name=\"twitter:label2\" content=\"Est. reading time\" \/>\n\t<meta name=\"twitter:data2\" content=\"2 minutes\" \/>\n<script type=\"application\/ld+json\" class=\"yoast-schema-graph\">{\"@context\":\"https:\\\/\\\/schema.org\",\"@graph\":[{\"@type\":\"Article\",\"@id\":\"https:\\\/\\\/accesolatino.org\\\/cuando-usar-los-cubrebocas\\\/noticias\\\/#article\",\"isPartOf\":{\"@id\":\"https:\\\/\\\/accesolatino.org\\\/cuando-usar-los-cubrebocas\\\/noticias\\\/\"},\"author\":{\"name\":\"Noticias\",\"@id\":\"https:\\\/\\\/accesolatino.org\\\/#\\\/schema\\\/person\\\/6b654926a4e7e4709c9ad12459661666\"},\"headline\":\"Cuando usar los cubrebocas\",\"datePublished\":\"2020-04-09T20:43:55+00:00\",\"dateModified\":\"2025-10-26T02:24:49+00:00\",\"mainEntityOfPage\":{\"@id\":\"https:\\\/\\\/accesolatino.org\\\/cuando-usar-los-cubrebocas\\\/noticias\\\/\"},\"wordCount\":360,\"commentCount\":0,\"publisher\":{\"@id\":\"https:\\\/\\\/accesolatino.org\\\/#organization\"},\"image\":{\"@id\":\"https:\\\/\\\/accesolatino.org\\\/cuando-usar-los-cubrebocas\\\/noticias\\\/#primaryimage\"},\"thumbnailUrl\":\"https:\\\/\\\/accesolatino.org\\\/wp-content\\\/uploads\\\/2020\\\/04\\\/Cuando-usar-los-cubrebocas.png\",\"articleSection\":[\"Noticias\",\"Temas de inter\u00e9s\"],\"inLanguage\":\"en-US\",\"potentialAction\":[{\"@type\":\"CommentAction\",\"name\":\"Comment\",\"target\":[\"https:\\\/\\\/accesolatino.org\\\/cuando-usar-los-cubrebocas\\\/noticias\\\/#respond\"]}]},{\"@type\":\"WebPage\",\"@id\":\"https:\\\/\\\/accesolatino.org\\\/cuando-usar-los-cubrebocas\\\/noticias\\\/\",\"url\":\"https:\\\/\\\/accesolatino.org\\\/cuando-usar-los-cubrebocas\\\/noticias\\\/\",\"name\":\"Cuando usar los cubrebocas\",\"isPartOf\":{\"@id\":\"https:\\\/\\\/accesolatino.org\\\/#website\"},\"primaryImageOfPage\":{\"@id\":\"https:\\\/\\\/accesolatino.org\\\/cuando-usar-los-cubrebocas\\\/noticias\\\/#primaryimage\"},\"image\":{\"@id\":\"https:\\\/\\\/accesolatino.org\\\/cuando-usar-los-cubrebocas\\\/noticias\\\/#primaryimage\"},\"thumbnailUrl\":\"https:\\\/\\\/accesolatino.org\\\/wp-content\\\/uploads\\\/2020\\\/04\\\/Cuando-usar-los-cubrebocas.png\",\"datePublished\":\"2020-04-09T20:43:55+00:00\",\"dateModified\":\"2025-10-26T02:24:49+00:00\",\"description\":\"Una de las principales dudas que tiene la ciudadan\u00eda es \u00bfcu\u00e1ndo usar cubrebocas? Varios expertos de la salud han se\u00f1alado que se deben utilizar\",\"breadcrumb\":{\"@id\":\"https:\\\/\\\/accesolatino.org\\\/cuando-usar-los-cubrebocas\\\/noticias\\\/#breadcrumb\"},\"inLanguage\":\"en-US\",\"potentialAction\":[{\"@type\":\"ReadAction\",\"target\":[\"https:\\\/\\\/accesolatino.org\\\/cuando-usar-los-cubrebocas\\\/noticias\\\/\"]}]},{\"@type\":\"ImageObject\",\"inLanguage\":\"en-US\",\"@id\":\"https:\\\/\\\/accesolatino.org\\\/cuando-usar-los-cubrebocas\\\/noticias\\\/#primaryimage\",\"url\":\"https:\\\/\\\/accesolatino.org\\\/wp-content\\\/uploads\\\/2020\\\/04\\\/Cuando-usar-los-cubrebocas.png\",\"contentUrl\":\"https:\\\/\\\/accesolatino.org\\\/wp-content\\\/uploads\\\/2020\\\/04\\\/Cuando-usar-los-cubrebocas.png\",\"width\":600,\"height\":338,\"caption\":\"Cuando-usar-los-cubrebocas\"},{\"@type\":\"BreadcrumbList\",\"@id\":\"https:\\\/\\\/accesolatino.org\\\/cuando-usar-los-cubrebocas\\\/noticias\\\/#breadcrumb\",\"itemListElement\":[{\"@type\":\"ListItem\",\"position\":1,\"name\":\"Portada\",\"item\":\"https:\\\/\\\/accesolatino.org\\\/\"},{\"@type\":\"ListItem\",\"position\":2,\"name\":\"Noticias\",\"item\":\"https:\\\/\\\/accesolatino.org\\\/category\\\/noticias\\\/\"},{\"@type\":\"ListItem\",\"position\":3,\"name\":\"Cuando usar los cubrebocas\"}]},{\"@type\":\"WebSite\",\"@id\":\"https:\\\/\\\/accesolatino.org\\\/#website\",\"url\":\"https:\\\/\\\/accesolatino.org\\\/\",\"name\":\"Acceso Latino | Fundaci\u00f3n Carlos Slim\",\"description\":\"Fundaci\u00f3n Carlos Slim\",\"publisher\":{\"@id\":\"https:\\\/\\\/accesolatino.org\\\/#organization\"},\"potentialAction\":[{\"@type\":\"SearchAction\",\"target\":{\"@type\":\"EntryPoint\",\"urlTemplate\":\"https:\\\/\\\/accesolatino.org\\\/?s={search_term_string}\"},\"query-input\":{\"@type\":\"PropertyValueSpecification\",\"valueRequired\":true,\"valueName\":\"search_term_string\"}}],\"inLanguage\":\"en-US\"},{\"@type\":\"Organization\",\"@id\":\"https:\\\/\\\/accesolatino.org\\\/#organization\",\"name\":\"Acceso Latino | Fundaci\u00f3n Carlos Slim\",\"url\":\"https:\\\/\\\/accesolatino.org\\\/\",\"logo\":{\"@type\":\"ImageObject\",\"inLanguage\":\"en-US\",\"@id\":\"https:\\\/\\\/accesolatino.org\\\/#\\\/schema\\\/logo\\\/image\\\/\",\"url\":\"https:\\\/\\\/accesolatino.org\\\/wp-content\\\/uploads\\\/2021\\\/02\\\/logo-footer-acceso-latino.png\",\"contentUrl\":\"https:\\\/\\\/accesolatino.org\\\/wp-content\\\/uploads\\\/2021\\\/02\\\/logo-footer-acceso-latino.png\",\"width\":240,\"height\":40,\"caption\":\"Acceso Latino | Fundaci\u00f3n Carlos Slim\"},\"image\":{\"@id\":\"https:\\\/\\\/accesolatino.org\\\/#\\\/schema\\\/logo\\\/image\\\/\"},\"sameAs\":[\"https:\\\/\\\/www.facebook.com\\\/AccesoLatinoOrg\",\"https:\\\/\\\/x.com\\\/FAccLatino\"]},{\"@type\":\"Person\",\"@id\":\"https:\\\/\\\/accesolatino.org\\\/#\\\/schema\\\/person\\\/6b654926a4e7e4709c9ad12459661666\",\"name\":\"Noticias\"}]}<\/script>\n<!-- \/ Yoast SEO plugin. -->","yoast_head_json":{"title":"Cuando usar los cubrebocas","description":"Una de las principales dudas que tiene la ciudadan\u00eda es \u00bfcu\u00e1ndo usar cubrebocas? Varios expertos de la salud han se\u00f1alado que se deben utilizar","robots":{"index":"index","follow":"follow","max-snippet":"max-snippet:-1","max-image-preview":"max-image-preview:large","max-video-preview":"max-video-preview:-1"},"canonical":"https:\/\/accesolatino.org\/en\/cuando-usar-los-cubrebocas\/noticias\/","og_locale":"en_US","og_type":"article","og_title":"Cuando usar los cubrebocas","og_description":"Una de las principales dudas que tiene la ciudadan\u00eda es \u00bfcu\u00e1ndo usar cubrebocas? Varios expertos de la salud han se\u00f1alado que se deben utilizar","og_url":"https:\/\/accesolatino.org\/en\/cuando-usar-los-cubrebocas\/noticias\/","og_site_name":"Acceso Latino","article_publisher":"https:\/\/www.facebook.com\/AccesoLatinoOrg","article_published_time":"2020-04-09T20:43:55+00:00","article_modified_time":"2025-10-26T02:24:49+00:00","og_image":[{"width":600,"height":338,"url":"https:\/\/accesolatino.org\/wp-content\/uploads\/2020\/04\/Cuando-usar-los-cubrebocas.png","type":"image\/png"}],"author":"Noticias","twitter_card":"summary_large_image","twitter_creator":"@FAccLatino","twitter_site":"@FAccLatino","twitter_misc":{"Written by":"Noticias","Est. reading time":"2 minutes"},"schema":{"@context":"https:\/\/schema.org","@graph":[{"@type":"Article","@id":"https:\/\/accesolatino.org\/cuando-usar-los-cubrebocas\/noticias\/#article","isPartOf":{"@id":"https:\/\/accesolatino.org\/cuando-usar-los-cubrebocas\/noticias\/"},"author":{"name":"Noticias","@id":"https:\/\/accesolatino.org\/#\/schema\/person\/6b654926a4e7e4709c9ad12459661666"},"headline":"Cuando usar los cubrebocas","datePublished":"2020-04-09T20:43:55+00:00","dateModified":"2025-10-26T02:24:49+00:00","mainEntityOfPage":{"@id":"https:\/\/accesolatino.org\/cuando-usar-los-cubrebocas\/noticias\/"},"wordCount":360,"commentCount":0,"publisher":{"@id":"https:\/\/accesolatino.org\/#organization"},"image":{"@id":"https:\/\/accesolatino.org\/cuando-usar-los-cubrebocas\/noticias\/#primaryimage"},"thumbnailUrl":"https:\/\/accesolatino.org\/wp-content\/uploads\/2020\/04\/Cuando-usar-los-cubrebocas.png","articleSection":["Noticias","Temas de inter\u00e9s"],"inLanguage":"en-US","potentialAction":[{"@type":"CommentAction","name":"Comment","target":["https:\/\/accesolatino.org\/cuando-usar-los-cubrebocas\/noticias\/#respond"]}]},{"@type":"WebPage","@id":"https:\/\/accesolatino.org\/cuando-usar-los-cubrebocas\/noticias\/","url":"https:\/\/accesolatino.org\/cuando-usar-los-cubrebocas\/noticias\/","name":"Cuando usar los cubrebocas","isPartOf":{"@id":"https:\/\/accesolatino.org\/#website"},"primaryImageOfPage":{"@id":"https:\/\/accesolatino.org\/cuando-usar-los-cubrebocas\/noticias\/#primaryimage"},"image":{"@id":"https:\/\/accesolatino.org\/cuando-usar-los-cubrebocas\/noticias\/#primaryimage"},"thumbnailUrl":"https:\/\/accesolatino.org\/wp-content\/uploads\/2020\/04\/Cuando-usar-los-cubrebocas.png","datePublished":"2020-04-09T20:43:55+00:00","dateModified":"2025-10-26T02:24:49+00:00","description":"Una de las principales dudas que tiene la ciudadan\u00eda es \u00bfcu\u00e1ndo usar cubrebocas? Varios expertos de la salud han se\u00f1alado que se deben utilizar","breadcrumb":{"@id":"https:\/\/accesolatino.org\/cuando-usar-los-cubrebocas\/noticias\/#breadcrumb"},"inLanguage":"en-US","potentialAction":[{"@type":"ReadAction","target":["https:\/\/accesolatino.org\/cuando-usar-los-cubrebocas\/noticias\/"]}]},{"@type":"ImageObject","inLanguage":"en-US","@id":"https:\/\/accesolatino.org\/cuando-usar-los-cubrebocas\/noticias\/#primaryimage","url":"https:\/\/accesolatino.org\/wp-content\/uploads\/2020\/04\/Cuando-usar-los-cubrebocas.png","contentUrl":"https:\/\/accesolatino.org\/wp-content\/uploads\/2020\/04\/Cuando-usar-los-cubrebocas.png","width":600,"height":338,"caption":"Cuando-usar-los-cubrebocas"},{"@type":"BreadcrumbList","@id":"https:\/\/accesolatino.org\/cuando-usar-los-cubrebocas\/noticias\/#breadcrumb","itemListElement":[{"@type":"ListItem","position":1,"name":"Portada","item":"https:\/\/accesolatino.org\/"},{"@type":"ListItem","position":2,"name":"Noticias","item":"https:\/\/accesolatino.org\/category\/noticias\/"},{"@type":"ListItem","position":3,"name":"Cuando usar los cubrebocas"}]},{"@type":"WebSite","@id":"https:\/\/accesolatino.org\/#website","url":"https:\/\/accesolatino.org\/","name":"Acceso Latino | Fundaci\u00f3n Carlos Slim","description":"Fundaci\u00f3n Carlos Slim","publisher":{"@id":"https:\/\/accesolatino.org\/#organization"},"potentialAction":[{"@type":"SearchAction","target":{"@type":"EntryPoint","urlTemplate":"https:\/\/accesolatino.org\/?s={search_term_string}"},"query-input":{"@type":"PropertyValueSpecification","valueRequired":true,"valueName":"search_term_string"}}],"inLanguage":"en-US"},{"@type":"Organization","@id":"https:\/\/accesolatino.org\/#organization","name":"Acceso Latino | Fundaci\u00f3n Carlos Slim","url":"https:\/\/accesolatino.org\/","logo":{"@type":"ImageObject","inLanguage":"en-US","@id":"https:\/\/accesolatino.org\/#\/schema\/logo\/image\/","url":"https:\/\/accesolatino.org\/wp-content\/uploads\/2021\/02\/logo-footer-acceso-latino.png","contentUrl":"https:\/\/accesolatino.org\/wp-content\/uploads\/2021\/02\/logo-footer-acceso-latino.png","width":240,"height":40,"caption":"Acceso Latino | Fundaci\u00f3n Carlos Slim"},"image":{"@id":"https:\/\/accesolatino.org\/#\/schema\/logo\/image\/"},"sameAs":["https:\/\/www.facebook.com\/AccesoLatinoOrg","https:\/\/x.com\/FAccLatino"]},{"@type":"Person","@id":"https:\/\/accesolatino.org\/#\/schema\/person\/6b654926a4e7e4709c9ad12459661666","name":"News"}]}},"_links":{"self":[{"href":"https:\/\/accesolatino.org\/en\/wp-json\/wp\/v2\/posts\/20796","targetHints":{"allow":["GET"]}}],"collection":[{"href":"https:\/\/accesolatino.org\/en\/wp-json\/wp\/v2\/posts"}],"about":[{"href":"https:\/\/accesolatino.org\/en\/wp-json\/wp\/v2\/types\/post"}],"author":[{"embeddable":true,"href":"https:\/\/accesolatino.org\/en\/wp-json\/wp\/v2\/users\/13"}],"replies":[{"embeddable":true,"href":"https:\/\/accesolatino.org\/en\/wp-json\/wp\/v2\/comments?post=20796"}],"version-history":[{"count":1,"href":"https:\/\/accesolatino.org\/en\/wp-json\/wp\/v2\/posts\/20796\/revisions"}],"predecessor-version":[{"id":65926,"href":"https:\/\/accesolatino.org\/en\/wp-json\/wp\/v2\/posts\/20796\/revisions\/65926"}],"wp:featuredmedia":[{"embeddable":true,"href":"https:\/\/accesolatino.org\/en\/wp-json\/wp\/v2\/media\/20797"}],"wp:attachment":[{"href":"https:\/\/accesolatino.org\/en\/wp-json\/wp\/v2\/media?parent=20796"}],"wp:term":[{"taxonomy":"category","embeddable":true,"href":"https:\/\/accesolatino.org\/en\/wp-json\/wp\/v2\/categories?post=20796"},{"taxonomy":"post_tag","embeddable":true,"href":"https:\/\/accesolatino.org\/en\/wp-json\/wp\/v2\/tags?post=20796"}],"curies":[{"name":"wp","href":"https:\/\/api.w.org\/{rel}","templated":true}]}}