{"id":20775,"date":"2020-04-08T10:30:50","date_gmt":"2020-04-08T15:30:50","guid":{"rendered":"https:\/\/accesolatino.org\/?p=20775"},"modified":"2025-10-25T20:24:43","modified_gmt":"2025-10-26T02:24:43","slug":"democratas-presentan-proyecto-para-ayudar-a-indocumentados-por-el-coronavirus","status":"publish","type":"post","link":"https:\/\/accesolatino.org\/en\/democratas-presentan-proyecto-para-ayudar-a-indocumentados-por-el-coronavirus\/noticias\/","title":{"rendered":"Dem\u00f3cratas presentan proyecto para ayudar a indocumentados por el coronavirus"},"content":{"rendered":"<div data-elementor-type=\"wp-post\" data-elementor-id=\"20775\" class=\"elementor elementor-20775\">\n\t\t\t\t\t\t<section class=\"elementor-section elementor-top-section elementor-element elementor-element-e311389 elementor-section-boxed elementor-section-height-default elementor-section-height-default wpr-particle-no wpr-jarallax-no wpr-parallax-no wpr-sticky-section-no wpr-equal-height-no\" data-id=\"e311389\" data-element_type=\"section\" data-e-type=\"section\">\n\t\t\t\t\t\t<div class=\"elementor-container elementor-column-gap-default\">\n\t\t\t\t\t<div class=\"elementor-column elementor-col-100 elementor-top-column elementor-element elementor-element-978633f\" data-id=\"978633f\" data-element_type=\"column\" data-e-type=\"column\">\n\t\t\t<div class=\"elementor-widget-wrap elementor-element-populated\">\n\t\t\t\t\t\t<div class=\"elementor-element elementor-element-6f3bde3 elementor-widget elementor-widget-text-editor\" data-id=\"6f3bde3\" data-element_type=\"widget\" data-e-type=\"widget\" data-widget_type=\"text-editor.default\">\n\t\t\t\t<div class=\"elementor-widget-container\">\n\t\t\t\t\t\t\t\t\t<p>El viernes de la semana pasada, dem\u00f3cratas de la C\u00e1mara de Representantes, presentaron una reforma que ayudar\u00e1 a los indocumentados econ\u00f3micamente, como parte del paquete de apoyo por el coronavirus.<\/p><p>El proyecto \u201cLeave No Taxpayer Behind\u201d fue presentado por el representante dem\u00f3crata de California, Lou Correa, y otros dos legisladores, el cual corregir\u00e1 el monto de asistencia de coronavirus a dos billones de d\u00f3lares, as\u00ed lo anunciaron para el peri\u00f3dico Daily Caller.<\/p><p>Lou Correa, en un comunicado de prensa dijo: \u201cMe entristeci\u00f3 saber que los inmigrantes trabajadores que pagan impuestos, quedar\u00e1n excluidos de la Ley Cares\u201d.<\/p><p>\u201cTodos los inmigrantes corren mucho peligro, ya que son uno de los grupos m\u00e1s vulnerables ante la pandemia, por lo que el gobierno les brindar\u00e1 la ayuda necesaria\u201d, a\u00f1adi\u00f3 el representante dem\u00f3crata.<\/p><p>Los cheques de mil 200 d\u00f3lares se les entregar\u00e1n a inmigrantes con n\u00famero de seguridad social, dijo la congresista de Nueva York, Alexandria Ocasio-Cortez.<\/p><p>A decir de los activistas, este tipo de apoyos representan una gran ayuda, ya que los inmigrantes e indocumentados, est\u00e1n padeciendo mucho, debido a la falta de apoyos del gobierno.<\/p><p>No solo est\u00e1n sufriendo por el coronavirus, muchos de ellos perdieron su trabajo debido a la pandemia, otros tantos est\u00e1n cobrando la mitad de su salario y muchos de ellos viven en situaciones precarias.<\/p><p>Fuente: Washington Examiner <\/p>\t\t\t\t\t\t\t\t<\/div>\n\t\t\t\t<\/div>\n\t\t\t\t\t<\/div>\n\t\t<\/div>\n\t\t\t\t\t<\/div>\n\t\t<\/section>\n\t\t\t\t<\/div>","protected":false},"excerpt":{"rendered":"<p>El viernes de la semana pasada, dem\u00f3cratas de la C\u00e1mara de Representantes, presentaron una reforma que ayudar\u00e1 a los indocumentados econ\u00f3micamente, como parte del paquete de apoyo por el coronavirus. El proyecto \u201cLeave No Taxpayer Behind\u201d fue presentado por el representante dem\u00f3crata de California, Lou Correa, y otros dos legisladores, el cual corregir\u00e1 el monto de asistencia de coronavirus a dos billones de d\u00f3lares, as\u00ed lo anunciaron para el peri\u00f3dico Daily Caller. Lou Correa, en un comunicado de prensa dijo: \u201cMe entristeci\u00f3 saber que los inmigrantes trabajadores que pagan impuestos, quedar\u00e1n excluidos de la Ley Cares\u201d. \u201cTodos los inmigrantes corren mucho peligro, ya que son uno de los grupos m\u00e1s vulnerables ante la pandemia, por lo que el gobierno les brindar\u00e1 la ayuda necesaria\u201d, a\u00f1adi\u00f3 el representante dem\u00f3crata. Los cheques de mil 200 d\u00f3lares se les entregar\u00e1n a inmigrantes con n\u00famero de seguridad social, dijo la congresista de Nueva York, Alexandria Ocasio-Cortez. A decir de los activistas, este tipo de apoyos representan una gran ayuda, ya que los inmigrantes e indocumentados, est\u00e1n padeciendo mucho, debido a la falta de apoyos del gobierno. No solo est\u00e1n sufriendo por el coronavirus, muchos de ellos perdieron su trabajo debido a la pandemia, otros tantos est\u00e1n cobrando la mitad de su salario y muchos de ellos viven en situaciones precarias. Fuente: Washington Examiner<\/p>","protected":false},"author":13,"featured_media":20776,"comment_status":"open","ping_status":"open","sticky":false,"template":"","format":"standard","meta":{"_uf_show_specific_survey":0,"_uf_disable_surveys":false,"footnotes":""},"categories":[10,1],"tags":[],"class_list":["post-20775","post","type-post","status-publish","format-standard","has-post-thumbnail","hentry","category-noticias","category-temas-de-interes"],"aioseo_notices":[],"yoast_head":"<!-- This site is optimized with the Yoast SEO plugin v27.4 - https:\/\/yoast.com\/product\/yoast-seo-wordpress\/ -->\n<title>Dem\u00f3cratas presentan proyecto para ayudar a indocumentados por el coronavirus<\/title>\n<meta name=\"description\" content=\"El viernes de la semana pasada, dem\u00f3cratas de la C\u00e1mara de Representantes, presentaron una reforma que ayudar\u00e1 a los indocumentados\" \/>\n<meta name=\"robots\" content=\"index, follow, max-snippet:-1, max-image-preview:large, max-video-preview:-1\" \/>\n<link rel=\"canonical\" href=\"https:\/\/accesolatino.org\/en\/democratas-presentan-proyecto-para-ayudar-a-indocumentados-por-el-coronavirus\/noticias\/\" \/>\n<meta property=\"og:locale\" content=\"en_US\" \/>\n<meta property=\"og:type\" content=\"article\" \/>\n<meta property=\"og:title\" content=\"Dem\u00f3cratas presentan proyecto para ayudar a indocumentados por el coronavirus\" \/>\n<meta property=\"og:description\" content=\"El viernes de la semana pasada, dem\u00f3cratas de la C\u00e1mara de Representantes, presentaron una reforma que ayudar\u00e1 a los indocumentados\" \/>\n<meta property=\"og:url\" content=\"https:\/\/accesolatino.org\/en\/democratas-presentan-proyecto-para-ayudar-a-indocumentados-por-el-coronavirus\/noticias\/\" \/>\n<meta property=\"og:site_name\" content=\"Acceso Latino\" \/>\n<meta property=\"article:publisher\" content=\"https:\/\/www.facebook.com\/AccesoLatinoOrg\" \/>\n<meta property=\"article:published_time\" content=\"2020-04-08T15:30:50+00:00\" \/>\n<meta property=\"article:modified_time\" content=\"2025-10-26T02:24:43+00:00\" \/>\n<meta property=\"og:image\" content=\"https:\/\/accesolatino.org\/wp-content\/uploads\/2020\/04\/Demo\u0301cratas-presentan-proyecto-paraayudar-a-indocumentados-por-el-coronavirus.png\" \/>\n\t<meta property=\"og:image:width\" content=\"600\" \/>\n\t<meta property=\"og:image:height\" content=\"338\" \/>\n\t<meta property=\"og:image:type\" content=\"image\/png\" \/>\n<meta name=\"author\" content=\"Noticias\" \/>\n<meta name=\"twitter:card\" content=\"summary_large_image\" \/>\n<meta name=\"twitter:creator\" content=\"@FAccLatino\" \/>\n<meta name=\"twitter:site\" content=\"@FAccLatino\" \/>\n<meta name=\"twitter:label1\" content=\"Written by\" \/>\n\t<meta name=\"twitter:data1\" content=\"Noticias\" \/>\n\t<meta name=\"twitter:label2\" content=\"Est. reading time\" \/>\n\t<meta name=\"twitter:data2\" content=\"2 minutes\" \/>\n<script type=\"application\/ld+json\" class=\"yoast-schema-graph\">{\"@context\":\"https:\\\/\\\/schema.org\",\"@graph\":[{\"@type\":\"Article\",\"@id\":\"https:\\\/\\\/accesolatino.org\\\/democratas-presentan-proyecto-para-ayudar-a-indocumentados-por-el-coronavirus\\\/noticias\\\/#article\",\"isPartOf\":{\"@id\":\"https:\\\/\\\/accesolatino.org\\\/democratas-presentan-proyecto-para-ayudar-a-indocumentados-por-el-coronavirus\\\/noticias\\\/\"},\"author\":{\"name\":\"Noticias\",\"@id\":\"https:\\\/\\\/accesolatino.org\\\/#\\\/schema\\\/person\\\/6b654926a4e7e4709c9ad12459661666\"},\"headline\":\"Dem\u00f3cratas presentan proyecto para ayudar a indocumentados por el coronavirus\",\"datePublished\":\"2020-04-08T15:30:50+00:00\",\"dateModified\":\"2025-10-26T02:24:43+00:00\",\"mainEntityOfPage\":{\"@id\":\"https:\\\/\\\/accesolatino.org\\\/democratas-presentan-proyecto-para-ayudar-a-indocumentados-por-el-coronavirus\\\/noticias\\\/\"},\"wordCount\":245,\"commentCount\":0,\"publisher\":{\"@id\":\"https:\\\/\\\/accesolatino.org\\\/#organization\"},\"image\":{\"@id\":\"https:\\\/\\\/accesolatino.org\\\/democratas-presentan-proyecto-para-ayudar-a-indocumentados-por-el-coronavirus\\\/noticias\\\/#primaryimage\"},\"thumbnailUrl\":\"https:\\\/\\\/accesolatino.org\\\/wp-content\\\/uploads\\\/2020\\\/04\\\/Demo\u0301cratas-presentan-proyecto-paraayudar-a-indocumentados-por-el-coronavirus.png\",\"articleSection\":[\"Noticias\",\"Temas de inter\u00e9s\"],\"inLanguage\":\"en-US\",\"potentialAction\":[{\"@type\":\"CommentAction\",\"name\":\"Comment\",\"target\":[\"https:\\\/\\\/accesolatino.org\\\/democratas-presentan-proyecto-para-ayudar-a-indocumentados-por-el-coronavirus\\\/noticias\\\/#respond\"]}]},{\"@type\":\"WebPage\",\"@id\":\"https:\\\/\\\/accesolatino.org\\\/democratas-presentan-proyecto-para-ayudar-a-indocumentados-por-el-coronavirus\\\/noticias\\\/\",\"url\":\"https:\\\/\\\/accesolatino.org\\\/democratas-presentan-proyecto-para-ayudar-a-indocumentados-por-el-coronavirus\\\/noticias\\\/\",\"name\":\"Dem\u00f3cratas presentan proyecto para ayudar a indocumentados por el coronavirus\",\"isPartOf\":{\"@id\":\"https:\\\/\\\/accesolatino.org\\\/#website\"},\"primaryImageOfPage\":{\"@id\":\"https:\\\/\\\/accesolatino.org\\\/democratas-presentan-proyecto-para-ayudar-a-indocumentados-por-el-coronavirus\\\/noticias\\\/#primaryimage\"},\"image\":{\"@id\":\"https:\\\/\\\/accesolatino.org\\\/democratas-presentan-proyecto-para-ayudar-a-indocumentados-por-el-coronavirus\\\/noticias\\\/#primaryimage\"},\"thumbnailUrl\":\"https:\\\/\\\/accesolatino.org\\\/wp-content\\\/uploads\\\/2020\\\/04\\\/Demo\u0301cratas-presentan-proyecto-paraayudar-a-indocumentados-por-el-coronavirus.png\",\"datePublished\":\"2020-04-08T15:30:50+00:00\",\"dateModified\":\"2025-10-26T02:24:43+00:00\",\"description\":\"El viernes de la semana pasada, dem\u00f3cratas de la C\u00e1mara de Representantes, presentaron una reforma que ayudar\u00e1 a los indocumentados\",\"breadcrumb\":{\"@id\":\"https:\\\/\\\/accesolatino.org\\\/democratas-presentan-proyecto-para-ayudar-a-indocumentados-por-el-coronavirus\\\/noticias\\\/#breadcrumb\"},\"inLanguage\":\"en-US\",\"potentialAction\":[{\"@type\":\"ReadAction\",\"target\":[\"https:\\\/\\\/accesolatino.org\\\/democratas-presentan-proyecto-para-ayudar-a-indocumentados-por-el-coronavirus\\\/noticias\\\/\"]}]},{\"@type\":\"ImageObject\",\"inLanguage\":\"en-US\",\"@id\":\"https:\\\/\\\/accesolatino.org\\\/democratas-presentan-proyecto-para-ayudar-a-indocumentados-por-el-coronavirus\\\/noticias\\\/#primaryimage\",\"url\":\"https:\\\/\\\/accesolatino.org\\\/wp-content\\\/uploads\\\/2020\\\/04\\\/Demo\u0301cratas-presentan-proyecto-paraayudar-a-indocumentados-por-el-coronavirus.png\",\"contentUrl\":\"https:\\\/\\\/accesolatino.org\\\/wp-content\\\/uploads\\\/2020\\\/04\\\/Demo\u0301cratas-presentan-proyecto-paraayudar-a-indocumentados-por-el-coronavirus.png\",\"width\":600,\"height\":338},{\"@type\":\"BreadcrumbList\",\"@id\":\"https:\\\/\\\/accesolatino.org\\\/democratas-presentan-proyecto-para-ayudar-a-indocumentados-por-el-coronavirus\\\/noticias\\\/#breadcrumb\",\"itemListElement\":[{\"@type\":\"ListItem\",\"position\":1,\"name\":\"Portada\",\"item\":\"https:\\\/\\\/accesolatino.org\\\/\"},{\"@type\":\"ListItem\",\"position\":2,\"name\":\"Noticias\",\"item\":\"https:\\\/\\\/accesolatino.org\\\/category\\\/noticias\\\/\"},{\"@type\":\"ListItem\",\"position\":3,\"name\":\"Dem\u00f3cratas presentan proyecto para ayudar a indocumentados por el coronavirus\"}]},{\"@type\":\"WebSite\",\"@id\":\"https:\\\/\\\/accesolatino.org\\\/#website\",\"url\":\"https:\\\/\\\/accesolatino.org\\\/\",\"name\":\"Acceso Latino | Fundaci\u00f3n Carlos Slim\",\"description\":\"Fundaci\u00f3n Carlos Slim\",\"publisher\":{\"@id\":\"https:\\\/\\\/accesolatino.org\\\/#organization\"},\"potentialAction\":[{\"@type\":\"SearchAction\",\"target\":{\"@type\":\"EntryPoint\",\"urlTemplate\":\"https:\\\/\\\/accesolatino.org\\\/?s={search_term_string}\"},\"query-input\":{\"@type\":\"PropertyValueSpecification\",\"valueRequired\":true,\"valueName\":\"search_term_string\"}}],\"inLanguage\":\"en-US\"},{\"@type\":\"Organization\",\"@id\":\"https:\\\/\\\/accesolatino.org\\\/#organization\",\"name\":\"Acceso Latino | Fundaci\u00f3n Carlos Slim\",\"url\":\"https:\\\/\\\/accesolatino.org\\\/\",\"logo\":{\"@type\":\"ImageObject\",\"inLanguage\":\"en-US\",\"@id\":\"https:\\\/\\\/accesolatino.org\\\/#\\\/schema\\\/logo\\\/image\\\/\",\"url\":\"https:\\\/\\\/accesolatino.org\\\/wp-content\\\/uploads\\\/2021\\\/02\\\/logo-footer-acceso-latino.png\",\"contentUrl\":\"https:\\\/\\\/accesolatino.org\\\/wp-content\\\/uploads\\\/2021\\\/02\\\/logo-footer-acceso-latino.png\",\"width\":240,\"height\":40,\"caption\":\"Acceso Latino | Fundaci\u00f3n Carlos Slim\"},\"image\":{\"@id\":\"https:\\\/\\\/accesolatino.org\\\/#\\\/schema\\\/logo\\\/image\\\/\"},\"sameAs\":[\"https:\\\/\\\/www.facebook.com\\\/AccesoLatinoOrg\",\"https:\\\/\\\/x.com\\\/FAccLatino\"]},{\"@type\":\"Person\",\"@id\":\"https:\\\/\\\/accesolatino.org\\\/#\\\/schema\\\/person\\\/6b654926a4e7e4709c9ad12459661666\",\"name\":\"Noticias\"}]}<\/script>\n<!-- \/ Yoast SEO plugin. -->","yoast_head_json":{"title":"Dem\u00f3cratas presentan proyecto para ayudar a indocumentados por el coronavirus","description":"El viernes de la semana pasada, dem\u00f3cratas de la C\u00e1mara de Representantes, presentaron una reforma que ayudar\u00e1 a los indocumentados","robots":{"index":"index","follow":"follow","max-snippet":"max-snippet:-1","max-image-preview":"max-image-preview:large","max-video-preview":"max-video-preview:-1"},"canonical":"https:\/\/accesolatino.org\/en\/democratas-presentan-proyecto-para-ayudar-a-indocumentados-por-el-coronavirus\/noticias\/","og_locale":"en_US","og_type":"article","og_title":"Dem\u00f3cratas presentan proyecto para ayudar a indocumentados por el coronavirus","og_description":"El viernes de la semana pasada, dem\u00f3cratas de la C\u00e1mara de Representantes, presentaron una reforma que ayudar\u00e1 a los indocumentados","og_url":"https:\/\/accesolatino.org\/en\/democratas-presentan-proyecto-para-ayudar-a-indocumentados-por-el-coronavirus\/noticias\/","og_site_name":"Acceso Latino","article_publisher":"https:\/\/www.facebook.com\/AccesoLatinoOrg","article_published_time":"2020-04-08T15:30:50+00:00","article_modified_time":"2025-10-26T02:24:43+00:00","og_image":[{"width":600,"height":338,"url":"https:\/\/accesolatino.org\/wp-content\/uploads\/2020\/04\/Demo\u0301cratas-presentan-proyecto-paraayudar-a-indocumentados-por-el-coronavirus.png","type":"image\/png"}],"author":"Noticias","twitter_card":"summary_large_image","twitter_creator":"@FAccLatino","twitter_site":"@FAccLatino","twitter_misc":{"Written by":"Noticias","Est. reading time":"2 minutes"},"schema":{"@context":"https:\/\/schema.org","@graph":[{"@type":"Article","@id":"https:\/\/accesolatino.org\/democratas-presentan-proyecto-para-ayudar-a-indocumentados-por-el-coronavirus\/noticias\/#article","isPartOf":{"@id":"https:\/\/accesolatino.org\/democratas-presentan-proyecto-para-ayudar-a-indocumentados-por-el-coronavirus\/noticias\/"},"author":{"name":"Noticias","@id":"https:\/\/accesolatino.org\/#\/schema\/person\/6b654926a4e7e4709c9ad12459661666"},"headline":"Dem\u00f3cratas presentan proyecto para ayudar a indocumentados por el coronavirus","datePublished":"2020-04-08T15:30:50+00:00","dateModified":"2025-10-26T02:24:43+00:00","mainEntityOfPage":{"@id":"https:\/\/accesolatino.org\/democratas-presentan-proyecto-para-ayudar-a-indocumentados-por-el-coronavirus\/noticias\/"},"wordCount":245,"commentCount":0,"publisher":{"@id":"https:\/\/accesolatino.org\/#organization"},"image":{"@id":"https:\/\/accesolatino.org\/democratas-presentan-proyecto-para-ayudar-a-indocumentados-por-el-coronavirus\/noticias\/#primaryimage"},"thumbnailUrl":"https:\/\/accesolatino.org\/wp-content\/uploads\/2020\/04\/Demo\u0301cratas-presentan-proyecto-paraayudar-a-indocumentados-por-el-coronavirus.png","articleSection":["Noticias","Temas de inter\u00e9s"],"inLanguage":"en-US","potentialAction":[{"@type":"CommentAction","name":"Comment","target":["https:\/\/accesolatino.org\/democratas-presentan-proyecto-para-ayudar-a-indocumentados-por-el-coronavirus\/noticias\/#respond"]}]},{"@type":"WebPage","@id":"https:\/\/accesolatino.org\/democratas-presentan-proyecto-para-ayudar-a-indocumentados-por-el-coronavirus\/noticias\/","url":"https:\/\/accesolatino.org\/democratas-presentan-proyecto-para-ayudar-a-indocumentados-por-el-coronavirus\/noticias\/","name":"Dem\u00f3cratas presentan proyecto para ayudar a indocumentados por el coronavirus","isPartOf":{"@id":"https:\/\/accesolatino.org\/#website"},"primaryImageOfPage":{"@id":"https:\/\/accesolatino.org\/democratas-presentan-proyecto-para-ayudar-a-indocumentados-por-el-coronavirus\/noticias\/#primaryimage"},"image":{"@id":"https:\/\/accesolatino.org\/democratas-presentan-proyecto-para-ayudar-a-indocumentados-por-el-coronavirus\/noticias\/#primaryimage"},"thumbnailUrl":"https:\/\/accesolatino.org\/wp-content\/uploads\/2020\/04\/Demo\u0301cratas-presentan-proyecto-paraayudar-a-indocumentados-por-el-coronavirus.png","datePublished":"2020-04-08T15:30:50+00:00","dateModified":"2025-10-26T02:24:43+00:00","description":"El viernes de la semana pasada, dem\u00f3cratas de la C\u00e1mara de Representantes, presentaron una reforma que ayudar\u00e1 a los indocumentados","breadcrumb":{"@id":"https:\/\/accesolatino.org\/democratas-presentan-proyecto-para-ayudar-a-indocumentados-por-el-coronavirus\/noticias\/#breadcrumb"},"inLanguage":"en-US","potentialAction":[{"@type":"ReadAction","target":["https:\/\/accesolatino.org\/democratas-presentan-proyecto-para-ayudar-a-indocumentados-por-el-coronavirus\/noticias\/"]}]},{"@type":"ImageObject","inLanguage":"en-US","@id":"https:\/\/accesolatino.org\/democratas-presentan-proyecto-para-ayudar-a-indocumentados-por-el-coronavirus\/noticias\/#primaryimage","url":"https:\/\/accesolatino.org\/wp-content\/uploads\/2020\/04\/Demo\u0301cratas-presentan-proyecto-paraayudar-a-indocumentados-por-el-coronavirus.png","contentUrl":"https:\/\/accesolatino.org\/wp-content\/uploads\/2020\/04\/Demo\u0301cratas-presentan-proyecto-paraayudar-a-indocumentados-por-el-coronavirus.png","width":600,"height":338},{"@type":"BreadcrumbList","@id":"https:\/\/accesolatino.org\/democratas-presentan-proyecto-para-ayudar-a-indocumentados-por-el-coronavirus\/noticias\/#breadcrumb","itemListElement":[{"@type":"ListItem","position":1,"name":"Portada","item":"https:\/\/accesolatino.org\/"},{"@type":"ListItem","position":2,"name":"Noticias","item":"https:\/\/accesolatino.org\/category\/noticias\/"},{"@type":"ListItem","position":3,"name":"Dem\u00f3cratas presentan proyecto para ayudar a indocumentados por el coronavirus"}]},{"@type":"WebSite","@id":"https:\/\/accesolatino.org\/#website","url":"https:\/\/accesolatino.org\/","name":"Acceso Latino | Fundaci\u00f3n Carlos Slim","description":"Fundaci\u00f3n Carlos Slim","publisher":{"@id":"https:\/\/accesolatino.org\/#organization"},"potentialAction":[{"@type":"SearchAction","target":{"@type":"EntryPoint","urlTemplate":"https:\/\/accesolatino.org\/?s={search_term_string}"},"query-input":{"@type":"PropertyValueSpecification","valueRequired":true,"valueName":"search_term_string"}}],"inLanguage":"en-US"},{"@type":"Organization","@id":"https:\/\/accesolatino.org\/#organization","name":"Acceso Latino | Fundaci\u00f3n Carlos Slim","url":"https:\/\/accesolatino.org\/","logo":{"@type":"ImageObject","inLanguage":"en-US","@id":"https:\/\/accesolatino.org\/#\/schema\/logo\/image\/","url":"https:\/\/accesolatino.org\/wp-content\/uploads\/2021\/02\/logo-footer-acceso-latino.png","contentUrl":"https:\/\/accesolatino.org\/wp-content\/uploads\/2021\/02\/logo-footer-acceso-latino.png","width":240,"height":40,"caption":"Acceso Latino | Fundaci\u00f3n Carlos Slim"},"image":{"@id":"https:\/\/accesolatino.org\/#\/schema\/logo\/image\/"},"sameAs":["https:\/\/www.facebook.com\/AccesoLatinoOrg","https:\/\/x.com\/FAccLatino"]},{"@type":"Person","@id":"https:\/\/accesolatino.org\/#\/schema\/person\/6b654926a4e7e4709c9ad12459661666","name":"News"}]}},"_links":{"self":[{"href":"https:\/\/accesolatino.org\/en\/wp-json\/wp\/v2\/posts\/20775","targetHints":{"allow":["GET"]}}],"collection":[{"href":"https:\/\/accesolatino.org\/en\/wp-json\/wp\/v2\/posts"}],"about":[{"href":"https:\/\/accesolatino.org\/en\/wp-json\/wp\/v2\/types\/post"}],"author":[{"embeddable":true,"href":"https:\/\/accesolatino.org\/en\/wp-json\/wp\/v2\/users\/13"}],"replies":[{"embeddable":true,"href":"https:\/\/accesolatino.org\/en\/wp-json\/wp\/v2\/comments?post=20775"}],"version-history":[{"count":1,"href":"https:\/\/accesolatino.org\/en\/wp-json\/wp\/v2\/posts\/20775\/revisions"}],"predecessor-version":[{"id":65925,"href":"https:\/\/accesolatino.org\/en\/wp-json\/wp\/v2\/posts\/20775\/revisions\/65925"}],"wp:featuredmedia":[{"embeddable":true,"href":"https:\/\/accesolatino.org\/en\/wp-json\/wp\/v2\/media\/20776"}],"wp:attachment":[{"href":"https:\/\/accesolatino.org\/en\/wp-json\/wp\/v2\/media?parent=20775"}],"wp:term":[{"taxonomy":"category","embeddable":true,"href":"https:\/\/accesolatino.org\/en\/wp-json\/wp\/v2\/categories?post=20775"},{"taxonomy":"post_tag","embeddable":true,"href":"https:\/\/accesolatino.org\/en\/wp-json\/wp\/v2\/tags?post=20775"}],"curies":[{"name":"wp","href":"https:\/\/api.w.org\/{rel}","templated":true}]}}