{"id":20740,"date":"2020-04-06T16:55:15","date_gmt":"2020-04-06T21:55:15","guid":{"rendered":"https:\/\/accesolatino.org\/?p=20740"},"modified":"2025-10-25T20:25:34","modified_gmt":"2025-10-26T02:25:34","slug":"indocumentados-desempleados-por-el-coronavirus-recibiran-ayuda-economica","status":"publish","type":"post","link":"https:\/\/accesolatino.org\/en\/indocumentados-desempleados-por-el-coronavirus-recibiran-ayuda-economica\/noticias\/","title":{"rendered":"Indocumentados desempleados por el coronavirus recibir\u00e1n ayuda econ\u00f3mica"},"content":{"rendered":"<div data-elementor-type=\"wp-post\" data-elementor-id=\"20740\" class=\"elementor elementor-20740\">\n\t\t\t\t\t\t<section class=\"elementor-section elementor-top-section elementor-element elementor-element-e311389 elementor-section-boxed elementor-section-height-default elementor-section-height-default wpr-particle-no wpr-jarallax-no wpr-parallax-no wpr-sticky-section-no wpr-equal-height-no\" data-id=\"e311389\" data-element_type=\"section\" data-e-type=\"section\">\n\t\t\t\t\t\t<div class=\"elementor-container elementor-column-gap-default\">\n\t\t\t\t\t<div class=\"elementor-column elementor-col-100 elementor-top-column elementor-element elementor-element-978633f\" data-id=\"978633f\" data-element_type=\"column\" data-e-type=\"column\">\n\t\t\t<div class=\"elementor-widget-wrap elementor-element-populated\">\n\t\t\t\t\t\t<div class=\"elementor-element elementor-element-6f3bde3 elementor-widget elementor-widget-text-editor\" data-id=\"6f3bde3\" data-element_type=\"widget\" data-e-type=\"widget\" data-widget_type=\"text-editor.default\">\n\t\t\t\t<div class=\"elementor-widget-container\">\n\t\t\t\t\t\t\t\t\t<p><br \/>El coronavirus ha dejado a millones de personas sin empleo y grandes problemas econ\u00f3micos en Estados Unidos; siendo los indocumentados los m\u00e1s afectados por esta pandemia de salud y econ\u00f3mica.<\/p><p>En 2017 se cre\u00f3 un fondo de ayuda econ\u00f3mica para las familias inmigrantes, que tuvieron que ser removidas por los incendios forestales en California, este 2020 y por la emergencia sanitaria del Covid-19, ha sido reactivado para apoyar a los indocumentados que se han quedado sin empleo. <\/p><p>El 805 UndocuFund comenz\u00f3 a juntar recursos monetarios para apoyar econ\u00f3micamente a los trabajadores indocumentados de California, que han sido duramente golpeados por el desempleo que ha provocado este virus, que tiene al mundo en grandes aprietos.<\/p><p>805 UndocuFund, es la uni\u00f3n de varias organizaciones comunitarias de los condados de Ventura y Santa B\u00e1rbara, en California. Se form\u00f3 hace tres a\u00f1os tras el desastre: \u201cThomas Fire\u201d, el incendio forestal m\u00e1s grande en la historia del estado.<\/p><p>Este colectivo se cre\u00f3 con el fin de ayudar a los indocumentados que se quedaron sin nada y que no entraban en los programas de asistencia del gobierno ante desastres naturales. El combinado anunci\u00f3 que est\u00e1n trabajando para recaudar fondos y contratando personal para empezar ayudar lo antes posible.<\/p><p>\u201cSabemos que muchas familias la est\u00e1n pasando muy mal y se est\u00e1n encontrando con muchas dificultades en estos momentos. Esperamos apoyarlas muy pronto. Gracias por su paciencia y comprensi\u00f3n\u201d, es el mensaje que est\u00e1 en el sitio web de 805 UndocuFund.<\/p><p>Aunque los trabajadores indocumentados son la base de la econom\u00eda, de los sectores de servicios y agricultura, no pueden recibir la ayuda de los fondos federales y estatales en casos de desastre, por esta raz\u00f3n, 805 Undocufund cobra tanta importancia en estos momentos.<\/p><p>En California se calcula que hay alrededor de 2 millones de trabajadores indocumentados y son los que ocupan la mayor\u00eda de puestos \u00a1en el sector de servicios como: hoteles y restaurantes, los cuales han tenido que clausurar o recortar su personal debido a la pandemia.<\/p><p>805 UndocuFund, logr\u00f3 reunir m\u00e1s de $2 millones de d\u00f3lares en 2017, tras el gran incendio, y ayud\u00f3 a m\u00e1s de 1,600 familias indocumentadas en los condados de Ventura y Santa B\u00e1rbara.<\/p><p>En este colectivo participan las organizaciones:<\/p><ul><li>Future Leaders of America <\/li><li>Mixteco Indigenous Community Organizing Project<\/li><li>Central Coast Alliance United for a Sustainable Economy<\/li><\/ul><p>Fuente: La Opini\u00f3n<\/p>\t\t\t\t\t\t\t\t<\/div>\n\t\t\t\t<\/div>\n\t\t\t\t\t<\/div>\n\t\t<\/div>\n\t\t\t\t\t<\/div>\n\t\t<\/section>\n\t\t\t\t<\/div>","protected":false},"excerpt":{"rendered":"<p>El coronavirus ha dejado a millones de personas sin empleo y grandes problemas econ\u00f3micos en Estados Unidos; siendo los indocumentados los m\u00e1s afectados por esta pandemia de salud y econ\u00f3mica. En 2017 se cre\u00f3 un fondo de ayuda econ\u00f3mica para las familias inmigrantes, que tuvieron que ser removidas por los incendios forestales en California, este 2020 y por la emergencia sanitaria del Covid-19, ha sido reactivado para apoyar a los indocumentados que se han quedado sin empleo. El 805 UndocuFund comenz\u00f3 a juntar recursos monetarios para apoyar econ\u00f3micamente a los trabajadores indocumentados de California, que han sido duramente golpeados por el desempleo que ha provocado este virus, que tiene al mundo en grandes aprietos. 805 UndocuFund, es la uni\u00f3n de varias organizaciones comunitarias de los condados de Ventura y Santa B\u00e1rbara, en California. Se form\u00f3 hace tres a\u00f1os tras el desastre: \u201cThomas Fire\u201d, el incendio forestal m\u00e1s grande en la historia del estado. Este colectivo se cre\u00f3 con el fin de ayudar a los indocumentados que se quedaron sin nada y que no entraban en los programas de asistencia del gobierno ante desastres naturales. El combinado anunci\u00f3 que est\u00e1n trabajando para recaudar fondos y contratando personal para empezar ayudar lo antes posible. \u201cSabemos que muchas familias la est\u00e1n pasando muy mal y se est\u00e1n encontrando con muchas dificultades en estos momentos. Esperamos apoyarlas muy pronto. Gracias por su paciencia y comprensi\u00f3n\u201d, es el mensaje que est\u00e1 en el sitio web de 805 UndocuFund. Aunque los trabajadores indocumentados son la base de la econom\u00eda, de los sectores de servicios y agricultura, no pueden recibir la ayuda de los fondos federales y estatales en casos de desastre, por esta raz\u00f3n, 805 Undocufund cobra tanta importancia en estos momentos. En California se calcula que hay alrededor de 2 millones de trabajadores indocumentados y son los que ocupan la mayor\u00eda de puestos \u00a1en el sector de servicios como: hoteles y restaurantes, los cuales han tenido que clausurar o recortar su personal debido a la pandemia. 805 UndocuFund, logr\u00f3 reunir m\u00e1s de $2 millones de d\u00f3lares en 2017, tras el gran incendio, y ayud\u00f3 a m\u00e1s de 1,600 familias indocumentadas en los condados de Ventura y Santa B\u00e1rbara. En este colectivo participan las organizaciones: Future Leaders of America Mixteco Indigenous Community Organizing Project Central Coast Alliance United for a Sustainable Economy Fuente: La Opini\u00f3n<\/p>","protected":false},"author":13,"featured_media":20741,"comment_status":"open","ping_status":"open","sticky":false,"template":"","format":"standard","meta":{"_uf_show_specific_survey":0,"_uf_disable_surveys":false,"footnotes":""},"categories":[10,1],"tags":[],"class_list":["post-20740","post","type-post","status-publish","format-standard","has-post-thumbnail","hentry","category-noticias","category-temas-de-interes"],"aioseo_notices":[],"yoast_head":"<!-- This site is optimized with the Yoast SEO plugin v27.4 - https:\/\/yoast.com\/product\/yoast-seo-wordpress\/ -->\n<title>Indocumentados desempleados por el coronavirus recibir\u00e1n ayuda econ\u00f3mica<\/title>\n<meta name=\"description\" content=\"El coronavirus ha dejado a millones de personas sin empleo y grandes problemas econ\u00f3micos en Estados Unidos; siendo los indocumentados los\" \/>\n<meta name=\"robots\" content=\"index, follow, max-snippet:-1, max-image-preview:large, max-video-preview:-1\" \/>\n<link rel=\"canonical\" href=\"https:\/\/accesolatino.org\/en\/indocumentados-desempleados-por-el-coronavirus-recibiran-ayuda-economica\/noticias\/\" \/>\n<meta property=\"og:locale\" content=\"en_US\" \/>\n<meta property=\"og:type\" content=\"article\" \/>\n<meta property=\"og:title\" content=\"Indocumentados desempleados por el coronavirus recibir\u00e1n ayuda econ\u00f3mica\" \/>\n<meta property=\"og:description\" content=\"El coronavirus ha dejado a millones de personas sin empleo y grandes problemas econ\u00f3micos en Estados Unidos; siendo los indocumentados los\" \/>\n<meta property=\"og:url\" content=\"https:\/\/accesolatino.org\/en\/indocumentados-desempleados-por-el-coronavirus-recibiran-ayuda-economica\/noticias\/\" \/>\n<meta property=\"og:site_name\" content=\"Acceso Latino\" \/>\n<meta property=\"article:publisher\" content=\"https:\/\/www.facebook.com\/AccesoLatinoOrg\" \/>\n<meta property=\"article:published_time\" content=\"2020-04-06T21:55:15+00:00\" \/>\n<meta property=\"article:modified_time\" content=\"2025-10-26T02:25:34+00:00\" \/>\n<meta property=\"og:image\" content=\"https:\/\/accesolatino.org\/wp-content\/uploads\/2020\/04\/Indocumentados-desempleados-por-el-coronavirus-recibira\u0301n-ayuda-econo\u0301mica.png\" \/>\n\t<meta property=\"og:image:width\" content=\"600\" \/>\n\t<meta property=\"og:image:height\" content=\"338\" \/>\n\t<meta property=\"og:image:type\" content=\"image\/png\" \/>\n<meta name=\"author\" content=\"Noticias\" \/>\n<meta name=\"twitter:card\" content=\"summary_large_image\" \/>\n<meta name=\"twitter:creator\" content=\"@FAccLatino\" \/>\n<meta name=\"twitter:site\" content=\"@FAccLatino\" \/>\n<meta name=\"twitter:label1\" content=\"Written by\" \/>\n\t<meta name=\"twitter:data1\" content=\"Noticias\" \/>\n\t<meta name=\"twitter:label2\" content=\"Est. reading time\" \/>\n\t<meta name=\"twitter:data2\" content=\"2 minutes\" \/>\n<script type=\"application\/ld+json\" class=\"yoast-schema-graph\">{\"@context\":\"https:\\\/\\\/schema.org\",\"@graph\":[{\"@type\":\"Article\",\"@id\":\"https:\\\/\\\/accesolatino.org\\\/indocumentados-desempleados-por-el-coronavirus-recibiran-ayuda-economica\\\/noticias\\\/#article\",\"isPartOf\":{\"@id\":\"https:\\\/\\\/accesolatino.org\\\/indocumentados-desempleados-por-el-coronavirus-recibiran-ayuda-economica\\\/noticias\\\/\"},\"author\":{\"name\":\"Noticias\",\"@id\":\"https:\\\/\\\/accesolatino.org\\\/#\\\/schema\\\/person\\\/6b654926a4e7e4709c9ad12459661666\"},\"headline\":\"Indocumentados desempleados por el coronavirus recibir\u00e1n ayuda econ\u00f3mica\",\"datePublished\":\"2020-04-06T21:55:15+00:00\",\"dateModified\":\"2025-10-26T02:25:34+00:00\",\"mainEntityOfPage\":{\"@id\":\"https:\\\/\\\/accesolatino.org\\\/indocumentados-desempleados-por-el-coronavirus-recibiran-ayuda-economica\\\/noticias\\\/\"},\"wordCount\":409,\"commentCount\":0,\"publisher\":{\"@id\":\"https:\\\/\\\/accesolatino.org\\\/#organization\"},\"image\":{\"@id\":\"https:\\\/\\\/accesolatino.org\\\/indocumentados-desempleados-por-el-coronavirus-recibiran-ayuda-economica\\\/noticias\\\/#primaryimage\"},\"thumbnailUrl\":\"https:\\\/\\\/accesolatino.org\\\/wp-content\\\/uploads\\\/2020\\\/04\\\/Indocumentados-desempleados-por-el-coronavirus-recibira\u0301n-ayuda-econo\u0301mica.png\",\"articleSection\":[\"Noticias\",\"Temas de inter\u00e9s\"],\"inLanguage\":\"en-US\",\"potentialAction\":[{\"@type\":\"CommentAction\",\"name\":\"Comment\",\"target\":[\"https:\\\/\\\/accesolatino.org\\\/indocumentados-desempleados-por-el-coronavirus-recibiran-ayuda-economica\\\/noticias\\\/#respond\"]}]},{\"@type\":\"WebPage\",\"@id\":\"https:\\\/\\\/accesolatino.org\\\/indocumentados-desempleados-por-el-coronavirus-recibiran-ayuda-economica\\\/noticias\\\/\",\"url\":\"https:\\\/\\\/accesolatino.org\\\/indocumentados-desempleados-por-el-coronavirus-recibiran-ayuda-economica\\\/noticias\\\/\",\"name\":\"Indocumentados desempleados por el coronavirus recibir\u00e1n ayuda econ\u00f3mica\",\"isPartOf\":{\"@id\":\"https:\\\/\\\/accesolatino.org\\\/#website\"},\"primaryImageOfPage\":{\"@id\":\"https:\\\/\\\/accesolatino.org\\\/indocumentados-desempleados-por-el-coronavirus-recibiran-ayuda-economica\\\/noticias\\\/#primaryimage\"},\"image\":{\"@id\":\"https:\\\/\\\/accesolatino.org\\\/indocumentados-desempleados-por-el-coronavirus-recibiran-ayuda-economica\\\/noticias\\\/#primaryimage\"},\"thumbnailUrl\":\"https:\\\/\\\/accesolatino.org\\\/wp-content\\\/uploads\\\/2020\\\/04\\\/Indocumentados-desempleados-por-el-coronavirus-recibira\u0301n-ayuda-econo\u0301mica.png\",\"datePublished\":\"2020-04-06T21:55:15+00:00\",\"dateModified\":\"2025-10-26T02:25:34+00:00\",\"description\":\"El coronavirus ha dejado a millones de personas sin empleo y grandes problemas econ\u00f3micos en Estados Unidos; siendo los indocumentados los\",\"breadcrumb\":{\"@id\":\"https:\\\/\\\/accesolatino.org\\\/indocumentados-desempleados-por-el-coronavirus-recibiran-ayuda-economica\\\/noticias\\\/#breadcrumb\"},\"inLanguage\":\"en-US\",\"potentialAction\":[{\"@type\":\"ReadAction\",\"target\":[\"https:\\\/\\\/accesolatino.org\\\/indocumentados-desempleados-por-el-coronavirus-recibiran-ayuda-economica\\\/noticias\\\/\"]}]},{\"@type\":\"ImageObject\",\"inLanguage\":\"en-US\",\"@id\":\"https:\\\/\\\/accesolatino.org\\\/indocumentados-desempleados-por-el-coronavirus-recibiran-ayuda-economica\\\/noticias\\\/#primaryimage\",\"url\":\"https:\\\/\\\/accesolatino.org\\\/wp-content\\\/uploads\\\/2020\\\/04\\\/Indocumentados-desempleados-por-el-coronavirus-recibira\u0301n-ayuda-econo\u0301mica.png\",\"contentUrl\":\"https:\\\/\\\/accesolatino.org\\\/wp-content\\\/uploads\\\/2020\\\/04\\\/Indocumentados-desempleados-por-el-coronavirus-recibira\u0301n-ayuda-econo\u0301mica.png\",\"width\":600,\"height\":338},{\"@type\":\"BreadcrumbList\",\"@id\":\"https:\\\/\\\/accesolatino.org\\\/indocumentados-desempleados-por-el-coronavirus-recibiran-ayuda-economica\\\/noticias\\\/#breadcrumb\",\"itemListElement\":[{\"@type\":\"ListItem\",\"position\":1,\"name\":\"Portada\",\"item\":\"https:\\\/\\\/accesolatino.org\\\/\"},{\"@type\":\"ListItem\",\"position\":2,\"name\":\"Noticias\",\"item\":\"https:\\\/\\\/accesolatino.org\\\/category\\\/noticias\\\/\"},{\"@type\":\"ListItem\",\"position\":3,\"name\":\"Indocumentados desempleados por el coronavirus recibir\u00e1n ayuda econ\u00f3mica\"}]},{\"@type\":\"WebSite\",\"@id\":\"https:\\\/\\\/accesolatino.org\\\/#website\",\"url\":\"https:\\\/\\\/accesolatino.org\\\/\",\"name\":\"Acceso Latino | Fundaci\u00f3n Carlos Slim\",\"description\":\"Fundaci\u00f3n Carlos Slim\",\"publisher\":{\"@id\":\"https:\\\/\\\/accesolatino.org\\\/#organization\"},\"potentialAction\":[{\"@type\":\"SearchAction\",\"target\":{\"@type\":\"EntryPoint\",\"urlTemplate\":\"https:\\\/\\\/accesolatino.org\\\/?s={search_term_string}\"},\"query-input\":{\"@type\":\"PropertyValueSpecification\",\"valueRequired\":true,\"valueName\":\"search_term_string\"}}],\"inLanguage\":\"en-US\"},{\"@type\":\"Organization\",\"@id\":\"https:\\\/\\\/accesolatino.org\\\/#organization\",\"name\":\"Acceso Latino | Fundaci\u00f3n Carlos Slim\",\"url\":\"https:\\\/\\\/accesolatino.org\\\/\",\"logo\":{\"@type\":\"ImageObject\",\"inLanguage\":\"en-US\",\"@id\":\"https:\\\/\\\/accesolatino.org\\\/#\\\/schema\\\/logo\\\/image\\\/\",\"url\":\"https:\\\/\\\/accesolatino.org\\\/wp-content\\\/uploads\\\/2021\\\/02\\\/logo-footer-acceso-latino.png\",\"contentUrl\":\"https:\\\/\\\/accesolatino.org\\\/wp-content\\\/uploads\\\/2021\\\/02\\\/logo-footer-acceso-latino.png\",\"width\":240,\"height\":40,\"caption\":\"Acceso Latino | Fundaci\u00f3n Carlos Slim\"},\"image\":{\"@id\":\"https:\\\/\\\/accesolatino.org\\\/#\\\/schema\\\/logo\\\/image\\\/\"},\"sameAs\":[\"https:\\\/\\\/www.facebook.com\\\/AccesoLatinoOrg\",\"https:\\\/\\\/x.com\\\/FAccLatino\"]},{\"@type\":\"Person\",\"@id\":\"https:\\\/\\\/accesolatino.org\\\/#\\\/schema\\\/person\\\/6b654926a4e7e4709c9ad12459661666\",\"name\":\"Noticias\"}]}<\/script>\n<!-- \/ Yoast SEO plugin. -->","yoast_head_json":{"title":"Indocumentados desempleados por el coronavirus recibir\u00e1n ayuda econ\u00f3mica","description":"El coronavirus ha dejado a millones de personas sin empleo y grandes problemas econ\u00f3micos en Estados Unidos; siendo los indocumentados los","robots":{"index":"index","follow":"follow","max-snippet":"max-snippet:-1","max-image-preview":"max-image-preview:large","max-video-preview":"max-video-preview:-1"},"canonical":"https:\/\/accesolatino.org\/en\/indocumentados-desempleados-por-el-coronavirus-recibiran-ayuda-economica\/noticias\/","og_locale":"en_US","og_type":"article","og_title":"Indocumentados desempleados por el coronavirus recibir\u00e1n ayuda econ\u00f3mica","og_description":"El coronavirus ha dejado a millones de personas sin empleo y grandes problemas econ\u00f3micos en Estados Unidos; siendo los indocumentados los","og_url":"https:\/\/accesolatino.org\/en\/indocumentados-desempleados-por-el-coronavirus-recibiran-ayuda-economica\/noticias\/","og_site_name":"Acceso Latino","article_publisher":"https:\/\/www.facebook.com\/AccesoLatinoOrg","article_published_time":"2020-04-06T21:55:15+00:00","article_modified_time":"2025-10-26T02:25:34+00:00","og_image":[{"width":600,"height":338,"url":"https:\/\/accesolatino.org\/wp-content\/uploads\/2020\/04\/Indocumentados-desempleados-por-el-coronavirus-recibira\u0301n-ayuda-econo\u0301mica.png","type":"image\/png"}],"author":"Noticias","twitter_card":"summary_large_image","twitter_creator":"@FAccLatino","twitter_site":"@FAccLatino","twitter_misc":{"Written by":"Noticias","Est. reading time":"2 minutes"},"schema":{"@context":"https:\/\/schema.org","@graph":[{"@type":"Article","@id":"https:\/\/accesolatino.org\/indocumentados-desempleados-por-el-coronavirus-recibiran-ayuda-economica\/noticias\/#article","isPartOf":{"@id":"https:\/\/accesolatino.org\/indocumentados-desempleados-por-el-coronavirus-recibiran-ayuda-economica\/noticias\/"},"author":{"name":"Noticias","@id":"https:\/\/accesolatino.org\/#\/schema\/person\/6b654926a4e7e4709c9ad12459661666"},"headline":"Indocumentados desempleados por el coronavirus recibir\u00e1n ayuda econ\u00f3mica","datePublished":"2020-04-06T21:55:15+00:00","dateModified":"2025-10-26T02:25:34+00:00","mainEntityOfPage":{"@id":"https:\/\/accesolatino.org\/indocumentados-desempleados-por-el-coronavirus-recibiran-ayuda-economica\/noticias\/"},"wordCount":409,"commentCount":0,"publisher":{"@id":"https:\/\/accesolatino.org\/#organization"},"image":{"@id":"https:\/\/accesolatino.org\/indocumentados-desempleados-por-el-coronavirus-recibiran-ayuda-economica\/noticias\/#primaryimage"},"thumbnailUrl":"https:\/\/accesolatino.org\/wp-content\/uploads\/2020\/04\/Indocumentados-desempleados-por-el-coronavirus-recibira\u0301n-ayuda-econo\u0301mica.png","articleSection":["Noticias","Temas de inter\u00e9s"],"inLanguage":"en-US","potentialAction":[{"@type":"CommentAction","name":"Comment","target":["https:\/\/accesolatino.org\/indocumentados-desempleados-por-el-coronavirus-recibiran-ayuda-economica\/noticias\/#respond"]}]},{"@type":"WebPage","@id":"https:\/\/accesolatino.org\/indocumentados-desempleados-por-el-coronavirus-recibiran-ayuda-economica\/noticias\/","url":"https:\/\/accesolatino.org\/indocumentados-desempleados-por-el-coronavirus-recibiran-ayuda-economica\/noticias\/","name":"Indocumentados desempleados por el coronavirus recibir\u00e1n ayuda econ\u00f3mica","isPartOf":{"@id":"https:\/\/accesolatino.org\/#website"},"primaryImageOfPage":{"@id":"https:\/\/accesolatino.org\/indocumentados-desempleados-por-el-coronavirus-recibiran-ayuda-economica\/noticias\/#primaryimage"},"image":{"@id":"https:\/\/accesolatino.org\/indocumentados-desempleados-por-el-coronavirus-recibiran-ayuda-economica\/noticias\/#primaryimage"},"thumbnailUrl":"https:\/\/accesolatino.org\/wp-content\/uploads\/2020\/04\/Indocumentados-desempleados-por-el-coronavirus-recibira\u0301n-ayuda-econo\u0301mica.png","datePublished":"2020-04-06T21:55:15+00:00","dateModified":"2025-10-26T02:25:34+00:00","description":"El coronavirus ha dejado a millones de personas sin empleo y grandes problemas econ\u00f3micos en Estados Unidos; siendo los indocumentados los","breadcrumb":{"@id":"https:\/\/accesolatino.org\/indocumentados-desempleados-por-el-coronavirus-recibiran-ayuda-economica\/noticias\/#breadcrumb"},"inLanguage":"en-US","potentialAction":[{"@type":"ReadAction","target":["https:\/\/accesolatino.org\/indocumentados-desempleados-por-el-coronavirus-recibiran-ayuda-economica\/noticias\/"]}]},{"@type":"ImageObject","inLanguage":"en-US","@id":"https:\/\/accesolatino.org\/indocumentados-desempleados-por-el-coronavirus-recibiran-ayuda-economica\/noticias\/#primaryimage","url":"https:\/\/accesolatino.org\/wp-content\/uploads\/2020\/04\/Indocumentados-desempleados-por-el-coronavirus-recibira\u0301n-ayuda-econo\u0301mica.png","contentUrl":"https:\/\/accesolatino.org\/wp-content\/uploads\/2020\/04\/Indocumentados-desempleados-por-el-coronavirus-recibira\u0301n-ayuda-econo\u0301mica.png","width":600,"height":338},{"@type":"BreadcrumbList","@id":"https:\/\/accesolatino.org\/indocumentados-desempleados-por-el-coronavirus-recibiran-ayuda-economica\/noticias\/#breadcrumb","itemListElement":[{"@type":"ListItem","position":1,"name":"Portada","item":"https:\/\/accesolatino.org\/"},{"@type":"ListItem","position":2,"name":"Noticias","item":"https:\/\/accesolatino.org\/category\/noticias\/"},{"@type":"ListItem","position":3,"name":"Indocumentados desempleados por el coronavirus recibir\u00e1n ayuda econ\u00f3mica"}]},{"@type":"WebSite","@id":"https:\/\/accesolatino.org\/#website","url":"https:\/\/accesolatino.org\/","name":"Acceso Latino | Fundaci\u00f3n Carlos Slim","description":"Fundaci\u00f3n Carlos Slim","publisher":{"@id":"https:\/\/accesolatino.org\/#organization"},"potentialAction":[{"@type":"SearchAction","target":{"@type":"EntryPoint","urlTemplate":"https:\/\/accesolatino.org\/?s={search_term_string}"},"query-input":{"@type":"PropertyValueSpecification","valueRequired":true,"valueName":"search_term_string"}}],"inLanguage":"en-US"},{"@type":"Organization","@id":"https:\/\/accesolatino.org\/#organization","name":"Acceso Latino | Fundaci\u00f3n Carlos Slim","url":"https:\/\/accesolatino.org\/","logo":{"@type":"ImageObject","inLanguage":"en-US","@id":"https:\/\/accesolatino.org\/#\/schema\/logo\/image\/","url":"https:\/\/accesolatino.org\/wp-content\/uploads\/2021\/02\/logo-footer-acceso-latino.png","contentUrl":"https:\/\/accesolatino.org\/wp-content\/uploads\/2021\/02\/logo-footer-acceso-latino.png","width":240,"height":40,"caption":"Acceso Latino | Fundaci\u00f3n Carlos Slim"},"image":{"@id":"https:\/\/accesolatino.org\/#\/schema\/logo\/image\/"},"sameAs":["https:\/\/www.facebook.com\/AccesoLatinoOrg","https:\/\/x.com\/FAccLatino"]},{"@type":"Person","@id":"https:\/\/accesolatino.org\/#\/schema\/person\/6b654926a4e7e4709c9ad12459661666","name":"News"}]}},"_links":{"self":[{"href":"https:\/\/accesolatino.org\/en\/wp-json\/wp\/v2\/posts\/20740","targetHints":{"allow":["GET"]}}],"collection":[{"href":"https:\/\/accesolatino.org\/en\/wp-json\/wp\/v2\/posts"}],"about":[{"href":"https:\/\/accesolatino.org\/en\/wp-json\/wp\/v2\/types\/post"}],"author":[{"embeddable":true,"href":"https:\/\/accesolatino.org\/en\/wp-json\/wp\/v2\/users\/13"}],"replies":[{"embeddable":true,"href":"https:\/\/accesolatino.org\/en\/wp-json\/wp\/v2\/comments?post=20740"}],"version-history":[{"count":1,"href":"https:\/\/accesolatino.org\/en\/wp-json\/wp\/v2\/posts\/20740\/revisions"}],"predecessor-version":[{"id":65930,"href":"https:\/\/accesolatino.org\/en\/wp-json\/wp\/v2\/posts\/20740\/revisions\/65930"}],"wp:featuredmedia":[{"embeddable":true,"href":"https:\/\/accesolatino.org\/en\/wp-json\/wp\/v2\/media\/20741"}],"wp:attachment":[{"href":"https:\/\/accesolatino.org\/en\/wp-json\/wp\/v2\/media?parent=20740"}],"wp:term":[{"taxonomy":"category","embeddable":true,"href":"https:\/\/accesolatino.org\/en\/wp-json\/wp\/v2\/categories?post=20740"},{"taxonomy":"post_tag","embeddable":true,"href":"https:\/\/accesolatino.org\/en\/wp-json\/wp\/v2\/tags?post=20740"}],"curies":[{"name":"wp","href":"https:\/\/api.w.org\/{rel}","templated":true}]}}