{"id":20724,"date":"2020-04-03T15:42:31","date_gmt":"2020-04-03T21:42:31","guid":{"rendered":"https:\/\/accesolatino.org\/?p=20724"},"modified":"2025-10-30T13:38:30","modified_gmt":"2025-10-30T19:38:30","slug":"suspenden-regla-de-carga-publica-para-atender-a-inmigrantes-por-covid-19","status":"publish","type":"post","link":"https:\/\/accesolatino.org\/en\/suspenden-regla-de-carga-publica-para-atender-a-inmigrantes-por-covid-19\/noticias\/","title":{"rendered":"Suspenden regla de carga p\u00fablica para atender a inmigrantes por Covid-19"},"content":{"rendered":"<div data-elementor-type=\"wp-post\" data-elementor-id=\"20724\" class=\"elementor elementor-20724\">\n\t\t\t\t\t\t<section class=\"elementor-section elementor-top-section elementor-element elementor-element-e311389 elementor-section-boxed elementor-section-height-default elementor-section-height-default wpr-particle-no wpr-jarallax-no wpr-parallax-no wpr-sticky-section-no wpr-equal-height-no\" data-id=\"e311389\" data-element_type=\"section\" data-e-type=\"section\">\n\t\t\t\t\t\t<div class=\"elementor-container elementor-column-gap-default\">\n\t\t\t\t\t<div class=\"elementor-column elementor-col-100 elementor-top-column elementor-element elementor-element-978633f\" data-id=\"978633f\" data-element_type=\"column\" data-e-type=\"column\">\n\t\t\t<div class=\"elementor-widget-wrap elementor-element-populated\">\n\t\t\t\t\t\t<div class=\"elementor-element elementor-element-6f3bde3 elementor-widget elementor-widget-text-editor\" data-id=\"6f3bde3\" data-element_type=\"widget\" data-e-type=\"widget\" data-widget_type=\"text-editor.default\">\n\t\t\t\t<div class=\"elementor-widget-container\">\n\t\t\t\t\t\t\t\t\t<p style=\"text-align:justify\"><span style=\"font-size:14.0pt;font-family:&quot;Calibri&quot;,&quot;sans-serif&quot;;mso-ascii-theme-font:minor-latin;mso-hansi-theme-font:minor-latin;mso-bidi-theme-font:minor-latin;mso-fareast-language:ES-MX\">USCIS\nanunci\u00f3 que la regla de \u201ccarga p\u00fablica\u201d quedar\u00e1 suspendida para que los\ninmigrantes tengan acceso a la prueba de detecci\u00f3n y al tratamiento del\ncoronavirus, entre otras enfermedades. Tambi\u00e9n incluyen vacunas preventivas de\nenfermedades para ni\u00f1os y adultos mayores.<o:p><\/o:p><\/span><\/p><p style=\"text-align:justify\"><span style=\"font-size:14.0pt;font-family:&quot;Calibri&quot;,&quot;sans-serif&quot;;mso-ascii-theme-font:minor-latin;mso-hansi-theme-font:minor-latin;mso-bidi-theme-font:minor-latin;mso-fareast-language:ES-MX\"><o:p>&nbsp;<\/o:p><\/span><span style=\"font-family: Calibri, sans-serif; font-size: 14pt; letter-spacing: 0.2px;\">La\nregla de la \u201ccarga p\u00fablica\u201d cuenta con varios beneficios p\u00fablicos que incluye los\nservicios de Medicaid que son financiadas por el gobierno federal (para mayores\nde 21 a\u00f1os), pero no cuentan con los servicios y asistencia de salud p\u00fablica estatal,\no locales que no est\u00e9n financiados por Medicaid federal.<\/span><\/p><p style=\"text-align:justify\"><span style=\"font-size:14.0pt;font-family:&quot;Calibri&quot;,&quot;sans-serif&quot;;mso-ascii-theme-font:minor-latin;mso-hansi-theme-font:minor-latin;mso-bidi-theme-font:minor-latin;mso-fareast-language:ES-MX\"><o:p>&nbsp;<\/o:p><\/span><span style=\"font-family: Calibri, sans-serif; font-size: 14pt; letter-spacing: 0.2px;\">Debido al\ndistanciamiento social o cuarentena, los patrones mandaron a su casa los\ntrabajadores y las escuelas cerraron para<\/span><a style=\"font-family: Calibri, sans-serif; font-size: 14pt; background-color: rgb(255, 255, 255); letter-spacing: 0.2px;\"><\/a><span style=\"font-family: Calibri, sans-serif; font-size: 14pt; letter-spacing: 0.2px;\"> evitar un\ncontagio que se salga de control, los inmigrantes puede presentar una\ndeclaraci\u00f3n con su solicitud de ajuste de estatus para explicar c\u00f3mo la\ncuarentena les ha afectado y recibir la ayuda y servicios necesarios.<\/span><\/p><p style=\"text-align:justify\"><span style=\"font-size:14.0pt;font-family:&quot;Calibri&quot;,&quot;sans-serif&quot;;mso-ascii-theme-font:minor-latin;mso-hansi-theme-font:minor-latin;mso-bidi-theme-font:minor-latin;mso-fareast-language:ES-MX\"><o:p>&nbsp;<\/o:p><\/span><span style=\"font-family: Calibri, sans-serif; font-size: 14pt; letter-spacing: 0.2px;\">Con\nesta suspensi\u00f3n se busca que el n\u00famero de inmigrantes infectados sea el menor\nposible y as\u00ed evitar la propagaci\u00f3n del virus.<\/span><\/p><p style=\"text-align:justify\"><span style=\"font-size:14.0pt;font-family:&quot;Calibri&quot;,&quot;sans-serif&quot;;mso-ascii-theme-font:minor-latin;mso-hansi-theme-font:minor-latin;mso-bidi-theme-font:minor-latin;mso-fareast-language:ES-MX\"><o:p>&nbsp;<\/o:p><\/span><span style=\"font-family: Calibri, sans-serif; font-size: 14pt; letter-spacing: 0.2px;\">El\ngobierno ha instado a los inmigrantes a confiar en los beneficios p\u00fablicos durante\nla fase de recuperaci\u00f3n y brote del coronavirus.<\/span><\/p><p style=\"text-align:justify\"><span style=\"font-size:14.0pt;font-family:&quot;Calibri&quot;,&quot;sans-serif&quot;;mso-ascii-theme-font:minor-latin;mso-hansi-theme-font:minor-latin;mso-bidi-theme-font:minor-latin;mso-fareast-language:ES-MX\"><o:p>&nbsp;<\/o:p><\/span><span style=\"font-family: Calibri, sans-serif; font-size: 14pt; letter-spacing: 0.2px;\">Fuente:\n<\/span><i style=\"font-family: Calibri, sans-serif; font-size: 14pt; letter-spacing: 0.2px;\">La Noticia&nbsp;<\/i><\/p>\t\t\t\t\t\t\t\t<\/div>\n\t\t\t\t<\/div>\n\t\t\t\t\t<\/div>\n\t\t<\/div>\n\t\t\t\t\t<\/div>\n\t\t<\/section>\n\t\t\t\t<\/div>","protected":false},"excerpt":{"rendered":"<p>USCIS anunci\u00f3 que la regla de \u201ccarga p\u00fablica\u201d quedar\u00e1 suspendida para que los inmigrantes tengan acceso a la prueba de detecci\u00f3n y al tratamiento del coronavirus, entre otras enfermedades. Tambi\u00e9n incluyen vacunas preventivas de enfermedades para ni\u00f1os y adultos mayores. &nbsp;La regla de la \u201ccarga p\u00fablica\u201d cuenta con varios beneficios p\u00fablicos que incluye los servicios de Medicaid que son financiadas por el gobierno federal (para mayores de 21 a\u00f1os), pero no cuentan con los servicios y asistencia de salud p\u00fablica estatal, o locales que no est\u00e9n financiados por Medicaid federal. &nbsp;Debido al distanciamiento social o cuarentena, los patrones mandaron a su casa los trabajadores y las escuelas cerraron para evitar un contagio que se salga de control, los inmigrantes puede presentar una declaraci\u00f3n con su solicitud de ajuste de estatus para explicar c\u00f3mo la cuarentena les ha afectado y recibir la ayuda y servicios necesarios. &nbsp;Con esta suspensi\u00f3n se busca que el n\u00famero de inmigrantes infectados sea el menor posible y as\u00ed evitar la propagaci\u00f3n del virus. &nbsp;El gobierno ha instado a los inmigrantes a confiar en los beneficios p\u00fablicos durante la fase de recuperaci\u00f3n y brote del coronavirus. &nbsp;Fuente: La Noticia&nbsp;<\/p>","protected":false},"author":13,"featured_media":20726,"comment_status":"open","ping_status":"open","sticky":false,"template":"","format":"standard","meta":{"_uf_show_specific_survey":0,"_uf_disable_surveys":false,"footnotes":""},"categories":[10,1],"tags":[],"class_list":["post-20724","post","type-post","status-publish","format-standard","has-post-thumbnail","hentry","category-noticias","category-temas-de-interes"],"aioseo_notices":[],"yoast_head":"<!-- This site is optimized with the Yoast SEO plugin v27.4 - https:\/\/yoast.com\/product\/yoast-seo-wordpress\/ -->\n<title>Suspenden regla de carga p\u00fablica para atender a inmigrantes<\/title>\n<meta name=\"robots\" content=\"index, follow, max-snippet:-1, max-image-preview:large, max-video-preview:-1\" \/>\n<link rel=\"canonical\" href=\"https:\/\/accesolatino.org\/en\/suspenden-regla-de-carga-publica-para-atender-a-inmigrantes-por-covid-19\/noticias\/\" \/>\n<meta property=\"og:locale\" content=\"en_US\" \/>\n<meta property=\"og:type\" content=\"article\" \/>\n<meta property=\"og:title\" content=\"Suspenden regla de carga p\u00fablica para atender a inmigrantes\" \/>\n<meta property=\"og:description\" content=\"USCIS anunci\u00f3 que la regla de \u201ccarga p\u00fablica\u201d quedar\u00e1 suspendida para que los inmigrantes tengan acceso a la prueba de detecci\u00f3n y al tratamiento del coronavirus, entre otras enfermedades. Tambi\u00e9n incluyen vacunas preventivas de enfermedades para ni\u00f1os y adultos mayores. &nbsp;La regla de la \u201ccarga p\u00fablica\u201d cuenta con varios beneficios p\u00fablicos que incluye los servicios de Medicaid que son financiadas por el gobierno federal (para mayores de 21 a\u00f1os), pero no cuentan con los servicios y asistencia de salud p\u00fablica estatal, o locales que no est\u00e9n financiados por Medicaid federal. &nbsp;Debido al distanciamiento social o cuarentena, los patrones mandaron a su casa los trabajadores y las escuelas cerraron para evitar un contagio que se salga de control, los inmigrantes puede presentar una declaraci\u00f3n con su solicitud de ajuste de estatus para explicar c\u00f3mo la cuarentena les ha afectado y recibir la ayuda y servicios necesarios. &nbsp;Con esta suspensi\u00f3n se busca que el n\u00famero de inmigrantes infectados sea el menor posible y as\u00ed evitar la propagaci\u00f3n del virus. &nbsp;El gobierno ha instado a los inmigrantes a confiar en los beneficios p\u00fablicos durante la fase de recuperaci\u00f3n y brote del coronavirus. &nbsp;Fuente: La Noticia&nbsp;\" \/>\n<meta property=\"og:url\" content=\"https:\/\/accesolatino.org\/en\/suspenden-regla-de-carga-publica-para-atender-a-inmigrantes-por-covid-19\/noticias\/\" \/>\n<meta property=\"og:site_name\" content=\"Acceso Latino\" \/>\n<meta property=\"article:publisher\" content=\"https:\/\/www.facebook.com\/AccesoLatinoOrg\" \/>\n<meta property=\"article:published_time\" content=\"2020-04-03T21:42:31+00:00\" \/>\n<meta property=\"article:modified_time\" content=\"2025-10-30T19:38:30+00:00\" \/>\n<meta property=\"og:image\" content=\"https:\/\/accesolatino.org\/wp-content\/uploads\/2020\/04\/Suspenden-regla-de-carga-p\u00fablica-para-atender-a-inmigrantes-por-Covid-19.jpg\" \/>\n\t<meta property=\"og:image:width\" content=\"600\" \/>\n\t<meta property=\"og:image:height\" content=\"338\" \/>\n\t<meta property=\"og:image:type\" content=\"image\/jpeg\" \/>\n<meta name=\"author\" content=\"Noticias\" \/>\n<meta name=\"twitter:card\" content=\"summary_large_image\" \/>\n<meta name=\"twitter:creator\" content=\"@FAccLatino\" \/>\n<meta name=\"twitter:site\" content=\"@FAccLatino\" \/>\n<meta name=\"twitter:label1\" content=\"Written by\" \/>\n\t<meta name=\"twitter:data1\" content=\"Noticias\" \/>\n\t<meta name=\"twitter:label2\" content=\"Est. reading time\" \/>\n\t<meta name=\"twitter:data2\" content=\"2 minutes\" \/>\n<script type=\"application\/ld+json\" class=\"yoast-schema-graph\">{\"@context\":\"https:\\\/\\\/schema.org\",\"@graph\":[{\"@type\":\"Article\",\"@id\":\"https:\\\/\\\/accesolatino.org\\\/suspenden-regla-de-carga-publica-para-atender-a-inmigrantes-por-covid-19\\\/noticias\\\/#article\",\"isPartOf\":{\"@id\":\"https:\\\/\\\/accesolatino.org\\\/suspenden-regla-de-carga-publica-para-atender-a-inmigrantes-por-covid-19\\\/noticias\\\/\"},\"author\":{\"name\":\"Noticias\",\"@id\":\"https:\\\/\\\/accesolatino.org\\\/#\\\/schema\\\/person\\\/6b654926a4e7e4709c9ad12459661666\"},\"headline\":\"Suspenden regla de carga p\u00fablica para atender a inmigrantes por Covid-19\",\"datePublished\":\"2020-04-03T21:42:31+00:00\",\"dateModified\":\"2025-10-30T19:38:30+00:00\",\"mainEntityOfPage\":{\"@id\":\"https:\\\/\\\/accesolatino.org\\\/suspenden-regla-de-carga-publica-para-atender-a-inmigrantes-por-covid-19\\\/noticias\\\/\"},\"wordCount\":225,\"commentCount\":0,\"publisher\":{\"@id\":\"https:\\\/\\\/accesolatino.org\\\/#organization\"},\"image\":{\"@id\":\"https:\\\/\\\/accesolatino.org\\\/suspenden-regla-de-carga-publica-para-atender-a-inmigrantes-por-covid-19\\\/noticias\\\/#primaryimage\"},\"thumbnailUrl\":\"https:\\\/\\\/accesolatino.org\\\/wp-content\\\/uploads\\\/2020\\\/04\\\/Suspenden-regla-de-carga-p\u00fablica-para-atender-a-inmigrantes-por-Covid-19.jpg\",\"articleSection\":[\"Noticias\",\"Temas de inter\u00e9s\"],\"inLanguage\":\"en-US\",\"potentialAction\":[{\"@type\":\"CommentAction\",\"name\":\"Comment\",\"target\":[\"https:\\\/\\\/accesolatino.org\\\/suspenden-regla-de-carga-publica-para-atender-a-inmigrantes-por-covid-19\\\/noticias\\\/#respond\"]}]},{\"@type\":\"WebPage\",\"@id\":\"https:\\\/\\\/accesolatino.org\\\/suspenden-regla-de-carga-publica-para-atender-a-inmigrantes-por-covid-19\\\/noticias\\\/\",\"url\":\"https:\\\/\\\/accesolatino.org\\\/suspenden-regla-de-carga-publica-para-atender-a-inmigrantes-por-covid-19\\\/noticias\\\/\",\"name\":\"Suspenden regla de carga p\u00fablica para atender a inmigrantes\",\"isPartOf\":{\"@id\":\"https:\\\/\\\/accesolatino.org\\\/#website\"},\"primaryImageOfPage\":{\"@id\":\"https:\\\/\\\/accesolatino.org\\\/suspenden-regla-de-carga-publica-para-atender-a-inmigrantes-por-covid-19\\\/noticias\\\/#primaryimage\"},\"image\":{\"@id\":\"https:\\\/\\\/accesolatino.org\\\/suspenden-regla-de-carga-publica-para-atender-a-inmigrantes-por-covid-19\\\/noticias\\\/#primaryimage\"},\"thumbnailUrl\":\"https:\\\/\\\/accesolatino.org\\\/wp-content\\\/uploads\\\/2020\\\/04\\\/Suspenden-regla-de-carga-p\u00fablica-para-atender-a-inmigrantes-por-Covid-19.jpg\",\"datePublished\":\"2020-04-03T21:42:31+00:00\",\"dateModified\":\"2025-10-30T19:38:30+00:00\",\"breadcrumb\":{\"@id\":\"https:\\\/\\\/accesolatino.org\\\/suspenden-regla-de-carga-publica-para-atender-a-inmigrantes-por-covid-19\\\/noticias\\\/#breadcrumb\"},\"inLanguage\":\"en-US\",\"potentialAction\":[{\"@type\":\"ReadAction\",\"target\":[\"https:\\\/\\\/accesolatino.org\\\/suspenden-regla-de-carga-publica-para-atender-a-inmigrantes-por-covid-19\\\/noticias\\\/\"]}]},{\"@type\":\"ImageObject\",\"inLanguage\":\"en-US\",\"@id\":\"https:\\\/\\\/accesolatino.org\\\/suspenden-regla-de-carga-publica-para-atender-a-inmigrantes-por-covid-19\\\/noticias\\\/#primaryimage\",\"url\":\"https:\\\/\\\/accesolatino.org\\\/wp-content\\\/uploads\\\/2020\\\/04\\\/Suspenden-regla-de-carga-p\u00fablica-para-atender-a-inmigrantes-por-Covid-19.jpg\",\"contentUrl\":\"https:\\\/\\\/accesolatino.org\\\/wp-content\\\/uploads\\\/2020\\\/04\\\/Suspenden-regla-de-carga-p\u00fablica-para-atender-a-inmigrantes-por-Covid-19.jpg\",\"width\":600,\"height\":338},{\"@type\":\"BreadcrumbList\",\"@id\":\"https:\\\/\\\/accesolatino.org\\\/suspenden-regla-de-carga-publica-para-atender-a-inmigrantes-por-covid-19\\\/noticias\\\/#breadcrumb\",\"itemListElement\":[{\"@type\":\"ListItem\",\"position\":1,\"name\":\"Portada\",\"item\":\"https:\\\/\\\/accesolatino.org\\\/\"},{\"@type\":\"ListItem\",\"position\":2,\"name\":\"Noticias\",\"item\":\"https:\\\/\\\/accesolatino.org\\\/category\\\/noticias\\\/\"},{\"@type\":\"ListItem\",\"position\":3,\"name\":\"Suspenden regla de carga p\u00fablica para atender a inmigrantes por Covid-19\"}]},{\"@type\":\"WebSite\",\"@id\":\"https:\\\/\\\/accesolatino.org\\\/#website\",\"url\":\"https:\\\/\\\/accesolatino.org\\\/\",\"name\":\"Acceso Latino | Fundaci\u00f3n Carlos Slim\",\"description\":\"Fundaci\u00f3n Carlos Slim\",\"publisher\":{\"@id\":\"https:\\\/\\\/accesolatino.org\\\/#organization\"},\"potentialAction\":[{\"@type\":\"SearchAction\",\"target\":{\"@type\":\"EntryPoint\",\"urlTemplate\":\"https:\\\/\\\/accesolatino.org\\\/?s={search_term_string}\"},\"query-input\":{\"@type\":\"PropertyValueSpecification\",\"valueRequired\":true,\"valueName\":\"search_term_string\"}}],\"inLanguage\":\"en-US\"},{\"@type\":\"Organization\",\"@id\":\"https:\\\/\\\/accesolatino.org\\\/#organization\",\"name\":\"Acceso Latino | Fundaci\u00f3n Carlos Slim\",\"url\":\"https:\\\/\\\/accesolatino.org\\\/\",\"logo\":{\"@type\":\"ImageObject\",\"inLanguage\":\"en-US\",\"@id\":\"https:\\\/\\\/accesolatino.org\\\/#\\\/schema\\\/logo\\\/image\\\/\",\"url\":\"https:\\\/\\\/accesolatino.org\\\/wp-content\\\/uploads\\\/2021\\\/02\\\/logo-footer-acceso-latino.png\",\"contentUrl\":\"https:\\\/\\\/accesolatino.org\\\/wp-content\\\/uploads\\\/2021\\\/02\\\/logo-footer-acceso-latino.png\",\"width\":240,\"height\":40,\"caption\":\"Acceso Latino | Fundaci\u00f3n Carlos Slim\"},\"image\":{\"@id\":\"https:\\\/\\\/accesolatino.org\\\/#\\\/schema\\\/logo\\\/image\\\/\"},\"sameAs\":[\"https:\\\/\\\/www.facebook.com\\\/AccesoLatinoOrg\",\"https:\\\/\\\/x.com\\\/FAccLatino\"]},{\"@type\":\"Person\",\"@id\":\"https:\\\/\\\/accesolatino.org\\\/#\\\/schema\\\/person\\\/6b654926a4e7e4709c9ad12459661666\",\"name\":\"Noticias\"}]}<\/script>\n<!-- \/ Yoast SEO plugin. -->","yoast_head_json":{"title":"Suspenden regla de carga p\u00fablica para atender a inmigrantes","robots":{"index":"index","follow":"follow","max-snippet":"max-snippet:-1","max-image-preview":"max-image-preview:large","max-video-preview":"max-video-preview:-1"},"canonical":"https:\/\/accesolatino.org\/en\/suspenden-regla-de-carga-publica-para-atender-a-inmigrantes-por-covid-19\/noticias\/","og_locale":"en_US","og_type":"article","og_title":"Suspenden regla de carga p\u00fablica para atender a inmigrantes","og_description":"USCIS anunci\u00f3 que la regla de \u201ccarga p\u00fablica\u201d quedar\u00e1 suspendida para que los inmigrantes tengan acceso a la prueba de detecci\u00f3n y al tratamiento del coronavirus, entre otras enfermedades. Tambi\u00e9n incluyen vacunas preventivas de enfermedades para ni\u00f1os y adultos mayores. &nbsp;La regla de la \u201ccarga p\u00fablica\u201d cuenta con varios beneficios p\u00fablicos que incluye los servicios de Medicaid que son financiadas por el gobierno federal (para mayores de 21 a\u00f1os), pero no cuentan con los servicios y asistencia de salud p\u00fablica estatal, o locales que no est\u00e9n financiados por Medicaid federal. &nbsp;Debido al distanciamiento social o cuarentena, los patrones mandaron a su casa los trabajadores y las escuelas cerraron para evitar un contagio que se salga de control, los inmigrantes puede presentar una declaraci\u00f3n con su solicitud de ajuste de estatus para explicar c\u00f3mo la cuarentena les ha afectado y recibir la ayuda y servicios necesarios. &nbsp;Con esta suspensi\u00f3n se busca que el n\u00famero de inmigrantes infectados sea el menor posible y as\u00ed evitar la propagaci\u00f3n del virus. &nbsp;El gobierno ha instado a los inmigrantes a confiar en los beneficios p\u00fablicos durante la fase de recuperaci\u00f3n y brote del coronavirus. &nbsp;Fuente: La Noticia&nbsp;","og_url":"https:\/\/accesolatino.org\/en\/suspenden-regla-de-carga-publica-para-atender-a-inmigrantes-por-covid-19\/noticias\/","og_site_name":"Acceso Latino","article_publisher":"https:\/\/www.facebook.com\/AccesoLatinoOrg","article_published_time":"2020-04-03T21:42:31+00:00","article_modified_time":"2025-10-30T19:38:30+00:00","og_image":[{"width":600,"height":338,"url":"https:\/\/accesolatino.org\/wp-content\/uploads\/2020\/04\/Suspenden-regla-de-carga-p\u00fablica-para-atender-a-inmigrantes-por-Covid-19.jpg","type":"image\/jpeg"}],"author":"Noticias","twitter_card":"summary_large_image","twitter_creator":"@FAccLatino","twitter_site":"@FAccLatino","twitter_misc":{"Written by":"Noticias","Est. reading time":"2 minutes"},"schema":{"@context":"https:\/\/schema.org","@graph":[{"@type":"Article","@id":"https:\/\/accesolatino.org\/suspenden-regla-de-carga-publica-para-atender-a-inmigrantes-por-covid-19\/noticias\/#article","isPartOf":{"@id":"https:\/\/accesolatino.org\/suspenden-regla-de-carga-publica-para-atender-a-inmigrantes-por-covid-19\/noticias\/"},"author":{"name":"Noticias","@id":"https:\/\/accesolatino.org\/#\/schema\/person\/6b654926a4e7e4709c9ad12459661666"},"headline":"Suspenden regla de carga p\u00fablica para atender a inmigrantes por Covid-19","datePublished":"2020-04-03T21:42:31+00:00","dateModified":"2025-10-30T19:38:30+00:00","mainEntityOfPage":{"@id":"https:\/\/accesolatino.org\/suspenden-regla-de-carga-publica-para-atender-a-inmigrantes-por-covid-19\/noticias\/"},"wordCount":225,"commentCount":0,"publisher":{"@id":"https:\/\/accesolatino.org\/#organization"},"image":{"@id":"https:\/\/accesolatino.org\/suspenden-regla-de-carga-publica-para-atender-a-inmigrantes-por-covid-19\/noticias\/#primaryimage"},"thumbnailUrl":"https:\/\/accesolatino.org\/wp-content\/uploads\/2020\/04\/Suspenden-regla-de-carga-p\u00fablica-para-atender-a-inmigrantes-por-Covid-19.jpg","articleSection":["Noticias","Temas de inter\u00e9s"],"inLanguage":"en-US","potentialAction":[{"@type":"CommentAction","name":"Comment","target":["https:\/\/accesolatino.org\/suspenden-regla-de-carga-publica-para-atender-a-inmigrantes-por-covid-19\/noticias\/#respond"]}]},{"@type":"WebPage","@id":"https:\/\/accesolatino.org\/suspenden-regla-de-carga-publica-para-atender-a-inmigrantes-por-covid-19\/noticias\/","url":"https:\/\/accesolatino.org\/suspenden-regla-de-carga-publica-para-atender-a-inmigrantes-por-covid-19\/noticias\/","name":"Suspenden regla de carga p\u00fablica para atender a inmigrantes","isPartOf":{"@id":"https:\/\/accesolatino.org\/#website"},"primaryImageOfPage":{"@id":"https:\/\/accesolatino.org\/suspenden-regla-de-carga-publica-para-atender-a-inmigrantes-por-covid-19\/noticias\/#primaryimage"},"image":{"@id":"https:\/\/accesolatino.org\/suspenden-regla-de-carga-publica-para-atender-a-inmigrantes-por-covid-19\/noticias\/#primaryimage"},"thumbnailUrl":"https:\/\/accesolatino.org\/wp-content\/uploads\/2020\/04\/Suspenden-regla-de-carga-p\u00fablica-para-atender-a-inmigrantes-por-Covid-19.jpg","datePublished":"2020-04-03T21:42:31+00:00","dateModified":"2025-10-30T19:38:30+00:00","breadcrumb":{"@id":"https:\/\/accesolatino.org\/suspenden-regla-de-carga-publica-para-atender-a-inmigrantes-por-covid-19\/noticias\/#breadcrumb"},"inLanguage":"en-US","potentialAction":[{"@type":"ReadAction","target":["https:\/\/accesolatino.org\/suspenden-regla-de-carga-publica-para-atender-a-inmigrantes-por-covid-19\/noticias\/"]}]},{"@type":"ImageObject","inLanguage":"en-US","@id":"https:\/\/accesolatino.org\/suspenden-regla-de-carga-publica-para-atender-a-inmigrantes-por-covid-19\/noticias\/#primaryimage","url":"https:\/\/accesolatino.org\/wp-content\/uploads\/2020\/04\/Suspenden-regla-de-carga-p\u00fablica-para-atender-a-inmigrantes-por-Covid-19.jpg","contentUrl":"https:\/\/accesolatino.org\/wp-content\/uploads\/2020\/04\/Suspenden-regla-de-carga-p\u00fablica-para-atender-a-inmigrantes-por-Covid-19.jpg","width":600,"height":338},{"@type":"BreadcrumbList","@id":"https:\/\/accesolatino.org\/suspenden-regla-de-carga-publica-para-atender-a-inmigrantes-por-covid-19\/noticias\/#breadcrumb","itemListElement":[{"@type":"ListItem","position":1,"name":"Portada","item":"https:\/\/accesolatino.org\/"},{"@type":"ListItem","position":2,"name":"Noticias","item":"https:\/\/accesolatino.org\/category\/noticias\/"},{"@type":"ListItem","position":3,"name":"Suspenden regla de carga p\u00fablica para atender a inmigrantes por Covid-19"}]},{"@type":"WebSite","@id":"https:\/\/accesolatino.org\/#website","url":"https:\/\/accesolatino.org\/","name":"Acceso Latino | Fundaci\u00f3n Carlos Slim","description":"Fundaci\u00f3n Carlos Slim","publisher":{"@id":"https:\/\/accesolatino.org\/#organization"},"potentialAction":[{"@type":"SearchAction","target":{"@type":"EntryPoint","urlTemplate":"https:\/\/accesolatino.org\/?s={search_term_string}"},"query-input":{"@type":"PropertyValueSpecification","valueRequired":true,"valueName":"search_term_string"}}],"inLanguage":"en-US"},{"@type":"Organization","@id":"https:\/\/accesolatino.org\/#organization","name":"Acceso Latino | Fundaci\u00f3n Carlos Slim","url":"https:\/\/accesolatino.org\/","logo":{"@type":"ImageObject","inLanguage":"en-US","@id":"https:\/\/accesolatino.org\/#\/schema\/logo\/image\/","url":"https:\/\/accesolatino.org\/wp-content\/uploads\/2021\/02\/logo-footer-acceso-latino.png","contentUrl":"https:\/\/accesolatino.org\/wp-content\/uploads\/2021\/02\/logo-footer-acceso-latino.png","width":240,"height":40,"caption":"Acceso Latino | Fundaci\u00f3n Carlos Slim"},"image":{"@id":"https:\/\/accesolatino.org\/#\/schema\/logo\/image\/"},"sameAs":["https:\/\/www.facebook.com\/AccesoLatinoOrg","https:\/\/x.com\/FAccLatino"]},{"@type":"Person","@id":"https:\/\/accesolatino.org\/#\/schema\/person\/6b654926a4e7e4709c9ad12459661666","name":"News"}]}},"_links":{"self":[{"href":"https:\/\/accesolatino.org\/en\/wp-json\/wp\/v2\/posts\/20724","targetHints":{"allow":["GET"]}}],"collection":[{"href":"https:\/\/accesolatino.org\/en\/wp-json\/wp\/v2\/posts"}],"about":[{"href":"https:\/\/accesolatino.org\/en\/wp-json\/wp\/v2\/types\/post"}],"author":[{"embeddable":true,"href":"https:\/\/accesolatino.org\/en\/wp-json\/wp\/v2\/users\/13"}],"replies":[{"embeddable":true,"href":"https:\/\/accesolatino.org\/en\/wp-json\/wp\/v2\/comments?post=20724"}],"version-history":[{"count":1,"href":"https:\/\/accesolatino.org\/en\/wp-json\/wp\/v2\/posts\/20724\/revisions"}],"predecessor-version":[{"id":65932,"href":"https:\/\/accesolatino.org\/en\/wp-json\/wp\/v2\/posts\/20724\/revisions\/65932"}],"wp:featuredmedia":[{"embeddable":true,"href":"https:\/\/accesolatino.org\/en\/wp-json\/wp\/v2\/media\/20726"}],"wp:attachment":[{"href":"https:\/\/accesolatino.org\/en\/wp-json\/wp\/v2\/media?parent=20724"}],"wp:term":[{"taxonomy":"category","embeddable":true,"href":"https:\/\/accesolatino.org\/en\/wp-json\/wp\/v2\/categories?post=20724"},{"taxonomy":"post_tag","embeddable":true,"href":"https:\/\/accesolatino.org\/en\/wp-json\/wp\/v2\/tags?post=20724"}],"curies":[{"name":"wp","href":"https:\/\/api.w.org\/{rel}","templated":true}]}}