{"id":20584,"date":"2020-03-23T17:14:27","date_gmt":"2020-03-23T23:14:27","guid":{"rendered":"https:\/\/accesolatino.org\/?p=20584"},"modified":"2025-10-25T23:31:29","modified_gmt":"2025-10-26T05:31:29","slug":"condado-de-san-diego-brindara-atencion-medica-a-inmigrantes-por-coronavirus","status":"publish","type":"post","link":"https:\/\/accesolatino.org\/en\/condado-de-san-diego-brindara-atencion-medica-a-inmigrantes-por-coronavirus\/noticias\/","title":{"rendered":"Condado de San Diego brindar\u00e1 atenci\u00f3n m\u00e9dica a inmigrantes por coronavirus"},"content":{"rendered":"<div data-elementor-type=\"wp-post\" data-elementor-id=\"20584\" class=\"elementor elementor-20584\">\n\t\t\t\t\t\t<section class=\"elementor-section elementor-top-section elementor-element elementor-element-e311389 elementor-section-boxed elementor-section-height-default elementor-section-height-default wpr-particle-no wpr-jarallax-no wpr-parallax-no wpr-sticky-section-no wpr-equal-height-no\" data-id=\"e311389\" data-element_type=\"section\" data-e-type=\"section\">\n\t\t\t\t\t\t<div class=\"elementor-container elementor-column-gap-default\">\n\t\t\t\t\t<div class=\"elementor-column elementor-col-100 elementor-top-column elementor-element elementor-element-978633f\" data-id=\"978633f\" data-element_type=\"column\" data-e-type=\"column\">\n\t\t\t<div class=\"elementor-widget-wrap elementor-element-populated\">\n\t\t\t\t\t\t<div class=\"elementor-element elementor-element-6f3bde3 elementor-widget elementor-widget-text-editor\" data-id=\"6f3bde3\" data-element_type=\"widget\" data-e-type=\"widget\" data-widget_type=\"text-editor.default\">\n\t\t\t\t<div class=\"elementor-widget-container\">\n\t\t\t\t\t\t\t\t\t<p>Activistas del condado de San Diego, hicieron un llamado a la comunidad inmigrante a pedir ayuda m\u00e9dica y asistencia sin importar su situaci\u00f3n legal migratoria.<\/p><p>Todos, sin importar su situaci\u00f3n econ\u00f3mica o migratoria, recibir\u00e1n atenci\u00f3n m\u00e9dica, dijeron las autoridades del condado. Los l\u00edderes dem\u00f3cratas del condado destacaron los recursos disponibles para los inmigrados y refugiados que cuentan para da apoyo ante la pandemia del coronavirus.<\/p><p>Norma Ch\u00e1vez, representante de ACLU record\u00f3 las familias inmigrantes que durante la pandemia de coronavirus, &#8220;todos tenemos derecho a acceder servicios m\u00e9dicos, educaci\u00f3n, comida, y si se les niega alg\u00fan derecho pueden llamar al (619) 232 2121&#8221;.<\/p><p>La asamble\u00edsta del distrito 80 de California, Lorena Gonz\u00e1lez, destac\u00f3 que las familias pueden tener acceso a atenci\u00f3n m\u00e9dica sin temer por ICE.<\/p><p>Gonz\u00e1lez, explic\u00f3, que recibir la prueba por coronavirus, ayuda m\u00e9dica gratuita, as\u00ed como recibir ayuda del gobierno, no afectar\u00e1 la posibilidad de recibir la ciudadan\u00eda en el futuro.<\/p><p>Las personas con tos, fiebre y dificultad para respirar deben seguir las indicaciones de los Centros para el Control de Enfermedades (CDC), que son: quedarse en casa sin salir durante dos semanas si tiene tos, fiebre o falta de aliento.<\/p><p>Las autoridades del condado dijeron que no hay suficientes pruebas para todos y s\u00f3lo a los casos m\u00e1s graves se le har\u00e1n los an\u00e1lisis correspondientes.<\/p><p>Para recibir ayuda puedes llamar al 211 o visitar el sitio web del condado: <a href=\"https:\/\/211sandiego.org\/resources\/health-wellness\/\" target=\"_blank\" rel=\"noopener\">https:\/\/211sandiego.org\/resources\/health-wellness\/<\/a><\/p><p>Fuente: Telemundo<\/p>\t\t\t\t\t\t\t\t<\/div>\n\t\t\t\t<\/div>\n\t\t\t\t\t<\/div>\n\t\t<\/div>\n\t\t\t\t\t<\/div>\n\t\t<\/section>\n\t\t\t\t<\/div>","protected":false},"excerpt":{"rendered":"<p>Activistas del condado de San Diego, hicieron un llamado a la comunidad inmigrante a pedir ayuda m\u00e9dica y asistencia sin importar su situaci\u00f3n legal migratoria. Todos, sin importar su situaci\u00f3n econ\u00f3mica o migratoria, recibir\u00e1n atenci\u00f3n m\u00e9dica, dijeron las autoridades del condado. Los l\u00edderes dem\u00f3cratas del condado destacaron los recursos disponibles para los inmigrados y refugiados que cuentan para da apoyo ante la pandemia del coronavirus. Norma Ch\u00e1vez, representante de ACLU record\u00f3 las familias inmigrantes que durante la pandemia de coronavirus, &#8220;todos tenemos derecho a acceder servicios m\u00e9dicos, educaci\u00f3n, comida, y si se les niega alg\u00fan derecho pueden llamar al (619) 232 2121&#8221;. La asamble\u00edsta del distrito 80 de California, Lorena Gonz\u00e1lez, destac\u00f3 que las familias pueden tener acceso a atenci\u00f3n m\u00e9dica sin temer por ICE. Gonz\u00e1lez, explic\u00f3, que recibir la prueba por coronavirus, ayuda m\u00e9dica gratuita, as\u00ed como recibir ayuda del gobierno, no afectar\u00e1 la posibilidad de recibir la ciudadan\u00eda en el futuro. Las personas con tos, fiebre y dificultad para respirar deben seguir las indicaciones de los Centros para el Control de Enfermedades (CDC), que son: quedarse en casa sin salir durante dos semanas si tiene tos, fiebre o falta de aliento. Las autoridades del condado dijeron que no hay suficientes pruebas para todos y s\u00f3lo a los casos m\u00e1s graves se le har\u00e1n los an\u00e1lisis correspondientes. Para recibir ayuda puedes llamar al 211 o visitar el sitio web del condado: https:\/\/211sandiego.org\/resources\/health-wellness\/ Fuente: Telemundo<\/p>","protected":false},"author":13,"featured_media":20585,"comment_status":"open","ping_status":"open","sticky":false,"template":"","format":"standard","meta":{"_uf_show_specific_survey":0,"_uf_disable_surveys":false,"footnotes":""},"categories":[10,1],"tags":[],"class_list":["post-20584","post","type-post","status-publish","format-standard","has-post-thumbnail","hentry","category-noticias","category-temas-de-interes"],"aioseo_notices":[],"yoast_head":"<!-- This site is optimized with the Yoast SEO plugin v27.4 - https:\/\/yoast.com\/product\/yoast-seo-wordpress\/ -->\n<title>Condado de San Diego brindar\u00e1 atenci\u00f3n m\u00e9dica a inmigrantes por coronavirus<\/title>\n<meta name=\"description\" content=\"Activistas del condado de San Diego, hicieron un llamado a la comunidad inmigrante a pedir ayuda m\u00e9dica y asistencia sin importar su situaci\u00f3n legal\" \/>\n<meta name=\"robots\" content=\"index, follow, max-snippet:-1, max-image-preview:large, max-video-preview:-1\" \/>\n<link rel=\"canonical\" href=\"https:\/\/accesolatino.org\/en\/condado-de-san-diego-brindara-atencion-medica-a-inmigrantes-por-coronavirus\/noticias\/\" \/>\n<meta property=\"og:locale\" content=\"en_US\" \/>\n<meta property=\"og:type\" content=\"article\" \/>\n<meta property=\"og:title\" content=\"Condado de San Diego brindar\u00e1 atenci\u00f3n m\u00e9dica a inmigrantes por coronavirus\" \/>\n<meta property=\"og:description\" content=\"Activistas del condado de San Diego, hicieron un llamado a la comunidad inmigrante a pedir ayuda m\u00e9dica y asistencia sin importar su situaci\u00f3n legal\" \/>\n<meta property=\"og:url\" content=\"https:\/\/accesolatino.org\/en\/condado-de-san-diego-brindara-atencion-medica-a-inmigrantes-por-coronavirus\/noticias\/\" \/>\n<meta property=\"og:site_name\" content=\"Acceso Latino\" \/>\n<meta property=\"article:publisher\" content=\"https:\/\/www.facebook.com\/AccesoLatinoOrg\" \/>\n<meta property=\"article:published_time\" content=\"2020-03-23T23:14:27+00:00\" \/>\n<meta property=\"article:modified_time\" content=\"2025-10-26T05:31:29+00:00\" \/>\n<meta property=\"og:image\" content=\"https:\/\/accesolatino.org\/wp-content\/uploads\/2020\/03\/Condado-de-San-Diego-brindar\u00e1-atenci\u00f3n-m\u00e9dica-a-inmigrantes-por-coronavirus.png\" \/>\n\t<meta property=\"og:image:width\" content=\"600\" \/>\n\t<meta property=\"og:image:height\" content=\"338\" \/>\n\t<meta property=\"og:image:type\" content=\"image\/png\" \/>\n<meta name=\"author\" content=\"Noticias\" \/>\n<meta name=\"twitter:card\" content=\"summary_large_image\" \/>\n<meta name=\"twitter:creator\" content=\"@FAccLatino\" \/>\n<meta name=\"twitter:site\" content=\"@FAccLatino\" \/>\n<meta name=\"twitter:label1\" content=\"Written by\" \/>\n\t<meta name=\"twitter:data1\" content=\"Noticias\" \/>\n\t<meta name=\"twitter:label2\" content=\"Est. reading time\" \/>\n\t<meta name=\"twitter:data2\" content=\"2 minutes\" \/>\n<script type=\"application\/ld+json\" class=\"yoast-schema-graph\">{\"@context\":\"https:\\\/\\\/schema.org\",\"@graph\":[{\"@type\":\"Article\",\"@id\":\"https:\\\/\\\/accesolatino.org\\\/condado-de-san-diego-brindara-atencion-medica-a-inmigrantes-por-coronavirus\\\/noticias\\\/#article\",\"isPartOf\":{\"@id\":\"https:\\\/\\\/accesolatino.org\\\/condado-de-san-diego-brindara-atencion-medica-a-inmigrantes-por-coronavirus\\\/noticias\\\/\"},\"author\":{\"name\":\"Noticias\",\"@id\":\"https:\\\/\\\/accesolatino.org\\\/#\\\/schema\\\/person\\\/6b654926a4e7e4709c9ad12459661666\"},\"headline\":\"Condado de San Diego brindar\u00e1 atenci\u00f3n m\u00e9dica a inmigrantes por coronavirus\",\"datePublished\":\"2020-03-23T23:14:27+00:00\",\"dateModified\":\"2025-10-26T05:31:29+00:00\",\"mainEntityOfPage\":{\"@id\":\"https:\\\/\\\/accesolatino.org\\\/condado-de-san-diego-brindara-atencion-medica-a-inmigrantes-por-coronavirus\\\/noticias\\\/\"},\"wordCount\":271,\"commentCount\":0,\"publisher\":{\"@id\":\"https:\\\/\\\/accesolatino.org\\\/#organization\"},\"image\":{\"@id\":\"https:\\\/\\\/accesolatino.org\\\/condado-de-san-diego-brindara-atencion-medica-a-inmigrantes-por-coronavirus\\\/noticias\\\/#primaryimage\"},\"thumbnailUrl\":\"https:\\\/\\\/accesolatino.org\\\/wp-content\\\/uploads\\\/2020\\\/03\\\/Condado-de-San-Diego-brindar\u00e1-atenci\u00f3n-m\u00e9dica-a-inmigrantes-por-coronavirus.png\",\"articleSection\":[\"Noticias\",\"Temas de inter\u00e9s\"],\"inLanguage\":\"en-US\",\"potentialAction\":[{\"@type\":\"CommentAction\",\"name\":\"Comment\",\"target\":[\"https:\\\/\\\/accesolatino.org\\\/condado-de-san-diego-brindara-atencion-medica-a-inmigrantes-por-coronavirus\\\/noticias\\\/#respond\"]}]},{\"@type\":\"WebPage\",\"@id\":\"https:\\\/\\\/accesolatino.org\\\/condado-de-san-diego-brindara-atencion-medica-a-inmigrantes-por-coronavirus\\\/noticias\\\/\",\"url\":\"https:\\\/\\\/accesolatino.org\\\/condado-de-san-diego-brindara-atencion-medica-a-inmigrantes-por-coronavirus\\\/noticias\\\/\",\"name\":\"Condado de San Diego brindar\u00e1 atenci\u00f3n m\u00e9dica a inmigrantes por coronavirus\",\"isPartOf\":{\"@id\":\"https:\\\/\\\/accesolatino.org\\\/#website\"},\"primaryImageOfPage\":{\"@id\":\"https:\\\/\\\/accesolatino.org\\\/condado-de-san-diego-brindara-atencion-medica-a-inmigrantes-por-coronavirus\\\/noticias\\\/#primaryimage\"},\"image\":{\"@id\":\"https:\\\/\\\/accesolatino.org\\\/condado-de-san-diego-brindara-atencion-medica-a-inmigrantes-por-coronavirus\\\/noticias\\\/#primaryimage\"},\"thumbnailUrl\":\"https:\\\/\\\/accesolatino.org\\\/wp-content\\\/uploads\\\/2020\\\/03\\\/Condado-de-San-Diego-brindar\u00e1-atenci\u00f3n-m\u00e9dica-a-inmigrantes-por-coronavirus.png\",\"datePublished\":\"2020-03-23T23:14:27+00:00\",\"dateModified\":\"2025-10-26T05:31:29+00:00\",\"description\":\"Activistas del condado de San Diego, hicieron un llamado a la comunidad inmigrante a pedir ayuda m\u00e9dica y asistencia sin importar su situaci\u00f3n legal\",\"breadcrumb\":{\"@id\":\"https:\\\/\\\/accesolatino.org\\\/condado-de-san-diego-brindara-atencion-medica-a-inmigrantes-por-coronavirus\\\/noticias\\\/#breadcrumb\"},\"inLanguage\":\"en-US\",\"potentialAction\":[{\"@type\":\"ReadAction\",\"target\":[\"https:\\\/\\\/accesolatino.org\\\/condado-de-san-diego-brindara-atencion-medica-a-inmigrantes-por-coronavirus\\\/noticias\\\/\"]}]},{\"@type\":\"ImageObject\",\"inLanguage\":\"en-US\",\"@id\":\"https:\\\/\\\/accesolatino.org\\\/condado-de-san-diego-brindara-atencion-medica-a-inmigrantes-por-coronavirus\\\/noticias\\\/#primaryimage\",\"url\":\"https:\\\/\\\/accesolatino.org\\\/wp-content\\\/uploads\\\/2020\\\/03\\\/Condado-de-San-Diego-brindar\u00e1-atenci\u00f3n-m\u00e9dica-a-inmigrantes-por-coronavirus.png\",\"contentUrl\":\"https:\\\/\\\/accesolatino.org\\\/wp-content\\\/uploads\\\/2020\\\/03\\\/Condado-de-San-Diego-brindar\u00e1-atenci\u00f3n-m\u00e9dica-a-inmigrantes-por-coronavirus.png\",\"width\":600,\"height\":338},{\"@type\":\"BreadcrumbList\",\"@id\":\"https:\\\/\\\/accesolatino.org\\\/condado-de-san-diego-brindara-atencion-medica-a-inmigrantes-por-coronavirus\\\/noticias\\\/#breadcrumb\",\"itemListElement\":[{\"@type\":\"ListItem\",\"position\":1,\"name\":\"Portada\",\"item\":\"https:\\\/\\\/accesolatino.org\\\/\"},{\"@type\":\"ListItem\",\"position\":2,\"name\":\"Noticias\",\"item\":\"https:\\\/\\\/accesolatino.org\\\/category\\\/noticias\\\/\"},{\"@type\":\"ListItem\",\"position\":3,\"name\":\"Condado de San Diego brindar\u00e1 atenci\u00f3n m\u00e9dica a inmigrantes por coronavirus\"}]},{\"@type\":\"WebSite\",\"@id\":\"https:\\\/\\\/accesolatino.org\\\/#website\",\"url\":\"https:\\\/\\\/accesolatino.org\\\/\",\"name\":\"Acceso Latino | Fundaci\u00f3n Carlos Slim\",\"description\":\"Fundaci\u00f3n Carlos Slim\",\"publisher\":{\"@id\":\"https:\\\/\\\/accesolatino.org\\\/#organization\"},\"potentialAction\":[{\"@type\":\"SearchAction\",\"target\":{\"@type\":\"EntryPoint\",\"urlTemplate\":\"https:\\\/\\\/accesolatino.org\\\/?s={search_term_string}\"},\"query-input\":{\"@type\":\"PropertyValueSpecification\",\"valueRequired\":true,\"valueName\":\"search_term_string\"}}],\"inLanguage\":\"en-US\"},{\"@type\":\"Organization\",\"@id\":\"https:\\\/\\\/accesolatino.org\\\/#organization\",\"name\":\"Acceso Latino | Fundaci\u00f3n Carlos Slim\",\"url\":\"https:\\\/\\\/accesolatino.org\\\/\",\"logo\":{\"@type\":\"ImageObject\",\"inLanguage\":\"en-US\",\"@id\":\"https:\\\/\\\/accesolatino.org\\\/#\\\/schema\\\/logo\\\/image\\\/\",\"url\":\"https:\\\/\\\/accesolatino.org\\\/wp-content\\\/uploads\\\/2021\\\/02\\\/logo-footer-acceso-latino.png\",\"contentUrl\":\"https:\\\/\\\/accesolatino.org\\\/wp-content\\\/uploads\\\/2021\\\/02\\\/logo-footer-acceso-latino.png\",\"width\":240,\"height\":40,\"caption\":\"Acceso Latino | Fundaci\u00f3n Carlos Slim\"},\"image\":{\"@id\":\"https:\\\/\\\/accesolatino.org\\\/#\\\/schema\\\/logo\\\/image\\\/\"},\"sameAs\":[\"https:\\\/\\\/www.facebook.com\\\/AccesoLatinoOrg\",\"https:\\\/\\\/x.com\\\/FAccLatino\"]},{\"@type\":\"Person\",\"@id\":\"https:\\\/\\\/accesolatino.org\\\/#\\\/schema\\\/person\\\/6b654926a4e7e4709c9ad12459661666\",\"name\":\"Noticias\"}]}<\/script>\n<!-- \/ Yoast SEO plugin. -->","yoast_head_json":{"title":"Condado de San Diego brindar\u00e1 atenci\u00f3n m\u00e9dica a inmigrantes por coronavirus","description":"Activistas del condado de San Diego, hicieron un llamado a la comunidad inmigrante a pedir ayuda m\u00e9dica y asistencia sin importar su situaci\u00f3n legal","robots":{"index":"index","follow":"follow","max-snippet":"max-snippet:-1","max-image-preview":"max-image-preview:large","max-video-preview":"max-video-preview:-1"},"canonical":"https:\/\/accesolatino.org\/en\/condado-de-san-diego-brindara-atencion-medica-a-inmigrantes-por-coronavirus\/noticias\/","og_locale":"en_US","og_type":"article","og_title":"Condado de San Diego brindar\u00e1 atenci\u00f3n m\u00e9dica a inmigrantes por coronavirus","og_description":"Activistas del condado de San Diego, hicieron un llamado a la comunidad inmigrante a pedir ayuda m\u00e9dica y asistencia sin importar su situaci\u00f3n legal","og_url":"https:\/\/accesolatino.org\/en\/condado-de-san-diego-brindara-atencion-medica-a-inmigrantes-por-coronavirus\/noticias\/","og_site_name":"Acceso Latino","article_publisher":"https:\/\/www.facebook.com\/AccesoLatinoOrg","article_published_time":"2020-03-23T23:14:27+00:00","article_modified_time":"2025-10-26T05:31:29+00:00","og_image":[{"width":600,"height":338,"url":"https:\/\/accesolatino.org\/wp-content\/uploads\/2020\/03\/Condado-de-San-Diego-brindar\u00e1-atenci\u00f3n-m\u00e9dica-a-inmigrantes-por-coronavirus.png","type":"image\/png"}],"author":"Noticias","twitter_card":"summary_large_image","twitter_creator":"@FAccLatino","twitter_site":"@FAccLatino","twitter_misc":{"Written by":"Noticias","Est. reading time":"2 minutes"},"schema":{"@context":"https:\/\/schema.org","@graph":[{"@type":"Article","@id":"https:\/\/accesolatino.org\/condado-de-san-diego-brindara-atencion-medica-a-inmigrantes-por-coronavirus\/noticias\/#article","isPartOf":{"@id":"https:\/\/accesolatino.org\/condado-de-san-diego-brindara-atencion-medica-a-inmigrantes-por-coronavirus\/noticias\/"},"author":{"name":"Noticias","@id":"https:\/\/accesolatino.org\/#\/schema\/person\/6b654926a4e7e4709c9ad12459661666"},"headline":"Condado de San Diego brindar\u00e1 atenci\u00f3n m\u00e9dica a inmigrantes por coronavirus","datePublished":"2020-03-23T23:14:27+00:00","dateModified":"2025-10-26T05:31:29+00:00","mainEntityOfPage":{"@id":"https:\/\/accesolatino.org\/condado-de-san-diego-brindara-atencion-medica-a-inmigrantes-por-coronavirus\/noticias\/"},"wordCount":271,"commentCount":0,"publisher":{"@id":"https:\/\/accesolatino.org\/#organization"},"image":{"@id":"https:\/\/accesolatino.org\/condado-de-san-diego-brindara-atencion-medica-a-inmigrantes-por-coronavirus\/noticias\/#primaryimage"},"thumbnailUrl":"https:\/\/accesolatino.org\/wp-content\/uploads\/2020\/03\/Condado-de-San-Diego-brindar\u00e1-atenci\u00f3n-m\u00e9dica-a-inmigrantes-por-coronavirus.png","articleSection":["Noticias","Temas de inter\u00e9s"],"inLanguage":"en-US","potentialAction":[{"@type":"CommentAction","name":"Comment","target":["https:\/\/accesolatino.org\/condado-de-san-diego-brindara-atencion-medica-a-inmigrantes-por-coronavirus\/noticias\/#respond"]}]},{"@type":"WebPage","@id":"https:\/\/accesolatino.org\/condado-de-san-diego-brindara-atencion-medica-a-inmigrantes-por-coronavirus\/noticias\/","url":"https:\/\/accesolatino.org\/condado-de-san-diego-brindara-atencion-medica-a-inmigrantes-por-coronavirus\/noticias\/","name":"Condado de San Diego brindar\u00e1 atenci\u00f3n m\u00e9dica a inmigrantes por coronavirus","isPartOf":{"@id":"https:\/\/accesolatino.org\/#website"},"primaryImageOfPage":{"@id":"https:\/\/accesolatino.org\/condado-de-san-diego-brindara-atencion-medica-a-inmigrantes-por-coronavirus\/noticias\/#primaryimage"},"image":{"@id":"https:\/\/accesolatino.org\/condado-de-san-diego-brindara-atencion-medica-a-inmigrantes-por-coronavirus\/noticias\/#primaryimage"},"thumbnailUrl":"https:\/\/accesolatino.org\/wp-content\/uploads\/2020\/03\/Condado-de-San-Diego-brindar\u00e1-atenci\u00f3n-m\u00e9dica-a-inmigrantes-por-coronavirus.png","datePublished":"2020-03-23T23:14:27+00:00","dateModified":"2025-10-26T05:31:29+00:00","description":"Activistas del condado de San Diego, hicieron un llamado a la comunidad inmigrante a pedir ayuda m\u00e9dica y asistencia sin importar su situaci\u00f3n legal","breadcrumb":{"@id":"https:\/\/accesolatino.org\/condado-de-san-diego-brindara-atencion-medica-a-inmigrantes-por-coronavirus\/noticias\/#breadcrumb"},"inLanguage":"en-US","potentialAction":[{"@type":"ReadAction","target":["https:\/\/accesolatino.org\/condado-de-san-diego-brindara-atencion-medica-a-inmigrantes-por-coronavirus\/noticias\/"]}]},{"@type":"ImageObject","inLanguage":"en-US","@id":"https:\/\/accesolatino.org\/condado-de-san-diego-brindara-atencion-medica-a-inmigrantes-por-coronavirus\/noticias\/#primaryimage","url":"https:\/\/accesolatino.org\/wp-content\/uploads\/2020\/03\/Condado-de-San-Diego-brindar\u00e1-atenci\u00f3n-m\u00e9dica-a-inmigrantes-por-coronavirus.png","contentUrl":"https:\/\/accesolatino.org\/wp-content\/uploads\/2020\/03\/Condado-de-San-Diego-brindar\u00e1-atenci\u00f3n-m\u00e9dica-a-inmigrantes-por-coronavirus.png","width":600,"height":338},{"@type":"BreadcrumbList","@id":"https:\/\/accesolatino.org\/condado-de-san-diego-brindara-atencion-medica-a-inmigrantes-por-coronavirus\/noticias\/#breadcrumb","itemListElement":[{"@type":"ListItem","position":1,"name":"Portada","item":"https:\/\/accesolatino.org\/"},{"@type":"ListItem","position":2,"name":"Noticias","item":"https:\/\/accesolatino.org\/category\/noticias\/"},{"@type":"ListItem","position":3,"name":"Condado de San Diego brindar\u00e1 atenci\u00f3n m\u00e9dica a inmigrantes por coronavirus"}]},{"@type":"WebSite","@id":"https:\/\/accesolatino.org\/#website","url":"https:\/\/accesolatino.org\/","name":"Acceso Latino | Fundaci\u00f3n Carlos Slim","description":"Fundaci\u00f3n Carlos Slim","publisher":{"@id":"https:\/\/accesolatino.org\/#organization"},"potentialAction":[{"@type":"SearchAction","target":{"@type":"EntryPoint","urlTemplate":"https:\/\/accesolatino.org\/?s={search_term_string}"},"query-input":{"@type":"PropertyValueSpecification","valueRequired":true,"valueName":"search_term_string"}}],"inLanguage":"en-US"},{"@type":"Organization","@id":"https:\/\/accesolatino.org\/#organization","name":"Acceso Latino | Fundaci\u00f3n Carlos Slim","url":"https:\/\/accesolatino.org\/","logo":{"@type":"ImageObject","inLanguage":"en-US","@id":"https:\/\/accesolatino.org\/#\/schema\/logo\/image\/","url":"https:\/\/accesolatino.org\/wp-content\/uploads\/2021\/02\/logo-footer-acceso-latino.png","contentUrl":"https:\/\/accesolatino.org\/wp-content\/uploads\/2021\/02\/logo-footer-acceso-latino.png","width":240,"height":40,"caption":"Acceso Latino | Fundaci\u00f3n Carlos Slim"},"image":{"@id":"https:\/\/accesolatino.org\/#\/schema\/logo\/image\/"},"sameAs":["https:\/\/www.facebook.com\/AccesoLatinoOrg","https:\/\/x.com\/FAccLatino"]},{"@type":"Person","@id":"https:\/\/accesolatino.org\/#\/schema\/person\/6b654926a4e7e4709c9ad12459661666","name":"News"}]}},"_links":{"self":[{"href":"https:\/\/accesolatino.org\/en\/wp-json\/wp\/v2\/posts\/20584","targetHints":{"allow":["GET"]}}],"collection":[{"href":"https:\/\/accesolatino.org\/en\/wp-json\/wp\/v2\/posts"}],"about":[{"href":"https:\/\/accesolatino.org\/en\/wp-json\/wp\/v2\/types\/post"}],"author":[{"embeddable":true,"href":"https:\/\/accesolatino.org\/en\/wp-json\/wp\/v2\/users\/13"}],"replies":[{"embeddable":true,"href":"https:\/\/accesolatino.org\/en\/wp-json\/wp\/v2\/comments?post=20584"}],"version-history":[{"count":1,"href":"https:\/\/accesolatino.org\/en\/wp-json\/wp\/v2\/posts\/20584\/revisions"}],"predecessor-version":[{"id":65948,"href":"https:\/\/accesolatino.org\/en\/wp-json\/wp\/v2\/posts\/20584\/revisions\/65948"}],"wp:featuredmedia":[{"embeddable":true,"href":"https:\/\/accesolatino.org\/en\/wp-json\/wp\/v2\/media\/20585"}],"wp:attachment":[{"href":"https:\/\/accesolatino.org\/en\/wp-json\/wp\/v2\/media?parent=20584"}],"wp:term":[{"taxonomy":"category","embeddable":true,"href":"https:\/\/accesolatino.org\/en\/wp-json\/wp\/v2\/categories?post=20584"},{"taxonomy":"post_tag","embeddable":true,"href":"https:\/\/accesolatino.org\/en\/wp-json\/wp\/v2\/tags?post=20584"}],"curies":[{"name":"wp","href":"https:\/\/api.w.org\/{rel}","templated":true}]}}