{"id":1970,"date":"2018-03-12T18:15:24","date_gmt":"2018-03-12T18:15:24","guid":{"rendered":"http:\/\/accesolatino.org\/?p=1970"},"modified":"2025-10-27T13:37:20","modified_gmt":"2025-10-27T19:37:20","slug":"con-daca-sigues-protegido-de-ser-deportado","status":"publish","type":"post","link":"https:\/\/accesolatino.org\/en\/con-daca-sigues-protegido-de-ser-deportado\/noticias\/","title":{"rendered":"Con DACA sigues protegido de ser deportado"},"content":{"rendered":"<div data-elementor-type=\"wp-post\" data-elementor-id=\"1970\" class=\"elementor elementor-1970 elementor-bc-flex-widget\">\n\t\t\t\t\t\t<section class=\"elementor-section elementor-top-section elementor-element elementor-element-88be18c elementor-section-boxed elementor-section-height-default elementor-section-height-default wpr-particle-no wpr-jarallax-no wpr-parallax-no wpr-sticky-section-no wpr-equal-height-no\" data-id=\"88be18c\" data-element_type=\"section\" data-e-type=\"section\">\n\t\t\t\t\t\t<div class=\"elementor-container elementor-column-gap-default\">\n\t\t\t\t\t<div class=\"elementor-column elementor-col-100 elementor-top-column elementor-element elementor-element-de8eebf\" data-id=\"de8eebf\" data-element_type=\"column\" data-e-type=\"column\">\n\t\t\t<div class=\"elementor-widget-wrap elementor-element-populated\">\n\t\t\t\t\t\t<div class=\"elementor-element elementor-element-b6ed660 elementor-widget elementor-widget-text-editor\" data-id=\"b6ed660\" data-element_type=\"widget\" data-e-type=\"widget\" data-widget_type=\"text-editor.default\">\n\t\t\t\t<div class=\"elementor-widget-container\">\n\t\t\t\t\t\t\t\t\t<p>El Departamento de Seguridad Nacional de Estados Unidos, asegur\u00f3 que los j\u00f3venes inmigrantes sin documentos amparados por una iniciativa gubernamental, no est\u00e1n cerca de ser prioridad para las deportaciones.<br \/> <br \/><br \/><\/p><p>El portavoz de esta entidad gubernamental indic\u00f3 que salvo factores negativos adicionales, los beneficiados por el programa Acci\u00f3n Diferida para los Llegados en la Infancia (DACA), no ser\u00e1n arrestados o deportados.<br \/> <br \/><br \/><\/p><p>En septiembre del a\u00f1o pasado, el presidente de EUA dio un plazo hasta el 05 de marzo para finalizar el programa DACA, lo que pon\u00eda bajo amenaza el estatus de 690 mil personas registradas en Estados Unidos bajo ese estatus, situaci\u00f3n que fue cancelada por un fallo del Tribunal Superior de Justicia de Estados Unidos a favor de los \u201cdreamers\u201d.<br \/> <br \/><br \/><\/p><p>Los beneficiarios DACA que a\u00fan no comienzan su renovaci\u00f3n, podr\u00e1n acceder a la informaci\u00f3n necesaria del programa en la herramienta del portal <strong>Acceso Latino <a title=\"\" href=\"http:\/\/accesolatino.org\/en\/sigue-los-pasos-para-renovar-tu-daca\/\" target=\"_blank\" rel=\"noopener\">\u201cSigue los pasos para renovar tu DACA\u201d<\/a><\/strong>, y tambi\u00e9n podr\u00e1n informarse acerca de sus derechos en nuestra herramienta<strong> <a title=\"\" href=\"http:\/\/accesolatino.org\/en\/tus-derechos\/\" target=\"_blank\" rel=\"noopener\">\u201cTus Derechos\u201d<\/a><\/strong>.<\/p>\t\t\t\t\t\t\t\t<\/div>\n\t\t\t\t<\/div>\n\t\t\t\t\t<\/div>\n\t\t<\/div>\n\t\t\t\t\t<\/div>\n\t\t<\/section>\n\t\t\t\t<\/div>","protected":false},"excerpt":{"rendered":"<p>El Departamento de Seguridad Nacional de Estados Unidos, asegur\u00f3 que los j\u00f3venes inmigrantes sin documentos amparados por una iniciativa gubernamental, no est\u00e1n cerca de ser prioridad para las deportaciones. &nbsp; El portavoz de esta entidad gubernamental indic\u00f3 que salvo factores negativos adicionales, los beneficiados por el programa Acci\u00f3n Diferida para los Llegados en la Infancia (DACA), no ser\u00e1n arrestados o deportados. &nbsp; En septiembre del a\u00f1o pasado, el presidente de EUA dio un plazo hasta el 05 de marzo para finalizar el programa DACA, lo que pon\u00eda bajo amenaza el estatus de 690 mil personas registradas en Estados Unidos bajo ese estatus, situaci\u00f3n que fue cancelada por un fallo del Tribunal Superior de Justicia de Estados Unidos a favor de los \u201cdreamers\u201d. &nbsp; Los beneficiarios DACA que a\u00fan no comienzan su renovaci\u00f3n, podr\u00e1n acceder a la informaci\u00f3n necesaria del programa en la herramienta del portal Acceso Latino \u201cSigue los pasos para renovar tu DACA\u201d, y tambi\u00e9n podr\u00e1n informarse acerca de sus derechos en nuestra herramienta \u201cTus Derechos\u201d.<\/p>","protected":false},"author":13,"featured_media":1982,"comment_status":"open","ping_status":"open","sticky":false,"template":"","format":"standard","meta":{"_uf_show_specific_survey":0,"_uf_disable_surveys":false,"footnotes":""},"categories":[10,1],"tags":[],"class_list":["post-1970","post","type-post","status-publish","format-standard","has-post-thumbnail","hentry","category-noticias","category-temas-de-interes"],"aioseo_notices":[],"yoast_head":"<!-- This site is optimized with the Yoast SEO plugin v27.5 - https:\/\/yoast.com\/product\/yoast-seo-wordpress\/ -->\n<title>Con DACA sigues protegido de ser deportado<\/title>\n<meta name=\"robots\" content=\"index, follow, max-snippet:-1, max-image-preview:large, max-video-preview:-1\" \/>\n<link rel=\"canonical\" href=\"https:\/\/accesolatino.org\/en\/con-daca-sigues-protegido-de-ser-deportado\/noticias\/\" \/>\n<meta property=\"og:locale\" content=\"en_US\" \/>\n<meta property=\"og:type\" content=\"article\" \/>\n<meta property=\"og:title\" content=\"Con DACA sigues protegido de ser deportado\" \/>\n<meta property=\"og:description\" content=\"El Departamento de Seguridad Nacional de Estados Unidos, asegur\u00f3 que los j\u00f3venes inmigrantes sin documentos amparados por una iniciativa gubernamental, no est\u00e1n cerca de ser prioridad para las deportaciones. &nbsp; El portavoz de esta entidad gubernamental indic\u00f3 que salvo factores negativos adicionales, los beneficiados por el programa Acci\u00f3n Diferida para los Llegados en la Infancia (DACA), no ser\u00e1n arrestados o deportados. &nbsp; En septiembre del a\u00f1o pasado, el presidente de EUA dio un plazo hasta el 05 de marzo para finalizar el programa DACA, lo que pon\u00eda bajo amenaza el estatus de 690 mil personas registradas en Estados Unidos bajo ese estatus, situaci\u00f3n que fue cancelada por un fallo del Tribunal Superior de Justicia de Estados Unidos a favor de los \u201cdreamers\u201d. &nbsp; Los beneficiarios DACA que a\u00fan no comienzan su renovaci\u00f3n, podr\u00e1n acceder a la informaci\u00f3n necesaria del programa en la herramienta del portal Acceso Latino \u201cSigue los pasos para renovar tu DACA\u201d, y tambi\u00e9n podr\u00e1n informarse acerca de sus derechos en nuestra herramienta \u201cTus Derechos\u201d.\" \/>\n<meta property=\"og:url\" content=\"https:\/\/accesolatino.org\/en\/con-daca-sigues-protegido-de-ser-deportado\/noticias\/\" \/>\n<meta property=\"og:site_name\" content=\"Acceso Latino\" \/>\n<meta property=\"article:publisher\" content=\"https:\/\/www.facebook.com\/AccesoLatinoOrg\" \/>\n<meta property=\"article:published_time\" content=\"2018-03-12T18:15:24+00:00\" \/>\n<meta property=\"article:modified_time\" content=\"2025-10-27T19:37:20+00:00\" \/>\n<meta property=\"og:image\" content=\"https:\/\/accesolatino.org\/wp-content\/uploads\/2018\/03\/Con-DACA-sigues-protegido-de-ser-deportado1.jpg\" \/>\n\t<meta property=\"og:image:width\" content=\"600\" \/>\n\t<meta property=\"og:image:height\" content=\"338\" \/>\n\t<meta property=\"og:image:type\" content=\"image\/jpeg\" \/>\n<meta name=\"author\" content=\"Noticias\" \/>\n<meta name=\"twitter:card\" content=\"summary_large_image\" \/>\n<meta name=\"twitter:creator\" content=\"@FAccLatino\" \/>\n<meta name=\"twitter:site\" content=\"@FAccLatino\" \/>\n<meta name=\"twitter:label1\" content=\"Written by\" \/>\n\t<meta name=\"twitter:data1\" content=\"Noticias\" \/>\n\t<meta name=\"twitter:label2\" content=\"Est. reading time\" \/>\n\t<meta name=\"twitter:data2\" content=\"1 minute\" \/>\n<script type=\"application\/ld+json\" class=\"yoast-schema-graph\">{\"@context\":\"https:\\\/\\\/schema.org\",\"@graph\":[{\"@type\":\"Article\",\"@id\":\"https:\\\/\\\/accesolatino.org\\\/con-daca-sigues-protegido-de-ser-deportado\\\/noticias\\\/#article\",\"isPartOf\":{\"@id\":\"https:\\\/\\\/accesolatino.org\\\/con-daca-sigues-protegido-de-ser-deportado\\\/noticias\\\/\"},\"author\":{\"name\":\"Noticias\",\"@id\":\"https:\\\/\\\/accesolatino.org\\\/#\\\/schema\\\/person\\\/57bc3bfd2c357610a5255490ca4cd305\"},\"headline\":\"Con DACA sigues protegido de ser deportado\",\"datePublished\":\"2018-03-12T18:15:24+00:00\",\"dateModified\":\"2025-10-27T19:37:20+00:00\",\"mainEntityOfPage\":{\"@id\":\"https:\\\/\\\/accesolatino.org\\\/con-daca-sigues-protegido-de-ser-deportado\\\/noticias\\\/\"},\"wordCount\":185,\"commentCount\":0,\"publisher\":{\"@id\":\"https:\\\/\\\/accesolatino.org\\\/#organization\"},\"image\":{\"@id\":\"https:\\\/\\\/accesolatino.org\\\/con-daca-sigues-protegido-de-ser-deportado\\\/noticias\\\/#primaryimage\"},\"thumbnailUrl\":\"https:\\\/\\\/accesolatino.org\\\/wp-content\\\/uploads\\\/2018\\\/03\\\/Con-DACA-sigues-protegido-de-ser-deportado1.jpg\",\"articleSection\":[\"Noticias\",\"Temas de inter\u00e9s\"],\"inLanguage\":\"en-US\",\"potentialAction\":[{\"@type\":\"CommentAction\",\"name\":\"Comment\",\"target\":[\"https:\\\/\\\/accesolatino.org\\\/con-daca-sigues-protegido-de-ser-deportado\\\/noticias\\\/#respond\"]}]},{\"@type\":\"WebPage\",\"@id\":\"https:\\\/\\\/accesolatino.org\\\/con-daca-sigues-protegido-de-ser-deportado\\\/noticias\\\/\",\"url\":\"https:\\\/\\\/accesolatino.org\\\/con-daca-sigues-protegido-de-ser-deportado\\\/noticias\\\/\",\"name\":\"Con DACA sigues protegido de ser deportado\",\"isPartOf\":{\"@id\":\"https:\\\/\\\/accesolatino.org\\\/#website\"},\"primaryImageOfPage\":{\"@id\":\"https:\\\/\\\/accesolatino.org\\\/con-daca-sigues-protegido-de-ser-deportado\\\/noticias\\\/#primaryimage\"},\"image\":{\"@id\":\"https:\\\/\\\/accesolatino.org\\\/con-daca-sigues-protegido-de-ser-deportado\\\/noticias\\\/#primaryimage\"},\"thumbnailUrl\":\"https:\\\/\\\/accesolatino.org\\\/wp-content\\\/uploads\\\/2018\\\/03\\\/Con-DACA-sigues-protegido-de-ser-deportado1.jpg\",\"datePublished\":\"2018-03-12T18:15:24+00:00\",\"dateModified\":\"2025-10-27T19:37:20+00:00\",\"breadcrumb\":{\"@id\":\"https:\\\/\\\/accesolatino.org\\\/con-daca-sigues-protegido-de-ser-deportado\\\/noticias\\\/#breadcrumb\"},\"inLanguage\":\"en-US\",\"potentialAction\":[{\"@type\":\"ReadAction\",\"target\":[\"https:\\\/\\\/accesolatino.org\\\/con-daca-sigues-protegido-de-ser-deportado\\\/noticias\\\/\"]}]},{\"@type\":\"ImageObject\",\"inLanguage\":\"en-US\",\"@id\":\"https:\\\/\\\/accesolatino.org\\\/con-daca-sigues-protegido-de-ser-deportado\\\/noticias\\\/#primaryimage\",\"url\":\"https:\\\/\\\/accesolatino.org\\\/wp-content\\\/uploads\\\/2018\\\/03\\\/Con-DACA-sigues-protegido-de-ser-deportado1.jpg\",\"contentUrl\":\"https:\\\/\\\/accesolatino.org\\\/wp-content\\\/uploads\\\/2018\\\/03\\\/Con-DACA-sigues-protegido-de-ser-deportado1.jpg\",\"width\":\"600\",\"height\":\"338\",\"caption\":\"Con-DACA-sigues-protegido-de-ser-deportado\"},{\"@type\":\"BreadcrumbList\",\"@id\":\"https:\\\/\\\/accesolatino.org\\\/con-daca-sigues-protegido-de-ser-deportado\\\/noticias\\\/#breadcrumb\",\"itemListElement\":[{\"@type\":\"ListItem\",\"position\":1,\"name\":\"Portada\",\"item\":\"https:\\\/\\\/accesolatino.org\\\/\"},{\"@type\":\"ListItem\",\"position\":2,\"name\":\"Noticias\",\"item\":\"https:\\\/\\\/accesolatino.org\\\/category\\\/noticias\\\/\"},{\"@type\":\"ListItem\",\"position\":3,\"name\":\"Con DACA sigues protegido de ser deportado\"}]},{\"@type\":\"WebSite\",\"@id\":\"https:\\\/\\\/accesolatino.org\\\/#website\",\"url\":\"https:\\\/\\\/accesolatino.org\\\/\",\"name\":\"Acceso Latino | Fundaci\u00f3n Carlos Slim\",\"description\":\"Fundaci\u00f3n Carlos Slim\",\"publisher\":{\"@id\":\"https:\\\/\\\/accesolatino.org\\\/#organization\"},\"potentialAction\":[{\"@type\":\"SearchAction\",\"target\":{\"@type\":\"EntryPoint\",\"urlTemplate\":\"https:\\\/\\\/accesolatino.org\\\/?s={search_term_string}\"},\"query-input\":{\"@type\":\"PropertyValueSpecification\",\"valueRequired\":true,\"valueName\":\"search_term_string\"}}],\"inLanguage\":\"en-US\"},{\"@type\":\"Organization\",\"@id\":\"https:\\\/\\\/accesolatino.org\\\/#organization\",\"name\":\"Acceso Latino | Fundaci\u00f3n Carlos Slim\",\"url\":\"https:\\\/\\\/accesolatino.org\\\/\",\"logo\":{\"@type\":\"ImageObject\",\"inLanguage\":\"en-US\",\"@id\":\"https:\\\/\\\/accesolatino.org\\\/#\\\/schema\\\/logo\\\/image\\\/\",\"url\":\"https:\\\/\\\/accesolatino.org\\\/wp-content\\\/uploads\\\/2021\\\/02\\\/logo-footer-acceso-latino.png\",\"contentUrl\":\"https:\\\/\\\/accesolatino.org\\\/wp-content\\\/uploads\\\/2021\\\/02\\\/logo-footer-acceso-latino.png\",\"width\":240,\"height\":40,\"caption\":\"Acceso Latino | Fundaci\u00f3n Carlos Slim\"},\"image\":{\"@id\":\"https:\\\/\\\/accesolatino.org\\\/#\\\/schema\\\/logo\\\/image\\\/\"},\"sameAs\":[\"https:\\\/\\\/www.facebook.com\\\/AccesoLatinoOrg\",\"https:\\\/\\\/x.com\\\/FAccLatino\"]},{\"@type\":\"Person\",\"@id\":\"https:\\\/\\\/accesolatino.org\\\/#\\\/schema\\\/person\\\/57bc3bfd2c357610a5255490ca4cd305\",\"name\":\"Noticias\"}]}<\/script>\n<!-- \/ Yoast SEO plugin. -->","yoast_head_json":{"title":"Con DACA sigues protegido de ser deportado","robots":{"index":"index","follow":"follow","max-snippet":"max-snippet:-1","max-image-preview":"max-image-preview:large","max-video-preview":"max-video-preview:-1"},"canonical":"https:\/\/accesolatino.org\/en\/con-daca-sigues-protegido-de-ser-deportado\/noticias\/","og_locale":"en_US","og_type":"article","og_title":"Con DACA sigues protegido de ser deportado","og_description":"El Departamento de Seguridad Nacional de Estados Unidos, asegur\u00f3 que los j\u00f3venes inmigrantes sin documentos amparados por una iniciativa gubernamental, no est\u00e1n cerca de ser prioridad para las deportaciones. &nbsp; El portavoz de esta entidad gubernamental indic\u00f3 que salvo factores negativos adicionales, los beneficiados por el programa Acci\u00f3n Diferida para los Llegados en la Infancia (DACA), no ser\u00e1n arrestados o deportados. &nbsp; En septiembre del a\u00f1o pasado, el presidente de EUA dio un plazo hasta el 05 de marzo para finalizar el programa DACA, lo que pon\u00eda bajo amenaza el estatus de 690 mil personas registradas en Estados Unidos bajo ese estatus, situaci\u00f3n que fue cancelada por un fallo del Tribunal Superior de Justicia de Estados Unidos a favor de los \u201cdreamers\u201d. &nbsp; Los beneficiarios DACA que a\u00fan no comienzan su renovaci\u00f3n, podr\u00e1n acceder a la informaci\u00f3n necesaria del programa en la herramienta del portal Acceso Latino \u201cSigue los pasos para renovar tu DACA\u201d, y tambi\u00e9n podr\u00e1n informarse acerca de sus derechos en nuestra herramienta \u201cTus Derechos\u201d.","og_url":"https:\/\/accesolatino.org\/en\/con-daca-sigues-protegido-de-ser-deportado\/noticias\/","og_site_name":"Acceso Latino","article_publisher":"https:\/\/www.facebook.com\/AccesoLatinoOrg","article_published_time":"2018-03-12T18:15:24+00:00","article_modified_time":"2025-10-27T19:37:20+00:00","og_image":[{"width":600,"height":338,"url":"https:\/\/accesolatino.org\/wp-content\/uploads\/2018\/03\/Con-DACA-sigues-protegido-de-ser-deportado1.jpg","type":"image\/jpeg"}],"author":"Noticias","twitter_card":"summary_large_image","twitter_creator":"@FAccLatino","twitter_site":"@FAccLatino","twitter_misc":{"Written by":"Noticias","Est. reading time":"1 minute"},"schema":{"@context":"https:\/\/schema.org","@graph":[{"@type":"Article","@id":"https:\/\/accesolatino.org\/con-daca-sigues-protegido-de-ser-deportado\/noticias\/#article","isPartOf":{"@id":"https:\/\/accesolatino.org\/con-daca-sigues-protegido-de-ser-deportado\/noticias\/"},"author":{"name":"Noticias","@id":"https:\/\/accesolatino.org\/#\/schema\/person\/57bc3bfd2c357610a5255490ca4cd305"},"headline":"Con DACA sigues protegido de ser deportado","datePublished":"2018-03-12T18:15:24+00:00","dateModified":"2025-10-27T19:37:20+00:00","mainEntityOfPage":{"@id":"https:\/\/accesolatino.org\/con-daca-sigues-protegido-de-ser-deportado\/noticias\/"},"wordCount":185,"commentCount":0,"publisher":{"@id":"https:\/\/accesolatino.org\/#organization"},"image":{"@id":"https:\/\/accesolatino.org\/con-daca-sigues-protegido-de-ser-deportado\/noticias\/#primaryimage"},"thumbnailUrl":"https:\/\/accesolatino.org\/wp-content\/uploads\/2018\/03\/Con-DACA-sigues-protegido-de-ser-deportado1.jpg","articleSection":["Noticias","Temas de inter\u00e9s"],"inLanguage":"en-US","potentialAction":[{"@type":"CommentAction","name":"Comment","target":["https:\/\/accesolatino.org\/con-daca-sigues-protegido-de-ser-deportado\/noticias\/#respond"]}]},{"@type":"WebPage","@id":"https:\/\/accesolatino.org\/con-daca-sigues-protegido-de-ser-deportado\/noticias\/","url":"https:\/\/accesolatino.org\/con-daca-sigues-protegido-de-ser-deportado\/noticias\/","name":"Con DACA sigues protegido de ser deportado","isPartOf":{"@id":"https:\/\/accesolatino.org\/#website"},"primaryImageOfPage":{"@id":"https:\/\/accesolatino.org\/con-daca-sigues-protegido-de-ser-deportado\/noticias\/#primaryimage"},"image":{"@id":"https:\/\/accesolatino.org\/con-daca-sigues-protegido-de-ser-deportado\/noticias\/#primaryimage"},"thumbnailUrl":"https:\/\/accesolatino.org\/wp-content\/uploads\/2018\/03\/Con-DACA-sigues-protegido-de-ser-deportado1.jpg","datePublished":"2018-03-12T18:15:24+00:00","dateModified":"2025-10-27T19:37:20+00:00","breadcrumb":{"@id":"https:\/\/accesolatino.org\/con-daca-sigues-protegido-de-ser-deportado\/noticias\/#breadcrumb"},"inLanguage":"en-US","potentialAction":[{"@type":"ReadAction","target":["https:\/\/accesolatino.org\/con-daca-sigues-protegido-de-ser-deportado\/noticias\/"]}]},{"@type":"ImageObject","inLanguage":"en-US","@id":"https:\/\/accesolatino.org\/con-daca-sigues-protegido-de-ser-deportado\/noticias\/#primaryimage","url":"https:\/\/accesolatino.org\/wp-content\/uploads\/2018\/03\/Con-DACA-sigues-protegido-de-ser-deportado1.jpg","contentUrl":"https:\/\/accesolatino.org\/wp-content\/uploads\/2018\/03\/Con-DACA-sigues-protegido-de-ser-deportado1.jpg","width":"600","height":"338","caption":"Con-DACA-sigues-protegido-de-ser-deportado"},{"@type":"BreadcrumbList","@id":"https:\/\/accesolatino.org\/con-daca-sigues-protegido-de-ser-deportado\/noticias\/#breadcrumb","itemListElement":[{"@type":"ListItem","position":1,"name":"Portada","item":"https:\/\/accesolatino.org\/"},{"@type":"ListItem","position":2,"name":"Noticias","item":"https:\/\/accesolatino.org\/category\/noticias\/"},{"@type":"ListItem","position":3,"name":"Con DACA sigues protegido de ser deportado"}]},{"@type":"WebSite","@id":"https:\/\/accesolatino.org\/#website","url":"https:\/\/accesolatino.org\/","name":"Acceso Latino | Fundaci\u00f3n Carlos Slim","description":"Fundaci\u00f3n Carlos Slim","publisher":{"@id":"https:\/\/accesolatino.org\/#organization"},"potentialAction":[{"@type":"SearchAction","target":{"@type":"EntryPoint","urlTemplate":"https:\/\/accesolatino.org\/?s={search_term_string}"},"query-input":{"@type":"PropertyValueSpecification","valueRequired":true,"valueName":"search_term_string"}}],"inLanguage":"en-US"},{"@type":"Organization","@id":"https:\/\/accesolatino.org\/#organization","name":"Acceso Latino | Fundaci\u00f3n Carlos Slim","url":"https:\/\/accesolatino.org\/","logo":{"@type":"ImageObject","inLanguage":"en-US","@id":"https:\/\/accesolatino.org\/#\/schema\/logo\/image\/","url":"https:\/\/accesolatino.org\/wp-content\/uploads\/2021\/02\/logo-footer-acceso-latino.png","contentUrl":"https:\/\/accesolatino.org\/wp-content\/uploads\/2021\/02\/logo-footer-acceso-latino.png","width":240,"height":40,"caption":"Acceso Latino | Fundaci\u00f3n Carlos Slim"},"image":{"@id":"https:\/\/accesolatino.org\/#\/schema\/logo\/image\/"},"sameAs":["https:\/\/www.facebook.com\/AccesoLatinoOrg","https:\/\/x.com\/FAccLatino"]},{"@type":"Person","@id":"https:\/\/accesolatino.org\/#\/schema\/person\/57bc3bfd2c357610a5255490ca4cd305","name":"News"}]}},"_links":{"self":[{"href":"https:\/\/accesolatino.org\/en\/wp-json\/wp\/v2\/posts\/1970","targetHints":{"allow":["GET"]}}],"collection":[{"href":"https:\/\/accesolatino.org\/en\/wp-json\/wp\/v2\/posts"}],"about":[{"href":"https:\/\/accesolatino.org\/en\/wp-json\/wp\/v2\/types\/post"}],"author":[{"embeddable":true,"href":"https:\/\/accesolatino.org\/en\/wp-json\/wp\/v2\/users\/13"}],"replies":[{"embeddable":true,"href":"https:\/\/accesolatino.org\/en\/wp-json\/wp\/v2\/comments?post=1970"}],"version-history":[{"count":1,"href":"https:\/\/accesolatino.org\/en\/wp-json\/wp\/v2\/posts\/1970\/revisions"}],"predecessor-version":[{"id":66714,"href":"https:\/\/accesolatino.org\/en\/wp-json\/wp\/v2\/posts\/1970\/revisions\/66714"}],"wp:featuredmedia":[{"embeddable":true,"href":"https:\/\/accesolatino.org\/en\/wp-json\/wp\/v2\/media\/1982"}],"wp:attachment":[{"href":"https:\/\/accesolatino.org\/en\/wp-json\/wp\/v2\/media?parent=1970"}],"wp:term":[{"taxonomy":"category","embeddable":true,"href":"https:\/\/accesolatino.org\/en\/wp-json\/wp\/v2\/categories?post=1970"},{"taxonomy":"post_tag","embeddable":true,"href":"https:\/\/accesolatino.org\/en\/wp-json\/wp\/v2\/tags?post=1970"}],"curies":[{"name":"wp","href":"https:\/\/api.w.org\/{rel}","templated":true}]}}