{"id":19196,"date":"2019-11-21T12:58:45","date_gmt":"2019-11-21T18:58:45","guid":{"rendered":"https:\/\/accesolatino.org\/?p=19196"},"modified":"2025-10-26T22:35:42","modified_gmt":"2025-10-27T04:35:42","slug":"vacuna-contra-la-deportacion","status":"publish","type":"post","link":"https:\/\/accesolatino.org\/en\/vacuna-contra-la-deportacion\/noticias\/","title":{"rendered":"Vacuna contra la deportaci\u00f3n"},"content":{"rendered":"<div data-elementor-type=\"wp-post\" data-elementor-id=\"19196\" class=\"elementor elementor-19196\">\n\t\t\t\t\t\t<section class=\"elementor-section elementor-top-section elementor-element elementor-element-2ae491ef elementor-section-boxed elementor-section-height-default elementor-section-height-default wpr-particle-no wpr-jarallax-no wpr-parallax-no wpr-sticky-section-no wpr-equal-height-no\" data-id=\"2ae491ef\" data-element_type=\"section\" data-e-type=\"section\">\n\t\t\t\t\t\t<div class=\"elementor-container elementor-column-gap-default\">\n\t\t\t\t\t<div class=\"elementor-column elementor-col-100 elementor-top-column elementor-element elementor-element-29caa9c0\" data-id=\"29caa9c0\" data-element_type=\"column\" data-e-type=\"column\">\n\t\t\t<div class=\"elementor-widget-wrap elementor-element-populated\">\n\t\t\t\t\t\t<div class=\"elementor-element elementor-element-2572709e elementor-widget elementor-widget-text-editor\" data-id=\"2572709e\" data-element_type=\"widget\" data-e-type=\"widget\" data-widget_type=\"text-editor.default\">\n\t\t\t\t<div class=\"elementor-widget-container\">\n\t\t\t\t\t\t\t\t\t<p>La situaci\u00f3n que viven los inmigrantes indocumentados es bastante complicada, ya que muchos de ellos se encuentran en los centros de detenci\u00f3n en condiciones bastante cuestionables, otros tantos est\u00e1n siendo deportados y muchos m\u00e1s se encuentran en el proceso de solicitud de asilo.<\/p><p>Los residentes permanentes tambi\u00e9n la est\u00e1n pasando dif\u00edcil, ya que la administraci\u00f3n actual norteamericana est\u00e1 usando al Servicio de Inmigraci\u00f3n y Control de Aduanas (ICE, por sus siglas en ingl\u00e9s) para rastrear, detener y deportar inmigrantes, sin\u00a0 importar que su estatus migratorio sea legal. Hoy son muchos los casos en los que ICE arresta a residentes legales, que despu\u00e9s terminan siendo liberados, pero que pasaron momentos muy amargos.<\/p><p>Es por esto que m\u00faltiples organizaciones invitan a los inmigrantes que viven legalmente en Estados Unidos, que hagan el examen de la ciudadan\u00eda, ya que un peque\u00f1o error o malentendido, puede ser causa de estar en un centro de detenci\u00f3n.<\/p><p>A Jilmar Ramos-G\u00f3mez, veterano de guerra, fue detenido por la agencia migratoria y estuvo tres d\u00edas detenido a pesar de ser un ciudadano estadounidense.<\/p><p>Existen aproximadamente nueve millones de inmigrantes que re\u00fanen los requisitos para convertirse en ciudadanos norteamericanos, pero por miedo, no lo han hecho.<\/p><p>Abogados de diferentes organizaciones pro inmigrantes y despachos en Estados Unidos impulsan a que todos los inmigrantes hagan el examen de la naturalizaci\u00f3n, se conviertan en ciudadanos.<\/p><p>En Acceso Latino contamos con la herramienta <strong>\u201cCiudadan\u00edzate\u201d<\/strong>, la cual encuentras en la secci\u00f3n de <strong>\u201cCiudadan\u00eda\u201d, <\/strong>es una gu\u00eda muy completa que te acompa\u00f1a en todo el proceso. \u00a1\u00dasala!<\/p><p>Fuente: <em>San Diego Union Tribune<\/em><\/p>\t\t\t\t\t\t\t\t<\/div>\n\t\t\t\t<\/div>\n\t\t\t\t\t<\/div>\n\t\t<\/div>\n\t\t\t\t\t<\/div>\n\t\t<\/section>\n\t\t\t\t<\/div>","protected":false},"excerpt":{"rendered":"<p>La situaci\u00f3n que viven los inmigrantes indocumentados es bastante complicada, ya que muchos de ellos se encuentran en los centros de detenci\u00f3n en condiciones bastante cuestionables, otros tantos est\u00e1n siendo deportados y muchos m\u00e1s se encuentran en el proceso de solicitud de asilo. Los residentes permanentes tambi\u00e9n la est\u00e1n pasando dif\u00edcil, ya que la administraci\u00f3n actual norteamericana est\u00e1 usando al Servicio de Inmigraci\u00f3n y Control de Aduanas (ICE, por sus siglas en ingl\u00e9s) para rastrear, detener y deportar inmigrantes, sin&nbsp; importar que su estatus migratorio sea legal. Hoy son muchos los casos en los que ICE arresta a residentes legales, que despu\u00e9s terminan siendo liberados, pero que pasaron momentos muy amargos. Es por esto que m\u00faltiples organizaciones invitan a los inmigrantes que viven legalmente en Estados Unidos, que hagan el examen de la ciudadan\u00eda, ya que un peque\u00f1o error o malentendido, puede ser causa de estar en un centro de detenci\u00f3n. A Jilmar Ramos-G\u00f3mez, veterano de guerra, fue detenido por la agencia migratoria y estuvo tres d\u00edas detenido a pesar de ser un ciudadano estadounidense. Existen aproximadamente nueve millones de inmigrantes que re\u00fanen los requisitos para convertirse en ciudadanos norteamericanos, pero por miedo, no lo han hecho. Abogados de diferentes organizaciones pro inmigrantes y despachos en Estados Unidos impulsan a que todos los inmigrantes hagan el examen de la naturalizaci\u00f3n, se conviertan en ciudadanos. En Acceso Latino contamos con la herramienta \u201cCiudadan\u00edzate\u201d, la cual encuentras en la secci\u00f3n de \u201cCiudadan\u00eda\u201d, es una gu\u00eda muy completa que te acompa\u00f1a en todo el proceso. \u00a1\u00dasala! Fuente: San Diego Union Tribune<\/p>","protected":false},"author":1,"featured_media":19197,"comment_status":"open","ping_status":"open","sticky":false,"template":"elementor_header_footer","format":"standard","meta":{"_uf_show_specific_survey":0,"_uf_disable_surveys":false,"footnotes":""},"categories":[10,1],"tags":[],"class_list":["post-19196","post","type-post","status-publish","format-standard","has-post-thumbnail","hentry","category-noticias","category-temas-de-interes"],"aioseo_notices":[],"yoast_head":"<!-- This site is optimized with the Yoast SEO plugin v27.4 - https:\/\/yoast.com\/product\/yoast-seo-wordpress\/ -->\n<title>Vacuna contra la deportaci\u00f3n<\/title>\n<meta name=\"description\" content=\"La situaci\u00f3n que viven los inmigrantes indocumentados es bastante complicada, ya que muchos de ellos se encuentran en los centros de detenci\u00f3n en\" \/>\n<meta name=\"robots\" content=\"index, follow, max-snippet:-1, max-image-preview:large, max-video-preview:-1\" \/>\n<link rel=\"canonical\" href=\"https:\/\/accesolatino.org\/en\/vacuna-contra-la-deportacion\/noticias\/\" \/>\n<meta property=\"og:locale\" content=\"en_US\" \/>\n<meta property=\"og:type\" content=\"article\" \/>\n<meta property=\"og:title\" content=\"Vacuna contra la deportaci\u00f3n\" \/>\n<meta property=\"og:description\" content=\"La situaci\u00f3n que viven los inmigrantes indocumentados es bastante complicada, ya que muchos de ellos se encuentran en los centros de detenci\u00f3n en\" \/>\n<meta property=\"og:url\" content=\"https:\/\/accesolatino.org\/en\/vacuna-contra-la-deportacion\/noticias\/\" \/>\n<meta property=\"og:site_name\" content=\"Acceso Latino\" \/>\n<meta property=\"article:publisher\" content=\"https:\/\/www.facebook.com\/AccesoLatinoOrg\" \/>\n<meta property=\"article:published_time\" content=\"2019-11-21T18:58:45+00:00\" \/>\n<meta property=\"article:modified_time\" content=\"2025-10-27T04:35:42+00:00\" \/>\n<meta property=\"og:image\" content=\"https:\/\/accesolatino.org\/wp-content\/uploads\/2019\/11\/Vacuna-contra-la-deportaci\u00f3n.png\" \/>\n\t<meta property=\"og:image:width\" content=\"600\" \/>\n\t<meta property=\"og:image:height\" content=\"300\" \/>\n\t<meta property=\"og:image:type\" content=\"image\/png\" \/>\n<meta name=\"author\" content=\"admin\" \/>\n<meta name=\"twitter:card\" content=\"summary_large_image\" \/>\n<meta name=\"twitter:creator\" content=\"@FAccLatino\" \/>\n<meta name=\"twitter:site\" content=\"@FAccLatino\" \/>\n<meta name=\"twitter:label1\" content=\"Written by\" \/>\n\t<meta name=\"twitter:data1\" content=\"admin\" \/>\n\t<meta name=\"twitter:label2\" content=\"Est. reading time\" \/>\n\t<meta name=\"twitter:data2\" content=\"2 minutes\" \/>\n<script type=\"application\/ld+json\" class=\"yoast-schema-graph\">{\"@context\":\"https:\\\/\\\/schema.org\",\"@graph\":[{\"@type\":\"Article\",\"@id\":\"https:\\\/\\\/accesolatino.org\\\/vacuna-contra-la-deportacion\\\/noticias\\\/#article\",\"isPartOf\":{\"@id\":\"https:\\\/\\\/accesolatino.org\\\/vacuna-contra-la-deportacion\\\/noticias\\\/\"},\"author\":{\"name\":\"admin\",\"@id\":\"https:\\\/\\\/accesolatino.org\\\/#\\\/schema\\\/person\\\/75127291c010a94e5a588c481204c991\"},\"headline\":\"Vacuna contra la deportaci\u00f3n\",\"datePublished\":\"2019-11-21T18:58:45+00:00\",\"dateModified\":\"2025-10-27T04:35:42+00:00\",\"mainEntityOfPage\":{\"@id\":\"https:\\\/\\\/accesolatino.org\\\/vacuna-contra-la-deportacion\\\/noticias\\\/\"},\"wordCount\":288,\"commentCount\":0,\"publisher\":{\"@id\":\"https:\\\/\\\/accesolatino.org\\\/#organization\"},\"image\":{\"@id\":\"https:\\\/\\\/accesolatino.org\\\/vacuna-contra-la-deportacion\\\/noticias\\\/#primaryimage\"},\"thumbnailUrl\":\"https:\\\/\\\/accesolatino.org\\\/wp-content\\\/uploads\\\/2019\\\/11\\\/Vacuna-contra-la-deportaci\u00f3n.png\",\"articleSection\":[\"Noticias\",\"Temas de inter\u00e9s\"],\"inLanguage\":\"en-US\",\"potentialAction\":[{\"@type\":\"CommentAction\",\"name\":\"Comment\",\"target\":[\"https:\\\/\\\/accesolatino.org\\\/vacuna-contra-la-deportacion\\\/noticias\\\/#respond\"]}]},{\"@type\":\"WebPage\",\"@id\":\"https:\\\/\\\/accesolatino.org\\\/vacuna-contra-la-deportacion\\\/noticias\\\/\",\"url\":\"https:\\\/\\\/accesolatino.org\\\/vacuna-contra-la-deportacion\\\/noticias\\\/\",\"name\":\"Vacuna contra la deportaci\u00f3n\",\"isPartOf\":{\"@id\":\"https:\\\/\\\/accesolatino.org\\\/#website\"},\"primaryImageOfPage\":{\"@id\":\"https:\\\/\\\/accesolatino.org\\\/vacuna-contra-la-deportacion\\\/noticias\\\/#primaryimage\"},\"image\":{\"@id\":\"https:\\\/\\\/accesolatino.org\\\/vacuna-contra-la-deportacion\\\/noticias\\\/#primaryimage\"},\"thumbnailUrl\":\"https:\\\/\\\/accesolatino.org\\\/wp-content\\\/uploads\\\/2019\\\/11\\\/Vacuna-contra-la-deportaci\u00f3n.png\",\"datePublished\":\"2019-11-21T18:58:45+00:00\",\"dateModified\":\"2025-10-27T04:35:42+00:00\",\"description\":\"La situaci\u00f3n que viven los inmigrantes indocumentados es bastante complicada, ya que muchos de ellos se encuentran en los centros de detenci\u00f3n en\",\"breadcrumb\":{\"@id\":\"https:\\\/\\\/accesolatino.org\\\/vacuna-contra-la-deportacion\\\/noticias\\\/#breadcrumb\"},\"inLanguage\":\"en-US\",\"potentialAction\":[{\"@type\":\"ReadAction\",\"target\":[\"https:\\\/\\\/accesolatino.org\\\/vacuna-contra-la-deportacion\\\/noticias\\\/\"]}]},{\"@type\":\"ImageObject\",\"inLanguage\":\"en-US\",\"@id\":\"https:\\\/\\\/accesolatino.org\\\/vacuna-contra-la-deportacion\\\/noticias\\\/#primaryimage\",\"url\":\"https:\\\/\\\/accesolatino.org\\\/wp-content\\\/uploads\\\/2019\\\/11\\\/Vacuna-contra-la-deportaci\u00f3n.png\",\"contentUrl\":\"https:\\\/\\\/accesolatino.org\\\/wp-content\\\/uploads\\\/2019\\\/11\\\/Vacuna-contra-la-deportaci\u00f3n.png\",\"width\":600,\"height\":300},{\"@type\":\"BreadcrumbList\",\"@id\":\"https:\\\/\\\/accesolatino.org\\\/vacuna-contra-la-deportacion\\\/noticias\\\/#breadcrumb\",\"itemListElement\":[{\"@type\":\"ListItem\",\"position\":1,\"name\":\"Portada\",\"item\":\"https:\\\/\\\/accesolatino.org\\\/\"},{\"@type\":\"ListItem\",\"position\":2,\"name\":\"Noticias\",\"item\":\"https:\\\/\\\/accesolatino.org\\\/category\\\/noticias\\\/\"},{\"@type\":\"ListItem\",\"position\":3,\"name\":\"Vacuna contra la deportaci\u00f3n\"}]},{\"@type\":\"WebSite\",\"@id\":\"https:\\\/\\\/accesolatino.org\\\/#website\",\"url\":\"https:\\\/\\\/accesolatino.org\\\/\",\"name\":\"Acceso Latino | Fundaci\u00f3n Carlos Slim\",\"description\":\"Fundaci\u00f3n Carlos Slim\",\"publisher\":{\"@id\":\"https:\\\/\\\/accesolatino.org\\\/#organization\"},\"potentialAction\":[{\"@type\":\"SearchAction\",\"target\":{\"@type\":\"EntryPoint\",\"urlTemplate\":\"https:\\\/\\\/accesolatino.org\\\/?s={search_term_string}\"},\"query-input\":{\"@type\":\"PropertyValueSpecification\",\"valueRequired\":true,\"valueName\":\"search_term_string\"}}],\"inLanguage\":\"en-US\"},{\"@type\":\"Organization\",\"@id\":\"https:\\\/\\\/accesolatino.org\\\/#organization\",\"name\":\"Acceso Latino | Fundaci\u00f3n Carlos Slim\",\"url\":\"https:\\\/\\\/accesolatino.org\\\/\",\"logo\":{\"@type\":\"ImageObject\",\"inLanguage\":\"en-US\",\"@id\":\"https:\\\/\\\/accesolatino.org\\\/#\\\/schema\\\/logo\\\/image\\\/\",\"url\":\"https:\\\/\\\/accesolatino.org\\\/wp-content\\\/uploads\\\/2021\\\/02\\\/logo-footer-acceso-latino.png\",\"contentUrl\":\"https:\\\/\\\/accesolatino.org\\\/wp-content\\\/uploads\\\/2021\\\/02\\\/logo-footer-acceso-latino.png\",\"width\":240,\"height\":40,\"caption\":\"Acceso Latino | Fundaci\u00f3n Carlos Slim\"},\"image\":{\"@id\":\"https:\\\/\\\/accesolatino.org\\\/#\\\/schema\\\/logo\\\/image\\\/\"},\"sameAs\":[\"https:\\\/\\\/www.facebook.com\\\/AccesoLatinoOrg\",\"https:\\\/\\\/x.com\\\/FAccLatino\"]},{\"@type\":\"Person\",\"@id\":\"https:\\\/\\\/accesolatino.org\\\/#\\\/schema\\\/person\\\/75127291c010a94e5a588c481204c991\",\"name\":\"admin\"}]}<\/script>\n<!-- \/ Yoast SEO plugin. -->","yoast_head_json":{"title":"Vacuna contra la deportaci\u00f3n","description":"La situaci\u00f3n que viven los inmigrantes indocumentados es bastante complicada, ya que muchos de ellos se encuentran en los centros de detenci\u00f3n en","robots":{"index":"index","follow":"follow","max-snippet":"max-snippet:-1","max-image-preview":"max-image-preview:large","max-video-preview":"max-video-preview:-1"},"canonical":"https:\/\/accesolatino.org\/en\/vacuna-contra-la-deportacion\/noticias\/","og_locale":"en_US","og_type":"article","og_title":"Vacuna contra la deportaci\u00f3n","og_description":"La situaci\u00f3n que viven los inmigrantes indocumentados es bastante complicada, ya que muchos de ellos se encuentran en los centros de detenci\u00f3n en","og_url":"https:\/\/accesolatino.org\/en\/vacuna-contra-la-deportacion\/noticias\/","og_site_name":"Acceso Latino","article_publisher":"https:\/\/www.facebook.com\/AccesoLatinoOrg","article_published_time":"2019-11-21T18:58:45+00:00","article_modified_time":"2025-10-27T04:35:42+00:00","og_image":[{"width":600,"height":300,"url":"https:\/\/accesolatino.org\/wp-content\/uploads\/2019\/11\/Vacuna-contra-la-deportaci\u00f3n.png","type":"image\/png"}],"author":"admin","twitter_card":"summary_large_image","twitter_creator":"@FAccLatino","twitter_site":"@FAccLatino","twitter_misc":{"Written by":"admin","Est. reading time":"2 minutes"},"schema":{"@context":"https:\/\/schema.org","@graph":[{"@type":"Article","@id":"https:\/\/accesolatino.org\/vacuna-contra-la-deportacion\/noticias\/#article","isPartOf":{"@id":"https:\/\/accesolatino.org\/vacuna-contra-la-deportacion\/noticias\/"},"author":{"name":"admin","@id":"https:\/\/accesolatino.org\/#\/schema\/person\/75127291c010a94e5a588c481204c991"},"headline":"Vacuna contra la deportaci\u00f3n","datePublished":"2019-11-21T18:58:45+00:00","dateModified":"2025-10-27T04:35:42+00:00","mainEntityOfPage":{"@id":"https:\/\/accesolatino.org\/vacuna-contra-la-deportacion\/noticias\/"},"wordCount":288,"commentCount":0,"publisher":{"@id":"https:\/\/accesolatino.org\/#organization"},"image":{"@id":"https:\/\/accesolatino.org\/vacuna-contra-la-deportacion\/noticias\/#primaryimage"},"thumbnailUrl":"https:\/\/accesolatino.org\/wp-content\/uploads\/2019\/11\/Vacuna-contra-la-deportaci\u00f3n.png","articleSection":["Noticias","Temas de inter\u00e9s"],"inLanguage":"en-US","potentialAction":[{"@type":"CommentAction","name":"Comment","target":["https:\/\/accesolatino.org\/vacuna-contra-la-deportacion\/noticias\/#respond"]}]},{"@type":"WebPage","@id":"https:\/\/accesolatino.org\/vacuna-contra-la-deportacion\/noticias\/","url":"https:\/\/accesolatino.org\/vacuna-contra-la-deportacion\/noticias\/","name":"Vacuna contra la deportaci\u00f3n","isPartOf":{"@id":"https:\/\/accesolatino.org\/#website"},"primaryImageOfPage":{"@id":"https:\/\/accesolatino.org\/vacuna-contra-la-deportacion\/noticias\/#primaryimage"},"image":{"@id":"https:\/\/accesolatino.org\/vacuna-contra-la-deportacion\/noticias\/#primaryimage"},"thumbnailUrl":"https:\/\/accesolatino.org\/wp-content\/uploads\/2019\/11\/Vacuna-contra-la-deportaci\u00f3n.png","datePublished":"2019-11-21T18:58:45+00:00","dateModified":"2025-10-27T04:35:42+00:00","description":"La situaci\u00f3n que viven los inmigrantes indocumentados es bastante complicada, ya que muchos de ellos se encuentran en los centros de detenci\u00f3n en","breadcrumb":{"@id":"https:\/\/accesolatino.org\/vacuna-contra-la-deportacion\/noticias\/#breadcrumb"},"inLanguage":"en-US","potentialAction":[{"@type":"ReadAction","target":["https:\/\/accesolatino.org\/vacuna-contra-la-deportacion\/noticias\/"]}]},{"@type":"ImageObject","inLanguage":"en-US","@id":"https:\/\/accesolatino.org\/vacuna-contra-la-deportacion\/noticias\/#primaryimage","url":"https:\/\/accesolatino.org\/wp-content\/uploads\/2019\/11\/Vacuna-contra-la-deportaci\u00f3n.png","contentUrl":"https:\/\/accesolatino.org\/wp-content\/uploads\/2019\/11\/Vacuna-contra-la-deportaci\u00f3n.png","width":600,"height":300},{"@type":"BreadcrumbList","@id":"https:\/\/accesolatino.org\/vacuna-contra-la-deportacion\/noticias\/#breadcrumb","itemListElement":[{"@type":"ListItem","position":1,"name":"Portada","item":"https:\/\/accesolatino.org\/"},{"@type":"ListItem","position":2,"name":"Noticias","item":"https:\/\/accesolatino.org\/category\/noticias\/"},{"@type":"ListItem","position":3,"name":"Vacuna contra la deportaci\u00f3n"}]},{"@type":"WebSite","@id":"https:\/\/accesolatino.org\/#website","url":"https:\/\/accesolatino.org\/","name":"Acceso Latino | Fundaci\u00f3n Carlos Slim","description":"Fundaci\u00f3n Carlos Slim","publisher":{"@id":"https:\/\/accesolatino.org\/#organization"},"potentialAction":[{"@type":"SearchAction","target":{"@type":"EntryPoint","urlTemplate":"https:\/\/accesolatino.org\/?s={search_term_string}"},"query-input":{"@type":"PropertyValueSpecification","valueRequired":true,"valueName":"search_term_string"}}],"inLanguage":"en-US"},{"@type":"Organization","@id":"https:\/\/accesolatino.org\/#organization","name":"Acceso Latino | Fundaci\u00f3n Carlos Slim","url":"https:\/\/accesolatino.org\/","logo":{"@type":"ImageObject","inLanguage":"en-US","@id":"https:\/\/accesolatino.org\/#\/schema\/logo\/image\/","url":"https:\/\/accesolatino.org\/wp-content\/uploads\/2021\/02\/logo-footer-acceso-latino.png","contentUrl":"https:\/\/accesolatino.org\/wp-content\/uploads\/2021\/02\/logo-footer-acceso-latino.png","width":240,"height":40,"caption":"Acceso Latino | Fundaci\u00f3n Carlos Slim"},"image":{"@id":"https:\/\/accesolatino.org\/#\/schema\/logo\/image\/"},"sameAs":["https:\/\/www.facebook.com\/AccesoLatinoOrg","https:\/\/x.com\/FAccLatino"]},{"@type":"Person","@id":"https:\/\/accesolatino.org\/#\/schema\/person\/75127291c010a94e5a588c481204c991","name":"admin"}]}},"_links":{"self":[{"href":"https:\/\/accesolatino.org\/en\/wp-json\/wp\/v2\/posts\/19196","targetHints":{"allow":["GET"]}}],"collection":[{"href":"https:\/\/accesolatino.org\/en\/wp-json\/wp\/v2\/posts"}],"about":[{"href":"https:\/\/accesolatino.org\/en\/wp-json\/wp\/v2\/types\/post"}],"author":[{"embeddable":true,"href":"https:\/\/accesolatino.org\/en\/wp-json\/wp\/v2\/users\/1"}],"replies":[{"embeddable":true,"href":"https:\/\/accesolatino.org\/en\/wp-json\/wp\/v2\/comments?post=19196"}],"version-history":[{"count":1,"href":"https:\/\/accesolatino.org\/en\/wp-json\/wp\/v2\/posts\/19196\/revisions"}],"predecessor-version":[{"id":66100,"href":"https:\/\/accesolatino.org\/en\/wp-json\/wp\/v2\/posts\/19196\/revisions\/66100"}],"wp:featuredmedia":[{"embeddable":true,"href":"https:\/\/accesolatino.org\/en\/wp-json\/wp\/v2\/media\/19197"}],"wp:attachment":[{"href":"https:\/\/accesolatino.org\/en\/wp-json\/wp\/v2\/media?parent=19196"}],"wp:term":[{"taxonomy":"category","embeddable":true,"href":"https:\/\/accesolatino.org\/en\/wp-json\/wp\/v2\/categories?post=19196"},{"taxonomy":"post_tag","embeddable":true,"href":"https:\/\/accesolatino.org\/en\/wp-json\/wp\/v2\/tags?post=19196"}],"curies":[{"name":"wp","href":"https:\/\/api.w.org\/{rel}","templated":true}]}}