{"id":19178,"date":"2019-11-20T13:37:22","date_gmt":"2019-11-20T19:37:22","guid":{"rendered":"https:\/\/accesolatino.org\/?p=19178"},"modified":"2025-10-26T22:36:03","modified_gmt":"2025-10-27T04:36:03","slug":"uscis-propone-aumentos-en-sus-tarifas","status":"publish","type":"post","link":"https:\/\/accesolatino.org\/en\/uscis-propone-aumentos-en-sus-tarifas\/noticias\/","title":{"rendered":"USCIS propone aumentos en sus tarifas"},"content":{"rendered":"<div data-elementor-type=\"wp-post\" data-elementor-id=\"19178\" class=\"elementor elementor-19178\">\n\t\t\t\t\t\t<section class=\"elementor-section elementor-top-section elementor-element elementor-element-2ae491ef elementor-section-boxed elementor-section-height-default elementor-section-height-default wpr-particle-no wpr-jarallax-no wpr-parallax-no wpr-sticky-section-no wpr-equal-height-no\" data-id=\"2ae491ef\" data-element_type=\"section\" data-e-type=\"section\">\n\t\t\t\t\t\t<div class=\"elementor-container elementor-column-gap-default\">\n\t\t\t\t\t<div class=\"elementor-column elementor-col-100 elementor-top-column elementor-element elementor-element-29caa9c0\" data-id=\"29caa9c0\" data-element_type=\"column\" data-e-type=\"column\">\n\t\t\t<div class=\"elementor-widget-wrap elementor-element-populated\">\n\t\t\t\t\t\t<div class=\"elementor-element elementor-element-2572709e elementor-widget elementor-widget-text-editor\" data-id=\"2572709e\" data-element_type=\"widget\" data-e-type=\"widget\" data-widget_type=\"text-editor.default\">\n\t\t\t\t<div class=\"elementor-widget-container\">\n\t\t\t\t\t\t\t\t\t<p>A mediados de noviembre, la oficina de Servicios de Ciudadan\u00eda e Inmigraci\u00f3n (USCIS, por sus siglas en ingl\u00e9s) public\u00f3 su propuesta de cambio de tarifas, que incluye aumentos en tr\u00e1mites migratorios, reducciones y nuevos costos.<\/p><p>Estos incrementos est\u00e1n fundamentados en que casi el 96% del presupuesto de la agencia migratoria proviene de las tarifas,\u00a0 por esta raz\u00f3n, cada dos a\u00f1os, USCIS actualiza sus costos.<\/p><p>A continuaci\u00f3n te presentamos los cambios m\u00e1s significativos de la oficina de Servicios de Ciudadan\u00eda:<\/p><p><strong>Aumento a tr\u00e1mites rutinarios.-<\/strong> La renovaci\u00f3n de DACA pasar\u00eda de $495 a $765 d\u00f3lares, este cambio impactar\u00eda a m\u00e1s de 700 mil <em>dreamers<\/em> que est\u00e1n protegidos bajo este programa. Asimismo, la cuota para nacionalizaci\u00f3n subir\u00eda de precio considerablemente, hoy tiene un costo de $640\u00a0 y se incrementar\u00eda a $1170.00 d\u00f3lares, subi\u00f3 un 83%.<\/p><p><strong>Nueva tarifa.-<\/strong> En esta nueva propuesta, se plante\u00f3 que las peticiones de asilo tendr\u00edan un costo de $50 d\u00f3lares, algo que los activistas han desacreditado, al considerar que los inmigrantes no podr\u00edan cubrir ese monto, debido a que llegan a Estados Unidos en condiciones econ\u00f3micas muy precarias.<\/p><p><strong>Mayores incrementos.-<\/strong> Formularios como el I-881, la Solicitud de Suspensi\u00f3n de Deportaci\u00f3n o \u00a0la Regla Especial de Cancelaci\u00f3n de Expulsi\u00f3n, tendr\u00edan un aumento de m\u00e1s del 500%, que actualmente tienen un costo de $285 d\u00f3lares por una persona y de $570 d\u00f3lares por familia. El nuevo precio ser\u00eda de $1,800 d\u00f3lares. Varias organizaciones pro inmigrantes sean manifestado en contra de estos aumentos, que consideran impagables y como un nuevo ataque de la actual administraci\u00f3n a la comunidad inmigrante.<\/p><p><strong>Las reducciones.-<\/strong> Los Servicios Biom\u00e9tricos tendr\u00edan una disminuci\u00f3n de $85 d\u00f3lares a $55 d\u00f3lares y otras que ayudan a inmigrantes legales con Residencia Permanente o naturalizados, como la aplicaci\u00f3n del Formulario I-90 para suplir la Tarjeta de residencia permanente de $455 a $415 d\u00f3lares, es decir se reducir\u00eda en 9%; el Formulario I-129 para H-2A \u2013 Sin nombrar beneficiarios de $460 a $425 d\u00f3lares, es decir menos el 8% o el Formulario N-565 Solicitud de Reemplazo de documento de Naturalizaci\u00f3n \/ Ciudadan\u00eda de $555 a $545 d\u00f3lares, con una baja del 2%.<\/p><p>Sin duda en caso de entrar en vigencia el 2 de diciembre de 2019, ser\u00eda un golpe serio a los bolsillos de los inmigrantes.<\/p><p>Fuente: <em>La Opini\u00f3n<\/em><\/p>\t\t\t\t\t\t\t\t<\/div>\n\t\t\t\t<\/div>\n\t\t\t\t\t<\/div>\n\t\t<\/div>\n\t\t\t\t\t<\/div>\n\t\t<\/section>\n\t\t\t\t<\/div>","protected":false},"excerpt":{"rendered":"<p>A mediados de noviembre, la oficina de Servicios de Ciudadan\u00eda e Inmigraci\u00f3n (USCIS, por sus siglas en ingl\u00e9s) public\u00f3 su propuesta de cambio de tarifas, que incluye aumentos en tr\u00e1mites migratorios, reducciones y nuevos costos. Estos incrementos est\u00e1n fundamentados en que casi el 96% del presupuesto de la agencia migratoria proviene de las tarifas,&nbsp; por esta raz\u00f3n, cada dos a\u00f1os, USCIS actualiza sus costos. A continuaci\u00f3n te presentamos los cambios m\u00e1s significativos de la oficina de Servicios de Ciudadan\u00eda: Aumento a tr\u00e1mites rutinarios.- La renovaci\u00f3n de DACA pasar\u00eda de $495 a $765 d\u00f3lares, este cambio impactar\u00eda a m\u00e1s de 700 mil dreamers que est\u00e1n protegidos bajo este programa. Asimismo, la cuota para nacionalizaci\u00f3n subir\u00eda de precio considerablemente, hoy tiene un costo de $640&nbsp; y se incrementar\u00eda a $1170.00 d\u00f3lares, subi\u00f3 un 83%. Nueva tarifa.- En esta nueva propuesta, se plante\u00f3 que las peticiones de asilo tendr\u00edan un costo de $50 d\u00f3lares, algo que los activistas han desacreditado, al considerar que los inmigrantes no podr\u00edan cubrir ese monto, debido a que llegan a Estados Unidos en condiciones econ\u00f3micas muy precarias. Mayores incrementos.- Formularios como el I-881, la Solicitud de Suspensi\u00f3n de Deportaci\u00f3n o &nbsp;la Regla Especial de Cancelaci\u00f3n de Expulsi\u00f3n, tendr\u00edan un aumento de m\u00e1s del 500%, que actualmente tienen un costo de $285 d\u00f3lares por una persona y de $570 d\u00f3lares por familia. El nuevo precio ser\u00eda de $1,800 d\u00f3lares. Varias organizaciones pro inmigrantes sean manifestado en contra de estos aumentos, que consideran impagables y como un nuevo ataque de la actual administraci\u00f3n a la comunidad inmigrante. Las reducciones.- Los Servicios Biom\u00e9tricos tendr\u00edan una disminuci\u00f3n de $85 d\u00f3lares a $55 d\u00f3lares y otras que ayudan a inmigrantes legales con Residencia Permanente o naturalizados, como la aplicaci\u00f3n del Formulario I-90 para suplir la Tarjeta de residencia permanente de $455 a $415 d\u00f3lares, es decir se reducir\u00eda en 9%; el Formulario I-129 para H-2A \u2013 Sin nombrar beneficiarios de $460 a $425 d\u00f3lares, es decir menos el 8% o el Formulario N-565 Solicitud de Reemplazo de documento de Naturalizaci\u00f3n \/ Ciudadan\u00eda de $555 a $545 d\u00f3lares, con una baja del 2%. Sin duda en caso de entrar en vigencia el 2 de diciembre de 2019, ser\u00eda un golpe serio a los bolsillos de los inmigrantes. Fuente: La Opini\u00f3n<\/p>","protected":false},"author":1,"featured_media":19179,"comment_status":"open","ping_status":"open","sticky":false,"template":"elementor_header_footer","format":"standard","meta":{"_uf_show_specific_survey":0,"_uf_disable_surveys":false,"footnotes":""},"categories":[10,1],"tags":[],"class_list":["post-19178","post","type-post","status-publish","format-standard","has-post-thumbnail","hentry","category-noticias","category-temas-de-interes"],"aioseo_notices":[],"yoast_head":"<!-- This site is optimized with the Yoast SEO plugin v27.4 - https:\/\/yoast.com\/product\/yoast-seo-wordpress\/ -->\n<title>USCIS propone aumentos en sus tarifas<\/title>\n<meta name=\"description\" content=\"A mediados de noviembre, la oficina de Servicios de Ciudadan\u00eda e Inmigraci\u00f3n (USCIS, por sus siglas en ingl\u00e9s) public\u00f3 su propuesta de cambio de tarifas,\" \/>\n<meta name=\"robots\" content=\"index, follow, max-snippet:-1, max-image-preview:large, max-video-preview:-1\" \/>\n<link rel=\"canonical\" href=\"https:\/\/accesolatino.org\/en\/uscis-propone-aumentos-en-sus-tarifas\/noticias\/\" \/>\n<meta property=\"og:locale\" content=\"en_US\" \/>\n<meta property=\"og:type\" content=\"article\" \/>\n<meta property=\"og:title\" content=\"USCIS propone aumentos en sus tarifas\" \/>\n<meta property=\"og:description\" content=\"A mediados de noviembre, la oficina de Servicios de Ciudadan\u00eda e Inmigraci\u00f3n (USCIS, por sus siglas en ingl\u00e9s) public\u00f3 su propuesta de cambio de tarifas,\" \/>\n<meta property=\"og:url\" content=\"https:\/\/accesolatino.org\/en\/uscis-propone-aumentos-en-sus-tarifas\/noticias\/\" \/>\n<meta property=\"og:site_name\" content=\"Acceso Latino\" \/>\n<meta property=\"article:publisher\" content=\"https:\/\/www.facebook.com\/AccesoLatinoOrg\" \/>\n<meta property=\"article:published_time\" content=\"2019-11-20T19:37:22+00:00\" \/>\n<meta property=\"article:modified_time\" content=\"2025-10-27T04:36:03+00:00\" \/>\n<meta property=\"og:image\" content=\"https:\/\/accesolatino.org\/wp-content\/uploads\/2019\/11\/USCIS-propone-aumentos-en-sus-tarifas.png\" \/>\n\t<meta property=\"og:image:width\" content=\"600\" \/>\n\t<meta property=\"og:image:height\" content=\"300\" \/>\n\t<meta property=\"og:image:type\" content=\"image\/png\" \/>\n<meta name=\"author\" content=\"admin\" \/>\n<meta name=\"twitter:card\" content=\"summary_large_image\" \/>\n<meta name=\"twitter:creator\" content=\"@FAccLatino\" \/>\n<meta name=\"twitter:site\" content=\"@FAccLatino\" \/>\n<meta name=\"twitter:label1\" content=\"Written by\" \/>\n\t<meta name=\"twitter:data1\" content=\"admin\" \/>\n\t<meta name=\"twitter:label2\" content=\"Est. reading time\" \/>\n\t<meta name=\"twitter:data2\" content=\"2 minutes\" \/>\n<script type=\"application\/ld+json\" class=\"yoast-schema-graph\">{\"@context\":\"https:\\\/\\\/schema.org\",\"@graph\":[{\"@type\":\"Article\",\"@id\":\"https:\\\/\\\/accesolatino.org\\\/uscis-propone-aumentos-en-sus-tarifas\\\/noticias\\\/#article\",\"isPartOf\":{\"@id\":\"https:\\\/\\\/accesolatino.org\\\/uscis-propone-aumentos-en-sus-tarifas\\\/noticias\\\/\"},\"author\":{\"name\":\"admin\",\"@id\":\"https:\\\/\\\/accesolatino.org\\\/#\\\/schema\\\/person\\\/75127291c010a94e5a588c481204c991\"},\"headline\":\"USCIS propone aumentos en sus tarifas\",\"datePublished\":\"2019-11-20T19:37:22+00:00\",\"dateModified\":\"2025-10-27T04:36:03+00:00\",\"mainEntityOfPage\":{\"@id\":\"https:\\\/\\\/accesolatino.org\\\/uscis-propone-aumentos-en-sus-tarifas\\\/noticias\\\/\"},\"wordCount\":413,\"commentCount\":0,\"publisher\":{\"@id\":\"https:\\\/\\\/accesolatino.org\\\/#organization\"},\"image\":{\"@id\":\"https:\\\/\\\/accesolatino.org\\\/uscis-propone-aumentos-en-sus-tarifas\\\/noticias\\\/#primaryimage\"},\"thumbnailUrl\":\"https:\\\/\\\/accesolatino.org\\\/wp-content\\\/uploads\\\/2019\\\/11\\\/USCIS-propone-aumentos-en-sus-tarifas.png\",\"articleSection\":[\"Noticias\",\"Temas de inter\u00e9s\"],\"inLanguage\":\"en-US\",\"potentialAction\":[{\"@type\":\"CommentAction\",\"name\":\"Comment\",\"target\":[\"https:\\\/\\\/accesolatino.org\\\/uscis-propone-aumentos-en-sus-tarifas\\\/noticias\\\/#respond\"]}]},{\"@type\":\"WebPage\",\"@id\":\"https:\\\/\\\/accesolatino.org\\\/uscis-propone-aumentos-en-sus-tarifas\\\/noticias\\\/\",\"url\":\"https:\\\/\\\/accesolatino.org\\\/uscis-propone-aumentos-en-sus-tarifas\\\/noticias\\\/\",\"name\":\"USCIS propone aumentos en sus tarifas\",\"isPartOf\":{\"@id\":\"https:\\\/\\\/accesolatino.org\\\/#website\"},\"primaryImageOfPage\":{\"@id\":\"https:\\\/\\\/accesolatino.org\\\/uscis-propone-aumentos-en-sus-tarifas\\\/noticias\\\/#primaryimage\"},\"image\":{\"@id\":\"https:\\\/\\\/accesolatino.org\\\/uscis-propone-aumentos-en-sus-tarifas\\\/noticias\\\/#primaryimage\"},\"thumbnailUrl\":\"https:\\\/\\\/accesolatino.org\\\/wp-content\\\/uploads\\\/2019\\\/11\\\/USCIS-propone-aumentos-en-sus-tarifas.png\",\"datePublished\":\"2019-11-20T19:37:22+00:00\",\"dateModified\":\"2025-10-27T04:36:03+00:00\",\"description\":\"A mediados de noviembre, la oficina de Servicios de Ciudadan\u00eda e Inmigraci\u00f3n (USCIS, por sus siglas en ingl\u00e9s) public\u00f3 su propuesta de cambio de tarifas,\",\"breadcrumb\":{\"@id\":\"https:\\\/\\\/accesolatino.org\\\/uscis-propone-aumentos-en-sus-tarifas\\\/noticias\\\/#breadcrumb\"},\"inLanguage\":\"en-US\",\"potentialAction\":[{\"@type\":\"ReadAction\",\"target\":[\"https:\\\/\\\/accesolatino.org\\\/uscis-propone-aumentos-en-sus-tarifas\\\/noticias\\\/\"]}]},{\"@type\":\"ImageObject\",\"inLanguage\":\"en-US\",\"@id\":\"https:\\\/\\\/accesolatino.org\\\/uscis-propone-aumentos-en-sus-tarifas\\\/noticias\\\/#primaryimage\",\"url\":\"https:\\\/\\\/accesolatino.org\\\/wp-content\\\/uploads\\\/2019\\\/11\\\/USCIS-propone-aumentos-en-sus-tarifas.png\",\"contentUrl\":\"https:\\\/\\\/accesolatino.org\\\/wp-content\\\/uploads\\\/2019\\\/11\\\/USCIS-propone-aumentos-en-sus-tarifas.png\",\"width\":600,\"height\":300},{\"@type\":\"BreadcrumbList\",\"@id\":\"https:\\\/\\\/accesolatino.org\\\/uscis-propone-aumentos-en-sus-tarifas\\\/noticias\\\/#breadcrumb\",\"itemListElement\":[{\"@type\":\"ListItem\",\"position\":1,\"name\":\"Portada\",\"item\":\"https:\\\/\\\/accesolatino.org\\\/\"},{\"@type\":\"ListItem\",\"position\":2,\"name\":\"Noticias\",\"item\":\"https:\\\/\\\/accesolatino.org\\\/category\\\/noticias\\\/\"},{\"@type\":\"ListItem\",\"position\":3,\"name\":\"USCIS propone aumentos en sus tarifas\"}]},{\"@type\":\"WebSite\",\"@id\":\"https:\\\/\\\/accesolatino.org\\\/#website\",\"url\":\"https:\\\/\\\/accesolatino.org\\\/\",\"name\":\"Acceso Latino | Fundaci\u00f3n Carlos Slim\",\"description\":\"Fundaci\u00f3n Carlos Slim\",\"publisher\":{\"@id\":\"https:\\\/\\\/accesolatino.org\\\/#organization\"},\"potentialAction\":[{\"@type\":\"SearchAction\",\"target\":{\"@type\":\"EntryPoint\",\"urlTemplate\":\"https:\\\/\\\/accesolatino.org\\\/?s={search_term_string}\"},\"query-input\":{\"@type\":\"PropertyValueSpecification\",\"valueRequired\":true,\"valueName\":\"search_term_string\"}}],\"inLanguage\":\"en-US\"},{\"@type\":\"Organization\",\"@id\":\"https:\\\/\\\/accesolatino.org\\\/#organization\",\"name\":\"Acceso Latino | Fundaci\u00f3n Carlos Slim\",\"url\":\"https:\\\/\\\/accesolatino.org\\\/\",\"logo\":{\"@type\":\"ImageObject\",\"inLanguage\":\"en-US\",\"@id\":\"https:\\\/\\\/accesolatino.org\\\/#\\\/schema\\\/logo\\\/image\\\/\",\"url\":\"https:\\\/\\\/accesolatino.org\\\/wp-content\\\/uploads\\\/2021\\\/02\\\/logo-footer-acceso-latino.png\",\"contentUrl\":\"https:\\\/\\\/accesolatino.org\\\/wp-content\\\/uploads\\\/2021\\\/02\\\/logo-footer-acceso-latino.png\",\"width\":240,\"height\":40,\"caption\":\"Acceso Latino | Fundaci\u00f3n Carlos Slim\"},\"image\":{\"@id\":\"https:\\\/\\\/accesolatino.org\\\/#\\\/schema\\\/logo\\\/image\\\/\"},\"sameAs\":[\"https:\\\/\\\/www.facebook.com\\\/AccesoLatinoOrg\",\"https:\\\/\\\/x.com\\\/FAccLatino\"]},{\"@type\":\"Person\",\"@id\":\"https:\\\/\\\/accesolatino.org\\\/#\\\/schema\\\/person\\\/75127291c010a94e5a588c481204c991\",\"name\":\"admin\"}]}<\/script>\n<!-- \/ Yoast SEO plugin. -->","yoast_head_json":{"title":"USCIS propone aumentos en sus tarifas","description":"A mediados de noviembre, la oficina de Servicios de Ciudadan\u00eda e Inmigraci\u00f3n (USCIS, por sus siglas en ingl\u00e9s) public\u00f3 su propuesta de cambio de tarifas,","robots":{"index":"index","follow":"follow","max-snippet":"max-snippet:-1","max-image-preview":"max-image-preview:large","max-video-preview":"max-video-preview:-1"},"canonical":"https:\/\/accesolatino.org\/en\/uscis-propone-aumentos-en-sus-tarifas\/noticias\/","og_locale":"en_US","og_type":"article","og_title":"USCIS propone aumentos en sus tarifas","og_description":"A mediados de noviembre, la oficina de Servicios de Ciudadan\u00eda e Inmigraci\u00f3n (USCIS, por sus siglas en ingl\u00e9s) public\u00f3 su propuesta de cambio de tarifas,","og_url":"https:\/\/accesolatino.org\/en\/uscis-propone-aumentos-en-sus-tarifas\/noticias\/","og_site_name":"Acceso Latino","article_publisher":"https:\/\/www.facebook.com\/AccesoLatinoOrg","article_published_time":"2019-11-20T19:37:22+00:00","article_modified_time":"2025-10-27T04:36:03+00:00","og_image":[{"width":600,"height":300,"url":"https:\/\/accesolatino.org\/wp-content\/uploads\/2019\/11\/USCIS-propone-aumentos-en-sus-tarifas.png","type":"image\/png"}],"author":"admin","twitter_card":"summary_large_image","twitter_creator":"@FAccLatino","twitter_site":"@FAccLatino","twitter_misc":{"Written by":"admin","Est. reading time":"2 minutes"},"schema":{"@context":"https:\/\/schema.org","@graph":[{"@type":"Article","@id":"https:\/\/accesolatino.org\/uscis-propone-aumentos-en-sus-tarifas\/noticias\/#article","isPartOf":{"@id":"https:\/\/accesolatino.org\/uscis-propone-aumentos-en-sus-tarifas\/noticias\/"},"author":{"name":"admin","@id":"https:\/\/accesolatino.org\/#\/schema\/person\/75127291c010a94e5a588c481204c991"},"headline":"USCIS propone aumentos en sus tarifas","datePublished":"2019-11-20T19:37:22+00:00","dateModified":"2025-10-27T04:36:03+00:00","mainEntityOfPage":{"@id":"https:\/\/accesolatino.org\/uscis-propone-aumentos-en-sus-tarifas\/noticias\/"},"wordCount":413,"commentCount":0,"publisher":{"@id":"https:\/\/accesolatino.org\/#organization"},"image":{"@id":"https:\/\/accesolatino.org\/uscis-propone-aumentos-en-sus-tarifas\/noticias\/#primaryimage"},"thumbnailUrl":"https:\/\/accesolatino.org\/wp-content\/uploads\/2019\/11\/USCIS-propone-aumentos-en-sus-tarifas.png","articleSection":["Noticias","Temas de inter\u00e9s"],"inLanguage":"en-US","potentialAction":[{"@type":"CommentAction","name":"Comment","target":["https:\/\/accesolatino.org\/uscis-propone-aumentos-en-sus-tarifas\/noticias\/#respond"]}]},{"@type":"WebPage","@id":"https:\/\/accesolatino.org\/uscis-propone-aumentos-en-sus-tarifas\/noticias\/","url":"https:\/\/accesolatino.org\/uscis-propone-aumentos-en-sus-tarifas\/noticias\/","name":"USCIS propone aumentos en sus tarifas","isPartOf":{"@id":"https:\/\/accesolatino.org\/#website"},"primaryImageOfPage":{"@id":"https:\/\/accesolatino.org\/uscis-propone-aumentos-en-sus-tarifas\/noticias\/#primaryimage"},"image":{"@id":"https:\/\/accesolatino.org\/uscis-propone-aumentos-en-sus-tarifas\/noticias\/#primaryimage"},"thumbnailUrl":"https:\/\/accesolatino.org\/wp-content\/uploads\/2019\/11\/USCIS-propone-aumentos-en-sus-tarifas.png","datePublished":"2019-11-20T19:37:22+00:00","dateModified":"2025-10-27T04:36:03+00:00","description":"A mediados de noviembre, la oficina de Servicios de Ciudadan\u00eda e Inmigraci\u00f3n (USCIS, por sus siglas en ingl\u00e9s) public\u00f3 su propuesta de cambio de tarifas,","breadcrumb":{"@id":"https:\/\/accesolatino.org\/uscis-propone-aumentos-en-sus-tarifas\/noticias\/#breadcrumb"},"inLanguage":"en-US","potentialAction":[{"@type":"ReadAction","target":["https:\/\/accesolatino.org\/uscis-propone-aumentos-en-sus-tarifas\/noticias\/"]}]},{"@type":"ImageObject","inLanguage":"en-US","@id":"https:\/\/accesolatino.org\/uscis-propone-aumentos-en-sus-tarifas\/noticias\/#primaryimage","url":"https:\/\/accesolatino.org\/wp-content\/uploads\/2019\/11\/USCIS-propone-aumentos-en-sus-tarifas.png","contentUrl":"https:\/\/accesolatino.org\/wp-content\/uploads\/2019\/11\/USCIS-propone-aumentos-en-sus-tarifas.png","width":600,"height":300},{"@type":"BreadcrumbList","@id":"https:\/\/accesolatino.org\/uscis-propone-aumentos-en-sus-tarifas\/noticias\/#breadcrumb","itemListElement":[{"@type":"ListItem","position":1,"name":"Portada","item":"https:\/\/accesolatino.org\/"},{"@type":"ListItem","position":2,"name":"Noticias","item":"https:\/\/accesolatino.org\/category\/noticias\/"},{"@type":"ListItem","position":3,"name":"USCIS propone aumentos en sus tarifas"}]},{"@type":"WebSite","@id":"https:\/\/accesolatino.org\/#website","url":"https:\/\/accesolatino.org\/","name":"Acceso Latino | Fundaci\u00f3n Carlos Slim","description":"Fundaci\u00f3n Carlos Slim","publisher":{"@id":"https:\/\/accesolatino.org\/#organization"},"potentialAction":[{"@type":"SearchAction","target":{"@type":"EntryPoint","urlTemplate":"https:\/\/accesolatino.org\/?s={search_term_string}"},"query-input":{"@type":"PropertyValueSpecification","valueRequired":true,"valueName":"search_term_string"}}],"inLanguage":"en-US"},{"@type":"Organization","@id":"https:\/\/accesolatino.org\/#organization","name":"Acceso Latino | Fundaci\u00f3n Carlos Slim","url":"https:\/\/accesolatino.org\/","logo":{"@type":"ImageObject","inLanguage":"en-US","@id":"https:\/\/accesolatino.org\/#\/schema\/logo\/image\/","url":"https:\/\/accesolatino.org\/wp-content\/uploads\/2021\/02\/logo-footer-acceso-latino.png","contentUrl":"https:\/\/accesolatino.org\/wp-content\/uploads\/2021\/02\/logo-footer-acceso-latino.png","width":240,"height":40,"caption":"Acceso Latino | Fundaci\u00f3n Carlos Slim"},"image":{"@id":"https:\/\/accesolatino.org\/#\/schema\/logo\/image\/"},"sameAs":["https:\/\/www.facebook.com\/AccesoLatinoOrg","https:\/\/x.com\/FAccLatino"]},{"@type":"Person","@id":"https:\/\/accesolatino.org\/#\/schema\/person\/75127291c010a94e5a588c481204c991","name":"admin"}]}},"_links":{"self":[{"href":"https:\/\/accesolatino.org\/en\/wp-json\/wp\/v2\/posts\/19178","targetHints":{"allow":["GET"]}}],"collection":[{"href":"https:\/\/accesolatino.org\/en\/wp-json\/wp\/v2\/posts"}],"about":[{"href":"https:\/\/accesolatino.org\/en\/wp-json\/wp\/v2\/types\/post"}],"author":[{"embeddable":true,"href":"https:\/\/accesolatino.org\/en\/wp-json\/wp\/v2\/users\/1"}],"replies":[{"embeddable":true,"href":"https:\/\/accesolatino.org\/en\/wp-json\/wp\/v2\/comments?post=19178"}],"version-history":[{"count":1,"href":"https:\/\/accesolatino.org\/en\/wp-json\/wp\/v2\/posts\/19178\/revisions"}],"predecessor-version":[{"id":66102,"href":"https:\/\/accesolatino.org\/en\/wp-json\/wp\/v2\/posts\/19178\/revisions\/66102"}],"wp:featuredmedia":[{"embeddable":true,"href":"https:\/\/accesolatino.org\/en\/wp-json\/wp\/v2\/media\/19179"}],"wp:attachment":[{"href":"https:\/\/accesolatino.org\/en\/wp-json\/wp\/v2\/media?parent=19178"}],"wp:term":[{"taxonomy":"category","embeddable":true,"href":"https:\/\/accesolatino.org\/en\/wp-json\/wp\/v2\/categories?post=19178"},{"taxonomy":"post_tag","embeddable":true,"href":"https:\/\/accesolatino.org\/en\/wp-json\/wp\/v2\/tags?post=19178"}],"curies":[{"name":"wp","href":"https:\/\/api.w.org\/{rel}","templated":true}]}}