{"id":19154,"date":"2019-11-19T16:11:59","date_gmt":"2019-11-19T22:11:59","guid":{"rendered":"https:\/\/accesolatino.org\/?p=19154"},"modified":"2025-10-26T22:36:42","modified_gmt":"2025-10-27T04:36:42","slug":"el-condado-de-fairfax-tendra-su-primera-representante-latina","status":"publish","type":"post","link":"https:\/\/accesolatino.org\/en\/el-condado-de-fairfax-tendra-su-primera-representante-latina\/noticias\/","title":{"rendered":"El Condado de Fairfax tendr\u00e1 su primera representante latina"},"content":{"rendered":"<div data-elementor-type=\"wp-post\" data-elementor-id=\"19154\" class=\"elementor elementor-19154\">\n\t\t\t\t\t\t<section class=\"elementor-section elementor-top-section elementor-element elementor-element-2ae491ef elementor-section-boxed elementor-section-height-default elementor-section-height-default wpr-particle-no wpr-jarallax-no wpr-parallax-no wpr-sticky-section-no wpr-equal-height-no\" data-id=\"2ae491ef\" data-element_type=\"section\" data-e-type=\"section\">\n\t\t\t\t\t\t<div class=\"elementor-container elementor-column-gap-default\">\n\t\t\t\t\t<div class=\"elementor-column elementor-col-100 elementor-top-column elementor-element elementor-element-29caa9c0\" data-id=\"29caa9c0\" data-element_type=\"column\" data-e-type=\"column\">\n\t\t\t<div class=\"elementor-widget-wrap elementor-element-populated\">\n\t\t\t\t\t\t<div class=\"elementor-element elementor-element-2572709e elementor-widget elementor-widget-text-editor\" data-id=\"2572709e\" data-element_type=\"widget\" data-e-type=\"widget\" data-widget_type=\"text-editor.default\">\n\t\t\t\t<div class=\"elementor-widget-container\">\n\t\t\t\t\t\t\t\t\t<p>Dalia Palchick, gan\u00f3 las elecciones en los primeros d\u00edas de noviembre de 2019 para formar parte de la Junta de Supervisores de Fairfax, por el distrito de Providence y trabajar\u00e1 para proteger a las comunidades de inmigrantes y a los grupos m\u00e1s vulnerables.<\/p><p>Con un 80% de votos a favor, venci\u00f3 a su rival republicano Eric Jones, lo que indica que el partido dem\u00f3crata toma m\u00e1s fuerza en muchos condados y representa una esperanza para los inmigrantes, ya que los dem\u00f3cratas en su gran mayor\u00eda, han dicho que ayudar\u00e1n a todos los indocumentados a tener una mejor y legal vida.<\/p><p>Dalia indic\u00f3 que ser\u00e1 una voz latina de las comunidades menos afortunadas y de los miles de inmigrantes que viven en Providence, tambi\u00e9n promover\u00e1 reformas para proteger a las familias inmigrantes de la separaci\u00f3n de alguno de sus miembros, as\u00ed como asegurarse que la polic\u00eda no ejerza tareas migratorias e incrementar los recursos econ\u00f3micos del condado para dar apoyo y asesor\u00eda legal a los inmigrantes que est\u00e9n en proceso de deportaci\u00f3n.<\/p><p>La hoy supervisora electa, lleg\u00f3 a Estados Unidos cuando ten\u00eda 6 a\u00f1os, acudi\u00f3 a las escuelas del distrito de Providence, se gradu\u00f3 de la <em>Thomas Jefferson High School<\/em> en Ciencia y Tecnolog\u00eda y es licenciada en antropolog\u00eda y franc\u00e9s.<\/p><p>Una gran victoria en momentos dif\u00edciles, donde los <em>dreamers <\/em>esperan la resoluci\u00f3n de la Corte Suprema con DACA y la tensa situaci\u00f3n migratoria.<\/p><p>Por \u00faltimo, Dalia Palchick, mencion\u00f3 que tendr\u00e1 una comunicaci\u00f3n abierta con la comunidad, ya que eso es clave para la mejora sustentable de la comunidad indocumentada y de bajos recursos.<\/p><p>Fuente: <em>El Tiempo Latino<\/em><\/p>\t\t\t\t\t\t\t\t<\/div>\n\t\t\t\t<\/div>\n\t\t\t\t\t<\/div>\n\t\t<\/div>\n\t\t\t\t\t<\/div>\n\t\t<\/section>\n\t\t\t\t<\/div>","protected":false},"excerpt":{"rendered":"<p>Dalia Palchick, gan\u00f3 las elecciones en los primeros d\u00edas de noviembre de 2019 para formar parte de la Junta de Supervisores de Fairfax, por el distrito de Providence y trabajar\u00e1 para proteger a las comunidades de inmigrantes y a los grupos m\u00e1s vulnerables. Con un 80% de votos a favor, venci\u00f3 a su rival republicano Eric Jones, lo que indica que el partido dem\u00f3crata toma m\u00e1s fuerza en muchos condados y representa una esperanza para los inmigrantes, ya que los dem\u00f3cratas en su gran mayor\u00eda, han dicho que ayudar\u00e1n a todos los indocumentados a tener una mejor y legal vida. Dalia indic\u00f3 que ser\u00e1 una voz latina de las comunidades menos afortunadas y de los miles de inmigrantes que viven en Providence, tambi\u00e9n promover\u00e1 reformas para proteger a las familias inmigrantes de la separaci\u00f3n de alguno de sus miembros, as\u00ed como asegurarse que la polic\u00eda no ejerza tareas migratorias e incrementar los recursos econ\u00f3micos del condado para dar apoyo y asesor\u00eda legal a los inmigrantes que est\u00e9n en proceso de deportaci\u00f3n. La hoy supervisora electa, lleg\u00f3 a Estados Unidos cuando ten\u00eda 6 a\u00f1os, acudi\u00f3 a las escuelas del distrito de Providence, se gradu\u00f3 de la Thomas Jefferson High School en Ciencia y Tecnolog\u00eda y es licenciada en antropolog\u00eda y franc\u00e9s. Una gran victoria en momentos dif\u00edciles, donde los dreamers esperan la resoluci\u00f3n de la Corte Suprema con DACA y la tensa situaci\u00f3n migratoria. Por \u00faltimo, Dalia Palchick, mencion\u00f3 que tendr\u00e1 una comunicaci\u00f3n abierta con la comunidad, ya que eso es clave para la mejora sustentable de la comunidad indocumentada y de bajos recursos. Fuente: El Tiempo Latino<\/p>","protected":false},"author":1,"featured_media":19155,"comment_status":"open","ping_status":"open","sticky":false,"template":"elementor_header_footer","format":"standard","meta":{"_uf_show_specific_survey":0,"_uf_disable_surveys":false,"footnotes":""},"categories":[10,1],"tags":[],"class_list":["post-19154","post","type-post","status-publish","format-standard","has-post-thumbnail","hentry","category-noticias","category-temas-de-interes"],"aioseo_notices":[],"yoast_head":"<!-- This site is optimized with the Yoast SEO plugin v27.4 - https:\/\/yoast.com\/product\/yoast-seo-wordpress\/ -->\n<title>El Condado de Fairfax tendr\u00e1 su primera representante latina<\/title>\n<meta name=\"description\" content=\"Dalia Palchick, gan\u00f3 las elecciones en los primeros d\u00edas de noviembre de 2019 para formar parte de la Junta de Supervisores de Fairfax, por el distrito de\" \/>\n<meta name=\"robots\" content=\"index, follow, max-snippet:-1, max-image-preview:large, max-video-preview:-1\" \/>\n<link rel=\"canonical\" href=\"https:\/\/accesolatino.org\/en\/el-condado-de-fairfax-tendra-su-primera-representante-latina\/noticias\/\" \/>\n<meta property=\"og:locale\" content=\"en_US\" \/>\n<meta property=\"og:type\" content=\"article\" \/>\n<meta property=\"og:title\" content=\"El Condado de Fairfax tendr\u00e1 su primera representante latina\" \/>\n<meta property=\"og:description\" content=\"Dalia Palchick, gan\u00f3 las elecciones en los primeros d\u00edas de noviembre de 2019 para formar parte de la Junta de Supervisores de Fairfax, por el distrito de\" \/>\n<meta property=\"og:url\" content=\"https:\/\/accesolatino.org\/en\/el-condado-de-fairfax-tendra-su-primera-representante-latina\/noticias\/\" \/>\n<meta property=\"og:site_name\" content=\"Acceso Latino\" \/>\n<meta property=\"article:publisher\" content=\"https:\/\/www.facebook.com\/AccesoLatinoOrg\" \/>\n<meta property=\"article:published_time\" content=\"2019-11-19T22:11:59+00:00\" \/>\n<meta property=\"article:modified_time\" content=\"2025-10-27T04:36:42+00:00\" \/>\n<meta property=\"og:image\" content=\"https:\/\/accesolatino.org\/wp-content\/uploads\/2019\/11\/El-Condado-de-Fairfax-tendr\u00e1-su-primera-representante-latina.png\" \/>\n\t<meta property=\"og:image:width\" content=\"600\" \/>\n\t<meta property=\"og:image:height\" content=\"300\" \/>\n\t<meta property=\"og:image:type\" content=\"image\/png\" \/>\n<meta name=\"author\" content=\"admin\" \/>\n<meta name=\"twitter:card\" content=\"summary_large_image\" \/>\n<meta name=\"twitter:creator\" content=\"@FAccLatino\" \/>\n<meta name=\"twitter:site\" content=\"@FAccLatino\" \/>\n<meta name=\"twitter:label1\" content=\"Written by\" \/>\n\t<meta name=\"twitter:data1\" content=\"admin\" \/>\n\t<meta name=\"twitter:label2\" content=\"Est. reading time\" \/>\n\t<meta name=\"twitter:data2\" content=\"2 minutes\" \/>\n<script type=\"application\/ld+json\" class=\"yoast-schema-graph\">{\"@context\":\"https:\\\/\\\/schema.org\",\"@graph\":[{\"@type\":\"Article\",\"@id\":\"https:\\\/\\\/accesolatino.org\\\/el-condado-de-fairfax-tendra-su-primera-representante-latina\\\/noticias\\\/#article\",\"isPartOf\":{\"@id\":\"https:\\\/\\\/accesolatino.org\\\/el-condado-de-fairfax-tendra-su-primera-representante-latina\\\/noticias\\\/\"},\"author\":{\"name\":\"admin\",\"@id\":\"https:\\\/\\\/accesolatino.org\\\/#\\\/schema\\\/person\\\/75127291c010a94e5a588c481204c991\"},\"headline\":\"El Condado de Fairfax tendr\u00e1 su primera representante latina\",\"datePublished\":\"2019-11-19T22:11:59+00:00\",\"dateModified\":\"2025-10-27T04:36:42+00:00\",\"mainEntityOfPage\":{\"@id\":\"https:\\\/\\\/accesolatino.org\\\/el-condado-de-fairfax-tendra-su-primera-representante-latina\\\/noticias\\\/\"},\"wordCount\":296,\"commentCount\":0,\"publisher\":{\"@id\":\"https:\\\/\\\/accesolatino.org\\\/#organization\"},\"image\":{\"@id\":\"https:\\\/\\\/accesolatino.org\\\/el-condado-de-fairfax-tendra-su-primera-representante-latina\\\/noticias\\\/#primaryimage\"},\"thumbnailUrl\":\"https:\\\/\\\/accesolatino.org\\\/wp-content\\\/uploads\\\/2019\\\/11\\\/El-Condado-de-Fairfax-tendr\u00e1-su-primera-representante-latina.png\",\"articleSection\":[\"Noticias\",\"Temas de inter\u00e9s\"],\"inLanguage\":\"en-US\",\"potentialAction\":[{\"@type\":\"CommentAction\",\"name\":\"Comment\",\"target\":[\"https:\\\/\\\/accesolatino.org\\\/el-condado-de-fairfax-tendra-su-primera-representante-latina\\\/noticias\\\/#respond\"]}]},{\"@type\":\"WebPage\",\"@id\":\"https:\\\/\\\/accesolatino.org\\\/el-condado-de-fairfax-tendra-su-primera-representante-latina\\\/noticias\\\/\",\"url\":\"https:\\\/\\\/accesolatino.org\\\/el-condado-de-fairfax-tendra-su-primera-representante-latina\\\/noticias\\\/\",\"name\":\"El Condado de Fairfax tendr\u00e1 su primera representante latina\",\"isPartOf\":{\"@id\":\"https:\\\/\\\/accesolatino.org\\\/#website\"},\"primaryImageOfPage\":{\"@id\":\"https:\\\/\\\/accesolatino.org\\\/el-condado-de-fairfax-tendra-su-primera-representante-latina\\\/noticias\\\/#primaryimage\"},\"image\":{\"@id\":\"https:\\\/\\\/accesolatino.org\\\/el-condado-de-fairfax-tendra-su-primera-representante-latina\\\/noticias\\\/#primaryimage\"},\"thumbnailUrl\":\"https:\\\/\\\/accesolatino.org\\\/wp-content\\\/uploads\\\/2019\\\/11\\\/El-Condado-de-Fairfax-tendr\u00e1-su-primera-representante-latina.png\",\"datePublished\":\"2019-11-19T22:11:59+00:00\",\"dateModified\":\"2025-10-27T04:36:42+00:00\",\"description\":\"Dalia Palchick, gan\u00f3 las elecciones en los primeros d\u00edas de noviembre de 2019 para formar parte de la Junta de Supervisores de Fairfax, por el distrito de\",\"breadcrumb\":{\"@id\":\"https:\\\/\\\/accesolatino.org\\\/el-condado-de-fairfax-tendra-su-primera-representante-latina\\\/noticias\\\/#breadcrumb\"},\"inLanguage\":\"en-US\",\"potentialAction\":[{\"@type\":\"ReadAction\",\"target\":[\"https:\\\/\\\/accesolatino.org\\\/el-condado-de-fairfax-tendra-su-primera-representante-latina\\\/noticias\\\/\"]}]},{\"@type\":\"ImageObject\",\"inLanguage\":\"en-US\",\"@id\":\"https:\\\/\\\/accesolatino.org\\\/el-condado-de-fairfax-tendra-su-primera-representante-latina\\\/noticias\\\/#primaryimage\",\"url\":\"https:\\\/\\\/accesolatino.org\\\/wp-content\\\/uploads\\\/2019\\\/11\\\/El-Condado-de-Fairfax-tendr\u00e1-su-primera-representante-latina.png\",\"contentUrl\":\"https:\\\/\\\/accesolatino.org\\\/wp-content\\\/uploads\\\/2019\\\/11\\\/El-Condado-de-Fairfax-tendr\u00e1-su-primera-representante-latina.png\",\"width\":600,\"height\":300},{\"@type\":\"BreadcrumbList\",\"@id\":\"https:\\\/\\\/accesolatino.org\\\/el-condado-de-fairfax-tendra-su-primera-representante-latina\\\/noticias\\\/#breadcrumb\",\"itemListElement\":[{\"@type\":\"ListItem\",\"position\":1,\"name\":\"Portada\",\"item\":\"https:\\\/\\\/accesolatino.org\\\/\"},{\"@type\":\"ListItem\",\"position\":2,\"name\":\"Noticias\",\"item\":\"https:\\\/\\\/accesolatino.org\\\/category\\\/noticias\\\/\"},{\"@type\":\"ListItem\",\"position\":3,\"name\":\"El Condado de Fairfax tendr\u00e1 su primera representante latina\"}]},{\"@type\":\"WebSite\",\"@id\":\"https:\\\/\\\/accesolatino.org\\\/#website\",\"url\":\"https:\\\/\\\/accesolatino.org\\\/\",\"name\":\"Acceso Latino | Fundaci\u00f3n Carlos Slim\",\"description\":\"Fundaci\u00f3n Carlos Slim\",\"publisher\":{\"@id\":\"https:\\\/\\\/accesolatino.org\\\/#organization\"},\"potentialAction\":[{\"@type\":\"SearchAction\",\"target\":{\"@type\":\"EntryPoint\",\"urlTemplate\":\"https:\\\/\\\/accesolatino.org\\\/?s={search_term_string}\"},\"query-input\":{\"@type\":\"PropertyValueSpecification\",\"valueRequired\":true,\"valueName\":\"search_term_string\"}}],\"inLanguage\":\"en-US\"},{\"@type\":\"Organization\",\"@id\":\"https:\\\/\\\/accesolatino.org\\\/#organization\",\"name\":\"Acceso Latino | Fundaci\u00f3n Carlos Slim\",\"url\":\"https:\\\/\\\/accesolatino.org\\\/\",\"logo\":{\"@type\":\"ImageObject\",\"inLanguage\":\"en-US\",\"@id\":\"https:\\\/\\\/accesolatino.org\\\/#\\\/schema\\\/logo\\\/image\\\/\",\"url\":\"https:\\\/\\\/accesolatino.org\\\/wp-content\\\/uploads\\\/2021\\\/02\\\/logo-footer-acceso-latino.png\",\"contentUrl\":\"https:\\\/\\\/accesolatino.org\\\/wp-content\\\/uploads\\\/2021\\\/02\\\/logo-footer-acceso-latino.png\",\"width\":240,\"height\":40,\"caption\":\"Acceso Latino | Fundaci\u00f3n Carlos Slim\"},\"image\":{\"@id\":\"https:\\\/\\\/accesolatino.org\\\/#\\\/schema\\\/logo\\\/image\\\/\"},\"sameAs\":[\"https:\\\/\\\/www.facebook.com\\\/AccesoLatinoOrg\",\"https:\\\/\\\/x.com\\\/FAccLatino\"]},{\"@type\":\"Person\",\"@id\":\"https:\\\/\\\/accesolatino.org\\\/#\\\/schema\\\/person\\\/75127291c010a94e5a588c481204c991\",\"name\":\"admin\"}]}<\/script>\n<!-- \/ Yoast SEO plugin. -->","yoast_head_json":{"title":"El Condado de Fairfax tendr\u00e1 su primera representante latina","description":"Dalia Palchick, gan\u00f3 las elecciones en los primeros d\u00edas de noviembre de 2019 para formar parte de la Junta de Supervisores de Fairfax, por el distrito de","robots":{"index":"index","follow":"follow","max-snippet":"max-snippet:-1","max-image-preview":"max-image-preview:large","max-video-preview":"max-video-preview:-1"},"canonical":"https:\/\/accesolatino.org\/en\/el-condado-de-fairfax-tendra-su-primera-representante-latina\/noticias\/","og_locale":"en_US","og_type":"article","og_title":"El Condado de Fairfax tendr\u00e1 su primera representante latina","og_description":"Dalia Palchick, gan\u00f3 las elecciones en los primeros d\u00edas de noviembre de 2019 para formar parte de la Junta de Supervisores de Fairfax, por el distrito de","og_url":"https:\/\/accesolatino.org\/en\/el-condado-de-fairfax-tendra-su-primera-representante-latina\/noticias\/","og_site_name":"Acceso Latino","article_publisher":"https:\/\/www.facebook.com\/AccesoLatinoOrg","article_published_time":"2019-11-19T22:11:59+00:00","article_modified_time":"2025-10-27T04:36:42+00:00","og_image":[{"width":600,"height":300,"url":"https:\/\/accesolatino.org\/wp-content\/uploads\/2019\/11\/El-Condado-de-Fairfax-tendr\u00e1-su-primera-representante-latina.png","type":"image\/png"}],"author":"admin","twitter_card":"summary_large_image","twitter_creator":"@FAccLatino","twitter_site":"@FAccLatino","twitter_misc":{"Written by":"admin","Est. reading time":"2 minutes"},"schema":{"@context":"https:\/\/schema.org","@graph":[{"@type":"Article","@id":"https:\/\/accesolatino.org\/el-condado-de-fairfax-tendra-su-primera-representante-latina\/noticias\/#article","isPartOf":{"@id":"https:\/\/accesolatino.org\/el-condado-de-fairfax-tendra-su-primera-representante-latina\/noticias\/"},"author":{"name":"admin","@id":"https:\/\/accesolatino.org\/#\/schema\/person\/75127291c010a94e5a588c481204c991"},"headline":"El Condado de Fairfax tendr\u00e1 su primera representante latina","datePublished":"2019-11-19T22:11:59+00:00","dateModified":"2025-10-27T04:36:42+00:00","mainEntityOfPage":{"@id":"https:\/\/accesolatino.org\/el-condado-de-fairfax-tendra-su-primera-representante-latina\/noticias\/"},"wordCount":296,"commentCount":0,"publisher":{"@id":"https:\/\/accesolatino.org\/#organization"},"image":{"@id":"https:\/\/accesolatino.org\/el-condado-de-fairfax-tendra-su-primera-representante-latina\/noticias\/#primaryimage"},"thumbnailUrl":"https:\/\/accesolatino.org\/wp-content\/uploads\/2019\/11\/El-Condado-de-Fairfax-tendr\u00e1-su-primera-representante-latina.png","articleSection":["Noticias","Temas de inter\u00e9s"],"inLanguage":"en-US","potentialAction":[{"@type":"CommentAction","name":"Comment","target":["https:\/\/accesolatino.org\/el-condado-de-fairfax-tendra-su-primera-representante-latina\/noticias\/#respond"]}]},{"@type":"WebPage","@id":"https:\/\/accesolatino.org\/el-condado-de-fairfax-tendra-su-primera-representante-latina\/noticias\/","url":"https:\/\/accesolatino.org\/el-condado-de-fairfax-tendra-su-primera-representante-latina\/noticias\/","name":"El Condado de Fairfax tendr\u00e1 su primera representante latina","isPartOf":{"@id":"https:\/\/accesolatino.org\/#website"},"primaryImageOfPage":{"@id":"https:\/\/accesolatino.org\/el-condado-de-fairfax-tendra-su-primera-representante-latina\/noticias\/#primaryimage"},"image":{"@id":"https:\/\/accesolatino.org\/el-condado-de-fairfax-tendra-su-primera-representante-latina\/noticias\/#primaryimage"},"thumbnailUrl":"https:\/\/accesolatino.org\/wp-content\/uploads\/2019\/11\/El-Condado-de-Fairfax-tendr\u00e1-su-primera-representante-latina.png","datePublished":"2019-11-19T22:11:59+00:00","dateModified":"2025-10-27T04:36:42+00:00","description":"Dalia Palchick, gan\u00f3 las elecciones en los primeros d\u00edas de noviembre de 2019 para formar parte de la Junta de Supervisores de Fairfax, por el distrito de","breadcrumb":{"@id":"https:\/\/accesolatino.org\/el-condado-de-fairfax-tendra-su-primera-representante-latina\/noticias\/#breadcrumb"},"inLanguage":"en-US","potentialAction":[{"@type":"ReadAction","target":["https:\/\/accesolatino.org\/el-condado-de-fairfax-tendra-su-primera-representante-latina\/noticias\/"]}]},{"@type":"ImageObject","inLanguage":"en-US","@id":"https:\/\/accesolatino.org\/el-condado-de-fairfax-tendra-su-primera-representante-latina\/noticias\/#primaryimage","url":"https:\/\/accesolatino.org\/wp-content\/uploads\/2019\/11\/El-Condado-de-Fairfax-tendr\u00e1-su-primera-representante-latina.png","contentUrl":"https:\/\/accesolatino.org\/wp-content\/uploads\/2019\/11\/El-Condado-de-Fairfax-tendr\u00e1-su-primera-representante-latina.png","width":600,"height":300},{"@type":"BreadcrumbList","@id":"https:\/\/accesolatino.org\/el-condado-de-fairfax-tendra-su-primera-representante-latina\/noticias\/#breadcrumb","itemListElement":[{"@type":"ListItem","position":1,"name":"Portada","item":"https:\/\/accesolatino.org\/"},{"@type":"ListItem","position":2,"name":"Noticias","item":"https:\/\/accesolatino.org\/category\/noticias\/"},{"@type":"ListItem","position":3,"name":"El Condado de Fairfax tendr\u00e1 su primera representante latina"}]},{"@type":"WebSite","@id":"https:\/\/accesolatino.org\/#website","url":"https:\/\/accesolatino.org\/","name":"Acceso Latino | Fundaci\u00f3n Carlos Slim","description":"Fundaci\u00f3n Carlos Slim","publisher":{"@id":"https:\/\/accesolatino.org\/#organization"},"potentialAction":[{"@type":"SearchAction","target":{"@type":"EntryPoint","urlTemplate":"https:\/\/accesolatino.org\/?s={search_term_string}"},"query-input":{"@type":"PropertyValueSpecification","valueRequired":true,"valueName":"search_term_string"}}],"inLanguage":"en-US"},{"@type":"Organization","@id":"https:\/\/accesolatino.org\/#organization","name":"Acceso Latino | Fundaci\u00f3n Carlos Slim","url":"https:\/\/accesolatino.org\/","logo":{"@type":"ImageObject","inLanguage":"en-US","@id":"https:\/\/accesolatino.org\/#\/schema\/logo\/image\/","url":"https:\/\/accesolatino.org\/wp-content\/uploads\/2021\/02\/logo-footer-acceso-latino.png","contentUrl":"https:\/\/accesolatino.org\/wp-content\/uploads\/2021\/02\/logo-footer-acceso-latino.png","width":240,"height":40,"caption":"Acceso Latino | Fundaci\u00f3n Carlos Slim"},"image":{"@id":"https:\/\/accesolatino.org\/#\/schema\/logo\/image\/"},"sameAs":["https:\/\/www.facebook.com\/AccesoLatinoOrg","https:\/\/x.com\/FAccLatino"]},{"@type":"Person","@id":"https:\/\/accesolatino.org\/#\/schema\/person\/75127291c010a94e5a588c481204c991","name":"admin"}]}},"_links":{"self":[{"href":"https:\/\/accesolatino.org\/en\/wp-json\/wp\/v2\/posts\/19154","targetHints":{"allow":["GET"]}}],"collection":[{"href":"https:\/\/accesolatino.org\/en\/wp-json\/wp\/v2\/posts"}],"about":[{"href":"https:\/\/accesolatino.org\/en\/wp-json\/wp\/v2\/types\/post"}],"author":[{"embeddable":true,"href":"https:\/\/accesolatino.org\/en\/wp-json\/wp\/v2\/users\/1"}],"replies":[{"embeddable":true,"href":"https:\/\/accesolatino.org\/en\/wp-json\/wp\/v2\/comments?post=19154"}],"version-history":[{"count":1,"href":"https:\/\/accesolatino.org\/en\/wp-json\/wp\/v2\/posts\/19154\/revisions"}],"predecessor-version":[{"id":66104,"href":"https:\/\/accesolatino.org\/en\/wp-json\/wp\/v2\/posts\/19154\/revisions\/66104"}],"wp:featuredmedia":[{"embeddable":true,"href":"https:\/\/accesolatino.org\/en\/wp-json\/wp\/v2\/media\/19155"}],"wp:attachment":[{"href":"https:\/\/accesolatino.org\/en\/wp-json\/wp\/v2\/media?parent=19154"}],"wp:term":[{"taxonomy":"category","embeddable":true,"href":"https:\/\/accesolatino.org\/en\/wp-json\/wp\/v2\/categories?post=19154"},{"taxonomy":"post_tag","embeddable":true,"href":"https:\/\/accesolatino.org\/en\/wp-json\/wp\/v2\/tags?post=19154"}],"curies":[{"name":"wp","href":"https:\/\/api.w.org\/{rel}","templated":true}]}}