{"id":19103,"date":"2019-11-14T08:42:44","date_gmt":"2019-11-14T14:42:44","guid":{"rendered":"https:\/\/accesolatino.org\/?p=19103"},"modified":"2025-10-26T22:37:52","modified_gmt":"2025-10-27T04:37:52","slug":"el-detectar-la-epilepsia-a-tiempo-es-vital-para-evitar-un-dano-mayor","status":"publish","type":"post","link":"https:\/\/accesolatino.org\/en\/el-detectar-la-epilepsia-a-tiempo-es-vital-para-evitar-un-dano-mayor\/noticias\/","title":{"rendered":"El detectar la epilepsia a tiempo es vital para evitar un da\u00f1o mayor"},"content":{"rendered":"<div data-elementor-type=\"wp-post\" data-elementor-id=\"19103\" class=\"elementor elementor-19103\">\n\t\t\t\t\t\t<section class=\"elementor-section elementor-top-section elementor-element elementor-element-2ae491ef elementor-section-boxed elementor-section-height-default elementor-section-height-default wpr-particle-no wpr-jarallax-no wpr-parallax-no wpr-sticky-section-no wpr-equal-height-no\" data-id=\"2ae491ef\" data-element_type=\"section\" data-e-type=\"section\">\n\t\t\t\t\t\t<div class=\"elementor-container elementor-column-gap-default\">\n\t\t\t\t\t<div class=\"elementor-column elementor-col-100 elementor-top-column elementor-element elementor-element-29caa9c0\" data-id=\"29caa9c0\" data-element_type=\"column\" data-e-type=\"column\">\n\t\t\t<div class=\"elementor-widget-wrap elementor-element-populated\">\n\t\t\t\t\t\t<div class=\"elementor-element elementor-element-2572709e elementor-widget elementor-widget-text-editor\" data-id=\"2572709e\" data-element_type=\"widget\" data-e-type=\"widget\" data-widget_type=\"text-editor.default\">\n\t\t\t\t<div class=\"elementor-widget-container\">\n\t\t\t\t\t\t\t\t\t<p>La detecci\u00f3n de cualquier enfermedad a tiempo, puede ser la clave para que se cure o se controle. As\u00ed pasa con la epilepsia, descubrirla y tener un diagn\u00f3stico temprano, es la clave para que el tratamiento sea \u00f3ptimo, de acuerdo con la neur\u00f3loga Lilia N\u00fa\u00f1ez Orozco, Jefa del Servicio de Neurolog\u00eda del Hospital 20 de -Noviembre del ISSSTE.<\/p><p>En M\u00e9xico, un aproximado de dos millones de personas padecen epilepsia y desafortunadamente, la mayor\u00eda no est\u00e1 diagnosticada. Esto representa un problema, porque si no se diagn\u00f3stica, son bajas las probabilidades de reducir el deterioro cerebral de los individuos que sufren esta enfermedad y sus afectaciones en la memoria, la concentraci\u00f3n, tener juicio adecuado, as\u00ed como evitar trastornos en la personalidad.<\/p><p>Hay que tener presente que en cuanto m\u00e1s tiempo el cerebro sufra descargas anormales, existen m\u00e1s posibilidades de que persistan, as\u00ed lo declar\u00f3 la especialista del Instituto de Seguridad y Servicios Sociales de los Trabajadores del Estado (ISSSTE).<\/p><p>Los s\u00edntomas menos agresivos de la epilepsia pueden ser:<\/p><ul><li style=\"list-style-type: none;\"><ul><li style=\"list-style-type: none;\"><ul><li>Ausencias, la personas se pierden de la realidad por unos segundos y sufren n\u00e1useas<\/li><li>El cuerpo se les duerme o se sienten desubicados<\/li><li>Movimientos s\u00fabitos y anormales del cuerpo<\/li><li>Parpadeo inconsciente durante segundos<\/li><\/ul><\/li><\/ul><\/li><\/ul><p>La epilepsia no se contagia y por ning\u00fan motivo debe existir discriminaci\u00f3n. Todos debemos aprender sobre esta enfermedad y estar informados.<\/p><p>Ante cualquier m\u00ednimo s\u00edntoma, acude con un doctor.<\/p><p>In <a href=\"http:\/\/clikisalud.net\"><strong>clikisalud.net<\/strong><\/a> tenemos informaci\u00f3n importante para ti y tu familia.<\/p>\t\t\t\t\t\t\t\t<\/div>\n\t\t\t\t<\/div>\n\t\t\t\t\t<\/div>\n\t\t<\/div>\n\t\t\t\t\t<\/div>\n\t\t<\/section>\n\t\t\t\t<\/div>","protected":false},"excerpt":{"rendered":"<p>La detecci\u00f3n de cualquier enfermedad a tiempo, puede ser la clave para que se cure o se controle. As\u00ed pasa con la epilepsia, descubrirla y tener un diagn\u00f3stico temprano, es la clave para que el tratamiento sea \u00f3ptimo, de acuerdo con la neur\u00f3loga Lilia N\u00fa\u00f1ez Orozco, Jefa del Servicio de Neurolog\u00eda del Hospital 20 de -Noviembre del ISSSTE. En M\u00e9xico, un aproximado de dos millones de personas padecen epilepsia y desafortunadamente, la mayor\u00eda no est\u00e1 diagnosticada. Esto representa un problema, porque si no se diagn\u00f3stica, son bajas las probabilidades de reducir el deterioro cerebral de los individuos que sufren esta enfermedad y sus afectaciones en la memoria, la concentraci\u00f3n, tener juicio adecuado, as\u00ed como evitar trastornos en la personalidad. Hay que tener presente que en cuanto m\u00e1s tiempo el cerebro sufra descargas anormales, existen m\u00e1s posibilidades de que persistan, as\u00ed lo declar\u00f3 la especialista del Instituto de Seguridad y Servicios Sociales de los Trabajadores del Estado (ISSSTE). Los s\u00edntomas menos agresivos de la epilepsia pueden ser: Ausencias, la personas se pierden de la realidad por unos segundos y sufren n\u00e1useas El cuerpo se les duerme o se sienten desubicados Movimientos s\u00fabitos y anormales del cuerpo Parpadeo inconsciente durante segundos La epilepsia no se contagia y por ning\u00fan motivo debe existir discriminaci\u00f3n. Todos debemos aprender sobre esta enfermedad y estar informados. Ante cualquier m\u00ednimo s\u00edntoma, acude con un doctor. En clikisalud.net tenemos informaci\u00f3n importante para ti y tu familia.<\/p>","protected":false},"author":1,"featured_media":19105,"comment_status":"open","ping_status":"open","sticky":false,"template":"elementor_header_footer","format":"standard","meta":{"_uf_show_specific_survey":0,"_uf_disable_surveys":false,"footnotes":""},"categories":[10,1],"tags":[],"class_list":["post-19103","post","type-post","status-publish","format-standard","has-post-thumbnail","hentry","category-noticias","category-temas-de-interes"],"aioseo_notices":[],"yoast_head":"<!-- This site is optimized with the Yoast SEO plugin v27.4 - https:\/\/yoast.com\/product\/yoast-seo-wordpress\/ -->\n<title>El detectar la epilepsia a tiempo es vital para evitar un da\u00f1o mayor<\/title>\n<meta name=\"description\" content=\"La detecci\u00f3n de cualquier enfermedad a tiempo, puede ser la clave para que se cure o se controle. As\u00ed pasa con la epilepsia, descubrirla y tener un...\" \/>\n<meta name=\"robots\" content=\"index, follow, max-snippet:-1, max-image-preview:large, max-video-preview:-1\" \/>\n<link rel=\"canonical\" href=\"https:\/\/accesolatino.org\/en\/el-detectar-la-epilepsia-a-tiempo-es-vital-para-evitar-un-dano-mayor\/noticias\/\" \/>\n<meta property=\"og:locale\" content=\"en_US\" \/>\n<meta property=\"og:type\" content=\"article\" \/>\n<meta property=\"og:title\" content=\"El detectar la epilepsia a tiempo es vital para evitar un da\u00f1o mayor\" \/>\n<meta property=\"og:description\" content=\"La detecci\u00f3n de cualquier enfermedad a tiempo, puede ser la clave para que se cure o se controle. As\u00ed pasa con la epilepsia, descubrirla y tener un...\" \/>\n<meta property=\"og:url\" content=\"https:\/\/accesolatino.org\/en\/el-detectar-la-epilepsia-a-tiempo-es-vital-para-evitar-un-dano-mayor\/noticias\/\" \/>\n<meta property=\"og:site_name\" content=\"Acceso Latino\" \/>\n<meta property=\"article:publisher\" content=\"https:\/\/www.facebook.com\/AccesoLatinoOrg\" \/>\n<meta property=\"article:published_time\" content=\"2019-11-14T14:42:44+00:00\" \/>\n<meta property=\"article:modified_time\" content=\"2025-10-27T04:37:52+00:00\" \/>\n<meta property=\"og:image\" content=\"https:\/\/accesolatino.org\/wp-content\/uploads\/2019\/11\/El-detectar-la-epilepsia-a-tiempo-es-vital-para-evitar-un-mayor-da\u00f1o.jpg\" \/>\n\t<meta property=\"og:image:width\" content=\"600\" \/>\n\t<meta property=\"og:image:height\" content=\"338\" \/>\n\t<meta property=\"og:image:type\" content=\"image\/jpeg\" \/>\n<meta name=\"author\" content=\"admin\" \/>\n<meta name=\"twitter:card\" content=\"summary_large_image\" \/>\n<meta name=\"twitter:creator\" content=\"@FAccLatino\" \/>\n<meta name=\"twitter:site\" content=\"@FAccLatino\" \/>\n<meta name=\"twitter:label1\" content=\"Written by\" \/>\n\t<meta name=\"twitter:data1\" content=\"admin\" \/>\n\t<meta name=\"twitter:label2\" content=\"Est. reading time\" \/>\n\t<meta name=\"twitter:data2\" content=\"2 minutes\" \/>\n<script type=\"application\/ld+json\" class=\"yoast-schema-graph\">{\"@context\":\"https:\\\/\\\/schema.org\",\"@graph\":[{\"@type\":\"Article\",\"@id\":\"https:\\\/\\\/accesolatino.org\\\/el-detectar-la-epilepsia-a-tiempo-es-vital-para-evitar-un-dano-mayor\\\/noticias\\\/#article\",\"isPartOf\":{\"@id\":\"https:\\\/\\\/accesolatino.org\\\/el-detectar-la-epilepsia-a-tiempo-es-vital-para-evitar-un-dano-mayor\\\/noticias\\\/\"},\"author\":{\"name\":\"admin\",\"@id\":\"https:\\\/\\\/accesolatino.org\\\/#\\\/schema\\\/person\\\/75127291c010a94e5a588c481204c991\"},\"headline\":\"El detectar la epilepsia a tiempo es vital para evitar un da\u00f1o mayor\",\"datePublished\":\"2019-11-14T14:42:44+00:00\",\"dateModified\":\"2025-10-27T04:37:52+00:00\",\"mainEntityOfPage\":{\"@id\":\"https:\\\/\\\/accesolatino.org\\\/el-detectar-la-epilepsia-a-tiempo-es-vital-para-evitar-un-dano-mayor\\\/noticias\\\/\"},\"wordCount\":271,\"commentCount\":0,\"publisher\":{\"@id\":\"https:\\\/\\\/accesolatino.org\\\/#organization\"},\"image\":{\"@id\":\"https:\\\/\\\/accesolatino.org\\\/el-detectar-la-epilepsia-a-tiempo-es-vital-para-evitar-un-dano-mayor\\\/noticias\\\/#primaryimage\"},\"thumbnailUrl\":\"https:\\\/\\\/accesolatino.org\\\/wp-content\\\/uploads\\\/2019\\\/11\\\/El-detectar-la-epilepsia-a-tiempo-es-vital-para-evitar-un-mayor-da\u00f1o.jpg\",\"articleSection\":[\"Noticias\",\"Temas de inter\u00e9s\"],\"inLanguage\":\"en-US\",\"potentialAction\":[{\"@type\":\"CommentAction\",\"name\":\"Comment\",\"target\":[\"https:\\\/\\\/accesolatino.org\\\/el-detectar-la-epilepsia-a-tiempo-es-vital-para-evitar-un-dano-mayor\\\/noticias\\\/#respond\"]}]},{\"@type\":\"WebPage\",\"@id\":\"https:\\\/\\\/accesolatino.org\\\/el-detectar-la-epilepsia-a-tiempo-es-vital-para-evitar-un-dano-mayor\\\/noticias\\\/\",\"url\":\"https:\\\/\\\/accesolatino.org\\\/el-detectar-la-epilepsia-a-tiempo-es-vital-para-evitar-un-dano-mayor\\\/noticias\\\/\",\"name\":\"El detectar la epilepsia a tiempo es vital para evitar un da\u00f1o mayor\",\"isPartOf\":{\"@id\":\"https:\\\/\\\/accesolatino.org\\\/#website\"},\"primaryImageOfPage\":{\"@id\":\"https:\\\/\\\/accesolatino.org\\\/el-detectar-la-epilepsia-a-tiempo-es-vital-para-evitar-un-dano-mayor\\\/noticias\\\/#primaryimage\"},\"image\":{\"@id\":\"https:\\\/\\\/accesolatino.org\\\/el-detectar-la-epilepsia-a-tiempo-es-vital-para-evitar-un-dano-mayor\\\/noticias\\\/#primaryimage\"},\"thumbnailUrl\":\"https:\\\/\\\/accesolatino.org\\\/wp-content\\\/uploads\\\/2019\\\/11\\\/El-detectar-la-epilepsia-a-tiempo-es-vital-para-evitar-un-mayor-da\u00f1o.jpg\",\"datePublished\":\"2019-11-14T14:42:44+00:00\",\"dateModified\":\"2025-10-27T04:37:52+00:00\",\"description\":\"La detecci\u00f3n de cualquier enfermedad a tiempo, puede ser la clave para que se cure o se controle. As\u00ed pasa con la epilepsia, descubrirla y tener un...\",\"breadcrumb\":{\"@id\":\"https:\\\/\\\/accesolatino.org\\\/el-detectar-la-epilepsia-a-tiempo-es-vital-para-evitar-un-dano-mayor\\\/noticias\\\/#breadcrumb\"},\"inLanguage\":\"en-US\",\"potentialAction\":[{\"@type\":\"ReadAction\",\"target\":[\"https:\\\/\\\/accesolatino.org\\\/el-detectar-la-epilepsia-a-tiempo-es-vital-para-evitar-un-dano-mayor\\\/noticias\\\/\"]}]},{\"@type\":\"ImageObject\",\"inLanguage\":\"en-US\",\"@id\":\"https:\\\/\\\/accesolatino.org\\\/el-detectar-la-epilepsia-a-tiempo-es-vital-para-evitar-un-dano-mayor\\\/noticias\\\/#primaryimage\",\"url\":\"https:\\\/\\\/accesolatino.org\\\/wp-content\\\/uploads\\\/2019\\\/11\\\/El-detectar-la-epilepsia-a-tiempo-es-vital-para-evitar-un-mayor-da\u00f1o.jpg\",\"contentUrl\":\"https:\\\/\\\/accesolatino.org\\\/wp-content\\\/uploads\\\/2019\\\/11\\\/El-detectar-la-epilepsia-a-tiempo-es-vital-para-evitar-un-mayor-da\u00f1o.jpg\",\"width\":600,\"height\":338,\"caption\":\"El detectar la epilepsia a tiempo es vital para evitar un da\u00f1o mayor\"},{\"@type\":\"BreadcrumbList\",\"@id\":\"https:\\\/\\\/accesolatino.org\\\/el-detectar-la-epilepsia-a-tiempo-es-vital-para-evitar-un-dano-mayor\\\/noticias\\\/#breadcrumb\",\"itemListElement\":[{\"@type\":\"ListItem\",\"position\":1,\"name\":\"Portada\",\"item\":\"https:\\\/\\\/accesolatino.org\\\/\"},{\"@type\":\"ListItem\",\"position\":2,\"name\":\"Noticias\",\"item\":\"https:\\\/\\\/accesolatino.org\\\/category\\\/noticias\\\/\"},{\"@type\":\"ListItem\",\"position\":3,\"name\":\"El detectar la epilepsia a tiempo es vital para evitar un da\u00f1o mayor\"}]},{\"@type\":\"WebSite\",\"@id\":\"https:\\\/\\\/accesolatino.org\\\/#website\",\"url\":\"https:\\\/\\\/accesolatino.org\\\/\",\"name\":\"Acceso Latino | Fundaci\u00f3n Carlos Slim\",\"description\":\"Fundaci\u00f3n Carlos Slim\",\"publisher\":{\"@id\":\"https:\\\/\\\/accesolatino.org\\\/#organization\"},\"potentialAction\":[{\"@type\":\"SearchAction\",\"target\":{\"@type\":\"EntryPoint\",\"urlTemplate\":\"https:\\\/\\\/accesolatino.org\\\/?s={search_term_string}\"},\"query-input\":{\"@type\":\"PropertyValueSpecification\",\"valueRequired\":true,\"valueName\":\"search_term_string\"}}],\"inLanguage\":\"en-US\"},{\"@type\":\"Organization\",\"@id\":\"https:\\\/\\\/accesolatino.org\\\/#organization\",\"name\":\"Acceso Latino | Fundaci\u00f3n Carlos Slim\",\"url\":\"https:\\\/\\\/accesolatino.org\\\/\",\"logo\":{\"@type\":\"ImageObject\",\"inLanguage\":\"en-US\",\"@id\":\"https:\\\/\\\/accesolatino.org\\\/#\\\/schema\\\/logo\\\/image\\\/\",\"url\":\"https:\\\/\\\/accesolatino.org\\\/wp-content\\\/uploads\\\/2021\\\/02\\\/logo-footer-acceso-latino.png\",\"contentUrl\":\"https:\\\/\\\/accesolatino.org\\\/wp-content\\\/uploads\\\/2021\\\/02\\\/logo-footer-acceso-latino.png\",\"width\":240,\"height\":40,\"caption\":\"Acceso Latino | Fundaci\u00f3n Carlos Slim\"},\"image\":{\"@id\":\"https:\\\/\\\/accesolatino.org\\\/#\\\/schema\\\/logo\\\/image\\\/\"},\"sameAs\":[\"https:\\\/\\\/www.facebook.com\\\/AccesoLatinoOrg\",\"https:\\\/\\\/x.com\\\/FAccLatino\"]},{\"@type\":\"Person\",\"@id\":\"https:\\\/\\\/accesolatino.org\\\/#\\\/schema\\\/person\\\/75127291c010a94e5a588c481204c991\",\"name\":\"admin\"}]}<\/script>\n<!-- \/ Yoast SEO plugin. -->","yoast_head_json":{"title":"El detectar la epilepsia a tiempo es vital para evitar un da\u00f1o mayor","description":"La detecci\u00f3n de cualquier enfermedad a tiempo, puede ser la clave para que se cure o se controle. As\u00ed pasa con la epilepsia, descubrirla y tener un...","robots":{"index":"index","follow":"follow","max-snippet":"max-snippet:-1","max-image-preview":"max-image-preview:large","max-video-preview":"max-video-preview:-1"},"canonical":"https:\/\/accesolatino.org\/en\/el-detectar-la-epilepsia-a-tiempo-es-vital-para-evitar-un-dano-mayor\/noticias\/","og_locale":"en_US","og_type":"article","og_title":"El detectar la epilepsia a tiempo es vital para evitar un da\u00f1o mayor","og_description":"La detecci\u00f3n de cualquier enfermedad a tiempo, puede ser la clave para que se cure o se controle. As\u00ed pasa con la epilepsia, descubrirla y tener un...","og_url":"https:\/\/accesolatino.org\/en\/el-detectar-la-epilepsia-a-tiempo-es-vital-para-evitar-un-dano-mayor\/noticias\/","og_site_name":"Acceso Latino","article_publisher":"https:\/\/www.facebook.com\/AccesoLatinoOrg","article_published_time":"2019-11-14T14:42:44+00:00","article_modified_time":"2025-10-27T04:37:52+00:00","og_image":[{"width":600,"height":338,"url":"https:\/\/accesolatino.org\/wp-content\/uploads\/2019\/11\/El-detectar-la-epilepsia-a-tiempo-es-vital-para-evitar-un-mayor-da\u00f1o.jpg","type":"image\/jpeg"}],"author":"admin","twitter_card":"summary_large_image","twitter_creator":"@FAccLatino","twitter_site":"@FAccLatino","twitter_misc":{"Written by":"admin","Est. reading time":"2 minutes"},"schema":{"@context":"https:\/\/schema.org","@graph":[{"@type":"Article","@id":"https:\/\/accesolatino.org\/el-detectar-la-epilepsia-a-tiempo-es-vital-para-evitar-un-dano-mayor\/noticias\/#article","isPartOf":{"@id":"https:\/\/accesolatino.org\/el-detectar-la-epilepsia-a-tiempo-es-vital-para-evitar-un-dano-mayor\/noticias\/"},"author":{"name":"admin","@id":"https:\/\/accesolatino.org\/#\/schema\/person\/75127291c010a94e5a588c481204c991"},"headline":"El detectar la epilepsia a tiempo es vital para evitar un da\u00f1o mayor","datePublished":"2019-11-14T14:42:44+00:00","dateModified":"2025-10-27T04:37:52+00:00","mainEntityOfPage":{"@id":"https:\/\/accesolatino.org\/el-detectar-la-epilepsia-a-tiempo-es-vital-para-evitar-un-dano-mayor\/noticias\/"},"wordCount":271,"commentCount":0,"publisher":{"@id":"https:\/\/accesolatino.org\/#organization"},"image":{"@id":"https:\/\/accesolatino.org\/el-detectar-la-epilepsia-a-tiempo-es-vital-para-evitar-un-dano-mayor\/noticias\/#primaryimage"},"thumbnailUrl":"https:\/\/accesolatino.org\/wp-content\/uploads\/2019\/11\/El-detectar-la-epilepsia-a-tiempo-es-vital-para-evitar-un-mayor-da\u00f1o.jpg","articleSection":["Noticias","Temas de inter\u00e9s"],"inLanguage":"en-US","potentialAction":[{"@type":"CommentAction","name":"Comment","target":["https:\/\/accesolatino.org\/el-detectar-la-epilepsia-a-tiempo-es-vital-para-evitar-un-dano-mayor\/noticias\/#respond"]}]},{"@type":"WebPage","@id":"https:\/\/accesolatino.org\/el-detectar-la-epilepsia-a-tiempo-es-vital-para-evitar-un-dano-mayor\/noticias\/","url":"https:\/\/accesolatino.org\/el-detectar-la-epilepsia-a-tiempo-es-vital-para-evitar-un-dano-mayor\/noticias\/","name":"El detectar la epilepsia a tiempo es vital para evitar un da\u00f1o mayor","isPartOf":{"@id":"https:\/\/accesolatino.org\/#website"},"primaryImageOfPage":{"@id":"https:\/\/accesolatino.org\/el-detectar-la-epilepsia-a-tiempo-es-vital-para-evitar-un-dano-mayor\/noticias\/#primaryimage"},"image":{"@id":"https:\/\/accesolatino.org\/el-detectar-la-epilepsia-a-tiempo-es-vital-para-evitar-un-dano-mayor\/noticias\/#primaryimage"},"thumbnailUrl":"https:\/\/accesolatino.org\/wp-content\/uploads\/2019\/11\/El-detectar-la-epilepsia-a-tiempo-es-vital-para-evitar-un-mayor-da\u00f1o.jpg","datePublished":"2019-11-14T14:42:44+00:00","dateModified":"2025-10-27T04:37:52+00:00","description":"La detecci\u00f3n de cualquier enfermedad a tiempo, puede ser la clave para que se cure o se controle. As\u00ed pasa con la epilepsia, descubrirla y tener un...","breadcrumb":{"@id":"https:\/\/accesolatino.org\/el-detectar-la-epilepsia-a-tiempo-es-vital-para-evitar-un-dano-mayor\/noticias\/#breadcrumb"},"inLanguage":"en-US","potentialAction":[{"@type":"ReadAction","target":["https:\/\/accesolatino.org\/el-detectar-la-epilepsia-a-tiempo-es-vital-para-evitar-un-dano-mayor\/noticias\/"]}]},{"@type":"ImageObject","inLanguage":"en-US","@id":"https:\/\/accesolatino.org\/el-detectar-la-epilepsia-a-tiempo-es-vital-para-evitar-un-dano-mayor\/noticias\/#primaryimage","url":"https:\/\/accesolatino.org\/wp-content\/uploads\/2019\/11\/El-detectar-la-epilepsia-a-tiempo-es-vital-para-evitar-un-mayor-da\u00f1o.jpg","contentUrl":"https:\/\/accesolatino.org\/wp-content\/uploads\/2019\/11\/El-detectar-la-epilepsia-a-tiempo-es-vital-para-evitar-un-mayor-da\u00f1o.jpg","width":600,"height":338,"caption":"El detectar la epilepsia a tiempo es vital para evitar un da\u00f1o mayor"},{"@type":"BreadcrumbList","@id":"https:\/\/accesolatino.org\/el-detectar-la-epilepsia-a-tiempo-es-vital-para-evitar-un-dano-mayor\/noticias\/#breadcrumb","itemListElement":[{"@type":"ListItem","position":1,"name":"Portada","item":"https:\/\/accesolatino.org\/"},{"@type":"ListItem","position":2,"name":"Noticias","item":"https:\/\/accesolatino.org\/category\/noticias\/"},{"@type":"ListItem","position":3,"name":"El detectar la epilepsia a tiempo es vital para evitar un da\u00f1o mayor"}]},{"@type":"WebSite","@id":"https:\/\/accesolatino.org\/#website","url":"https:\/\/accesolatino.org\/","name":"Acceso Latino | Fundaci\u00f3n Carlos Slim","description":"Fundaci\u00f3n Carlos Slim","publisher":{"@id":"https:\/\/accesolatino.org\/#organization"},"potentialAction":[{"@type":"SearchAction","target":{"@type":"EntryPoint","urlTemplate":"https:\/\/accesolatino.org\/?s={search_term_string}"},"query-input":{"@type":"PropertyValueSpecification","valueRequired":true,"valueName":"search_term_string"}}],"inLanguage":"en-US"},{"@type":"Organization","@id":"https:\/\/accesolatino.org\/#organization","name":"Acceso Latino | Fundaci\u00f3n Carlos Slim","url":"https:\/\/accesolatino.org\/","logo":{"@type":"ImageObject","inLanguage":"en-US","@id":"https:\/\/accesolatino.org\/#\/schema\/logo\/image\/","url":"https:\/\/accesolatino.org\/wp-content\/uploads\/2021\/02\/logo-footer-acceso-latino.png","contentUrl":"https:\/\/accesolatino.org\/wp-content\/uploads\/2021\/02\/logo-footer-acceso-latino.png","width":240,"height":40,"caption":"Acceso Latino | Fundaci\u00f3n Carlos Slim"},"image":{"@id":"https:\/\/accesolatino.org\/#\/schema\/logo\/image\/"},"sameAs":["https:\/\/www.facebook.com\/AccesoLatinoOrg","https:\/\/x.com\/FAccLatino"]},{"@type":"Person","@id":"https:\/\/accesolatino.org\/#\/schema\/person\/75127291c010a94e5a588c481204c991","name":"admin"}]}},"_links":{"self":[{"href":"https:\/\/accesolatino.org\/en\/wp-json\/wp\/v2\/posts\/19103","targetHints":{"allow":["GET"]}}],"collection":[{"href":"https:\/\/accesolatino.org\/en\/wp-json\/wp\/v2\/posts"}],"about":[{"href":"https:\/\/accesolatino.org\/en\/wp-json\/wp\/v2\/types\/post"}],"author":[{"embeddable":true,"href":"https:\/\/accesolatino.org\/en\/wp-json\/wp\/v2\/users\/1"}],"replies":[{"embeddable":true,"href":"https:\/\/accesolatino.org\/en\/wp-json\/wp\/v2\/comments?post=19103"}],"version-history":[{"count":1,"href":"https:\/\/accesolatino.org\/en\/wp-json\/wp\/v2\/posts\/19103\/revisions"}],"predecessor-version":[{"id":66109,"href":"https:\/\/accesolatino.org\/en\/wp-json\/wp\/v2\/posts\/19103\/revisions\/66109"}],"wp:featuredmedia":[{"embeddable":true,"href":"https:\/\/accesolatino.org\/en\/wp-json\/wp\/v2\/media\/19105"}],"wp:attachment":[{"href":"https:\/\/accesolatino.org\/en\/wp-json\/wp\/v2\/media?parent=19103"}],"wp:term":[{"taxonomy":"category","embeddable":true,"href":"https:\/\/accesolatino.org\/en\/wp-json\/wp\/v2\/categories?post=19103"},{"taxonomy":"post_tag","embeddable":true,"href":"https:\/\/accesolatino.org\/en\/wp-json\/wp\/v2\/tags?post=19103"}],"curies":[{"name":"wp","href":"https:\/\/api.w.org\/{rel}","templated":true}]}}