{"id":19102,"date":"2019-11-14T08:38:24","date_gmt":"2019-11-14T14:38:24","guid":{"rendered":"https:\/\/accesolatino.org\/?p=19102"},"modified":"2025-10-26T22:37:58","modified_gmt":"2025-10-27T04:37:58","slug":"mexicano-inmigrante-es-el-nuevo-presidente-del-obispado-de-usa","status":"publish","type":"post","link":"https:\/\/accesolatino.org\/en\/mexicano-inmigrante-es-el-nuevo-presidente-del-obispado-de-usa\/noticias\/","title":{"rendered":"Mexicano inmigrante es el nuevo presidente del Obispado de USA"},"content":{"rendered":"<div data-elementor-type=\"wp-post\" data-elementor-id=\"19102\" class=\"elementor elementor-19102\">\n\t\t\t\t\t\t<section class=\"elementor-section elementor-top-section elementor-element elementor-element-2ae491ef elementor-section-boxed elementor-section-height-default elementor-section-height-default wpr-particle-no wpr-jarallax-no wpr-parallax-no wpr-sticky-section-no wpr-equal-height-no\" data-id=\"2ae491ef\" data-element_type=\"section\" data-e-type=\"section\">\n\t\t\t\t\t\t<div class=\"elementor-container elementor-column-gap-default\">\n\t\t\t\t\t<div class=\"elementor-column elementor-col-100 elementor-top-column elementor-element elementor-element-29caa9c0\" data-id=\"29caa9c0\" data-element_type=\"column\" data-e-type=\"column\">\n\t\t\t<div class=\"elementor-widget-wrap elementor-element-populated\">\n\t\t\t\t\t\t<div class=\"elementor-element elementor-element-2572709e elementor-widget elementor-widget-text-editor\" data-id=\"2572709e\" data-element_type=\"widget\" data-e-type=\"widget\" data-widget_type=\"text-editor.default\">\n\t\t\t\t<div class=\"elementor-widget-container\">\n\t\t\t\t\t\t\t\t\t<p>Por primera vez en la historia, un latino es el presidente de la Iglesia Cat\u00f3lica en la Uni\u00f3n Americana, el Arzobispo de Los \u00c1ngeles e inmigrante mexicano Jos\u00e9 G\u00f3mez, gan\u00f3 las elecciones el pasado martes 11 de noviembre de 2019.<\/p><p>El Arzobispo es un activista pro inmigrante, result\u00f3 ganador en la elecci\u00f3n de la Conferencia Episcopal de Estados Unidos con 176 votos a favor y 18 en contra, de acuerdo con informaci\u00f3n del <em>New York Times<\/em>, el connacional fue ovacionado despu\u00e9s de su nombramiento.<\/p><p>El diario <em>The Hill<\/em>, dijo que el ascenso Jos\u00e9 G\u00f3mez, fue en parte gracias a servir de buena forma como vicepresidente de la conferencia, pero algunos aseguran que su designaci\u00f3n es una declaraci\u00f3n en contra de las pol\u00edticas migratorias del actual presidente estadounidense.<\/p><p>El que fuera elegido presidente de la Iglesia Cat\u00f3lica, se dio cuando la actual administraci\u00f3n de la Casa Blanca reforz\u00f3 su plan de finalizar el programa de Acci\u00f3n Diferida para los Llegados en la Infancia (DACA, por sus siglas en ingl\u00e9s) en la Corte Suprema. Esta organizaci\u00f3n ha impedido que m\u00e1s 700 mil j\u00f3venes inmigrantes sean deportados.<\/p><p>El d\u00eda de ayer, el presidente de la m\u00e1xima instituci\u00f3n cat\u00f3lica de la Uni\u00f3n Americana realiz\u00f3 oraci\u00f3n para los protegidos por DACA. El arzobispo dijo que \u201cla vida de los j\u00f3venes no deber\u00eda depender de un caso judicial\u201d.<\/p><p>En su rezo tambi\u00e9n expres\u00f3 \u201centonces, recemos esta noche para que nuestro presidente y el Congreso se junten, dejen de lado sus diferencias y brinden a nuestros j\u00f3venes hermanos y hermanas a un camino hacia la legitimaci\u00f3n y la ciudadan\u00eda\u201d, as\u00ed lo inform\u00f3 el <em>New York Times.<\/em><\/p><p>Fuente: <em>La Raz\u00f3n<\/em><\/p>\t\t\t\t\t\t\t\t<\/div>\n\t\t\t\t<\/div>\n\t\t\t\t\t<\/div>\n\t\t<\/div>\n\t\t\t\t\t<\/div>\n\t\t<\/section>\n\t\t\t\t<\/div>","protected":false},"excerpt":{"rendered":"<p>Por primera vez en la historia, un latino es el presidente de la Iglesia Cat\u00f3lica en la Uni\u00f3n Americana, el Arzobispo de Los \u00c1ngeles e inmigrante mexicano Jos\u00e9 G\u00f3mez, gan\u00f3 las elecciones el pasado martes 11 de noviembre de 2019. El Arzobispo es un activista pro inmigrante, result\u00f3 ganador en la elecci\u00f3n de la Conferencia Episcopal de Estados Unidos con 176 votos a favor y 18 en contra, de acuerdo con informaci\u00f3n del New York Times, el connacional fue ovacionado despu\u00e9s de su nombramiento. El diario The Hill, dijo que el ascenso Jos\u00e9 G\u00f3mez, fue en parte gracias a servir de buena forma como vicepresidente de la conferencia, pero algunos aseguran que su designaci\u00f3n es una declaraci\u00f3n en contra de las pol\u00edticas migratorias del actual presidente estadounidense. El que fuera elegido presidente de la Iglesia Cat\u00f3lica, se dio cuando la actual administraci\u00f3n de la Casa Blanca reforz\u00f3 su plan de finalizar el programa de Acci\u00f3n Diferida para los Llegados en la Infancia (DACA, por sus siglas en ingl\u00e9s) en la Corte Suprema. Esta organizaci\u00f3n ha impedido que m\u00e1s 700 mil j\u00f3venes inmigrantes sean deportados. El d\u00eda de ayer, el presidente de la m\u00e1xima instituci\u00f3n cat\u00f3lica de la Uni\u00f3n Americana realiz\u00f3 oraci\u00f3n para los protegidos por DACA. El arzobispo dijo que \u201cla vida de los j\u00f3venes no deber\u00eda depender de un caso judicial\u201d. En su rezo tambi\u00e9n expres\u00f3 \u201centonces, recemos esta noche para que nuestro presidente y el Congreso se junten, dejen de lado sus diferencias y brinden a nuestros j\u00f3venes hermanos y hermanas a un camino hacia la legitimaci\u00f3n y la ciudadan\u00eda\u201d, as\u00ed lo inform\u00f3 el New York Times. Fuente: La Raz\u00f3n<\/p>","protected":false},"author":1,"featured_media":19106,"comment_status":"open","ping_status":"open","sticky":false,"template":"elementor_header_footer","format":"standard","meta":{"_uf_show_specific_survey":0,"_uf_disable_surveys":false,"footnotes":""},"categories":[10,1],"tags":[],"class_list":["post-19102","post","type-post","status-publish","format-standard","has-post-thumbnail","hentry","category-noticias","category-temas-de-interes"],"aioseo_notices":[],"yoast_head":"<!-- This site is optimized with the Yoast SEO plugin v27.4 - https:\/\/yoast.com\/product\/yoast-seo-wordpress\/ -->\n<title>Mexicano inmigrante es el nuevo presidente del Obispado de USA<\/title>\n<meta name=\"description\" content=\"Un latino es el presidente de la Iglesia Cat\u00f3lica en la Uni\u00f3n Americana, el Arzobispo de Los \u00c1ngeles e inmigrante mexicano Jos\u00e9 G\u00f3mez, gano...\" \/>\n<meta name=\"robots\" content=\"index, follow, max-snippet:-1, max-image-preview:large, max-video-preview:-1\" \/>\n<link rel=\"canonical\" href=\"https:\/\/accesolatino.org\/en\/mexicano-inmigrante-es-el-nuevo-presidente-del-obispado-de-usa\/noticias\/\" \/>\n<meta property=\"og:locale\" content=\"en_US\" \/>\n<meta property=\"og:type\" content=\"article\" \/>\n<meta property=\"og:title\" content=\"Mexicano inmigrante es el nuevo presidente del Obispado de USA\" \/>\n<meta property=\"og:description\" content=\"Un latino es el presidente de la Iglesia Cat\u00f3lica en la Uni\u00f3n Americana, el Arzobispo de Los \u00c1ngeles e inmigrante mexicano Jos\u00e9 G\u00f3mez, gano...\" \/>\n<meta property=\"og:url\" content=\"https:\/\/accesolatino.org\/en\/mexicano-inmigrante-es-el-nuevo-presidente-del-obispado-de-usa\/noticias\/\" \/>\n<meta property=\"og:site_name\" content=\"Acceso Latino\" \/>\n<meta property=\"article:publisher\" content=\"https:\/\/www.facebook.com\/AccesoLatinoOrg\" \/>\n<meta property=\"article:published_time\" content=\"2019-11-14T14:38:24+00:00\" \/>\n<meta property=\"article:modified_time\" content=\"2025-10-27T04:37:58+00:00\" \/>\n<meta property=\"og:image\" content=\"https:\/\/accesolatino.org\/wp-content\/uploads\/2019\/11\/Mexicano-inmigrante-es-el-nuevo-presidente-del-Obispado-de-USA.jpg\" \/>\n\t<meta property=\"og:image:width\" content=\"600\" \/>\n\t<meta property=\"og:image:height\" content=\"338\" \/>\n\t<meta property=\"og:image:type\" content=\"image\/jpeg\" \/>\n<meta name=\"author\" content=\"admin\" \/>\n<meta name=\"twitter:card\" content=\"summary_large_image\" \/>\n<meta name=\"twitter:creator\" content=\"@FAccLatino\" \/>\n<meta name=\"twitter:site\" content=\"@FAccLatino\" \/>\n<meta name=\"twitter:label1\" content=\"Written by\" \/>\n\t<meta name=\"twitter:data1\" content=\"admin\" \/>\n\t<meta name=\"twitter:label2\" content=\"Est. reading time\" \/>\n\t<meta name=\"twitter:data2\" content=\"2 minutes\" \/>\n<script type=\"application\/ld+json\" class=\"yoast-schema-graph\">{\"@context\":\"https:\\\/\\\/schema.org\",\"@graph\":[{\"@type\":\"Article\",\"@id\":\"https:\\\/\\\/accesolatino.org\\\/mexicano-inmigrante-es-el-nuevo-presidente-del-obispado-de-usa\\\/noticias\\\/#article\",\"isPartOf\":{\"@id\":\"https:\\\/\\\/accesolatino.org\\\/mexicano-inmigrante-es-el-nuevo-presidente-del-obispado-de-usa\\\/noticias\\\/\"},\"author\":{\"name\":\"admin\",\"@id\":\"https:\\\/\\\/accesolatino.org\\\/#\\\/schema\\\/person\\\/75127291c010a94e5a588c481204c991\"},\"headline\":\"Mexicano inmigrante es el nuevo presidente del Obispado de USA\",\"datePublished\":\"2019-11-14T14:38:24+00:00\",\"dateModified\":\"2025-10-27T04:37:58+00:00\",\"mainEntityOfPage\":{\"@id\":\"https:\\\/\\\/accesolatino.org\\\/mexicano-inmigrante-es-el-nuevo-presidente-del-obispado-de-usa\\\/noticias\\\/\"},\"wordCount\":307,\"commentCount\":0,\"publisher\":{\"@id\":\"https:\\\/\\\/accesolatino.org\\\/#organization\"},\"image\":{\"@id\":\"https:\\\/\\\/accesolatino.org\\\/mexicano-inmigrante-es-el-nuevo-presidente-del-obispado-de-usa\\\/noticias\\\/#primaryimage\"},\"thumbnailUrl\":\"https:\\\/\\\/accesolatino.org\\\/wp-content\\\/uploads\\\/2019\\\/11\\\/Mexicano-inmigrante-es-el-nuevo-presidente-del-Obispado-de-USA.jpg\",\"articleSection\":[\"Noticias\",\"Temas de inter\u00e9s\"],\"inLanguage\":\"en-US\",\"potentialAction\":[{\"@type\":\"CommentAction\",\"name\":\"Comment\",\"target\":[\"https:\\\/\\\/accesolatino.org\\\/mexicano-inmigrante-es-el-nuevo-presidente-del-obispado-de-usa\\\/noticias\\\/#respond\"]}]},{\"@type\":\"WebPage\",\"@id\":\"https:\\\/\\\/accesolatino.org\\\/mexicano-inmigrante-es-el-nuevo-presidente-del-obispado-de-usa\\\/noticias\\\/\",\"url\":\"https:\\\/\\\/accesolatino.org\\\/mexicano-inmigrante-es-el-nuevo-presidente-del-obispado-de-usa\\\/noticias\\\/\",\"name\":\"Mexicano inmigrante es el nuevo presidente del Obispado de USA\",\"isPartOf\":{\"@id\":\"https:\\\/\\\/accesolatino.org\\\/#website\"},\"primaryImageOfPage\":{\"@id\":\"https:\\\/\\\/accesolatino.org\\\/mexicano-inmigrante-es-el-nuevo-presidente-del-obispado-de-usa\\\/noticias\\\/#primaryimage\"},\"image\":{\"@id\":\"https:\\\/\\\/accesolatino.org\\\/mexicano-inmigrante-es-el-nuevo-presidente-del-obispado-de-usa\\\/noticias\\\/#primaryimage\"},\"thumbnailUrl\":\"https:\\\/\\\/accesolatino.org\\\/wp-content\\\/uploads\\\/2019\\\/11\\\/Mexicano-inmigrante-es-el-nuevo-presidente-del-Obispado-de-USA.jpg\",\"datePublished\":\"2019-11-14T14:38:24+00:00\",\"dateModified\":\"2025-10-27T04:37:58+00:00\",\"description\":\"Un latino es el presidente de la Iglesia Cat\u00f3lica en la Uni\u00f3n Americana, el Arzobispo de Los \u00c1ngeles e inmigrante mexicano Jos\u00e9 G\u00f3mez, gano...\",\"breadcrumb\":{\"@id\":\"https:\\\/\\\/accesolatino.org\\\/mexicano-inmigrante-es-el-nuevo-presidente-del-obispado-de-usa\\\/noticias\\\/#breadcrumb\"},\"inLanguage\":\"en-US\",\"potentialAction\":[{\"@type\":\"ReadAction\",\"target\":[\"https:\\\/\\\/accesolatino.org\\\/mexicano-inmigrante-es-el-nuevo-presidente-del-obispado-de-usa\\\/noticias\\\/\"]}]},{\"@type\":\"ImageObject\",\"inLanguage\":\"en-US\",\"@id\":\"https:\\\/\\\/accesolatino.org\\\/mexicano-inmigrante-es-el-nuevo-presidente-del-obispado-de-usa\\\/noticias\\\/#primaryimage\",\"url\":\"https:\\\/\\\/accesolatino.org\\\/wp-content\\\/uploads\\\/2019\\\/11\\\/Mexicano-inmigrante-es-el-nuevo-presidente-del-Obispado-de-USA.jpg\",\"contentUrl\":\"https:\\\/\\\/accesolatino.org\\\/wp-content\\\/uploads\\\/2019\\\/11\\\/Mexicano-inmigrante-es-el-nuevo-presidente-del-Obispado-de-USA.jpg\",\"width\":600,\"height\":338,\"caption\":\"Mexicano inmigrante es el nuevo presidente del Obispado de USA\"},{\"@type\":\"BreadcrumbList\",\"@id\":\"https:\\\/\\\/accesolatino.org\\\/mexicano-inmigrante-es-el-nuevo-presidente-del-obispado-de-usa\\\/noticias\\\/#breadcrumb\",\"itemListElement\":[{\"@type\":\"ListItem\",\"position\":1,\"name\":\"Portada\",\"item\":\"https:\\\/\\\/accesolatino.org\\\/\"},{\"@type\":\"ListItem\",\"position\":2,\"name\":\"Noticias\",\"item\":\"https:\\\/\\\/accesolatino.org\\\/category\\\/noticias\\\/\"},{\"@type\":\"ListItem\",\"position\":3,\"name\":\"Mexicano inmigrante es el nuevo presidente del Obispado de USA\"}]},{\"@type\":\"WebSite\",\"@id\":\"https:\\\/\\\/accesolatino.org\\\/#website\",\"url\":\"https:\\\/\\\/accesolatino.org\\\/\",\"name\":\"Acceso Latino | Fundaci\u00f3n Carlos Slim\",\"description\":\"Fundaci\u00f3n Carlos Slim\",\"publisher\":{\"@id\":\"https:\\\/\\\/accesolatino.org\\\/#organization\"},\"potentialAction\":[{\"@type\":\"SearchAction\",\"target\":{\"@type\":\"EntryPoint\",\"urlTemplate\":\"https:\\\/\\\/accesolatino.org\\\/?s={search_term_string}\"},\"query-input\":{\"@type\":\"PropertyValueSpecification\",\"valueRequired\":true,\"valueName\":\"search_term_string\"}}],\"inLanguage\":\"en-US\"},{\"@type\":\"Organization\",\"@id\":\"https:\\\/\\\/accesolatino.org\\\/#organization\",\"name\":\"Acceso Latino | Fundaci\u00f3n Carlos Slim\",\"url\":\"https:\\\/\\\/accesolatino.org\\\/\",\"logo\":{\"@type\":\"ImageObject\",\"inLanguage\":\"en-US\",\"@id\":\"https:\\\/\\\/accesolatino.org\\\/#\\\/schema\\\/logo\\\/image\\\/\",\"url\":\"https:\\\/\\\/accesolatino.org\\\/wp-content\\\/uploads\\\/2021\\\/02\\\/logo-footer-acceso-latino.png\",\"contentUrl\":\"https:\\\/\\\/accesolatino.org\\\/wp-content\\\/uploads\\\/2021\\\/02\\\/logo-footer-acceso-latino.png\",\"width\":240,\"height\":40,\"caption\":\"Acceso Latino | Fundaci\u00f3n Carlos Slim\"},\"image\":{\"@id\":\"https:\\\/\\\/accesolatino.org\\\/#\\\/schema\\\/logo\\\/image\\\/\"},\"sameAs\":[\"https:\\\/\\\/www.facebook.com\\\/AccesoLatinoOrg\",\"https:\\\/\\\/x.com\\\/FAccLatino\"]},{\"@type\":\"Person\",\"@id\":\"https:\\\/\\\/accesolatino.org\\\/#\\\/schema\\\/person\\\/75127291c010a94e5a588c481204c991\",\"name\":\"admin\"}]}<\/script>\n<!-- \/ Yoast SEO plugin. -->","yoast_head_json":{"title":"Mexicano inmigrante es el nuevo presidente del Obispado de USA","description":"Un latino es el presidente de la Iglesia Cat\u00f3lica en la Uni\u00f3n Americana, el Arzobispo de Los \u00c1ngeles e inmigrante mexicano Jos\u00e9 G\u00f3mez, gano...","robots":{"index":"index","follow":"follow","max-snippet":"max-snippet:-1","max-image-preview":"max-image-preview:large","max-video-preview":"max-video-preview:-1"},"canonical":"https:\/\/accesolatino.org\/en\/mexicano-inmigrante-es-el-nuevo-presidente-del-obispado-de-usa\/noticias\/","og_locale":"en_US","og_type":"article","og_title":"Mexicano inmigrante es el nuevo presidente del Obispado de USA","og_description":"Un latino es el presidente de la Iglesia Cat\u00f3lica en la Uni\u00f3n Americana, el Arzobispo de Los \u00c1ngeles e inmigrante mexicano Jos\u00e9 G\u00f3mez, gano...","og_url":"https:\/\/accesolatino.org\/en\/mexicano-inmigrante-es-el-nuevo-presidente-del-obispado-de-usa\/noticias\/","og_site_name":"Acceso Latino","article_publisher":"https:\/\/www.facebook.com\/AccesoLatinoOrg","article_published_time":"2019-11-14T14:38:24+00:00","article_modified_time":"2025-10-27T04:37:58+00:00","og_image":[{"width":600,"height":338,"url":"https:\/\/accesolatino.org\/wp-content\/uploads\/2019\/11\/Mexicano-inmigrante-es-el-nuevo-presidente-del-Obispado-de-USA.jpg","type":"image\/jpeg"}],"author":"admin","twitter_card":"summary_large_image","twitter_creator":"@FAccLatino","twitter_site":"@FAccLatino","twitter_misc":{"Written by":"admin","Est. reading time":"2 minutes"},"schema":{"@context":"https:\/\/schema.org","@graph":[{"@type":"Article","@id":"https:\/\/accesolatino.org\/mexicano-inmigrante-es-el-nuevo-presidente-del-obispado-de-usa\/noticias\/#article","isPartOf":{"@id":"https:\/\/accesolatino.org\/mexicano-inmigrante-es-el-nuevo-presidente-del-obispado-de-usa\/noticias\/"},"author":{"name":"admin","@id":"https:\/\/accesolatino.org\/#\/schema\/person\/75127291c010a94e5a588c481204c991"},"headline":"Mexicano inmigrante es el nuevo presidente del Obispado de USA","datePublished":"2019-11-14T14:38:24+00:00","dateModified":"2025-10-27T04:37:58+00:00","mainEntityOfPage":{"@id":"https:\/\/accesolatino.org\/mexicano-inmigrante-es-el-nuevo-presidente-del-obispado-de-usa\/noticias\/"},"wordCount":307,"commentCount":0,"publisher":{"@id":"https:\/\/accesolatino.org\/#organization"},"image":{"@id":"https:\/\/accesolatino.org\/mexicano-inmigrante-es-el-nuevo-presidente-del-obispado-de-usa\/noticias\/#primaryimage"},"thumbnailUrl":"https:\/\/accesolatino.org\/wp-content\/uploads\/2019\/11\/Mexicano-inmigrante-es-el-nuevo-presidente-del-Obispado-de-USA.jpg","articleSection":["Noticias","Temas de inter\u00e9s"],"inLanguage":"en-US","potentialAction":[{"@type":"CommentAction","name":"Comment","target":["https:\/\/accesolatino.org\/mexicano-inmigrante-es-el-nuevo-presidente-del-obispado-de-usa\/noticias\/#respond"]}]},{"@type":"WebPage","@id":"https:\/\/accesolatino.org\/mexicano-inmigrante-es-el-nuevo-presidente-del-obispado-de-usa\/noticias\/","url":"https:\/\/accesolatino.org\/mexicano-inmigrante-es-el-nuevo-presidente-del-obispado-de-usa\/noticias\/","name":"Mexicano inmigrante es el nuevo presidente del Obispado de USA","isPartOf":{"@id":"https:\/\/accesolatino.org\/#website"},"primaryImageOfPage":{"@id":"https:\/\/accesolatino.org\/mexicano-inmigrante-es-el-nuevo-presidente-del-obispado-de-usa\/noticias\/#primaryimage"},"image":{"@id":"https:\/\/accesolatino.org\/mexicano-inmigrante-es-el-nuevo-presidente-del-obispado-de-usa\/noticias\/#primaryimage"},"thumbnailUrl":"https:\/\/accesolatino.org\/wp-content\/uploads\/2019\/11\/Mexicano-inmigrante-es-el-nuevo-presidente-del-Obispado-de-USA.jpg","datePublished":"2019-11-14T14:38:24+00:00","dateModified":"2025-10-27T04:37:58+00:00","description":"Un latino es el presidente de la Iglesia Cat\u00f3lica en la Uni\u00f3n Americana, el Arzobispo de Los \u00c1ngeles e inmigrante mexicano Jos\u00e9 G\u00f3mez, gano...","breadcrumb":{"@id":"https:\/\/accesolatino.org\/mexicano-inmigrante-es-el-nuevo-presidente-del-obispado-de-usa\/noticias\/#breadcrumb"},"inLanguage":"en-US","potentialAction":[{"@type":"ReadAction","target":["https:\/\/accesolatino.org\/mexicano-inmigrante-es-el-nuevo-presidente-del-obispado-de-usa\/noticias\/"]}]},{"@type":"ImageObject","inLanguage":"en-US","@id":"https:\/\/accesolatino.org\/mexicano-inmigrante-es-el-nuevo-presidente-del-obispado-de-usa\/noticias\/#primaryimage","url":"https:\/\/accesolatino.org\/wp-content\/uploads\/2019\/11\/Mexicano-inmigrante-es-el-nuevo-presidente-del-Obispado-de-USA.jpg","contentUrl":"https:\/\/accesolatino.org\/wp-content\/uploads\/2019\/11\/Mexicano-inmigrante-es-el-nuevo-presidente-del-Obispado-de-USA.jpg","width":600,"height":338,"caption":"Mexicano inmigrante es el nuevo presidente del Obispado de USA"},{"@type":"BreadcrumbList","@id":"https:\/\/accesolatino.org\/mexicano-inmigrante-es-el-nuevo-presidente-del-obispado-de-usa\/noticias\/#breadcrumb","itemListElement":[{"@type":"ListItem","position":1,"name":"Portada","item":"https:\/\/accesolatino.org\/"},{"@type":"ListItem","position":2,"name":"Noticias","item":"https:\/\/accesolatino.org\/category\/noticias\/"},{"@type":"ListItem","position":3,"name":"Mexicano inmigrante es el nuevo presidente del Obispado de USA"}]},{"@type":"WebSite","@id":"https:\/\/accesolatino.org\/#website","url":"https:\/\/accesolatino.org\/","name":"Acceso Latino | Fundaci\u00f3n Carlos Slim","description":"Fundaci\u00f3n Carlos Slim","publisher":{"@id":"https:\/\/accesolatino.org\/#organization"},"potentialAction":[{"@type":"SearchAction","target":{"@type":"EntryPoint","urlTemplate":"https:\/\/accesolatino.org\/?s={search_term_string}"},"query-input":{"@type":"PropertyValueSpecification","valueRequired":true,"valueName":"search_term_string"}}],"inLanguage":"en-US"},{"@type":"Organization","@id":"https:\/\/accesolatino.org\/#organization","name":"Acceso Latino | Fundaci\u00f3n Carlos Slim","url":"https:\/\/accesolatino.org\/","logo":{"@type":"ImageObject","inLanguage":"en-US","@id":"https:\/\/accesolatino.org\/#\/schema\/logo\/image\/","url":"https:\/\/accesolatino.org\/wp-content\/uploads\/2021\/02\/logo-footer-acceso-latino.png","contentUrl":"https:\/\/accesolatino.org\/wp-content\/uploads\/2021\/02\/logo-footer-acceso-latino.png","width":240,"height":40,"caption":"Acceso Latino | Fundaci\u00f3n Carlos Slim"},"image":{"@id":"https:\/\/accesolatino.org\/#\/schema\/logo\/image\/"},"sameAs":["https:\/\/www.facebook.com\/AccesoLatinoOrg","https:\/\/x.com\/FAccLatino"]},{"@type":"Person","@id":"https:\/\/accesolatino.org\/#\/schema\/person\/75127291c010a94e5a588c481204c991","name":"admin"}]}},"_links":{"self":[{"href":"https:\/\/accesolatino.org\/en\/wp-json\/wp\/v2\/posts\/19102","targetHints":{"allow":["GET"]}}],"collection":[{"href":"https:\/\/accesolatino.org\/en\/wp-json\/wp\/v2\/posts"}],"about":[{"href":"https:\/\/accesolatino.org\/en\/wp-json\/wp\/v2\/types\/post"}],"author":[{"embeddable":true,"href":"https:\/\/accesolatino.org\/en\/wp-json\/wp\/v2\/users\/1"}],"replies":[{"embeddable":true,"href":"https:\/\/accesolatino.org\/en\/wp-json\/wp\/v2\/comments?post=19102"}],"version-history":[{"count":1,"href":"https:\/\/accesolatino.org\/en\/wp-json\/wp\/v2\/posts\/19102\/revisions"}],"predecessor-version":[{"id":66111,"href":"https:\/\/accesolatino.org\/en\/wp-json\/wp\/v2\/posts\/19102\/revisions\/66111"}],"wp:featuredmedia":[{"embeddable":true,"href":"https:\/\/accesolatino.org\/en\/wp-json\/wp\/v2\/media\/19106"}],"wp:attachment":[{"href":"https:\/\/accesolatino.org\/en\/wp-json\/wp\/v2\/media?parent=19102"}],"wp:term":[{"taxonomy":"category","embeddable":true,"href":"https:\/\/accesolatino.org\/en\/wp-json\/wp\/v2\/categories?post=19102"},{"taxonomy":"post_tag","embeddable":true,"href":"https:\/\/accesolatino.org\/en\/wp-json\/wp\/v2\/tags?post=19102"}],"curies":[{"name":"wp","href":"https:\/\/api.w.org\/{rel}","templated":true}]}}