{"id":19090,"date":"2019-11-13T11:21:12","date_gmt":"2019-11-13T17:21:12","guid":{"rendered":"https:\/\/accesolatino.org\/?p=19090"},"modified":"2025-10-26T22:37:56","modified_gmt":"2025-10-27T04:37:56","slug":"cuida-a-tus-hijos-de-los-peligros-ambientales","status":"publish","type":"post","link":"https:\/\/accesolatino.org\/en\/cuida-a-tus-hijos-de-los-peligros-ambientales\/noticias\/","title":{"rendered":"Cuida a tus hijos de los peligros ambientales"},"content":{"rendered":"<div data-elementor-type=\"wp-post\" data-elementor-id=\"19090\" class=\"elementor elementor-19090\">\n\t\t\t\t\t\t<section class=\"elementor-section elementor-top-section elementor-element elementor-element-2ae491ef elementor-section-boxed elementor-section-height-default elementor-section-height-default wpr-particle-no wpr-jarallax-no wpr-parallax-no wpr-sticky-section-no wpr-equal-height-no\" data-id=\"2ae491ef\" data-element_type=\"section\" data-e-type=\"section\">\n\t\t\t\t\t\t<div class=\"elementor-container elementor-column-gap-default\">\n\t\t\t\t\t<div class=\"elementor-column elementor-col-100 elementor-top-column elementor-element elementor-element-29caa9c0\" data-id=\"29caa9c0\" data-element_type=\"column\" data-e-type=\"column\">\n\t\t\t<div class=\"elementor-widget-wrap elementor-element-populated\">\n\t\t\t\t\t\t<div class=\"elementor-element elementor-element-2572709e elementor-widget elementor-widget-text-editor\" data-id=\"2572709e\" data-element_type=\"widget\" data-e-type=\"widget\" data-widget_type=\"text-editor.default\">\n\t\t\t\t<div class=\"elementor-widget-container\">\n\t\t\t\t\t\t\t\t\t<p>El aire que respiramos desafortunadamente est\u00e1 contaminado por gases, sustancias toxicas y qu\u00edmicos que vuelve a los ni\u00f1os m\u00e1s vulnerables a contraer enfermedades por un medio ambiente nocivo.<\/p><p>Actualmente, ya se le da la importancia que debe tener, el medio ambiente es un tema de todos, que incluso ha llegado a la ONU y a otros f\u00f3rums mundiales por lo grave de la situaci\u00f3n y que se ha presentado como un asunto que afecta la salud de las personas.<\/p><p>Existen numerosas investigaciones en el que se ha comprobado que tener un ecosistema saludable y convivir con la naturaleza trae muchos beneficios sanos para los seres humanos.<\/p><p>Desafortunadamente, el medio ambiente est\u00e1 contaminado, nuestros mares, nuestros r\u00edos, el aire y la tierra, est\u00e1n siendo afectados por las acciones del ser humano. La contaminaci\u00f3n ambiental representa un riesgo para la salud, siendo los m\u00e1s peque\u00f1os los m\u00e1s propensos a enfermarse.<\/p><p>La Agencia de Protecci\u00f3n Ambiental de Estados Unidos nos da las siguientes recomendaciones para cuidar y proteger nuestras familias y ni\u00f1os:<\/p><ul><li>Al salir de vacaciones o si el sol est\u00e1 muy fuerte en el lugar donde viven, asegurarse de que los ni\u00f1os usen sombreros o gorras, anteojos para el sol y ropa que los proteja de los rayos solares. Adem\u00e1s, se debe usar bloqueador solar.<\/li><li>Cuando haya mucha contaminaci\u00f3n y el aire sea nocivo, los ni\u00f1os no deben salir a jugar o realizar actividades al aire libre.<\/li><li>Revisar una vez al a\u00f1o todos los aparatos que usen gasolina en el hogar.<\/li><li>Instalar detectores de mon\u00f3xido de carbono en todos los cuartos de la casa.<\/li><li>Lavarse las manos antes y despu\u00e9s de ir al ba\u00f1o, antes de comer y cuando se llega alg\u00fan lugar o se viene de la calle.<\/li><li>Todos los pesticidas, l\u00edquidos y sustancias qu\u00edmicas deben estar fuera del alcance de los ni\u00f1os, as\u00ed como nunca guardar sustancias da\u00f1inas en recientes de pl\u00e1sticos o de comida.<\/li><li>No dejar que los ni\u00f1os jueguen en campos, huertos o jardines donde se hayan usado pesticidas.<\/li><li>No fumar adentro de casa y coche.<\/li><li>Nunca prendas el horno de microondas como calefacci\u00f3n y usar parrillas dentro de la casa.<\/li><li>Usar el auto lo menos posible para disminuir la contaminaci\u00f3n.<\/li><\/ul><p>Entra a <a href=\"http:\/\/clikisalud.net\"><strong>clikisalud.net<\/strong><\/a> para mayor informaci\u00f3n sobre este y otros temas.<\/p>\t\t\t\t\t\t\t\t<\/div>\n\t\t\t\t<\/div>\n\t\t\t\t\t<\/div>\n\t\t<\/div>\n\t\t\t\t\t<\/div>\n\t\t<\/section>\n\t\t\t\t<\/div>","protected":false},"excerpt":{"rendered":"<p>El aire que respiramos desafortunadamente est\u00e1 contaminado por gases, sustancias toxicas y qu\u00edmicos que vuelve a los ni\u00f1os m\u00e1s vulnerables a contraer enfermedades por un medio ambiente nocivo. Actualmente, ya se le da la importancia que debe tener, el medio ambiente es un tema de todos, que incluso ha llegado a la ONU y a otros f\u00f3rums mundiales por lo grave de la situaci\u00f3n y que se ha presentado como un asunto que afecta la salud de las personas. Existen numerosas investigaciones en el que se ha comprobado que tener un ecosistema saludable y convivir con la naturaleza trae muchos beneficios sanos para los seres humanos. Desafortunadamente, el medio ambiente est\u00e1 contaminado, nuestros mares, nuestros r\u00edos, el aire y la tierra, est\u00e1n siendo afectados por las acciones del ser humano. La contaminaci\u00f3n ambiental representa un riesgo para la salud, siendo los m\u00e1s peque\u00f1os los m\u00e1s propensos a enfermarse. La Agencia de Protecci\u00f3n Ambiental de Estados Unidos nos da las siguientes recomendaciones para cuidar y proteger nuestras familias y ni\u00f1os: Al salir de vacaciones o si el sol est\u00e1 muy fuerte en el lugar donde viven, asegurarse de que los ni\u00f1os usen sombreros o gorras, anteojos para el sol y ropa que los proteja de los rayos solares. Adem\u00e1s, se debe usar bloqueador solar. Cuando haya mucha contaminaci\u00f3n y el aire sea nocivo, los ni\u00f1os no deben salir a jugar o realizar actividades al aire libre. Revisar una vez al a\u00f1o todos los aparatos que usen gasolina en el hogar. Instalar detectores de mon\u00f3xido de carbono en todos los cuartos de la casa. Lavarse las manos antes y despu\u00e9s de ir al ba\u00f1o, antes de comer y cuando se llega alg\u00fan lugar o se viene de la calle. Todos los pesticidas, l\u00edquidos y sustancias qu\u00edmicas deben estar fuera del alcance de los ni\u00f1os, as\u00ed como nunca guardar sustancias da\u00f1inas en recientes de pl\u00e1sticos o de comida. No dejar que los ni\u00f1os jueguen en campos, huertos o jardines donde se hayan usado pesticidas. No fumar adentro de casa y coche. Nunca prendas el horno de microondas como calefacci\u00f3n y usar parrillas dentro de la casa. Usar el auto lo menos posible para disminuir la contaminaci\u00f3n. Entra a clikisalud.net para mayor informaci\u00f3n sobre este y otros temas.<\/p>","protected":false},"author":1,"featured_media":19091,"comment_status":"open","ping_status":"open","sticky":false,"template":"elementor_header_footer","format":"standard","meta":{"_uf_show_specific_survey":0,"_uf_disable_surveys":false,"footnotes":""},"categories":[10,1],"tags":[],"class_list":["post-19090","post","type-post","status-publish","format-standard","has-post-thumbnail","hentry","category-noticias","category-temas-de-interes"],"aioseo_notices":[],"yoast_head":"<!-- This site is optimized with the Yoast SEO plugin v27.4 - https:\/\/yoast.com\/product\/yoast-seo-wordpress\/ -->\n<title>Cuida a tus hijos de los peligros ambientales<\/title>\n<meta name=\"description\" content=\"El aire que respiramos desafortunadamente est\u00e1 contaminado por gases, sustancias toxicas y qu\u00edmicos que vuelve a los ni\u00f1os m\u00e1s vulnerables...\" \/>\n<meta name=\"robots\" content=\"index, follow, max-snippet:-1, max-image-preview:large, max-video-preview:-1\" \/>\n<link rel=\"canonical\" href=\"https:\/\/accesolatino.org\/en\/cuida-a-tus-hijos-de-los-peligros-ambientales\/noticias\/\" \/>\n<meta property=\"og:locale\" content=\"en_US\" \/>\n<meta property=\"og:type\" content=\"article\" \/>\n<meta property=\"og:title\" content=\"Cuida a tus hijos de los peligros ambientales\" \/>\n<meta property=\"og:description\" content=\"El aire que respiramos desafortunadamente est\u00e1 contaminado por gases, sustancias toxicas y qu\u00edmicos que vuelve a los ni\u00f1os m\u00e1s vulnerables...\" \/>\n<meta property=\"og:url\" content=\"https:\/\/accesolatino.org\/en\/cuida-a-tus-hijos-de-los-peligros-ambientales\/noticias\/\" \/>\n<meta property=\"og:site_name\" content=\"Acceso Latino\" \/>\n<meta property=\"article:publisher\" content=\"https:\/\/www.facebook.com\/AccesoLatinoOrg\" \/>\n<meta property=\"article:published_time\" content=\"2019-11-13T17:21:12+00:00\" \/>\n<meta property=\"article:modified_time\" content=\"2025-10-27T04:37:56+00:00\" \/>\n<meta property=\"og:image\" content=\"https:\/\/accesolatino.org\/wp-content\/uploads\/2019\/11\/Cuida-a-tus-hijos-de-los-peligros-ambientales.jpg\" \/>\n\t<meta property=\"og:image:width\" content=\"600\" \/>\n\t<meta property=\"og:image:height\" content=\"338\" \/>\n\t<meta property=\"og:image:type\" content=\"image\/jpeg\" \/>\n<meta name=\"author\" content=\"admin\" \/>\n<meta name=\"twitter:card\" content=\"summary_large_image\" \/>\n<meta name=\"twitter:creator\" content=\"@FAccLatino\" \/>\n<meta name=\"twitter:site\" content=\"@FAccLatino\" \/>\n<meta name=\"twitter:label1\" content=\"Written by\" \/>\n\t<meta name=\"twitter:data1\" content=\"admin\" \/>\n\t<meta name=\"twitter:label2\" content=\"Est. reading time\" \/>\n\t<meta name=\"twitter:data2\" content=\"2 minutes\" \/>\n<script type=\"application\/ld+json\" class=\"yoast-schema-graph\">{\"@context\":\"https:\\\/\\\/schema.org\",\"@graph\":[{\"@type\":\"Article\",\"@id\":\"https:\\\/\\\/accesolatino.org\\\/cuida-a-tus-hijos-de-los-peligros-ambientales\\\/noticias\\\/#article\",\"isPartOf\":{\"@id\":\"https:\\\/\\\/accesolatino.org\\\/cuida-a-tus-hijos-de-los-peligros-ambientales\\\/noticias\\\/\"},\"author\":{\"name\":\"admin\",\"@id\":\"https:\\\/\\\/accesolatino.org\\\/#\\\/schema\\\/person\\\/75127291c010a94e5a588c481204c991\"},\"headline\":\"Cuida a tus hijos de los peligros ambientales\",\"datePublished\":\"2019-11-13T17:21:12+00:00\",\"dateModified\":\"2025-10-27T04:37:56+00:00\",\"mainEntityOfPage\":{\"@id\":\"https:\\\/\\\/accesolatino.org\\\/cuida-a-tus-hijos-de-los-peligros-ambientales\\\/noticias\\\/\"},\"wordCount\":414,\"commentCount\":0,\"publisher\":{\"@id\":\"https:\\\/\\\/accesolatino.org\\\/#organization\"},\"image\":{\"@id\":\"https:\\\/\\\/accesolatino.org\\\/cuida-a-tus-hijos-de-los-peligros-ambientales\\\/noticias\\\/#primaryimage\"},\"thumbnailUrl\":\"https:\\\/\\\/accesolatino.org\\\/wp-content\\\/uploads\\\/2019\\\/11\\\/Cuida-a-tus-hijos-de-los-peligros-ambientales.jpg\",\"articleSection\":[\"Noticias\",\"Temas de inter\u00e9s\"],\"inLanguage\":\"en-US\",\"potentialAction\":[{\"@type\":\"CommentAction\",\"name\":\"Comment\",\"target\":[\"https:\\\/\\\/accesolatino.org\\\/cuida-a-tus-hijos-de-los-peligros-ambientales\\\/noticias\\\/#respond\"]}]},{\"@type\":\"WebPage\",\"@id\":\"https:\\\/\\\/accesolatino.org\\\/cuida-a-tus-hijos-de-los-peligros-ambientales\\\/noticias\\\/\",\"url\":\"https:\\\/\\\/accesolatino.org\\\/cuida-a-tus-hijos-de-los-peligros-ambientales\\\/noticias\\\/\",\"name\":\"Cuida a tus hijos de los peligros ambientales\",\"isPartOf\":{\"@id\":\"https:\\\/\\\/accesolatino.org\\\/#website\"},\"primaryImageOfPage\":{\"@id\":\"https:\\\/\\\/accesolatino.org\\\/cuida-a-tus-hijos-de-los-peligros-ambientales\\\/noticias\\\/#primaryimage\"},\"image\":{\"@id\":\"https:\\\/\\\/accesolatino.org\\\/cuida-a-tus-hijos-de-los-peligros-ambientales\\\/noticias\\\/#primaryimage\"},\"thumbnailUrl\":\"https:\\\/\\\/accesolatino.org\\\/wp-content\\\/uploads\\\/2019\\\/11\\\/Cuida-a-tus-hijos-de-los-peligros-ambientales.jpg\",\"datePublished\":\"2019-11-13T17:21:12+00:00\",\"dateModified\":\"2025-10-27T04:37:56+00:00\",\"description\":\"El aire que respiramos desafortunadamente est\u00e1 contaminado por gases, sustancias toxicas y qu\u00edmicos que vuelve a los ni\u00f1os m\u00e1s vulnerables...\",\"breadcrumb\":{\"@id\":\"https:\\\/\\\/accesolatino.org\\\/cuida-a-tus-hijos-de-los-peligros-ambientales\\\/noticias\\\/#breadcrumb\"},\"inLanguage\":\"en-US\",\"potentialAction\":[{\"@type\":\"ReadAction\",\"target\":[\"https:\\\/\\\/accesolatino.org\\\/cuida-a-tus-hijos-de-los-peligros-ambientales\\\/noticias\\\/\"]}]},{\"@type\":\"ImageObject\",\"inLanguage\":\"en-US\",\"@id\":\"https:\\\/\\\/accesolatino.org\\\/cuida-a-tus-hijos-de-los-peligros-ambientales\\\/noticias\\\/#primaryimage\",\"url\":\"https:\\\/\\\/accesolatino.org\\\/wp-content\\\/uploads\\\/2019\\\/11\\\/Cuida-a-tus-hijos-de-los-peligros-ambientales.jpg\",\"contentUrl\":\"https:\\\/\\\/accesolatino.org\\\/wp-content\\\/uploads\\\/2019\\\/11\\\/Cuida-a-tus-hijos-de-los-peligros-ambientales.jpg\",\"width\":600,\"height\":338,\"caption\":\"Cuida a tus hijos de los peligros ambientales\"},{\"@type\":\"BreadcrumbList\",\"@id\":\"https:\\\/\\\/accesolatino.org\\\/cuida-a-tus-hijos-de-los-peligros-ambientales\\\/noticias\\\/#breadcrumb\",\"itemListElement\":[{\"@type\":\"ListItem\",\"position\":1,\"name\":\"Portada\",\"item\":\"https:\\\/\\\/accesolatino.org\\\/\"},{\"@type\":\"ListItem\",\"position\":2,\"name\":\"Noticias\",\"item\":\"https:\\\/\\\/accesolatino.org\\\/category\\\/noticias\\\/\"},{\"@type\":\"ListItem\",\"position\":3,\"name\":\"Cuida a tus hijos de los peligros ambientales\"}]},{\"@type\":\"WebSite\",\"@id\":\"https:\\\/\\\/accesolatino.org\\\/#website\",\"url\":\"https:\\\/\\\/accesolatino.org\\\/\",\"name\":\"Acceso Latino | Fundaci\u00f3n Carlos Slim\",\"description\":\"Fundaci\u00f3n Carlos Slim\",\"publisher\":{\"@id\":\"https:\\\/\\\/accesolatino.org\\\/#organization\"},\"potentialAction\":[{\"@type\":\"SearchAction\",\"target\":{\"@type\":\"EntryPoint\",\"urlTemplate\":\"https:\\\/\\\/accesolatino.org\\\/?s={search_term_string}\"},\"query-input\":{\"@type\":\"PropertyValueSpecification\",\"valueRequired\":true,\"valueName\":\"search_term_string\"}}],\"inLanguage\":\"en-US\"},{\"@type\":\"Organization\",\"@id\":\"https:\\\/\\\/accesolatino.org\\\/#organization\",\"name\":\"Acceso Latino | Fundaci\u00f3n Carlos Slim\",\"url\":\"https:\\\/\\\/accesolatino.org\\\/\",\"logo\":{\"@type\":\"ImageObject\",\"inLanguage\":\"en-US\",\"@id\":\"https:\\\/\\\/accesolatino.org\\\/#\\\/schema\\\/logo\\\/image\\\/\",\"url\":\"https:\\\/\\\/accesolatino.org\\\/wp-content\\\/uploads\\\/2021\\\/02\\\/logo-footer-acceso-latino.png\",\"contentUrl\":\"https:\\\/\\\/accesolatino.org\\\/wp-content\\\/uploads\\\/2021\\\/02\\\/logo-footer-acceso-latino.png\",\"width\":240,\"height\":40,\"caption\":\"Acceso Latino | Fundaci\u00f3n Carlos Slim\"},\"image\":{\"@id\":\"https:\\\/\\\/accesolatino.org\\\/#\\\/schema\\\/logo\\\/image\\\/\"},\"sameAs\":[\"https:\\\/\\\/www.facebook.com\\\/AccesoLatinoOrg\",\"https:\\\/\\\/x.com\\\/FAccLatino\"]},{\"@type\":\"Person\",\"@id\":\"https:\\\/\\\/accesolatino.org\\\/#\\\/schema\\\/person\\\/75127291c010a94e5a588c481204c991\",\"name\":\"admin\"}]}<\/script>\n<!-- \/ Yoast SEO plugin. -->","yoast_head_json":{"title":"Cuida a tus hijos de los peligros ambientales","description":"El aire que respiramos desafortunadamente est\u00e1 contaminado por gases, sustancias toxicas y qu\u00edmicos que vuelve a los ni\u00f1os m\u00e1s vulnerables...","robots":{"index":"index","follow":"follow","max-snippet":"max-snippet:-1","max-image-preview":"max-image-preview:large","max-video-preview":"max-video-preview:-1"},"canonical":"https:\/\/accesolatino.org\/en\/cuida-a-tus-hijos-de-los-peligros-ambientales\/noticias\/","og_locale":"en_US","og_type":"article","og_title":"Cuida a tus hijos de los peligros ambientales","og_description":"El aire que respiramos desafortunadamente est\u00e1 contaminado por gases, sustancias toxicas y qu\u00edmicos que vuelve a los ni\u00f1os m\u00e1s vulnerables...","og_url":"https:\/\/accesolatino.org\/en\/cuida-a-tus-hijos-de-los-peligros-ambientales\/noticias\/","og_site_name":"Acceso Latino","article_publisher":"https:\/\/www.facebook.com\/AccesoLatinoOrg","article_published_time":"2019-11-13T17:21:12+00:00","article_modified_time":"2025-10-27T04:37:56+00:00","og_image":[{"width":600,"height":338,"url":"https:\/\/accesolatino.org\/wp-content\/uploads\/2019\/11\/Cuida-a-tus-hijos-de-los-peligros-ambientales.jpg","type":"image\/jpeg"}],"author":"admin","twitter_card":"summary_large_image","twitter_creator":"@FAccLatino","twitter_site":"@FAccLatino","twitter_misc":{"Written by":"admin","Est. reading time":"2 minutes"},"schema":{"@context":"https:\/\/schema.org","@graph":[{"@type":"Article","@id":"https:\/\/accesolatino.org\/cuida-a-tus-hijos-de-los-peligros-ambientales\/noticias\/#article","isPartOf":{"@id":"https:\/\/accesolatino.org\/cuida-a-tus-hijos-de-los-peligros-ambientales\/noticias\/"},"author":{"name":"admin","@id":"https:\/\/accesolatino.org\/#\/schema\/person\/75127291c010a94e5a588c481204c991"},"headline":"Cuida a tus hijos de los peligros ambientales","datePublished":"2019-11-13T17:21:12+00:00","dateModified":"2025-10-27T04:37:56+00:00","mainEntityOfPage":{"@id":"https:\/\/accesolatino.org\/cuida-a-tus-hijos-de-los-peligros-ambientales\/noticias\/"},"wordCount":414,"commentCount":0,"publisher":{"@id":"https:\/\/accesolatino.org\/#organization"},"image":{"@id":"https:\/\/accesolatino.org\/cuida-a-tus-hijos-de-los-peligros-ambientales\/noticias\/#primaryimage"},"thumbnailUrl":"https:\/\/accesolatino.org\/wp-content\/uploads\/2019\/11\/Cuida-a-tus-hijos-de-los-peligros-ambientales.jpg","articleSection":["Noticias","Temas de inter\u00e9s"],"inLanguage":"en-US","potentialAction":[{"@type":"CommentAction","name":"Comment","target":["https:\/\/accesolatino.org\/cuida-a-tus-hijos-de-los-peligros-ambientales\/noticias\/#respond"]}]},{"@type":"WebPage","@id":"https:\/\/accesolatino.org\/cuida-a-tus-hijos-de-los-peligros-ambientales\/noticias\/","url":"https:\/\/accesolatino.org\/cuida-a-tus-hijos-de-los-peligros-ambientales\/noticias\/","name":"Cuida a tus hijos de los peligros ambientales","isPartOf":{"@id":"https:\/\/accesolatino.org\/#website"},"primaryImageOfPage":{"@id":"https:\/\/accesolatino.org\/cuida-a-tus-hijos-de-los-peligros-ambientales\/noticias\/#primaryimage"},"image":{"@id":"https:\/\/accesolatino.org\/cuida-a-tus-hijos-de-los-peligros-ambientales\/noticias\/#primaryimage"},"thumbnailUrl":"https:\/\/accesolatino.org\/wp-content\/uploads\/2019\/11\/Cuida-a-tus-hijos-de-los-peligros-ambientales.jpg","datePublished":"2019-11-13T17:21:12+00:00","dateModified":"2025-10-27T04:37:56+00:00","description":"El aire que respiramos desafortunadamente est\u00e1 contaminado por gases, sustancias toxicas y qu\u00edmicos que vuelve a los ni\u00f1os m\u00e1s vulnerables...","breadcrumb":{"@id":"https:\/\/accesolatino.org\/cuida-a-tus-hijos-de-los-peligros-ambientales\/noticias\/#breadcrumb"},"inLanguage":"en-US","potentialAction":[{"@type":"ReadAction","target":["https:\/\/accesolatino.org\/cuida-a-tus-hijos-de-los-peligros-ambientales\/noticias\/"]}]},{"@type":"ImageObject","inLanguage":"en-US","@id":"https:\/\/accesolatino.org\/cuida-a-tus-hijos-de-los-peligros-ambientales\/noticias\/#primaryimage","url":"https:\/\/accesolatino.org\/wp-content\/uploads\/2019\/11\/Cuida-a-tus-hijos-de-los-peligros-ambientales.jpg","contentUrl":"https:\/\/accesolatino.org\/wp-content\/uploads\/2019\/11\/Cuida-a-tus-hijos-de-los-peligros-ambientales.jpg","width":600,"height":338,"caption":"Cuida a tus hijos de los peligros ambientales"},{"@type":"BreadcrumbList","@id":"https:\/\/accesolatino.org\/cuida-a-tus-hijos-de-los-peligros-ambientales\/noticias\/#breadcrumb","itemListElement":[{"@type":"ListItem","position":1,"name":"Portada","item":"https:\/\/accesolatino.org\/"},{"@type":"ListItem","position":2,"name":"Noticias","item":"https:\/\/accesolatino.org\/category\/noticias\/"},{"@type":"ListItem","position":3,"name":"Cuida a tus hijos de los peligros ambientales"}]},{"@type":"WebSite","@id":"https:\/\/accesolatino.org\/#website","url":"https:\/\/accesolatino.org\/","name":"Acceso Latino | Fundaci\u00f3n Carlos Slim","description":"Fundaci\u00f3n Carlos Slim","publisher":{"@id":"https:\/\/accesolatino.org\/#organization"},"potentialAction":[{"@type":"SearchAction","target":{"@type":"EntryPoint","urlTemplate":"https:\/\/accesolatino.org\/?s={search_term_string}"},"query-input":{"@type":"PropertyValueSpecification","valueRequired":true,"valueName":"search_term_string"}}],"inLanguage":"en-US"},{"@type":"Organization","@id":"https:\/\/accesolatino.org\/#organization","name":"Acceso Latino | Fundaci\u00f3n Carlos Slim","url":"https:\/\/accesolatino.org\/","logo":{"@type":"ImageObject","inLanguage":"en-US","@id":"https:\/\/accesolatino.org\/#\/schema\/logo\/image\/","url":"https:\/\/accesolatino.org\/wp-content\/uploads\/2021\/02\/logo-footer-acceso-latino.png","contentUrl":"https:\/\/accesolatino.org\/wp-content\/uploads\/2021\/02\/logo-footer-acceso-latino.png","width":240,"height":40,"caption":"Acceso Latino | Fundaci\u00f3n Carlos Slim"},"image":{"@id":"https:\/\/accesolatino.org\/#\/schema\/logo\/image\/"},"sameAs":["https:\/\/www.facebook.com\/AccesoLatinoOrg","https:\/\/x.com\/FAccLatino"]},{"@type":"Person","@id":"https:\/\/accesolatino.org\/#\/schema\/person\/75127291c010a94e5a588c481204c991","name":"admin"}]}},"_links":{"self":[{"href":"https:\/\/accesolatino.org\/en\/wp-json\/wp\/v2\/posts\/19090","targetHints":{"allow":["GET"]}}],"collection":[{"href":"https:\/\/accesolatino.org\/en\/wp-json\/wp\/v2\/posts"}],"about":[{"href":"https:\/\/accesolatino.org\/en\/wp-json\/wp\/v2\/types\/post"}],"author":[{"embeddable":true,"href":"https:\/\/accesolatino.org\/en\/wp-json\/wp\/v2\/users\/1"}],"replies":[{"embeddable":true,"href":"https:\/\/accesolatino.org\/en\/wp-json\/wp\/v2\/comments?post=19090"}],"version-history":[{"count":1,"href":"https:\/\/accesolatino.org\/en\/wp-json\/wp\/v2\/posts\/19090\/revisions"}],"predecessor-version":[{"id":66110,"href":"https:\/\/accesolatino.org\/en\/wp-json\/wp\/v2\/posts\/19090\/revisions\/66110"}],"wp:featuredmedia":[{"embeddable":true,"href":"https:\/\/accesolatino.org\/en\/wp-json\/wp\/v2\/media\/19091"}],"wp:attachment":[{"href":"https:\/\/accesolatino.org\/en\/wp-json\/wp\/v2\/media?parent=19090"}],"wp:term":[{"taxonomy":"category","embeddable":true,"href":"https:\/\/accesolatino.org\/en\/wp-json\/wp\/v2\/categories?post=19090"},{"taxonomy":"post_tag","embeddable":true,"href":"https:\/\/accesolatino.org\/en\/wp-json\/wp\/v2\/tags?post=19090"}],"curies":[{"name":"wp","href":"https:\/\/api.w.org\/{rel}","templated":true}]}}