{"id":19089,"date":"2019-11-13T11:19:21","date_gmt":"2019-11-13T17:19:21","guid":{"rendered":"https:\/\/accesolatino.org\/?p=19089"},"modified":"2025-10-26T22:38:03","modified_gmt":"2025-10-27T04:38:03","slug":"futuro-de-daca-se-decide-en-la-corte-suprema","status":"publish","type":"post","link":"https:\/\/accesolatino.org\/en\/futuro-de-daca-se-decide-en-la-corte-suprema\/noticias\/","title":{"rendered":"Futuro de DACA se decide en la Corte Suprema"},"content":{"rendered":"<div data-elementor-type=\"wp-post\" data-elementor-id=\"19089\" class=\"elementor elementor-19089\">\n\t\t\t\t\t\t<section class=\"elementor-section elementor-top-section elementor-element elementor-element-2ae491ef elementor-section-boxed elementor-section-height-default elementor-section-height-default wpr-particle-no wpr-jarallax-no wpr-parallax-no wpr-sticky-section-no wpr-equal-height-no\" data-id=\"2ae491ef\" data-element_type=\"section\" data-e-type=\"section\">\n\t\t\t\t\t\t<div class=\"elementor-container elementor-column-gap-default\">\n\t\t\t\t\t<div class=\"elementor-column elementor-col-100 elementor-top-column elementor-element elementor-element-29caa9c0\" data-id=\"29caa9c0\" data-element_type=\"column\" data-e-type=\"column\">\n\t\t\t<div class=\"elementor-widget-wrap elementor-element-populated\">\n\t\t\t\t\t\t<div class=\"elementor-element elementor-element-2572709e elementor-widget elementor-widget-text-editor\" data-id=\"2572709e\" data-element_type=\"widget\" data-e-type=\"widget\" data-widget_type=\"text-editor.default\">\n\t\t\t\t<div class=\"elementor-widget-container\">\n\t\t\t\t\t\t\t\t\t<p>Hoy se celebr\u00f3 en la Corte Suprema, la audiencia para decidir el futuro del programa de Acci\u00f3n Diferida para los Llegados en la Infancia (DACA, por sus siglas en ingl\u00e9s), este tiene 2 a\u00f1os en discusi\u00f3n sobre si debe permanecer o desaparecer.<\/p><p>La sesi\u00f3n dur\u00f3 un poco m\u00e1s de una hora y seg\u00fan varios medios, se encuentra dividida la decisi\u00f3n. Actualmente, DACA protege a unos 700 mil j\u00f3venes inmigrantes hispanos, a quienes les provee de permisos de trabajo, otorga licencias de manejo y n\u00fameros de seguridad social.<\/p><p>Este tema lleg\u00f3 al tribunal m\u00e1s alto de Estados Unidos, con el fin de escuchar los argumentos a favor y en contra del programa, todo a partir de que el actual presidente norteamericano argumentara que la acci\u00f3n ejecutiva que fue bien recibida por los inmigrantes y la comunidad estadounidense, fue una extralimitaci\u00f3n de la administraci\u00f3n anterior.<\/p><p>El caso plantea pol\u00e9micas sobre el poder presidencial, ya que los abogados por parte del actual mandatario de la Casa Blanca, deliberaron que el ex presidente Barack Obama abus\u00f3 de su poder al tomar una decisi\u00f3n migratoria sin pasar por el Congreso.<\/p><p>La decisi\u00f3n final de si desaparece o sigue vigente el programa, se espera que se tome en el mes de junio del 2020, justo cuando los candidatos est\u00e9n en plenas campa\u00f1as presidenciales.<\/p><p>Mientras, centenares de miles de j\u00f3venes indocumentados y ciudadanos norteamericanos marchan alrededor de la Uni\u00f3n Americana, pidiendo que no se cierre el programa. Para muchos activistas y pol\u00edticos ser\u00eda una atentado contra los derechos humanos, para otros es necesario para evitar la inmigraci\u00f3n ilegal.<\/p><p>Fuente: <em>Univision<\/em><\/p>\t\t\t\t\t\t\t\t<\/div>\n\t\t\t\t<\/div>\n\t\t\t\t\t<\/div>\n\t\t<\/div>\n\t\t\t\t\t<\/div>\n\t\t<\/section>\n\t\t\t\t<\/div>","protected":false},"excerpt":{"rendered":"<p>Hoy se celebr\u00f3 en la Corte Suprema, la audiencia para decidir el futuro del programa de Acci\u00f3n Diferida para los Llegados en la Infancia (DACA, por sus siglas en ingl\u00e9s), este tiene 2 a\u00f1os en discusi\u00f3n sobre si debe permanecer o desaparecer. La sesi\u00f3n dur\u00f3 un poco m\u00e1s de una hora y seg\u00fan varios medios, se encuentra dividida la decisi\u00f3n. Actualmente, DACA protege a unos 700 mil j\u00f3venes inmigrantes hispanos, a quienes les provee de permisos de trabajo, otorga licencias de manejo y n\u00fameros de seguridad social. Este tema lleg\u00f3 al tribunal m\u00e1s alto de Estados Unidos, con el fin de escuchar los argumentos a favor y en contra del programa, todo a partir de que el actual presidente norteamericano argumentara que la acci\u00f3n ejecutiva que fue bien recibida por los inmigrantes y la comunidad estadounidense, fue una extralimitaci\u00f3n de la administraci\u00f3n anterior. El caso plantea pol\u00e9micas sobre el poder presidencial, ya que los abogados por parte del actual mandatario de la Casa Blanca, deliberaron que el ex presidente Barack Obama abus\u00f3 de su poder al tomar una decisi\u00f3n migratoria sin pasar por el Congreso. La decisi\u00f3n final de si desaparece o sigue vigente el programa, se espera que se tome en el mes de junio del 2020, justo cuando los candidatos est\u00e9n en plenas campa\u00f1as presidenciales. Mientras, centenares de miles de j\u00f3venes indocumentados y ciudadanos norteamericanos marchan alrededor de la Uni\u00f3n Americana, pidiendo que no se cierre el programa. Para muchos activistas y pol\u00edticos ser\u00eda una atentado contra los derechos humanos, para otros es necesario para evitar la inmigraci\u00f3n ilegal. Fuente: Univision<\/p>","protected":false},"author":1,"featured_media":19093,"comment_status":"open","ping_status":"open","sticky":false,"template":"elementor_header_footer","format":"standard","meta":{"_uf_show_specific_survey":0,"_uf_disable_surveys":false,"footnotes":""},"categories":[10,1],"tags":[],"class_list":["post-19089","post","type-post","status-publish","format-standard","has-post-thumbnail","hentry","category-noticias","category-temas-de-interes"],"aioseo_notices":[],"yoast_head":"<!-- This site is optimized with the Yoast SEO plugin v27.4 - https:\/\/yoast.com\/product\/yoast-seo-wordpress\/ -->\n<title>Futuro de DACA se decide en la Corte Suprema<\/title>\n<meta name=\"description\" content=\"Hoy se celebr\u00f3 en la Corte Suprema, la audiencia para decidir el futuro del programa de Acci\u00f3n Diferida para los Llegados en la Infancia (DACA)...\" \/>\n<meta name=\"robots\" content=\"index, follow, max-snippet:-1, max-image-preview:large, max-video-preview:-1\" \/>\n<link rel=\"canonical\" href=\"https:\/\/accesolatino.org\/en\/futuro-de-daca-se-decide-en-la-corte-suprema\/noticias\/\" \/>\n<meta property=\"og:locale\" content=\"en_US\" \/>\n<meta property=\"og:type\" content=\"article\" \/>\n<meta property=\"og:title\" content=\"Futuro de DACA se decide en la Corte Suprema\" \/>\n<meta property=\"og:description\" content=\"Hoy se celebr\u00f3 en la Corte Suprema, la audiencia para decidir el futuro del programa de Acci\u00f3n Diferida para los Llegados en la Infancia (DACA)...\" \/>\n<meta property=\"og:url\" content=\"https:\/\/accesolatino.org\/en\/futuro-de-daca-se-decide-en-la-corte-suprema\/noticias\/\" \/>\n<meta property=\"og:site_name\" content=\"Acceso Latino\" \/>\n<meta property=\"article:publisher\" content=\"https:\/\/www.facebook.com\/AccesoLatinoOrg\" \/>\n<meta property=\"article:published_time\" content=\"2019-11-13T17:19:21+00:00\" \/>\n<meta property=\"article:modified_time\" content=\"2025-10-27T04:38:03+00:00\" \/>\n<meta property=\"og:image\" content=\"https:\/\/accesolatino.org\/wp-content\/uploads\/2019\/11\/Futuro-de-DACA-se-decide-en-la-Corte-Suprema.jpg\" \/>\n\t<meta property=\"og:image:width\" content=\"600\" \/>\n\t<meta property=\"og:image:height\" content=\"338\" \/>\n\t<meta property=\"og:image:type\" content=\"image\/jpeg\" \/>\n<meta name=\"author\" content=\"admin\" \/>\n<meta name=\"twitter:card\" content=\"summary_large_image\" \/>\n<meta name=\"twitter:creator\" content=\"@FAccLatino\" \/>\n<meta name=\"twitter:site\" content=\"@FAccLatino\" \/>\n<meta name=\"twitter:label1\" content=\"Written by\" \/>\n\t<meta name=\"twitter:data1\" content=\"admin\" \/>\n\t<meta name=\"twitter:label2\" content=\"Est. reading time\" \/>\n\t<meta name=\"twitter:data2\" content=\"2 minutes\" \/>\n<script type=\"application\/ld+json\" class=\"yoast-schema-graph\">{\"@context\":\"https:\\\/\\\/schema.org\",\"@graph\":[{\"@type\":\"Article\",\"@id\":\"https:\\\/\\\/accesolatino.org\\\/futuro-de-daca-se-decide-en-la-corte-suprema\\\/noticias\\\/#article\",\"isPartOf\":{\"@id\":\"https:\\\/\\\/accesolatino.org\\\/futuro-de-daca-se-decide-en-la-corte-suprema\\\/noticias\\\/\"},\"author\":{\"name\":\"admin\",\"@id\":\"https:\\\/\\\/accesolatino.org\\\/#\\\/schema\\\/person\\\/75127291c010a94e5a588c481204c991\"},\"headline\":\"Futuro de DACA se decide en la Corte Suprema\",\"datePublished\":\"2019-11-13T17:19:21+00:00\",\"dateModified\":\"2025-10-27T04:38:03+00:00\",\"mainEntityOfPage\":{\"@id\":\"https:\\\/\\\/accesolatino.org\\\/futuro-de-daca-se-decide-en-la-corte-suprema\\\/noticias\\\/\"},\"wordCount\":293,\"commentCount\":0,\"publisher\":{\"@id\":\"https:\\\/\\\/accesolatino.org\\\/#organization\"},\"image\":{\"@id\":\"https:\\\/\\\/accesolatino.org\\\/futuro-de-daca-se-decide-en-la-corte-suprema\\\/noticias\\\/#primaryimage\"},\"thumbnailUrl\":\"https:\\\/\\\/accesolatino.org\\\/wp-content\\\/uploads\\\/2019\\\/11\\\/Futuro-de-DACA-se-decide-en-la-Corte-Suprema.jpg\",\"articleSection\":[\"Noticias\",\"Temas de inter\u00e9s\"],\"inLanguage\":\"en-US\",\"potentialAction\":[{\"@type\":\"CommentAction\",\"name\":\"Comment\",\"target\":[\"https:\\\/\\\/accesolatino.org\\\/futuro-de-daca-se-decide-en-la-corte-suprema\\\/noticias\\\/#respond\"]}]},{\"@type\":\"WebPage\",\"@id\":\"https:\\\/\\\/accesolatino.org\\\/futuro-de-daca-se-decide-en-la-corte-suprema\\\/noticias\\\/\",\"url\":\"https:\\\/\\\/accesolatino.org\\\/futuro-de-daca-se-decide-en-la-corte-suprema\\\/noticias\\\/\",\"name\":\"Futuro de DACA se decide en la Corte Suprema\",\"isPartOf\":{\"@id\":\"https:\\\/\\\/accesolatino.org\\\/#website\"},\"primaryImageOfPage\":{\"@id\":\"https:\\\/\\\/accesolatino.org\\\/futuro-de-daca-se-decide-en-la-corte-suprema\\\/noticias\\\/#primaryimage\"},\"image\":{\"@id\":\"https:\\\/\\\/accesolatino.org\\\/futuro-de-daca-se-decide-en-la-corte-suprema\\\/noticias\\\/#primaryimage\"},\"thumbnailUrl\":\"https:\\\/\\\/accesolatino.org\\\/wp-content\\\/uploads\\\/2019\\\/11\\\/Futuro-de-DACA-se-decide-en-la-Corte-Suprema.jpg\",\"datePublished\":\"2019-11-13T17:19:21+00:00\",\"dateModified\":\"2025-10-27T04:38:03+00:00\",\"description\":\"Hoy se celebr\u00f3 en la Corte Suprema, la audiencia para decidir el futuro del programa de Acci\u00f3n Diferida para los Llegados en la Infancia (DACA)...\",\"breadcrumb\":{\"@id\":\"https:\\\/\\\/accesolatino.org\\\/futuro-de-daca-se-decide-en-la-corte-suprema\\\/noticias\\\/#breadcrumb\"},\"inLanguage\":\"en-US\",\"potentialAction\":[{\"@type\":\"ReadAction\",\"target\":[\"https:\\\/\\\/accesolatino.org\\\/futuro-de-daca-se-decide-en-la-corte-suprema\\\/noticias\\\/\"]}]},{\"@type\":\"ImageObject\",\"inLanguage\":\"en-US\",\"@id\":\"https:\\\/\\\/accesolatino.org\\\/futuro-de-daca-se-decide-en-la-corte-suprema\\\/noticias\\\/#primaryimage\",\"url\":\"https:\\\/\\\/accesolatino.org\\\/wp-content\\\/uploads\\\/2019\\\/11\\\/Futuro-de-DACA-se-decide-en-la-Corte-Suprema.jpg\",\"contentUrl\":\"https:\\\/\\\/accesolatino.org\\\/wp-content\\\/uploads\\\/2019\\\/11\\\/Futuro-de-DACA-se-decide-en-la-Corte-Suprema.jpg\",\"width\":600,\"height\":338,\"caption\":\"Futuro de DACA se decide en la Corte Suprema\"},{\"@type\":\"BreadcrumbList\",\"@id\":\"https:\\\/\\\/accesolatino.org\\\/futuro-de-daca-se-decide-en-la-corte-suprema\\\/noticias\\\/#breadcrumb\",\"itemListElement\":[{\"@type\":\"ListItem\",\"position\":1,\"name\":\"Portada\",\"item\":\"https:\\\/\\\/accesolatino.org\\\/\"},{\"@type\":\"ListItem\",\"position\":2,\"name\":\"Noticias\",\"item\":\"https:\\\/\\\/accesolatino.org\\\/category\\\/noticias\\\/\"},{\"@type\":\"ListItem\",\"position\":3,\"name\":\"Futuro de DACA se decide en la Corte Suprema\"}]},{\"@type\":\"WebSite\",\"@id\":\"https:\\\/\\\/accesolatino.org\\\/#website\",\"url\":\"https:\\\/\\\/accesolatino.org\\\/\",\"name\":\"Acceso Latino | Fundaci\u00f3n Carlos Slim\",\"description\":\"Fundaci\u00f3n Carlos Slim\",\"publisher\":{\"@id\":\"https:\\\/\\\/accesolatino.org\\\/#organization\"},\"potentialAction\":[{\"@type\":\"SearchAction\",\"target\":{\"@type\":\"EntryPoint\",\"urlTemplate\":\"https:\\\/\\\/accesolatino.org\\\/?s={search_term_string}\"},\"query-input\":{\"@type\":\"PropertyValueSpecification\",\"valueRequired\":true,\"valueName\":\"search_term_string\"}}],\"inLanguage\":\"en-US\"},{\"@type\":\"Organization\",\"@id\":\"https:\\\/\\\/accesolatino.org\\\/#organization\",\"name\":\"Acceso Latino | Fundaci\u00f3n Carlos Slim\",\"url\":\"https:\\\/\\\/accesolatino.org\\\/\",\"logo\":{\"@type\":\"ImageObject\",\"inLanguage\":\"en-US\",\"@id\":\"https:\\\/\\\/accesolatino.org\\\/#\\\/schema\\\/logo\\\/image\\\/\",\"url\":\"https:\\\/\\\/accesolatino.org\\\/wp-content\\\/uploads\\\/2021\\\/02\\\/logo-footer-acceso-latino.png\",\"contentUrl\":\"https:\\\/\\\/accesolatino.org\\\/wp-content\\\/uploads\\\/2021\\\/02\\\/logo-footer-acceso-latino.png\",\"width\":240,\"height\":40,\"caption\":\"Acceso Latino | Fundaci\u00f3n Carlos Slim\"},\"image\":{\"@id\":\"https:\\\/\\\/accesolatino.org\\\/#\\\/schema\\\/logo\\\/image\\\/\"},\"sameAs\":[\"https:\\\/\\\/www.facebook.com\\\/AccesoLatinoOrg\",\"https:\\\/\\\/x.com\\\/FAccLatino\"]},{\"@type\":\"Person\",\"@id\":\"https:\\\/\\\/accesolatino.org\\\/#\\\/schema\\\/person\\\/75127291c010a94e5a588c481204c991\",\"name\":\"admin\"}]}<\/script>\n<!-- \/ Yoast SEO plugin. -->","yoast_head_json":{"title":"Futuro de DACA se decide en la Corte Suprema","description":"Hoy se celebr\u00f3 en la Corte Suprema, la audiencia para decidir el futuro del programa de Acci\u00f3n Diferida para los Llegados en la Infancia (DACA)...","robots":{"index":"index","follow":"follow","max-snippet":"max-snippet:-1","max-image-preview":"max-image-preview:large","max-video-preview":"max-video-preview:-1"},"canonical":"https:\/\/accesolatino.org\/en\/futuro-de-daca-se-decide-en-la-corte-suprema\/noticias\/","og_locale":"en_US","og_type":"article","og_title":"Futuro de DACA se decide en la Corte Suprema","og_description":"Hoy se celebr\u00f3 en la Corte Suprema, la audiencia para decidir el futuro del programa de Acci\u00f3n Diferida para los Llegados en la Infancia (DACA)...","og_url":"https:\/\/accesolatino.org\/en\/futuro-de-daca-se-decide-en-la-corte-suprema\/noticias\/","og_site_name":"Acceso Latino","article_publisher":"https:\/\/www.facebook.com\/AccesoLatinoOrg","article_published_time":"2019-11-13T17:19:21+00:00","article_modified_time":"2025-10-27T04:38:03+00:00","og_image":[{"width":600,"height":338,"url":"https:\/\/accesolatino.org\/wp-content\/uploads\/2019\/11\/Futuro-de-DACA-se-decide-en-la-Corte-Suprema.jpg","type":"image\/jpeg"}],"author":"admin","twitter_card":"summary_large_image","twitter_creator":"@FAccLatino","twitter_site":"@FAccLatino","twitter_misc":{"Written by":"admin","Est. reading time":"2 minutes"},"schema":{"@context":"https:\/\/schema.org","@graph":[{"@type":"Article","@id":"https:\/\/accesolatino.org\/futuro-de-daca-se-decide-en-la-corte-suprema\/noticias\/#article","isPartOf":{"@id":"https:\/\/accesolatino.org\/futuro-de-daca-se-decide-en-la-corte-suprema\/noticias\/"},"author":{"name":"admin","@id":"https:\/\/accesolatino.org\/#\/schema\/person\/75127291c010a94e5a588c481204c991"},"headline":"Futuro de DACA se decide en la Corte Suprema","datePublished":"2019-11-13T17:19:21+00:00","dateModified":"2025-10-27T04:38:03+00:00","mainEntityOfPage":{"@id":"https:\/\/accesolatino.org\/futuro-de-daca-se-decide-en-la-corte-suprema\/noticias\/"},"wordCount":293,"commentCount":0,"publisher":{"@id":"https:\/\/accesolatino.org\/#organization"},"image":{"@id":"https:\/\/accesolatino.org\/futuro-de-daca-se-decide-en-la-corte-suprema\/noticias\/#primaryimage"},"thumbnailUrl":"https:\/\/accesolatino.org\/wp-content\/uploads\/2019\/11\/Futuro-de-DACA-se-decide-en-la-Corte-Suprema.jpg","articleSection":["Noticias","Temas de inter\u00e9s"],"inLanguage":"en-US","potentialAction":[{"@type":"CommentAction","name":"Comment","target":["https:\/\/accesolatino.org\/futuro-de-daca-se-decide-en-la-corte-suprema\/noticias\/#respond"]}]},{"@type":"WebPage","@id":"https:\/\/accesolatino.org\/futuro-de-daca-se-decide-en-la-corte-suprema\/noticias\/","url":"https:\/\/accesolatino.org\/futuro-de-daca-se-decide-en-la-corte-suprema\/noticias\/","name":"Futuro de DACA se decide en la Corte Suprema","isPartOf":{"@id":"https:\/\/accesolatino.org\/#website"},"primaryImageOfPage":{"@id":"https:\/\/accesolatino.org\/futuro-de-daca-se-decide-en-la-corte-suprema\/noticias\/#primaryimage"},"image":{"@id":"https:\/\/accesolatino.org\/futuro-de-daca-se-decide-en-la-corte-suprema\/noticias\/#primaryimage"},"thumbnailUrl":"https:\/\/accesolatino.org\/wp-content\/uploads\/2019\/11\/Futuro-de-DACA-se-decide-en-la-Corte-Suprema.jpg","datePublished":"2019-11-13T17:19:21+00:00","dateModified":"2025-10-27T04:38:03+00:00","description":"Hoy se celebr\u00f3 en la Corte Suprema, la audiencia para decidir el futuro del programa de Acci\u00f3n Diferida para los Llegados en la Infancia (DACA)...","breadcrumb":{"@id":"https:\/\/accesolatino.org\/futuro-de-daca-se-decide-en-la-corte-suprema\/noticias\/#breadcrumb"},"inLanguage":"en-US","potentialAction":[{"@type":"ReadAction","target":["https:\/\/accesolatino.org\/futuro-de-daca-se-decide-en-la-corte-suprema\/noticias\/"]}]},{"@type":"ImageObject","inLanguage":"en-US","@id":"https:\/\/accesolatino.org\/futuro-de-daca-se-decide-en-la-corte-suprema\/noticias\/#primaryimage","url":"https:\/\/accesolatino.org\/wp-content\/uploads\/2019\/11\/Futuro-de-DACA-se-decide-en-la-Corte-Suprema.jpg","contentUrl":"https:\/\/accesolatino.org\/wp-content\/uploads\/2019\/11\/Futuro-de-DACA-se-decide-en-la-Corte-Suprema.jpg","width":600,"height":338,"caption":"Futuro de DACA se decide en la Corte Suprema"},{"@type":"BreadcrumbList","@id":"https:\/\/accesolatino.org\/futuro-de-daca-se-decide-en-la-corte-suprema\/noticias\/#breadcrumb","itemListElement":[{"@type":"ListItem","position":1,"name":"Portada","item":"https:\/\/accesolatino.org\/"},{"@type":"ListItem","position":2,"name":"Noticias","item":"https:\/\/accesolatino.org\/category\/noticias\/"},{"@type":"ListItem","position":3,"name":"Futuro de DACA se decide en la Corte Suprema"}]},{"@type":"WebSite","@id":"https:\/\/accesolatino.org\/#website","url":"https:\/\/accesolatino.org\/","name":"Acceso Latino | Fundaci\u00f3n Carlos Slim","description":"Fundaci\u00f3n Carlos Slim","publisher":{"@id":"https:\/\/accesolatino.org\/#organization"},"potentialAction":[{"@type":"SearchAction","target":{"@type":"EntryPoint","urlTemplate":"https:\/\/accesolatino.org\/?s={search_term_string}"},"query-input":{"@type":"PropertyValueSpecification","valueRequired":true,"valueName":"search_term_string"}}],"inLanguage":"en-US"},{"@type":"Organization","@id":"https:\/\/accesolatino.org\/#organization","name":"Acceso Latino | Fundaci\u00f3n Carlos Slim","url":"https:\/\/accesolatino.org\/","logo":{"@type":"ImageObject","inLanguage":"en-US","@id":"https:\/\/accesolatino.org\/#\/schema\/logo\/image\/","url":"https:\/\/accesolatino.org\/wp-content\/uploads\/2021\/02\/logo-footer-acceso-latino.png","contentUrl":"https:\/\/accesolatino.org\/wp-content\/uploads\/2021\/02\/logo-footer-acceso-latino.png","width":240,"height":40,"caption":"Acceso Latino | Fundaci\u00f3n Carlos Slim"},"image":{"@id":"https:\/\/accesolatino.org\/#\/schema\/logo\/image\/"},"sameAs":["https:\/\/www.facebook.com\/AccesoLatinoOrg","https:\/\/x.com\/FAccLatino"]},{"@type":"Person","@id":"https:\/\/accesolatino.org\/#\/schema\/person\/75127291c010a94e5a588c481204c991","name":"admin"}]}},"_links":{"self":[{"href":"https:\/\/accesolatino.org\/en\/wp-json\/wp\/v2\/posts\/19089","targetHints":{"allow":["GET"]}}],"collection":[{"href":"https:\/\/accesolatino.org\/en\/wp-json\/wp\/v2\/posts"}],"about":[{"href":"https:\/\/accesolatino.org\/en\/wp-json\/wp\/v2\/types\/post"}],"author":[{"embeddable":true,"href":"https:\/\/accesolatino.org\/en\/wp-json\/wp\/v2\/users\/1"}],"replies":[{"embeddable":true,"href":"https:\/\/accesolatino.org\/en\/wp-json\/wp\/v2\/comments?post=19089"}],"version-history":[{"count":1,"href":"https:\/\/accesolatino.org\/en\/wp-json\/wp\/v2\/posts\/19089\/revisions"}],"predecessor-version":[{"id":66112,"href":"https:\/\/accesolatino.org\/en\/wp-json\/wp\/v2\/posts\/19089\/revisions\/66112"}],"wp:featuredmedia":[{"embeddable":true,"href":"https:\/\/accesolatino.org\/en\/wp-json\/wp\/v2\/media\/19093"}],"wp:attachment":[{"href":"https:\/\/accesolatino.org\/en\/wp-json\/wp\/v2\/media?parent=19089"}],"wp:term":[{"taxonomy":"category","embeddable":true,"href":"https:\/\/accesolatino.org\/en\/wp-json\/wp\/v2\/categories?post=19089"},{"taxonomy":"post_tag","embeddable":true,"href":"https:\/\/accesolatino.org\/en\/wp-json\/wp\/v2\/tags?post=19089"}],"curies":[{"name":"wp","href":"https:\/\/api.w.org\/{rel}","templated":true}]}}