{"id":19074,"date":"2019-11-12T09:55:12","date_gmt":"2019-11-12T15:55:12","guid":{"rendered":"https:\/\/accesolatino.org\/?p=19074"},"modified":"2025-10-26T22:38:20","modified_gmt":"2025-10-27T04:38:20","slug":"nueva-york-dara-licencias-de-conducir-a-indocumentados","status":"publish","type":"post","link":"https:\/\/accesolatino.org\/en\/nueva-york-dara-licencias-de-conducir-a-indocumentados\/noticias\/","title":{"rendered":"Nueva York dar\u00e1 licencias de conducir a indocumentados"},"content":{"rendered":"<div data-elementor-type=\"wp-post\" data-elementor-id=\"19074\" class=\"elementor elementor-19074\">\n\t\t\t\t\t\t<section class=\"elementor-section elementor-top-section elementor-element elementor-element-2ae491ef elementor-section-boxed elementor-section-height-default elementor-section-height-default wpr-particle-no wpr-jarallax-no wpr-parallax-no wpr-sticky-section-no wpr-equal-height-no\" data-id=\"2ae491ef\" data-element_type=\"section\" data-e-type=\"section\">\n\t\t\t\t\t\t<div class=\"elementor-container elementor-column-gap-default\">\n\t\t\t\t\t<div class=\"elementor-column elementor-col-100 elementor-top-column elementor-element elementor-element-29caa9c0\" data-id=\"29caa9c0\" data-element_type=\"column\" data-e-type=\"column\">\n\t\t\t<div class=\"elementor-widget-wrap elementor-element-populated\">\n\t\t\t\t\t\t<div class=\"elementor-element elementor-element-2572709e elementor-widget elementor-widget-text-editor\" data-id=\"2572709e\" data-element_type=\"widget\" data-e-type=\"widget\" data-widget_type=\"text-editor.default\">\n\t\t\t\t<div class=\"elementor-widget-container\">\n\t\t\t\t\t\t\t\t\t<p>Los indocumentados que viven Nueva York celebraron el pasado viernes 8 de noviembre de 2019, la decisi\u00f3n de una jueza federal de desestimar una demanda que pretend\u00eda imposibilitar a los inmigrantes no legales de obtener licencias de conducir en la Gran Manzana.<\/p><p>Gracias a este fallo a favor de los inmigrantes, el pr\u00f3ximo 14 de diciembre de 2019, Nueva York podr\u00e1 seguir adelante con sus planes de aceptar solicitudes para emitir licencias de conducir a indocumentados, como ya lo hacen 13 estados de la Uni\u00f3n Americana.<\/p><p>La jueza Elizabeth Wolford, del tribunal federal en la ciudad de Rochester, se\u00f1al\u00f3 en su escrito de 32 p\u00e1ginas, que el secretario del condado de Erie, Michael Kearns, no tiene la autoridad legal para demandar porque no demostr\u00f3 que dicha medida de otorgar permisos de conducir le sea perjudicial.<\/p><p>En julio de 2019, Kearns present\u00f3 la demanda en contra del gobernador Andrew Cuomo, el argumento que dio el senador fue que obligar\u00eda a empleados del condado a violar las leyes federales de inmigraci\u00f3n y a ocultar informaci\u00f3n a las autoridades migratorias.<\/p><p>&#8220;La ley tiene como fin hacer nuestras carreteras m\u00e1s seguras y una econom\u00eda m\u00e1s floreciente, tambi\u00e9n permitir\u00e1 a los inmigrantes a salir de la obscuridad y tener una identificaci\u00f3n, as\u00ed como ser conductores legales en nuestro Estado&#8221;, indic\u00f3 en un comunicado la Fiscal General Letitia James.<\/p><p>Asimismo, Javier H. Vald\u00e9s, codirector ejecutivo de la organizaci\u00f3n proinmigrante \u201cSe Hace Camino\u201d, indic\u00f3 que est\u00e1n contentos con la negativa de la demanda, que calific\u00f3 de &#8220;fr\u00edvola&#8221; y que no respetaba los derechos humanos de los inmigrantes.<\/p><p>Afirm\u00f3 que esta medida ayudar\u00e1 a todos los neoyorquinos e impulsar\u00e1 la econom\u00eda, mejorar\u00e1 la seguridad vial y mantendr\u00e1 a las familias unidas.<\/p><p>Fuente: <em>Univision <\/em><\/p>\t\t\t\t\t\t\t\t<\/div>\n\t\t\t\t<\/div>\n\t\t\t\t\t<\/div>\n\t\t<\/div>\n\t\t\t\t\t<\/div>\n\t\t<\/section>\n\t\t\t\t<\/div>","protected":false},"excerpt":{"rendered":"<p>Los indocumentados que viven Nueva York celebraron el pasado viernes 8 de noviembre de 2019, la decisi\u00f3n de una jueza federal de desestimar una demanda que pretend\u00eda imposibilitar a los inmigrantes no legales de obtener licencias de conducir en la Gran Manzana. Gracias a este fallo a favor de los inmigrantes, el pr\u00f3ximo 14 de diciembre de 2019, Nueva York podr\u00e1 seguir adelante con sus planes de aceptar solicitudes para emitir licencias de conducir a indocumentados, como ya lo hacen 13 estados de la Uni\u00f3n Americana. La jueza Elizabeth Wolford, del tribunal federal en la ciudad de Rochester, se\u00f1al\u00f3 en su escrito de 32 p\u00e1ginas, que el secretario del condado de Erie, Michael Kearns, no tiene la autoridad legal para demandar porque no demostr\u00f3 que dicha medida de otorgar permisos de conducir le sea perjudicial. En julio de 2019, Kearns present\u00f3 la demanda en contra del gobernador Andrew Cuomo, el argumento que dio el senador fue que obligar\u00eda a empleados del condado a violar las leyes federales de inmigraci\u00f3n y a ocultar informaci\u00f3n a las autoridades migratorias. &#8220;La ley tiene como fin hacer nuestras carreteras m\u00e1s seguras y una econom\u00eda m\u00e1s floreciente, tambi\u00e9n permitir\u00e1 a los inmigrantes a salir de la obscuridad y tener una identificaci\u00f3n, as\u00ed como ser conductores legales en nuestro Estado&#8221;, indic\u00f3 en un comunicado la Fiscal General Letitia James. Asimismo, Javier H. Vald\u00e9s, codirector ejecutivo de la organizaci\u00f3n proinmigrante \u201cSe Hace Camino\u201d, indic\u00f3 que est\u00e1n contentos con la negativa de la demanda, que calific\u00f3 de &#8220;fr\u00edvola&#8221; y que no respetaba los derechos humanos de los inmigrantes. Afirm\u00f3 que esta medida ayudar\u00e1 a todos los neoyorquinos e impulsar\u00e1 la econom\u00eda, mejorar\u00e1 la seguridad vial y mantendr\u00e1 a las familias unidas. Fuente: Univision<\/p>","protected":false},"author":1,"featured_media":19078,"comment_status":"open","ping_status":"open","sticky":false,"template":"elementor_header_footer","format":"standard","meta":{"_uf_show_specific_survey":0,"_uf_disable_surveys":false,"footnotes":""},"categories":[10,1],"tags":[],"class_list":["post-19074","post","type-post","status-publish","format-standard","has-post-thumbnail","hentry","category-noticias","category-temas-de-interes"],"aioseo_notices":[],"yoast_head":"<!-- This site is optimized with the Yoast SEO plugin v27.4 - https:\/\/yoast.com\/product\/yoast-seo-wordpress\/ -->\n<title>Nueva York dar\u00e1 licencias de conducir a indocumentados<\/title>\n<meta name=\"description\" content=\"Los indocumentados que viven Nueva York celebraron el pasado viernes 8 de noviembre de 2019, la decisi\u00f3n de una jueza federal de desestimar...\" \/>\n<meta name=\"robots\" content=\"index, follow, max-snippet:-1, max-image-preview:large, max-video-preview:-1\" \/>\n<link rel=\"canonical\" href=\"https:\/\/accesolatino.org\/en\/nueva-york-dara-licencias-de-conducir-a-indocumentados\/noticias\/\" \/>\n<meta property=\"og:locale\" content=\"en_US\" \/>\n<meta property=\"og:type\" content=\"article\" \/>\n<meta property=\"og:title\" content=\"Nueva York dar\u00e1 licencias de conducir a indocumentados\" \/>\n<meta property=\"og:description\" content=\"Los indocumentados que viven Nueva York celebraron el pasado viernes 8 de noviembre de 2019, la decisi\u00f3n de una jueza federal de desestimar...\" \/>\n<meta property=\"og:url\" content=\"https:\/\/accesolatino.org\/en\/nueva-york-dara-licencias-de-conducir-a-indocumentados\/noticias\/\" \/>\n<meta property=\"og:site_name\" content=\"Acceso Latino\" \/>\n<meta property=\"article:publisher\" content=\"https:\/\/www.facebook.com\/AccesoLatinoOrg\" \/>\n<meta property=\"article:published_time\" content=\"2019-11-12T15:55:12+00:00\" \/>\n<meta property=\"article:modified_time\" content=\"2025-10-27T04:38:20+00:00\" \/>\n<meta property=\"og:image\" content=\"https:\/\/accesolatino.org\/wp-content\/uploads\/2019\/11\/Nueva-York-dar\u00e1-licencias-de-conducir-a-indocumentados.jpg\" \/>\n\t<meta property=\"og:image:width\" content=\"600\" \/>\n\t<meta property=\"og:image:height\" content=\"338\" \/>\n\t<meta property=\"og:image:type\" content=\"image\/jpeg\" \/>\n<meta name=\"author\" content=\"admin\" \/>\n<meta name=\"twitter:card\" content=\"summary_large_image\" \/>\n<meta name=\"twitter:creator\" content=\"@FAccLatino\" \/>\n<meta name=\"twitter:site\" content=\"@FAccLatino\" \/>\n<meta name=\"twitter:label1\" content=\"Written by\" \/>\n\t<meta name=\"twitter:data1\" content=\"admin\" \/>\n\t<meta name=\"twitter:label2\" content=\"Est. reading time\" \/>\n\t<meta name=\"twitter:data2\" content=\"2 minutes\" \/>\n<script type=\"application\/ld+json\" class=\"yoast-schema-graph\">{\"@context\":\"https:\\\/\\\/schema.org\",\"@graph\":[{\"@type\":\"Article\",\"@id\":\"https:\\\/\\\/accesolatino.org\\\/nueva-york-dara-licencias-de-conducir-a-indocumentados\\\/noticias\\\/#article\",\"isPartOf\":{\"@id\":\"https:\\\/\\\/accesolatino.org\\\/nueva-york-dara-licencias-de-conducir-a-indocumentados\\\/noticias\\\/\"},\"author\":{\"name\":\"admin\",\"@id\":\"https:\\\/\\\/accesolatino.org\\\/#\\\/schema\\\/person\\\/75127291c010a94e5a588c481204c991\"},\"headline\":\"Nueva York dar\u00e1 licencias de conducir a indocumentados\",\"datePublished\":\"2019-11-12T15:55:12+00:00\",\"dateModified\":\"2025-10-27T04:38:20+00:00\",\"mainEntityOfPage\":{\"@id\":\"https:\\\/\\\/accesolatino.org\\\/nueva-york-dara-licencias-de-conducir-a-indocumentados\\\/noticias\\\/\"},\"wordCount\":305,\"commentCount\":0,\"publisher\":{\"@id\":\"https:\\\/\\\/accesolatino.org\\\/#organization\"},\"image\":{\"@id\":\"https:\\\/\\\/accesolatino.org\\\/nueva-york-dara-licencias-de-conducir-a-indocumentados\\\/noticias\\\/#primaryimage\"},\"thumbnailUrl\":\"https:\\\/\\\/accesolatino.org\\\/wp-content\\\/uploads\\\/2019\\\/11\\\/Nueva-York-dar\u00e1-licencias-de-conducir-a-indocumentados.jpg\",\"articleSection\":[\"Noticias\",\"Temas de inter\u00e9s\"],\"inLanguage\":\"en-US\",\"potentialAction\":[{\"@type\":\"CommentAction\",\"name\":\"Comment\",\"target\":[\"https:\\\/\\\/accesolatino.org\\\/nueva-york-dara-licencias-de-conducir-a-indocumentados\\\/noticias\\\/#respond\"]}]},{\"@type\":\"WebPage\",\"@id\":\"https:\\\/\\\/accesolatino.org\\\/nueva-york-dara-licencias-de-conducir-a-indocumentados\\\/noticias\\\/\",\"url\":\"https:\\\/\\\/accesolatino.org\\\/nueva-york-dara-licencias-de-conducir-a-indocumentados\\\/noticias\\\/\",\"name\":\"Nueva York dar\u00e1 licencias de conducir a indocumentados\",\"isPartOf\":{\"@id\":\"https:\\\/\\\/accesolatino.org\\\/#website\"},\"primaryImageOfPage\":{\"@id\":\"https:\\\/\\\/accesolatino.org\\\/nueva-york-dara-licencias-de-conducir-a-indocumentados\\\/noticias\\\/#primaryimage\"},\"image\":{\"@id\":\"https:\\\/\\\/accesolatino.org\\\/nueva-york-dara-licencias-de-conducir-a-indocumentados\\\/noticias\\\/#primaryimage\"},\"thumbnailUrl\":\"https:\\\/\\\/accesolatino.org\\\/wp-content\\\/uploads\\\/2019\\\/11\\\/Nueva-York-dar\u00e1-licencias-de-conducir-a-indocumentados.jpg\",\"datePublished\":\"2019-11-12T15:55:12+00:00\",\"dateModified\":\"2025-10-27T04:38:20+00:00\",\"description\":\"Los indocumentados que viven Nueva York celebraron el pasado viernes 8 de noviembre de 2019, la decisi\u00f3n de una jueza federal de desestimar...\",\"breadcrumb\":{\"@id\":\"https:\\\/\\\/accesolatino.org\\\/nueva-york-dara-licencias-de-conducir-a-indocumentados\\\/noticias\\\/#breadcrumb\"},\"inLanguage\":\"en-US\",\"potentialAction\":[{\"@type\":\"ReadAction\",\"target\":[\"https:\\\/\\\/accesolatino.org\\\/nueva-york-dara-licencias-de-conducir-a-indocumentados\\\/noticias\\\/\"]}]},{\"@type\":\"ImageObject\",\"inLanguage\":\"en-US\",\"@id\":\"https:\\\/\\\/accesolatino.org\\\/nueva-york-dara-licencias-de-conducir-a-indocumentados\\\/noticias\\\/#primaryimage\",\"url\":\"https:\\\/\\\/accesolatino.org\\\/wp-content\\\/uploads\\\/2019\\\/11\\\/Nueva-York-dar\u00e1-licencias-de-conducir-a-indocumentados.jpg\",\"contentUrl\":\"https:\\\/\\\/accesolatino.org\\\/wp-content\\\/uploads\\\/2019\\\/11\\\/Nueva-York-dar\u00e1-licencias-de-conducir-a-indocumentados.jpg\",\"width\":600,\"height\":338,\"caption\":\"Nueva York dar\u00e1 licencias de conducir a indocumentados\"},{\"@type\":\"BreadcrumbList\",\"@id\":\"https:\\\/\\\/accesolatino.org\\\/nueva-york-dara-licencias-de-conducir-a-indocumentados\\\/noticias\\\/#breadcrumb\",\"itemListElement\":[{\"@type\":\"ListItem\",\"position\":1,\"name\":\"Portada\",\"item\":\"https:\\\/\\\/accesolatino.org\\\/\"},{\"@type\":\"ListItem\",\"position\":2,\"name\":\"Noticias\",\"item\":\"https:\\\/\\\/accesolatino.org\\\/category\\\/noticias\\\/\"},{\"@type\":\"ListItem\",\"position\":3,\"name\":\"Nueva York dar\u00e1 licencias de conducir a indocumentados\"}]},{\"@type\":\"WebSite\",\"@id\":\"https:\\\/\\\/accesolatino.org\\\/#website\",\"url\":\"https:\\\/\\\/accesolatino.org\\\/\",\"name\":\"Acceso Latino | Fundaci\u00f3n Carlos Slim\",\"description\":\"Fundaci\u00f3n Carlos Slim\",\"publisher\":{\"@id\":\"https:\\\/\\\/accesolatino.org\\\/#organization\"},\"potentialAction\":[{\"@type\":\"SearchAction\",\"target\":{\"@type\":\"EntryPoint\",\"urlTemplate\":\"https:\\\/\\\/accesolatino.org\\\/?s={search_term_string}\"},\"query-input\":{\"@type\":\"PropertyValueSpecification\",\"valueRequired\":true,\"valueName\":\"search_term_string\"}}],\"inLanguage\":\"en-US\"},{\"@type\":\"Organization\",\"@id\":\"https:\\\/\\\/accesolatino.org\\\/#organization\",\"name\":\"Acceso Latino | Fundaci\u00f3n Carlos Slim\",\"url\":\"https:\\\/\\\/accesolatino.org\\\/\",\"logo\":{\"@type\":\"ImageObject\",\"inLanguage\":\"en-US\",\"@id\":\"https:\\\/\\\/accesolatino.org\\\/#\\\/schema\\\/logo\\\/image\\\/\",\"url\":\"https:\\\/\\\/accesolatino.org\\\/wp-content\\\/uploads\\\/2021\\\/02\\\/logo-footer-acceso-latino.png\",\"contentUrl\":\"https:\\\/\\\/accesolatino.org\\\/wp-content\\\/uploads\\\/2021\\\/02\\\/logo-footer-acceso-latino.png\",\"width\":240,\"height\":40,\"caption\":\"Acceso Latino | Fundaci\u00f3n Carlos Slim\"},\"image\":{\"@id\":\"https:\\\/\\\/accesolatino.org\\\/#\\\/schema\\\/logo\\\/image\\\/\"},\"sameAs\":[\"https:\\\/\\\/www.facebook.com\\\/AccesoLatinoOrg\",\"https:\\\/\\\/x.com\\\/FAccLatino\"]},{\"@type\":\"Person\",\"@id\":\"https:\\\/\\\/accesolatino.org\\\/#\\\/schema\\\/person\\\/75127291c010a94e5a588c481204c991\",\"name\":\"admin\"}]}<\/script>\n<!-- \/ Yoast SEO plugin. -->","yoast_head_json":{"title":"Nueva York dar\u00e1 licencias de conducir a indocumentados","description":"Los indocumentados que viven Nueva York celebraron el pasado viernes 8 de noviembre de 2019, la decisi\u00f3n de una jueza federal de desestimar...","robots":{"index":"index","follow":"follow","max-snippet":"max-snippet:-1","max-image-preview":"max-image-preview:large","max-video-preview":"max-video-preview:-1"},"canonical":"https:\/\/accesolatino.org\/en\/nueva-york-dara-licencias-de-conducir-a-indocumentados\/noticias\/","og_locale":"en_US","og_type":"article","og_title":"Nueva York dar\u00e1 licencias de conducir a indocumentados","og_description":"Los indocumentados que viven Nueva York celebraron el pasado viernes 8 de noviembre de 2019, la decisi\u00f3n de una jueza federal de desestimar...","og_url":"https:\/\/accesolatino.org\/en\/nueva-york-dara-licencias-de-conducir-a-indocumentados\/noticias\/","og_site_name":"Acceso Latino","article_publisher":"https:\/\/www.facebook.com\/AccesoLatinoOrg","article_published_time":"2019-11-12T15:55:12+00:00","article_modified_time":"2025-10-27T04:38:20+00:00","og_image":[{"width":600,"height":338,"url":"https:\/\/accesolatino.org\/wp-content\/uploads\/2019\/11\/Nueva-York-dar\u00e1-licencias-de-conducir-a-indocumentados.jpg","type":"image\/jpeg"}],"author":"admin","twitter_card":"summary_large_image","twitter_creator":"@FAccLatino","twitter_site":"@FAccLatino","twitter_misc":{"Written by":"admin","Est. reading time":"2 minutes"},"schema":{"@context":"https:\/\/schema.org","@graph":[{"@type":"Article","@id":"https:\/\/accesolatino.org\/nueva-york-dara-licencias-de-conducir-a-indocumentados\/noticias\/#article","isPartOf":{"@id":"https:\/\/accesolatino.org\/nueva-york-dara-licencias-de-conducir-a-indocumentados\/noticias\/"},"author":{"name":"admin","@id":"https:\/\/accesolatino.org\/#\/schema\/person\/75127291c010a94e5a588c481204c991"},"headline":"Nueva York dar\u00e1 licencias de conducir a indocumentados","datePublished":"2019-11-12T15:55:12+00:00","dateModified":"2025-10-27T04:38:20+00:00","mainEntityOfPage":{"@id":"https:\/\/accesolatino.org\/nueva-york-dara-licencias-de-conducir-a-indocumentados\/noticias\/"},"wordCount":305,"commentCount":0,"publisher":{"@id":"https:\/\/accesolatino.org\/#organization"},"image":{"@id":"https:\/\/accesolatino.org\/nueva-york-dara-licencias-de-conducir-a-indocumentados\/noticias\/#primaryimage"},"thumbnailUrl":"https:\/\/accesolatino.org\/wp-content\/uploads\/2019\/11\/Nueva-York-dar\u00e1-licencias-de-conducir-a-indocumentados.jpg","articleSection":["Noticias","Temas de inter\u00e9s"],"inLanguage":"en-US","potentialAction":[{"@type":"CommentAction","name":"Comment","target":["https:\/\/accesolatino.org\/nueva-york-dara-licencias-de-conducir-a-indocumentados\/noticias\/#respond"]}]},{"@type":"WebPage","@id":"https:\/\/accesolatino.org\/nueva-york-dara-licencias-de-conducir-a-indocumentados\/noticias\/","url":"https:\/\/accesolatino.org\/nueva-york-dara-licencias-de-conducir-a-indocumentados\/noticias\/","name":"Nueva York dar\u00e1 licencias de conducir a indocumentados","isPartOf":{"@id":"https:\/\/accesolatino.org\/#website"},"primaryImageOfPage":{"@id":"https:\/\/accesolatino.org\/nueva-york-dara-licencias-de-conducir-a-indocumentados\/noticias\/#primaryimage"},"image":{"@id":"https:\/\/accesolatino.org\/nueva-york-dara-licencias-de-conducir-a-indocumentados\/noticias\/#primaryimage"},"thumbnailUrl":"https:\/\/accesolatino.org\/wp-content\/uploads\/2019\/11\/Nueva-York-dar\u00e1-licencias-de-conducir-a-indocumentados.jpg","datePublished":"2019-11-12T15:55:12+00:00","dateModified":"2025-10-27T04:38:20+00:00","description":"Los indocumentados que viven Nueva York celebraron el pasado viernes 8 de noviembre de 2019, la decisi\u00f3n de una jueza federal de desestimar...","breadcrumb":{"@id":"https:\/\/accesolatino.org\/nueva-york-dara-licencias-de-conducir-a-indocumentados\/noticias\/#breadcrumb"},"inLanguage":"en-US","potentialAction":[{"@type":"ReadAction","target":["https:\/\/accesolatino.org\/nueva-york-dara-licencias-de-conducir-a-indocumentados\/noticias\/"]}]},{"@type":"ImageObject","inLanguage":"en-US","@id":"https:\/\/accesolatino.org\/nueva-york-dara-licencias-de-conducir-a-indocumentados\/noticias\/#primaryimage","url":"https:\/\/accesolatino.org\/wp-content\/uploads\/2019\/11\/Nueva-York-dar\u00e1-licencias-de-conducir-a-indocumentados.jpg","contentUrl":"https:\/\/accesolatino.org\/wp-content\/uploads\/2019\/11\/Nueva-York-dar\u00e1-licencias-de-conducir-a-indocumentados.jpg","width":600,"height":338,"caption":"Nueva York dar\u00e1 licencias de conducir a indocumentados"},{"@type":"BreadcrumbList","@id":"https:\/\/accesolatino.org\/nueva-york-dara-licencias-de-conducir-a-indocumentados\/noticias\/#breadcrumb","itemListElement":[{"@type":"ListItem","position":1,"name":"Portada","item":"https:\/\/accesolatino.org\/"},{"@type":"ListItem","position":2,"name":"Noticias","item":"https:\/\/accesolatino.org\/category\/noticias\/"},{"@type":"ListItem","position":3,"name":"Nueva York dar\u00e1 licencias de conducir a indocumentados"}]},{"@type":"WebSite","@id":"https:\/\/accesolatino.org\/#website","url":"https:\/\/accesolatino.org\/","name":"Acceso Latino | Fundaci\u00f3n Carlos Slim","description":"Fundaci\u00f3n Carlos Slim","publisher":{"@id":"https:\/\/accesolatino.org\/#organization"},"potentialAction":[{"@type":"SearchAction","target":{"@type":"EntryPoint","urlTemplate":"https:\/\/accesolatino.org\/?s={search_term_string}"},"query-input":{"@type":"PropertyValueSpecification","valueRequired":true,"valueName":"search_term_string"}}],"inLanguage":"en-US"},{"@type":"Organization","@id":"https:\/\/accesolatino.org\/#organization","name":"Acceso Latino | Fundaci\u00f3n Carlos Slim","url":"https:\/\/accesolatino.org\/","logo":{"@type":"ImageObject","inLanguage":"en-US","@id":"https:\/\/accesolatino.org\/#\/schema\/logo\/image\/","url":"https:\/\/accesolatino.org\/wp-content\/uploads\/2021\/02\/logo-footer-acceso-latino.png","contentUrl":"https:\/\/accesolatino.org\/wp-content\/uploads\/2021\/02\/logo-footer-acceso-latino.png","width":240,"height":40,"caption":"Acceso Latino | Fundaci\u00f3n Carlos Slim"},"image":{"@id":"https:\/\/accesolatino.org\/#\/schema\/logo\/image\/"},"sameAs":["https:\/\/www.facebook.com\/AccesoLatinoOrg","https:\/\/x.com\/FAccLatino"]},{"@type":"Person","@id":"https:\/\/accesolatino.org\/#\/schema\/person\/75127291c010a94e5a588c481204c991","name":"admin"}]}},"_links":{"self":[{"href":"https:\/\/accesolatino.org\/en\/wp-json\/wp\/v2\/posts\/19074","targetHints":{"allow":["GET"]}}],"collection":[{"href":"https:\/\/accesolatino.org\/en\/wp-json\/wp\/v2\/posts"}],"about":[{"href":"https:\/\/accesolatino.org\/en\/wp-json\/wp\/v2\/types\/post"}],"author":[{"embeddable":true,"href":"https:\/\/accesolatino.org\/en\/wp-json\/wp\/v2\/users\/1"}],"replies":[{"embeddable":true,"href":"https:\/\/accesolatino.org\/en\/wp-json\/wp\/v2\/comments?post=19074"}],"version-history":[{"count":1,"href":"https:\/\/accesolatino.org\/en\/wp-json\/wp\/v2\/posts\/19074\/revisions"}],"predecessor-version":[{"id":66114,"href":"https:\/\/accesolatino.org\/en\/wp-json\/wp\/v2\/posts\/19074\/revisions\/66114"}],"wp:featuredmedia":[{"embeddable":true,"href":"https:\/\/accesolatino.org\/en\/wp-json\/wp\/v2\/media\/19078"}],"wp:attachment":[{"href":"https:\/\/accesolatino.org\/en\/wp-json\/wp\/v2\/media?parent=19074"}],"wp:term":[{"taxonomy":"category","embeddable":true,"href":"https:\/\/accesolatino.org\/en\/wp-json\/wp\/v2\/categories?post=19074"},{"taxonomy":"post_tag","embeddable":true,"href":"https:\/\/accesolatino.org\/en\/wp-json\/wp\/v2\/tags?post=19074"}],"curies":[{"name":"wp","href":"https:\/\/api.w.org\/{rel}","templated":true}]}}