{"id":19018,"date":"2019-11-06T16:20:34","date_gmt":"2019-11-06T22:20:34","guid":{"rendered":"https:\/\/accesolatino.org\/?p=19018"},"modified":"2025-10-26T22:40:02","modified_gmt":"2025-10-27T04:40:02","slug":"estudiantes-van-a-la-corte-suprema-para-que-proteja-daca","status":"publish","type":"post","link":"https:\/\/accesolatino.org\/en\/estudiantes-van-a-la-corte-suprema-para-que-proteja-daca\/noticias\/","title":{"rendered":"Estudiantes van a la Corte Suprema para que proteja DACA"},"content":{"rendered":"<div data-elementor-type=\"wp-post\" data-elementor-id=\"19018\" class=\"elementor elementor-19018\">\n\t\t\t\t\t\t<section class=\"elementor-section elementor-top-section elementor-element elementor-element-2ae491ef elementor-section-boxed elementor-section-height-default elementor-section-height-default wpr-particle-no wpr-jarallax-no wpr-parallax-no wpr-sticky-section-no wpr-equal-height-no\" data-id=\"2ae491ef\" data-element_type=\"section\" data-e-type=\"section\">\n\t\t\t\t\t\t<div class=\"elementor-container elementor-column-gap-default\">\n\t\t\t\t\t<div class=\"elementor-column elementor-col-100 elementor-top-column elementor-element elementor-element-29caa9c0\" data-id=\"29caa9c0\" data-element_type=\"column\" data-e-type=\"column\">\n\t\t\t<div class=\"elementor-widget-wrap elementor-element-populated\">\n\t\t\t\t\t\t<div class=\"elementor-element elementor-element-2572709e elementor-widget elementor-widget-text-editor\" data-id=\"2572709e\" data-element_type=\"widget\" data-e-type=\"widget\" data-widget_type=\"text-editor.default\">\n\t\t\t\t<div class=\"elementor-widget-container\">\n\t\t\t\t\t\t\t\t\t<p>Alumnos de numerosas escuelas secundarias de varios estados de la Uni\u00f3n Americana se preparan para marchar el viernes en apoyo al programa Acci\u00f3n Diferida para los Llegados en la Infancia (DACA, por sus siglas en ingl\u00e9s), a unos d\u00edas de que la Corte Suprema decida si deja de existir o contin\u00faa apoyando a los j\u00f3venes.<\/p><p>\u201cEste viernes los <em>dreamers<\/em> de escuelas secundarias van a suspender clases para expresar pac\u00edficamente su apoyo al programa y para decirle a los jueces de la Corte Suprema que lo proteja\u201d, declar\u00f3 a <em>Univision<\/em> Noticias, Jos\u00e9 Mu\u00f1oz, director de comunicaciones de <em>United We Dream<\/em> (UWD).<\/p><p>\u00bfC\u00f3mo se lleg\u00f3 a esto?<\/p><p>El 5 de septiembre de 2017, DACA fue cancelado por el actual presidente norteamericano, en enero de 2018, una corte de San Francisco, California, reabri\u00f3 el programa en su totalidad, exceptuando nuevas inscripciones. Esto fue apoyado por otros tres tribunales que respaldaron dicha decisi\u00f3n, incluyendo una corte de apelaciones.<\/p><p>Desde entonces la lucha ha sido constante por parte de activistas, organizaciones, pol\u00edticos y miles de personas que quieren evitar que el programa se cancele, sino por el contrario, siga apoyando a los miles de j\u00f3venes amparados por DACA.<\/p><p>La demanda en contra de la decisi\u00f3n del presidente estadounidense de cancelar DACA el 5 de septiembre de 2017 fue presentada, entre otros, por la Universidad de California, la ciudad de San Jos\u00e9, el condado de Santa Clara, en California, los estados de Maine, Minnesota y Maryland.<\/p><p>La marcha inicio hace unos d\u00edas y parti\u00f3 desde Battery Park, en Nueva York y se juntar\u00e1 con otras marchas el d\u00eda 12 de noviembre en las escalinatas del tribunal, en Washington, DC.<\/p><p>Fuente: <em>Univisi\u00f3n<\/em><\/p>\t\t\t\t\t\t\t\t<\/div>\n\t\t\t\t<\/div>\n\t\t\t\t\t<\/div>\n\t\t<\/div>\n\t\t\t\t\t<\/div>\n\t\t<\/section>\n\t\t\t\t<\/div>","protected":false},"excerpt":{"rendered":"<p>Alumnos de numerosas escuelas secundarias de varios estados de la Uni\u00f3n Americana se preparan para marchar el viernes en apoyo al programa Acci\u00f3n Diferida para los Llegados en la Infancia (DACA, por sus siglas en ingl\u00e9s), a unos d\u00edas de que la Corte Suprema decida si deja de existir o contin\u00faa apoyando a los j\u00f3venes. \u201cEste viernes los dreamers de escuelas secundarias van a suspender clases para expresar pac\u00edficamente su apoyo al programa y para decirle a los jueces de la Corte Suprema que lo proteja\u201d, declar\u00f3 a Univision Noticias, Jos\u00e9 Mu\u00f1oz, director de comunicaciones de United We Dream (UWD). \u00bfC\u00f3mo se lleg\u00f3 a esto? El 5 de septiembre de 2017, DACA fue cancelado por el actual presidente norteamericano, en enero de 2018, una corte de San Francisco, California, reabri\u00f3 el programa en su totalidad, exceptuando nuevas inscripciones. Esto fue apoyado por otros tres tribunales que respaldaron dicha decisi\u00f3n, incluyendo una corte de apelaciones. Desde entonces la lucha ha sido constante por parte de activistas, organizaciones, pol\u00edticos y miles de personas que quieren evitar que el programa se cancele, sino por el contrario, siga apoyando a los miles de j\u00f3venes amparados por DACA. La demanda en contra de la decisi\u00f3n del presidente estadounidense de cancelar DACA el 5 de septiembre de 2017 fue presentada, entre otros, por la Universidad de California, la ciudad de San Jos\u00e9, el condado de Santa Clara, en California, los estados de Maine, Minnesota y Maryland. La marcha inicio hace unos d\u00edas y parti\u00f3 desde Battery Park, en Nueva York y se juntar\u00e1 con otras marchas el d\u00eda 12 de noviembre en las escalinatas del tribunal, en Washington, DC. Fuente: Univisi\u00f3n<\/p>","protected":false},"author":1,"featured_media":19020,"comment_status":"open","ping_status":"open","sticky":false,"template":"elementor_header_footer","format":"standard","meta":{"_uf_show_specific_survey":0,"_uf_disable_surveys":false,"footnotes":""},"categories":[10,1],"tags":[],"class_list":["post-19018","post","type-post","status-publish","format-standard","has-post-thumbnail","hentry","category-noticias","category-temas-de-interes"],"aioseo_notices":[],"yoast_head":"<!-- This site is optimized with the Yoast SEO plugin v27.4 - https:\/\/yoast.com\/product\/yoast-seo-wordpress\/ -->\n<title>Estudiantes van a la Corte Suprema para que proteja DACA<\/title>\n<meta name=\"description\" content=\"Alumnos de numerosas escuelas secundarias de varios estados de la Uni\u00f3n Americana se preparan para marchar el viernes en apoyo al programa DACA...\" \/>\n<meta name=\"robots\" content=\"index, follow, max-snippet:-1, max-image-preview:large, max-video-preview:-1\" \/>\n<link rel=\"canonical\" href=\"https:\/\/accesolatino.org\/en\/estudiantes-van-a-la-corte-suprema-para-que-proteja-daca\/noticias\/\" \/>\n<meta property=\"og:locale\" content=\"en_US\" \/>\n<meta property=\"og:type\" content=\"article\" \/>\n<meta property=\"og:title\" content=\"Estudiantes van a la Corte Suprema para que proteja DACA\" \/>\n<meta property=\"og:description\" content=\"Alumnos de numerosas escuelas secundarias de varios estados de la Uni\u00f3n Americana se preparan para marchar el viernes en apoyo al programa DACA...\" \/>\n<meta property=\"og:url\" content=\"https:\/\/accesolatino.org\/en\/estudiantes-van-a-la-corte-suprema-para-que-proteja-daca\/noticias\/\" \/>\n<meta property=\"og:site_name\" content=\"Acceso Latino\" \/>\n<meta property=\"article:publisher\" content=\"https:\/\/www.facebook.com\/AccesoLatinoOrg\" \/>\n<meta property=\"article:published_time\" content=\"2019-11-06T22:20:34+00:00\" \/>\n<meta property=\"article:modified_time\" content=\"2025-10-27T04:40:02+00:00\" \/>\n<meta property=\"og:image\" content=\"https:\/\/accesolatino.org\/wp-content\/uploads\/2019\/11\/Estudiantes-van-a-la-Corte-Suprema-para-que-proteja-DACA.jpg\" \/>\n\t<meta property=\"og:image:width\" content=\"600\" \/>\n\t<meta property=\"og:image:height\" content=\"338\" \/>\n\t<meta property=\"og:image:type\" content=\"image\/jpeg\" \/>\n<meta name=\"author\" content=\"admin\" \/>\n<meta name=\"twitter:card\" content=\"summary_large_image\" \/>\n<meta name=\"twitter:creator\" content=\"@FAccLatino\" \/>\n<meta name=\"twitter:site\" content=\"@FAccLatino\" \/>\n<meta name=\"twitter:label1\" content=\"Written by\" \/>\n\t<meta name=\"twitter:data1\" content=\"admin\" \/>\n\t<meta name=\"twitter:label2\" content=\"Est. reading time\" \/>\n\t<meta name=\"twitter:data2\" content=\"2 minutes\" \/>\n<script type=\"application\/ld+json\" class=\"yoast-schema-graph\">{\"@context\":\"https:\\\/\\\/schema.org\",\"@graph\":[{\"@type\":\"Article\",\"@id\":\"https:\\\/\\\/accesolatino.org\\\/estudiantes-van-a-la-corte-suprema-para-que-proteja-daca\\\/noticias\\\/#article\",\"isPartOf\":{\"@id\":\"https:\\\/\\\/accesolatino.org\\\/estudiantes-van-a-la-corte-suprema-para-que-proteja-daca\\\/noticias\\\/\"},\"author\":{\"name\":\"admin\",\"@id\":\"https:\\\/\\\/accesolatino.org\\\/#\\\/schema\\\/person\\\/75127291c010a94e5a588c481204c991\"},\"headline\":\"Estudiantes van a la Corte Suprema para que proteja DACA\",\"datePublished\":\"2019-11-06T22:20:34+00:00\",\"dateModified\":\"2025-10-27T04:40:02+00:00\",\"mainEntityOfPage\":{\"@id\":\"https:\\\/\\\/accesolatino.org\\\/estudiantes-van-a-la-corte-suprema-para-que-proteja-daca\\\/noticias\\\/\"},\"wordCount\":295,\"commentCount\":0,\"publisher\":{\"@id\":\"https:\\\/\\\/accesolatino.org\\\/#organization\"},\"image\":{\"@id\":\"https:\\\/\\\/accesolatino.org\\\/estudiantes-van-a-la-corte-suprema-para-que-proteja-daca\\\/noticias\\\/#primaryimage\"},\"thumbnailUrl\":\"https:\\\/\\\/accesolatino.org\\\/wp-content\\\/uploads\\\/2019\\\/11\\\/Estudiantes-van-a-la-Corte-Suprema-para-que-proteja-DACA.jpg\",\"articleSection\":[\"Noticias\",\"Temas de inter\u00e9s\"],\"inLanguage\":\"en-US\",\"potentialAction\":[{\"@type\":\"CommentAction\",\"name\":\"Comment\",\"target\":[\"https:\\\/\\\/accesolatino.org\\\/estudiantes-van-a-la-corte-suprema-para-que-proteja-daca\\\/noticias\\\/#respond\"]}]},{\"@type\":\"WebPage\",\"@id\":\"https:\\\/\\\/accesolatino.org\\\/estudiantes-van-a-la-corte-suprema-para-que-proteja-daca\\\/noticias\\\/\",\"url\":\"https:\\\/\\\/accesolatino.org\\\/estudiantes-van-a-la-corte-suprema-para-que-proteja-daca\\\/noticias\\\/\",\"name\":\"Estudiantes van a la Corte Suprema para que proteja DACA\",\"isPartOf\":{\"@id\":\"https:\\\/\\\/accesolatino.org\\\/#website\"},\"primaryImageOfPage\":{\"@id\":\"https:\\\/\\\/accesolatino.org\\\/estudiantes-van-a-la-corte-suprema-para-que-proteja-daca\\\/noticias\\\/#primaryimage\"},\"image\":{\"@id\":\"https:\\\/\\\/accesolatino.org\\\/estudiantes-van-a-la-corte-suprema-para-que-proteja-daca\\\/noticias\\\/#primaryimage\"},\"thumbnailUrl\":\"https:\\\/\\\/accesolatino.org\\\/wp-content\\\/uploads\\\/2019\\\/11\\\/Estudiantes-van-a-la-Corte-Suprema-para-que-proteja-DACA.jpg\",\"datePublished\":\"2019-11-06T22:20:34+00:00\",\"dateModified\":\"2025-10-27T04:40:02+00:00\",\"description\":\"Alumnos de numerosas escuelas secundarias de varios estados de la Uni\u00f3n Americana se preparan para marchar el viernes en apoyo al programa DACA...\",\"breadcrumb\":{\"@id\":\"https:\\\/\\\/accesolatino.org\\\/estudiantes-van-a-la-corte-suprema-para-que-proteja-daca\\\/noticias\\\/#breadcrumb\"},\"inLanguage\":\"en-US\",\"potentialAction\":[{\"@type\":\"ReadAction\",\"target\":[\"https:\\\/\\\/accesolatino.org\\\/estudiantes-van-a-la-corte-suprema-para-que-proteja-daca\\\/noticias\\\/\"]}]},{\"@type\":\"ImageObject\",\"inLanguage\":\"en-US\",\"@id\":\"https:\\\/\\\/accesolatino.org\\\/estudiantes-van-a-la-corte-suprema-para-que-proteja-daca\\\/noticias\\\/#primaryimage\",\"url\":\"https:\\\/\\\/accesolatino.org\\\/wp-content\\\/uploads\\\/2019\\\/11\\\/Estudiantes-van-a-la-Corte-Suprema-para-que-proteja-DACA.jpg\",\"contentUrl\":\"https:\\\/\\\/accesolatino.org\\\/wp-content\\\/uploads\\\/2019\\\/11\\\/Estudiantes-van-a-la-Corte-Suprema-para-que-proteja-DACA.jpg\",\"width\":600,\"height\":338,\"caption\":\"Estudiantes van a la Corte Suprema para que proteja DACA\"},{\"@type\":\"BreadcrumbList\",\"@id\":\"https:\\\/\\\/accesolatino.org\\\/estudiantes-van-a-la-corte-suprema-para-que-proteja-daca\\\/noticias\\\/#breadcrumb\",\"itemListElement\":[{\"@type\":\"ListItem\",\"position\":1,\"name\":\"Portada\",\"item\":\"https:\\\/\\\/accesolatino.org\\\/\"},{\"@type\":\"ListItem\",\"position\":2,\"name\":\"Noticias\",\"item\":\"https:\\\/\\\/accesolatino.org\\\/category\\\/noticias\\\/\"},{\"@type\":\"ListItem\",\"position\":3,\"name\":\"Estudiantes van a la Corte Suprema para que proteja DACA\"}]},{\"@type\":\"WebSite\",\"@id\":\"https:\\\/\\\/accesolatino.org\\\/#website\",\"url\":\"https:\\\/\\\/accesolatino.org\\\/\",\"name\":\"Acceso Latino | Fundaci\u00f3n Carlos Slim\",\"description\":\"Fundaci\u00f3n Carlos Slim\",\"publisher\":{\"@id\":\"https:\\\/\\\/accesolatino.org\\\/#organization\"},\"potentialAction\":[{\"@type\":\"SearchAction\",\"target\":{\"@type\":\"EntryPoint\",\"urlTemplate\":\"https:\\\/\\\/accesolatino.org\\\/?s={search_term_string}\"},\"query-input\":{\"@type\":\"PropertyValueSpecification\",\"valueRequired\":true,\"valueName\":\"search_term_string\"}}],\"inLanguage\":\"en-US\"},{\"@type\":\"Organization\",\"@id\":\"https:\\\/\\\/accesolatino.org\\\/#organization\",\"name\":\"Acceso Latino | Fundaci\u00f3n Carlos Slim\",\"url\":\"https:\\\/\\\/accesolatino.org\\\/\",\"logo\":{\"@type\":\"ImageObject\",\"inLanguage\":\"en-US\",\"@id\":\"https:\\\/\\\/accesolatino.org\\\/#\\\/schema\\\/logo\\\/image\\\/\",\"url\":\"https:\\\/\\\/accesolatino.org\\\/wp-content\\\/uploads\\\/2021\\\/02\\\/logo-footer-acceso-latino.png\",\"contentUrl\":\"https:\\\/\\\/accesolatino.org\\\/wp-content\\\/uploads\\\/2021\\\/02\\\/logo-footer-acceso-latino.png\",\"width\":240,\"height\":40,\"caption\":\"Acceso Latino | Fundaci\u00f3n Carlos Slim\"},\"image\":{\"@id\":\"https:\\\/\\\/accesolatino.org\\\/#\\\/schema\\\/logo\\\/image\\\/\"},\"sameAs\":[\"https:\\\/\\\/www.facebook.com\\\/AccesoLatinoOrg\",\"https:\\\/\\\/x.com\\\/FAccLatino\"]},{\"@type\":\"Person\",\"@id\":\"https:\\\/\\\/accesolatino.org\\\/#\\\/schema\\\/person\\\/75127291c010a94e5a588c481204c991\",\"name\":\"admin\"}]}<\/script>\n<!-- \/ Yoast SEO plugin. -->","yoast_head_json":{"title":"Estudiantes van a la Corte Suprema para que proteja DACA","description":"Alumnos de numerosas escuelas secundarias de varios estados de la Uni\u00f3n Americana se preparan para marchar el viernes en apoyo al programa DACA...","robots":{"index":"index","follow":"follow","max-snippet":"max-snippet:-1","max-image-preview":"max-image-preview:large","max-video-preview":"max-video-preview:-1"},"canonical":"https:\/\/accesolatino.org\/en\/estudiantes-van-a-la-corte-suprema-para-que-proteja-daca\/noticias\/","og_locale":"en_US","og_type":"article","og_title":"Estudiantes van a la Corte Suprema para que proteja DACA","og_description":"Alumnos de numerosas escuelas secundarias de varios estados de la Uni\u00f3n Americana se preparan para marchar el viernes en apoyo al programa DACA...","og_url":"https:\/\/accesolatino.org\/en\/estudiantes-van-a-la-corte-suprema-para-que-proteja-daca\/noticias\/","og_site_name":"Acceso Latino","article_publisher":"https:\/\/www.facebook.com\/AccesoLatinoOrg","article_published_time":"2019-11-06T22:20:34+00:00","article_modified_time":"2025-10-27T04:40:02+00:00","og_image":[{"width":600,"height":338,"url":"https:\/\/accesolatino.org\/wp-content\/uploads\/2019\/11\/Estudiantes-van-a-la-Corte-Suprema-para-que-proteja-DACA.jpg","type":"image\/jpeg"}],"author":"admin","twitter_card":"summary_large_image","twitter_creator":"@FAccLatino","twitter_site":"@FAccLatino","twitter_misc":{"Written by":"admin","Est. reading time":"2 minutes"},"schema":{"@context":"https:\/\/schema.org","@graph":[{"@type":"Article","@id":"https:\/\/accesolatino.org\/estudiantes-van-a-la-corte-suprema-para-que-proteja-daca\/noticias\/#article","isPartOf":{"@id":"https:\/\/accesolatino.org\/estudiantes-van-a-la-corte-suprema-para-que-proteja-daca\/noticias\/"},"author":{"name":"admin","@id":"https:\/\/accesolatino.org\/#\/schema\/person\/75127291c010a94e5a588c481204c991"},"headline":"Estudiantes van a la Corte Suprema para que proteja DACA","datePublished":"2019-11-06T22:20:34+00:00","dateModified":"2025-10-27T04:40:02+00:00","mainEntityOfPage":{"@id":"https:\/\/accesolatino.org\/estudiantes-van-a-la-corte-suprema-para-que-proteja-daca\/noticias\/"},"wordCount":295,"commentCount":0,"publisher":{"@id":"https:\/\/accesolatino.org\/#organization"},"image":{"@id":"https:\/\/accesolatino.org\/estudiantes-van-a-la-corte-suprema-para-que-proteja-daca\/noticias\/#primaryimage"},"thumbnailUrl":"https:\/\/accesolatino.org\/wp-content\/uploads\/2019\/11\/Estudiantes-van-a-la-Corte-Suprema-para-que-proteja-DACA.jpg","articleSection":["Noticias","Temas de inter\u00e9s"],"inLanguage":"en-US","potentialAction":[{"@type":"CommentAction","name":"Comment","target":["https:\/\/accesolatino.org\/estudiantes-van-a-la-corte-suprema-para-que-proteja-daca\/noticias\/#respond"]}]},{"@type":"WebPage","@id":"https:\/\/accesolatino.org\/estudiantes-van-a-la-corte-suprema-para-que-proteja-daca\/noticias\/","url":"https:\/\/accesolatino.org\/estudiantes-van-a-la-corte-suprema-para-que-proteja-daca\/noticias\/","name":"Estudiantes van a la Corte Suprema para que proteja DACA","isPartOf":{"@id":"https:\/\/accesolatino.org\/#website"},"primaryImageOfPage":{"@id":"https:\/\/accesolatino.org\/estudiantes-van-a-la-corte-suprema-para-que-proteja-daca\/noticias\/#primaryimage"},"image":{"@id":"https:\/\/accesolatino.org\/estudiantes-van-a-la-corte-suprema-para-que-proteja-daca\/noticias\/#primaryimage"},"thumbnailUrl":"https:\/\/accesolatino.org\/wp-content\/uploads\/2019\/11\/Estudiantes-van-a-la-Corte-Suprema-para-que-proteja-DACA.jpg","datePublished":"2019-11-06T22:20:34+00:00","dateModified":"2025-10-27T04:40:02+00:00","description":"Alumnos de numerosas escuelas secundarias de varios estados de la Uni\u00f3n Americana se preparan para marchar el viernes en apoyo al programa DACA...","breadcrumb":{"@id":"https:\/\/accesolatino.org\/estudiantes-van-a-la-corte-suprema-para-que-proteja-daca\/noticias\/#breadcrumb"},"inLanguage":"en-US","potentialAction":[{"@type":"ReadAction","target":["https:\/\/accesolatino.org\/estudiantes-van-a-la-corte-suprema-para-que-proteja-daca\/noticias\/"]}]},{"@type":"ImageObject","inLanguage":"en-US","@id":"https:\/\/accesolatino.org\/estudiantes-van-a-la-corte-suprema-para-que-proteja-daca\/noticias\/#primaryimage","url":"https:\/\/accesolatino.org\/wp-content\/uploads\/2019\/11\/Estudiantes-van-a-la-Corte-Suprema-para-que-proteja-DACA.jpg","contentUrl":"https:\/\/accesolatino.org\/wp-content\/uploads\/2019\/11\/Estudiantes-van-a-la-Corte-Suprema-para-que-proteja-DACA.jpg","width":600,"height":338,"caption":"Estudiantes van a la Corte Suprema para que proteja DACA"},{"@type":"BreadcrumbList","@id":"https:\/\/accesolatino.org\/estudiantes-van-a-la-corte-suprema-para-que-proteja-daca\/noticias\/#breadcrumb","itemListElement":[{"@type":"ListItem","position":1,"name":"Portada","item":"https:\/\/accesolatino.org\/"},{"@type":"ListItem","position":2,"name":"Noticias","item":"https:\/\/accesolatino.org\/category\/noticias\/"},{"@type":"ListItem","position":3,"name":"Estudiantes van a la Corte Suprema para que proteja DACA"}]},{"@type":"WebSite","@id":"https:\/\/accesolatino.org\/#website","url":"https:\/\/accesolatino.org\/","name":"Acceso Latino | Fundaci\u00f3n Carlos Slim","description":"Fundaci\u00f3n Carlos Slim","publisher":{"@id":"https:\/\/accesolatino.org\/#organization"},"potentialAction":[{"@type":"SearchAction","target":{"@type":"EntryPoint","urlTemplate":"https:\/\/accesolatino.org\/?s={search_term_string}"},"query-input":{"@type":"PropertyValueSpecification","valueRequired":true,"valueName":"search_term_string"}}],"inLanguage":"en-US"},{"@type":"Organization","@id":"https:\/\/accesolatino.org\/#organization","name":"Acceso Latino | Fundaci\u00f3n Carlos Slim","url":"https:\/\/accesolatino.org\/","logo":{"@type":"ImageObject","inLanguage":"en-US","@id":"https:\/\/accesolatino.org\/#\/schema\/logo\/image\/","url":"https:\/\/accesolatino.org\/wp-content\/uploads\/2021\/02\/logo-footer-acceso-latino.png","contentUrl":"https:\/\/accesolatino.org\/wp-content\/uploads\/2021\/02\/logo-footer-acceso-latino.png","width":240,"height":40,"caption":"Acceso Latino | Fundaci\u00f3n Carlos Slim"},"image":{"@id":"https:\/\/accesolatino.org\/#\/schema\/logo\/image\/"},"sameAs":["https:\/\/www.facebook.com\/AccesoLatinoOrg","https:\/\/x.com\/FAccLatino"]},{"@type":"Person","@id":"https:\/\/accesolatino.org\/#\/schema\/person\/75127291c010a94e5a588c481204c991","name":"admin"}]}},"_links":{"self":[{"href":"https:\/\/accesolatino.org\/en\/wp-json\/wp\/v2\/posts\/19018","targetHints":{"allow":["GET"]}}],"collection":[{"href":"https:\/\/accesolatino.org\/en\/wp-json\/wp\/v2\/posts"}],"about":[{"href":"https:\/\/accesolatino.org\/en\/wp-json\/wp\/v2\/types\/post"}],"author":[{"embeddable":true,"href":"https:\/\/accesolatino.org\/en\/wp-json\/wp\/v2\/users\/1"}],"replies":[{"embeddable":true,"href":"https:\/\/accesolatino.org\/en\/wp-json\/wp\/v2\/comments?post=19018"}],"version-history":[{"count":1,"href":"https:\/\/accesolatino.org\/en\/wp-json\/wp\/v2\/posts\/19018\/revisions"}],"predecessor-version":[{"id":66122,"href":"https:\/\/accesolatino.org\/en\/wp-json\/wp\/v2\/posts\/19018\/revisions\/66122"}],"wp:featuredmedia":[{"embeddable":true,"href":"https:\/\/accesolatino.org\/en\/wp-json\/wp\/v2\/media\/19020"}],"wp:attachment":[{"href":"https:\/\/accesolatino.org\/en\/wp-json\/wp\/v2\/media?parent=19018"}],"wp:term":[{"taxonomy":"category","embeddable":true,"href":"https:\/\/accesolatino.org\/en\/wp-json\/wp\/v2\/categories?post=19018"},{"taxonomy":"post_tag","embeddable":true,"href":"https:\/\/accesolatino.org\/en\/wp-json\/wp\/v2\/tags?post=19018"}],"curies":[{"name":"wp","href":"https:\/\/api.w.org\/{rel}","templated":true}]}}