{"id":19006,"date":"2019-11-05T15:54:55","date_gmt":"2019-11-05T21:54:55","guid":{"rendered":"https:\/\/accesolatino.org\/?p=19006"},"modified":"2025-10-26T22:43:39","modified_gmt":"2025-10-27T04:43:39","slug":"el-condado-de-orange-libera-a-21-indocumentados","status":"publish","type":"post","link":"https:\/\/accesolatino.org\/en\/el-condado-de-orange-libera-a-21-indocumentados\/noticias\/","title":{"rendered":"El Condado de Orange libera a 21 indocumentados"},"content":{"rendered":"<div data-elementor-type=\"wp-post\" data-elementor-id=\"19006\" class=\"elementor elementor-19006\">\n\t\t\t\t\t\t<section class=\"elementor-section elementor-top-section elementor-element elementor-element-2ae491ef elementor-section-boxed elementor-section-height-default elementor-section-height-default wpr-particle-no wpr-jarallax-no wpr-parallax-no wpr-sticky-section-no wpr-equal-height-no\" data-id=\"2ae491ef\" data-element_type=\"section\" data-e-type=\"section\">\n\t\t\t\t\t\t<div class=\"elementor-container elementor-column-gap-default\">\n\t\t\t\t\t<div class=\"elementor-column elementor-col-100 elementor-top-column elementor-element elementor-element-29caa9c0\" data-id=\"29caa9c0\" data-element_type=\"column\" data-e-type=\"column\">\n\t\t\t<div class=\"elementor-widget-wrap elementor-element-populated\">\n\t\t\t\t\t\t<div class=\"elementor-element elementor-element-2572709e elementor-widget elementor-widget-text-editor\" data-id=\"2572709e\" data-element_type=\"widget\" data-e-type=\"widget\" data-widget_type=\"text-editor.default\">\n\t\t\t\t<div class=\"elementor-widget-container\">\n\t\t\t\t\t\t\t\t\t<p>Las historias que viven los inmigrantes parecen salidas de un gui\u00f3n de <em>Hollywood<\/em>, lleno de drama y angustia, que d\u00eda a d\u00eda sufren, pero como en las pel\u00edculas, existe un h\u00e9roe y en este caso, es el Fondo de Justicia del Condado de Orange, un defensor de los indocumentados.<\/p><p>James (nombre ficticio) es un inmigrante que desde ni\u00f1o padece de polio y vivi\u00f3 una aut\u00e9ntica pesadilla en su pa\u00eds de origen, ya que constantemente era v\u00edctima de ataques y decidi\u00f3 huir de su naci\u00f3n, para llegar a Estados Unidos a pedir asilo, pero no contaba con que vivir\u00eda otra historia de terror.<\/p><p>Fue detenido en la frontera, lo metieron a una celda, no le dieron tratamiento m\u00e9dico de su padecimiento; (poliomielitis) en lugar de eso, lo aislaron y paso momentos muy dif\u00edciles. Despu\u00e9s de siete meses en la c\u00e1rcel de Theo Lacy, en el Condado de Orange, un juez le otorg\u00f3 libertad bajo fianza, pero no ten\u00eda los recursos para pagarla.<\/p><p>Cuando todo parec\u00eda perdido, sorpresivamente, llegaron los abogados del Fondo de Justicia del Condado de Orange (OCJF, por sus siglas en ingl\u00e9s) y pagaron su fianza para que pudiera salir en libertad.<\/p><p>Todo fue relatado por James en la celebraci\u00f3n de la segunda recaudaci\u00f3n de fondos del OCJF en Costa Mesa, en la que se dio a conocer que desde su apertura a principios de 2019, la organizaci\u00f3n no lucrativa ha logrado la liberaci\u00f3n de 21 personas de diferentes centros de detenci\u00f3n en el Sur de California.<\/p><p>Los l\u00edderes de la OCJF resaltaron que uno de sus objetivos primordiales es cerrar la grieta que existe en el sistema de justicia; las personas que enfrentan una deportaci\u00f3n no tienen derecho a un abogado destinado por el gobierno, mientras que ICE (Servicio de Inmigraci\u00f3n y Control de Aduanas de los Estados Unidos, por sus siglas en ingl\u00e9s) s\u00ed cuenta con abogados capacitados para cada caso.<\/p><p>Los dirigentes conf\u00edan que con el apoyo de la OCJF, los inmigrantes tendr\u00e1n mejores defensas ante la deportaci\u00f3n y la comunidad se sentir\u00e1 m\u00e1s protegida y apoyada.<\/p><p>Fuente: <em>La Opini\u00f3n<\/em><\/p>\t\t\t\t\t\t\t\t<\/div>\n\t\t\t\t<\/div>\n\t\t\t\t\t<\/div>\n\t\t<\/div>\n\t\t\t\t\t<\/div>\n\t\t<\/section>\n\t\t\t\t<\/div>","protected":false},"excerpt":{"rendered":"<p>Las historias que viven los inmigrantes parecen salidas de un gui\u00f3n de Hollywood, lleno de drama y angustia, que d\u00eda a d\u00eda sufren, pero como en las pel\u00edculas, existe un h\u00e9roe y en este caso, es el Fondo de Justicia del Condado de Orange, un defensor de los indocumentados. James (nombre ficticio) es un inmigrante que desde ni\u00f1o padece de polio y vivi\u00f3 una aut\u00e9ntica pesadilla en su pa\u00eds de origen, ya que constantemente era v\u00edctima de ataques y decidi\u00f3 huir de su naci\u00f3n, para llegar a Estados Unidos a pedir asilo, pero no contaba con que vivir\u00eda otra historia de terror. Fue detenido en la frontera, lo metieron a una celda, no le dieron tratamiento m\u00e9dico de su padecimiento; (poliomielitis) en lugar de eso, lo aislaron y paso momentos muy dif\u00edciles. Despu\u00e9s de siete meses en la c\u00e1rcel de Theo Lacy, en el Condado de Orange, un juez le otorg\u00f3 libertad bajo fianza, pero no ten\u00eda los recursos para pagarla. Cuando todo parec\u00eda perdido, sorpresivamente, llegaron los abogados del Fondo de Justicia del Condado de Orange (OCJF, por sus siglas en ingl\u00e9s) y pagaron su fianza para que pudiera salir en libertad. Todo fue relatado por James en la celebraci\u00f3n de la segunda recaudaci\u00f3n de fondos del OCJF en Costa Mesa, en la que se dio a conocer que desde su apertura a principios de 2019, la organizaci\u00f3n no lucrativa ha logrado la liberaci\u00f3n de 21 personas de diferentes centros de detenci\u00f3n en el Sur de California. Los l\u00edderes de la OCJF resaltaron que uno de sus objetivos primordiales es cerrar la grieta que existe en el sistema de justicia; las personas que enfrentan una deportaci\u00f3n no tienen derecho a un abogado destinado por el gobierno, mientras que ICE (Servicio de Inmigraci\u00f3n y Control de Aduanas de los Estados Unidos, por sus siglas en ingl\u00e9s) s\u00ed cuenta con abogados capacitados para cada caso. Los dirigentes conf\u00edan que con el apoyo de la OCJF, los inmigrantes tendr\u00e1n mejores defensas ante la deportaci\u00f3n y la comunidad se sentir\u00e1 m\u00e1s protegida y apoyada. Fuente: La Opini\u00f3n<\/p>","protected":false},"author":1,"featured_media":19009,"comment_status":"open","ping_status":"open","sticky":false,"template":"elementor_header_footer","format":"standard","meta":{"_uf_show_specific_survey":0,"_uf_disable_surveys":false,"footnotes":""},"categories":[10,1],"tags":[],"class_list":["post-19006","post","type-post","status-publish","format-standard","has-post-thumbnail","hentry","category-noticias","category-temas-de-interes"],"aioseo_notices":[],"yoast_head":"<!-- This site is optimized with the Yoast SEO plugin v27.5 - https:\/\/yoast.com\/product\/yoast-seo-wordpress\/ -->\n<title>El Condado de Orange libera a 21 indocumentados<\/title>\n<meta name=\"description\" content=\"Las historias que viven los inmigrantes parecen salidas de Hollywood, lleno de drama y angustia, que d\u00eda a d\u00eda sufren, pero como en las pel\u00edculas...\" \/>\n<meta name=\"robots\" content=\"index, follow, max-snippet:-1, max-image-preview:large, max-video-preview:-1\" \/>\n<link rel=\"canonical\" href=\"https:\/\/accesolatino.org\/en\/el-condado-de-orange-libera-a-21-indocumentados\/noticias\/\" \/>\n<meta property=\"og:locale\" content=\"en_US\" \/>\n<meta property=\"og:type\" content=\"article\" \/>\n<meta property=\"og:title\" content=\"El Condado de Orange libera a 21 indocumentados\" \/>\n<meta property=\"og:description\" content=\"Las historias que viven los inmigrantes parecen salidas de Hollywood, lleno de drama y angustia, que d\u00eda a d\u00eda sufren, pero como en las pel\u00edculas...\" \/>\n<meta property=\"og:url\" content=\"https:\/\/accesolatino.org\/en\/el-condado-de-orange-libera-a-21-indocumentados\/noticias\/\" \/>\n<meta property=\"og:site_name\" content=\"Acceso Latino\" \/>\n<meta property=\"article:publisher\" content=\"https:\/\/www.facebook.com\/AccesoLatinoOrg\" \/>\n<meta property=\"article:published_time\" content=\"2019-11-05T21:54:55+00:00\" \/>\n<meta property=\"article:modified_time\" content=\"2025-10-27T04:43:39+00:00\" \/>\n<meta property=\"og:image\" content=\"https:\/\/accesolatino.org\/wp-content\/uploads\/2019\/11\/El-Condado-de-Orange-libera-a-21-indocumentados.jpg\" \/>\n\t<meta property=\"og:image:width\" content=\"600\" \/>\n\t<meta property=\"og:image:height\" content=\"338\" \/>\n\t<meta property=\"og:image:type\" content=\"image\/jpeg\" \/>\n<meta name=\"author\" content=\"admin\" \/>\n<meta name=\"twitter:card\" content=\"summary_large_image\" \/>\n<meta name=\"twitter:creator\" content=\"@FAccLatino\" \/>\n<meta name=\"twitter:site\" content=\"@FAccLatino\" \/>\n<meta name=\"twitter:label1\" content=\"Written by\" \/>\n\t<meta name=\"twitter:data1\" content=\"admin\" \/>\n\t<meta name=\"twitter:label2\" content=\"Est. reading time\" \/>\n\t<meta name=\"twitter:data2\" content=\"2 minutes\" \/>\n<script type=\"application\/ld+json\" class=\"yoast-schema-graph\">{\"@context\":\"https:\\\/\\\/schema.org\",\"@graph\":[{\"@type\":\"Article\",\"@id\":\"https:\\\/\\\/accesolatino.org\\\/el-condado-de-orange-libera-a-21-indocumentados\\\/noticias\\\/#article\",\"isPartOf\":{\"@id\":\"https:\\\/\\\/accesolatino.org\\\/el-condado-de-orange-libera-a-21-indocumentados\\\/noticias\\\/\"},\"author\":{\"name\":\"admin\",\"@id\":\"https:\\\/\\\/accesolatino.org\\\/#\\\/schema\\\/person\\\/10763acf0565833da11d915ac8549efd\"},\"headline\":\"El Condado de Orange libera a 21 indocumentados\",\"datePublished\":\"2019-11-05T21:54:55+00:00\",\"dateModified\":\"2025-10-27T04:43:39+00:00\",\"mainEntityOfPage\":{\"@id\":\"https:\\\/\\\/accesolatino.org\\\/el-condado-de-orange-libera-a-21-indocumentados\\\/noticias\\\/\"},\"wordCount\":381,\"commentCount\":0,\"publisher\":{\"@id\":\"https:\\\/\\\/accesolatino.org\\\/#organization\"},\"image\":{\"@id\":\"https:\\\/\\\/accesolatino.org\\\/el-condado-de-orange-libera-a-21-indocumentados\\\/noticias\\\/#primaryimage\"},\"thumbnailUrl\":\"https:\\\/\\\/accesolatino.org\\\/wp-content\\\/uploads\\\/2019\\\/11\\\/El-Condado-de-Orange-libera-a-21-indocumentados.jpg\",\"articleSection\":[\"Noticias\",\"Temas de inter\u00e9s\"],\"inLanguage\":\"en-US\",\"potentialAction\":[{\"@type\":\"CommentAction\",\"name\":\"Comment\",\"target\":[\"https:\\\/\\\/accesolatino.org\\\/el-condado-de-orange-libera-a-21-indocumentados\\\/noticias\\\/#respond\"]}]},{\"@type\":\"WebPage\",\"@id\":\"https:\\\/\\\/accesolatino.org\\\/el-condado-de-orange-libera-a-21-indocumentados\\\/noticias\\\/\",\"url\":\"https:\\\/\\\/accesolatino.org\\\/el-condado-de-orange-libera-a-21-indocumentados\\\/noticias\\\/\",\"name\":\"El Condado de Orange libera a 21 indocumentados\",\"isPartOf\":{\"@id\":\"https:\\\/\\\/accesolatino.org\\\/#website\"},\"primaryImageOfPage\":{\"@id\":\"https:\\\/\\\/accesolatino.org\\\/el-condado-de-orange-libera-a-21-indocumentados\\\/noticias\\\/#primaryimage\"},\"image\":{\"@id\":\"https:\\\/\\\/accesolatino.org\\\/el-condado-de-orange-libera-a-21-indocumentados\\\/noticias\\\/#primaryimage\"},\"thumbnailUrl\":\"https:\\\/\\\/accesolatino.org\\\/wp-content\\\/uploads\\\/2019\\\/11\\\/El-Condado-de-Orange-libera-a-21-indocumentados.jpg\",\"datePublished\":\"2019-11-05T21:54:55+00:00\",\"dateModified\":\"2025-10-27T04:43:39+00:00\",\"description\":\"Las historias que viven los inmigrantes parecen salidas de Hollywood, lleno de drama y angustia, que d\u00eda a d\u00eda sufren, pero como en las pel\u00edculas...\",\"breadcrumb\":{\"@id\":\"https:\\\/\\\/accesolatino.org\\\/el-condado-de-orange-libera-a-21-indocumentados\\\/noticias\\\/#breadcrumb\"},\"inLanguage\":\"en-US\",\"potentialAction\":[{\"@type\":\"ReadAction\",\"target\":[\"https:\\\/\\\/accesolatino.org\\\/el-condado-de-orange-libera-a-21-indocumentados\\\/noticias\\\/\"]}]},{\"@type\":\"ImageObject\",\"inLanguage\":\"en-US\",\"@id\":\"https:\\\/\\\/accesolatino.org\\\/el-condado-de-orange-libera-a-21-indocumentados\\\/noticias\\\/#primaryimage\",\"url\":\"https:\\\/\\\/accesolatino.org\\\/wp-content\\\/uploads\\\/2019\\\/11\\\/El-Condado-de-Orange-libera-a-21-indocumentados.jpg\",\"contentUrl\":\"https:\\\/\\\/accesolatino.org\\\/wp-content\\\/uploads\\\/2019\\\/11\\\/El-Condado-de-Orange-libera-a-21-indocumentados.jpg\",\"width\":600,\"height\":338,\"caption\":\"El Condado de Orange libera a 21 indocumentados\"},{\"@type\":\"BreadcrumbList\",\"@id\":\"https:\\\/\\\/accesolatino.org\\\/el-condado-de-orange-libera-a-21-indocumentados\\\/noticias\\\/#breadcrumb\",\"itemListElement\":[{\"@type\":\"ListItem\",\"position\":1,\"name\":\"Portada\",\"item\":\"https:\\\/\\\/accesolatino.org\\\/\"},{\"@type\":\"ListItem\",\"position\":2,\"name\":\"Noticias\",\"item\":\"https:\\\/\\\/accesolatino.org\\\/category\\\/noticias\\\/\"},{\"@type\":\"ListItem\",\"position\":3,\"name\":\"El Condado de Orange libera a 21 indocumentados\"}]},{\"@type\":\"WebSite\",\"@id\":\"https:\\\/\\\/accesolatino.org\\\/#website\",\"url\":\"https:\\\/\\\/accesolatino.org\\\/\",\"name\":\"Acceso Latino | Fundaci\u00f3n Carlos Slim\",\"description\":\"Fundaci\u00f3n Carlos Slim\",\"publisher\":{\"@id\":\"https:\\\/\\\/accesolatino.org\\\/#organization\"},\"potentialAction\":[{\"@type\":\"SearchAction\",\"target\":{\"@type\":\"EntryPoint\",\"urlTemplate\":\"https:\\\/\\\/accesolatino.org\\\/?s={search_term_string}\"},\"query-input\":{\"@type\":\"PropertyValueSpecification\",\"valueRequired\":true,\"valueName\":\"search_term_string\"}}],\"inLanguage\":\"en-US\"},{\"@type\":\"Organization\",\"@id\":\"https:\\\/\\\/accesolatino.org\\\/#organization\",\"name\":\"Acceso Latino | Fundaci\u00f3n Carlos Slim\",\"url\":\"https:\\\/\\\/accesolatino.org\\\/\",\"logo\":{\"@type\":\"ImageObject\",\"inLanguage\":\"en-US\",\"@id\":\"https:\\\/\\\/accesolatino.org\\\/#\\\/schema\\\/logo\\\/image\\\/\",\"url\":\"https:\\\/\\\/accesolatino.org\\\/wp-content\\\/uploads\\\/2021\\\/02\\\/logo-footer-acceso-latino.png\",\"contentUrl\":\"https:\\\/\\\/accesolatino.org\\\/wp-content\\\/uploads\\\/2021\\\/02\\\/logo-footer-acceso-latino.png\",\"width\":240,\"height\":40,\"caption\":\"Acceso Latino | Fundaci\u00f3n Carlos Slim\"},\"image\":{\"@id\":\"https:\\\/\\\/accesolatino.org\\\/#\\\/schema\\\/logo\\\/image\\\/\"},\"sameAs\":[\"https:\\\/\\\/www.facebook.com\\\/AccesoLatinoOrg\",\"https:\\\/\\\/x.com\\\/FAccLatino\"]},{\"@type\":\"Person\",\"@id\":\"https:\\\/\\\/accesolatino.org\\\/#\\\/schema\\\/person\\\/10763acf0565833da11d915ac8549efd\",\"name\":\"admin\"}]}<\/script>\n<!-- \/ Yoast SEO plugin. -->","yoast_head_json":{"title":"El Condado de Orange libera a 21 indocumentados","description":"Las historias que viven los inmigrantes parecen salidas de Hollywood, lleno de drama y angustia, que d\u00eda a d\u00eda sufren, pero como en las pel\u00edculas...","robots":{"index":"index","follow":"follow","max-snippet":"max-snippet:-1","max-image-preview":"max-image-preview:large","max-video-preview":"max-video-preview:-1"},"canonical":"https:\/\/accesolatino.org\/en\/el-condado-de-orange-libera-a-21-indocumentados\/noticias\/","og_locale":"en_US","og_type":"article","og_title":"El Condado de Orange libera a 21 indocumentados","og_description":"Las historias que viven los inmigrantes parecen salidas de Hollywood, lleno de drama y angustia, que d\u00eda a d\u00eda sufren, pero como en las pel\u00edculas...","og_url":"https:\/\/accesolatino.org\/en\/el-condado-de-orange-libera-a-21-indocumentados\/noticias\/","og_site_name":"Acceso Latino","article_publisher":"https:\/\/www.facebook.com\/AccesoLatinoOrg","article_published_time":"2019-11-05T21:54:55+00:00","article_modified_time":"2025-10-27T04:43:39+00:00","og_image":[{"width":600,"height":338,"url":"https:\/\/accesolatino.org\/wp-content\/uploads\/2019\/11\/El-Condado-de-Orange-libera-a-21-indocumentados.jpg","type":"image\/jpeg"}],"author":"admin","twitter_card":"summary_large_image","twitter_creator":"@FAccLatino","twitter_site":"@FAccLatino","twitter_misc":{"Written by":"admin","Est. reading time":"2 minutes"},"schema":{"@context":"https:\/\/schema.org","@graph":[{"@type":"Article","@id":"https:\/\/accesolatino.org\/el-condado-de-orange-libera-a-21-indocumentados\/noticias\/#article","isPartOf":{"@id":"https:\/\/accesolatino.org\/el-condado-de-orange-libera-a-21-indocumentados\/noticias\/"},"author":{"name":"admin","@id":"https:\/\/accesolatino.org\/#\/schema\/person\/10763acf0565833da11d915ac8549efd"},"headline":"El Condado de Orange libera a 21 indocumentados","datePublished":"2019-11-05T21:54:55+00:00","dateModified":"2025-10-27T04:43:39+00:00","mainEntityOfPage":{"@id":"https:\/\/accesolatino.org\/el-condado-de-orange-libera-a-21-indocumentados\/noticias\/"},"wordCount":381,"commentCount":0,"publisher":{"@id":"https:\/\/accesolatino.org\/#organization"},"image":{"@id":"https:\/\/accesolatino.org\/el-condado-de-orange-libera-a-21-indocumentados\/noticias\/#primaryimage"},"thumbnailUrl":"https:\/\/accesolatino.org\/wp-content\/uploads\/2019\/11\/El-Condado-de-Orange-libera-a-21-indocumentados.jpg","articleSection":["Noticias","Temas de inter\u00e9s"],"inLanguage":"en-US","potentialAction":[{"@type":"CommentAction","name":"Comment","target":["https:\/\/accesolatino.org\/el-condado-de-orange-libera-a-21-indocumentados\/noticias\/#respond"]}]},{"@type":"WebPage","@id":"https:\/\/accesolatino.org\/el-condado-de-orange-libera-a-21-indocumentados\/noticias\/","url":"https:\/\/accesolatino.org\/el-condado-de-orange-libera-a-21-indocumentados\/noticias\/","name":"El Condado de Orange libera a 21 indocumentados","isPartOf":{"@id":"https:\/\/accesolatino.org\/#website"},"primaryImageOfPage":{"@id":"https:\/\/accesolatino.org\/el-condado-de-orange-libera-a-21-indocumentados\/noticias\/#primaryimage"},"image":{"@id":"https:\/\/accesolatino.org\/el-condado-de-orange-libera-a-21-indocumentados\/noticias\/#primaryimage"},"thumbnailUrl":"https:\/\/accesolatino.org\/wp-content\/uploads\/2019\/11\/El-Condado-de-Orange-libera-a-21-indocumentados.jpg","datePublished":"2019-11-05T21:54:55+00:00","dateModified":"2025-10-27T04:43:39+00:00","description":"Las historias que viven los inmigrantes parecen salidas de Hollywood, lleno de drama y angustia, que d\u00eda a d\u00eda sufren, pero como en las pel\u00edculas...","breadcrumb":{"@id":"https:\/\/accesolatino.org\/el-condado-de-orange-libera-a-21-indocumentados\/noticias\/#breadcrumb"},"inLanguage":"en-US","potentialAction":[{"@type":"ReadAction","target":["https:\/\/accesolatino.org\/el-condado-de-orange-libera-a-21-indocumentados\/noticias\/"]}]},{"@type":"ImageObject","inLanguage":"en-US","@id":"https:\/\/accesolatino.org\/el-condado-de-orange-libera-a-21-indocumentados\/noticias\/#primaryimage","url":"https:\/\/accesolatino.org\/wp-content\/uploads\/2019\/11\/El-Condado-de-Orange-libera-a-21-indocumentados.jpg","contentUrl":"https:\/\/accesolatino.org\/wp-content\/uploads\/2019\/11\/El-Condado-de-Orange-libera-a-21-indocumentados.jpg","width":600,"height":338,"caption":"El Condado de Orange libera a 21 indocumentados"},{"@type":"BreadcrumbList","@id":"https:\/\/accesolatino.org\/el-condado-de-orange-libera-a-21-indocumentados\/noticias\/#breadcrumb","itemListElement":[{"@type":"ListItem","position":1,"name":"Portada","item":"https:\/\/accesolatino.org\/"},{"@type":"ListItem","position":2,"name":"Noticias","item":"https:\/\/accesolatino.org\/category\/noticias\/"},{"@type":"ListItem","position":3,"name":"El Condado de Orange libera a 21 indocumentados"}]},{"@type":"WebSite","@id":"https:\/\/accesolatino.org\/#website","url":"https:\/\/accesolatino.org\/","name":"Acceso Latino | Fundaci\u00f3n Carlos Slim","description":"Fundaci\u00f3n Carlos Slim","publisher":{"@id":"https:\/\/accesolatino.org\/#organization"},"potentialAction":[{"@type":"SearchAction","target":{"@type":"EntryPoint","urlTemplate":"https:\/\/accesolatino.org\/?s={search_term_string}"},"query-input":{"@type":"PropertyValueSpecification","valueRequired":true,"valueName":"search_term_string"}}],"inLanguage":"en-US"},{"@type":"Organization","@id":"https:\/\/accesolatino.org\/#organization","name":"Acceso Latino | Fundaci\u00f3n Carlos Slim","url":"https:\/\/accesolatino.org\/","logo":{"@type":"ImageObject","inLanguage":"en-US","@id":"https:\/\/accesolatino.org\/#\/schema\/logo\/image\/","url":"https:\/\/accesolatino.org\/wp-content\/uploads\/2021\/02\/logo-footer-acceso-latino.png","contentUrl":"https:\/\/accesolatino.org\/wp-content\/uploads\/2021\/02\/logo-footer-acceso-latino.png","width":240,"height":40,"caption":"Acceso Latino | Fundaci\u00f3n Carlos Slim"},"image":{"@id":"https:\/\/accesolatino.org\/#\/schema\/logo\/image\/"},"sameAs":["https:\/\/www.facebook.com\/AccesoLatinoOrg","https:\/\/x.com\/FAccLatino"]},{"@type":"Person","@id":"https:\/\/accesolatino.org\/#\/schema\/person\/10763acf0565833da11d915ac8549efd","name":"admin"}]}},"_links":{"self":[{"href":"https:\/\/accesolatino.org\/en\/wp-json\/wp\/v2\/posts\/19006","targetHints":{"allow":["GET"]}}],"collection":[{"href":"https:\/\/accesolatino.org\/en\/wp-json\/wp\/v2\/posts"}],"about":[{"href":"https:\/\/accesolatino.org\/en\/wp-json\/wp\/v2\/types\/post"}],"author":[{"embeddable":true,"href":"https:\/\/accesolatino.org\/en\/wp-json\/wp\/v2\/users\/1"}],"replies":[{"embeddable":true,"href":"https:\/\/accesolatino.org\/en\/wp-json\/wp\/v2\/comments?post=19006"}],"version-history":[{"count":1,"href":"https:\/\/accesolatino.org\/en\/wp-json\/wp\/v2\/posts\/19006\/revisions"}],"predecessor-version":[{"id":66124,"href":"https:\/\/accesolatino.org\/en\/wp-json\/wp\/v2\/posts\/19006\/revisions\/66124"}],"wp:featuredmedia":[{"embeddable":true,"href":"https:\/\/accesolatino.org\/en\/wp-json\/wp\/v2\/media\/19009"}],"wp:attachment":[{"href":"https:\/\/accesolatino.org\/en\/wp-json\/wp\/v2\/media?parent=19006"}],"wp:term":[{"taxonomy":"category","embeddable":true,"href":"https:\/\/accesolatino.org\/en\/wp-json\/wp\/v2\/categories?post=19006"},{"taxonomy":"post_tag","embeddable":true,"href":"https:\/\/accesolatino.org\/en\/wp-json\/wp\/v2\/tags?post=19006"}],"curies":[{"name":"wp","href":"https:\/\/api.w.org\/{rel}","templated":true}]}}