{"id":18896,"date":"2019-10-22T10:45:26","date_gmt":"2019-10-22T15:45:26","guid":{"rendered":"https:\/\/accesolatino.org\/?p=18896"},"modified":"2025-10-26T23:31:02","modified_gmt":"2025-10-27T05:31:02","slug":"democratas-lanzan-plan-para-proteger-a-700mil-dreamers","status":"publish","type":"post","link":"https:\/\/accesolatino.org\/en\/democratas-lanzan-plan-para-proteger-a-700mil-dreamers\/noticias\/","title":{"rendered":"Dem\u00f3cratas lanzan plan para proteger a 700mil dreamers"},"content":{"rendered":"<div data-elementor-type=\"wp-post\" data-elementor-id=\"18896\" class=\"elementor elementor-18896\">\n\t\t\t\t\t\t<section class=\"elementor-section elementor-top-section elementor-element elementor-element-2ae491ef elementor-section-boxed elementor-section-height-default elementor-section-height-default wpr-particle-no wpr-jarallax-no wpr-parallax-no wpr-sticky-section-no wpr-equal-height-no\" data-id=\"2ae491ef\" data-element_type=\"section\" data-e-type=\"section\">\n\t\t\t\t\t\t<div class=\"elementor-container elementor-column-gap-default\">\n\t\t\t\t\t<div class=\"elementor-column elementor-col-100 elementor-top-column elementor-element elementor-element-29caa9c0\" data-id=\"29caa9c0\" data-element_type=\"column\" data-e-type=\"column\">\n\t\t\t<div class=\"elementor-widget-wrap elementor-element-populated\">\n\t\t\t\t\t\t<div class=\"elementor-element elementor-element-2572709e elementor-widget elementor-widget-text-editor\" data-id=\"2572709e\" data-element_type=\"widget\" data-e-type=\"widget\" data-widget_type=\"text-editor.default\">\n\t\t\t\t<div class=\"elementor-widget-container\">\n\t\t\t\t\t\t\t\t\t<p>El Congreso aprob\u00f3 el 17 de octubre de 2019, un plan de emergencia para proteger a los cerca de 700mil j\u00f3venes favorecidos por el programa de Acci\u00f3n Diferida para los Llegados en la Infancia (DACA, por sus siglas en ingl\u00e9s).<\/p><p>Esta medida llega antes de la audiencia que la Corte Suprema celebrar\u00e1 el pr\u00f3ximo 12 de noviembre de 2019 para definir si el programa es legal o no.<\/p><p>Tanto los <em>dreamers,<\/em> como los dem\u00f3cratas en el Senado, mostraron alivio con este plan, inform\u00f3 Telemundo. Los legisladores se unen a la campa\u00f1a de apoyo a los j\u00f3venes beneficiados por DACA y a ejercer presi\u00f3n ante la resoluci\u00f3n del m\u00e1ximo tribunal del pa\u00eds, para que se siga con el programa de Acci\u00f3n Diferida para los Llegados en la Infancia.<\/p><p>El senador dem\u00f3crata por Illinois, Dick Durbin, expres\u00f3 con optimismo ante \u00a0Telemundo \u201csi el Tribunal Supremo ve esto con justicia y lee los documentos de los demandantes, creo que tenemos una oportunidad\u201d, en caso contrario, el Senador espera una \u201cacci\u00f3n de emergencia por parte del Congreso\u201d.<\/p><p>La actual administraci\u00f3n estadounidense ha intentado eliminar DACA, fundamentando que el expresidente Barack Obama, no ten\u00eda mando legal para crear un programa mediante una orden ejecutiva. Es por esta raz\u00f3n que el Mandatario de los Estados Unidos solicita al Tribunal Supremo que lo cancele.<\/p><p>DACA legaliza de forma permanente la residencia de las personas que llegaron siendo ni\u00f1os a la Uni\u00f3n Americana y los protege de la deportaci\u00f3n. El actual presidente norteamericano ha hecho lo imposible por acabar con el programa desde que lleg\u00f3 a la Casa Blanca, pero gracias a dos dict\u00e1menes judiciales se ha mantenido vigente, mientras la Corte Suprema emite su resoluci\u00f3n sobre la permanencia o eliminaci\u00f3n de dicho programa.<\/p><p>Fuente: <em>La Opini\u00f3n<\/em><\/p>\t\t\t\t\t\t\t\t<\/div>\n\t\t\t\t<\/div>\n\t\t\t\t\t<\/div>\n\t\t<\/div>\n\t\t\t\t\t<\/div>\n\t\t<\/section>\n\t\t\t\t<\/div>","protected":false},"excerpt":{"rendered":"<p>El Congreso aprob\u00f3 el 17 de octubre de 2019, un plan de emergencia para proteger a los cerca de 700mil j\u00f3venes favorecidos por el programa de Acci\u00f3n Diferida para los Llegados en la Infancia (DACA, por sus siglas en ingl\u00e9s). Esta medida llega antes de la audiencia que la Corte Suprema celebrar\u00e1 el pr\u00f3ximo 12 de noviembre de 2019 para definir si el programa es legal o no. Tanto los dreamers, como los dem\u00f3cratas en el Senado, mostraron alivio con este plan, inform\u00f3 Telemundo. Los legisladores se unen a la campa\u00f1a de apoyo a los j\u00f3venes beneficiados por DACA y a ejercer presi\u00f3n ante la resoluci\u00f3n del m\u00e1ximo tribunal del pa\u00eds, para que se siga con el programa de Acci\u00f3n Diferida para los Llegados en la Infancia. El senador dem\u00f3crata por Illinois, Dick Durbin, expres\u00f3 con optimismo ante &nbsp;Telemundo \u201csi el Tribunal Supremo ve esto con justicia y lee los documentos de los demandantes, creo que tenemos una oportunidad\u201d, en caso contrario, el Senador espera una \u201cacci\u00f3n de emergencia por parte del Congreso\u201d. La actual administraci\u00f3n estadounidense ha intentado eliminar DACA, fundamentando que el expresidente Barack Obama, no ten\u00eda mando legal para crear un programa mediante una orden ejecutiva. Es por esta raz\u00f3n que el Mandatario de los Estados Unidos solicita al Tribunal Supremo que lo cancele. DACA legaliza de forma permanente la residencia de las personas que llegaron siendo ni\u00f1os a la Uni\u00f3n Americana y los protege de la deportaci\u00f3n. El actual presidente norteamericano ha hecho lo imposible por acabar con el programa desde que lleg\u00f3 a la Casa Blanca, pero gracias a dos dict\u00e1menes judiciales se ha mantenido vigente, mientras la Corte Suprema emite su resoluci\u00f3n sobre la permanencia o eliminaci\u00f3n de dicho programa. Fuente: La Opini\u00f3n<\/p>","protected":false},"author":1,"featured_media":18899,"comment_status":"open","ping_status":"open","sticky":false,"template":"elementor_header_footer","format":"standard","meta":{"_uf_show_specific_survey":0,"_uf_disable_surveys":false,"footnotes":""},"categories":[10,1],"tags":[],"class_list":["post-18896","post","type-post","status-publish","format-standard","has-post-thumbnail","hentry","category-noticias","category-temas-de-interes"],"aioseo_notices":[],"yoast_head":"<!-- This site is optimized with the Yoast SEO plugin v27.4 - https:\/\/yoast.com\/product\/yoast-seo-wordpress\/ -->\n<title>Dem\u00f3cratas lanzan plan para proteger a 700mil dreamers<\/title>\n<meta name=\"description\" content=\"El Congreso aprob\u00f3 el 17 de octubre de 2019, un plan de emergencia para proteger a los cerca de 700mil j\u00f3venes favorecidos por el programa de Acci\u00f3n...\" \/>\n<meta name=\"robots\" content=\"index, follow, max-snippet:-1, max-image-preview:large, max-video-preview:-1\" \/>\n<link rel=\"canonical\" href=\"https:\/\/accesolatino.org\/en\/democratas-lanzan-plan-para-proteger-a-700mil-dreamers\/noticias\/\" \/>\n<meta property=\"og:locale\" content=\"en_US\" \/>\n<meta property=\"og:type\" content=\"article\" \/>\n<meta property=\"og:title\" content=\"Dem\u00f3cratas lanzan plan para proteger a 700mil dreamers\" \/>\n<meta property=\"og:description\" content=\"El Congreso aprob\u00f3 el 17 de octubre de 2019, un plan de emergencia para proteger a los cerca de 700mil j\u00f3venes favorecidos por el programa de Acci\u00f3n...\" \/>\n<meta property=\"og:url\" content=\"https:\/\/accesolatino.org\/en\/democratas-lanzan-plan-para-proteger-a-700mil-dreamers\/noticias\/\" \/>\n<meta property=\"og:site_name\" content=\"Acceso Latino\" \/>\n<meta property=\"article:publisher\" content=\"https:\/\/www.facebook.com\/AccesoLatinoOrg\" \/>\n<meta property=\"article:published_time\" content=\"2019-10-22T15:45:26+00:00\" \/>\n<meta property=\"article:modified_time\" content=\"2025-10-27T05:31:02+00:00\" \/>\n<meta property=\"og:image\" content=\"https:\/\/accesolatino.org\/wp-content\/uploads\/2019\/10\/Dem\u00f3cratas-lanzan-para-proteger-a-700mil-dreamers.jpg\" \/>\n\t<meta property=\"og:image:width\" content=\"600\" \/>\n\t<meta property=\"og:image:height\" content=\"338\" \/>\n\t<meta property=\"og:image:type\" content=\"image\/jpeg\" \/>\n<meta name=\"author\" content=\"admin\" \/>\n<meta name=\"twitter:card\" content=\"summary_large_image\" \/>\n<meta name=\"twitter:creator\" content=\"@FAccLatino\" \/>\n<meta name=\"twitter:site\" content=\"@FAccLatino\" \/>\n<meta name=\"twitter:label1\" content=\"Written by\" \/>\n\t<meta name=\"twitter:data1\" content=\"admin\" \/>\n\t<meta name=\"twitter:label2\" content=\"Est. reading time\" \/>\n\t<meta name=\"twitter:data2\" content=\"2 minutes\" \/>\n<script type=\"application\/ld+json\" class=\"yoast-schema-graph\">{\"@context\":\"https:\\\/\\\/schema.org\",\"@graph\":[{\"@type\":\"Article\",\"@id\":\"https:\\\/\\\/accesolatino.org\\\/democratas-lanzan-plan-para-proteger-a-700mil-dreamers\\\/noticias\\\/#article\",\"isPartOf\":{\"@id\":\"https:\\\/\\\/accesolatino.org\\\/democratas-lanzan-plan-para-proteger-a-700mil-dreamers\\\/noticias\\\/\"},\"author\":{\"name\":\"admin\",\"@id\":\"https:\\\/\\\/accesolatino.org\\\/#\\\/schema\\\/person\\\/75127291c010a94e5a588c481204c991\"},\"headline\":\"Dem\u00f3cratas lanzan plan para proteger a 700mil dreamers\",\"datePublished\":\"2019-10-22T15:45:26+00:00\",\"dateModified\":\"2025-10-27T05:31:02+00:00\",\"mainEntityOfPage\":{\"@id\":\"https:\\\/\\\/accesolatino.org\\\/democratas-lanzan-plan-para-proteger-a-700mil-dreamers\\\/noticias\\\/\"},\"wordCount\":319,\"commentCount\":0,\"publisher\":{\"@id\":\"https:\\\/\\\/accesolatino.org\\\/#organization\"},\"image\":{\"@id\":\"https:\\\/\\\/accesolatino.org\\\/democratas-lanzan-plan-para-proteger-a-700mil-dreamers\\\/noticias\\\/#primaryimage\"},\"thumbnailUrl\":\"https:\\\/\\\/accesolatino.org\\\/wp-content\\\/uploads\\\/2019\\\/10\\\/Dem\u00f3cratas-lanzan-para-proteger-a-700mil-dreamers.jpg\",\"articleSection\":[\"Noticias\",\"Temas de inter\u00e9s\"],\"inLanguage\":\"en-US\",\"potentialAction\":[{\"@type\":\"CommentAction\",\"name\":\"Comment\",\"target\":[\"https:\\\/\\\/accesolatino.org\\\/democratas-lanzan-plan-para-proteger-a-700mil-dreamers\\\/noticias\\\/#respond\"]}]},{\"@type\":\"WebPage\",\"@id\":\"https:\\\/\\\/accesolatino.org\\\/democratas-lanzan-plan-para-proteger-a-700mil-dreamers\\\/noticias\\\/\",\"url\":\"https:\\\/\\\/accesolatino.org\\\/democratas-lanzan-plan-para-proteger-a-700mil-dreamers\\\/noticias\\\/\",\"name\":\"Dem\u00f3cratas lanzan plan para proteger a 700mil dreamers\",\"isPartOf\":{\"@id\":\"https:\\\/\\\/accesolatino.org\\\/#website\"},\"primaryImageOfPage\":{\"@id\":\"https:\\\/\\\/accesolatino.org\\\/democratas-lanzan-plan-para-proteger-a-700mil-dreamers\\\/noticias\\\/#primaryimage\"},\"image\":{\"@id\":\"https:\\\/\\\/accesolatino.org\\\/democratas-lanzan-plan-para-proteger-a-700mil-dreamers\\\/noticias\\\/#primaryimage\"},\"thumbnailUrl\":\"https:\\\/\\\/accesolatino.org\\\/wp-content\\\/uploads\\\/2019\\\/10\\\/Dem\u00f3cratas-lanzan-para-proteger-a-700mil-dreamers.jpg\",\"datePublished\":\"2019-10-22T15:45:26+00:00\",\"dateModified\":\"2025-10-27T05:31:02+00:00\",\"description\":\"El Congreso aprob\u00f3 el 17 de octubre de 2019, un plan de emergencia para proteger a los cerca de 700mil j\u00f3venes favorecidos por el programa de Acci\u00f3n...\",\"breadcrumb\":{\"@id\":\"https:\\\/\\\/accesolatino.org\\\/democratas-lanzan-plan-para-proteger-a-700mil-dreamers\\\/noticias\\\/#breadcrumb\"},\"inLanguage\":\"en-US\",\"potentialAction\":[{\"@type\":\"ReadAction\",\"target\":[\"https:\\\/\\\/accesolatino.org\\\/democratas-lanzan-plan-para-proteger-a-700mil-dreamers\\\/noticias\\\/\"]}]},{\"@type\":\"ImageObject\",\"inLanguage\":\"en-US\",\"@id\":\"https:\\\/\\\/accesolatino.org\\\/democratas-lanzan-plan-para-proteger-a-700mil-dreamers\\\/noticias\\\/#primaryimage\",\"url\":\"https:\\\/\\\/accesolatino.org\\\/wp-content\\\/uploads\\\/2019\\\/10\\\/Dem\u00f3cratas-lanzan-para-proteger-a-700mil-dreamers.jpg\",\"contentUrl\":\"https:\\\/\\\/accesolatino.org\\\/wp-content\\\/uploads\\\/2019\\\/10\\\/Dem\u00f3cratas-lanzan-para-proteger-a-700mil-dreamers.jpg\",\"width\":600,\"height\":338,\"caption\":\"Dem\u00f3cratas lanzan plan para proteger a 700mil dreamers\"},{\"@type\":\"BreadcrumbList\",\"@id\":\"https:\\\/\\\/accesolatino.org\\\/democratas-lanzan-plan-para-proteger-a-700mil-dreamers\\\/noticias\\\/#breadcrumb\",\"itemListElement\":[{\"@type\":\"ListItem\",\"position\":1,\"name\":\"Portada\",\"item\":\"https:\\\/\\\/accesolatino.org\\\/\"},{\"@type\":\"ListItem\",\"position\":2,\"name\":\"Noticias\",\"item\":\"https:\\\/\\\/accesolatino.org\\\/category\\\/noticias\\\/\"},{\"@type\":\"ListItem\",\"position\":3,\"name\":\"Dem\u00f3cratas lanzan plan para proteger a 700mil dreamers\"}]},{\"@type\":\"WebSite\",\"@id\":\"https:\\\/\\\/accesolatino.org\\\/#website\",\"url\":\"https:\\\/\\\/accesolatino.org\\\/\",\"name\":\"Acceso Latino | Fundaci\u00f3n Carlos Slim\",\"description\":\"Fundaci\u00f3n Carlos Slim\",\"publisher\":{\"@id\":\"https:\\\/\\\/accesolatino.org\\\/#organization\"},\"potentialAction\":[{\"@type\":\"SearchAction\",\"target\":{\"@type\":\"EntryPoint\",\"urlTemplate\":\"https:\\\/\\\/accesolatino.org\\\/?s={search_term_string}\"},\"query-input\":{\"@type\":\"PropertyValueSpecification\",\"valueRequired\":true,\"valueName\":\"search_term_string\"}}],\"inLanguage\":\"en-US\"},{\"@type\":\"Organization\",\"@id\":\"https:\\\/\\\/accesolatino.org\\\/#organization\",\"name\":\"Acceso Latino | Fundaci\u00f3n Carlos Slim\",\"url\":\"https:\\\/\\\/accesolatino.org\\\/\",\"logo\":{\"@type\":\"ImageObject\",\"inLanguage\":\"en-US\",\"@id\":\"https:\\\/\\\/accesolatino.org\\\/#\\\/schema\\\/logo\\\/image\\\/\",\"url\":\"https:\\\/\\\/accesolatino.org\\\/wp-content\\\/uploads\\\/2021\\\/02\\\/logo-footer-acceso-latino.png\",\"contentUrl\":\"https:\\\/\\\/accesolatino.org\\\/wp-content\\\/uploads\\\/2021\\\/02\\\/logo-footer-acceso-latino.png\",\"width\":240,\"height\":40,\"caption\":\"Acceso Latino | Fundaci\u00f3n Carlos Slim\"},\"image\":{\"@id\":\"https:\\\/\\\/accesolatino.org\\\/#\\\/schema\\\/logo\\\/image\\\/\"},\"sameAs\":[\"https:\\\/\\\/www.facebook.com\\\/AccesoLatinoOrg\",\"https:\\\/\\\/x.com\\\/FAccLatino\"]},{\"@type\":\"Person\",\"@id\":\"https:\\\/\\\/accesolatino.org\\\/#\\\/schema\\\/person\\\/75127291c010a94e5a588c481204c991\",\"name\":\"admin\"}]}<\/script>\n<!-- \/ Yoast SEO plugin. -->","yoast_head_json":{"title":"Dem\u00f3cratas lanzan plan para proteger a 700mil dreamers","description":"El Congreso aprob\u00f3 el 17 de octubre de 2019, un plan de emergencia para proteger a los cerca de 700mil j\u00f3venes favorecidos por el programa de Acci\u00f3n...","robots":{"index":"index","follow":"follow","max-snippet":"max-snippet:-1","max-image-preview":"max-image-preview:large","max-video-preview":"max-video-preview:-1"},"canonical":"https:\/\/accesolatino.org\/en\/democratas-lanzan-plan-para-proteger-a-700mil-dreamers\/noticias\/","og_locale":"en_US","og_type":"article","og_title":"Dem\u00f3cratas lanzan plan para proteger a 700mil dreamers","og_description":"El Congreso aprob\u00f3 el 17 de octubre de 2019, un plan de emergencia para proteger a los cerca de 700mil j\u00f3venes favorecidos por el programa de Acci\u00f3n...","og_url":"https:\/\/accesolatino.org\/en\/democratas-lanzan-plan-para-proteger-a-700mil-dreamers\/noticias\/","og_site_name":"Acceso Latino","article_publisher":"https:\/\/www.facebook.com\/AccesoLatinoOrg","article_published_time":"2019-10-22T15:45:26+00:00","article_modified_time":"2025-10-27T05:31:02+00:00","og_image":[{"width":600,"height":338,"url":"https:\/\/accesolatino.org\/wp-content\/uploads\/2019\/10\/Dem\u00f3cratas-lanzan-para-proteger-a-700mil-dreamers.jpg","type":"image\/jpeg"}],"author":"admin","twitter_card":"summary_large_image","twitter_creator":"@FAccLatino","twitter_site":"@FAccLatino","twitter_misc":{"Written by":"admin","Est. reading time":"2 minutes"},"schema":{"@context":"https:\/\/schema.org","@graph":[{"@type":"Article","@id":"https:\/\/accesolatino.org\/democratas-lanzan-plan-para-proteger-a-700mil-dreamers\/noticias\/#article","isPartOf":{"@id":"https:\/\/accesolatino.org\/democratas-lanzan-plan-para-proteger-a-700mil-dreamers\/noticias\/"},"author":{"name":"admin","@id":"https:\/\/accesolatino.org\/#\/schema\/person\/75127291c010a94e5a588c481204c991"},"headline":"Dem\u00f3cratas lanzan plan para proteger a 700mil dreamers","datePublished":"2019-10-22T15:45:26+00:00","dateModified":"2025-10-27T05:31:02+00:00","mainEntityOfPage":{"@id":"https:\/\/accesolatino.org\/democratas-lanzan-plan-para-proteger-a-700mil-dreamers\/noticias\/"},"wordCount":319,"commentCount":0,"publisher":{"@id":"https:\/\/accesolatino.org\/#organization"},"image":{"@id":"https:\/\/accesolatino.org\/democratas-lanzan-plan-para-proteger-a-700mil-dreamers\/noticias\/#primaryimage"},"thumbnailUrl":"https:\/\/accesolatino.org\/wp-content\/uploads\/2019\/10\/Dem\u00f3cratas-lanzan-para-proteger-a-700mil-dreamers.jpg","articleSection":["Noticias","Temas de inter\u00e9s"],"inLanguage":"en-US","potentialAction":[{"@type":"CommentAction","name":"Comment","target":["https:\/\/accesolatino.org\/democratas-lanzan-plan-para-proteger-a-700mil-dreamers\/noticias\/#respond"]}]},{"@type":"WebPage","@id":"https:\/\/accesolatino.org\/democratas-lanzan-plan-para-proteger-a-700mil-dreamers\/noticias\/","url":"https:\/\/accesolatino.org\/democratas-lanzan-plan-para-proteger-a-700mil-dreamers\/noticias\/","name":"Dem\u00f3cratas lanzan plan para proteger a 700mil dreamers","isPartOf":{"@id":"https:\/\/accesolatino.org\/#website"},"primaryImageOfPage":{"@id":"https:\/\/accesolatino.org\/democratas-lanzan-plan-para-proteger-a-700mil-dreamers\/noticias\/#primaryimage"},"image":{"@id":"https:\/\/accesolatino.org\/democratas-lanzan-plan-para-proteger-a-700mil-dreamers\/noticias\/#primaryimage"},"thumbnailUrl":"https:\/\/accesolatino.org\/wp-content\/uploads\/2019\/10\/Dem\u00f3cratas-lanzan-para-proteger-a-700mil-dreamers.jpg","datePublished":"2019-10-22T15:45:26+00:00","dateModified":"2025-10-27T05:31:02+00:00","description":"El Congreso aprob\u00f3 el 17 de octubre de 2019, un plan de emergencia para proteger a los cerca de 700mil j\u00f3venes favorecidos por el programa de Acci\u00f3n...","breadcrumb":{"@id":"https:\/\/accesolatino.org\/democratas-lanzan-plan-para-proteger-a-700mil-dreamers\/noticias\/#breadcrumb"},"inLanguage":"en-US","potentialAction":[{"@type":"ReadAction","target":["https:\/\/accesolatino.org\/democratas-lanzan-plan-para-proteger-a-700mil-dreamers\/noticias\/"]}]},{"@type":"ImageObject","inLanguage":"en-US","@id":"https:\/\/accesolatino.org\/democratas-lanzan-plan-para-proteger-a-700mil-dreamers\/noticias\/#primaryimage","url":"https:\/\/accesolatino.org\/wp-content\/uploads\/2019\/10\/Dem\u00f3cratas-lanzan-para-proteger-a-700mil-dreamers.jpg","contentUrl":"https:\/\/accesolatino.org\/wp-content\/uploads\/2019\/10\/Dem\u00f3cratas-lanzan-para-proteger-a-700mil-dreamers.jpg","width":600,"height":338,"caption":"Dem\u00f3cratas lanzan plan para proteger a 700mil dreamers"},{"@type":"BreadcrumbList","@id":"https:\/\/accesolatino.org\/democratas-lanzan-plan-para-proteger-a-700mil-dreamers\/noticias\/#breadcrumb","itemListElement":[{"@type":"ListItem","position":1,"name":"Portada","item":"https:\/\/accesolatino.org\/"},{"@type":"ListItem","position":2,"name":"Noticias","item":"https:\/\/accesolatino.org\/category\/noticias\/"},{"@type":"ListItem","position":3,"name":"Dem\u00f3cratas lanzan plan para proteger a 700mil dreamers"}]},{"@type":"WebSite","@id":"https:\/\/accesolatino.org\/#website","url":"https:\/\/accesolatino.org\/","name":"Acceso Latino | Fundaci\u00f3n Carlos Slim","description":"Fundaci\u00f3n Carlos Slim","publisher":{"@id":"https:\/\/accesolatino.org\/#organization"},"potentialAction":[{"@type":"SearchAction","target":{"@type":"EntryPoint","urlTemplate":"https:\/\/accesolatino.org\/?s={search_term_string}"},"query-input":{"@type":"PropertyValueSpecification","valueRequired":true,"valueName":"search_term_string"}}],"inLanguage":"en-US"},{"@type":"Organization","@id":"https:\/\/accesolatino.org\/#organization","name":"Acceso Latino | Fundaci\u00f3n Carlos Slim","url":"https:\/\/accesolatino.org\/","logo":{"@type":"ImageObject","inLanguage":"en-US","@id":"https:\/\/accesolatino.org\/#\/schema\/logo\/image\/","url":"https:\/\/accesolatino.org\/wp-content\/uploads\/2021\/02\/logo-footer-acceso-latino.png","contentUrl":"https:\/\/accesolatino.org\/wp-content\/uploads\/2021\/02\/logo-footer-acceso-latino.png","width":240,"height":40,"caption":"Acceso Latino | Fundaci\u00f3n Carlos Slim"},"image":{"@id":"https:\/\/accesolatino.org\/#\/schema\/logo\/image\/"},"sameAs":["https:\/\/www.facebook.com\/AccesoLatinoOrg","https:\/\/x.com\/FAccLatino"]},{"@type":"Person","@id":"https:\/\/accesolatino.org\/#\/schema\/person\/75127291c010a94e5a588c481204c991","name":"admin"}]}},"_links":{"self":[{"href":"https:\/\/accesolatino.org\/en\/wp-json\/wp\/v2\/posts\/18896","targetHints":{"allow":["GET"]}}],"collection":[{"href":"https:\/\/accesolatino.org\/en\/wp-json\/wp\/v2\/posts"}],"about":[{"href":"https:\/\/accesolatino.org\/en\/wp-json\/wp\/v2\/types\/post"}],"author":[{"embeddable":true,"href":"https:\/\/accesolatino.org\/en\/wp-json\/wp\/v2\/users\/1"}],"replies":[{"embeddable":true,"href":"https:\/\/accesolatino.org\/en\/wp-json\/wp\/v2\/comments?post=18896"}],"version-history":[{"count":1,"href":"https:\/\/accesolatino.org\/en\/wp-json\/wp\/v2\/posts\/18896\/revisions"}],"predecessor-version":[{"id":66140,"href":"https:\/\/accesolatino.org\/en\/wp-json\/wp\/v2\/posts\/18896\/revisions\/66140"}],"wp:featuredmedia":[{"embeddable":true,"href":"https:\/\/accesolatino.org\/en\/wp-json\/wp\/v2\/media\/18899"}],"wp:attachment":[{"href":"https:\/\/accesolatino.org\/en\/wp-json\/wp\/v2\/media?parent=18896"}],"wp:term":[{"taxonomy":"category","embeddable":true,"href":"https:\/\/accesolatino.org\/en\/wp-json\/wp\/v2\/categories?post=18896"},{"taxonomy":"post_tag","embeddable":true,"href":"https:\/\/accesolatino.org\/en\/wp-json\/wp\/v2\/tags?post=18896"}],"curies":[{"name":"wp","href":"https:\/\/api.w.org\/{rel}","templated":true}]}}