{"id":18867,"date":"2019-10-17T11:05:02","date_gmt":"2019-10-17T16:05:02","guid":{"rendered":"https:\/\/accesolatino.org\/?p=18867"},"modified":"2025-10-26T23:31:16","modified_gmt":"2025-10-27T05:31:16","slug":"octubre-mes-de-sensibilizacion-sobre-el-cancer-de-mama","status":"publish","type":"post","link":"https:\/\/accesolatino.org\/en\/octubre-mes-de-sensibilizacion-sobre-el-cancer-de-mama\/noticias\/","title":{"rendered":"Octubre: mes de sensibilizaci\u00f3n sobre el c\u00e1ncer de mama"},"content":{"rendered":"<div data-elementor-type=\"wp-post\" data-elementor-id=\"18867\" class=\"elementor elementor-18867\">\n\t\t\t\t\t\t<section class=\"elementor-section elementor-top-section elementor-element elementor-element-2ae491ef elementor-section-boxed elementor-section-height-default elementor-section-height-default wpr-particle-no wpr-jarallax-no wpr-parallax-no wpr-sticky-section-no wpr-equal-height-no\" data-id=\"2ae491ef\" data-element_type=\"section\" data-e-type=\"section\">\n\t\t\t\t\t\t<div class=\"elementor-container elementor-column-gap-default\">\n\t\t\t\t\t<div class=\"elementor-column elementor-col-100 elementor-top-column elementor-element elementor-element-29caa9c0\" data-id=\"29caa9c0\" data-element_type=\"column\" data-e-type=\"column\">\n\t\t\t<div class=\"elementor-widget-wrap elementor-element-populated\">\n\t\t\t\t\t\t<div class=\"elementor-element elementor-element-2572709e elementor-widget elementor-widget-text-editor\" data-id=\"2572709e\" data-element_type=\"widget\" data-e-type=\"widget\" data-widget_type=\"text-editor.default\">\n\t\t\t\t<div class=\"elementor-widget-container\">\n\t\t\t\t\t\t\t\t\t<p>El c\u00e1ncer de mama es una enfermedad en la que c\u00e9lulas cancer\u00edgenas se reproducen en el tejido mamario como resultado de diversos factores como mutaciones gen\u00e9ticas o de herencia. La Organizaci\u00f3n Mundial de Salud (OMS) indica que este tipo de c\u00e1ncer es el m\u00e1s habitual en las mujeres de todo el mundo.<\/p><p>Actualmente, se desconoce el origen del c\u00e1ncer de mama, m\u00faltiples investigaciones han dejado ver que los principales factores de riesgo para contraer esta enfermedad es tener m\u00e1s de 50 a\u00f1os, cambios en el tejido mamario, exposici\u00f3n a estr\u00f3genos, aumento en la consistencia de la mama y haber recibido quimioterapia antes de los 30 a\u00f1os de edad.<\/p><p>Los s\u00edntomas m\u00e1s comunes del c\u00e1ncer de mama son la aparici\u00f3n de un bulto cerca del seno o debajo del brazo o cuello, cambios en el tama\u00f1o y forma de los pechos, secreciones e hipersensibilidad en el pez\u00f3n, entre otras.<\/p><p>Para prevenir o detectar esta enfermedad las mujeres entre 20 y 40 a\u00f1os de edad deben acudir con un especialista cada a\u00f1o para que les realice estudios. A partir de los 40 se recomienda realizarse cada a\u00f1o una mastograf\u00eda para identificar tumores o cambios en el tejido mamario. De los 54 a los 74 a\u00f1os la frecuencia de los ex\u00e1menes puede variar entre uno o dos a\u00f1os.<\/p><p>La autoexploraci\u00f3n es muy importante y ante cualquier cambio por m\u00ednimo que sea es de vital importancia acudir con el m\u00e9dico.<\/p><p>In <a href=\"http:\/\/clikisalud.net\">ClikiSalud<\/a> tenemos mucha informaci\u00f3n sobre los diferentes tipos de c\u00e1ncer, sus s\u00edntomas, posibles tratamientos y m\u00e1s datos que pueden ayudarte a entender mejor esta enfermedad.<\/p>\t\t\t\t\t\t\t\t<\/div>\n\t\t\t\t<\/div>\n\t\t\t\t\t<\/div>\n\t\t<\/div>\n\t\t\t\t\t<\/div>\n\t\t<\/section>\n\t\t\t\t<\/div>","protected":false},"excerpt":{"rendered":"<p>El c\u00e1ncer de mama es una enfermedad en la que c\u00e9lulas cancer\u00edgenas se reproducen en el tejido mamario como resultado de diversos factores como mutaciones gen\u00e9ticas o de herencia. La Organizaci\u00f3n Mundial de Salud (OMS) indica que este tipo de c\u00e1ncer es el m\u00e1s habitual en las mujeres de todo el mundo. Actualmente, se desconoce el origen del c\u00e1ncer de mama, m\u00faltiples investigaciones han dejado ver que los principales factores de riesgo para contraer esta enfermedad es tener m\u00e1s de 50 a\u00f1os, cambios en el tejido mamario, exposici\u00f3n a estr\u00f3genos, aumento en la consistencia de la mama y haber recibido quimioterapia antes de los 30 a\u00f1os de edad. Los s\u00edntomas m\u00e1s comunes del c\u00e1ncer de mama son la aparici\u00f3n de un bulto cerca del seno o debajo del brazo o cuello, cambios en el tama\u00f1o y forma de los pechos, secreciones e hipersensibilidad en el pez\u00f3n, entre otras. Para prevenir o detectar esta enfermedad las mujeres entre 20 y 40 a\u00f1os de edad deben acudir con un especialista cada a\u00f1o para que les realice estudios. A partir de los 40 se recomienda realizarse cada a\u00f1o una mastograf\u00eda para identificar tumores o cambios en el tejido mamario. De los 54 a los 74 a\u00f1os la frecuencia de los ex\u00e1menes puede variar entre uno o dos a\u00f1os. La autoexploraci\u00f3n es muy importante y ante cualquier cambio por m\u00ednimo que sea es de vital importancia acudir con el m\u00e9dico. En ClikiSalud tenemos mucha informaci\u00f3n sobre los diferentes tipos de c\u00e1ncer, sus s\u00edntomas, posibles tratamientos y m\u00e1s datos que pueden ayudarte a entender mejor esta enfermedad.<\/p>","protected":false},"author":1,"featured_media":18871,"comment_status":"open","ping_status":"open","sticky":false,"template":"elementor_header_footer","format":"standard","meta":{"_uf_show_specific_survey":0,"_uf_disable_surveys":false,"footnotes":""},"categories":[10,1],"tags":[],"class_list":["post-18867","post","type-post","status-publish","format-standard","has-post-thumbnail","hentry","category-noticias","category-temas-de-interes"],"aioseo_notices":[],"yoast_head":"<!-- This site is optimized with the Yoast SEO plugin v27.4 - https:\/\/yoast.com\/product\/yoast-seo-wordpress\/ -->\n<title>Octubre: mes de sensibilizaci\u00f3n sobre el c\u00e1ncer de mama<\/title>\n<meta name=\"description\" content=\"El c\u00e1ncer de mama es una enfermedad en la que c\u00e9lulas cancer\u00edgenas se reproducen en el tejido mamario como resultado de diversos factores...\" \/>\n<meta name=\"robots\" content=\"index, follow, max-snippet:-1, max-image-preview:large, max-video-preview:-1\" \/>\n<link rel=\"canonical\" href=\"https:\/\/accesolatino.org\/en\/octubre-mes-de-sensibilizacion-sobre-el-cancer-de-mama\/noticias\/\" \/>\n<meta property=\"og:locale\" content=\"en_US\" \/>\n<meta property=\"og:type\" content=\"article\" \/>\n<meta property=\"og:title\" content=\"Octubre: mes de sensibilizaci\u00f3n sobre el c\u00e1ncer de mama\" \/>\n<meta property=\"og:description\" content=\"El c\u00e1ncer de mama es una enfermedad en la que c\u00e9lulas cancer\u00edgenas se reproducen en el tejido mamario como resultado de diversos factores...\" \/>\n<meta property=\"og:url\" content=\"https:\/\/accesolatino.org\/en\/octubre-mes-de-sensibilizacion-sobre-el-cancer-de-mama\/noticias\/\" \/>\n<meta property=\"og:site_name\" content=\"Acceso Latino\" \/>\n<meta property=\"article:publisher\" content=\"https:\/\/www.facebook.com\/AccesoLatinoOrg\" \/>\n<meta property=\"article:published_time\" content=\"2019-10-17T16:05:02+00:00\" \/>\n<meta property=\"article:modified_time\" content=\"2025-10-27T05:31:16+00:00\" \/>\n<meta property=\"og:image\" content=\"https:\/\/accesolatino.org\/wp-content\/uploads\/2019\/10\/Octubre-mes-de-sensibilizaci\u00f3n-sobre-el-c\u00e1ncer-de-mama.jpg\" \/>\n\t<meta property=\"og:image:width\" content=\"600\" \/>\n\t<meta property=\"og:image:height\" content=\"338\" \/>\n\t<meta property=\"og:image:type\" content=\"image\/jpeg\" \/>\n<meta name=\"author\" content=\"admin\" \/>\n<meta name=\"twitter:card\" content=\"summary_large_image\" \/>\n<meta name=\"twitter:creator\" content=\"@FAccLatino\" \/>\n<meta name=\"twitter:site\" content=\"@FAccLatino\" \/>\n<meta name=\"twitter:label1\" content=\"Written by\" \/>\n\t<meta name=\"twitter:data1\" content=\"admin\" \/>\n\t<meta name=\"twitter:label2\" content=\"Est. reading time\" \/>\n\t<meta name=\"twitter:data2\" content=\"2 minutes\" \/>\n<script type=\"application\/ld+json\" class=\"yoast-schema-graph\">{\"@context\":\"https:\\\/\\\/schema.org\",\"@graph\":[{\"@type\":\"Article\",\"@id\":\"https:\\\/\\\/accesolatino.org\\\/octubre-mes-de-sensibilizacion-sobre-el-cancer-de-mama\\\/noticias\\\/#article\",\"isPartOf\":{\"@id\":\"https:\\\/\\\/accesolatino.org\\\/octubre-mes-de-sensibilizacion-sobre-el-cancer-de-mama\\\/noticias\\\/\"},\"author\":{\"name\":\"admin\",\"@id\":\"https:\\\/\\\/accesolatino.org\\\/#\\\/schema\\\/person\\\/75127291c010a94e5a588c481204c991\"},\"headline\":\"Octubre: mes de sensibilizaci\u00f3n sobre el c\u00e1ncer de mama\",\"datePublished\":\"2019-10-17T16:05:02+00:00\",\"dateModified\":\"2025-10-27T05:31:16+00:00\",\"mainEntityOfPage\":{\"@id\":\"https:\\\/\\\/accesolatino.org\\\/octubre-mes-de-sensibilizacion-sobre-el-cancer-de-mama\\\/noticias\\\/\"},\"wordCount\":300,\"commentCount\":0,\"publisher\":{\"@id\":\"https:\\\/\\\/accesolatino.org\\\/#organization\"},\"image\":{\"@id\":\"https:\\\/\\\/accesolatino.org\\\/octubre-mes-de-sensibilizacion-sobre-el-cancer-de-mama\\\/noticias\\\/#primaryimage\"},\"thumbnailUrl\":\"https:\\\/\\\/accesolatino.org\\\/wp-content\\\/uploads\\\/2019\\\/10\\\/Octubre-mes-de-sensibilizaci\u00f3n-sobre-el-c\u00e1ncer-de-mama.jpg\",\"articleSection\":[\"Noticias\",\"Temas de inter\u00e9s\"],\"inLanguage\":\"en-US\",\"potentialAction\":[{\"@type\":\"CommentAction\",\"name\":\"Comment\",\"target\":[\"https:\\\/\\\/accesolatino.org\\\/octubre-mes-de-sensibilizacion-sobre-el-cancer-de-mama\\\/noticias\\\/#respond\"]}]},{\"@type\":\"WebPage\",\"@id\":\"https:\\\/\\\/accesolatino.org\\\/octubre-mes-de-sensibilizacion-sobre-el-cancer-de-mama\\\/noticias\\\/\",\"url\":\"https:\\\/\\\/accesolatino.org\\\/octubre-mes-de-sensibilizacion-sobre-el-cancer-de-mama\\\/noticias\\\/\",\"name\":\"Octubre: mes de sensibilizaci\u00f3n sobre el c\u00e1ncer de mama\",\"isPartOf\":{\"@id\":\"https:\\\/\\\/accesolatino.org\\\/#website\"},\"primaryImageOfPage\":{\"@id\":\"https:\\\/\\\/accesolatino.org\\\/octubre-mes-de-sensibilizacion-sobre-el-cancer-de-mama\\\/noticias\\\/#primaryimage\"},\"image\":{\"@id\":\"https:\\\/\\\/accesolatino.org\\\/octubre-mes-de-sensibilizacion-sobre-el-cancer-de-mama\\\/noticias\\\/#primaryimage\"},\"thumbnailUrl\":\"https:\\\/\\\/accesolatino.org\\\/wp-content\\\/uploads\\\/2019\\\/10\\\/Octubre-mes-de-sensibilizaci\u00f3n-sobre-el-c\u00e1ncer-de-mama.jpg\",\"datePublished\":\"2019-10-17T16:05:02+00:00\",\"dateModified\":\"2025-10-27T05:31:16+00:00\",\"description\":\"El c\u00e1ncer de mama es una enfermedad en la que c\u00e9lulas cancer\u00edgenas se reproducen en el tejido mamario como resultado de diversos factores...\",\"breadcrumb\":{\"@id\":\"https:\\\/\\\/accesolatino.org\\\/octubre-mes-de-sensibilizacion-sobre-el-cancer-de-mama\\\/noticias\\\/#breadcrumb\"},\"inLanguage\":\"en-US\",\"potentialAction\":[{\"@type\":\"ReadAction\",\"target\":[\"https:\\\/\\\/accesolatino.org\\\/octubre-mes-de-sensibilizacion-sobre-el-cancer-de-mama\\\/noticias\\\/\"]}]},{\"@type\":\"ImageObject\",\"inLanguage\":\"en-US\",\"@id\":\"https:\\\/\\\/accesolatino.org\\\/octubre-mes-de-sensibilizacion-sobre-el-cancer-de-mama\\\/noticias\\\/#primaryimage\",\"url\":\"https:\\\/\\\/accesolatino.org\\\/wp-content\\\/uploads\\\/2019\\\/10\\\/Octubre-mes-de-sensibilizaci\u00f3n-sobre-el-c\u00e1ncer-de-mama.jpg\",\"contentUrl\":\"https:\\\/\\\/accesolatino.org\\\/wp-content\\\/uploads\\\/2019\\\/10\\\/Octubre-mes-de-sensibilizaci\u00f3n-sobre-el-c\u00e1ncer-de-mama.jpg\",\"width\":600,\"height\":338,\"caption\":\"Octubre: mes de sensibilizaci\u00f3n sobre el c\u00e1ncer de mama\"},{\"@type\":\"BreadcrumbList\",\"@id\":\"https:\\\/\\\/accesolatino.org\\\/octubre-mes-de-sensibilizacion-sobre-el-cancer-de-mama\\\/noticias\\\/#breadcrumb\",\"itemListElement\":[{\"@type\":\"ListItem\",\"position\":1,\"name\":\"Portada\",\"item\":\"https:\\\/\\\/accesolatino.org\\\/\"},{\"@type\":\"ListItem\",\"position\":2,\"name\":\"Noticias\",\"item\":\"https:\\\/\\\/accesolatino.org\\\/category\\\/noticias\\\/\"},{\"@type\":\"ListItem\",\"position\":3,\"name\":\"Octubre: mes de sensibilizaci\u00f3n sobre el c\u00e1ncer de mama\"}]},{\"@type\":\"WebSite\",\"@id\":\"https:\\\/\\\/accesolatino.org\\\/#website\",\"url\":\"https:\\\/\\\/accesolatino.org\\\/\",\"name\":\"Acceso Latino | Fundaci\u00f3n Carlos Slim\",\"description\":\"Fundaci\u00f3n Carlos Slim\",\"publisher\":{\"@id\":\"https:\\\/\\\/accesolatino.org\\\/#organization\"},\"potentialAction\":[{\"@type\":\"SearchAction\",\"target\":{\"@type\":\"EntryPoint\",\"urlTemplate\":\"https:\\\/\\\/accesolatino.org\\\/?s={search_term_string}\"},\"query-input\":{\"@type\":\"PropertyValueSpecification\",\"valueRequired\":true,\"valueName\":\"search_term_string\"}}],\"inLanguage\":\"en-US\"},{\"@type\":\"Organization\",\"@id\":\"https:\\\/\\\/accesolatino.org\\\/#organization\",\"name\":\"Acceso Latino | Fundaci\u00f3n Carlos Slim\",\"url\":\"https:\\\/\\\/accesolatino.org\\\/\",\"logo\":{\"@type\":\"ImageObject\",\"inLanguage\":\"en-US\",\"@id\":\"https:\\\/\\\/accesolatino.org\\\/#\\\/schema\\\/logo\\\/image\\\/\",\"url\":\"https:\\\/\\\/accesolatino.org\\\/wp-content\\\/uploads\\\/2021\\\/02\\\/logo-footer-acceso-latino.png\",\"contentUrl\":\"https:\\\/\\\/accesolatino.org\\\/wp-content\\\/uploads\\\/2021\\\/02\\\/logo-footer-acceso-latino.png\",\"width\":240,\"height\":40,\"caption\":\"Acceso Latino | Fundaci\u00f3n Carlos Slim\"},\"image\":{\"@id\":\"https:\\\/\\\/accesolatino.org\\\/#\\\/schema\\\/logo\\\/image\\\/\"},\"sameAs\":[\"https:\\\/\\\/www.facebook.com\\\/AccesoLatinoOrg\",\"https:\\\/\\\/x.com\\\/FAccLatino\"]},{\"@type\":\"Person\",\"@id\":\"https:\\\/\\\/accesolatino.org\\\/#\\\/schema\\\/person\\\/75127291c010a94e5a588c481204c991\",\"name\":\"admin\"}]}<\/script>\n<!-- \/ Yoast SEO plugin. -->","yoast_head_json":{"title":"Octubre: mes de sensibilizaci\u00f3n sobre el c\u00e1ncer de mama","description":"El c\u00e1ncer de mama es una enfermedad en la que c\u00e9lulas cancer\u00edgenas se reproducen en el tejido mamario como resultado de diversos factores...","robots":{"index":"index","follow":"follow","max-snippet":"max-snippet:-1","max-image-preview":"max-image-preview:large","max-video-preview":"max-video-preview:-1"},"canonical":"https:\/\/accesolatino.org\/en\/octubre-mes-de-sensibilizacion-sobre-el-cancer-de-mama\/noticias\/","og_locale":"en_US","og_type":"article","og_title":"Octubre: mes de sensibilizaci\u00f3n sobre el c\u00e1ncer de mama","og_description":"El c\u00e1ncer de mama es una enfermedad en la que c\u00e9lulas cancer\u00edgenas se reproducen en el tejido mamario como resultado de diversos factores...","og_url":"https:\/\/accesolatino.org\/en\/octubre-mes-de-sensibilizacion-sobre-el-cancer-de-mama\/noticias\/","og_site_name":"Acceso Latino","article_publisher":"https:\/\/www.facebook.com\/AccesoLatinoOrg","article_published_time":"2019-10-17T16:05:02+00:00","article_modified_time":"2025-10-27T05:31:16+00:00","og_image":[{"width":600,"height":338,"url":"https:\/\/accesolatino.org\/wp-content\/uploads\/2019\/10\/Octubre-mes-de-sensibilizaci\u00f3n-sobre-el-c\u00e1ncer-de-mama.jpg","type":"image\/jpeg"}],"author":"admin","twitter_card":"summary_large_image","twitter_creator":"@FAccLatino","twitter_site":"@FAccLatino","twitter_misc":{"Written by":"admin","Est. reading time":"2 minutes"},"schema":{"@context":"https:\/\/schema.org","@graph":[{"@type":"Article","@id":"https:\/\/accesolatino.org\/octubre-mes-de-sensibilizacion-sobre-el-cancer-de-mama\/noticias\/#article","isPartOf":{"@id":"https:\/\/accesolatino.org\/octubre-mes-de-sensibilizacion-sobre-el-cancer-de-mama\/noticias\/"},"author":{"name":"admin","@id":"https:\/\/accesolatino.org\/#\/schema\/person\/75127291c010a94e5a588c481204c991"},"headline":"Octubre: mes de sensibilizaci\u00f3n sobre el c\u00e1ncer de mama","datePublished":"2019-10-17T16:05:02+00:00","dateModified":"2025-10-27T05:31:16+00:00","mainEntityOfPage":{"@id":"https:\/\/accesolatino.org\/octubre-mes-de-sensibilizacion-sobre-el-cancer-de-mama\/noticias\/"},"wordCount":300,"commentCount":0,"publisher":{"@id":"https:\/\/accesolatino.org\/#organization"},"image":{"@id":"https:\/\/accesolatino.org\/octubre-mes-de-sensibilizacion-sobre-el-cancer-de-mama\/noticias\/#primaryimage"},"thumbnailUrl":"https:\/\/accesolatino.org\/wp-content\/uploads\/2019\/10\/Octubre-mes-de-sensibilizaci\u00f3n-sobre-el-c\u00e1ncer-de-mama.jpg","articleSection":["Noticias","Temas de inter\u00e9s"],"inLanguage":"en-US","potentialAction":[{"@type":"CommentAction","name":"Comment","target":["https:\/\/accesolatino.org\/octubre-mes-de-sensibilizacion-sobre-el-cancer-de-mama\/noticias\/#respond"]}]},{"@type":"WebPage","@id":"https:\/\/accesolatino.org\/octubre-mes-de-sensibilizacion-sobre-el-cancer-de-mama\/noticias\/","url":"https:\/\/accesolatino.org\/octubre-mes-de-sensibilizacion-sobre-el-cancer-de-mama\/noticias\/","name":"Octubre: mes de sensibilizaci\u00f3n sobre el c\u00e1ncer de mama","isPartOf":{"@id":"https:\/\/accesolatino.org\/#website"},"primaryImageOfPage":{"@id":"https:\/\/accesolatino.org\/octubre-mes-de-sensibilizacion-sobre-el-cancer-de-mama\/noticias\/#primaryimage"},"image":{"@id":"https:\/\/accesolatino.org\/octubre-mes-de-sensibilizacion-sobre-el-cancer-de-mama\/noticias\/#primaryimage"},"thumbnailUrl":"https:\/\/accesolatino.org\/wp-content\/uploads\/2019\/10\/Octubre-mes-de-sensibilizaci\u00f3n-sobre-el-c\u00e1ncer-de-mama.jpg","datePublished":"2019-10-17T16:05:02+00:00","dateModified":"2025-10-27T05:31:16+00:00","description":"El c\u00e1ncer de mama es una enfermedad en la que c\u00e9lulas cancer\u00edgenas se reproducen en el tejido mamario como resultado de diversos factores...","breadcrumb":{"@id":"https:\/\/accesolatino.org\/octubre-mes-de-sensibilizacion-sobre-el-cancer-de-mama\/noticias\/#breadcrumb"},"inLanguage":"en-US","potentialAction":[{"@type":"ReadAction","target":["https:\/\/accesolatino.org\/octubre-mes-de-sensibilizacion-sobre-el-cancer-de-mama\/noticias\/"]}]},{"@type":"ImageObject","inLanguage":"en-US","@id":"https:\/\/accesolatino.org\/octubre-mes-de-sensibilizacion-sobre-el-cancer-de-mama\/noticias\/#primaryimage","url":"https:\/\/accesolatino.org\/wp-content\/uploads\/2019\/10\/Octubre-mes-de-sensibilizaci\u00f3n-sobre-el-c\u00e1ncer-de-mama.jpg","contentUrl":"https:\/\/accesolatino.org\/wp-content\/uploads\/2019\/10\/Octubre-mes-de-sensibilizaci\u00f3n-sobre-el-c\u00e1ncer-de-mama.jpg","width":600,"height":338,"caption":"Octubre: mes de sensibilizaci\u00f3n sobre el c\u00e1ncer de mama"},{"@type":"BreadcrumbList","@id":"https:\/\/accesolatino.org\/octubre-mes-de-sensibilizacion-sobre-el-cancer-de-mama\/noticias\/#breadcrumb","itemListElement":[{"@type":"ListItem","position":1,"name":"Portada","item":"https:\/\/accesolatino.org\/"},{"@type":"ListItem","position":2,"name":"Noticias","item":"https:\/\/accesolatino.org\/category\/noticias\/"},{"@type":"ListItem","position":3,"name":"Octubre: mes de sensibilizaci\u00f3n sobre el c\u00e1ncer de mama"}]},{"@type":"WebSite","@id":"https:\/\/accesolatino.org\/#website","url":"https:\/\/accesolatino.org\/","name":"Acceso Latino | Fundaci\u00f3n Carlos Slim","description":"Fundaci\u00f3n Carlos Slim","publisher":{"@id":"https:\/\/accesolatino.org\/#organization"},"potentialAction":[{"@type":"SearchAction","target":{"@type":"EntryPoint","urlTemplate":"https:\/\/accesolatino.org\/?s={search_term_string}"},"query-input":{"@type":"PropertyValueSpecification","valueRequired":true,"valueName":"search_term_string"}}],"inLanguage":"en-US"},{"@type":"Organization","@id":"https:\/\/accesolatino.org\/#organization","name":"Acceso Latino | Fundaci\u00f3n Carlos Slim","url":"https:\/\/accesolatino.org\/","logo":{"@type":"ImageObject","inLanguage":"en-US","@id":"https:\/\/accesolatino.org\/#\/schema\/logo\/image\/","url":"https:\/\/accesolatino.org\/wp-content\/uploads\/2021\/02\/logo-footer-acceso-latino.png","contentUrl":"https:\/\/accesolatino.org\/wp-content\/uploads\/2021\/02\/logo-footer-acceso-latino.png","width":240,"height":40,"caption":"Acceso Latino | Fundaci\u00f3n Carlos Slim"},"image":{"@id":"https:\/\/accesolatino.org\/#\/schema\/logo\/image\/"},"sameAs":["https:\/\/www.facebook.com\/AccesoLatinoOrg","https:\/\/x.com\/FAccLatino"]},{"@type":"Person","@id":"https:\/\/accesolatino.org\/#\/schema\/person\/75127291c010a94e5a588c481204c991","name":"admin"}]}},"_links":{"self":[{"href":"https:\/\/accesolatino.org\/en\/wp-json\/wp\/v2\/posts\/18867","targetHints":{"allow":["GET"]}}],"collection":[{"href":"https:\/\/accesolatino.org\/en\/wp-json\/wp\/v2\/posts"}],"about":[{"href":"https:\/\/accesolatino.org\/en\/wp-json\/wp\/v2\/types\/post"}],"author":[{"embeddable":true,"href":"https:\/\/accesolatino.org\/en\/wp-json\/wp\/v2\/users\/1"}],"replies":[{"embeddable":true,"href":"https:\/\/accesolatino.org\/en\/wp-json\/wp\/v2\/comments?post=18867"}],"version-history":[{"count":1,"href":"https:\/\/accesolatino.org\/en\/wp-json\/wp\/v2\/posts\/18867\/revisions"}],"predecessor-version":[{"id":66142,"href":"https:\/\/accesolatino.org\/en\/wp-json\/wp\/v2\/posts\/18867\/revisions\/66142"}],"wp:featuredmedia":[{"embeddable":true,"href":"https:\/\/accesolatino.org\/en\/wp-json\/wp\/v2\/media\/18871"}],"wp:attachment":[{"href":"https:\/\/accesolatino.org\/en\/wp-json\/wp\/v2\/media?parent=18867"}],"wp:term":[{"taxonomy":"category","embeddable":true,"href":"https:\/\/accesolatino.org\/en\/wp-json\/wp\/v2\/categories?post=18867"},{"taxonomy":"post_tag","embeddable":true,"href":"https:\/\/accesolatino.org\/en\/wp-json\/wp\/v2\/tags?post=18867"}],"curies":[{"name":"wp","href":"https:\/\/api.w.org\/{rel}","templated":true}]}}