{"id":18826,"date":"2019-10-10T10:50:52","date_gmt":"2019-10-10T15:50:52","guid":{"rendered":"https:\/\/accesolatino.org\/?p=18826"},"modified":"2025-10-26T23:32:54","modified_gmt":"2025-10-27T05:32:54","slug":"representante-latina-democrata-defiende-a-inmigrantes","status":"publish","type":"post","link":"https:\/\/accesolatino.org\/en\/representante-latina-democrata-defiende-a-inmigrantes\/noticias\/","title":{"rendered":"Representante latina dem\u00f3crata defiende a inmigrantes"},"content":{"rendered":"<div data-elementor-type=\"wp-post\" data-elementor-id=\"18826\" class=\"elementor elementor-18826\">\n\t\t\t\t\t\t<section class=\"elementor-section elementor-top-section elementor-element elementor-element-2ae491ef elementor-section-boxed elementor-section-height-default elementor-section-height-default wpr-particle-no wpr-jarallax-no wpr-parallax-no wpr-sticky-section-no wpr-equal-height-no\" data-id=\"2ae491ef\" data-element_type=\"section\" data-e-type=\"section\">\n\t\t\t\t\t\t<div class=\"elementor-container elementor-column-gap-default\">\n\t\t\t\t\t<div class=\"elementor-column elementor-col-100 elementor-top-column elementor-element elementor-element-29caa9c0\" data-id=\"29caa9c0\" data-element_type=\"column\" data-e-type=\"column\">\n\t\t\t<div class=\"elementor-widget-wrap elementor-element-populated\">\n\t\t\t\t\t\t<div class=\"elementor-element elementor-element-2572709e elementor-widget elementor-widget-text-editor\" data-id=\"2572709e\" data-element_type=\"widget\" data-e-type=\"widget\" data-widget_type=\"text-editor.default\">\n\t\t\t\t<div class=\"elementor-widget-container\">\n\t\t\t\t\t\t\t\t\t<p>Alexandria Ocasio-Cortez es una activista y pol\u00edtica estadounidense, que no hace mucho tiempo gan\u00f3 las elecciones primarias del distrito 14 de Nueva York, y que ha emprendido una lucha por los derechos humanos de los inmigrantes desde que tom\u00f3 el cargo.<\/p><p>A principios de octubre de 2019, la representante dem\u00f3crata expuso un conjunto de medidas con el que busca hacer de Estados Unidos \u201cuna sociedad justa\u201d.<\/p><p>Las reformas est\u00e1n pensadas en proteger a los indocumentados en varios rubros, que desde hace tiempo se encuentran descobijados.<\/p><p>Alexandria Ocasio-Cortez hace un llamado a reconocer a los inmigrantes, personas esclavizadas y refugiados que han levantado a Estados Unidos a lo largo de la historia. En este sentido, plante\u00f3 dar acceso a ayudas p\u00fablicas federales a extranjeros sin importar su estatus migratorio.<\/p><p>Las ayudas p\u00fablicas propuestas son las siguientes:<\/p><ul><li style=\"list-style-type: none;\"><ul><li style=\"list-style-type: none;\"><ul><li>Apoyo para la vivienda<\/li><li>Asistencia m\u00e9dica<\/li><li>Jubilaci\u00f3n<\/li><li>Licencias profesionales<\/li><li>Pr\u00e9stamos<\/li><li>Subsidios<\/li><\/ul><\/li><\/ul><\/li><\/ul><p>El paquete de leyes presentado tambi\u00e9n habla de mejorar los ambientes laborales de los trabajadores que colaboran con el gobierno federal. Ocasio-Cortez cree que la soluci\u00f3n m\u00e1s viable es un sistema de puntos que favorezca a aquellas compa\u00f1\u00edas que paguen los permisos familiares, que respeten el salario m\u00ednimo de 15 d\u00f3lares y que tengan sindicatos.<\/p><p>Asimismo, apunt\u00f3 la necesidad de reducir el costo anual de la renta, a un tres por ciento, de esta forma garantizar\u00eda una vivienda asequible para todos.<\/p><p>Cada propuesta tiene como objetivo el derecho a un trabajo, con condiciones justas, seguridad social, acceso a servicios de salud y un nivel de vida digno, que muchas veces les son negados a los inmigrantes.<\/p><p>Alexandria Ocasio-Cortez se ha caracterizado por ser una defensora de los m\u00e1s vulnerables y \u00a0ha llevado su batalla hasta el Congreso, y desde que gan\u00f3 las elecciones no ha dejado de velar por los derechos de los inmigrantes.<\/p><p>Fuente: <em>La Opini\u00f3n<\/em><\/p>\t\t\t\t\t\t\t\t<\/div>\n\t\t\t\t<\/div>\n\t\t\t\t\t<\/div>\n\t\t<\/div>\n\t\t\t\t\t<\/div>\n\t\t<\/section>\n\t\t\t\t<\/div>","protected":false},"excerpt":{"rendered":"<p>Alexandria Ocasio-Cortez es una activista y pol\u00edtica estadounidense, que no hace mucho tiempo gan\u00f3 las elecciones primarias del distrito 14 de Nueva York, y que ha emprendido una lucha por los derechos humanos de los inmigrantes desde que tom\u00f3 el cargo. A principios de octubre de 2019, la representante dem\u00f3crata expuso un conjunto de medidas con el que busca hacer de Estados Unidos \u201cuna sociedad justa\u201d. Las reformas est\u00e1n pensadas en proteger a los indocumentados en varios rubros, que desde hace tiempo se encuentran descobijados. Alexandria Ocasio-Cortez hace un llamado a reconocer a los inmigrantes, personas esclavizadas y refugiados que han levantado a Estados Unidos a lo largo de la historia. En este sentido, plante\u00f3 dar acceso a ayudas p\u00fablicas federales a extranjeros sin importar su estatus migratorio. Las ayudas p\u00fablicas propuestas son las siguientes: Apoyo para la vivienda Asistencia m\u00e9dica Jubilaci\u00f3n Licencias profesionales Pr\u00e9stamos Subsidios El paquete de leyes presentado tambi\u00e9n habla de mejorar los ambientes laborales de los trabajadores que colaboran con el gobierno federal. Ocasio-Cortez cree que la soluci\u00f3n m\u00e1s viable es un sistema de puntos que favorezca a aquellas compa\u00f1\u00edas que paguen los permisos familiares, que respeten el salario m\u00ednimo de 15 d\u00f3lares y que tengan sindicatos. Asimismo, apunt\u00f3 la necesidad de reducir el costo anual de la renta, a un tres por ciento, de esta forma garantizar\u00eda una vivienda asequible para todos. Cada propuesta tiene como objetivo el derecho a un trabajo, con condiciones justas, seguridad social, acceso a servicios de salud y un nivel de vida digno, que muchas veces les son negados a los inmigrantes. Alexandria Ocasio-Cortez se ha caracterizado por ser una defensora de los m\u00e1s vulnerables y &nbsp;ha llevado su batalla hasta el Congreso, y desde que gan\u00f3 las elecciones no ha dejado de velar por los derechos de los inmigrantes. Fuente: La Opini\u00f3n<\/p>","protected":false},"author":1,"featured_media":18828,"comment_status":"open","ping_status":"open","sticky":false,"template":"elementor_header_footer","format":"standard","meta":{"_uf_show_specific_survey":0,"_uf_disable_surveys":false,"footnotes":""},"categories":[10,1],"tags":[],"class_list":["post-18826","post","type-post","status-publish","format-standard","has-post-thumbnail","hentry","category-noticias","category-temas-de-interes"],"aioseo_notices":[],"yoast_head":"<!-- This site is optimized with the Yoast SEO plugin v27.4 - https:\/\/yoast.com\/product\/yoast-seo-wordpress\/ -->\n<title>Representante latina dem\u00f3crata defiende a inmigrantes | Acceso Latino<\/title>\n<meta name=\"description\" content=\"Alexandria Ocasio-Cortez es una activista y pol\u00edtica estadounidense, que no hace mucho tiempo gan\u00f3 las elecciones primarias del distrito 14 de Nueva York...\" \/>\n<meta name=\"robots\" content=\"index, follow, max-snippet:-1, max-image-preview:large, max-video-preview:-1\" \/>\n<link rel=\"canonical\" href=\"https:\/\/accesolatino.org\/en\/representante-latina-democrata-defiende-a-inmigrantes\/noticias\/\" \/>\n<meta property=\"og:locale\" content=\"en_US\" \/>\n<meta property=\"og:type\" content=\"article\" \/>\n<meta property=\"og:title\" content=\"Representante latina dem\u00f3crata defiende a inmigrantes | Acceso Latino\" \/>\n<meta property=\"og:description\" content=\"Alexandria Ocasio-Cortez es una activista y pol\u00edtica estadounidense, que no hace mucho tiempo gan\u00f3 las elecciones primarias del distrito 14 de Nueva York...\" \/>\n<meta property=\"og:url\" content=\"https:\/\/accesolatino.org\/en\/representante-latina-democrata-defiende-a-inmigrantes\/noticias\/\" \/>\n<meta property=\"og:site_name\" content=\"Acceso Latino\" \/>\n<meta property=\"article:publisher\" content=\"https:\/\/www.facebook.com\/AccesoLatinoOrg\" \/>\n<meta property=\"article:published_time\" content=\"2019-10-10T15:50:52+00:00\" \/>\n<meta property=\"article:modified_time\" content=\"2025-10-27T05:32:54+00:00\" \/>\n<meta property=\"og:image\" content=\"https:\/\/accesolatino.org\/wp-content\/uploads\/2019\/10\/Representante-latina-dem\u00f3crata-defiende-a-inmigrantes.jpg\" \/>\n\t<meta property=\"og:image:width\" content=\"600\" \/>\n\t<meta property=\"og:image:height\" content=\"338\" \/>\n\t<meta property=\"og:image:type\" content=\"image\/jpeg\" \/>\n<meta name=\"author\" content=\"admin\" \/>\n<meta name=\"twitter:card\" content=\"summary_large_image\" \/>\n<meta name=\"twitter:creator\" content=\"@FAccLatino\" \/>\n<meta name=\"twitter:site\" content=\"@FAccLatino\" \/>\n<meta name=\"twitter:label1\" content=\"Written by\" \/>\n\t<meta name=\"twitter:data1\" content=\"admin\" \/>\n\t<meta name=\"twitter:label2\" content=\"Est. reading time\" \/>\n\t<meta name=\"twitter:data2\" content=\"2 minutes\" \/>\n<script type=\"application\/ld+json\" class=\"yoast-schema-graph\">{\"@context\":\"https:\\\/\\\/schema.org\",\"@graph\":[{\"@type\":\"Article\",\"@id\":\"https:\\\/\\\/accesolatino.org\\\/representante-latina-democrata-defiende-a-inmigrantes\\\/noticias\\\/#article\",\"isPartOf\":{\"@id\":\"https:\\\/\\\/accesolatino.org\\\/representante-latina-democrata-defiende-a-inmigrantes\\\/noticias\\\/\"},\"author\":{\"name\":\"admin\",\"@id\":\"https:\\\/\\\/accesolatino.org\\\/#\\\/schema\\\/person\\\/75127291c010a94e5a588c481204c991\"},\"headline\":\"Representante latina dem\u00f3crata defiende a inmigrantes\",\"datePublished\":\"2019-10-10T15:50:52+00:00\",\"dateModified\":\"2025-10-27T05:32:54+00:00\",\"mainEntityOfPage\":{\"@id\":\"https:\\\/\\\/accesolatino.org\\\/representante-latina-democrata-defiende-a-inmigrantes\\\/noticias\\\/\"},\"wordCount\":325,\"commentCount\":0,\"publisher\":{\"@id\":\"https:\\\/\\\/accesolatino.org\\\/#organization\"},\"image\":{\"@id\":\"https:\\\/\\\/accesolatino.org\\\/representante-latina-democrata-defiende-a-inmigrantes\\\/noticias\\\/#primaryimage\"},\"thumbnailUrl\":\"https:\\\/\\\/accesolatino.org\\\/wp-content\\\/uploads\\\/2019\\\/10\\\/Representante-latina-dem\u00f3crata-defiende-a-inmigrantes.jpg\",\"articleSection\":[\"Noticias\",\"Temas de inter\u00e9s\"],\"inLanguage\":\"en-US\",\"potentialAction\":[{\"@type\":\"CommentAction\",\"name\":\"Comment\",\"target\":[\"https:\\\/\\\/accesolatino.org\\\/representante-latina-democrata-defiende-a-inmigrantes\\\/noticias\\\/#respond\"]}]},{\"@type\":\"WebPage\",\"@id\":\"https:\\\/\\\/accesolatino.org\\\/representante-latina-democrata-defiende-a-inmigrantes\\\/noticias\\\/\",\"url\":\"https:\\\/\\\/accesolatino.org\\\/representante-latina-democrata-defiende-a-inmigrantes\\\/noticias\\\/\",\"name\":\"Representante latina dem\u00f3crata defiende a inmigrantes | Acceso Latino\",\"isPartOf\":{\"@id\":\"https:\\\/\\\/accesolatino.org\\\/#website\"},\"primaryImageOfPage\":{\"@id\":\"https:\\\/\\\/accesolatino.org\\\/representante-latina-democrata-defiende-a-inmigrantes\\\/noticias\\\/#primaryimage\"},\"image\":{\"@id\":\"https:\\\/\\\/accesolatino.org\\\/representante-latina-democrata-defiende-a-inmigrantes\\\/noticias\\\/#primaryimage\"},\"thumbnailUrl\":\"https:\\\/\\\/accesolatino.org\\\/wp-content\\\/uploads\\\/2019\\\/10\\\/Representante-latina-dem\u00f3crata-defiende-a-inmigrantes.jpg\",\"datePublished\":\"2019-10-10T15:50:52+00:00\",\"dateModified\":\"2025-10-27T05:32:54+00:00\",\"description\":\"Alexandria Ocasio-Cortez es una activista y pol\u00edtica estadounidense, que no hace mucho tiempo gan\u00f3 las elecciones primarias del distrito 14 de Nueva York...\",\"breadcrumb\":{\"@id\":\"https:\\\/\\\/accesolatino.org\\\/representante-latina-democrata-defiende-a-inmigrantes\\\/noticias\\\/#breadcrumb\"},\"inLanguage\":\"en-US\",\"potentialAction\":[{\"@type\":\"ReadAction\",\"target\":[\"https:\\\/\\\/accesolatino.org\\\/representante-latina-democrata-defiende-a-inmigrantes\\\/noticias\\\/\"]}]},{\"@type\":\"ImageObject\",\"inLanguage\":\"en-US\",\"@id\":\"https:\\\/\\\/accesolatino.org\\\/representante-latina-democrata-defiende-a-inmigrantes\\\/noticias\\\/#primaryimage\",\"url\":\"https:\\\/\\\/accesolatino.org\\\/wp-content\\\/uploads\\\/2019\\\/10\\\/Representante-latina-dem\u00f3crata-defiende-a-inmigrantes.jpg\",\"contentUrl\":\"https:\\\/\\\/accesolatino.org\\\/wp-content\\\/uploads\\\/2019\\\/10\\\/Representante-latina-dem\u00f3crata-defiende-a-inmigrantes.jpg\",\"width\":600,\"height\":338,\"caption\":\"Representante latina dem\u00f3crata defiende a inmigrantes\"},{\"@type\":\"BreadcrumbList\",\"@id\":\"https:\\\/\\\/accesolatino.org\\\/representante-latina-democrata-defiende-a-inmigrantes\\\/noticias\\\/#breadcrumb\",\"itemListElement\":[{\"@type\":\"ListItem\",\"position\":1,\"name\":\"Portada\",\"item\":\"https:\\\/\\\/accesolatino.org\\\/\"},{\"@type\":\"ListItem\",\"position\":2,\"name\":\"Noticias\",\"item\":\"https:\\\/\\\/accesolatino.org\\\/category\\\/noticias\\\/\"},{\"@type\":\"ListItem\",\"position\":3,\"name\":\"Representante latina dem\u00f3crata defiende a inmigrantes\"}]},{\"@type\":\"WebSite\",\"@id\":\"https:\\\/\\\/accesolatino.org\\\/#website\",\"url\":\"https:\\\/\\\/accesolatino.org\\\/\",\"name\":\"Acceso Latino | Fundaci\u00f3n Carlos Slim\",\"description\":\"Fundaci\u00f3n Carlos Slim\",\"publisher\":{\"@id\":\"https:\\\/\\\/accesolatino.org\\\/#organization\"},\"potentialAction\":[{\"@type\":\"SearchAction\",\"target\":{\"@type\":\"EntryPoint\",\"urlTemplate\":\"https:\\\/\\\/accesolatino.org\\\/?s={search_term_string}\"},\"query-input\":{\"@type\":\"PropertyValueSpecification\",\"valueRequired\":true,\"valueName\":\"search_term_string\"}}],\"inLanguage\":\"en-US\"},{\"@type\":\"Organization\",\"@id\":\"https:\\\/\\\/accesolatino.org\\\/#organization\",\"name\":\"Acceso Latino | Fundaci\u00f3n Carlos Slim\",\"url\":\"https:\\\/\\\/accesolatino.org\\\/\",\"logo\":{\"@type\":\"ImageObject\",\"inLanguage\":\"en-US\",\"@id\":\"https:\\\/\\\/accesolatino.org\\\/#\\\/schema\\\/logo\\\/image\\\/\",\"url\":\"https:\\\/\\\/accesolatino.org\\\/wp-content\\\/uploads\\\/2021\\\/02\\\/logo-footer-acceso-latino.png\",\"contentUrl\":\"https:\\\/\\\/accesolatino.org\\\/wp-content\\\/uploads\\\/2021\\\/02\\\/logo-footer-acceso-latino.png\",\"width\":240,\"height\":40,\"caption\":\"Acceso Latino | Fundaci\u00f3n Carlos Slim\"},\"image\":{\"@id\":\"https:\\\/\\\/accesolatino.org\\\/#\\\/schema\\\/logo\\\/image\\\/\"},\"sameAs\":[\"https:\\\/\\\/www.facebook.com\\\/AccesoLatinoOrg\",\"https:\\\/\\\/x.com\\\/FAccLatino\"]},{\"@type\":\"Person\",\"@id\":\"https:\\\/\\\/accesolatino.org\\\/#\\\/schema\\\/person\\\/75127291c010a94e5a588c481204c991\",\"name\":\"admin\"}]}<\/script>\n<!-- \/ Yoast SEO plugin. -->","yoast_head_json":{"title":"Representante latina dem\u00f3crata defiende a inmigrantes | Acceso Latino","description":"Alexandria Ocasio-Cortez es una activista y pol\u00edtica estadounidense, que no hace mucho tiempo gan\u00f3 las elecciones primarias del distrito 14 de Nueva York...","robots":{"index":"index","follow":"follow","max-snippet":"max-snippet:-1","max-image-preview":"max-image-preview:large","max-video-preview":"max-video-preview:-1"},"canonical":"https:\/\/accesolatino.org\/en\/representante-latina-democrata-defiende-a-inmigrantes\/noticias\/","og_locale":"en_US","og_type":"article","og_title":"Representante latina dem\u00f3crata defiende a inmigrantes | Acceso Latino","og_description":"Alexandria Ocasio-Cortez es una activista y pol\u00edtica estadounidense, que no hace mucho tiempo gan\u00f3 las elecciones primarias del distrito 14 de Nueva York...","og_url":"https:\/\/accesolatino.org\/en\/representante-latina-democrata-defiende-a-inmigrantes\/noticias\/","og_site_name":"Acceso Latino","article_publisher":"https:\/\/www.facebook.com\/AccesoLatinoOrg","article_published_time":"2019-10-10T15:50:52+00:00","article_modified_time":"2025-10-27T05:32:54+00:00","og_image":[{"width":600,"height":338,"url":"https:\/\/accesolatino.org\/wp-content\/uploads\/2019\/10\/Representante-latina-dem\u00f3crata-defiende-a-inmigrantes.jpg","type":"image\/jpeg"}],"author":"admin","twitter_card":"summary_large_image","twitter_creator":"@FAccLatino","twitter_site":"@FAccLatino","twitter_misc":{"Written by":"admin","Est. reading time":"2 minutes"},"schema":{"@context":"https:\/\/schema.org","@graph":[{"@type":"Article","@id":"https:\/\/accesolatino.org\/representante-latina-democrata-defiende-a-inmigrantes\/noticias\/#article","isPartOf":{"@id":"https:\/\/accesolatino.org\/representante-latina-democrata-defiende-a-inmigrantes\/noticias\/"},"author":{"name":"admin","@id":"https:\/\/accesolatino.org\/#\/schema\/person\/75127291c010a94e5a588c481204c991"},"headline":"Representante latina dem\u00f3crata defiende a inmigrantes","datePublished":"2019-10-10T15:50:52+00:00","dateModified":"2025-10-27T05:32:54+00:00","mainEntityOfPage":{"@id":"https:\/\/accesolatino.org\/representante-latina-democrata-defiende-a-inmigrantes\/noticias\/"},"wordCount":325,"commentCount":0,"publisher":{"@id":"https:\/\/accesolatino.org\/#organization"},"image":{"@id":"https:\/\/accesolatino.org\/representante-latina-democrata-defiende-a-inmigrantes\/noticias\/#primaryimage"},"thumbnailUrl":"https:\/\/accesolatino.org\/wp-content\/uploads\/2019\/10\/Representante-latina-dem\u00f3crata-defiende-a-inmigrantes.jpg","articleSection":["Noticias","Temas de inter\u00e9s"],"inLanguage":"en-US","potentialAction":[{"@type":"CommentAction","name":"Comment","target":["https:\/\/accesolatino.org\/representante-latina-democrata-defiende-a-inmigrantes\/noticias\/#respond"]}]},{"@type":"WebPage","@id":"https:\/\/accesolatino.org\/representante-latina-democrata-defiende-a-inmigrantes\/noticias\/","url":"https:\/\/accesolatino.org\/representante-latina-democrata-defiende-a-inmigrantes\/noticias\/","name":"Representante latina dem\u00f3crata defiende a inmigrantes | Acceso Latino","isPartOf":{"@id":"https:\/\/accesolatino.org\/#website"},"primaryImageOfPage":{"@id":"https:\/\/accesolatino.org\/representante-latina-democrata-defiende-a-inmigrantes\/noticias\/#primaryimage"},"image":{"@id":"https:\/\/accesolatino.org\/representante-latina-democrata-defiende-a-inmigrantes\/noticias\/#primaryimage"},"thumbnailUrl":"https:\/\/accesolatino.org\/wp-content\/uploads\/2019\/10\/Representante-latina-dem\u00f3crata-defiende-a-inmigrantes.jpg","datePublished":"2019-10-10T15:50:52+00:00","dateModified":"2025-10-27T05:32:54+00:00","description":"Alexandria Ocasio-Cortez es una activista y pol\u00edtica estadounidense, que no hace mucho tiempo gan\u00f3 las elecciones primarias del distrito 14 de Nueva York...","breadcrumb":{"@id":"https:\/\/accesolatino.org\/representante-latina-democrata-defiende-a-inmigrantes\/noticias\/#breadcrumb"},"inLanguage":"en-US","potentialAction":[{"@type":"ReadAction","target":["https:\/\/accesolatino.org\/representante-latina-democrata-defiende-a-inmigrantes\/noticias\/"]}]},{"@type":"ImageObject","inLanguage":"en-US","@id":"https:\/\/accesolatino.org\/representante-latina-democrata-defiende-a-inmigrantes\/noticias\/#primaryimage","url":"https:\/\/accesolatino.org\/wp-content\/uploads\/2019\/10\/Representante-latina-dem\u00f3crata-defiende-a-inmigrantes.jpg","contentUrl":"https:\/\/accesolatino.org\/wp-content\/uploads\/2019\/10\/Representante-latina-dem\u00f3crata-defiende-a-inmigrantes.jpg","width":600,"height":338,"caption":"Representante latina dem\u00f3crata defiende a inmigrantes"},{"@type":"BreadcrumbList","@id":"https:\/\/accesolatino.org\/representante-latina-democrata-defiende-a-inmigrantes\/noticias\/#breadcrumb","itemListElement":[{"@type":"ListItem","position":1,"name":"Portada","item":"https:\/\/accesolatino.org\/"},{"@type":"ListItem","position":2,"name":"Noticias","item":"https:\/\/accesolatino.org\/category\/noticias\/"},{"@type":"ListItem","position":3,"name":"Representante latina dem\u00f3crata defiende a inmigrantes"}]},{"@type":"WebSite","@id":"https:\/\/accesolatino.org\/#website","url":"https:\/\/accesolatino.org\/","name":"Acceso Latino | Fundaci\u00f3n Carlos Slim","description":"Fundaci\u00f3n Carlos Slim","publisher":{"@id":"https:\/\/accesolatino.org\/#organization"},"potentialAction":[{"@type":"SearchAction","target":{"@type":"EntryPoint","urlTemplate":"https:\/\/accesolatino.org\/?s={search_term_string}"},"query-input":{"@type":"PropertyValueSpecification","valueRequired":true,"valueName":"search_term_string"}}],"inLanguage":"en-US"},{"@type":"Organization","@id":"https:\/\/accesolatino.org\/#organization","name":"Acceso Latino | Fundaci\u00f3n Carlos Slim","url":"https:\/\/accesolatino.org\/","logo":{"@type":"ImageObject","inLanguage":"en-US","@id":"https:\/\/accesolatino.org\/#\/schema\/logo\/image\/","url":"https:\/\/accesolatino.org\/wp-content\/uploads\/2021\/02\/logo-footer-acceso-latino.png","contentUrl":"https:\/\/accesolatino.org\/wp-content\/uploads\/2021\/02\/logo-footer-acceso-latino.png","width":240,"height":40,"caption":"Acceso Latino | Fundaci\u00f3n Carlos Slim"},"image":{"@id":"https:\/\/accesolatino.org\/#\/schema\/logo\/image\/"},"sameAs":["https:\/\/www.facebook.com\/AccesoLatinoOrg","https:\/\/x.com\/FAccLatino"]},{"@type":"Person","@id":"https:\/\/accesolatino.org\/#\/schema\/person\/75127291c010a94e5a588c481204c991","name":"admin"}]}},"_links":{"self":[{"href":"https:\/\/accesolatino.org\/en\/wp-json\/wp\/v2\/posts\/18826","targetHints":{"allow":["GET"]}}],"collection":[{"href":"https:\/\/accesolatino.org\/en\/wp-json\/wp\/v2\/posts"}],"about":[{"href":"https:\/\/accesolatino.org\/en\/wp-json\/wp\/v2\/types\/post"}],"author":[{"embeddable":true,"href":"https:\/\/accesolatino.org\/en\/wp-json\/wp\/v2\/users\/1"}],"replies":[{"embeddable":true,"href":"https:\/\/accesolatino.org\/en\/wp-json\/wp\/v2\/comments?post=18826"}],"version-history":[{"count":1,"href":"https:\/\/accesolatino.org\/en\/wp-json\/wp\/v2\/posts\/18826\/revisions"}],"predecessor-version":[{"id":66150,"href":"https:\/\/accesolatino.org\/en\/wp-json\/wp\/v2\/posts\/18826\/revisions\/66150"}],"wp:featuredmedia":[{"embeddable":true,"href":"https:\/\/accesolatino.org\/en\/wp-json\/wp\/v2\/media\/18828"}],"wp:attachment":[{"href":"https:\/\/accesolatino.org\/en\/wp-json\/wp\/v2\/media?parent=18826"}],"wp:term":[{"taxonomy":"category","embeddable":true,"href":"https:\/\/accesolatino.org\/en\/wp-json\/wp\/v2\/categories?post=18826"},{"taxonomy":"post_tag","embeddable":true,"href":"https:\/\/accesolatino.org\/en\/wp-json\/wp\/v2\/tags?post=18826"}],"curies":[{"name":"wp","href":"https:\/\/api.w.org\/{rel}","templated":true}]}}