{"id":18796,"date":"2019-10-07T09:35:45","date_gmt":"2019-10-07T14:35:45","guid":{"rendered":"https:\/\/accesolatino.org\/?p=18796"},"modified":"2025-10-26T23:33:47","modified_gmt":"2025-10-27T05:33:47","slug":"apple-se-une-a-la-causa-pro-inmigrante","status":"publish","type":"post","link":"https:\/\/accesolatino.org\/en\/apple-se-une-a-la-causa-pro-inmigrante\/noticias\/","title":{"rendered":"Apple se une a la causa pro-inmigrante"},"content":{"rendered":"<div data-elementor-type=\"wp-post\" data-elementor-id=\"18796\" class=\"elementor elementor-18796\">\n\t\t\t\t\t\t<section class=\"elementor-section elementor-top-section elementor-element elementor-element-2ae491ef elementor-section-boxed elementor-section-height-default elementor-section-height-default wpr-particle-no wpr-jarallax-no wpr-parallax-no wpr-sticky-section-no wpr-equal-height-no\" data-id=\"2ae491ef\" data-element_type=\"section\" data-e-type=\"section\">\n\t\t\t\t\t\t<div class=\"elementor-container elementor-column-gap-default\">\n\t\t\t\t\t<div class=\"elementor-column elementor-col-100 elementor-top-column elementor-element elementor-element-29caa9c0\" data-id=\"29caa9c0\" data-element_type=\"column\" data-e-type=\"column\">\n\t\t\t<div class=\"elementor-widget-wrap elementor-element-populated\">\n\t\t\t\t\t\t<div class=\"elementor-element elementor-element-2572709e elementor-widget elementor-widget-text-editor\" data-id=\"2572709e\" data-element_type=\"widget\" data-e-type=\"widget\" data-widget_type=\"text-editor.default\">\n\t\t\t\t<div class=\"elementor-widget-container\">\n\t\t\t\t\t\t\t\t\t<p>La inmigraci\u00f3n en la Uni\u00f3n Americana es un tema complicado desde hace mucho tiempo. Apple se ha unido a la defensa y apoyo de quienes buscan un mejor futuro en territorio norteamericano.<\/p><p>Tras la decisi\u00f3n del actual Presidente estadounidense de invalidar el programa de Acci\u00f3n Diferida para los Llegados en la Infancia (DACA, por sus siglas en ingl\u00e9s) que promovi\u00f3 Barack Obama en sus dos mandatos, las oportunidades de los j\u00f3venes inmigrantes se han visto disminuidas, lo que caus\u00f3 preocupaci\u00f3n a la empresa de tecnolog\u00eda.<\/p><p>DACA intentaba impedir que las ni\u00f1as y ni\u00f1os que llegaron muy peque\u00f1os a los Estados Unidos fueran deportados cuando cumplieran la mayor\u00eda de edad. Este programa lo quit\u00f3 el actual Mandatario de la Casa Blanca en 2017.<\/p><p>Siendo testigo de todo lo que ha pasado, Tim Cook, CEO de la compa\u00f1\u00eda y Deirdre O\u2019brien, jefa de ventas y tiendas de Apple presentaron un \u201camicus curiae\u201d, que significa, amigo de la corte, y es un informe escrito que puede ser presentado por una persona natural o jur\u00eddica que, a pesar de no estar directamente involucrado en el tema, intercede por defender un inter\u00e9s en com\u00fan, como la defensa de los derechos humanos.<\/p><p>Apple ofrecer\u00e1 apoyo legal, a aquellas personas que pudieran ser deportadas sin importar su lugar de origen.<\/p><p>\u201cCada uno de los inmigrantes que colaboran con nosotros son trascendentales para el \u00e9xito de la empresa. Impulsan la creatividad y ayudan a promover la innovaci\u00f3n. Son el personal m\u00e1s motivado y m\u00e1s desinteresado\u201d, as\u00ed lo expresaron los directores de Apple en entrevistas para diferentes medios.<\/p><p>En nuestro portal encontrar\u00e1s la secci\u00f3n <a href=\"https:\/\/accesolatino.org\/en\/orientacion-legal\/\"><strong>\u201cOrientaci\u00f3n Legal\u201d<\/strong><\/a> en donde, as\u00ed como Apple encontrar\u00e1s organizaciones sin fines de lucro y pro bono que pueden ayudarte.<\/p><p>Fuente: <em>Easy Smart Tech<\/em><\/p>\t\t\t\t\t\t\t\t<\/div>\n\t\t\t\t<\/div>\n\t\t\t\t\t<\/div>\n\t\t<\/div>\n\t\t\t\t\t<\/div>\n\t\t<\/section>\n\t\t\t\t<\/div>","protected":false},"excerpt":{"rendered":"<p>La inmigraci\u00f3n en la Uni\u00f3n Americana es un tema complicado desde hace mucho tiempo. Apple se ha unido a la defensa y apoyo de quienes buscan un mejor futuro en territorio norteamericano. Tras la decisi\u00f3n del actual Presidente estadounidense de invalidar el programa de Acci\u00f3n Diferida para los Llegados en la Infancia (DACA, por sus siglas en ingl\u00e9s) que promovi\u00f3 Barack Obama en sus dos mandatos, las oportunidades de los j\u00f3venes inmigrantes se han visto disminuidas, lo que caus\u00f3 preocupaci\u00f3n a la empresa de tecnolog\u00eda. DACA intentaba impedir que las ni\u00f1as y ni\u00f1os que llegaron muy peque\u00f1os a los Estados Unidos fueran deportados cuando cumplieran la mayor\u00eda de edad. Este programa lo quit\u00f3 el actual Mandatario de la Casa Blanca en 2017. Siendo testigo de todo lo que ha pasado, Tim Cook, CEO de la compa\u00f1\u00eda y Deirdre O\u2019brien, jefa de ventas y tiendas de Apple presentaron un \u201camicus curiae\u201d, que significa, amigo de la corte, y es un informe escrito que puede ser presentado por una persona natural o jur\u00eddica que, a pesar de no estar directamente involucrado en el tema, intercede por defender un inter\u00e9s en com\u00fan, como la defensa de los derechos humanos. Apple ofrecer\u00e1 apoyo legal, a aquellas personas que pudieran ser deportadas sin importar su lugar de origen. \u201cCada uno de los inmigrantes que colaboran con nosotros son trascendentales para el \u00e9xito de la empresa. Impulsan la creatividad y ayudan a promover la innovaci\u00f3n. Son el personal m\u00e1s motivado y m\u00e1s desinteresado\u201d, as\u00ed lo expresaron los directores de Apple en entrevistas para diferentes medios. En nuestro portal encontrar\u00e1s la secci\u00f3n \u201cOrientaci\u00f3n Legal\u201d en donde, as\u00ed como Apple encontrar\u00e1s organizaciones sin fines de lucro y pro bono que pueden ayudarte. Fuente: Easy Smart Tech<\/p>","protected":false},"author":1,"featured_media":18798,"comment_status":"open","ping_status":"open","sticky":false,"template":"elementor_header_footer","format":"standard","meta":{"_uf_show_specific_survey":0,"_uf_disable_surveys":false,"footnotes":""},"categories":[10,1],"tags":[],"class_list":["post-18796","post","type-post","status-publish","format-standard","has-post-thumbnail","hentry","category-noticias","category-temas-de-interes"],"aioseo_notices":[],"yoast_head":"<!-- This site is optimized with the Yoast SEO plugin v27.4 - https:\/\/yoast.com\/product\/yoast-seo-wordpress\/ -->\n<title>Apple se une a la causa pro-inmigrante<\/title>\n<meta name=\"description\" content=\"La inmigraci\u00f3n en la Uni\u00f3n Americana es un tema complicado desde hace mucho tiempo. Apple se ha unido a la defensa y apoyo de quienes buscan un mejor futuro\" \/>\n<meta name=\"robots\" content=\"index, follow, max-snippet:-1, max-image-preview:large, max-video-preview:-1\" \/>\n<link rel=\"canonical\" href=\"https:\/\/accesolatino.org\/en\/apple-se-une-a-la-causa-pro-inmigrante\/noticias\/\" \/>\n<meta property=\"og:locale\" content=\"en_US\" \/>\n<meta property=\"og:type\" content=\"article\" \/>\n<meta property=\"og:title\" content=\"Apple se une a la causa pro-inmigrante\" \/>\n<meta property=\"og:description\" content=\"La inmigraci\u00f3n en la Uni\u00f3n Americana es un tema complicado desde hace mucho tiempo. Apple se ha unido a la defensa y apoyo de quienes buscan un mejor futuro\" \/>\n<meta property=\"og:url\" content=\"https:\/\/accesolatino.org\/en\/apple-se-une-a-la-causa-pro-inmigrante\/noticias\/\" \/>\n<meta property=\"og:site_name\" content=\"Acceso Latino\" \/>\n<meta property=\"article:publisher\" content=\"https:\/\/www.facebook.com\/AccesoLatinoOrg\" \/>\n<meta property=\"article:published_time\" content=\"2019-10-07T14:35:45+00:00\" \/>\n<meta property=\"article:modified_time\" content=\"2025-10-27T05:33:47+00:00\" \/>\n<meta property=\"og:image\" content=\"https:\/\/accesolatino.org\/wp-content\/uploads\/2019\/10\/Apple-se-une-a-la-causa-por-inmigrante.jpg\" \/>\n\t<meta property=\"og:image:width\" content=\"600\" \/>\n\t<meta property=\"og:image:height\" content=\"338\" \/>\n\t<meta property=\"og:image:type\" content=\"image\/jpeg\" \/>\n<meta name=\"author\" content=\"admin\" \/>\n<meta name=\"twitter:card\" content=\"summary_large_image\" \/>\n<meta name=\"twitter:creator\" content=\"@FAccLatino\" \/>\n<meta name=\"twitter:site\" content=\"@FAccLatino\" \/>\n<meta name=\"twitter:label1\" content=\"Written by\" \/>\n\t<meta name=\"twitter:data1\" content=\"admin\" \/>\n\t<meta name=\"twitter:label2\" content=\"Est. reading time\" \/>\n\t<meta name=\"twitter:data2\" content=\"2 minutes\" \/>\n<script type=\"application\/ld+json\" class=\"yoast-schema-graph\">{\"@context\":\"https:\\\/\\\/schema.org\",\"@graph\":[{\"@type\":\"Article\",\"@id\":\"https:\\\/\\\/accesolatino.org\\\/apple-se-une-a-la-causa-pro-inmigrante\\\/noticias\\\/#article\",\"isPartOf\":{\"@id\":\"https:\\\/\\\/accesolatino.org\\\/apple-se-une-a-la-causa-pro-inmigrante\\\/noticias\\\/\"},\"author\":{\"name\":\"admin\",\"@id\":\"https:\\\/\\\/accesolatino.org\\\/#\\\/schema\\\/person\\\/75127291c010a94e5a588c481204c991\"},\"headline\":\"Apple se une a la causa pro-inmigrante\",\"datePublished\":\"2019-10-07T14:35:45+00:00\",\"dateModified\":\"2025-10-27T05:33:47+00:00\",\"mainEntityOfPage\":{\"@id\":\"https:\\\/\\\/accesolatino.org\\\/apple-se-une-a-la-causa-pro-inmigrante\\\/noticias\\\/\"},\"wordCount\":318,\"commentCount\":0,\"publisher\":{\"@id\":\"https:\\\/\\\/accesolatino.org\\\/#organization\"},\"image\":{\"@id\":\"https:\\\/\\\/accesolatino.org\\\/apple-se-une-a-la-causa-pro-inmigrante\\\/noticias\\\/#primaryimage\"},\"thumbnailUrl\":\"https:\\\/\\\/accesolatino.org\\\/wp-content\\\/uploads\\\/2019\\\/10\\\/Apple-se-une-a-la-causa-por-inmigrante.jpg\",\"articleSection\":[\"Noticias\",\"Temas de inter\u00e9s\"],\"inLanguage\":\"en-US\",\"potentialAction\":[{\"@type\":\"CommentAction\",\"name\":\"Comment\",\"target\":[\"https:\\\/\\\/accesolatino.org\\\/apple-se-une-a-la-causa-pro-inmigrante\\\/noticias\\\/#respond\"]}]},{\"@type\":\"WebPage\",\"@id\":\"https:\\\/\\\/accesolatino.org\\\/apple-se-une-a-la-causa-pro-inmigrante\\\/noticias\\\/\",\"url\":\"https:\\\/\\\/accesolatino.org\\\/apple-se-une-a-la-causa-pro-inmigrante\\\/noticias\\\/\",\"name\":\"Apple se une a la causa pro-inmigrante\",\"isPartOf\":{\"@id\":\"https:\\\/\\\/accesolatino.org\\\/#website\"},\"primaryImageOfPage\":{\"@id\":\"https:\\\/\\\/accesolatino.org\\\/apple-se-une-a-la-causa-pro-inmigrante\\\/noticias\\\/#primaryimage\"},\"image\":{\"@id\":\"https:\\\/\\\/accesolatino.org\\\/apple-se-une-a-la-causa-pro-inmigrante\\\/noticias\\\/#primaryimage\"},\"thumbnailUrl\":\"https:\\\/\\\/accesolatino.org\\\/wp-content\\\/uploads\\\/2019\\\/10\\\/Apple-se-une-a-la-causa-por-inmigrante.jpg\",\"datePublished\":\"2019-10-07T14:35:45+00:00\",\"dateModified\":\"2025-10-27T05:33:47+00:00\",\"description\":\"La inmigraci\u00f3n en la Uni\u00f3n Americana es un tema complicado desde hace mucho tiempo. Apple se ha unido a la defensa y apoyo de quienes buscan un mejor futuro\",\"breadcrumb\":{\"@id\":\"https:\\\/\\\/accesolatino.org\\\/apple-se-une-a-la-causa-pro-inmigrante\\\/noticias\\\/#breadcrumb\"},\"inLanguage\":\"en-US\",\"potentialAction\":[{\"@type\":\"ReadAction\",\"target\":[\"https:\\\/\\\/accesolatino.org\\\/apple-se-une-a-la-causa-pro-inmigrante\\\/noticias\\\/\"]}]},{\"@type\":\"ImageObject\",\"inLanguage\":\"en-US\",\"@id\":\"https:\\\/\\\/accesolatino.org\\\/apple-se-une-a-la-causa-pro-inmigrante\\\/noticias\\\/#primaryimage\",\"url\":\"https:\\\/\\\/accesolatino.org\\\/wp-content\\\/uploads\\\/2019\\\/10\\\/Apple-se-une-a-la-causa-por-inmigrante.jpg\",\"contentUrl\":\"https:\\\/\\\/accesolatino.org\\\/wp-content\\\/uploads\\\/2019\\\/10\\\/Apple-se-une-a-la-causa-por-inmigrante.jpg\",\"width\":600,\"height\":338,\"caption\":\"Apple se une a la causa pro-inmigrante\"},{\"@type\":\"BreadcrumbList\",\"@id\":\"https:\\\/\\\/accesolatino.org\\\/apple-se-une-a-la-causa-pro-inmigrante\\\/noticias\\\/#breadcrumb\",\"itemListElement\":[{\"@type\":\"ListItem\",\"position\":1,\"name\":\"Portada\",\"item\":\"https:\\\/\\\/accesolatino.org\\\/\"},{\"@type\":\"ListItem\",\"position\":2,\"name\":\"Noticias\",\"item\":\"https:\\\/\\\/accesolatino.org\\\/category\\\/noticias\\\/\"},{\"@type\":\"ListItem\",\"position\":3,\"name\":\"Apple se une a la causa pro-inmigrante\"}]},{\"@type\":\"WebSite\",\"@id\":\"https:\\\/\\\/accesolatino.org\\\/#website\",\"url\":\"https:\\\/\\\/accesolatino.org\\\/\",\"name\":\"Acceso Latino | Fundaci\u00f3n Carlos Slim\",\"description\":\"Fundaci\u00f3n Carlos Slim\",\"publisher\":{\"@id\":\"https:\\\/\\\/accesolatino.org\\\/#organization\"},\"potentialAction\":[{\"@type\":\"SearchAction\",\"target\":{\"@type\":\"EntryPoint\",\"urlTemplate\":\"https:\\\/\\\/accesolatino.org\\\/?s={search_term_string}\"},\"query-input\":{\"@type\":\"PropertyValueSpecification\",\"valueRequired\":true,\"valueName\":\"search_term_string\"}}],\"inLanguage\":\"en-US\"},{\"@type\":\"Organization\",\"@id\":\"https:\\\/\\\/accesolatino.org\\\/#organization\",\"name\":\"Acceso Latino | Fundaci\u00f3n Carlos Slim\",\"url\":\"https:\\\/\\\/accesolatino.org\\\/\",\"logo\":{\"@type\":\"ImageObject\",\"inLanguage\":\"en-US\",\"@id\":\"https:\\\/\\\/accesolatino.org\\\/#\\\/schema\\\/logo\\\/image\\\/\",\"url\":\"https:\\\/\\\/accesolatino.org\\\/wp-content\\\/uploads\\\/2021\\\/02\\\/logo-footer-acceso-latino.png\",\"contentUrl\":\"https:\\\/\\\/accesolatino.org\\\/wp-content\\\/uploads\\\/2021\\\/02\\\/logo-footer-acceso-latino.png\",\"width\":240,\"height\":40,\"caption\":\"Acceso Latino | Fundaci\u00f3n Carlos Slim\"},\"image\":{\"@id\":\"https:\\\/\\\/accesolatino.org\\\/#\\\/schema\\\/logo\\\/image\\\/\"},\"sameAs\":[\"https:\\\/\\\/www.facebook.com\\\/AccesoLatinoOrg\",\"https:\\\/\\\/x.com\\\/FAccLatino\"]},{\"@type\":\"Person\",\"@id\":\"https:\\\/\\\/accesolatino.org\\\/#\\\/schema\\\/person\\\/75127291c010a94e5a588c481204c991\",\"name\":\"admin\"}]}<\/script>\n<!-- \/ Yoast SEO plugin. -->","yoast_head_json":{"title":"Apple se une a la causa pro-inmigrante","description":"La inmigraci\u00f3n en la Uni\u00f3n Americana es un tema complicado desde hace mucho tiempo. Apple se ha unido a la defensa y apoyo de quienes buscan un mejor futuro","robots":{"index":"index","follow":"follow","max-snippet":"max-snippet:-1","max-image-preview":"max-image-preview:large","max-video-preview":"max-video-preview:-1"},"canonical":"https:\/\/accesolatino.org\/en\/apple-se-une-a-la-causa-pro-inmigrante\/noticias\/","og_locale":"en_US","og_type":"article","og_title":"Apple se une a la causa pro-inmigrante","og_description":"La inmigraci\u00f3n en la Uni\u00f3n Americana es un tema complicado desde hace mucho tiempo. Apple se ha unido a la defensa y apoyo de quienes buscan un mejor futuro","og_url":"https:\/\/accesolatino.org\/en\/apple-se-une-a-la-causa-pro-inmigrante\/noticias\/","og_site_name":"Acceso Latino","article_publisher":"https:\/\/www.facebook.com\/AccesoLatinoOrg","article_published_time":"2019-10-07T14:35:45+00:00","article_modified_time":"2025-10-27T05:33:47+00:00","og_image":[{"width":600,"height":338,"url":"https:\/\/accesolatino.org\/wp-content\/uploads\/2019\/10\/Apple-se-une-a-la-causa-por-inmigrante.jpg","type":"image\/jpeg"}],"author":"admin","twitter_card":"summary_large_image","twitter_creator":"@FAccLatino","twitter_site":"@FAccLatino","twitter_misc":{"Written by":"admin","Est. reading time":"2 minutes"},"schema":{"@context":"https:\/\/schema.org","@graph":[{"@type":"Article","@id":"https:\/\/accesolatino.org\/apple-se-une-a-la-causa-pro-inmigrante\/noticias\/#article","isPartOf":{"@id":"https:\/\/accesolatino.org\/apple-se-une-a-la-causa-pro-inmigrante\/noticias\/"},"author":{"name":"admin","@id":"https:\/\/accesolatino.org\/#\/schema\/person\/75127291c010a94e5a588c481204c991"},"headline":"Apple se une a la causa pro-inmigrante","datePublished":"2019-10-07T14:35:45+00:00","dateModified":"2025-10-27T05:33:47+00:00","mainEntityOfPage":{"@id":"https:\/\/accesolatino.org\/apple-se-une-a-la-causa-pro-inmigrante\/noticias\/"},"wordCount":318,"commentCount":0,"publisher":{"@id":"https:\/\/accesolatino.org\/#organization"},"image":{"@id":"https:\/\/accesolatino.org\/apple-se-une-a-la-causa-pro-inmigrante\/noticias\/#primaryimage"},"thumbnailUrl":"https:\/\/accesolatino.org\/wp-content\/uploads\/2019\/10\/Apple-se-une-a-la-causa-por-inmigrante.jpg","articleSection":["Noticias","Temas de inter\u00e9s"],"inLanguage":"en-US","potentialAction":[{"@type":"CommentAction","name":"Comment","target":["https:\/\/accesolatino.org\/apple-se-une-a-la-causa-pro-inmigrante\/noticias\/#respond"]}]},{"@type":"WebPage","@id":"https:\/\/accesolatino.org\/apple-se-une-a-la-causa-pro-inmigrante\/noticias\/","url":"https:\/\/accesolatino.org\/apple-se-une-a-la-causa-pro-inmigrante\/noticias\/","name":"Apple se une a la causa pro-inmigrante","isPartOf":{"@id":"https:\/\/accesolatino.org\/#website"},"primaryImageOfPage":{"@id":"https:\/\/accesolatino.org\/apple-se-une-a-la-causa-pro-inmigrante\/noticias\/#primaryimage"},"image":{"@id":"https:\/\/accesolatino.org\/apple-se-une-a-la-causa-pro-inmigrante\/noticias\/#primaryimage"},"thumbnailUrl":"https:\/\/accesolatino.org\/wp-content\/uploads\/2019\/10\/Apple-se-une-a-la-causa-por-inmigrante.jpg","datePublished":"2019-10-07T14:35:45+00:00","dateModified":"2025-10-27T05:33:47+00:00","description":"La inmigraci\u00f3n en la Uni\u00f3n Americana es un tema complicado desde hace mucho tiempo. Apple se ha unido a la defensa y apoyo de quienes buscan un mejor futuro","breadcrumb":{"@id":"https:\/\/accesolatino.org\/apple-se-une-a-la-causa-pro-inmigrante\/noticias\/#breadcrumb"},"inLanguage":"en-US","potentialAction":[{"@type":"ReadAction","target":["https:\/\/accesolatino.org\/apple-se-une-a-la-causa-pro-inmigrante\/noticias\/"]}]},{"@type":"ImageObject","inLanguage":"en-US","@id":"https:\/\/accesolatino.org\/apple-se-une-a-la-causa-pro-inmigrante\/noticias\/#primaryimage","url":"https:\/\/accesolatino.org\/wp-content\/uploads\/2019\/10\/Apple-se-une-a-la-causa-por-inmigrante.jpg","contentUrl":"https:\/\/accesolatino.org\/wp-content\/uploads\/2019\/10\/Apple-se-une-a-la-causa-por-inmigrante.jpg","width":600,"height":338,"caption":"Apple se une a la causa pro-inmigrante"},{"@type":"BreadcrumbList","@id":"https:\/\/accesolatino.org\/apple-se-une-a-la-causa-pro-inmigrante\/noticias\/#breadcrumb","itemListElement":[{"@type":"ListItem","position":1,"name":"Portada","item":"https:\/\/accesolatino.org\/"},{"@type":"ListItem","position":2,"name":"Noticias","item":"https:\/\/accesolatino.org\/category\/noticias\/"},{"@type":"ListItem","position":3,"name":"Apple se une a la causa pro-inmigrante"}]},{"@type":"WebSite","@id":"https:\/\/accesolatino.org\/#website","url":"https:\/\/accesolatino.org\/","name":"Acceso Latino | Fundaci\u00f3n Carlos Slim","description":"Fundaci\u00f3n Carlos Slim","publisher":{"@id":"https:\/\/accesolatino.org\/#organization"},"potentialAction":[{"@type":"SearchAction","target":{"@type":"EntryPoint","urlTemplate":"https:\/\/accesolatino.org\/?s={search_term_string}"},"query-input":{"@type":"PropertyValueSpecification","valueRequired":true,"valueName":"search_term_string"}}],"inLanguage":"en-US"},{"@type":"Organization","@id":"https:\/\/accesolatino.org\/#organization","name":"Acceso Latino | Fundaci\u00f3n Carlos Slim","url":"https:\/\/accesolatino.org\/","logo":{"@type":"ImageObject","inLanguage":"en-US","@id":"https:\/\/accesolatino.org\/#\/schema\/logo\/image\/","url":"https:\/\/accesolatino.org\/wp-content\/uploads\/2021\/02\/logo-footer-acceso-latino.png","contentUrl":"https:\/\/accesolatino.org\/wp-content\/uploads\/2021\/02\/logo-footer-acceso-latino.png","width":240,"height":40,"caption":"Acceso Latino | Fundaci\u00f3n Carlos Slim"},"image":{"@id":"https:\/\/accesolatino.org\/#\/schema\/logo\/image\/"},"sameAs":["https:\/\/www.facebook.com\/AccesoLatinoOrg","https:\/\/x.com\/FAccLatino"]},{"@type":"Person","@id":"https:\/\/accesolatino.org\/#\/schema\/person\/75127291c010a94e5a588c481204c991","name":"admin"}]}},"_links":{"self":[{"href":"https:\/\/accesolatino.org\/en\/wp-json\/wp\/v2\/posts\/18796","targetHints":{"allow":["GET"]}}],"collection":[{"href":"https:\/\/accesolatino.org\/en\/wp-json\/wp\/v2\/posts"}],"about":[{"href":"https:\/\/accesolatino.org\/en\/wp-json\/wp\/v2\/types\/post"}],"author":[{"embeddable":true,"href":"https:\/\/accesolatino.org\/en\/wp-json\/wp\/v2\/users\/1"}],"replies":[{"embeddable":true,"href":"https:\/\/accesolatino.org\/en\/wp-json\/wp\/v2\/comments?post=18796"}],"version-history":[{"count":1,"href":"https:\/\/accesolatino.org\/en\/wp-json\/wp\/v2\/posts\/18796\/revisions"}],"predecessor-version":[{"id":66155,"href":"https:\/\/accesolatino.org\/en\/wp-json\/wp\/v2\/posts\/18796\/revisions\/66155"}],"wp:featuredmedia":[{"embeddable":true,"href":"https:\/\/accesolatino.org\/en\/wp-json\/wp\/v2\/media\/18798"}],"wp:attachment":[{"href":"https:\/\/accesolatino.org\/en\/wp-json\/wp\/v2\/media?parent=18796"}],"wp:term":[{"taxonomy":"category","embeddable":true,"href":"https:\/\/accesolatino.org\/en\/wp-json\/wp\/v2\/categories?post=18796"},{"taxonomy":"post_tag","embeddable":true,"href":"https:\/\/accesolatino.org\/en\/wp-json\/wp\/v2\/tags?post=18796"}],"curies":[{"name":"wp","href":"https:\/\/api.w.org\/{rel}","templated":true}]}}