{"id":18738,"date":"2019-09-25T11:40:15","date_gmt":"2019-09-25T16:40:15","guid":{"rendered":"https:\/\/accesolatino.org\/?p=18738"},"modified":"2025-10-26T23:35:26","modified_gmt":"2025-10-27T05:35:26","slug":"sabias-que-la-dislexia-no-es-una-enfermedad","status":"publish","type":"post","link":"https:\/\/accesolatino.org\/en\/sabias-que-la-dislexia-no-es-una-enfermedad\/noticias\/","title":{"rendered":"Sab\u00edas que la dislexia no es una enfermedad"},"content":{"rendered":"<div data-elementor-type=\"wp-post\" data-elementor-id=\"18738\" class=\"elementor elementor-18738\">\n\t\t\t\t\t\t<section class=\"elementor-section elementor-top-section elementor-element elementor-element-2ae491ef elementor-section-boxed elementor-section-height-default elementor-section-height-default wpr-particle-no wpr-jarallax-no wpr-parallax-no wpr-sticky-section-no wpr-equal-height-no\" data-id=\"2ae491ef\" data-element_type=\"section\" data-e-type=\"section\">\n\t\t\t\t\t\t<div class=\"elementor-container elementor-column-gap-default\">\n\t\t\t\t\t<div class=\"elementor-column elementor-col-100 elementor-top-column elementor-element elementor-element-29caa9c0\" data-id=\"29caa9c0\" data-element_type=\"column\" data-e-type=\"column\">\n\t\t\t<div class=\"elementor-widget-wrap elementor-element-populated\">\n\t\t\t\t\t\t<div class=\"elementor-element elementor-element-2572709e elementor-widget elementor-widget-text-editor\" data-id=\"2572709e\" data-element_type=\"widget\" data-e-type=\"widget\" data-widget_type=\"text-editor.default\">\n\t\t\t\t<div class=\"elementor-widget-container\">\n\t\t\t\t\t\t\t\t\t<p>Muchos se han preguntado si la dislexia es una enfermedad y despu\u00e9s de varios estudios se determin\u00f3 que no. Esto debido a que no se encuentra en la categor\u00eda de padecimientos reglamentados en los manuales de diagn\u00f3sticos.<\/p><p>La dislexia es un trastorno neurobiol\u00f3gico que afecta un aspecto cognitivo, como dificultad para leer, problemas para pronunciar palabras y la formaci\u00f3n de oraciones.<\/p><p>Las principales caracter\u00edsticas de la dislexia son:<\/p><ul><li style=\"list-style-type: none;\"><ul><li style=\"list-style-type: none;\"><ul><li>Conflictos para aprender a escribir<\/li><li>Confunden palabras y letras<\/li><li>Dificultad en el descifrado de palabras complicadas<\/li><li>Lectura torpe, imprecisa y pausada<\/li><li>Muchos problemas para agregar nuevas palabras a su vocabulario<\/li><li>No logran pronunciar bien las palabras<\/li><li>No pueden recordar como decir una palabra<\/li><li>Tardan en hablar a una edad normal<\/li><li>Complicaciones para aprenderse los n\u00fameros, d\u00edas de la semana, colores, formas, etc.<\/li><\/ul><\/li><\/ul><\/li><\/ul><p>Es muy importante la detecci\u00f3n a tiempo de la dislexia y un tratamiento adecuado facilitar\u00e1 mucho la vida de quien la\u00a0 padece desde la ni\u00f1ez hasta la adultez.<\/p><p>\u00bfQuieres saber m\u00e1s de la dislexia?, entra a <a href=\"http:\/\/clikisalud.net\">clikisalud.net<\/a> y descubre toda la informaci\u00f3n que existe de esta afecci\u00f3n.<\/p>\t\t\t\t\t\t\t\t<\/div>\n\t\t\t\t<\/div>\n\t\t\t\t\t<\/div>\n\t\t<\/div>\n\t\t\t\t\t<\/div>\n\t\t<\/section>\n\t\t\t\t<\/div>","protected":false},"excerpt":{"rendered":"<p>Muchos se han preguntado si la dislexia es una enfermedad y despu\u00e9s de varios estudios se determin\u00f3 que no. Esto debido a que no se encuentra en la categor\u00eda de padecimientos reglamentados en los manuales de diagn\u00f3sticos. La dislexia es un trastorno neurobiol\u00f3gico que afecta un aspecto cognitivo, como dificultad para leer, problemas para pronunciar palabras y la formaci\u00f3n de oraciones. Las principales caracter\u00edsticas de la dislexia son: Conflictos para aprender a escribir Confunden palabras y letras Dificultad en el descifrado de palabras complicadas Lectura torpe, imprecisa y pausada Muchos problemas para agregar nuevas palabras a su vocabulario No logran pronunciar bien las palabras No pueden recordar como decir una palabra Tardan en hablar a una edad normal Complicaciones para aprenderse los n\u00fameros, d\u00edas de la semana, colores, formas, etc. Es muy importante la detecci\u00f3n a tiempo de la dislexia y un tratamiento adecuado facilitar\u00e1 mucho la vida de quien la&nbsp; padece desde la ni\u00f1ez hasta la adultez. \u00bfQuieres saber m\u00e1s de la dislexia?, entra a clikisalud.net y descubre toda la informaci\u00f3n que existe de esta afecci\u00f3n.<\/p>","protected":false},"author":1,"featured_media":18742,"comment_status":"open","ping_status":"open","sticky":false,"template":"elementor_header_footer","format":"standard","meta":{"_uf_show_specific_survey":0,"_uf_disable_surveys":false,"footnotes":""},"categories":[10,1],"tags":[],"class_list":["post-18738","post","type-post","status-publish","format-standard","has-post-thumbnail","hentry","category-noticias","category-temas-de-interes"],"aioseo_notices":[],"yoast_head":"<!-- This site is optimized with the Yoast SEO plugin v27.4 - https:\/\/yoast.com\/product\/yoast-seo-wordpress\/ -->\n<title>Sab\u00edas que la dislexia no es una enfermedad | Acceso Latino<\/title>\n<meta name=\"description\" content=\"Muchos se han preguntado si la dislexia es una enfermedad y despu\u00e9s de varios estudios se determin\u00f3 que no. Esto debido a...\" \/>\n<meta name=\"robots\" content=\"index, follow, max-snippet:-1, max-image-preview:large, max-video-preview:-1\" \/>\n<link rel=\"canonical\" href=\"https:\/\/accesolatino.org\/en\/sabias-que-la-dislexia-no-es-una-enfermedad\/noticias\/\" \/>\n<meta property=\"og:locale\" content=\"en_US\" \/>\n<meta property=\"og:type\" content=\"article\" \/>\n<meta property=\"og:title\" content=\"Sab\u00edas que la dislexia no es una enfermedad | Acceso Latino\" \/>\n<meta property=\"og:description\" content=\"Muchos se han preguntado si la dislexia es una enfermedad y despu\u00e9s de varios estudios se determin\u00f3 que no. Esto debido a...\" \/>\n<meta property=\"og:url\" content=\"https:\/\/accesolatino.org\/en\/sabias-que-la-dislexia-no-es-una-enfermedad\/noticias\/\" \/>\n<meta property=\"og:site_name\" content=\"Acceso Latino\" \/>\n<meta property=\"article:publisher\" content=\"https:\/\/www.facebook.com\/AccesoLatinoOrg\" \/>\n<meta property=\"article:published_time\" content=\"2019-09-25T16:40:15+00:00\" \/>\n<meta property=\"article:modified_time\" content=\"2025-10-27T05:35:26+00:00\" \/>\n<meta property=\"og:image\" content=\"https:\/\/accesolatino.org\/wp-content\/uploads\/2019\/09\/Sab\u00edas-que-la-dislexia-no-es-una-enfermedad.jpg\" \/>\n\t<meta property=\"og:image:width\" content=\"600\" \/>\n\t<meta property=\"og:image:height\" content=\"338\" \/>\n\t<meta property=\"og:image:type\" content=\"image\/jpeg\" \/>\n<meta name=\"author\" content=\"admin\" \/>\n<meta name=\"twitter:card\" content=\"summary_large_image\" \/>\n<meta name=\"twitter:creator\" content=\"@FAccLatino\" \/>\n<meta name=\"twitter:site\" content=\"@FAccLatino\" \/>\n<meta name=\"twitter:label1\" content=\"Written by\" \/>\n\t<meta name=\"twitter:data1\" content=\"admin\" \/>\n\t<meta name=\"twitter:label2\" content=\"Est. reading time\" \/>\n\t<meta name=\"twitter:data2\" content=\"2 minutes\" \/>\n<script type=\"application\/ld+json\" class=\"yoast-schema-graph\">{\"@context\":\"https:\\\/\\\/schema.org\",\"@graph\":[{\"@type\":\"Article\",\"@id\":\"https:\\\/\\\/accesolatino.org\\\/sabias-que-la-dislexia-no-es-una-enfermedad\\\/noticias\\\/#article\",\"isPartOf\":{\"@id\":\"https:\\\/\\\/accesolatino.org\\\/sabias-que-la-dislexia-no-es-una-enfermedad\\\/noticias\\\/\"},\"author\":{\"name\":\"admin\",\"@id\":\"https:\\\/\\\/accesolatino.org\\\/#\\\/schema\\\/person\\\/75127291c010a94e5a588c481204c991\"},\"headline\":\"Sab\u00edas que la dislexia no es una enfermedad\",\"datePublished\":\"2019-09-25T16:40:15+00:00\",\"dateModified\":\"2025-10-27T05:35:26+00:00\",\"mainEntityOfPage\":{\"@id\":\"https:\\\/\\\/accesolatino.org\\\/sabias-que-la-dislexia-no-es-una-enfermedad\\\/noticias\\\/\"},\"wordCount\":201,\"commentCount\":0,\"publisher\":{\"@id\":\"https:\\\/\\\/accesolatino.org\\\/#organization\"},\"image\":{\"@id\":\"https:\\\/\\\/accesolatino.org\\\/sabias-que-la-dislexia-no-es-una-enfermedad\\\/noticias\\\/#primaryimage\"},\"thumbnailUrl\":\"https:\\\/\\\/accesolatino.org\\\/wp-content\\\/uploads\\\/2019\\\/09\\\/Sab\u00edas-que-la-dislexia-no-es-una-enfermedad.jpg\",\"articleSection\":[\"Noticias\",\"Temas de inter\u00e9s\"],\"inLanguage\":\"en-US\",\"potentialAction\":[{\"@type\":\"CommentAction\",\"name\":\"Comment\",\"target\":[\"https:\\\/\\\/accesolatino.org\\\/sabias-que-la-dislexia-no-es-una-enfermedad\\\/noticias\\\/#respond\"]}]},{\"@type\":\"WebPage\",\"@id\":\"https:\\\/\\\/accesolatino.org\\\/sabias-que-la-dislexia-no-es-una-enfermedad\\\/noticias\\\/\",\"url\":\"https:\\\/\\\/accesolatino.org\\\/sabias-que-la-dislexia-no-es-una-enfermedad\\\/noticias\\\/\",\"name\":\"Sab\u00edas que la dislexia no es una enfermedad | Acceso Latino\",\"isPartOf\":{\"@id\":\"https:\\\/\\\/accesolatino.org\\\/#website\"},\"primaryImageOfPage\":{\"@id\":\"https:\\\/\\\/accesolatino.org\\\/sabias-que-la-dislexia-no-es-una-enfermedad\\\/noticias\\\/#primaryimage\"},\"image\":{\"@id\":\"https:\\\/\\\/accesolatino.org\\\/sabias-que-la-dislexia-no-es-una-enfermedad\\\/noticias\\\/#primaryimage\"},\"thumbnailUrl\":\"https:\\\/\\\/accesolatino.org\\\/wp-content\\\/uploads\\\/2019\\\/09\\\/Sab\u00edas-que-la-dislexia-no-es-una-enfermedad.jpg\",\"datePublished\":\"2019-09-25T16:40:15+00:00\",\"dateModified\":\"2025-10-27T05:35:26+00:00\",\"description\":\"Muchos se han preguntado si la dislexia es una enfermedad y despu\u00e9s de varios estudios se determin\u00f3 que no. Esto debido a...\",\"breadcrumb\":{\"@id\":\"https:\\\/\\\/accesolatino.org\\\/sabias-que-la-dislexia-no-es-una-enfermedad\\\/noticias\\\/#breadcrumb\"},\"inLanguage\":\"en-US\",\"potentialAction\":[{\"@type\":\"ReadAction\",\"target\":[\"https:\\\/\\\/accesolatino.org\\\/sabias-que-la-dislexia-no-es-una-enfermedad\\\/noticias\\\/\"]}]},{\"@type\":\"ImageObject\",\"inLanguage\":\"en-US\",\"@id\":\"https:\\\/\\\/accesolatino.org\\\/sabias-que-la-dislexia-no-es-una-enfermedad\\\/noticias\\\/#primaryimage\",\"url\":\"https:\\\/\\\/accesolatino.org\\\/wp-content\\\/uploads\\\/2019\\\/09\\\/Sab\u00edas-que-la-dislexia-no-es-una-enfermedad.jpg\",\"contentUrl\":\"https:\\\/\\\/accesolatino.org\\\/wp-content\\\/uploads\\\/2019\\\/09\\\/Sab\u00edas-que-la-dislexia-no-es-una-enfermedad.jpg\",\"width\":600,\"height\":338,\"caption\":\"Sab\u00edas que la dislexia no es una enfermedad\"},{\"@type\":\"BreadcrumbList\",\"@id\":\"https:\\\/\\\/accesolatino.org\\\/sabias-que-la-dislexia-no-es-una-enfermedad\\\/noticias\\\/#breadcrumb\",\"itemListElement\":[{\"@type\":\"ListItem\",\"position\":1,\"name\":\"Portada\",\"item\":\"https:\\\/\\\/accesolatino.org\\\/\"},{\"@type\":\"ListItem\",\"position\":2,\"name\":\"Noticias\",\"item\":\"https:\\\/\\\/accesolatino.org\\\/category\\\/noticias\\\/\"},{\"@type\":\"ListItem\",\"position\":3,\"name\":\"Sab\u00edas que la dislexia no es una enfermedad\"}]},{\"@type\":\"WebSite\",\"@id\":\"https:\\\/\\\/accesolatino.org\\\/#website\",\"url\":\"https:\\\/\\\/accesolatino.org\\\/\",\"name\":\"Acceso Latino | Fundaci\u00f3n Carlos Slim\",\"description\":\"Fundaci\u00f3n Carlos Slim\",\"publisher\":{\"@id\":\"https:\\\/\\\/accesolatino.org\\\/#organization\"},\"potentialAction\":[{\"@type\":\"SearchAction\",\"target\":{\"@type\":\"EntryPoint\",\"urlTemplate\":\"https:\\\/\\\/accesolatino.org\\\/?s={search_term_string}\"},\"query-input\":{\"@type\":\"PropertyValueSpecification\",\"valueRequired\":true,\"valueName\":\"search_term_string\"}}],\"inLanguage\":\"en-US\"},{\"@type\":\"Organization\",\"@id\":\"https:\\\/\\\/accesolatino.org\\\/#organization\",\"name\":\"Acceso Latino | Fundaci\u00f3n Carlos Slim\",\"url\":\"https:\\\/\\\/accesolatino.org\\\/\",\"logo\":{\"@type\":\"ImageObject\",\"inLanguage\":\"en-US\",\"@id\":\"https:\\\/\\\/accesolatino.org\\\/#\\\/schema\\\/logo\\\/image\\\/\",\"url\":\"https:\\\/\\\/accesolatino.org\\\/wp-content\\\/uploads\\\/2021\\\/02\\\/logo-footer-acceso-latino.png\",\"contentUrl\":\"https:\\\/\\\/accesolatino.org\\\/wp-content\\\/uploads\\\/2021\\\/02\\\/logo-footer-acceso-latino.png\",\"width\":240,\"height\":40,\"caption\":\"Acceso Latino | Fundaci\u00f3n Carlos Slim\"},\"image\":{\"@id\":\"https:\\\/\\\/accesolatino.org\\\/#\\\/schema\\\/logo\\\/image\\\/\"},\"sameAs\":[\"https:\\\/\\\/www.facebook.com\\\/AccesoLatinoOrg\",\"https:\\\/\\\/x.com\\\/FAccLatino\"]},{\"@type\":\"Person\",\"@id\":\"https:\\\/\\\/accesolatino.org\\\/#\\\/schema\\\/person\\\/75127291c010a94e5a588c481204c991\",\"name\":\"admin\"}]}<\/script>\n<!-- \/ Yoast SEO plugin. -->","yoast_head_json":{"title":"Sab\u00edas que la dislexia no es una enfermedad | Acceso Latino","description":"Muchos se han preguntado si la dislexia es una enfermedad y despu\u00e9s de varios estudios se determin\u00f3 que no. Esto debido a...","robots":{"index":"index","follow":"follow","max-snippet":"max-snippet:-1","max-image-preview":"max-image-preview:large","max-video-preview":"max-video-preview:-1"},"canonical":"https:\/\/accesolatino.org\/en\/sabias-que-la-dislexia-no-es-una-enfermedad\/noticias\/","og_locale":"en_US","og_type":"article","og_title":"Sab\u00edas que la dislexia no es una enfermedad | Acceso Latino","og_description":"Muchos se han preguntado si la dislexia es una enfermedad y despu\u00e9s de varios estudios se determin\u00f3 que no. Esto debido a...","og_url":"https:\/\/accesolatino.org\/en\/sabias-que-la-dislexia-no-es-una-enfermedad\/noticias\/","og_site_name":"Acceso Latino","article_publisher":"https:\/\/www.facebook.com\/AccesoLatinoOrg","article_published_time":"2019-09-25T16:40:15+00:00","article_modified_time":"2025-10-27T05:35:26+00:00","og_image":[{"width":600,"height":338,"url":"https:\/\/accesolatino.org\/wp-content\/uploads\/2019\/09\/Sab\u00edas-que-la-dislexia-no-es-una-enfermedad.jpg","type":"image\/jpeg"}],"author":"admin","twitter_card":"summary_large_image","twitter_creator":"@FAccLatino","twitter_site":"@FAccLatino","twitter_misc":{"Written by":"admin","Est. reading time":"2 minutes"},"schema":{"@context":"https:\/\/schema.org","@graph":[{"@type":"Article","@id":"https:\/\/accesolatino.org\/sabias-que-la-dislexia-no-es-una-enfermedad\/noticias\/#article","isPartOf":{"@id":"https:\/\/accesolatino.org\/sabias-que-la-dislexia-no-es-una-enfermedad\/noticias\/"},"author":{"name":"admin","@id":"https:\/\/accesolatino.org\/#\/schema\/person\/75127291c010a94e5a588c481204c991"},"headline":"Sab\u00edas que la dislexia no es una enfermedad","datePublished":"2019-09-25T16:40:15+00:00","dateModified":"2025-10-27T05:35:26+00:00","mainEntityOfPage":{"@id":"https:\/\/accesolatino.org\/sabias-que-la-dislexia-no-es-una-enfermedad\/noticias\/"},"wordCount":201,"commentCount":0,"publisher":{"@id":"https:\/\/accesolatino.org\/#organization"},"image":{"@id":"https:\/\/accesolatino.org\/sabias-que-la-dislexia-no-es-una-enfermedad\/noticias\/#primaryimage"},"thumbnailUrl":"https:\/\/accesolatino.org\/wp-content\/uploads\/2019\/09\/Sab\u00edas-que-la-dislexia-no-es-una-enfermedad.jpg","articleSection":["Noticias","Temas de inter\u00e9s"],"inLanguage":"en-US","potentialAction":[{"@type":"CommentAction","name":"Comment","target":["https:\/\/accesolatino.org\/sabias-que-la-dislexia-no-es-una-enfermedad\/noticias\/#respond"]}]},{"@type":"WebPage","@id":"https:\/\/accesolatino.org\/sabias-que-la-dislexia-no-es-una-enfermedad\/noticias\/","url":"https:\/\/accesolatino.org\/sabias-que-la-dislexia-no-es-una-enfermedad\/noticias\/","name":"Sab\u00edas que la dislexia no es una enfermedad | Acceso Latino","isPartOf":{"@id":"https:\/\/accesolatino.org\/#website"},"primaryImageOfPage":{"@id":"https:\/\/accesolatino.org\/sabias-que-la-dislexia-no-es-una-enfermedad\/noticias\/#primaryimage"},"image":{"@id":"https:\/\/accesolatino.org\/sabias-que-la-dislexia-no-es-una-enfermedad\/noticias\/#primaryimage"},"thumbnailUrl":"https:\/\/accesolatino.org\/wp-content\/uploads\/2019\/09\/Sab\u00edas-que-la-dislexia-no-es-una-enfermedad.jpg","datePublished":"2019-09-25T16:40:15+00:00","dateModified":"2025-10-27T05:35:26+00:00","description":"Muchos se han preguntado si la dislexia es una enfermedad y despu\u00e9s de varios estudios se determin\u00f3 que no. Esto debido a...","breadcrumb":{"@id":"https:\/\/accesolatino.org\/sabias-que-la-dislexia-no-es-una-enfermedad\/noticias\/#breadcrumb"},"inLanguage":"en-US","potentialAction":[{"@type":"ReadAction","target":["https:\/\/accesolatino.org\/sabias-que-la-dislexia-no-es-una-enfermedad\/noticias\/"]}]},{"@type":"ImageObject","inLanguage":"en-US","@id":"https:\/\/accesolatino.org\/sabias-que-la-dislexia-no-es-una-enfermedad\/noticias\/#primaryimage","url":"https:\/\/accesolatino.org\/wp-content\/uploads\/2019\/09\/Sab\u00edas-que-la-dislexia-no-es-una-enfermedad.jpg","contentUrl":"https:\/\/accesolatino.org\/wp-content\/uploads\/2019\/09\/Sab\u00edas-que-la-dislexia-no-es-una-enfermedad.jpg","width":600,"height":338,"caption":"Sab\u00edas que la dislexia no es una enfermedad"},{"@type":"BreadcrumbList","@id":"https:\/\/accesolatino.org\/sabias-que-la-dislexia-no-es-una-enfermedad\/noticias\/#breadcrumb","itemListElement":[{"@type":"ListItem","position":1,"name":"Portada","item":"https:\/\/accesolatino.org\/"},{"@type":"ListItem","position":2,"name":"Noticias","item":"https:\/\/accesolatino.org\/category\/noticias\/"},{"@type":"ListItem","position":3,"name":"Sab\u00edas que la dislexia no es una enfermedad"}]},{"@type":"WebSite","@id":"https:\/\/accesolatino.org\/#website","url":"https:\/\/accesolatino.org\/","name":"Acceso Latino | Fundaci\u00f3n Carlos Slim","description":"Fundaci\u00f3n Carlos Slim","publisher":{"@id":"https:\/\/accesolatino.org\/#organization"},"potentialAction":[{"@type":"SearchAction","target":{"@type":"EntryPoint","urlTemplate":"https:\/\/accesolatino.org\/?s={search_term_string}"},"query-input":{"@type":"PropertyValueSpecification","valueRequired":true,"valueName":"search_term_string"}}],"inLanguage":"en-US"},{"@type":"Organization","@id":"https:\/\/accesolatino.org\/#organization","name":"Acceso Latino | Fundaci\u00f3n Carlos Slim","url":"https:\/\/accesolatino.org\/","logo":{"@type":"ImageObject","inLanguage":"en-US","@id":"https:\/\/accesolatino.org\/#\/schema\/logo\/image\/","url":"https:\/\/accesolatino.org\/wp-content\/uploads\/2021\/02\/logo-footer-acceso-latino.png","contentUrl":"https:\/\/accesolatino.org\/wp-content\/uploads\/2021\/02\/logo-footer-acceso-latino.png","width":240,"height":40,"caption":"Acceso Latino | Fundaci\u00f3n Carlos Slim"},"image":{"@id":"https:\/\/accesolatino.org\/#\/schema\/logo\/image\/"},"sameAs":["https:\/\/www.facebook.com\/AccesoLatinoOrg","https:\/\/x.com\/FAccLatino"]},{"@type":"Person","@id":"https:\/\/accesolatino.org\/#\/schema\/person\/75127291c010a94e5a588c481204c991","name":"admin"}]}},"_links":{"self":[{"href":"https:\/\/accesolatino.org\/en\/wp-json\/wp\/v2\/posts\/18738","targetHints":{"allow":["GET"]}}],"collection":[{"href":"https:\/\/accesolatino.org\/en\/wp-json\/wp\/v2\/posts"}],"about":[{"href":"https:\/\/accesolatino.org\/en\/wp-json\/wp\/v2\/types\/post"}],"author":[{"embeddable":true,"href":"https:\/\/accesolatino.org\/en\/wp-json\/wp\/v2\/users\/1"}],"replies":[{"embeddable":true,"href":"https:\/\/accesolatino.org\/en\/wp-json\/wp\/v2\/comments?post=18738"}],"version-history":[{"count":1,"href":"https:\/\/accesolatino.org\/en\/wp-json\/wp\/v2\/posts\/18738\/revisions"}],"predecessor-version":[{"id":66162,"href":"https:\/\/accesolatino.org\/en\/wp-json\/wp\/v2\/posts\/18738\/revisions\/66162"}],"wp:featuredmedia":[{"embeddable":true,"href":"https:\/\/accesolatino.org\/en\/wp-json\/wp\/v2\/media\/18742"}],"wp:attachment":[{"href":"https:\/\/accesolatino.org\/en\/wp-json\/wp\/v2\/media?parent=18738"}],"wp:term":[{"taxonomy":"category","embeddable":true,"href":"https:\/\/accesolatino.org\/en\/wp-json\/wp\/v2\/categories?post=18738"},{"taxonomy":"post_tag","embeddable":true,"href":"https:\/\/accesolatino.org\/en\/wp-json\/wp\/v2\/tags?post=18738"}],"curies":[{"name":"wp","href":"https:\/\/api.w.org\/{rel}","templated":true}]}}