{"id":17893,"date":"2019-07-04T09:56:07","date_gmt":"2019-07-04T14:56:07","guid":{"rendered":"https:\/\/accesolatino.org\/?p=17893"},"modified":"2025-10-27T00:45:58","modified_gmt":"2025-10-27T06:45:58","slug":"la-demencia-puede-ser-provocada-por-un-infarto-cerebral","status":"publish","type":"post","link":"https:\/\/accesolatino.org\/en\/la-demencia-puede-ser-provocada-por-un-infarto-cerebral\/noticias\/","title":{"rendered":"La demencia puede ser provocada por un infarto cerebral"},"content":{"rendered":"<div data-elementor-type=\"wp-post\" data-elementor-id=\"17893\" class=\"elementor elementor-17893\">\n\t\t\t\t\t\t<section class=\"elementor-section elementor-top-section elementor-element elementor-element-369f77a elementor-section-boxed elementor-section-height-default elementor-section-height-default wpr-particle-no wpr-jarallax-no wpr-parallax-no wpr-sticky-section-no wpr-equal-height-no\" data-id=\"369f77a\" data-element_type=\"section\" data-e-type=\"section\">\n\t\t\t\t\t\t<div class=\"elementor-container elementor-column-gap-default\">\n\t\t\t\t\t<div class=\"elementor-column elementor-col-100 elementor-top-column elementor-element elementor-element-8ef62e2\" data-id=\"8ef62e2\" data-element_type=\"column\" data-e-type=\"column\">\n\t\t\t<div class=\"elementor-widget-wrap elementor-element-populated\">\n\t\t\t\t\t\t<div class=\"elementor-element elementor-element-d9121ee elementor-widget elementor-widget-text-editor\" data-id=\"d9121ee\" data-element_type=\"widget\" data-e-type=\"widget\" data-widget_type=\"text-editor.default\">\n\t\t\t\t<div class=\"elementor-widget-container\">\n\t\t\t\t\t\t\t\t\t<p>El no tener buenos h\u00e1bitos alimenticios y de vida pueden provocar muchos males, uno de ellos es el riesgo de un infarto cerebral, que aumenta el riesgo de demencia.<\/p><p>La investigadora Ilianna Lourida, de la Facultad de Medicina de la Universidad de Exeter, en un estudio que se realiz\u00f3 encontr\u00f3 que un historial de accidentes vasculares incrementa la posibilidad de demencia hasta de un 70%.<\/p><p>Estos resultados se obtuvieron mediante varios estudios que investigadores brit\u00e1nicos realizaron numerosos an\u00e1lisis que incluyeron a 3.2 millones de personas en todo el mundo.<\/p><p>La asociaci\u00f3n entre el accidente cerebrovascular y el aumento del riesgo de demencia fue muy claro, incluso despu\u00e9s de tomar en cuenta otros factores de peligro. Aunque el estudio no demostr\u00f3 que los accidentes cerebrovasculares causan demencia, esta es la evidencia m\u00e1s fuerte hasta la fecha, seg\u00fan los investigadores, de que tiene una relaci\u00f3n.<\/p><p>Lo que se recomienda es que luego de un tratamiento de urgencia, los cuidados despu\u00e9s de un infarto cerebral se debe centrar en recuperar las funciones. El impacto despu\u00e9s de un accidente cardiovascular se tiene que medir de lo que se haya afectado en el cerebro y la cantidad de tejidos da\u00f1ados.<\/p><p>La mayor\u00eda de los sobrevivientes de accidentes cerebrovasculares reciben ayuda mediante un programa de rehabilitaci\u00f3n. Adem\u00e1s de un tratamiento terap\u00e9utico, es primordial vigilar el estilo de vida. Mantener buenos h\u00e1bitos antes y m\u00e1s tras un infarto cerebral, es fundamental prevenir y esto es con ejercicio, comer saludablemente y mantener controlado las emociones.<\/p><p>Visita a tu m\u00e9dico para tener m\u00e1s claro estos temas y sobre todo si eres gen\u00e9ticamente propenso a estos males.<\/p><p>Para tener m\u00e1s informaci\u00f3n ingresa <a href=\"https:\/\/www.clikisalud.net\/\">clikisalud<\/a> tu portal de salud de cabecera. Y a la pesta\u00f1a de <a href=\"https:\/\/accesolatino.org\/en\/salud\/\"><strong>Health <\/strong><\/a>de Acceso Latino.<\/p>\t\t\t\t\t\t\t\t<\/div>\n\t\t\t\t<\/div>\n\t\t\t\t\t<\/div>\n\t\t<\/div>\n\t\t\t\t\t<\/div>\n\t\t<\/section>\n\t\t\t\t<\/div>","protected":false},"excerpt":{"rendered":"<p>El no tener buenos h\u00e1bitos alimenticios y de vida pueden provocar muchos males, uno de ellos es el riesgo de un infarto cerebral, que aumenta el riesgo de demencia. La investigadora Ilianna Lourida, de la Facultad de Medicina de la Universidad de Exeter, en un estudio que se realiz\u00f3 encontr\u00f3 que un historial de accidentes vasculares incrementa la posibilidad de demencia hasta de un 70%. Estos resultados se obtuvieron mediante varios estudios que investigadores brit\u00e1nicos realizaron numerosos an\u00e1lisis que incluyeron a 3.2 millones de personas en todo el mundo. La asociaci\u00f3n entre el accidente cerebrovascular y el aumento del riesgo de demencia fue muy claro, incluso despu\u00e9s de tomar en cuenta otros factores de peligro. Aunque el estudio no demostr\u00f3 que los accidentes cerebrovasculares causan demencia, esta es la evidencia m\u00e1s fuerte hasta la fecha, seg\u00fan los investigadores, de que tiene una relaci\u00f3n. Lo que se recomienda es que luego de un tratamiento de urgencia, los cuidados despu\u00e9s de un infarto cerebral se debe centrar en recuperar las funciones. El impacto despu\u00e9s de un accidente cardiovascular se tiene que medir de lo que se haya afectado en el cerebro y la cantidad de tejidos da\u00f1ados. La mayor\u00eda de los sobrevivientes de accidentes cerebrovasculares reciben ayuda mediante un programa de rehabilitaci\u00f3n. Adem\u00e1s de un tratamiento terap\u00e9utico, es primordial vigilar el estilo de vida. Mantener buenos h\u00e1bitos antes y m\u00e1s tras un infarto cerebral, es fundamental prevenir y esto es con ejercicio, comer saludablemente y mantener controlado las emociones. Visita a tu m\u00e9dico para tener m\u00e1s claro estos temas y sobre todo si eres gen\u00e9ticamente propenso a estos males. Para tener m\u00e1s informaci\u00f3n ingresa clikisalud tu portal de salud de cabecera. Y a la pesta\u00f1a de Salud de Acceso Latino.<\/p>","protected":false},"author":1,"featured_media":17894,"comment_status":"open","ping_status":"open","sticky":false,"template":"elementor_header_footer","format":"standard","meta":{"_uf_show_specific_survey":0,"_uf_disable_surveys":false,"footnotes":""},"categories":[10,1],"tags":[],"class_list":["post-17893","post","type-post","status-publish","format-standard","has-post-thumbnail","hentry","category-noticias","category-temas-de-interes"],"aioseo_notices":[],"yoast_head":"<!-- This site is optimized with the Yoast SEO plugin v27.5 - https:\/\/yoast.com\/product\/yoast-seo-wordpress\/ -->\n<title>La demencia puede ser provocada por un infarto cerebral<\/title>\n<meta name=\"description\" content=\"El no tener buenos h\u00e1bitos alimenticios y de vida pueden provocar muchos males, uno de ellos es el riesgo de un infarto cerebral, que aumenta....\" \/>\n<meta name=\"robots\" content=\"index, follow, max-snippet:-1, max-image-preview:large, max-video-preview:-1\" \/>\n<link rel=\"canonical\" href=\"https:\/\/accesolatino.org\/en\/la-demencia-puede-ser-provocada-por-un-infarto-cerebral\/noticias\/\" \/>\n<meta property=\"og:locale\" content=\"en_US\" \/>\n<meta property=\"og:type\" content=\"article\" \/>\n<meta property=\"og:title\" content=\"La demencia puede ser provocada por un infarto cerebral\" \/>\n<meta property=\"og:description\" content=\"El no tener buenos h\u00e1bitos alimenticios y de vida pueden provocar muchos males, uno de ellos es el riesgo de un infarto cerebral, que aumenta....\" \/>\n<meta property=\"og:url\" content=\"https:\/\/accesolatino.org\/en\/la-demencia-puede-ser-provocada-por-un-infarto-cerebral\/noticias\/\" \/>\n<meta property=\"og:site_name\" content=\"Acceso Latino\" \/>\n<meta property=\"article:publisher\" content=\"https:\/\/www.facebook.com\/AccesoLatinoOrg\" \/>\n<meta property=\"article:published_time\" content=\"2019-07-04T14:56:07+00:00\" \/>\n<meta property=\"article:modified_time\" content=\"2025-10-27T06:45:58+00:00\" \/>\n<meta property=\"og:image\" content=\"https:\/\/accesolatino.org\/wp-content\/uploads\/2019\/07\/La-demencia-puede-ser-provocada-por-un-infarto-cerebral.jpg\" \/>\n\t<meta property=\"og:image:width\" content=\"526\" \/>\n\t<meta property=\"og:image:height\" content=\"351\" \/>\n\t<meta property=\"og:image:type\" content=\"image\/jpeg\" \/>\n<meta name=\"author\" content=\"admin\" \/>\n<meta name=\"twitter:card\" content=\"summary_large_image\" \/>\n<meta name=\"twitter:creator\" content=\"@FAccLatino\" \/>\n<meta name=\"twitter:site\" content=\"@FAccLatino\" \/>\n<meta name=\"twitter:label1\" content=\"Written by\" \/>\n\t<meta name=\"twitter:data1\" content=\"admin\" \/>\n\t<meta name=\"twitter:label2\" content=\"Est. reading time\" \/>\n\t<meta name=\"twitter:data2\" content=\"2 minutes\" \/>\n<script type=\"application\/ld+json\" class=\"yoast-schema-graph\">{\"@context\":\"https:\\\/\\\/schema.org\",\"@graph\":[{\"@type\":\"Article\",\"@id\":\"https:\\\/\\\/accesolatino.org\\\/la-demencia-puede-ser-provocada-por-un-infarto-cerebral\\\/noticias\\\/#article\",\"isPartOf\":{\"@id\":\"https:\\\/\\\/accesolatino.org\\\/la-demencia-puede-ser-provocada-por-un-infarto-cerebral\\\/noticias\\\/\"},\"author\":{\"name\":\"admin\",\"@id\":\"https:\\\/\\\/accesolatino.org\\\/#\\\/schema\\\/person\\\/10763acf0565833da11d915ac8549efd\"},\"headline\":\"La demencia puede ser provocada por un infarto cerebral\",\"datePublished\":\"2019-07-04T14:56:07+00:00\",\"dateModified\":\"2025-10-27T06:45:58+00:00\",\"mainEntityOfPage\":{\"@id\":\"https:\\\/\\\/accesolatino.org\\\/la-demencia-puede-ser-provocada-por-un-infarto-cerebral\\\/noticias\\\/\"},\"wordCount\":318,\"commentCount\":0,\"publisher\":{\"@id\":\"https:\\\/\\\/accesolatino.org\\\/#organization\"},\"image\":{\"@id\":\"https:\\\/\\\/accesolatino.org\\\/la-demencia-puede-ser-provocada-por-un-infarto-cerebral\\\/noticias\\\/#primaryimage\"},\"thumbnailUrl\":\"https:\\\/\\\/accesolatino.org\\\/wp-content\\\/uploads\\\/2019\\\/07\\\/La-demencia-puede-ser-provocada-por-un-infarto-cerebral.jpg\",\"articleSection\":[\"Noticias\",\"Temas de inter\u00e9s\"],\"inLanguage\":\"en-US\",\"potentialAction\":[{\"@type\":\"CommentAction\",\"name\":\"Comment\",\"target\":[\"https:\\\/\\\/accesolatino.org\\\/la-demencia-puede-ser-provocada-por-un-infarto-cerebral\\\/noticias\\\/#respond\"]}]},{\"@type\":\"WebPage\",\"@id\":\"https:\\\/\\\/accesolatino.org\\\/la-demencia-puede-ser-provocada-por-un-infarto-cerebral\\\/noticias\\\/\",\"url\":\"https:\\\/\\\/accesolatino.org\\\/la-demencia-puede-ser-provocada-por-un-infarto-cerebral\\\/noticias\\\/\",\"name\":\"La demencia puede ser provocada por un infarto cerebral\",\"isPartOf\":{\"@id\":\"https:\\\/\\\/accesolatino.org\\\/#website\"},\"primaryImageOfPage\":{\"@id\":\"https:\\\/\\\/accesolatino.org\\\/la-demencia-puede-ser-provocada-por-un-infarto-cerebral\\\/noticias\\\/#primaryimage\"},\"image\":{\"@id\":\"https:\\\/\\\/accesolatino.org\\\/la-demencia-puede-ser-provocada-por-un-infarto-cerebral\\\/noticias\\\/#primaryimage\"},\"thumbnailUrl\":\"https:\\\/\\\/accesolatino.org\\\/wp-content\\\/uploads\\\/2019\\\/07\\\/La-demencia-puede-ser-provocada-por-un-infarto-cerebral.jpg\",\"datePublished\":\"2019-07-04T14:56:07+00:00\",\"dateModified\":\"2025-10-27T06:45:58+00:00\",\"description\":\"El no tener buenos h\u00e1bitos alimenticios y de vida pueden provocar muchos males, uno de ellos es el riesgo de un infarto cerebral, que aumenta....\",\"breadcrumb\":{\"@id\":\"https:\\\/\\\/accesolatino.org\\\/la-demencia-puede-ser-provocada-por-un-infarto-cerebral\\\/noticias\\\/#breadcrumb\"},\"inLanguage\":\"en-US\",\"potentialAction\":[{\"@type\":\"ReadAction\",\"target\":[\"https:\\\/\\\/accesolatino.org\\\/la-demencia-puede-ser-provocada-por-un-infarto-cerebral\\\/noticias\\\/\"]}]},{\"@type\":\"ImageObject\",\"inLanguage\":\"en-US\",\"@id\":\"https:\\\/\\\/accesolatino.org\\\/la-demencia-puede-ser-provocada-por-un-infarto-cerebral\\\/noticias\\\/#primaryimage\",\"url\":\"https:\\\/\\\/accesolatino.org\\\/wp-content\\\/uploads\\\/2019\\\/07\\\/La-demencia-puede-ser-provocada-por-un-infarto-cerebral.jpg\",\"contentUrl\":\"https:\\\/\\\/accesolatino.org\\\/wp-content\\\/uploads\\\/2019\\\/07\\\/La-demencia-puede-ser-provocada-por-un-infarto-cerebral.jpg\",\"width\":526,\"height\":351,\"caption\":\"La demencia puede ser provocada por un infarto cerebral\"},{\"@type\":\"BreadcrumbList\",\"@id\":\"https:\\\/\\\/accesolatino.org\\\/la-demencia-puede-ser-provocada-por-un-infarto-cerebral\\\/noticias\\\/#breadcrumb\",\"itemListElement\":[{\"@type\":\"ListItem\",\"position\":1,\"name\":\"Portada\",\"item\":\"https:\\\/\\\/accesolatino.org\\\/\"},{\"@type\":\"ListItem\",\"position\":2,\"name\":\"Noticias\",\"item\":\"https:\\\/\\\/accesolatino.org\\\/category\\\/noticias\\\/\"},{\"@type\":\"ListItem\",\"position\":3,\"name\":\"La demencia puede ser provocada por un infarto cerebral\"}]},{\"@type\":\"WebSite\",\"@id\":\"https:\\\/\\\/accesolatino.org\\\/#website\",\"url\":\"https:\\\/\\\/accesolatino.org\\\/\",\"name\":\"Acceso Latino | Fundaci\u00f3n Carlos Slim\",\"description\":\"Fundaci\u00f3n Carlos Slim\",\"publisher\":{\"@id\":\"https:\\\/\\\/accesolatino.org\\\/#organization\"},\"potentialAction\":[{\"@type\":\"SearchAction\",\"target\":{\"@type\":\"EntryPoint\",\"urlTemplate\":\"https:\\\/\\\/accesolatino.org\\\/?s={search_term_string}\"},\"query-input\":{\"@type\":\"PropertyValueSpecification\",\"valueRequired\":true,\"valueName\":\"search_term_string\"}}],\"inLanguage\":\"en-US\"},{\"@type\":\"Organization\",\"@id\":\"https:\\\/\\\/accesolatino.org\\\/#organization\",\"name\":\"Acceso Latino | Fundaci\u00f3n Carlos Slim\",\"url\":\"https:\\\/\\\/accesolatino.org\\\/\",\"logo\":{\"@type\":\"ImageObject\",\"inLanguage\":\"en-US\",\"@id\":\"https:\\\/\\\/accesolatino.org\\\/#\\\/schema\\\/logo\\\/image\\\/\",\"url\":\"https:\\\/\\\/accesolatino.org\\\/wp-content\\\/uploads\\\/2021\\\/02\\\/logo-footer-acceso-latino.png\",\"contentUrl\":\"https:\\\/\\\/accesolatino.org\\\/wp-content\\\/uploads\\\/2021\\\/02\\\/logo-footer-acceso-latino.png\",\"width\":240,\"height\":40,\"caption\":\"Acceso Latino | Fundaci\u00f3n Carlos Slim\"},\"image\":{\"@id\":\"https:\\\/\\\/accesolatino.org\\\/#\\\/schema\\\/logo\\\/image\\\/\"},\"sameAs\":[\"https:\\\/\\\/www.facebook.com\\\/AccesoLatinoOrg\",\"https:\\\/\\\/x.com\\\/FAccLatino\"]},{\"@type\":\"Person\",\"@id\":\"https:\\\/\\\/accesolatino.org\\\/#\\\/schema\\\/person\\\/10763acf0565833da11d915ac8549efd\",\"name\":\"admin\"}]}<\/script>\n<!-- \/ Yoast SEO plugin. -->","yoast_head_json":{"title":"La demencia puede ser provocada por un infarto cerebral","description":"El no tener buenos h\u00e1bitos alimenticios y de vida pueden provocar muchos males, uno de ellos es el riesgo de un infarto cerebral, que aumenta....","robots":{"index":"index","follow":"follow","max-snippet":"max-snippet:-1","max-image-preview":"max-image-preview:large","max-video-preview":"max-video-preview:-1"},"canonical":"https:\/\/accesolatino.org\/en\/la-demencia-puede-ser-provocada-por-un-infarto-cerebral\/noticias\/","og_locale":"en_US","og_type":"article","og_title":"La demencia puede ser provocada por un infarto cerebral","og_description":"El no tener buenos h\u00e1bitos alimenticios y de vida pueden provocar muchos males, uno de ellos es el riesgo de un infarto cerebral, que aumenta....","og_url":"https:\/\/accesolatino.org\/en\/la-demencia-puede-ser-provocada-por-un-infarto-cerebral\/noticias\/","og_site_name":"Acceso Latino","article_publisher":"https:\/\/www.facebook.com\/AccesoLatinoOrg","article_published_time":"2019-07-04T14:56:07+00:00","article_modified_time":"2025-10-27T06:45:58+00:00","og_image":[{"width":526,"height":351,"url":"https:\/\/accesolatino.org\/wp-content\/uploads\/2019\/07\/La-demencia-puede-ser-provocada-por-un-infarto-cerebral.jpg","type":"image\/jpeg"}],"author":"admin","twitter_card":"summary_large_image","twitter_creator":"@FAccLatino","twitter_site":"@FAccLatino","twitter_misc":{"Written by":"admin","Est. reading time":"2 minutes"},"schema":{"@context":"https:\/\/schema.org","@graph":[{"@type":"Article","@id":"https:\/\/accesolatino.org\/la-demencia-puede-ser-provocada-por-un-infarto-cerebral\/noticias\/#article","isPartOf":{"@id":"https:\/\/accesolatino.org\/la-demencia-puede-ser-provocada-por-un-infarto-cerebral\/noticias\/"},"author":{"name":"admin","@id":"https:\/\/accesolatino.org\/#\/schema\/person\/10763acf0565833da11d915ac8549efd"},"headline":"La demencia puede ser provocada por un infarto cerebral","datePublished":"2019-07-04T14:56:07+00:00","dateModified":"2025-10-27T06:45:58+00:00","mainEntityOfPage":{"@id":"https:\/\/accesolatino.org\/la-demencia-puede-ser-provocada-por-un-infarto-cerebral\/noticias\/"},"wordCount":318,"commentCount":0,"publisher":{"@id":"https:\/\/accesolatino.org\/#organization"},"image":{"@id":"https:\/\/accesolatino.org\/la-demencia-puede-ser-provocada-por-un-infarto-cerebral\/noticias\/#primaryimage"},"thumbnailUrl":"https:\/\/accesolatino.org\/wp-content\/uploads\/2019\/07\/La-demencia-puede-ser-provocada-por-un-infarto-cerebral.jpg","articleSection":["Noticias","Temas de inter\u00e9s"],"inLanguage":"en-US","potentialAction":[{"@type":"CommentAction","name":"Comment","target":["https:\/\/accesolatino.org\/la-demencia-puede-ser-provocada-por-un-infarto-cerebral\/noticias\/#respond"]}]},{"@type":"WebPage","@id":"https:\/\/accesolatino.org\/la-demencia-puede-ser-provocada-por-un-infarto-cerebral\/noticias\/","url":"https:\/\/accesolatino.org\/la-demencia-puede-ser-provocada-por-un-infarto-cerebral\/noticias\/","name":"La demencia puede ser provocada por un infarto cerebral","isPartOf":{"@id":"https:\/\/accesolatino.org\/#website"},"primaryImageOfPage":{"@id":"https:\/\/accesolatino.org\/la-demencia-puede-ser-provocada-por-un-infarto-cerebral\/noticias\/#primaryimage"},"image":{"@id":"https:\/\/accesolatino.org\/la-demencia-puede-ser-provocada-por-un-infarto-cerebral\/noticias\/#primaryimage"},"thumbnailUrl":"https:\/\/accesolatino.org\/wp-content\/uploads\/2019\/07\/La-demencia-puede-ser-provocada-por-un-infarto-cerebral.jpg","datePublished":"2019-07-04T14:56:07+00:00","dateModified":"2025-10-27T06:45:58+00:00","description":"El no tener buenos h\u00e1bitos alimenticios y de vida pueden provocar muchos males, uno de ellos es el riesgo de un infarto cerebral, que aumenta....","breadcrumb":{"@id":"https:\/\/accesolatino.org\/la-demencia-puede-ser-provocada-por-un-infarto-cerebral\/noticias\/#breadcrumb"},"inLanguage":"en-US","potentialAction":[{"@type":"ReadAction","target":["https:\/\/accesolatino.org\/la-demencia-puede-ser-provocada-por-un-infarto-cerebral\/noticias\/"]}]},{"@type":"ImageObject","inLanguage":"en-US","@id":"https:\/\/accesolatino.org\/la-demencia-puede-ser-provocada-por-un-infarto-cerebral\/noticias\/#primaryimage","url":"https:\/\/accesolatino.org\/wp-content\/uploads\/2019\/07\/La-demencia-puede-ser-provocada-por-un-infarto-cerebral.jpg","contentUrl":"https:\/\/accesolatino.org\/wp-content\/uploads\/2019\/07\/La-demencia-puede-ser-provocada-por-un-infarto-cerebral.jpg","width":526,"height":351,"caption":"La demencia puede ser provocada por un infarto cerebral"},{"@type":"BreadcrumbList","@id":"https:\/\/accesolatino.org\/la-demencia-puede-ser-provocada-por-un-infarto-cerebral\/noticias\/#breadcrumb","itemListElement":[{"@type":"ListItem","position":1,"name":"Portada","item":"https:\/\/accesolatino.org\/"},{"@type":"ListItem","position":2,"name":"Noticias","item":"https:\/\/accesolatino.org\/category\/noticias\/"},{"@type":"ListItem","position":3,"name":"La demencia puede ser provocada por un infarto cerebral"}]},{"@type":"WebSite","@id":"https:\/\/accesolatino.org\/#website","url":"https:\/\/accesolatino.org\/","name":"Acceso Latino | Fundaci\u00f3n Carlos Slim","description":"Fundaci\u00f3n Carlos Slim","publisher":{"@id":"https:\/\/accesolatino.org\/#organization"},"potentialAction":[{"@type":"SearchAction","target":{"@type":"EntryPoint","urlTemplate":"https:\/\/accesolatino.org\/?s={search_term_string}"},"query-input":{"@type":"PropertyValueSpecification","valueRequired":true,"valueName":"search_term_string"}}],"inLanguage":"en-US"},{"@type":"Organization","@id":"https:\/\/accesolatino.org\/#organization","name":"Acceso Latino | Fundaci\u00f3n Carlos Slim","url":"https:\/\/accesolatino.org\/","logo":{"@type":"ImageObject","inLanguage":"en-US","@id":"https:\/\/accesolatino.org\/#\/schema\/logo\/image\/","url":"https:\/\/accesolatino.org\/wp-content\/uploads\/2021\/02\/logo-footer-acceso-latino.png","contentUrl":"https:\/\/accesolatino.org\/wp-content\/uploads\/2021\/02\/logo-footer-acceso-latino.png","width":240,"height":40,"caption":"Acceso Latino | Fundaci\u00f3n Carlos Slim"},"image":{"@id":"https:\/\/accesolatino.org\/#\/schema\/logo\/image\/"},"sameAs":["https:\/\/www.facebook.com\/AccesoLatinoOrg","https:\/\/x.com\/FAccLatino"]},{"@type":"Person","@id":"https:\/\/accesolatino.org\/#\/schema\/person\/10763acf0565833da11d915ac8549efd","name":"admin"}]}},"_links":{"self":[{"href":"https:\/\/accesolatino.org\/en\/wp-json\/wp\/v2\/posts\/17893","targetHints":{"allow":["GET"]}}],"collection":[{"href":"https:\/\/accesolatino.org\/en\/wp-json\/wp\/v2\/posts"}],"about":[{"href":"https:\/\/accesolatino.org\/en\/wp-json\/wp\/v2\/types\/post"}],"author":[{"embeddable":true,"href":"https:\/\/accesolatino.org\/en\/wp-json\/wp\/v2\/users\/1"}],"replies":[{"embeddable":true,"href":"https:\/\/accesolatino.org\/en\/wp-json\/wp\/v2\/comments?post=17893"}],"version-history":[{"count":1,"href":"https:\/\/accesolatino.org\/en\/wp-json\/wp\/v2\/posts\/17893\/revisions"}],"predecessor-version":[{"id":66271,"href":"https:\/\/accesolatino.org\/en\/wp-json\/wp\/v2\/posts\/17893\/revisions\/66271"}],"wp:featuredmedia":[{"embeddable":true,"href":"https:\/\/accesolatino.org\/en\/wp-json\/wp\/v2\/media\/17894"}],"wp:attachment":[{"href":"https:\/\/accesolatino.org\/en\/wp-json\/wp\/v2\/media?parent=17893"}],"wp:term":[{"taxonomy":"category","embeddable":true,"href":"https:\/\/accesolatino.org\/en\/wp-json\/wp\/v2\/categories?post=17893"},{"taxonomy":"post_tag","embeddable":true,"href":"https:\/\/accesolatino.org\/en\/wp-json\/wp\/v2\/tags?post=17893"}],"curies":[{"name":"wp","href":"https:\/\/api.w.org\/{rel}","templated":true}]}}