{"id":17010,"date":"2019-01-29T15:12:41","date_gmt":"2019-01-29T21:12:41","guid":{"rendered":"https:\/\/accesolatino.org\/?p=17010"},"modified":"2025-10-27T10:34:44","modified_gmt":"2025-10-27T16:34:44","slug":"pasos-a-seguir-si-te-detectaron-depresion","status":"publish","type":"post","link":"https:\/\/accesolatino.org\/en\/pasos-a-seguir-si-te-detectaron-depresion\/noticias\/","title":{"rendered":"Pasos a seguir si te detectaron depresi\u00f3n"},"content":{"rendered":"<div data-elementor-type=\"wp-post\" data-elementor-id=\"17010\" class=\"elementor elementor-17010\">\n\t\t\t\t\t\t<section class=\"elementor-section elementor-top-section elementor-element elementor-element-369f77a elementor-section-boxed elementor-section-height-default elementor-section-height-default wpr-particle-no wpr-jarallax-no wpr-parallax-no wpr-sticky-section-no wpr-equal-height-no\" data-id=\"369f77a\" data-element_type=\"section\" data-e-type=\"section\">\n\t\t\t\t\t\t<div class=\"elementor-container elementor-column-gap-default\">\n\t\t\t\t\t<div class=\"elementor-column elementor-col-100 elementor-top-column elementor-element elementor-element-8ef62e2\" data-id=\"8ef62e2\" data-element_type=\"column\" data-e-type=\"column\">\n\t\t\t<div class=\"elementor-widget-wrap elementor-element-populated\">\n\t\t\t\t\t\t<div class=\"elementor-element elementor-element-d9121ee elementor-widget elementor-widget-text-editor\" data-id=\"d9121ee\" data-element_type=\"widget\" data-e-type=\"widget\" data-widget_type=\"text-editor.default\">\n\t\t\t\t<div class=\"elementor-widget-container\">\n\t\t\t\t\t\t\t\t\t<p>No es sencillo pedir ayuda y que te entreguen un diagn\u00f3stico negativo. Ya sea que la enfermedad est\u00e9 ligada a la salud f\u00edsica o mental, enfrentar una mala noticia es algo duro. No s\u00f3lo se trata de cambios en el estilo de vida, la transformaci\u00f3n puede llegar a ser radical. El primer paso debe ser tomar el diagn\u00f3stico muy en serio y comenzar a actuar. Toma un respiro y plant\u00e9ate lo siguiente.<\/p><ol><li><strong>Procesa la informaci\u00f3n<\/strong>. Date un tiempo para pensar en lo que dijo tu m\u00e9dico. Intenta controlar tus emociones; puedes estar enojado, asustado, avergonzado o triste. Reconoce esos sentimientos y busca la forma de sentirte mejor.<\/li><li><strong>Construye una red de apoyo.<\/strong> No necesitas cont\u00e1rselo a todo el mundo, procura acercarte a tus seres queridos. Ellos merecen saber lo que pasa; adem\u00e1s, pueden brindarte ayuda emocional y f\u00edsica.<\/li><li>Inf\u00f3rmate. Antes del diagn\u00f3stico suele existir una gran falta de informaci\u00f3n. Es el momento de investigar y aprender todo lo que puedas. \u00bfCu\u00e1les son los aspectos de tu afecci\u00f3n? \u00bfQu\u00e9 opci\u00f3n de tratamiento tienes? \u00bfNecesitas medicamentos?<\/li><li><strong>Busca el mejor tratamiento.<\/strong> Al aceptar tu diagn\u00f3stico, indaga sobre las opciones de tratamiento. Existen diversas formas de mejorar tu calidad de vida, m\u00e1s all\u00e1 de los f\u00e1rmacos. Ac\u00e9rcate a un especialista, \u00e9l sabr\u00e1 aconsejarte y ayudarte a decidir el mejor camino.<\/li><li><strong>Adapta tu estilo de vida<\/strong>. Adem\u00e1s de seguir las medidas recomendadas por el experto, cambia tu estilo de vida para ayudar a controlar tu afecci\u00f3n. Si est\u00e1s estresado o ansioso, busca c\u00f3mo adaptarte para satisfacer tus necesidades, ya sea en el trabajo o en la escuela. Esto no significa que necesiten saber todo sobre tu problema, pero puede ayudar. Sigue una dieta saludable y realiza ejercicio. Ten un pasatiempo y t\u00f3mate el tiempo suficiente para descansar, relajarte y recuperarte emocional, f\u00edsica y espiritualmente.<\/li><\/ol><p>Si te interesa saber m\u00e1s de los cuidados que debes tener, entra a accesolatino.org y en nuestra secci\u00f3n de <a href=\"https:\/\/accesolatino.org\/en\/salud\/\">\u201cSalud\u201d<\/a> podr\u00e1s encontrar informaci\u00f3n valiosa en el apartado de <a href=\"https:\/\/www.clikisalud.net\/\">clikisalud<\/a>, as\u00ed como cl\u00ednicas a bajo costo cerca de tu hogar en Estados Unidos. De igual manera, si buscas ayuda, podr\u00e1s encontrar orientaci\u00f3n psicol\u00f3gica por parte de expertos de los Centros de Integraci\u00f3n Juvenil.<\/p>\t\t\t\t\t\t\t\t<\/div>\n\t\t\t\t<\/div>\n\t\t\t\t\t<\/div>\n\t\t<\/div>\n\t\t\t\t\t<\/div>\n\t\t<\/section>\n\t\t\t\t<\/div>","protected":false},"excerpt":{"rendered":"<p>No es sencillo pedir ayuda y que te entreguen un diagn\u00f3stico negativo. Ya sea que la enfermedad est\u00e9 ligada a la salud f\u00edsica o mental, enfrentar una mala noticia es algo duro. No s\u00f3lo se trata de cambios en el estilo de vida, la transformaci\u00f3n puede llegar a ser radical. El primer paso debe ser tomar el diagn\u00f3stico muy en serio y comenzar a actuar. Toma un respiro y plant\u00e9ate lo siguiente. Procesa la informaci\u00f3n. Date un tiempo para pensar en lo que dijo tu m\u00e9dico. Intenta controlar tus emociones; puedes estar enojado, asustado, avergonzado o triste. Reconoce esos sentimientos y busca la forma de sentirte mejor. Construye una red de apoyo. No necesitas cont\u00e1rselo a todo el mundo, procura acercarte a tus seres queridos. Ellos merecen saber lo que pasa; adem\u00e1s, pueden brindarte ayuda emocional y f\u00edsica. Inf\u00f3rmate. Antes del diagn\u00f3stico suele existir una gran falta de informaci\u00f3n. Es el momento de investigar y aprender todo lo que puedas. \u00bfCu\u00e1les son los aspectos de tu afecci\u00f3n? \u00bfQu\u00e9 opci\u00f3n de tratamiento tienes? \u00bfNecesitas medicamentos? Busca el mejor tratamiento. Al aceptar tu diagn\u00f3stico, indaga sobre las opciones de tratamiento. Existen diversas formas de mejorar tu calidad de vida, m\u00e1s all\u00e1 de los f\u00e1rmacos. Ac\u00e9rcate a un especialista, \u00e9l sabr\u00e1 aconsejarte y ayudarte a decidir el mejor camino. Adapta tu estilo de vida. Adem\u00e1s de seguir las medidas recomendadas por el experto, cambia tu estilo de vida para ayudar a controlar tu afecci\u00f3n. Si est\u00e1s estresado o ansioso, busca c\u00f3mo adaptarte para satisfacer tus necesidades, ya sea en el trabajo o en la escuela. Esto no significa que necesiten saber todo sobre tu problema, pero puede ayudar. Sigue una dieta saludable y realiza ejercicio. Ten un pasatiempo y t\u00f3mate el tiempo suficiente para descansar, relajarte y recuperarte emocional, f\u00edsica y espiritualmente. Si te interesa saber m\u00e1s de los cuidados que debes tener, entra a accesolatino.org y en nuestra secci\u00f3n de \u201cSalud\u201d podr\u00e1s encontrar informaci\u00f3n valiosa en el apartado de clikisalud, as\u00ed como cl\u00ednicas a bajo costo cerca de tu hogar en Estados Unidos. De igual manera, si buscas ayuda, podr\u00e1s encontrar orientaci\u00f3n psicol\u00f3gica por parte de expertos de los Centros de Integraci\u00f3n Juvenil.<\/p>","protected":false},"author":13,"featured_media":16999,"comment_status":"open","ping_status":"open","sticky":false,"template":"","format":"standard","meta":{"_uf_show_specific_survey":0,"_uf_disable_surveys":false,"footnotes":""},"categories":[10,1],"tags":[],"class_list":["post-17010","post","type-post","status-publish","format-standard","has-post-thumbnail","hentry","category-noticias","category-temas-de-interes"],"aioseo_notices":[],"yoast_head":"<!-- This site is optimized with the Yoast SEO plugin v27.5 - https:\/\/yoast.com\/product\/yoast-seo-wordpress\/ -->\n<title>Pasos a seguir si te detectaron depresi\u00f3n<\/title>\n<meta name=\"description\" content=\"No es sencillo pedir ayuda y que te entreguen un diagn\u00f3stico negativo. Ya sea que la enfermedad est\u00e9 ligada a la salud f\u00edsica o mental, enfrentar una mala\" \/>\n<meta name=\"robots\" content=\"index, follow, max-snippet:-1, max-image-preview:large, max-video-preview:-1\" \/>\n<link rel=\"canonical\" href=\"https:\/\/accesolatino.org\/en\/pasos-a-seguir-si-te-detectaron-depresion\/noticias\/\" \/>\n<meta property=\"og:locale\" content=\"en_US\" \/>\n<meta property=\"og:type\" content=\"article\" \/>\n<meta property=\"og:title\" content=\"Pasos a seguir si te detectaron depresi\u00f3n\" \/>\n<meta property=\"og:description\" content=\"No es sencillo pedir ayuda y que te entreguen un diagn\u00f3stico negativo. Ya sea que la enfermedad est\u00e9 ligada a la salud f\u00edsica o mental, enfrentar una mala\" \/>\n<meta property=\"og:url\" content=\"https:\/\/accesolatino.org\/en\/pasos-a-seguir-si-te-detectaron-depresion\/noticias\/\" \/>\n<meta property=\"og:site_name\" content=\"Acceso Latino\" \/>\n<meta property=\"article:publisher\" content=\"https:\/\/www.facebook.com\/AccesoLatinoOrg\" \/>\n<meta property=\"article:published_time\" content=\"2019-01-29T21:12:41+00:00\" \/>\n<meta property=\"article:modified_time\" content=\"2025-10-27T16:34:44+00:00\" \/>\n<meta property=\"og:image\" content=\"https:\/\/accesolatino.org\/wp-content\/uploads\/2019\/05\/Senales-que-indican-depresion-y-no-deben-ignorarse.jpg\" \/>\n\t<meta property=\"og:image:width\" content=\"600\" \/>\n\t<meta property=\"og:image:height\" content=\"338\" \/>\n\t<meta property=\"og:image:type\" content=\"image\/jpeg\" \/>\n<meta name=\"author\" content=\"Noticias\" \/>\n<meta name=\"twitter:card\" content=\"summary_large_image\" \/>\n<meta name=\"twitter:creator\" content=\"@FAccLatino\" \/>\n<meta name=\"twitter:site\" content=\"@FAccLatino\" \/>\n<meta name=\"twitter:label1\" content=\"Written by\" \/>\n\t<meta name=\"twitter:data1\" content=\"Noticias\" \/>\n\t<meta name=\"twitter:label2\" content=\"Est. reading time\" \/>\n\t<meta name=\"twitter:data2\" content=\"2 minutes\" \/>\n<script type=\"application\/ld+json\" class=\"yoast-schema-graph\">{\"@context\":\"https:\\\/\\\/schema.org\",\"@graph\":[{\"@type\":\"Article\",\"@id\":\"https:\\\/\\\/accesolatino.org\\\/pasos-a-seguir-si-te-detectaron-depresion\\\/noticias\\\/#article\",\"isPartOf\":{\"@id\":\"https:\\\/\\\/accesolatino.org\\\/pasos-a-seguir-si-te-detectaron-depresion\\\/noticias\\\/\"},\"author\":{\"name\":\"Noticias\",\"@id\":\"https:\\\/\\\/accesolatino.org\\\/#\\\/schema\\\/person\\\/57bc3bfd2c357610a5255490ca4cd305\"},\"headline\":\"Pasos a seguir si te detectaron depresi\u00f3n\",\"datePublished\":\"2019-01-29T21:12:41+00:00\",\"dateModified\":\"2025-10-27T16:34:44+00:00\",\"mainEntityOfPage\":{\"@id\":\"https:\\\/\\\/accesolatino.org\\\/pasos-a-seguir-si-te-detectaron-depresion\\\/noticias\\\/\"},\"wordCount\":406,\"commentCount\":0,\"publisher\":{\"@id\":\"https:\\\/\\\/accesolatino.org\\\/#organization\"},\"image\":{\"@id\":\"https:\\\/\\\/accesolatino.org\\\/pasos-a-seguir-si-te-detectaron-depresion\\\/noticias\\\/#primaryimage\"},\"thumbnailUrl\":\"https:\\\/\\\/accesolatino.org\\\/wp-content\\\/uploads\\\/2019\\\/05\\\/Senales-que-indican-depresion-y-no-deben-ignorarse.jpg\",\"articleSection\":[\"Noticias\",\"Temas de inter\u00e9s\"],\"inLanguage\":\"en-US\",\"potentialAction\":[{\"@type\":\"CommentAction\",\"name\":\"Comment\",\"target\":[\"https:\\\/\\\/accesolatino.org\\\/pasos-a-seguir-si-te-detectaron-depresion\\\/noticias\\\/#respond\"]}]},{\"@type\":\"WebPage\",\"@id\":\"https:\\\/\\\/accesolatino.org\\\/pasos-a-seguir-si-te-detectaron-depresion\\\/noticias\\\/\",\"url\":\"https:\\\/\\\/accesolatino.org\\\/pasos-a-seguir-si-te-detectaron-depresion\\\/noticias\\\/\",\"name\":\"Pasos a seguir si te detectaron depresi\u00f3n\",\"isPartOf\":{\"@id\":\"https:\\\/\\\/accesolatino.org\\\/#website\"},\"primaryImageOfPage\":{\"@id\":\"https:\\\/\\\/accesolatino.org\\\/pasos-a-seguir-si-te-detectaron-depresion\\\/noticias\\\/#primaryimage\"},\"image\":{\"@id\":\"https:\\\/\\\/accesolatino.org\\\/pasos-a-seguir-si-te-detectaron-depresion\\\/noticias\\\/#primaryimage\"},\"thumbnailUrl\":\"https:\\\/\\\/accesolatino.org\\\/wp-content\\\/uploads\\\/2019\\\/05\\\/Senales-que-indican-depresion-y-no-deben-ignorarse.jpg\",\"datePublished\":\"2019-01-29T21:12:41+00:00\",\"dateModified\":\"2025-10-27T16:34:44+00:00\",\"description\":\"No es sencillo pedir ayuda y que te entreguen un diagn\u00f3stico negativo. Ya sea que la enfermedad est\u00e9 ligada a la salud f\u00edsica o mental, enfrentar una mala\",\"breadcrumb\":{\"@id\":\"https:\\\/\\\/accesolatino.org\\\/pasos-a-seguir-si-te-detectaron-depresion\\\/noticias\\\/#breadcrumb\"},\"inLanguage\":\"en-US\",\"potentialAction\":[{\"@type\":\"ReadAction\",\"target\":[\"https:\\\/\\\/accesolatino.org\\\/pasos-a-seguir-si-te-detectaron-depresion\\\/noticias\\\/\"]}]},{\"@type\":\"ImageObject\",\"inLanguage\":\"en-US\",\"@id\":\"https:\\\/\\\/accesolatino.org\\\/pasos-a-seguir-si-te-detectaron-depresion\\\/noticias\\\/#primaryimage\",\"url\":\"https:\\\/\\\/accesolatino.org\\\/wp-content\\\/uploads\\\/2019\\\/05\\\/Senales-que-indican-depresion-y-no-deben-ignorarse.jpg\",\"contentUrl\":\"https:\\\/\\\/accesolatino.org\\\/wp-content\\\/uploads\\\/2019\\\/05\\\/Senales-que-indican-depresion-y-no-deben-ignorarse.jpg\",\"width\":600,\"height\":338,\"caption\":\"Senales que indican depresion y no deben ignorarse\"},{\"@type\":\"BreadcrumbList\",\"@id\":\"https:\\\/\\\/accesolatino.org\\\/pasos-a-seguir-si-te-detectaron-depresion\\\/noticias\\\/#breadcrumb\",\"itemListElement\":[{\"@type\":\"ListItem\",\"position\":1,\"name\":\"Portada\",\"item\":\"https:\\\/\\\/accesolatino.org\\\/\"},{\"@type\":\"ListItem\",\"position\":2,\"name\":\"Noticias\",\"item\":\"https:\\\/\\\/accesolatino.org\\\/category\\\/noticias\\\/\"},{\"@type\":\"ListItem\",\"position\":3,\"name\":\"Pasos a seguir si te detectaron depresi\u00f3n\"}]},{\"@type\":\"WebSite\",\"@id\":\"https:\\\/\\\/accesolatino.org\\\/#website\",\"url\":\"https:\\\/\\\/accesolatino.org\\\/\",\"name\":\"Acceso Latino | Fundaci\u00f3n Carlos Slim\",\"description\":\"Fundaci\u00f3n Carlos Slim\",\"publisher\":{\"@id\":\"https:\\\/\\\/accesolatino.org\\\/#organization\"},\"potentialAction\":[{\"@type\":\"SearchAction\",\"target\":{\"@type\":\"EntryPoint\",\"urlTemplate\":\"https:\\\/\\\/accesolatino.org\\\/?s={search_term_string}\"},\"query-input\":{\"@type\":\"PropertyValueSpecification\",\"valueRequired\":true,\"valueName\":\"search_term_string\"}}],\"inLanguage\":\"en-US\"},{\"@type\":\"Organization\",\"@id\":\"https:\\\/\\\/accesolatino.org\\\/#organization\",\"name\":\"Acceso Latino | Fundaci\u00f3n Carlos Slim\",\"url\":\"https:\\\/\\\/accesolatino.org\\\/\",\"logo\":{\"@type\":\"ImageObject\",\"inLanguage\":\"en-US\",\"@id\":\"https:\\\/\\\/accesolatino.org\\\/#\\\/schema\\\/logo\\\/image\\\/\",\"url\":\"https:\\\/\\\/accesolatino.org\\\/wp-content\\\/uploads\\\/2021\\\/02\\\/logo-footer-acceso-latino.png\",\"contentUrl\":\"https:\\\/\\\/accesolatino.org\\\/wp-content\\\/uploads\\\/2021\\\/02\\\/logo-footer-acceso-latino.png\",\"width\":240,\"height\":40,\"caption\":\"Acceso Latino | Fundaci\u00f3n Carlos Slim\"},\"image\":{\"@id\":\"https:\\\/\\\/accesolatino.org\\\/#\\\/schema\\\/logo\\\/image\\\/\"},\"sameAs\":[\"https:\\\/\\\/www.facebook.com\\\/AccesoLatinoOrg\",\"https:\\\/\\\/x.com\\\/FAccLatino\"]},{\"@type\":\"Person\",\"@id\":\"https:\\\/\\\/accesolatino.org\\\/#\\\/schema\\\/person\\\/57bc3bfd2c357610a5255490ca4cd305\",\"name\":\"Noticias\"}]}<\/script>\n<!-- \/ Yoast SEO plugin. -->","yoast_head_json":{"title":"Pasos a seguir si te detectaron depresi\u00f3n","description":"No es sencillo pedir ayuda y que te entreguen un diagn\u00f3stico negativo. Ya sea que la enfermedad est\u00e9 ligada a la salud f\u00edsica o mental, enfrentar una mala","robots":{"index":"index","follow":"follow","max-snippet":"max-snippet:-1","max-image-preview":"max-image-preview:large","max-video-preview":"max-video-preview:-1"},"canonical":"https:\/\/accesolatino.org\/en\/pasos-a-seguir-si-te-detectaron-depresion\/noticias\/","og_locale":"en_US","og_type":"article","og_title":"Pasos a seguir si te detectaron depresi\u00f3n","og_description":"No es sencillo pedir ayuda y que te entreguen un diagn\u00f3stico negativo. Ya sea que la enfermedad est\u00e9 ligada a la salud f\u00edsica o mental, enfrentar una mala","og_url":"https:\/\/accesolatino.org\/en\/pasos-a-seguir-si-te-detectaron-depresion\/noticias\/","og_site_name":"Acceso Latino","article_publisher":"https:\/\/www.facebook.com\/AccesoLatinoOrg","article_published_time":"2019-01-29T21:12:41+00:00","article_modified_time":"2025-10-27T16:34:44+00:00","og_image":[{"width":600,"height":338,"url":"https:\/\/accesolatino.org\/wp-content\/uploads\/2019\/05\/Senales-que-indican-depresion-y-no-deben-ignorarse.jpg","type":"image\/jpeg"}],"author":"Noticias","twitter_card":"summary_large_image","twitter_creator":"@FAccLatino","twitter_site":"@FAccLatino","twitter_misc":{"Written by":"Noticias","Est. reading time":"2 minutes"},"schema":{"@context":"https:\/\/schema.org","@graph":[{"@type":"Article","@id":"https:\/\/accesolatino.org\/pasos-a-seguir-si-te-detectaron-depresion\/noticias\/#article","isPartOf":{"@id":"https:\/\/accesolatino.org\/pasos-a-seguir-si-te-detectaron-depresion\/noticias\/"},"author":{"name":"Noticias","@id":"https:\/\/accesolatino.org\/#\/schema\/person\/57bc3bfd2c357610a5255490ca4cd305"},"headline":"Pasos a seguir si te detectaron depresi\u00f3n","datePublished":"2019-01-29T21:12:41+00:00","dateModified":"2025-10-27T16:34:44+00:00","mainEntityOfPage":{"@id":"https:\/\/accesolatino.org\/pasos-a-seguir-si-te-detectaron-depresion\/noticias\/"},"wordCount":406,"commentCount":0,"publisher":{"@id":"https:\/\/accesolatino.org\/#organization"},"image":{"@id":"https:\/\/accesolatino.org\/pasos-a-seguir-si-te-detectaron-depresion\/noticias\/#primaryimage"},"thumbnailUrl":"https:\/\/accesolatino.org\/wp-content\/uploads\/2019\/05\/Senales-que-indican-depresion-y-no-deben-ignorarse.jpg","articleSection":["Noticias","Temas de inter\u00e9s"],"inLanguage":"en-US","potentialAction":[{"@type":"CommentAction","name":"Comment","target":["https:\/\/accesolatino.org\/pasos-a-seguir-si-te-detectaron-depresion\/noticias\/#respond"]}]},{"@type":"WebPage","@id":"https:\/\/accesolatino.org\/pasos-a-seguir-si-te-detectaron-depresion\/noticias\/","url":"https:\/\/accesolatino.org\/pasos-a-seguir-si-te-detectaron-depresion\/noticias\/","name":"Pasos a seguir si te detectaron depresi\u00f3n","isPartOf":{"@id":"https:\/\/accesolatino.org\/#website"},"primaryImageOfPage":{"@id":"https:\/\/accesolatino.org\/pasos-a-seguir-si-te-detectaron-depresion\/noticias\/#primaryimage"},"image":{"@id":"https:\/\/accesolatino.org\/pasos-a-seguir-si-te-detectaron-depresion\/noticias\/#primaryimage"},"thumbnailUrl":"https:\/\/accesolatino.org\/wp-content\/uploads\/2019\/05\/Senales-que-indican-depresion-y-no-deben-ignorarse.jpg","datePublished":"2019-01-29T21:12:41+00:00","dateModified":"2025-10-27T16:34:44+00:00","description":"No es sencillo pedir ayuda y que te entreguen un diagn\u00f3stico negativo. Ya sea que la enfermedad est\u00e9 ligada a la salud f\u00edsica o mental, enfrentar una mala","breadcrumb":{"@id":"https:\/\/accesolatino.org\/pasos-a-seguir-si-te-detectaron-depresion\/noticias\/#breadcrumb"},"inLanguage":"en-US","potentialAction":[{"@type":"ReadAction","target":["https:\/\/accesolatino.org\/pasos-a-seguir-si-te-detectaron-depresion\/noticias\/"]}]},{"@type":"ImageObject","inLanguage":"en-US","@id":"https:\/\/accesolatino.org\/pasos-a-seguir-si-te-detectaron-depresion\/noticias\/#primaryimage","url":"https:\/\/accesolatino.org\/wp-content\/uploads\/2019\/05\/Senales-que-indican-depresion-y-no-deben-ignorarse.jpg","contentUrl":"https:\/\/accesolatino.org\/wp-content\/uploads\/2019\/05\/Senales-que-indican-depresion-y-no-deben-ignorarse.jpg","width":600,"height":338,"caption":"Senales que indican depresion y no deben ignorarse"},{"@type":"BreadcrumbList","@id":"https:\/\/accesolatino.org\/pasos-a-seguir-si-te-detectaron-depresion\/noticias\/#breadcrumb","itemListElement":[{"@type":"ListItem","position":1,"name":"Portada","item":"https:\/\/accesolatino.org\/"},{"@type":"ListItem","position":2,"name":"Noticias","item":"https:\/\/accesolatino.org\/category\/noticias\/"},{"@type":"ListItem","position":3,"name":"Pasos a seguir si te detectaron depresi\u00f3n"}]},{"@type":"WebSite","@id":"https:\/\/accesolatino.org\/#website","url":"https:\/\/accesolatino.org\/","name":"Acceso Latino | Fundaci\u00f3n Carlos Slim","description":"Fundaci\u00f3n Carlos Slim","publisher":{"@id":"https:\/\/accesolatino.org\/#organization"},"potentialAction":[{"@type":"SearchAction","target":{"@type":"EntryPoint","urlTemplate":"https:\/\/accesolatino.org\/?s={search_term_string}"},"query-input":{"@type":"PropertyValueSpecification","valueRequired":true,"valueName":"search_term_string"}}],"inLanguage":"en-US"},{"@type":"Organization","@id":"https:\/\/accesolatino.org\/#organization","name":"Acceso Latino | Fundaci\u00f3n Carlos Slim","url":"https:\/\/accesolatino.org\/","logo":{"@type":"ImageObject","inLanguage":"en-US","@id":"https:\/\/accesolatino.org\/#\/schema\/logo\/image\/","url":"https:\/\/accesolatino.org\/wp-content\/uploads\/2021\/02\/logo-footer-acceso-latino.png","contentUrl":"https:\/\/accesolatino.org\/wp-content\/uploads\/2021\/02\/logo-footer-acceso-latino.png","width":240,"height":40,"caption":"Acceso Latino | Fundaci\u00f3n Carlos Slim"},"image":{"@id":"https:\/\/accesolatino.org\/#\/schema\/logo\/image\/"},"sameAs":["https:\/\/www.facebook.com\/AccesoLatinoOrg","https:\/\/x.com\/FAccLatino"]},{"@type":"Person","@id":"https:\/\/accesolatino.org\/#\/schema\/person\/57bc3bfd2c357610a5255490ca4cd305","name":"News"}]}},"_links":{"self":[{"href":"https:\/\/accesolatino.org\/en\/wp-json\/wp\/v2\/posts\/17010","targetHints":{"allow":["GET"]}}],"collection":[{"href":"https:\/\/accesolatino.org\/en\/wp-json\/wp\/v2\/posts"}],"about":[{"href":"https:\/\/accesolatino.org\/en\/wp-json\/wp\/v2\/types\/post"}],"author":[{"embeddable":true,"href":"https:\/\/accesolatino.org\/en\/wp-json\/wp\/v2\/users\/13"}],"replies":[{"embeddable":true,"href":"https:\/\/accesolatino.org\/en\/wp-json\/wp\/v2\/comments?post=17010"}],"version-history":[{"count":1,"href":"https:\/\/accesolatino.org\/en\/wp-json\/wp\/v2\/posts\/17010\/revisions"}],"predecessor-version":[{"id":66463,"href":"https:\/\/accesolatino.org\/en\/wp-json\/wp\/v2\/posts\/17010\/revisions\/66463"}],"wp:featuredmedia":[{"embeddable":true,"href":"https:\/\/accesolatino.org\/en\/wp-json\/wp\/v2\/media\/16999"}],"wp:attachment":[{"href":"https:\/\/accesolatino.org\/en\/wp-json\/wp\/v2\/media?parent=17010"}],"wp:term":[{"taxonomy":"category","embeddable":true,"href":"https:\/\/accesolatino.org\/en\/wp-json\/wp\/v2\/categories?post=17010"},{"taxonomy":"post_tag","embeddable":true,"href":"https:\/\/accesolatino.org\/en\/wp-json\/wp\/v2\/tags?post=17010"}],"curies":[{"name":"wp","href":"https:\/\/api.w.org\/{rel}","templated":true}]}}