{"id":17002,"date":"2019-01-30T15:02:12","date_gmt":"2019-01-30T21:02:12","guid":{"rendered":"https:\/\/accesolatino.org\/?p=17002"},"modified":"2025-10-27T10:33:38","modified_gmt":"2025-10-27T16:33:38","slug":"buenas-noticias-para-los-latinos-uscis-reactiva-el-proceso-de-visa-de-trabajo-h-1b","status":"publish","type":"post","link":"https:\/\/accesolatino.org\/en\/buenas-noticias-para-los-latinos-uscis-reactiva-el-proceso-de-visa-de-trabajo-h-1b\/noticias\/","title":{"rendered":"Buenas noticias para los latinos, USCIS reactiva el proceso de visa de trabajo H-1B"},"content":{"rendered":"<div data-elementor-type=\"wp-post\" data-elementor-id=\"17002\" class=\"elementor elementor-17002\">\n\t\t\t\t\t\t<section class=\"elementor-section elementor-top-section elementor-element elementor-element-369f77a elementor-section-boxed elementor-section-height-default elementor-section-height-default wpr-particle-no wpr-jarallax-no wpr-parallax-no wpr-sticky-section-no wpr-equal-height-no\" data-id=\"369f77a\" data-element_type=\"section\" data-e-type=\"section\">\n\t\t\t\t\t\t<div class=\"elementor-container elementor-column-gap-default\">\n\t\t\t\t\t<div class=\"elementor-column elementor-col-100 elementor-top-column elementor-element elementor-element-8ef62e2\" data-id=\"8ef62e2\" data-element_type=\"column\" data-e-type=\"column\">\n\t\t\t<div class=\"elementor-widget-wrap elementor-element-populated\">\n\t\t\t\t\t\t<div class=\"elementor-element elementor-element-d9121ee elementor-widget elementor-widget-text-editor\" data-id=\"d9121ee\" data-element_type=\"widget\" data-e-type=\"widget\" data-widget_type=\"text-editor.default\">\n\t\t\t\t<div class=\"elementor-widget-container\">\n\t\t\t\t\t\t\t\t\t<p>A partir del lunes pasado y luego del prolongado cierre parcial del gobierno USCIS anunci\u00f3 que reanudar\u00e1 el procesamiento expr\u00e9s para peticiones de visas H-1B bajo el l\u00edmite del a\u00f1o fiscal de 2019.<\/p><p>Mediante un comunicado, la agencia de inmigraci\u00f3n informa que esto se aplica a cualquier solicitud de l\u00edmite H-1B presentada en o antes de abril de 2018.<\/p><p>Es decir, cualquier solicitante que haya recibido solicitudes de evidencia (RFE) con respecto a sus solicitudes pendientes puede incluir una solicitud de formulario de procesamiento expr\u00e9s utilizando el Formulario I-907 con su RFE.<\/p><p>La suspensi\u00f3n temporal previamente anunciada del procesamiento prioritario sigue vigente para todas las dem\u00e1s categor\u00edas de peticiones H-1B a las que se aplica.<\/p><p>USCIS planea reanudar el procesamiento de primas para las categor\u00edas restantes de peticiones H-1B tan pronto como la capacidad lo permita y lo notificar\u00e1 al p\u00fablico en consecuencia.<\/p><p>Cuando un peticionario solicita un servicio de procesamiento premium o expr\u00e9s, USCIS garantiza un tiempo de procesamiento de 15 d\u00edas calendario. Si USCIS no toma una acci\u00f3n adjudicativa dentro del plazo de procesamiento de 15 d\u00edas, se reembolsar\u00e1 la tarifa del servicio de procesamiento expr\u00e9s.<\/p><p>En accesolatino.org ponemos a tu disposici\u00f3n la herramienta \u201cOrientaci\u00f3n Legal\u201d que cuenta con informaci\u00f3n de abogados gratuitos o de bajo costo, as\u00ed como un buz\u00f3n de consulta con abogados expertos que te ayudar\u00e1n en tus tr\u00e1mites migratorios.<\/p><p>Fuente: El Diario NY<\/p>\t\t\t\t\t\t\t\t<\/div>\n\t\t\t\t<\/div>\n\t\t\t\t\t<\/div>\n\t\t<\/div>\n\t\t\t\t\t<\/div>\n\t\t<\/section>\n\t\t\t\t<\/div>","protected":false},"excerpt":{"rendered":"<p>A partir del lunes pasado y luego del prolongado cierre parcial del gobierno USCIS anunci\u00f3 que reanudar\u00e1 el procesamiento expr\u00e9s para peticiones de visas H-1B bajo el l\u00edmite del a\u00f1o fiscal de 2019. Mediante un comunicado, la agencia de inmigraci\u00f3n informa que esto se aplica a cualquier solicitud de l\u00edmite H-1B presentada en o antes de abril de 2018. Es decir, cualquier solicitante que haya recibido solicitudes de evidencia (RFE) con respecto a sus solicitudes pendientes puede incluir una solicitud de formulario de procesamiento expr\u00e9s utilizando el Formulario I-907 con su RFE. La suspensi\u00f3n temporal previamente anunciada del procesamiento prioritario sigue vigente para todas las dem\u00e1s categor\u00edas de peticiones H-1B a las que se aplica. USCIS planea reanudar el procesamiento de primas para las categor\u00edas restantes de peticiones H-1B tan pronto como la capacidad lo permita y lo notificar\u00e1 al p\u00fablico en consecuencia. Cuando un peticionario solicita un servicio de procesamiento premium o expr\u00e9s, USCIS garantiza un tiempo de procesamiento de 15 d\u00edas calendario. Si USCIS no toma una acci\u00f3n adjudicativa dentro del plazo de procesamiento de 15 d\u00edas, se reembolsar\u00e1 la tarifa del servicio de procesamiento expr\u00e9s. En accesolatino.org ponemos a tu disposici\u00f3n la herramienta \u201cOrientaci\u00f3n Legal\u201d que cuenta con informaci\u00f3n de abogados gratuitos o de bajo costo, as\u00ed como un buz\u00f3n de consulta con abogados expertos que te ayudar\u00e1n en tus tr\u00e1mites migratorios. Fuente: El Diario NY<\/p>","protected":false},"author":13,"featured_media":17003,"comment_status":"open","ping_status":"open","sticky":false,"template":"","format":"standard","meta":{"_uf_show_specific_survey":0,"_uf_disable_surveys":false,"footnotes":""},"categories":[10,1],"tags":[],"class_list":["post-17002","post","type-post","status-publish","format-standard","has-post-thumbnail","hentry","category-noticias","category-temas-de-interes"],"aioseo_notices":[],"yoast_head":"<!-- This site is optimized with the Yoast SEO plugin v27.5 - https:\/\/yoast.com\/product\/yoast-seo-wordpress\/ -->\n<title>Buenas noticias para los latinos, USCIS reactiva el proceso de visa de trabajo H-1B<\/title>\n<meta name=\"description\" content=\"A partir del lunes pasado y luego del prolongado cierre parcial del gobierno USCIS anunci\u00f3 que reanudar\u00e1 el procesamiento expr\u00e9s para peticiones de visas\" \/>\n<meta name=\"robots\" content=\"index, follow, max-snippet:-1, max-image-preview:large, max-video-preview:-1\" \/>\n<link rel=\"canonical\" href=\"https:\/\/accesolatino.org\/en\/buenas-noticias-para-los-latinos-uscis-reactiva-el-proceso-de-visa-de-trabajo-h-1b\/noticias\/\" \/>\n<meta property=\"og:locale\" content=\"en_US\" \/>\n<meta property=\"og:type\" content=\"article\" \/>\n<meta property=\"og:title\" content=\"Buenas noticias para los latinos, USCIS reactiva el proceso de visa de trabajo H-1B\" \/>\n<meta property=\"og:description\" content=\"A partir del lunes pasado y luego del prolongado cierre parcial del gobierno USCIS anunci\u00f3 que reanudar\u00e1 el procesamiento expr\u00e9s para peticiones de visas\" \/>\n<meta property=\"og:url\" content=\"https:\/\/accesolatino.org\/en\/buenas-noticias-para-los-latinos-uscis-reactiva-el-proceso-de-visa-de-trabajo-h-1b\/noticias\/\" \/>\n<meta property=\"og:site_name\" content=\"Acceso Latino\" \/>\n<meta property=\"article:publisher\" content=\"https:\/\/www.facebook.com\/AccesoLatinoOrg\" \/>\n<meta property=\"article:published_time\" content=\"2019-01-30T21:02:12+00:00\" \/>\n<meta property=\"article:modified_time\" content=\"2025-10-27T16:33:38+00:00\" \/>\n<meta property=\"og:image\" content=\"https:\/\/accesolatino.org\/wp-content\/uploads\/2019\/05\/Buenas-noticias-para-los-latinos-USCIS-reactiva-el-proceso-de-visa-de-trabajo-H-1B.jpg\" \/>\n\t<meta property=\"og:image:width\" content=\"600\" \/>\n\t<meta property=\"og:image:height\" content=\"338\" \/>\n\t<meta property=\"og:image:type\" content=\"image\/jpeg\" \/>\n<meta name=\"author\" content=\"Noticias\" \/>\n<meta name=\"twitter:card\" content=\"summary_large_image\" \/>\n<meta name=\"twitter:creator\" content=\"@FAccLatino\" \/>\n<meta name=\"twitter:site\" content=\"@FAccLatino\" \/>\n<meta name=\"twitter:label1\" content=\"Written by\" \/>\n\t<meta name=\"twitter:data1\" content=\"Noticias\" \/>\n\t<meta name=\"twitter:label2\" content=\"Est. reading time\" \/>\n\t<meta name=\"twitter:data2\" content=\"2 minutes\" \/>\n<script type=\"application\/ld+json\" class=\"yoast-schema-graph\">{\"@context\":\"https:\\\/\\\/schema.org\",\"@graph\":[{\"@type\":\"Article\",\"@id\":\"https:\\\/\\\/accesolatino.org\\\/buenas-noticias-para-los-latinos-uscis-reactiva-el-proceso-de-visa-de-trabajo-h-1b\\\/noticias\\\/#article\",\"isPartOf\":{\"@id\":\"https:\\\/\\\/accesolatino.org\\\/buenas-noticias-para-los-latinos-uscis-reactiva-el-proceso-de-visa-de-trabajo-h-1b\\\/noticias\\\/\"},\"author\":{\"name\":\"Noticias\",\"@id\":\"https:\\\/\\\/accesolatino.org\\\/#\\\/schema\\\/person\\\/57bc3bfd2c357610a5255490ca4cd305\"},\"headline\":\"Buenas noticias para los latinos, USCIS reactiva el proceso de visa de trabajo H-1B\",\"datePublished\":\"2019-01-30T21:02:12+00:00\",\"dateModified\":\"2025-10-27T16:33:38+00:00\",\"mainEntityOfPage\":{\"@id\":\"https:\\\/\\\/accesolatino.org\\\/buenas-noticias-para-los-latinos-uscis-reactiva-el-proceso-de-visa-de-trabajo-h-1b\\\/noticias\\\/\"},\"wordCount\":267,\"commentCount\":0,\"publisher\":{\"@id\":\"https:\\\/\\\/accesolatino.org\\\/#organization\"},\"image\":{\"@id\":\"https:\\\/\\\/accesolatino.org\\\/buenas-noticias-para-los-latinos-uscis-reactiva-el-proceso-de-visa-de-trabajo-h-1b\\\/noticias\\\/#primaryimage\"},\"thumbnailUrl\":\"https:\\\/\\\/accesolatino.org\\\/wp-content\\\/uploads\\\/2019\\\/05\\\/Buenas-noticias-para-los-latinos-USCIS-reactiva-el-proceso-de-visa-de-trabajo-H-1B.jpg\",\"articleSection\":[\"Noticias\",\"Temas de inter\u00e9s\"],\"inLanguage\":\"en-US\",\"potentialAction\":[{\"@type\":\"CommentAction\",\"name\":\"Comment\",\"target\":[\"https:\\\/\\\/accesolatino.org\\\/buenas-noticias-para-los-latinos-uscis-reactiva-el-proceso-de-visa-de-trabajo-h-1b\\\/noticias\\\/#respond\"]}]},{\"@type\":\"WebPage\",\"@id\":\"https:\\\/\\\/accesolatino.org\\\/buenas-noticias-para-los-latinos-uscis-reactiva-el-proceso-de-visa-de-trabajo-h-1b\\\/noticias\\\/\",\"url\":\"https:\\\/\\\/accesolatino.org\\\/buenas-noticias-para-los-latinos-uscis-reactiva-el-proceso-de-visa-de-trabajo-h-1b\\\/noticias\\\/\",\"name\":\"Buenas noticias para los latinos, USCIS reactiva el proceso de visa de trabajo H-1B\",\"isPartOf\":{\"@id\":\"https:\\\/\\\/accesolatino.org\\\/#website\"},\"primaryImageOfPage\":{\"@id\":\"https:\\\/\\\/accesolatino.org\\\/buenas-noticias-para-los-latinos-uscis-reactiva-el-proceso-de-visa-de-trabajo-h-1b\\\/noticias\\\/#primaryimage\"},\"image\":{\"@id\":\"https:\\\/\\\/accesolatino.org\\\/buenas-noticias-para-los-latinos-uscis-reactiva-el-proceso-de-visa-de-trabajo-h-1b\\\/noticias\\\/#primaryimage\"},\"thumbnailUrl\":\"https:\\\/\\\/accesolatino.org\\\/wp-content\\\/uploads\\\/2019\\\/05\\\/Buenas-noticias-para-los-latinos-USCIS-reactiva-el-proceso-de-visa-de-trabajo-H-1B.jpg\",\"datePublished\":\"2019-01-30T21:02:12+00:00\",\"dateModified\":\"2025-10-27T16:33:38+00:00\",\"description\":\"A partir del lunes pasado y luego del prolongado cierre parcial del gobierno USCIS anunci\u00f3 que reanudar\u00e1 el procesamiento expr\u00e9s para peticiones de visas\",\"breadcrumb\":{\"@id\":\"https:\\\/\\\/accesolatino.org\\\/buenas-noticias-para-los-latinos-uscis-reactiva-el-proceso-de-visa-de-trabajo-h-1b\\\/noticias\\\/#breadcrumb\"},\"inLanguage\":\"en-US\",\"potentialAction\":[{\"@type\":\"ReadAction\",\"target\":[\"https:\\\/\\\/accesolatino.org\\\/buenas-noticias-para-los-latinos-uscis-reactiva-el-proceso-de-visa-de-trabajo-h-1b\\\/noticias\\\/\"]}]},{\"@type\":\"ImageObject\",\"inLanguage\":\"en-US\",\"@id\":\"https:\\\/\\\/accesolatino.org\\\/buenas-noticias-para-los-latinos-uscis-reactiva-el-proceso-de-visa-de-trabajo-h-1b\\\/noticias\\\/#primaryimage\",\"url\":\"https:\\\/\\\/accesolatino.org\\\/wp-content\\\/uploads\\\/2019\\\/05\\\/Buenas-noticias-para-los-latinos-USCIS-reactiva-el-proceso-de-visa-de-trabajo-H-1B.jpg\",\"contentUrl\":\"https:\\\/\\\/accesolatino.org\\\/wp-content\\\/uploads\\\/2019\\\/05\\\/Buenas-noticias-para-los-latinos-USCIS-reactiva-el-proceso-de-visa-de-trabajo-H-1B.jpg\",\"width\":600,\"height\":338,\"caption\":\"Buenas noticias para los latinos USCIS reactiva el proceso de visa de trabajo H-1B\"},{\"@type\":\"BreadcrumbList\",\"@id\":\"https:\\\/\\\/accesolatino.org\\\/buenas-noticias-para-los-latinos-uscis-reactiva-el-proceso-de-visa-de-trabajo-h-1b\\\/noticias\\\/#breadcrumb\",\"itemListElement\":[{\"@type\":\"ListItem\",\"position\":1,\"name\":\"Portada\",\"item\":\"https:\\\/\\\/accesolatino.org\\\/\"},{\"@type\":\"ListItem\",\"position\":2,\"name\":\"Noticias\",\"item\":\"https:\\\/\\\/accesolatino.org\\\/category\\\/noticias\\\/\"},{\"@type\":\"ListItem\",\"position\":3,\"name\":\"Buenas noticias para los latinos, USCIS reactiva el proceso de visa de trabajo H-1B\"}]},{\"@type\":\"WebSite\",\"@id\":\"https:\\\/\\\/accesolatino.org\\\/#website\",\"url\":\"https:\\\/\\\/accesolatino.org\\\/\",\"name\":\"Acceso Latino | Fundaci\u00f3n Carlos Slim\",\"description\":\"Fundaci\u00f3n Carlos Slim\",\"publisher\":{\"@id\":\"https:\\\/\\\/accesolatino.org\\\/#organization\"},\"potentialAction\":[{\"@type\":\"SearchAction\",\"target\":{\"@type\":\"EntryPoint\",\"urlTemplate\":\"https:\\\/\\\/accesolatino.org\\\/?s={search_term_string}\"},\"query-input\":{\"@type\":\"PropertyValueSpecification\",\"valueRequired\":true,\"valueName\":\"search_term_string\"}}],\"inLanguage\":\"en-US\"},{\"@type\":\"Organization\",\"@id\":\"https:\\\/\\\/accesolatino.org\\\/#organization\",\"name\":\"Acceso Latino | Fundaci\u00f3n Carlos Slim\",\"url\":\"https:\\\/\\\/accesolatino.org\\\/\",\"logo\":{\"@type\":\"ImageObject\",\"inLanguage\":\"en-US\",\"@id\":\"https:\\\/\\\/accesolatino.org\\\/#\\\/schema\\\/logo\\\/image\\\/\",\"url\":\"https:\\\/\\\/accesolatino.org\\\/wp-content\\\/uploads\\\/2021\\\/02\\\/logo-footer-acceso-latino.png\",\"contentUrl\":\"https:\\\/\\\/accesolatino.org\\\/wp-content\\\/uploads\\\/2021\\\/02\\\/logo-footer-acceso-latino.png\",\"width\":240,\"height\":40,\"caption\":\"Acceso Latino | Fundaci\u00f3n Carlos Slim\"},\"image\":{\"@id\":\"https:\\\/\\\/accesolatino.org\\\/#\\\/schema\\\/logo\\\/image\\\/\"},\"sameAs\":[\"https:\\\/\\\/www.facebook.com\\\/AccesoLatinoOrg\",\"https:\\\/\\\/x.com\\\/FAccLatino\"]},{\"@type\":\"Person\",\"@id\":\"https:\\\/\\\/accesolatino.org\\\/#\\\/schema\\\/person\\\/57bc3bfd2c357610a5255490ca4cd305\",\"name\":\"Noticias\"}]}<\/script>\n<!-- \/ Yoast SEO plugin. -->","yoast_head_json":{"title":"Buenas noticias para los latinos, USCIS reactiva el proceso de visa de trabajo H-1B","description":"A partir del lunes pasado y luego del prolongado cierre parcial del gobierno USCIS anunci\u00f3 que reanudar\u00e1 el procesamiento expr\u00e9s para peticiones de visas","robots":{"index":"index","follow":"follow","max-snippet":"max-snippet:-1","max-image-preview":"max-image-preview:large","max-video-preview":"max-video-preview:-1"},"canonical":"https:\/\/accesolatino.org\/en\/buenas-noticias-para-los-latinos-uscis-reactiva-el-proceso-de-visa-de-trabajo-h-1b\/noticias\/","og_locale":"en_US","og_type":"article","og_title":"Buenas noticias para los latinos, USCIS reactiva el proceso de visa de trabajo H-1B","og_description":"A partir del lunes pasado y luego del prolongado cierre parcial del gobierno USCIS anunci\u00f3 que reanudar\u00e1 el procesamiento expr\u00e9s para peticiones de visas","og_url":"https:\/\/accesolatino.org\/en\/buenas-noticias-para-los-latinos-uscis-reactiva-el-proceso-de-visa-de-trabajo-h-1b\/noticias\/","og_site_name":"Acceso Latino","article_publisher":"https:\/\/www.facebook.com\/AccesoLatinoOrg","article_published_time":"2019-01-30T21:02:12+00:00","article_modified_time":"2025-10-27T16:33:38+00:00","og_image":[{"width":600,"height":338,"url":"https:\/\/accesolatino.org\/wp-content\/uploads\/2019\/05\/Buenas-noticias-para-los-latinos-USCIS-reactiva-el-proceso-de-visa-de-trabajo-H-1B.jpg","type":"image\/jpeg"}],"author":"Noticias","twitter_card":"summary_large_image","twitter_creator":"@FAccLatino","twitter_site":"@FAccLatino","twitter_misc":{"Written by":"Noticias","Est. reading time":"2 minutes"},"schema":{"@context":"https:\/\/schema.org","@graph":[{"@type":"Article","@id":"https:\/\/accesolatino.org\/buenas-noticias-para-los-latinos-uscis-reactiva-el-proceso-de-visa-de-trabajo-h-1b\/noticias\/#article","isPartOf":{"@id":"https:\/\/accesolatino.org\/buenas-noticias-para-los-latinos-uscis-reactiva-el-proceso-de-visa-de-trabajo-h-1b\/noticias\/"},"author":{"name":"Noticias","@id":"https:\/\/accesolatino.org\/#\/schema\/person\/57bc3bfd2c357610a5255490ca4cd305"},"headline":"Buenas noticias para los latinos, USCIS reactiva el proceso de visa de trabajo H-1B","datePublished":"2019-01-30T21:02:12+00:00","dateModified":"2025-10-27T16:33:38+00:00","mainEntityOfPage":{"@id":"https:\/\/accesolatino.org\/buenas-noticias-para-los-latinos-uscis-reactiva-el-proceso-de-visa-de-trabajo-h-1b\/noticias\/"},"wordCount":267,"commentCount":0,"publisher":{"@id":"https:\/\/accesolatino.org\/#organization"},"image":{"@id":"https:\/\/accesolatino.org\/buenas-noticias-para-los-latinos-uscis-reactiva-el-proceso-de-visa-de-trabajo-h-1b\/noticias\/#primaryimage"},"thumbnailUrl":"https:\/\/accesolatino.org\/wp-content\/uploads\/2019\/05\/Buenas-noticias-para-los-latinos-USCIS-reactiva-el-proceso-de-visa-de-trabajo-H-1B.jpg","articleSection":["Noticias","Temas de inter\u00e9s"],"inLanguage":"en-US","potentialAction":[{"@type":"CommentAction","name":"Comment","target":["https:\/\/accesolatino.org\/buenas-noticias-para-los-latinos-uscis-reactiva-el-proceso-de-visa-de-trabajo-h-1b\/noticias\/#respond"]}]},{"@type":"WebPage","@id":"https:\/\/accesolatino.org\/buenas-noticias-para-los-latinos-uscis-reactiva-el-proceso-de-visa-de-trabajo-h-1b\/noticias\/","url":"https:\/\/accesolatino.org\/buenas-noticias-para-los-latinos-uscis-reactiva-el-proceso-de-visa-de-trabajo-h-1b\/noticias\/","name":"Buenas noticias para los latinos, USCIS reactiva el proceso de visa de trabajo H-1B","isPartOf":{"@id":"https:\/\/accesolatino.org\/#website"},"primaryImageOfPage":{"@id":"https:\/\/accesolatino.org\/buenas-noticias-para-los-latinos-uscis-reactiva-el-proceso-de-visa-de-trabajo-h-1b\/noticias\/#primaryimage"},"image":{"@id":"https:\/\/accesolatino.org\/buenas-noticias-para-los-latinos-uscis-reactiva-el-proceso-de-visa-de-trabajo-h-1b\/noticias\/#primaryimage"},"thumbnailUrl":"https:\/\/accesolatino.org\/wp-content\/uploads\/2019\/05\/Buenas-noticias-para-los-latinos-USCIS-reactiva-el-proceso-de-visa-de-trabajo-H-1B.jpg","datePublished":"2019-01-30T21:02:12+00:00","dateModified":"2025-10-27T16:33:38+00:00","description":"A partir del lunes pasado y luego del prolongado cierre parcial del gobierno USCIS anunci\u00f3 que reanudar\u00e1 el procesamiento expr\u00e9s para peticiones de visas","breadcrumb":{"@id":"https:\/\/accesolatino.org\/buenas-noticias-para-los-latinos-uscis-reactiva-el-proceso-de-visa-de-trabajo-h-1b\/noticias\/#breadcrumb"},"inLanguage":"en-US","potentialAction":[{"@type":"ReadAction","target":["https:\/\/accesolatino.org\/buenas-noticias-para-los-latinos-uscis-reactiva-el-proceso-de-visa-de-trabajo-h-1b\/noticias\/"]}]},{"@type":"ImageObject","inLanguage":"en-US","@id":"https:\/\/accesolatino.org\/buenas-noticias-para-los-latinos-uscis-reactiva-el-proceso-de-visa-de-trabajo-h-1b\/noticias\/#primaryimage","url":"https:\/\/accesolatino.org\/wp-content\/uploads\/2019\/05\/Buenas-noticias-para-los-latinos-USCIS-reactiva-el-proceso-de-visa-de-trabajo-H-1B.jpg","contentUrl":"https:\/\/accesolatino.org\/wp-content\/uploads\/2019\/05\/Buenas-noticias-para-los-latinos-USCIS-reactiva-el-proceso-de-visa-de-trabajo-H-1B.jpg","width":600,"height":338,"caption":"Buenas noticias para los latinos USCIS reactiva el proceso de visa de trabajo H-1B"},{"@type":"BreadcrumbList","@id":"https:\/\/accesolatino.org\/buenas-noticias-para-los-latinos-uscis-reactiva-el-proceso-de-visa-de-trabajo-h-1b\/noticias\/#breadcrumb","itemListElement":[{"@type":"ListItem","position":1,"name":"Portada","item":"https:\/\/accesolatino.org\/"},{"@type":"ListItem","position":2,"name":"Noticias","item":"https:\/\/accesolatino.org\/category\/noticias\/"},{"@type":"ListItem","position":3,"name":"Buenas noticias para los latinos, USCIS reactiva el proceso de visa de trabajo H-1B"}]},{"@type":"WebSite","@id":"https:\/\/accesolatino.org\/#website","url":"https:\/\/accesolatino.org\/","name":"Acceso Latino | Fundaci\u00f3n Carlos Slim","description":"Fundaci\u00f3n Carlos Slim","publisher":{"@id":"https:\/\/accesolatino.org\/#organization"},"potentialAction":[{"@type":"SearchAction","target":{"@type":"EntryPoint","urlTemplate":"https:\/\/accesolatino.org\/?s={search_term_string}"},"query-input":{"@type":"PropertyValueSpecification","valueRequired":true,"valueName":"search_term_string"}}],"inLanguage":"en-US"},{"@type":"Organization","@id":"https:\/\/accesolatino.org\/#organization","name":"Acceso Latino | Fundaci\u00f3n Carlos Slim","url":"https:\/\/accesolatino.org\/","logo":{"@type":"ImageObject","inLanguage":"en-US","@id":"https:\/\/accesolatino.org\/#\/schema\/logo\/image\/","url":"https:\/\/accesolatino.org\/wp-content\/uploads\/2021\/02\/logo-footer-acceso-latino.png","contentUrl":"https:\/\/accesolatino.org\/wp-content\/uploads\/2021\/02\/logo-footer-acceso-latino.png","width":240,"height":40,"caption":"Acceso Latino | Fundaci\u00f3n Carlos Slim"},"image":{"@id":"https:\/\/accesolatino.org\/#\/schema\/logo\/image\/"},"sameAs":["https:\/\/www.facebook.com\/AccesoLatinoOrg","https:\/\/x.com\/FAccLatino"]},{"@type":"Person","@id":"https:\/\/accesolatino.org\/#\/schema\/person\/57bc3bfd2c357610a5255490ca4cd305","name":"News"}]}},"_links":{"self":[{"href":"https:\/\/accesolatino.org\/en\/wp-json\/wp\/v2\/posts\/17002","targetHints":{"allow":["GET"]}}],"collection":[{"href":"https:\/\/accesolatino.org\/en\/wp-json\/wp\/v2\/posts"}],"about":[{"href":"https:\/\/accesolatino.org\/en\/wp-json\/wp\/v2\/types\/post"}],"author":[{"embeddable":true,"href":"https:\/\/accesolatino.org\/en\/wp-json\/wp\/v2\/users\/13"}],"replies":[{"embeddable":true,"href":"https:\/\/accesolatino.org\/en\/wp-json\/wp\/v2\/comments?post=17002"}],"version-history":[{"count":1,"href":"https:\/\/accesolatino.org\/en\/wp-json\/wp\/v2\/posts\/17002\/revisions"}],"predecessor-version":[{"id":66461,"href":"https:\/\/accesolatino.org\/en\/wp-json\/wp\/v2\/posts\/17002\/revisions\/66461"}],"wp:featuredmedia":[{"embeddable":true,"href":"https:\/\/accesolatino.org\/en\/wp-json\/wp\/v2\/media\/17003"}],"wp:attachment":[{"href":"https:\/\/accesolatino.org\/en\/wp-json\/wp\/v2\/media?parent=17002"}],"wp:term":[{"taxonomy":"category","embeddable":true,"href":"https:\/\/accesolatino.org\/en\/wp-json\/wp\/v2\/categories?post=17002"},{"taxonomy":"post_tag","embeddable":true,"href":"https:\/\/accesolatino.org\/en\/wp-json\/wp\/v2\/tags?post=17002"}],"curies":[{"name":"wp","href":"https:\/\/api.w.org\/{rel}","templated":true}]}}