{"id":16818,"date":"2019-01-31T17:23:11","date_gmt":"2019-01-31T23:23:11","guid":{"rendered":"https:\/\/accesolatino.org\/?p=16818"},"modified":"2025-10-27T10:33:29","modified_gmt":"2025-10-27T16:33:29","slug":"universidad-de-florida-lanza-convocatoria-de-becas-para-hispanos","status":"publish","type":"post","link":"https:\/\/accesolatino.org\/en\/universidad-de-florida-lanza-convocatoria-de-becas-para-hispanos\/noticias\/","title":{"rendered":"Universidad de Florida lanza convocatoria de becas para hispanos"},"content":{"rendered":"<div data-elementor-type=\"wp-post\" data-elementor-id=\"16818\" class=\"elementor elementor-16818\">\n\t\t\t\t\t\t<section class=\"elementor-section elementor-top-section elementor-element elementor-element-369f77a elementor-section-boxed elementor-section-height-default elementor-section-height-default wpr-particle-no wpr-jarallax-no wpr-parallax-no wpr-sticky-section-no wpr-equal-height-no\" data-id=\"369f77a\" data-element_type=\"section\" data-e-type=\"section\">\n\t\t\t\t\t\t<div class=\"elementor-container elementor-column-gap-default\">\n\t\t\t\t\t<div class=\"elementor-column elementor-col-100 elementor-top-column elementor-element elementor-element-8ef62e2\" data-id=\"8ef62e2\" data-element_type=\"column\" data-e-type=\"column\">\n\t\t\t<div class=\"elementor-widget-wrap elementor-element-populated\">\n\t\t\t\t\t\t<div class=\"elementor-element elementor-element-d9121ee elementor-widget elementor-widget-text-editor\" data-id=\"d9121ee\" data-element_type=\"widget\" data-e-type=\"widget\" data-widget_type=\"text-editor.default\">\n\t\t\t\t<div class=\"elementor-widget-container\">\n\t\t\t\t\t\t\t\t\t<p>The <strong>Fundaci\u00f3n Ismael Cala y la Escuela de Negocios de Westfield<\/strong> anunciaron la convocatoria de becas para egresados hispanos que quieran cursar una maestr\u00eda en Florida, Estados Unidos.<\/p><p>Cinco de las becas se dar\u00e1n para <strong>Maestr\u00edas en Administraci\u00f3n de Empresas<\/strong> y las otras cinco para estudiar una maestr\u00eda ejecutiva en la misma profesi\u00f3n.<\/p><p>Las becas del 90 por ciento de la matr\u00edcula est\u00e1n enfocadas en hispanohablantes que residen en Florida, sin importar su estatus migratorio, y tienen un t\u00edtulo de pregrado en una universidad.<\/p><p>Adem\u00e1s, se requiere comprobar la experiencia m\u00ednima de un a\u00f1o en el mundo laboral para la maestr\u00eda y de dos a\u00f1os para la ejecutiva.<\/p><p>La solicitud se debe presentar antes del 6 de febrero de 2019 a trav\u00e9s de un proceso de evaluaci\u00f3n en l\u00ednea (<a href=\"https:\/\/westfield.education\/ismael-cala-foundation\/\">https:\/\/westfield.education\/ismael-cala-foundation\/<\/a>) y los resultados de los ganadores de la beca ser\u00e1n publicados el pr\u00f3ximo 12 de febrero<\/p><p>Las clases en la Westfield Business School se realizan totalmente en espa\u00f1ol y bajo la modalidad semi-presencial con el objetivo de fortalecer el liderazgo y el pensamiento estrat\u00e9gico de los estudiantes<\/p><p>El apoyo entre ambas instituciones no incluye los gastos de traslados, alojamiento ni alimentos para acudir a clases, ni el premio puede ser canjeado por dinero en efectivo<\/p><p>En accesolatino.org te proporcionamos informaci\u00f3n de todas las becas que hay para latinos en Estados Unidos y a las que puedes acceder con o sin documentos migratorios. Accede a nuestra secci\u00f3n \u201cEducaci\u00f3n\u201d y en la tarjeta \u201cBecas para inmigrantes latinos\u201d encuentra la lista de organizaciones que ofrecen una beca para ti.<\/p><p>Fuente: ViveUSA<\/p>\t\t\t\t\t\t\t\t<\/div>\n\t\t\t\t<\/div>\n\t\t\t\t\t<\/div>\n\t\t<\/div>\n\t\t\t\t\t<\/div>\n\t\t<\/section>\n\t\t\t\t<\/div>","protected":false},"excerpt":{"rendered":"<p>La Fundaci\u00f3n Ismael Cala y la Escuela de Negocios de Westfield anunciaron la convocatoria de becas para egresados hispanos que quieran cursar una maestr\u00eda en Florida, Estados Unidos. Cinco de las becas se dar\u00e1n para Maestr\u00edas en Administraci\u00f3n de Empresas y las otras cinco para estudiar una maestr\u00eda ejecutiva en la misma profesi\u00f3n. Las becas del 90 por ciento de la matr\u00edcula est\u00e1n enfocadas en hispanohablantes que residen en Florida, sin importar su estatus migratorio, y tienen un t\u00edtulo de pregrado en una universidad. Adem\u00e1s, se requiere comprobar la experiencia m\u00ednima de un a\u00f1o en el mundo laboral para la maestr\u00eda y de dos a\u00f1os para la ejecutiva. La solicitud se debe presentar antes del 6 de febrero de 2019 a trav\u00e9s de un proceso de evaluaci\u00f3n en l\u00ednea (https:\/\/westfield.education\/ismael-cala-foundation\/) y los resultados de los ganadores de la beca ser\u00e1n publicados el pr\u00f3ximo 12 de febrero Las clases en la Westfield Business School se realizan totalmente en espa\u00f1ol y bajo la modalidad semi-presencial con el objetivo de fortalecer el liderazgo y el pensamiento estrat\u00e9gico de los estudiantes El apoyo entre ambas instituciones no incluye los gastos de traslados, alojamiento ni alimentos para acudir a clases, ni el premio puede ser canjeado por dinero en efectivo En accesolatino.org te proporcionamos informaci\u00f3n de todas las becas que hay para latinos en Estados Unidos y a las que puedes acceder con o sin documentos migratorios. Accede a nuestra secci\u00f3n \u201cEducaci\u00f3n\u201d y en la tarjeta \u201cBecas para inmigrantes latinos\u201d encuentra la lista de organizaciones que ofrecen una beca para ti. Fuente: ViveUSA<\/p>","protected":false},"author":13,"featured_media":16819,"comment_status":"open","ping_status":"open","sticky":false,"template":"","format":"standard","meta":{"_uf_show_specific_survey":0,"_uf_disable_surveys":false,"footnotes":""},"categories":[10,1],"tags":[],"class_list":["post-16818","post","type-post","status-publish","format-standard","has-post-thumbnail","hentry","category-noticias","category-temas-de-interes"],"aioseo_notices":[],"yoast_head":"<!-- This site is optimized with the Yoast SEO plugin v27.5 - https:\/\/yoast.com\/product\/yoast-seo-wordpress\/ -->\n<title>Universidad de Florida lanza convocatoria de becas para hispanos<\/title>\n<meta name=\"description\" content=\"La Fundaci\u00f3n Ismael Cala y la Escuela de Negocios de Westfield anunciaron la convocatoria de becas para egresados hispanos que quieran cursar una maestr\u00eda\" \/>\n<meta name=\"robots\" content=\"index, follow, max-snippet:-1, max-image-preview:large, max-video-preview:-1\" \/>\n<link rel=\"canonical\" href=\"https:\/\/accesolatino.org\/en\/universidad-de-florida-lanza-convocatoria-de-becas-para-hispanos\/noticias\/\" \/>\n<meta property=\"og:locale\" content=\"en_US\" \/>\n<meta property=\"og:type\" content=\"article\" \/>\n<meta property=\"og:title\" content=\"Universidad de Florida lanza convocatoria de becas para hispanos\" \/>\n<meta property=\"og:description\" content=\"La Fundaci\u00f3n Ismael Cala y la Escuela de Negocios de Westfield anunciaron la convocatoria de becas para egresados hispanos que quieran cursar una maestr\u00eda\" \/>\n<meta property=\"og:url\" content=\"https:\/\/accesolatino.org\/en\/universidad-de-florida-lanza-convocatoria-de-becas-para-hispanos\/noticias\/\" \/>\n<meta property=\"og:site_name\" content=\"Acceso Latino\" \/>\n<meta property=\"article:publisher\" content=\"https:\/\/www.facebook.com\/AccesoLatinoOrg\" \/>\n<meta property=\"article:published_time\" content=\"2019-01-31T23:23:11+00:00\" \/>\n<meta property=\"article:modified_time\" content=\"2025-10-27T16:33:29+00:00\" \/>\n<meta property=\"og:image\" content=\"https:\/\/accesolatino.org\/wp-content\/uploads\/2019\/04\/Universidad-de-Florisa-lanza-convocatoria-de-becas-para-hispanos.jpg\" \/>\n\t<meta property=\"og:image:width\" content=\"600\" \/>\n\t<meta property=\"og:image:height\" content=\"338\" \/>\n\t<meta property=\"og:image:type\" content=\"image\/jpeg\" \/>\n<meta name=\"author\" content=\"Noticias\" \/>\n<meta name=\"twitter:card\" content=\"summary_large_image\" \/>\n<meta name=\"twitter:creator\" content=\"@FAccLatino\" \/>\n<meta name=\"twitter:site\" content=\"@FAccLatino\" \/>\n<meta name=\"twitter:label1\" content=\"Written by\" \/>\n\t<meta name=\"twitter:data1\" content=\"Noticias\" \/>\n\t<meta name=\"twitter:label2\" content=\"Est. reading time\" \/>\n\t<meta name=\"twitter:data2\" content=\"2 minutes\" \/>\n<script type=\"application\/ld+json\" class=\"yoast-schema-graph\">{\"@context\":\"https:\\\/\\\/schema.org\",\"@graph\":[{\"@type\":\"Article\",\"@id\":\"https:\\\/\\\/accesolatino.org\\\/universidad-de-florida-lanza-convocatoria-de-becas-para-hispanos\\\/noticias\\\/#article\",\"isPartOf\":{\"@id\":\"https:\\\/\\\/accesolatino.org\\\/universidad-de-florida-lanza-convocatoria-de-becas-para-hispanos\\\/noticias\\\/\"},\"author\":{\"name\":\"Noticias\",\"@id\":\"https:\\\/\\\/accesolatino.org\\\/#\\\/schema\\\/person\\\/57bc3bfd2c357610a5255490ca4cd305\"},\"headline\":\"Universidad de Florida lanza convocatoria de becas para hispanos\",\"datePublished\":\"2019-01-31T23:23:11+00:00\",\"dateModified\":\"2025-10-27T16:33:29+00:00\",\"mainEntityOfPage\":{\"@id\":\"https:\\\/\\\/accesolatino.org\\\/universidad-de-florida-lanza-convocatoria-de-becas-para-hispanos\\\/noticias\\\/\"},\"wordCount\":292,\"commentCount\":0,\"publisher\":{\"@id\":\"https:\\\/\\\/accesolatino.org\\\/#organization\"},\"image\":{\"@id\":\"https:\\\/\\\/accesolatino.org\\\/universidad-de-florida-lanza-convocatoria-de-becas-para-hispanos\\\/noticias\\\/#primaryimage\"},\"thumbnailUrl\":\"https:\\\/\\\/accesolatino.org\\\/wp-content\\\/uploads\\\/2019\\\/04\\\/Universidad-de-Florisa-lanza-convocatoria-de-becas-para-hispanos.jpg\",\"articleSection\":[\"Noticias\",\"Temas de inter\u00e9s\"],\"inLanguage\":\"en-US\",\"potentialAction\":[{\"@type\":\"CommentAction\",\"name\":\"Comment\",\"target\":[\"https:\\\/\\\/accesolatino.org\\\/universidad-de-florida-lanza-convocatoria-de-becas-para-hispanos\\\/noticias\\\/#respond\"]}]},{\"@type\":\"WebPage\",\"@id\":\"https:\\\/\\\/accesolatino.org\\\/universidad-de-florida-lanza-convocatoria-de-becas-para-hispanos\\\/noticias\\\/\",\"url\":\"https:\\\/\\\/accesolatino.org\\\/universidad-de-florida-lanza-convocatoria-de-becas-para-hispanos\\\/noticias\\\/\",\"name\":\"Universidad de Florida lanza convocatoria de becas para hispanos\",\"isPartOf\":{\"@id\":\"https:\\\/\\\/accesolatino.org\\\/#website\"},\"primaryImageOfPage\":{\"@id\":\"https:\\\/\\\/accesolatino.org\\\/universidad-de-florida-lanza-convocatoria-de-becas-para-hispanos\\\/noticias\\\/#primaryimage\"},\"image\":{\"@id\":\"https:\\\/\\\/accesolatino.org\\\/universidad-de-florida-lanza-convocatoria-de-becas-para-hispanos\\\/noticias\\\/#primaryimage\"},\"thumbnailUrl\":\"https:\\\/\\\/accesolatino.org\\\/wp-content\\\/uploads\\\/2019\\\/04\\\/Universidad-de-Florisa-lanza-convocatoria-de-becas-para-hispanos.jpg\",\"datePublished\":\"2019-01-31T23:23:11+00:00\",\"dateModified\":\"2025-10-27T16:33:29+00:00\",\"description\":\"La Fundaci\u00f3n Ismael Cala y la Escuela de Negocios de Westfield anunciaron la convocatoria de becas para egresados hispanos que quieran cursar una maestr\u00eda\",\"breadcrumb\":{\"@id\":\"https:\\\/\\\/accesolatino.org\\\/universidad-de-florida-lanza-convocatoria-de-becas-para-hispanos\\\/noticias\\\/#breadcrumb\"},\"inLanguage\":\"en-US\",\"potentialAction\":[{\"@type\":\"ReadAction\",\"target\":[\"https:\\\/\\\/accesolatino.org\\\/universidad-de-florida-lanza-convocatoria-de-becas-para-hispanos\\\/noticias\\\/\"]}]},{\"@type\":\"ImageObject\",\"inLanguage\":\"en-US\",\"@id\":\"https:\\\/\\\/accesolatino.org\\\/universidad-de-florida-lanza-convocatoria-de-becas-para-hispanos\\\/noticias\\\/#primaryimage\",\"url\":\"https:\\\/\\\/accesolatino.org\\\/wp-content\\\/uploads\\\/2019\\\/04\\\/Universidad-de-Florisa-lanza-convocatoria-de-becas-para-hispanos.jpg\",\"contentUrl\":\"https:\\\/\\\/accesolatino.org\\\/wp-content\\\/uploads\\\/2019\\\/04\\\/Universidad-de-Florisa-lanza-convocatoria-de-becas-para-hispanos.jpg\",\"width\":600,\"height\":338,\"caption\":\"Universidad de Florida lanza convocatoria de becas para hispanos\"},{\"@type\":\"BreadcrumbList\",\"@id\":\"https:\\\/\\\/accesolatino.org\\\/universidad-de-florida-lanza-convocatoria-de-becas-para-hispanos\\\/noticias\\\/#breadcrumb\",\"itemListElement\":[{\"@type\":\"ListItem\",\"position\":1,\"name\":\"Portada\",\"item\":\"https:\\\/\\\/accesolatino.org\\\/\"},{\"@type\":\"ListItem\",\"position\":2,\"name\":\"Noticias\",\"item\":\"https:\\\/\\\/accesolatino.org\\\/category\\\/noticias\\\/\"},{\"@type\":\"ListItem\",\"position\":3,\"name\":\"Universidad de Florida lanza convocatoria de becas para hispanos\"}]},{\"@type\":\"WebSite\",\"@id\":\"https:\\\/\\\/accesolatino.org\\\/#website\",\"url\":\"https:\\\/\\\/accesolatino.org\\\/\",\"name\":\"Acceso Latino | Fundaci\u00f3n Carlos Slim\",\"description\":\"Fundaci\u00f3n Carlos Slim\",\"publisher\":{\"@id\":\"https:\\\/\\\/accesolatino.org\\\/#organization\"},\"potentialAction\":[{\"@type\":\"SearchAction\",\"target\":{\"@type\":\"EntryPoint\",\"urlTemplate\":\"https:\\\/\\\/accesolatino.org\\\/?s={search_term_string}\"},\"query-input\":{\"@type\":\"PropertyValueSpecification\",\"valueRequired\":true,\"valueName\":\"search_term_string\"}}],\"inLanguage\":\"en-US\"},{\"@type\":\"Organization\",\"@id\":\"https:\\\/\\\/accesolatino.org\\\/#organization\",\"name\":\"Acceso Latino | Fundaci\u00f3n Carlos Slim\",\"url\":\"https:\\\/\\\/accesolatino.org\\\/\",\"logo\":{\"@type\":\"ImageObject\",\"inLanguage\":\"en-US\",\"@id\":\"https:\\\/\\\/accesolatino.org\\\/#\\\/schema\\\/logo\\\/image\\\/\",\"url\":\"https:\\\/\\\/accesolatino.org\\\/wp-content\\\/uploads\\\/2021\\\/02\\\/logo-footer-acceso-latino.png\",\"contentUrl\":\"https:\\\/\\\/accesolatino.org\\\/wp-content\\\/uploads\\\/2021\\\/02\\\/logo-footer-acceso-latino.png\",\"width\":240,\"height\":40,\"caption\":\"Acceso Latino | Fundaci\u00f3n Carlos Slim\"},\"image\":{\"@id\":\"https:\\\/\\\/accesolatino.org\\\/#\\\/schema\\\/logo\\\/image\\\/\"},\"sameAs\":[\"https:\\\/\\\/www.facebook.com\\\/AccesoLatinoOrg\",\"https:\\\/\\\/x.com\\\/FAccLatino\"]},{\"@type\":\"Person\",\"@id\":\"https:\\\/\\\/accesolatino.org\\\/#\\\/schema\\\/person\\\/57bc3bfd2c357610a5255490ca4cd305\",\"name\":\"Noticias\"}]}<\/script>\n<!-- \/ Yoast SEO plugin. -->","yoast_head_json":{"title":"Universidad de Florida lanza convocatoria de becas para hispanos","description":"La Fundaci\u00f3n Ismael Cala y la Escuela de Negocios de Westfield anunciaron la convocatoria de becas para egresados hispanos que quieran cursar una maestr\u00eda","robots":{"index":"index","follow":"follow","max-snippet":"max-snippet:-1","max-image-preview":"max-image-preview:large","max-video-preview":"max-video-preview:-1"},"canonical":"https:\/\/accesolatino.org\/en\/universidad-de-florida-lanza-convocatoria-de-becas-para-hispanos\/noticias\/","og_locale":"en_US","og_type":"article","og_title":"Universidad de Florida lanza convocatoria de becas para hispanos","og_description":"La Fundaci\u00f3n Ismael Cala y la Escuela de Negocios de Westfield anunciaron la convocatoria de becas para egresados hispanos que quieran cursar una maestr\u00eda","og_url":"https:\/\/accesolatino.org\/en\/universidad-de-florida-lanza-convocatoria-de-becas-para-hispanos\/noticias\/","og_site_name":"Acceso Latino","article_publisher":"https:\/\/www.facebook.com\/AccesoLatinoOrg","article_published_time":"2019-01-31T23:23:11+00:00","article_modified_time":"2025-10-27T16:33:29+00:00","og_image":[{"width":600,"height":338,"url":"https:\/\/accesolatino.org\/wp-content\/uploads\/2019\/04\/Universidad-de-Florisa-lanza-convocatoria-de-becas-para-hispanos.jpg","type":"image\/jpeg"}],"author":"Noticias","twitter_card":"summary_large_image","twitter_creator":"@FAccLatino","twitter_site":"@FAccLatino","twitter_misc":{"Written by":"Noticias","Est. reading time":"2 minutes"},"schema":{"@context":"https:\/\/schema.org","@graph":[{"@type":"Article","@id":"https:\/\/accesolatino.org\/universidad-de-florida-lanza-convocatoria-de-becas-para-hispanos\/noticias\/#article","isPartOf":{"@id":"https:\/\/accesolatino.org\/universidad-de-florida-lanza-convocatoria-de-becas-para-hispanos\/noticias\/"},"author":{"name":"Noticias","@id":"https:\/\/accesolatino.org\/#\/schema\/person\/57bc3bfd2c357610a5255490ca4cd305"},"headline":"Universidad de Florida lanza convocatoria de becas para hispanos","datePublished":"2019-01-31T23:23:11+00:00","dateModified":"2025-10-27T16:33:29+00:00","mainEntityOfPage":{"@id":"https:\/\/accesolatino.org\/universidad-de-florida-lanza-convocatoria-de-becas-para-hispanos\/noticias\/"},"wordCount":292,"commentCount":0,"publisher":{"@id":"https:\/\/accesolatino.org\/#organization"},"image":{"@id":"https:\/\/accesolatino.org\/universidad-de-florida-lanza-convocatoria-de-becas-para-hispanos\/noticias\/#primaryimage"},"thumbnailUrl":"https:\/\/accesolatino.org\/wp-content\/uploads\/2019\/04\/Universidad-de-Florisa-lanza-convocatoria-de-becas-para-hispanos.jpg","articleSection":["Noticias","Temas de inter\u00e9s"],"inLanguage":"en-US","potentialAction":[{"@type":"CommentAction","name":"Comment","target":["https:\/\/accesolatino.org\/universidad-de-florida-lanza-convocatoria-de-becas-para-hispanos\/noticias\/#respond"]}]},{"@type":"WebPage","@id":"https:\/\/accesolatino.org\/universidad-de-florida-lanza-convocatoria-de-becas-para-hispanos\/noticias\/","url":"https:\/\/accesolatino.org\/universidad-de-florida-lanza-convocatoria-de-becas-para-hispanos\/noticias\/","name":"Universidad de Florida lanza convocatoria de becas para hispanos","isPartOf":{"@id":"https:\/\/accesolatino.org\/#website"},"primaryImageOfPage":{"@id":"https:\/\/accesolatino.org\/universidad-de-florida-lanza-convocatoria-de-becas-para-hispanos\/noticias\/#primaryimage"},"image":{"@id":"https:\/\/accesolatino.org\/universidad-de-florida-lanza-convocatoria-de-becas-para-hispanos\/noticias\/#primaryimage"},"thumbnailUrl":"https:\/\/accesolatino.org\/wp-content\/uploads\/2019\/04\/Universidad-de-Florisa-lanza-convocatoria-de-becas-para-hispanos.jpg","datePublished":"2019-01-31T23:23:11+00:00","dateModified":"2025-10-27T16:33:29+00:00","description":"La Fundaci\u00f3n Ismael Cala y la Escuela de Negocios de Westfield anunciaron la convocatoria de becas para egresados hispanos que quieran cursar una maestr\u00eda","breadcrumb":{"@id":"https:\/\/accesolatino.org\/universidad-de-florida-lanza-convocatoria-de-becas-para-hispanos\/noticias\/#breadcrumb"},"inLanguage":"en-US","potentialAction":[{"@type":"ReadAction","target":["https:\/\/accesolatino.org\/universidad-de-florida-lanza-convocatoria-de-becas-para-hispanos\/noticias\/"]}]},{"@type":"ImageObject","inLanguage":"en-US","@id":"https:\/\/accesolatino.org\/universidad-de-florida-lanza-convocatoria-de-becas-para-hispanos\/noticias\/#primaryimage","url":"https:\/\/accesolatino.org\/wp-content\/uploads\/2019\/04\/Universidad-de-Florisa-lanza-convocatoria-de-becas-para-hispanos.jpg","contentUrl":"https:\/\/accesolatino.org\/wp-content\/uploads\/2019\/04\/Universidad-de-Florisa-lanza-convocatoria-de-becas-para-hispanos.jpg","width":600,"height":338,"caption":"Universidad de Florida lanza convocatoria de becas para hispanos"},{"@type":"BreadcrumbList","@id":"https:\/\/accesolatino.org\/universidad-de-florida-lanza-convocatoria-de-becas-para-hispanos\/noticias\/#breadcrumb","itemListElement":[{"@type":"ListItem","position":1,"name":"Portada","item":"https:\/\/accesolatino.org\/"},{"@type":"ListItem","position":2,"name":"Noticias","item":"https:\/\/accesolatino.org\/category\/noticias\/"},{"@type":"ListItem","position":3,"name":"Universidad de Florida lanza convocatoria de becas para hispanos"}]},{"@type":"WebSite","@id":"https:\/\/accesolatino.org\/#website","url":"https:\/\/accesolatino.org\/","name":"Acceso Latino | Fundaci\u00f3n Carlos Slim","description":"Fundaci\u00f3n Carlos Slim","publisher":{"@id":"https:\/\/accesolatino.org\/#organization"},"potentialAction":[{"@type":"SearchAction","target":{"@type":"EntryPoint","urlTemplate":"https:\/\/accesolatino.org\/?s={search_term_string}"},"query-input":{"@type":"PropertyValueSpecification","valueRequired":true,"valueName":"search_term_string"}}],"inLanguage":"en-US"},{"@type":"Organization","@id":"https:\/\/accesolatino.org\/#organization","name":"Acceso Latino | Fundaci\u00f3n Carlos Slim","url":"https:\/\/accesolatino.org\/","logo":{"@type":"ImageObject","inLanguage":"en-US","@id":"https:\/\/accesolatino.org\/#\/schema\/logo\/image\/","url":"https:\/\/accesolatino.org\/wp-content\/uploads\/2021\/02\/logo-footer-acceso-latino.png","contentUrl":"https:\/\/accesolatino.org\/wp-content\/uploads\/2021\/02\/logo-footer-acceso-latino.png","width":240,"height":40,"caption":"Acceso Latino | Fundaci\u00f3n Carlos Slim"},"image":{"@id":"https:\/\/accesolatino.org\/#\/schema\/logo\/image\/"},"sameAs":["https:\/\/www.facebook.com\/AccesoLatinoOrg","https:\/\/x.com\/FAccLatino"]},{"@type":"Person","@id":"https:\/\/accesolatino.org\/#\/schema\/person\/57bc3bfd2c357610a5255490ca4cd305","name":"News"}]}},"_links":{"self":[{"href":"https:\/\/accesolatino.org\/en\/wp-json\/wp\/v2\/posts\/16818","targetHints":{"allow":["GET"]}}],"collection":[{"href":"https:\/\/accesolatino.org\/en\/wp-json\/wp\/v2\/posts"}],"about":[{"href":"https:\/\/accesolatino.org\/en\/wp-json\/wp\/v2\/types\/post"}],"author":[{"embeddable":true,"href":"https:\/\/accesolatino.org\/en\/wp-json\/wp\/v2\/users\/13"}],"replies":[{"embeddable":true,"href":"https:\/\/accesolatino.org\/en\/wp-json\/wp\/v2\/comments?post=16818"}],"version-history":[{"count":1,"href":"https:\/\/accesolatino.org\/en\/wp-json\/wp\/v2\/posts\/16818\/revisions"}],"predecessor-version":[{"id":66459,"href":"https:\/\/accesolatino.org\/en\/wp-json\/wp\/v2\/posts\/16818\/revisions\/66459"}],"wp:featuredmedia":[{"embeddable":true,"href":"https:\/\/accesolatino.org\/en\/wp-json\/wp\/v2\/media\/16819"}],"wp:attachment":[{"href":"https:\/\/accesolatino.org\/en\/wp-json\/wp\/v2\/media?parent=16818"}],"wp:term":[{"taxonomy":"category","embeddable":true,"href":"https:\/\/accesolatino.org\/en\/wp-json\/wp\/v2\/categories?post=16818"},{"taxonomy":"post_tag","embeddable":true,"href":"https:\/\/accesolatino.org\/en\/wp-json\/wp\/v2\/tags?post=16818"}],"curies":[{"name":"wp","href":"https:\/\/api.w.org\/{rel}","templated":true}]}}