{"id":16723,"date":"2019-02-08T11:00:44","date_gmt":"2019-02-08T17:00:44","guid":{"rendered":"https:\/\/accesolatino.org\/?p=16723"},"modified":"2025-10-27T10:30:41","modified_gmt":"2025-10-27T16:30:41","slug":"dreamers-tiene-hasta-octubre-para-renovar-su-daca","status":"publish","type":"post","link":"https:\/\/accesolatino.org\/en\/dreamers-tiene-hasta-octubre-para-renovar-su-daca\/noticias\/","title":{"rendered":"Dreamers tiene hasta Octubre para renovar su DACA"},"content":{"rendered":"<div data-elementor-type=\"wp-post\" data-elementor-id=\"16723\" class=\"elementor elementor-16723\">\n\t\t\t\t\t\t<section class=\"elementor-section elementor-top-section elementor-element elementor-element-369f77a elementor-section-boxed elementor-section-height-default elementor-section-height-default wpr-particle-no wpr-jarallax-no wpr-parallax-no wpr-sticky-section-no wpr-equal-height-no\" data-id=\"369f77a\" data-element_type=\"section\" data-e-type=\"section\">\n\t\t\t\t\t\t<div class=\"elementor-container elementor-column-gap-default\">\n\t\t\t\t\t<div class=\"elementor-column elementor-col-100 elementor-top-column elementor-element elementor-element-8ef62e2\" data-id=\"8ef62e2\" data-element_type=\"column\" data-e-type=\"column\">\n\t\t\t<div class=\"elementor-widget-wrap elementor-element-populated\">\n\t\t\t\t\t\t<div class=\"elementor-element elementor-element-d9121ee elementor-widget elementor-widget-text-editor\" data-id=\"d9121ee\" data-element_type=\"widget\" data-e-type=\"widget\" data-widget_type=\"text-editor.default\">\n\t\t\t\t<div class=\"elementor-widget-container\">\n\t\t\t\t\t\t\t\t\t<p>Los dreamers tendr\u00e1n hasta octubre para renovar sus inscripciones al programa de Acci\u00f3n Diferida (DACA), a pesar de la nueva campa\u00f1a del fiscal general de Texas, Ken Paxton, que pidi\u00f3 a un juez federal anular las protecciones, revel\u00f3 un jurista.<\/p><p>El abogado y \u201cso\u00f1ador\u201d Luis Cort\u00e9s expuso que \u201cla orden nacional del Noveno Circuito de Apelaciones es v\u00e1lida, aunque el juez de Texas determine que DACA es ilegal\u201d.<\/p><p>Cort\u00e9s, que ejerce en Seattle gracias a un permiso concedido por DACA, se\u00f1al\u00f3 que si Paxton logra que el juez falle en contra del beneficio ser\u00eda \u201cun gran paso para la Administraci\u00f3n de Estados Unidos, aunque han perdido en las otras cortes donde el futuro del DACA se est\u00e1 determinando\u201d.<\/p><p>Paxton retom\u00f3 ayer su lucha para derogar DACA cuando someti\u00f3 una moci\u00f3n para que el juez de distrito Andrew Hanen de \u00e9l \u00faltimo paso, tras determinar en agosto pasado que el amparo firmado en 2012 por el entonces presidente Barack Obama probablemente sea ilegal.<\/p><p>No obstante, Hanen no quiso emitir una decisi\u00f3n para bloquear las renovaciones del programa.<\/p><p>Cort\u00e9s, quien forma parte del equipo legal que representa a seis \u201cso\u00f1adores\u201d que demandaron a la administraci\u00f3n y lograron que un juez de California reviviera el amparo, indic\u00f3 que \u201ces totalmente posible que ahora el juez Hanen emita la orden de bloquear DACA, ya que en su anterior fallo se inclin\u00f3 a decir que era ilegal\u201d.<\/p><p>\u201cUna orden del juez del Texas que indique que el programa de DACA es ilegal le dar\u00eda la herramienta que el presidente necesita para convencer al Tribunal que escuche el caso, pero tendremos que esperar\u201d, resalt\u00f3 Cort\u00e9s.<\/p><p>En enero pasado, la Casa Blanca inst\u00f3 a la Corte Suprema para que escuchara el caso del DACA, pero el tribunal eligi\u00f3 no hacerlo en este periodo, dejando el tema abierto hasta octubre, cuando podr\u00eda incluirlo en la agenda.<\/p><p>Activistas y grupos de so\u00f1adores se han concentrado en impulsar la renovaci\u00f3n del beneficio, incluso a aquellos que se les vence el pr\u00f3ximo a\u00f1o.<\/p><p>Cerca de 700.000 \u201cso\u00f1adores\u201d tuvieron un respiro desde comienzos del 2017 cuando un juez de California orden\u00f3 continuar con el programa y que el Servicios de Ciudadan\u00eda e Inmigraci\u00f3n (USCIS) siguiera aceptando renovaciones.<\/p><p>Todos los beneficiaros DACA podr\u00e1n encontrar distintos apoyos y herramientas espec\u00edficas para ellos en nuestras diferentes secciones como orientaci\u00f3n legal, buscas empleo, salud y licencias de conducir, entre otras.<\/p><p>\u00a0<\/p>\t\t\t\t\t\t\t\t<\/div>\n\t\t\t\t<\/div>\n\t\t\t\t\t<\/div>\n\t\t<\/div>\n\t\t\t\t\t<\/div>\n\t\t<\/section>\n\t\t\t\t<\/div>","protected":false},"excerpt":{"rendered":"<p>Los dreamers tendr\u00e1n hasta octubre para renovar sus inscripciones al programa de Acci\u00f3n Diferida (DACA), a pesar de la nueva campa\u00f1a del fiscal general de Texas, Ken Paxton, que pidi\u00f3 a un juez federal anular las protecciones, revel\u00f3 un jurista. El abogado y \u201cso\u00f1ador\u201d Luis Cort\u00e9s expuso que \u201cla orden nacional del Noveno Circuito de Apelaciones es v\u00e1lida, aunque el juez de Texas determine que DACA es ilegal\u201d. Cort\u00e9s, que ejerce en Seattle gracias a un permiso concedido por DACA, se\u00f1al\u00f3 que si Paxton logra que el juez falle en contra del beneficio ser\u00eda \u201cun gran paso para la Administraci\u00f3n de Estados Unidos, aunque han perdido en las otras cortes donde el futuro del DACA se est\u00e1 determinando\u201d. Paxton retom\u00f3 ayer su lucha para derogar DACA cuando someti\u00f3 una moci\u00f3n para que el juez de distrito Andrew Hanen de \u00e9l \u00faltimo paso, tras determinar en agosto pasado que el amparo firmado en 2012 por el entonces presidente Barack Obama probablemente sea ilegal. No obstante, Hanen no quiso emitir una decisi\u00f3n para bloquear las renovaciones del programa. Cort\u00e9s, quien forma parte del equipo legal que representa a seis \u201cso\u00f1adores\u201d que demandaron a la administraci\u00f3n y lograron que un juez de California reviviera el amparo, indic\u00f3 que \u201ces totalmente posible que ahora el juez Hanen emita la orden de bloquear DACA, ya que en su anterior fallo se inclin\u00f3 a decir que era ilegal\u201d. \u201cUna orden del juez del Texas que indique que el programa de DACA es ilegal le dar\u00eda la herramienta que el presidente necesita para convencer al Tribunal que escuche el caso, pero tendremos que esperar\u201d, resalt\u00f3 Cort\u00e9s. En enero pasado, la Casa Blanca inst\u00f3 a la Corte Suprema para que escuchara el caso del DACA, pero el tribunal eligi\u00f3 no hacerlo en este periodo, dejando el tema abierto hasta octubre, cuando podr\u00eda incluirlo en la agenda. Activistas y grupos de so\u00f1adores se han concentrado en impulsar la renovaci\u00f3n del beneficio, incluso a aquellos que se les vence el pr\u00f3ximo a\u00f1o. Cerca de 700.000 \u201cso\u00f1adores\u201d tuvieron un respiro desde comienzos del 2017 cuando un juez de California orden\u00f3 continuar con el programa y que el Servicios de Ciudadan\u00eda e Inmigraci\u00f3n (USCIS) siguiera aceptando renovaciones. Todos los beneficiaros DACA podr\u00e1n encontrar distintos apoyos y herramientas espec\u00edficas para ellos en nuestras diferentes secciones como orientaci\u00f3n legal, buscas empleo, salud y licencias de conducir, entre otras.<\/p>","protected":false},"author":13,"featured_media":16724,"comment_status":"open","ping_status":"open","sticky":false,"template":"","format":"standard","meta":{"_uf_show_specific_survey":0,"_uf_disable_surveys":false,"footnotes":""},"categories":[10,1],"tags":[],"class_list":["post-16723","post","type-post","status-publish","format-standard","has-post-thumbnail","hentry","category-noticias","category-temas-de-interes"],"aioseo_notices":[],"yoast_head":"<!-- This site is optimized with the Yoast SEO plugin v27.5 - https:\/\/yoast.com\/product\/yoast-seo-wordpress\/ -->\n<title>Dreamers tiene hasta Octubre para renovar su DACA<\/title>\n<meta name=\"description\" content=\"Los dreamers tendr\u00e1n hasta octubre para renovar sus inscripciones al programa de Acci\u00f3n Diferida (DACA), a pesar de la nueva campa\u00f1a del fiscal general\" \/>\n<meta name=\"robots\" content=\"index, follow, max-snippet:-1, max-image-preview:large, max-video-preview:-1\" \/>\n<link rel=\"canonical\" href=\"https:\/\/accesolatino.org\/en\/dreamers-tiene-hasta-octubre-para-renovar-su-daca\/noticias\/\" \/>\n<meta property=\"og:locale\" content=\"en_US\" \/>\n<meta property=\"og:type\" content=\"article\" \/>\n<meta property=\"og:title\" content=\"Dreamers tiene hasta Octubre para renovar su DACA\" \/>\n<meta property=\"og:description\" content=\"Los dreamers tendr\u00e1n hasta octubre para renovar sus inscripciones al programa de Acci\u00f3n Diferida (DACA), a pesar de la nueva campa\u00f1a del fiscal general\" \/>\n<meta property=\"og:url\" content=\"https:\/\/accesolatino.org\/en\/dreamers-tiene-hasta-octubre-para-renovar-su-daca\/noticias\/\" \/>\n<meta property=\"og:site_name\" content=\"Acceso Latino\" \/>\n<meta property=\"article:publisher\" content=\"https:\/\/www.facebook.com\/AccesoLatinoOrg\" \/>\n<meta property=\"article:published_time\" content=\"2019-02-08T17:00:44+00:00\" \/>\n<meta property=\"article:modified_time\" content=\"2025-10-27T16:30:41+00:00\" \/>\n<meta property=\"og:image\" content=\"https:\/\/accesolatino.org\/wp-content\/uploads\/2019\/04\/Dreamers-tiene-hasta-octubre-para-renovar-su-DACA.jpg\" \/>\n\t<meta property=\"og:image:width\" content=\"600\" \/>\n\t<meta property=\"og:image:height\" content=\"338\" \/>\n\t<meta property=\"og:image:type\" content=\"image\/jpeg\" \/>\n<meta name=\"author\" content=\"Noticias\" \/>\n<meta name=\"twitter:card\" content=\"summary_large_image\" \/>\n<meta name=\"twitter:creator\" content=\"@FAccLatino\" \/>\n<meta name=\"twitter:site\" content=\"@FAccLatino\" \/>\n<meta name=\"twitter:label1\" content=\"Written by\" \/>\n\t<meta name=\"twitter:data1\" content=\"Noticias\" \/>\n\t<meta name=\"twitter:label2\" content=\"Est. reading time\" \/>\n\t<meta name=\"twitter:data2\" content=\"3 minutes\" \/>\n<script type=\"application\/ld+json\" class=\"yoast-schema-graph\">{\"@context\":\"https:\\\/\\\/schema.org\",\"@graph\":[{\"@type\":\"Article\",\"@id\":\"https:\\\/\\\/accesolatino.org\\\/dreamers-tiene-hasta-octubre-para-renovar-su-daca\\\/noticias\\\/#article\",\"isPartOf\":{\"@id\":\"https:\\\/\\\/accesolatino.org\\\/dreamers-tiene-hasta-octubre-para-renovar-su-daca\\\/noticias\\\/\"},\"author\":{\"name\":\"Noticias\",\"@id\":\"https:\\\/\\\/accesolatino.org\\\/#\\\/schema\\\/person\\\/57bc3bfd2c357610a5255490ca4cd305\"},\"headline\":\"Dreamers tiene hasta Octubre para renovar su DACA\",\"datePublished\":\"2019-02-08T17:00:44+00:00\",\"dateModified\":\"2025-10-27T16:30:41+00:00\",\"mainEntityOfPage\":{\"@id\":\"https:\\\/\\\/accesolatino.org\\\/dreamers-tiene-hasta-octubre-para-renovar-su-daca\\\/noticias\\\/\"},\"wordCount\":427,\"commentCount\":0,\"publisher\":{\"@id\":\"https:\\\/\\\/accesolatino.org\\\/#organization\"},\"image\":{\"@id\":\"https:\\\/\\\/accesolatino.org\\\/dreamers-tiene-hasta-octubre-para-renovar-su-daca\\\/noticias\\\/#primaryimage\"},\"thumbnailUrl\":\"https:\\\/\\\/accesolatino.org\\\/wp-content\\\/uploads\\\/2019\\\/04\\\/Dreamers-tiene-hasta-octubre-para-renovar-su-DACA.jpg\",\"articleSection\":[\"Noticias\",\"Temas de inter\u00e9s\"],\"inLanguage\":\"en-US\",\"potentialAction\":[{\"@type\":\"CommentAction\",\"name\":\"Comment\",\"target\":[\"https:\\\/\\\/accesolatino.org\\\/dreamers-tiene-hasta-octubre-para-renovar-su-daca\\\/noticias\\\/#respond\"]}]},{\"@type\":\"WebPage\",\"@id\":\"https:\\\/\\\/accesolatino.org\\\/dreamers-tiene-hasta-octubre-para-renovar-su-daca\\\/noticias\\\/\",\"url\":\"https:\\\/\\\/accesolatino.org\\\/dreamers-tiene-hasta-octubre-para-renovar-su-daca\\\/noticias\\\/\",\"name\":\"Dreamers tiene hasta Octubre para renovar su DACA\",\"isPartOf\":{\"@id\":\"https:\\\/\\\/accesolatino.org\\\/#website\"},\"primaryImageOfPage\":{\"@id\":\"https:\\\/\\\/accesolatino.org\\\/dreamers-tiene-hasta-octubre-para-renovar-su-daca\\\/noticias\\\/#primaryimage\"},\"image\":{\"@id\":\"https:\\\/\\\/accesolatino.org\\\/dreamers-tiene-hasta-octubre-para-renovar-su-daca\\\/noticias\\\/#primaryimage\"},\"thumbnailUrl\":\"https:\\\/\\\/accesolatino.org\\\/wp-content\\\/uploads\\\/2019\\\/04\\\/Dreamers-tiene-hasta-octubre-para-renovar-su-DACA.jpg\",\"datePublished\":\"2019-02-08T17:00:44+00:00\",\"dateModified\":\"2025-10-27T16:30:41+00:00\",\"description\":\"Los dreamers tendr\u00e1n hasta octubre para renovar sus inscripciones al programa de Acci\u00f3n Diferida (DACA), a pesar de la nueva campa\u00f1a del fiscal general\",\"breadcrumb\":{\"@id\":\"https:\\\/\\\/accesolatino.org\\\/dreamers-tiene-hasta-octubre-para-renovar-su-daca\\\/noticias\\\/#breadcrumb\"},\"inLanguage\":\"en-US\",\"potentialAction\":[{\"@type\":\"ReadAction\",\"target\":[\"https:\\\/\\\/accesolatino.org\\\/dreamers-tiene-hasta-octubre-para-renovar-su-daca\\\/noticias\\\/\"]}]},{\"@type\":\"ImageObject\",\"inLanguage\":\"en-US\",\"@id\":\"https:\\\/\\\/accesolatino.org\\\/dreamers-tiene-hasta-octubre-para-renovar-su-daca\\\/noticias\\\/#primaryimage\",\"url\":\"https:\\\/\\\/accesolatino.org\\\/wp-content\\\/uploads\\\/2019\\\/04\\\/Dreamers-tiene-hasta-octubre-para-renovar-su-DACA.jpg\",\"contentUrl\":\"https:\\\/\\\/accesolatino.org\\\/wp-content\\\/uploads\\\/2019\\\/04\\\/Dreamers-tiene-hasta-octubre-para-renovar-su-DACA.jpg\",\"width\":600,\"height\":338,\"caption\":\"Dreamers tiene hasta octubre para renovar su DACA\"},{\"@type\":\"BreadcrumbList\",\"@id\":\"https:\\\/\\\/accesolatino.org\\\/dreamers-tiene-hasta-octubre-para-renovar-su-daca\\\/noticias\\\/#breadcrumb\",\"itemListElement\":[{\"@type\":\"ListItem\",\"position\":1,\"name\":\"Portada\",\"item\":\"https:\\\/\\\/accesolatino.org\\\/\"},{\"@type\":\"ListItem\",\"position\":2,\"name\":\"Noticias\",\"item\":\"https:\\\/\\\/accesolatino.org\\\/category\\\/noticias\\\/\"},{\"@type\":\"ListItem\",\"position\":3,\"name\":\"Dreamers tiene hasta Octubre para renovar su DACA\"}]},{\"@type\":\"WebSite\",\"@id\":\"https:\\\/\\\/accesolatino.org\\\/#website\",\"url\":\"https:\\\/\\\/accesolatino.org\\\/\",\"name\":\"Acceso Latino | Fundaci\u00f3n Carlos Slim\",\"description\":\"Fundaci\u00f3n Carlos Slim\",\"publisher\":{\"@id\":\"https:\\\/\\\/accesolatino.org\\\/#organization\"},\"potentialAction\":[{\"@type\":\"SearchAction\",\"target\":{\"@type\":\"EntryPoint\",\"urlTemplate\":\"https:\\\/\\\/accesolatino.org\\\/?s={search_term_string}\"},\"query-input\":{\"@type\":\"PropertyValueSpecification\",\"valueRequired\":true,\"valueName\":\"search_term_string\"}}],\"inLanguage\":\"en-US\"},{\"@type\":\"Organization\",\"@id\":\"https:\\\/\\\/accesolatino.org\\\/#organization\",\"name\":\"Acceso Latino | Fundaci\u00f3n Carlos Slim\",\"url\":\"https:\\\/\\\/accesolatino.org\\\/\",\"logo\":{\"@type\":\"ImageObject\",\"inLanguage\":\"en-US\",\"@id\":\"https:\\\/\\\/accesolatino.org\\\/#\\\/schema\\\/logo\\\/image\\\/\",\"url\":\"https:\\\/\\\/accesolatino.org\\\/wp-content\\\/uploads\\\/2021\\\/02\\\/logo-footer-acceso-latino.png\",\"contentUrl\":\"https:\\\/\\\/accesolatino.org\\\/wp-content\\\/uploads\\\/2021\\\/02\\\/logo-footer-acceso-latino.png\",\"width\":240,\"height\":40,\"caption\":\"Acceso Latino | Fundaci\u00f3n Carlos Slim\"},\"image\":{\"@id\":\"https:\\\/\\\/accesolatino.org\\\/#\\\/schema\\\/logo\\\/image\\\/\"},\"sameAs\":[\"https:\\\/\\\/www.facebook.com\\\/AccesoLatinoOrg\",\"https:\\\/\\\/x.com\\\/FAccLatino\"]},{\"@type\":\"Person\",\"@id\":\"https:\\\/\\\/accesolatino.org\\\/#\\\/schema\\\/person\\\/57bc3bfd2c357610a5255490ca4cd305\",\"name\":\"Noticias\"}]}<\/script>\n<!-- \/ Yoast SEO plugin. -->","yoast_head_json":{"title":"Dreamers tiene hasta Octubre para renovar su DACA","description":"Los dreamers tendr\u00e1n hasta octubre para renovar sus inscripciones al programa de Acci\u00f3n Diferida (DACA), a pesar de la nueva campa\u00f1a del fiscal general","robots":{"index":"index","follow":"follow","max-snippet":"max-snippet:-1","max-image-preview":"max-image-preview:large","max-video-preview":"max-video-preview:-1"},"canonical":"https:\/\/accesolatino.org\/en\/dreamers-tiene-hasta-octubre-para-renovar-su-daca\/noticias\/","og_locale":"en_US","og_type":"article","og_title":"Dreamers tiene hasta Octubre para renovar su DACA","og_description":"Los dreamers tendr\u00e1n hasta octubre para renovar sus inscripciones al programa de Acci\u00f3n Diferida (DACA), a pesar de la nueva campa\u00f1a del fiscal general","og_url":"https:\/\/accesolatino.org\/en\/dreamers-tiene-hasta-octubre-para-renovar-su-daca\/noticias\/","og_site_name":"Acceso Latino","article_publisher":"https:\/\/www.facebook.com\/AccesoLatinoOrg","article_published_time":"2019-02-08T17:00:44+00:00","article_modified_time":"2025-10-27T16:30:41+00:00","og_image":[{"width":600,"height":338,"url":"https:\/\/accesolatino.org\/wp-content\/uploads\/2019\/04\/Dreamers-tiene-hasta-octubre-para-renovar-su-DACA.jpg","type":"image\/jpeg"}],"author":"Noticias","twitter_card":"summary_large_image","twitter_creator":"@FAccLatino","twitter_site":"@FAccLatino","twitter_misc":{"Written by":"Noticias","Est. reading time":"3 minutes"},"schema":{"@context":"https:\/\/schema.org","@graph":[{"@type":"Article","@id":"https:\/\/accesolatino.org\/dreamers-tiene-hasta-octubre-para-renovar-su-daca\/noticias\/#article","isPartOf":{"@id":"https:\/\/accesolatino.org\/dreamers-tiene-hasta-octubre-para-renovar-su-daca\/noticias\/"},"author":{"name":"Noticias","@id":"https:\/\/accesolatino.org\/#\/schema\/person\/57bc3bfd2c357610a5255490ca4cd305"},"headline":"Dreamers tiene hasta Octubre para renovar su DACA","datePublished":"2019-02-08T17:00:44+00:00","dateModified":"2025-10-27T16:30:41+00:00","mainEntityOfPage":{"@id":"https:\/\/accesolatino.org\/dreamers-tiene-hasta-octubre-para-renovar-su-daca\/noticias\/"},"wordCount":427,"commentCount":0,"publisher":{"@id":"https:\/\/accesolatino.org\/#organization"},"image":{"@id":"https:\/\/accesolatino.org\/dreamers-tiene-hasta-octubre-para-renovar-su-daca\/noticias\/#primaryimage"},"thumbnailUrl":"https:\/\/accesolatino.org\/wp-content\/uploads\/2019\/04\/Dreamers-tiene-hasta-octubre-para-renovar-su-DACA.jpg","articleSection":["Noticias","Temas de inter\u00e9s"],"inLanguage":"en-US","potentialAction":[{"@type":"CommentAction","name":"Comment","target":["https:\/\/accesolatino.org\/dreamers-tiene-hasta-octubre-para-renovar-su-daca\/noticias\/#respond"]}]},{"@type":"WebPage","@id":"https:\/\/accesolatino.org\/dreamers-tiene-hasta-octubre-para-renovar-su-daca\/noticias\/","url":"https:\/\/accesolatino.org\/dreamers-tiene-hasta-octubre-para-renovar-su-daca\/noticias\/","name":"Dreamers tiene hasta Octubre para renovar su DACA","isPartOf":{"@id":"https:\/\/accesolatino.org\/#website"},"primaryImageOfPage":{"@id":"https:\/\/accesolatino.org\/dreamers-tiene-hasta-octubre-para-renovar-su-daca\/noticias\/#primaryimage"},"image":{"@id":"https:\/\/accesolatino.org\/dreamers-tiene-hasta-octubre-para-renovar-su-daca\/noticias\/#primaryimage"},"thumbnailUrl":"https:\/\/accesolatino.org\/wp-content\/uploads\/2019\/04\/Dreamers-tiene-hasta-octubre-para-renovar-su-DACA.jpg","datePublished":"2019-02-08T17:00:44+00:00","dateModified":"2025-10-27T16:30:41+00:00","description":"Los dreamers tendr\u00e1n hasta octubre para renovar sus inscripciones al programa de Acci\u00f3n Diferida (DACA), a pesar de la nueva campa\u00f1a del fiscal general","breadcrumb":{"@id":"https:\/\/accesolatino.org\/dreamers-tiene-hasta-octubre-para-renovar-su-daca\/noticias\/#breadcrumb"},"inLanguage":"en-US","potentialAction":[{"@type":"ReadAction","target":["https:\/\/accesolatino.org\/dreamers-tiene-hasta-octubre-para-renovar-su-daca\/noticias\/"]}]},{"@type":"ImageObject","inLanguage":"en-US","@id":"https:\/\/accesolatino.org\/dreamers-tiene-hasta-octubre-para-renovar-su-daca\/noticias\/#primaryimage","url":"https:\/\/accesolatino.org\/wp-content\/uploads\/2019\/04\/Dreamers-tiene-hasta-octubre-para-renovar-su-DACA.jpg","contentUrl":"https:\/\/accesolatino.org\/wp-content\/uploads\/2019\/04\/Dreamers-tiene-hasta-octubre-para-renovar-su-DACA.jpg","width":600,"height":338,"caption":"Dreamers tiene hasta octubre para renovar su DACA"},{"@type":"BreadcrumbList","@id":"https:\/\/accesolatino.org\/dreamers-tiene-hasta-octubre-para-renovar-su-daca\/noticias\/#breadcrumb","itemListElement":[{"@type":"ListItem","position":1,"name":"Portada","item":"https:\/\/accesolatino.org\/"},{"@type":"ListItem","position":2,"name":"Noticias","item":"https:\/\/accesolatino.org\/category\/noticias\/"},{"@type":"ListItem","position":3,"name":"Dreamers tiene hasta Octubre para renovar su DACA"}]},{"@type":"WebSite","@id":"https:\/\/accesolatino.org\/#website","url":"https:\/\/accesolatino.org\/","name":"Acceso Latino | Fundaci\u00f3n Carlos Slim","description":"Fundaci\u00f3n Carlos Slim","publisher":{"@id":"https:\/\/accesolatino.org\/#organization"},"potentialAction":[{"@type":"SearchAction","target":{"@type":"EntryPoint","urlTemplate":"https:\/\/accesolatino.org\/?s={search_term_string}"},"query-input":{"@type":"PropertyValueSpecification","valueRequired":true,"valueName":"search_term_string"}}],"inLanguage":"en-US"},{"@type":"Organization","@id":"https:\/\/accesolatino.org\/#organization","name":"Acceso Latino | Fundaci\u00f3n Carlos Slim","url":"https:\/\/accesolatino.org\/","logo":{"@type":"ImageObject","inLanguage":"en-US","@id":"https:\/\/accesolatino.org\/#\/schema\/logo\/image\/","url":"https:\/\/accesolatino.org\/wp-content\/uploads\/2021\/02\/logo-footer-acceso-latino.png","contentUrl":"https:\/\/accesolatino.org\/wp-content\/uploads\/2021\/02\/logo-footer-acceso-latino.png","width":240,"height":40,"caption":"Acceso Latino | Fundaci\u00f3n Carlos Slim"},"image":{"@id":"https:\/\/accesolatino.org\/#\/schema\/logo\/image\/"},"sameAs":["https:\/\/www.facebook.com\/AccesoLatinoOrg","https:\/\/x.com\/FAccLatino"]},{"@type":"Person","@id":"https:\/\/accesolatino.org\/#\/schema\/person\/57bc3bfd2c357610a5255490ca4cd305","name":"News"}]}},"_links":{"self":[{"href":"https:\/\/accesolatino.org\/en\/wp-json\/wp\/v2\/posts\/16723","targetHints":{"allow":["GET"]}}],"collection":[{"href":"https:\/\/accesolatino.org\/en\/wp-json\/wp\/v2\/posts"}],"about":[{"href":"https:\/\/accesolatino.org\/en\/wp-json\/wp\/v2\/types\/post"}],"author":[{"embeddable":true,"href":"https:\/\/accesolatino.org\/en\/wp-json\/wp\/v2\/users\/13"}],"replies":[{"embeddable":true,"href":"https:\/\/accesolatino.org\/en\/wp-json\/wp\/v2\/comments?post=16723"}],"version-history":[{"count":1,"href":"https:\/\/accesolatino.org\/en\/wp-json\/wp\/v2\/posts\/16723\/revisions"}],"predecessor-version":[{"id":66449,"href":"https:\/\/accesolatino.org\/en\/wp-json\/wp\/v2\/posts\/16723\/revisions\/66449"}],"wp:featuredmedia":[{"embeddable":true,"href":"https:\/\/accesolatino.org\/en\/wp-json\/wp\/v2\/media\/16724"}],"wp:attachment":[{"href":"https:\/\/accesolatino.org\/en\/wp-json\/wp\/v2\/media?parent=16723"}],"wp:term":[{"taxonomy":"category","embeddable":true,"href":"https:\/\/accesolatino.org\/en\/wp-json\/wp\/v2\/categories?post=16723"},{"taxonomy":"post_tag","embeddable":true,"href":"https:\/\/accesolatino.org\/en\/wp-json\/wp\/v2\/tags?post=16723"}],"curies":[{"name":"wp","href":"https:\/\/api.w.org\/{rel}","templated":true}]}}