{"id":16690,"date":"2019-02-13T11:00:30","date_gmt":"2019-02-13T17:00:30","guid":{"rendered":"https:\/\/accesolatino.org\/?p=16690"},"modified":"2025-10-27T10:19:41","modified_gmt":"2025-10-27T16:19:41","slug":"anuncian-cambios-en-el-formulario-de-cambio-de-estatus-migratorio","status":"publish","type":"post","link":"https:\/\/accesolatino.org\/en\/anuncian-cambios-en-el-formulario-de-cambio-de-estatus-migratorio\/noticias\/","title":{"rendered":"Anuncian cambios en el formulario de cambio de estatus migratorio"},"content":{"rendered":"<div data-elementor-type=\"wp-post\" data-elementor-id=\"16690\" class=\"elementor elementor-16690\">\n\t\t\t\t\t\t<section class=\"elementor-section elementor-top-section elementor-element elementor-element-369f77a elementor-section-boxed elementor-section-height-default elementor-section-height-default wpr-particle-no wpr-jarallax-no wpr-parallax-no wpr-sticky-section-no wpr-equal-height-no\" data-id=\"369f77a\" data-element_type=\"section\" data-e-type=\"section\">\n\t\t\t\t\t\t<div class=\"elementor-container elementor-column-gap-default\">\n\t\t\t\t\t<div class=\"elementor-column elementor-col-100 elementor-top-column elementor-element elementor-element-8ef62e2\" data-id=\"8ef62e2\" data-element_type=\"column\" data-e-type=\"column\">\n\t\t\t<div class=\"elementor-widget-wrap elementor-element-populated\">\n\t\t\t\t\t\t<div class=\"elementor-element elementor-element-d9121ee elementor-widget elementor-widget-text-editor\" data-id=\"d9121ee\" data-element_type=\"widget\" data-e-type=\"widget\" data-widget_type=\"text-editor.default\">\n\t\t\t\t<div class=\"elementor-widget-container\">\n\t\t\t\t\t\t\t\t\t<p>Despu\u00e9s de una revisi\u00f3n de procedimiento USCIS anunci\u00f3 que realizar\u00e1 una actualizaci\u00f3n del Formulario I-539, Solicitud para extender \/ cambiar el estatus de no inmigrante (<a href=\"https:\/\/www.uscis.gov\/i-539\">https:\/\/www.uscis.gov\/i-539<\/a>) el cual se har\u00e1 oficial el pr\u00f3ximo 11 de marzo en el portal de la agencia estatal.<\/p><p>A partir de esa fecha USCIS solo recibir\u00e1 el Formulario I-539 revisado con una edici\u00f3n fecha del 02\/04\/19 as\u00ed como se garantiza el rechazo de cualquier Formulario I-539 con una fecha de edici\u00f3n de 12\/23\/16 o anterior.<\/p><p>El Formulario I-539A reemplaza el Suplemento A proporcionado en versiones anteriores del Formulario I- 539. El formulario I-539A solo se puede presentar con el formulario I-539; no puede ser archivado como una forma independiente.<\/p><p>El Formulario I-539 revisado incluye los siguientes cambios significativos:<\/p><p>Cada co-solicitante incluido en el Formulario I-539 del solicitante principal debe enviar y firmar un Formulario I-539A separado, que estar\u00e1 disponible en la p\u00e1gina web del Formulario I-539 desde el 11 de marzo.<\/p><p>De igual forma los padres o tutores pueden firmar en nombre de los ni\u00f1os menores de 14 a\u00f1os o cualquier co-solicitante que no sea mentalmente competente para firmar.<\/p><p>Todos los solicitantes y co-solicitantes deben pagar una tarifa de servicios biom\u00e9tricos de $85 d\u00f3lares, excepto ciertos no inmigrantes A, G y OTAN, como se indica en las nuevas Instrucciones del Formulario I-539 que se publicar\u00e1n el 11 de marzo.<\/p><p>Por su parte cada solicitante y co-solicitante recibir\u00e1n un aviso de cita de servicios biom\u00e9tricos, sin importar la edad, que contenga su n\u00famero de recibo individual. Las citas de los servicios biom\u00e9tricos se programar\u00e1n en el Centro de soporte de solicitudes (ASC) m\u00e1s cercano a la direcci\u00f3n del solicitante principal.<\/p><p>Por \u00faltimo, los solicitantes que deseen ser programados en una ubicaci\u00f3n diferente de ASC deben presentar un Formulario I-539 por separado.<\/p><p>USCIS rechazar\u00e1 cualquier Formulario I-539 que falte en cualquiera de las firmas o tarifas biom\u00e9tricas requeridas, incluidas las requeridas para el Formulario I-539A.<\/p><p>En accesolatino.org ponemos a tu disposici\u00f3n la herramienta \u201cOrientaci\u00f3n Legal\u201d que cuenta con informaci\u00f3n de abogados gratuitos o de bajo costo, as\u00ed como un buz\u00f3n de consulta con abogados expertos que te ayudar\u00e1n en tus tr\u00e1mites migratorios.<\/p><p>Fuente: La Opini\u00f3n<\/p>\t\t\t\t\t\t\t\t<\/div>\n\t\t\t\t<\/div>\n\t\t\t\t\t<\/div>\n\t\t<\/div>\n\t\t\t\t\t<\/div>\n\t\t<\/section>\n\t\t\t\t<\/div>","protected":false},"excerpt":{"rendered":"<p>Despu\u00e9s de una revisi\u00f3n de procedimiento USCIS anunci\u00f3 que realizar\u00e1 una actualizaci\u00f3n del Formulario I-539, Solicitud para extender \/ cambiar el estatus de no inmigrante (https:\/\/www.uscis.gov\/i-539) el cual se har\u00e1 oficial el pr\u00f3ximo 11 de marzo en el portal de la agencia estatal. A partir de esa fecha USCIS solo recibir\u00e1 el Formulario I-539 revisado con una edici\u00f3n fecha del 02\/04\/19 as\u00ed como se garantiza el rechazo de cualquier Formulario I-539 con una fecha de edici\u00f3n de 12\/23\/16 o anterior. El Formulario I-539A reemplaza el Suplemento A proporcionado en versiones anteriores del Formulario I- 539. El formulario I-539A solo se puede presentar con el formulario I-539; no puede ser archivado como una forma independiente. El Formulario I-539 revisado incluye los siguientes cambios significativos: Cada co-solicitante incluido en el Formulario I-539 del solicitante principal debe enviar y firmar un Formulario I-539A separado, que estar\u00e1 disponible en la p\u00e1gina web del Formulario I-539 desde el 11 de marzo. De igual forma los padres o tutores pueden firmar en nombre de los ni\u00f1os menores de 14 a\u00f1os o cualquier co-solicitante que no sea mentalmente competente para firmar. Todos los solicitantes y co-solicitantes deben pagar una tarifa de servicios biom\u00e9tricos de $85 d\u00f3lares, excepto ciertos no inmigrantes A, G y OTAN, como se indica en las nuevas Instrucciones del Formulario I-539 que se publicar\u00e1n el 11 de marzo. Por su parte cada solicitante y co-solicitante recibir\u00e1n un aviso de cita de servicios biom\u00e9tricos, sin importar la edad, que contenga su n\u00famero de recibo individual. Las citas de los servicios biom\u00e9tricos se programar\u00e1n en el Centro de soporte de solicitudes (ASC) m\u00e1s cercano a la direcci\u00f3n del solicitante principal. Por \u00faltimo, los solicitantes que deseen ser programados en una ubicaci\u00f3n diferente de ASC deben presentar un Formulario I-539 por separado. USCIS rechazar\u00e1 cualquier Formulario I-539 que falte en cualquiera de las firmas o tarifas biom\u00e9tricas requeridas, incluidas las requeridas para el Formulario I-539A. En accesolatino.org ponemos a tu disposici\u00f3n la herramienta \u201cOrientaci\u00f3n Legal\u201d que cuenta con informaci\u00f3n de abogados gratuitos o de bajo costo, as\u00ed como un buz\u00f3n de consulta con abogados expertos que te ayudar\u00e1n en tus tr\u00e1mites migratorios. Fuente: La Opini\u00f3n<\/p>","protected":false},"author":13,"featured_media":16691,"comment_status":"open","ping_status":"open","sticky":false,"template":"","format":"standard","meta":{"_uf_show_specific_survey":0,"_uf_disable_surveys":false,"footnotes":""},"categories":[10,1],"tags":[],"class_list":["post-16690","post","type-post","status-publish","format-standard","has-post-thumbnail","hentry","category-noticias","category-temas-de-interes"],"aioseo_notices":[],"yoast_head":"<!-- This site is optimized with the Yoast SEO plugin v27.5 - https:\/\/yoast.com\/product\/yoast-seo-wordpress\/ -->\n<title>Anuncian cambios en el formulario de cambio de estatus migratorio<\/title>\n<meta name=\"description\" content=\"Despu\u00e9s de una revisi\u00f3n de procedimiento USCIS anunci\u00f3 que realizar\u00e1 una actualizaci\u00f3n del Formulario I-539, Solicitud para extender \/\" \/>\n<meta name=\"robots\" content=\"index, follow, max-snippet:-1, max-image-preview:large, max-video-preview:-1\" \/>\n<link rel=\"canonical\" href=\"https:\/\/accesolatino.org\/en\/anuncian-cambios-en-el-formulario-de-cambio-de-estatus-migratorio\/noticias\/\" \/>\n<meta property=\"og:locale\" content=\"en_US\" \/>\n<meta property=\"og:type\" content=\"article\" \/>\n<meta property=\"og:title\" content=\"Anuncian cambios en el formulario de cambio de estatus migratorio\" \/>\n<meta property=\"og:description\" content=\"Despu\u00e9s de una revisi\u00f3n de procedimiento USCIS anunci\u00f3 que realizar\u00e1 una actualizaci\u00f3n del Formulario I-539, Solicitud para extender \/\" \/>\n<meta property=\"og:url\" content=\"https:\/\/accesolatino.org\/en\/anuncian-cambios-en-el-formulario-de-cambio-de-estatus-migratorio\/noticias\/\" \/>\n<meta property=\"og:site_name\" content=\"Acceso Latino\" \/>\n<meta property=\"article:publisher\" content=\"https:\/\/www.facebook.com\/AccesoLatinoOrg\" \/>\n<meta property=\"article:published_time\" content=\"2019-02-13T17:00:30+00:00\" \/>\n<meta property=\"article:modified_time\" content=\"2025-10-27T16:19:41+00:00\" \/>\n<meta property=\"og:image\" content=\"https:\/\/accesolatino.org\/wp-content\/uploads\/2019\/04\/Anuncian-cambios-en-el-formulario-de-cambio-de-estatus-migratorio.jpg\" \/>\n\t<meta property=\"og:image:width\" content=\"600\" \/>\n\t<meta property=\"og:image:height\" content=\"338\" \/>\n\t<meta property=\"og:image:type\" content=\"image\/jpeg\" \/>\n<meta name=\"author\" content=\"Noticias\" \/>\n<meta name=\"twitter:card\" content=\"summary_large_image\" \/>\n<meta name=\"twitter:creator\" content=\"@FAccLatino\" \/>\n<meta name=\"twitter:site\" content=\"@FAccLatino\" \/>\n<meta name=\"twitter:label1\" content=\"Written by\" \/>\n\t<meta name=\"twitter:data1\" content=\"Noticias\" \/>\n\t<meta name=\"twitter:label2\" content=\"Est. reading time\" \/>\n\t<meta name=\"twitter:data2\" content=\"2 minutes\" \/>\n<script type=\"application\/ld+json\" class=\"yoast-schema-graph\">{\"@context\":\"https:\\\/\\\/schema.org\",\"@graph\":[{\"@type\":\"Article\",\"@id\":\"https:\\\/\\\/accesolatino.org\\\/anuncian-cambios-en-el-formulario-de-cambio-de-estatus-migratorio\\\/noticias\\\/#article\",\"isPartOf\":{\"@id\":\"https:\\\/\\\/accesolatino.org\\\/anuncian-cambios-en-el-formulario-de-cambio-de-estatus-migratorio\\\/noticias\\\/\"},\"author\":{\"name\":\"Noticias\",\"@id\":\"https:\\\/\\\/accesolatino.org\\\/#\\\/schema\\\/person\\\/57bc3bfd2c357610a5255490ca4cd305\"},\"headline\":\"Anuncian cambios en el formulario de cambio de estatus migratorio\",\"datePublished\":\"2019-02-13T17:00:30+00:00\",\"dateModified\":\"2025-10-27T16:19:41+00:00\",\"mainEntityOfPage\":{\"@id\":\"https:\\\/\\\/accesolatino.org\\\/anuncian-cambios-en-el-formulario-de-cambio-de-estatus-migratorio\\\/noticias\\\/\"},\"wordCount\":396,\"commentCount\":0,\"publisher\":{\"@id\":\"https:\\\/\\\/accesolatino.org\\\/#organization\"},\"image\":{\"@id\":\"https:\\\/\\\/accesolatino.org\\\/anuncian-cambios-en-el-formulario-de-cambio-de-estatus-migratorio\\\/noticias\\\/#primaryimage\"},\"thumbnailUrl\":\"https:\\\/\\\/accesolatino.org\\\/wp-content\\\/uploads\\\/2019\\\/04\\\/Anuncian-cambios-en-el-formulario-de-cambio-de-estatus-migratorio.jpg\",\"articleSection\":[\"Noticias\",\"Temas de inter\u00e9s\"],\"inLanguage\":\"en-US\",\"potentialAction\":[{\"@type\":\"CommentAction\",\"name\":\"Comment\",\"target\":[\"https:\\\/\\\/accesolatino.org\\\/anuncian-cambios-en-el-formulario-de-cambio-de-estatus-migratorio\\\/noticias\\\/#respond\"]}]},{\"@type\":\"WebPage\",\"@id\":\"https:\\\/\\\/accesolatino.org\\\/anuncian-cambios-en-el-formulario-de-cambio-de-estatus-migratorio\\\/noticias\\\/\",\"url\":\"https:\\\/\\\/accesolatino.org\\\/anuncian-cambios-en-el-formulario-de-cambio-de-estatus-migratorio\\\/noticias\\\/\",\"name\":\"Anuncian cambios en el formulario de cambio de estatus migratorio\",\"isPartOf\":{\"@id\":\"https:\\\/\\\/accesolatino.org\\\/#website\"},\"primaryImageOfPage\":{\"@id\":\"https:\\\/\\\/accesolatino.org\\\/anuncian-cambios-en-el-formulario-de-cambio-de-estatus-migratorio\\\/noticias\\\/#primaryimage\"},\"image\":{\"@id\":\"https:\\\/\\\/accesolatino.org\\\/anuncian-cambios-en-el-formulario-de-cambio-de-estatus-migratorio\\\/noticias\\\/#primaryimage\"},\"thumbnailUrl\":\"https:\\\/\\\/accesolatino.org\\\/wp-content\\\/uploads\\\/2019\\\/04\\\/Anuncian-cambios-en-el-formulario-de-cambio-de-estatus-migratorio.jpg\",\"datePublished\":\"2019-02-13T17:00:30+00:00\",\"dateModified\":\"2025-10-27T16:19:41+00:00\",\"description\":\"Despu\u00e9s de una revisi\u00f3n de procedimiento USCIS anunci\u00f3 que realizar\u00e1 una actualizaci\u00f3n del Formulario I-539, Solicitud para extender \\\/\",\"breadcrumb\":{\"@id\":\"https:\\\/\\\/accesolatino.org\\\/anuncian-cambios-en-el-formulario-de-cambio-de-estatus-migratorio\\\/noticias\\\/#breadcrumb\"},\"inLanguage\":\"en-US\",\"potentialAction\":[{\"@type\":\"ReadAction\",\"target\":[\"https:\\\/\\\/accesolatino.org\\\/anuncian-cambios-en-el-formulario-de-cambio-de-estatus-migratorio\\\/noticias\\\/\"]}]},{\"@type\":\"ImageObject\",\"inLanguage\":\"en-US\",\"@id\":\"https:\\\/\\\/accesolatino.org\\\/anuncian-cambios-en-el-formulario-de-cambio-de-estatus-migratorio\\\/noticias\\\/#primaryimage\",\"url\":\"https:\\\/\\\/accesolatino.org\\\/wp-content\\\/uploads\\\/2019\\\/04\\\/Anuncian-cambios-en-el-formulario-de-cambio-de-estatus-migratorio.jpg\",\"contentUrl\":\"https:\\\/\\\/accesolatino.org\\\/wp-content\\\/uploads\\\/2019\\\/04\\\/Anuncian-cambios-en-el-formulario-de-cambio-de-estatus-migratorio.jpg\",\"width\":600,\"height\":338,\"caption\":\"Anuncian cambios en el formulario de cambio de estatus migratorio\"},{\"@type\":\"BreadcrumbList\",\"@id\":\"https:\\\/\\\/accesolatino.org\\\/anuncian-cambios-en-el-formulario-de-cambio-de-estatus-migratorio\\\/noticias\\\/#breadcrumb\",\"itemListElement\":[{\"@type\":\"ListItem\",\"position\":1,\"name\":\"Portada\",\"item\":\"https:\\\/\\\/accesolatino.org\\\/\"},{\"@type\":\"ListItem\",\"position\":2,\"name\":\"Noticias\",\"item\":\"https:\\\/\\\/accesolatino.org\\\/category\\\/noticias\\\/\"},{\"@type\":\"ListItem\",\"position\":3,\"name\":\"Anuncian cambios en el formulario de cambio de estatus migratorio\"}]},{\"@type\":\"WebSite\",\"@id\":\"https:\\\/\\\/accesolatino.org\\\/#website\",\"url\":\"https:\\\/\\\/accesolatino.org\\\/\",\"name\":\"Acceso Latino | Fundaci\u00f3n Carlos Slim\",\"description\":\"Fundaci\u00f3n Carlos Slim\",\"publisher\":{\"@id\":\"https:\\\/\\\/accesolatino.org\\\/#organization\"},\"potentialAction\":[{\"@type\":\"SearchAction\",\"target\":{\"@type\":\"EntryPoint\",\"urlTemplate\":\"https:\\\/\\\/accesolatino.org\\\/?s={search_term_string}\"},\"query-input\":{\"@type\":\"PropertyValueSpecification\",\"valueRequired\":true,\"valueName\":\"search_term_string\"}}],\"inLanguage\":\"en-US\"},{\"@type\":\"Organization\",\"@id\":\"https:\\\/\\\/accesolatino.org\\\/#organization\",\"name\":\"Acceso Latino | Fundaci\u00f3n Carlos Slim\",\"url\":\"https:\\\/\\\/accesolatino.org\\\/\",\"logo\":{\"@type\":\"ImageObject\",\"inLanguage\":\"en-US\",\"@id\":\"https:\\\/\\\/accesolatino.org\\\/#\\\/schema\\\/logo\\\/image\\\/\",\"url\":\"https:\\\/\\\/accesolatino.org\\\/wp-content\\\/uploads\\\/2021\\\/02\\\/logo-footer-acceso-latino.png\",\"contentUrl\":\"https:\\\/\\\/accesolatino.org\\\/wp-content\\\/uploads\\\/2021\\\/02\\\/logo-footer-acceso-latino.png\",\"width\":240,\"height\":40,\"caption\":\"Acceso Latino | Fundaci\u00f3n Carlos Slim\"},\"image\":{\"@id\":\"https:\\\/\\\/accesolatino.org\\\/#\\\/schema\\\/logo\\\/image\\\/\"},\"sameAs\":[\"https:\\\/\\\/www.facebook.com\\\/AccesoLatinoOrg\",\"https:\\\/\\\/x.com\\\/FAccLatino\"]},{\"@type\":\"Person\",\"@id\":\"https:\\\/\\\/accesolatino.org\\\/#\\\/schema\\\/person\\\/57bc3bfd2c357610a5255490ca4cd305\",\"name\":\"Noticias\"}]}<\/script>\n<!-- \/ Yoast SEO plugin. -->","yoast_head_json":{"title":"Anuncian cambios en el formulario de cambio de estatus migratorio","description":"Despu\u00e9s de una revisi\u00f3n de procedimiento USCIS anunci\u00f3 que realizar\u00e1 una actualizaci\u00f3n del Formulario I-539, Solicitud para extender \/","robots":{"index":"index","follow":"follow","max-snippet":"max-snippet:-1","max-image-preview":"max-image-preview:large","max-video-preview":"max-video-preview:-1"},"canonical":"https:\/\/accesolatino.org\/en\/anuncian-cambios-en-el-formulario-de-cambio-de-estatus-migratorio\/noticias\/","og_locale":"en_US","og_type":"article","og_title":"Anuncian cambios en el formulario de cambio de estatus migratorio","og_description":"Despu\u00e9s de una revisi\u00f3n de procedimiento USCIS anunci\u00f3 que realizar\u00e1 una actualizaci\u00f3n del Formulario I-539, Solicitud para extender \/","og_url":"https:\/\/accesolatino.org\/en\/anuncian-cambios-en-el-formulario-de-cambio-de-estatus-migratorio\/noticias\/","og_site_name":"Acceso Latino","article_publisher":"https:\/\/www.facebook.com\/AccesoLatinoOrg","article_published_time":"2019-02-13T17:00:30+00:00","article_modified_time":"2025-10-27T16:19:41+00:00","og_image":[{"width":600,"height":338,"url":"https:\/\/accesolatino.org\/wp-content\/uploads\/2019\/04\/Anuncian-cambios-en-el-formulario-de-cambio-de-estatus-migratorio.jpg","type":"image\/jpeg"}],"author":"Noticias","twitter_card":"summary_large_image","twitter_creator":"@FAccLatino","twitter_site":"@FAccLatino","twitter_misc":{"Written by":"Noticias","Est. reading time":"2 minutes"},"schema":{"@context":"https:\/\/schema.org","@graph":[{"@type":"Article","@id":"https:\/\/accesolatino.org\/anuncian-cambios-en-el-formulario-de-cambio-de-estatus-migratorio\/noticias\/#article","isPartOf":{"@id":"https:\/\/accesolatino.org\/anuncian-cambios-en-el-formulario-de-cambio-de-estatus-migratorio\/noticias\/"},"author":{"name":"Noticias","@id":"https:\/\/accesolatino.org\/#\/schema\/person\/57bc3bfd2c357610a5255490ca4cd305"},"headline":"Anuncian cambios en el formulario de cambio de estatus migratorio","datePublished":"2019-02-13T17:00:30+00:00","dateModified":"2025-10-27T16:19:41+00:00","mainEntityOfPage":{"@id":"https:\/\/accesolatino.org\/anuncian-cambios-en-el-formulario-de-cambio-de-estatus-migratorio\/noticias\/"},"wordCount":396,"commentCount":0,"publisher":{"@id":"https:\/\/accesolatino.org\/#organization"},"image":{"@id":"https:\/\/accesolatino.org\/anuncian-cambios-en-el-formulario-de-cambio-de-estatus-migratorio\/noticias\/#primaryimage"},"thumbnailUrl":"https:\/\/accesolatino.org\/wp-content\/uploads\/2019\/04\/Anuncian-cambios-en-el-formulario-de-cambio-de-estatus-migratorio.jpg","articleSection":["Noticias","Temas de inter\u00e9s"],"inLanguage":"en-US","potentialAction":[{"@type":"CommentAction","name":"Comment","target":["https:\/\/accesolatino.org\/anuncian-cambios-en-el-formulario-de-cambio-de-estatus-migratorio\/noticias\/#respond"]}]},{"@type":"WebPage","@id":"https:\/\/accesolatino.org\/anuncian-cambios-en-el-formulario-de-cambio-de-estatus-migratorio\/noticias\/","url":"https:\/\/accesolatino.org\/anuncian-cambios-en-el-formulario-de-cambio-de-estatus-migratorio\/noticias\/","name":"Anuncian cambios en el formulario de cambio de estatus migratorio","isPartOf":{"@id":"https:\/\/accesolatino.org\/#website"},"primaryImageOfPage":{"@id":"https:\/\/accesolatino.org\/anuncian-cambios-en-el-formulario-de-cambio-de-estatus-migratorio\/noticias\/#primaryimage"},"image":{"@id":"https:\/\/accesolatino.org\/anuncian-cambios-en-el-formulario-de-cambio-de-estatus-migratorio\/noticias\/#primaryimage"},"thumbnailUrl":"https:\/\/accesolatino.org\/wp-content\/uploads\/2019\/04\/Anuncian-cambios-en-el-formulario-de-cambio-de-estatus-migratorio.jpg","datePublished":"2019-02-13T17:00:30+00:00","dateModified":"2025-10-27T16:19:41+00:00","description":"Despu\u00e9s de una revisi\u00f3n de procedimiento USCIS anunci\u00f3 que realizar\u00e1 una actualizaci\u00f3n del Formulario I-539, Solicitud para extender \/","breadcrumb":{"@id":"https:\/\/accesolatino.org\/anuncian-cambios-en-el-formulario-de-cambio-de-estatus-migratorio\/noticias\/#breadcrumb"},"inLanguage":"en-US","potentialAction":[{"@type":"ReadAction","target":["https:\/\/accesolatino.org\/anuncian-cambios-en-el-formulario-de-cambio-de-estatus-migratorio\/noticias\/"]}]},{"@type":"ImageObject","inLanguage":"en-US","@id":"https:\/\/accesolatino.org\/anuncian-cambios-en-el-formulario-de-cambio-de-estatus-migratorio\/noticias\/#primaryimage","url":"https:\/\/accesolatino.org\/wp-content\/uploads\/2019\/04\/Anuncian-cambios-en-el-formulario-de-cambio-de-estatus-migratorio.jpg","contentUrl":"https:\/\/accesolatino.org\/wp-content\/uploads\/2019\/04\/Anuncian-cambios-en-el-formulario-de-cambio-de-estatus-migratorio.jpg","width":600,"height":338,"caption":"Anuncian cambios en el formulario de cambio de estatus migratorio"},{"@type":"BreadcrumbList","@id":"https:\/\/accesolatino.org\/anuncian-cambios-en-el-formulario-de-cambio-de-estatus-migratorio\/noticias\/#breadcrumb","itemListElement":[{"@type":"ListItem","position":1,"name":"Portada","item":"https:\/\/accesolatino.org\/"},{"@type":"ListItem","position":2,"name":"Noticias","item":"https:\/\/accesolatino.org\/category\/noticias\/"},{"@type":"ListItem","position":3,"name":"Anuncian cambios en el formulario de cambio de estatus migratorio"}]},{"@type":"WebSite","@id":"https:\/\/accesolatino.org\/#website","url":"https:\/\/accesolatino.org\/","name":"Acceso Latino | Fundaci\u00f3n Carlos Slim","description":"Fundaci\u00f3n Carlos Slim","publisher":{"@id":"https:\/\/accesolatino.org\/#organization"},"potentialAction":[{"@type":"SearchAction","target":{"@type":"EntryPoint","urlTemplate":"https:\/\/accesolatino.org\/?s={search_term_string}"},"query-input":{"@type":"PropertyValueSpecification","valueRequired":true,"valueName":"search_term_string"}}],"inLanguage":"en-US"},{"@type":"Organization","@id":"https:\/\/accesolatino.org\/#organization","name":"Acceso Latino | Fundaci\u00f3n Carlos Slim","url":"https:\/\/accesolatino.org\/","logo":{"@type":"ImageObject","inLanguage":"en-US","@id":"https:\/\/accesolatino.org\/#\/schema\/logo\/image\/","url":"https:\/\/accesolatino.org\/wp-content\/uploads\/2021\/02\/logo-footer-acceso-latino.png","contentUrl":"https:\/\/accesolatino.org\/wp-content\/uploads\/2021\/02\/logo-footer-acceso-latino.png","width":240,"height":40,"caption":"Acceso Latino | Fundaci\u00f3n Carlos Slim"},"image":{"@id":"https:\/\/accesolatino.org\/#\/schema\/logo\/image\/"},"sameAs":["https:\/\/www.facebook.com\/AccesoLatinoOrg","https:\/\/x.com\/FAccLatino"]},{"@type":"Person","@id":"https:\/\/accesolatino.org\/#\/schema\/person\/57bc3bfd2c357610a5255490ca4cd305","name":"News"}]}},"_links":{"self":[{"href":"https:\/\/accesolatino.org\/en\/wp-json\/wp\/v2\/posts\/16690","targetHints":{"allow":["GET"]}}],"collection":[{"href":"https:\/\/accesolatino.org\/en\/wp-json\/wp\/v2\/posts"}],"about":[{"href":"https:\/\/accesolatino.org\/en\/wp-json\/wp\/v2\/types\/post"}],"author":[{"embeddable":true,"href":"https:\/\/accesolatino.org\/en\/wp-json\/wp\/v2\/users\/13"}],"replies":[{"embeddable":true,"href":"https:\/\/accesolatino.org\/en\/wp-json\/wp\/v2\/comments?post=16690"}],"version-history":[{"count":1,"href":"https:\/\/accesolatino.org\/en\/wp-json\/wp\/v2\/posts\/16690\/revisions"}],"predecessor-version":[{"id":66443,"href":"https:\/\/accesolatino.org\/en\/wp-json\/wp\/v2\/posts\/16690\/revisions\/66443"}],"wp:featuredmedia":[{"embeddable":true,"href":"https:\/\/accesolatino.org\/en\/wp-json\/wp\/v2\/media\/16691"}],"wp:attachment":[{"href":"https:\/\/accesolatino.org\/en\/wp-json\/wp\/v2\/media?parent=16690"}],"wp:term":[{"taxonomy":"category","embeddable":true,"href":"https:\/\/accesolatino.org\/en\/wp-json\/wp\/v2\/categories?post=16690"},{"taxonomy":"post_tag","embeddable":true,"href":"https:\/\/accesolatino.org\/en\/wp-json\/wp\/v2\/tags?post=16690"}],"curies":[{"name":"wp","href":"https:\/\/api.w.org\/{rel}","templated":true}]}}