{"id":16674,"date":"2019-02-15T11:00:32","date_gmt":"2019-02-15T17:00:32","guid":{"rendered":"https:\/\/accesolatino.org\/?p=16674"},"modified":"2025-10-27T10:18:59","modified_gmt":"2025-10-27T16:18:59","slug":"la-gastritis-podria-ser-causa-cancer-gastrico","status":"publish","type":"post","link":"https:\/\/accesolatino.org\/en\/la-gastritis-podria-ser-causa-cancer-gastrico\/noticias\/","title":{"rendered":"La gastritis podr\u00eda ser causa c\u00e1ncer g\u00e1strico"},"content":{"rendered":"<div data-elementor-type=\"wp-post\" data-elementor-id=\"16674\" class=\"elementor elementor-16674\">\n\t\t\t\t\t\t<section class=\"elementor-section elementor-top-section elementor-element elementor-element-369f77a elementor-section-boxed elementor-section-height-default elementor-section-height-default wpr-particle-no wpr-jarallax-no wpr-parallax-no wpr-sticky-section-no wpr-equal-height-no\" data-id=\"369f77a\" data-element_type=\"section\" data-e-type=\"section\">\n\t\t\t\t\t\t<div class=\"elementor-container elementor-column-gap-default\">\n\t\t\t\t\t<div class=\"elementor-column elementor-col-100 elementor-top-column elementor-element elementor-element-8ef62e2\" data-id=\"8ef62e2\" data-element_type=\"column\" data-e-type=\"column\">\n\t\t\t<div class=\"elementor-widget-wrap elementor-element-populated\">\n\t\t\t\t\t\t<div class=\"elementor-element elementor-element-d9121ee elementor-widget elementor-widget-text-editor\" data-id=\"d9121ee\" data-element_type=\"widget\" data-e-type=\"widget\" data-widget_type=\"text-editor.default\">\n\t\t\t\t<div class=\"elementor-widget-container\">\n\t\t\t\t\t\t\t\t\t<p>Una de las enfermedades m\u00e1s comunes es la gastritis y suele afectar de diferentes formas, al ser tan com\u00fan, muchos pacientes no se atienden y cuando los s\u00edntomas empeoran, al asistir al m\u00e9dico resultan en c\u00e1ncer. Las principales causas que la provocan son:<\/p><ul><li>Alto consumo de alimentos saturados en grasa<\/li><li>Irritantes<\/li><li>Ayunos prolongados<\/li><li>Fumar<\/li><li>Aumento en la ingesta de alcohol<\/li><\/ul><p>Entre los s\u00edntomas que derivan en c\u00e1ncer g\u00e1strico, se encuentran dolor abdominal, n\u00e1useas, agruras e intolerancia a los alimentos; frente a estos s\u00edntomas, se recomienda a los pacientes acudir con un gastroenter\u00f3logo, \u00e9ste determinar\u00e1 el diagn\u00f3stico y tratamiento. Si se detecta a tiempo cualquier indicio de este c\u00e1ncer, todav\u00eda es curable.<\/p><p>Los m\u00e9dicos recomiendan asistir al especialista si padecen s\u00edntomas c\u00f3mo: \u00a0acidez g\u00e1strica, reflujo o ardor en el est\u00f3mago durante un mes o m\u00e1s, as\u00ed podr\u00eda detectarse a tiempo y prevenir el c\u00e1ncer.<\/p><p>Si te interesa saber m\u00e1s de los cuidados que debes tener, entra a accesolatino.org y en nuestra secci\u00f3n de <a href=\"https:\/\/accesolatino.org\/en\/salud\/\">\u201cSalud\u201d<\/a> podr\u00e1s encontrar informaci\u00f3n valiosa en el apartado de <a href=\"https:\/\/www.clikisalud.net\/\">clikisalud<\/a>, as\u00ed como cl\u00ednicas a bajo costo cerca de tu hogar en Estados Unidos.<\/p>\t\t\t\t\t\t\t\t<\/div>\n\t\t\t\t<\/div>\n\t\t\t\t\t<\/div>\n\t\t<\/div>\n\t\t\t\t\t<\/div>\n\t\t<\/section>\n\t\t\t\t<\/div>","protected":false},"excerpt":{"rendered":"<p>Una de las enfermedades m\u00e1s comunes es la gastritis y suele afectar de diferentes formas, al ser tan com\u00fan, muchos pacientes no se atienden y cuando los s\u00edntomas empeoran, al asistir al m\u00e9dico resultan en c\u00e1ncer. Las principales causas que la provocan son: Alto consumo de alimentos saturados en grasa Irritantes Ayunos prolongados Fumar Aumento en la ingesta de alcohol Entre los s\u00edntomas que derivan en c\u00e1ncer g\u00e1strico, se encuentran dolor abdominal, n\u00e1useas, agruras e intolerancia a los alimentos; frente a estos s\u00edntomas, se recomienda a los pacientes acudir con un gastroenter\u00f3logo, \u00e9ste determinar\u00e1 el diagn\u00f3stico y tratamiento. Si se detecta a tiempo cualquier indicio de este c\u00e1ncer, todav\u00eda es curable. Los m\u00e9dicos recomiendan asistir al especialista si padecen s\u00edntomas c\u00f3mo: &nbsp;acidez g\u00e1strica, reflujo o ardor en el est\u00f3mago durante un mes o m\u00e1s, as\u00ed podr\u00eda detectarse a tiempo y prevenir el c\u00e1ncer. Si te interesa saber m\u00e1s de los cuidados que debes tener, entra a accesolatino.org y en nuestra secci\u00f3n de \u201cSalud\u201d podr\u00e1s encontrar informaci\u00f3n valiosa en el apartado de clikisalud, as\u00ed como cl\u00ednicas a bajo costo cerca de tu hogar en Estados Unidos.<\/p>","protected":false},"author":13,"featured_media":16675,"comment_status":"open","ping_status":"open","sticky":false,"template":"","format":"standard","meta":{"_uf_show_specific_survey":0,"_uf_disable_surveys":false,"footnotes":""},"categories":[10,1],"tags":[],"class_list":["post-16674","post","type-post","status-publish","format-standard","has-post-thumbnail","hentry","category-noticias","category-temas-de-interes"],"aioseo_notices":[],"yoast_head":"<!-- This site is optimized with the Yoast SEO plugin v27.5 - https:\/\/yoast.com\/product\/yoast-seo-wordpress\/ -->\n<title>La gastritis podr\u00eda ser causa c\u00e1ncer g\u00e1strico<\/title>\n<meta name=\"description\" content=\"Una de las enfermedades m\u00e1s comunes es la gastritis y suele afectar de diferentes formas, al ser tan com\u00fan, muchos pacientes no se atienden\" \/>\n<meta name=\"robots\" content=\"index, follow, max-snippet:-1, max-image-preview:large, max-video-preview:-1\" \/>\n<link rel=\"canonical\" href=\"https:\/\/accesolatino.org\/en\/la-gastritis-podria-ser-causa-cancer-gastrico\/noticias\/\" \/>\n<meta property=\"og:locale\" content=\"en_US\" \/>\n<meta property=\"og:type\" content=\"article\" \/>\n<meta property=\"og:title\" content=\"La gastritis podr\u00eda ser causa c\u00e1ncer g\u00e1strico\" \/>\n<meta property=\"og:description\" content=\"Una de las enfermedades m\u00e1s comunes es la gastritis y suele afectar de diferentes formas, al ser tan com\u00fan, muchos pacientes no se atienden\" \/>\n<meta property=\"og:url\" content=\"https:\/\/accesolatino.org\/en\/la-gastritis-podria-ser-causa-cancer-gastrico\/noticias\/\" \/>\n<meta property=\"og:site_name\" content=\"Acceso Latino\" \/>\n<meta property=\"article:publisher\" content=\"https:\/\/www.facebook.com\/AccesoLatinoOrg\" \/>\n<meta property=\"article:published_time\" content=\"2019-02-15T17:00:32+00:00\" \/>\n<meta property=\"article:modified_time\" content=\"2025-10-27T16:18:59+00:00\" \/>\n<meta property=\"og:image\" content=\"https:\/\/accesolatino.org\/wp-content\/uploads\/2019\/04\/La-gastritis-podria-ser-causa-cancer-gastrico.jpg\" \/>\n\t<meta property=\"og:image:width\" content=\"600\" \/>\n\t<meta property=\"og:image:height\" content=\"338\" \/>\n\t<meta property=\"og:image:type\" content=\"image\/jpeg\" \/>\n<meta name=\"author\" content=\"Noticias\" \/>\n<meta name=\"twitter:card\" content=\"summary_large_image\" \/>\n<meta name=\"twitter:creator\" content=\"@FAccLatino\" \/>\n<meta name=\"twitter:site\" content=\"@FAccLatino\" \/>\n<meta name=\"twitter:label1\" content=\"Written by\" \/>\n\t<meta name=\"twitter:data1\" content=\"Noticias\" \/>\n\t<meta name=\"twitter:label2\" content=\"Est. reading time\" \/>\n\t<meta name=\"twitter:data2\" content=\"2 minutes\" \/>\n<script type=\"application\/ld+json\" class=\"yoast-schema-graph\">{\"@context\":\"https:\\\/\\\/schema.org\",\"@graph\":[{\"@type\":\"Article\",\"@id\":\"https:\\\/\\\/accesolatino.org\\\/la-gastritis-podria-ser-causa-cancer-gastrico\\\/noticias\\\/#article\",\"isPartOf\":{\"@id\":\"https:\\\/\\\/accesolatino.org\\\/la-gastritis-podria-ser-causa-cancer-gastrico\\\/noticias\\\/\"},\"author\":{\"name\":\"Noticias\",\"@id\":\"https:\\\/\\\/accesolatino.org\\\/#\\\/schema\\\/person\\\/57bc3bfd2c357610a5255490ca4cd305\"},\"headline\":\"La gastritis podr\u00eda ser causa c\u00e1ncer g\u00e1strico\",\"datePublished\":\"2019-02-15T17:00:32+00:00\",\"dateModified\":\"2025-10-27T16:18:59+00:00\",\"mainEntityOfPage\":{\"@id\":\"https:\\\/\\\/accesolatino.org\\\/la-gastritis-podria-ser-causa-cancer-gastrico\\\/noticias\\\/\"},\"wordCount\":224,\"commentCount\":0,\"publisher\":{\"@id\":\"https:\\\/\\\/accesolatino.org\\\/#organization\"},\"image\":{\"@id\":\"https:\\\/\\\/accesolatino.org\\\/la-gastritis-podria-ser-causa-cancer-gastrico\\\/noticias\\\/#primaryimage\"},\"thumbnailUrl\":\"https:\\\/\\\/accesolatino.org\\\/wp-content\\\/uploads\\\/2019\\\/04\\\/La-gastritis-podria-ser-causa-cancer-gastrico.jpg\",\"articleSection\":[\"Noticias\",\"Temas de inter\u00e9s\"],\"inLanguage\":\"en-US\",\"potentialAction\":[{\"@type\":\"CommentAction\",\"name\":\"Comment\",\"target\":[\"https:\\\/\\\/accesolatino.org\\\/la-gastritis-podria-ser-causa-cancer-gastrico\\\/noticias\\\/#respond\"]}]},{\"@type\":\"WebPage\",\"@id\":\"https:\\\/\\\/accesolatino.org\\\/la-gastritis-podria-ser-causa-cancer-gastrico\\\/noticias\\\/\",\"url\":\"https:\\\/\\\/accesolatino.org\\\/la-gastritis-podria-ser-causa-cancer-gastrico\\\/noticias\\\/\",\"name\":\"La gastritis podr\u00eda ser causa c\u00e1ncer g\u00e1strico\",\"isPartOf\":{\"@id\":\"https:\\\/\\\/accesolatino.org\\\/#website\"},\"primaryImageOfPage\":{\"@id\":\"https:\\\/\\\/accesolatino.org\\\/la-gastritis-podria-ser-causa-cancer-gastrico\\\/noticias\\\/#primaryimage\"},\"image\":{\"@id\":\"https:\\\/\\\/accesolatino.org\\\/la-gastritis-podria-ser-causa-cancer-gastrico\\\/noticias\\\/#primaryimage\"},\"thumbnailUrl\":\"https:\\\/\\\/accesolatino.org\\\/wp-content\\\/uploads\\\/2019\\\/04\\\/La-gastritis-podria-ser-causa-cancer-gastrico.jpg\",\"datePublished\":\"2019-02-15T17:00:32+00:00\",\"dateModified\":\"2025-10-27T16:18:59+00:00\",\"description\":\"Una de las enfermedades m\u00e1s comunes es la gastritis y suele afectar de diferentes formas, al ser tan com\u00fan, muchos pacientes no se atienden\",\"breadcrumb\":{\"@id\":\"https:\\\/\\\/accesolatino.org\\\/la-gastritis-podria-ser-causa-cancer-gastrico\\\/noticias\\\/#breadcrumb\"},\"inLanguage\":\"en-US\",\"potentialAction\":[{\"@type\":\"ReadAction\",\"target\":[\"https:\\\/\\\/accesolatino.org\\\/la-gastritis-podria-ser-causa-cancer-gastrico\\\/noticias\\\/\"]}]},{\"@type\":\"ImageObject\",\"inLanguage\":\"en-US\",\"@id\":\"https:\\\/\\\/accesolatino.org\\\/la-gastritis-podria-ser-causa-cancer-gastrico\\\/noticias\\\/#primaryimage\",\"url\":\"https:\\\/\\\/accesolatino.org\\\/wp-content\\\/uploads\\\/2019\\\/04\\\/La-gastritis-podria-ser-causa-cancer-gastrico.jpg\",\"contentUrl\":\"https:\\\/\\\/accesolatino.org\\\/wp-content\\\/uploads\\\/2019\\\/04\\\/La-gastritis-podria-ser-causa-cancer-gastrico.jpg\",\"width\":600,\"height\":338,\"caption\":\"La gastritis podria ser causa cancer gastrico\"},{\"@type\":\"BreadcrumbList\",\"@id\":\"https:\\\/\\\/accesolatino.org\\\/la-gastritis-podria-ser-causa-cancer-gastrico\\\/noticias\\\/#breadcrumb\",\"itemListElement\":[{\"@type\":\"ListItem\",\"position\":1,\"name\":\"Portada\",\"item\":\"https:\\\/\\\/accesolatino.org\\\/\"},{\"@type\":\"ListItem\",\"position\":2,\"name\":\"Noticias\",\"item\":\"https:\\\/\\\/accesolatino.org\\\/category\\\/noticias\\\/\"},{\"@type\":\"ListItem\",\"position\":3,\"name\":\"La gastritis podr\u00eda ser causa c\u00e1ncer g\u00e1strico\"}]},{\"@type\":\"WebSite\",\"@id\":\"https:\\\/\\\/accesolatino.org\\\/#website\",\"url\":\"https:\\\/\\\/accesolatino.org\\\/\",\"name\":\"Acceso Latino | Fundaci\u00f3n Carlos Slim\",\"description\":\"Fundaci\u00f3n Carlos Slim\",\"publisher\":{\"@id\":\"https:\\\/\\\/accesolatino.org\\\/#organization\"},\"potentialAction\":[{\"@type\":\"SearchAction\",\"target\":{\"@type\":\"EntryPoint\",\"urlTemplate\":\"https:\\\/\\\/accesolatino.org\\\/?s={search_term_string}\"},\"query-input\":{\"@type\":\"PropertyValueSpecification\",\"valueRequired\":true,\"valueName\":\"search_term_string\"}}],\"inLanguage\":\"en-US\"},{\"@type\":\"Organization\",\"@id\":\"https:\\\/\\\/accesolatino.org\\\/#organization\",\"name\":\"Acceso Latino | Fundaci\u00f3n Carlos Slim\",\"url\":\"https:\\\/\\\/accesolatino.org\\\/\",\"logo\":{\"@type\":\"ImageObject\",\"inLanguage\":\"en-US\",\"@id\":\"https:\\\/\\\/accesolatino.org\\\/#\\\/schema\\\/logo\\\/image\\\/\",\"url\":\"https:\\\/\\\/accesolatino.org\\\/wp-content\\\/uploads\\\/2021\\\/02\\\/logo-footer-acceso-latino.png\",\"contentUrl\":\"https:\\\/\\\/accesolatino.org\\\/wp-content\\\/uploads\\\/2021\\\/02\\\/logo-footer-acceso-latino.png\",\"width\":240,\"height\":40,\"caption\":\"Acceso Latino | Fundaci\u00f3n Carlos Slim\"},\"image\":{\"@id\":\"https:\\\/\\\/accesolatino.org\\\/#\\\/schema\\\/logo\\\/image\\\/\"},\"sameAs\":[\"https:\\\/\\\/www.facebook.com\\\/AccesoLatinoOrg\",\"https:\\\/\\\/x.com\\\/FAccLatino\"]},{\"@type\":\"Person\",\"@id\":\"https:\\\/\\\/accesolatino.org\\\/#\\\/schema\\\/person\\\/57bc3bfd2c357610a5255490ca4cd305\",\"name\":\"Noticias\"}]}<\/script>\n<!-- \/ Yoast SEO plugin. -->","yoast_head_json":{"title":"La gastritis podr\u00eda ser causa c\u00e1ncer g\u00e1strico","description":"Una de las enfermedades m\u00e1s comunes es la gastritis y suele afectar de diferentes formas, al ser tan com\u00fan, muchos pacientes no se atienden","robots":{"index":"index","follow":"follow","max-snippet":"max-snippet:-1","max-image-preview":"max-image-preview:large","max-video-preview":"max-video-preview:-1"},"canonical":"https:\/\/accesolatino.org\/en\/la-gastritis-podria-ser-causa-cancer-gastrico\/noticias\/","og_locale":"en_US","og_type":"article","og_title":"La gastritis podr\u00eda ser causa c\u00e1ncer g\u00e1strico","og_description":"Una de las enfermedades m\u00e1s comunes es la gastritis y suele afectar de diferentes formas, al ser tan com\u00fan, muchos pacientes no se atienden","og_url":"https:\/\/accesolatino.org\/en\/la-gastritis-podria-ser-causa-cancer-gastrico\/noticias\/","og_site_name":"Acceso Latino","article_publisher":"https:\/\/www.facebook.com\/AccesoLatinoOrg","article_published_time":"2019-02-15T17:00:32+00:00","article_modified_time":"2025-10-27T16:18:59+00:00","og_image":[{"width":600,"height":338,"url":"https:\/\/accesolatino.org\/wp-content\/uploads\/2019\/04\/La-gastritis-podria-ser-causa-cancer-gastrico.jpg","type":"image\/jpeg"}],"author":"Noticias","twitter_card":"summary_large_image","twitter_creator":"@FAccLatino","twitter_site":"@FAccLatino","twitter_misc":{"Written by":"Noticias","Est. reading time":"2 minutes"},"schema":{"@context":"https:\/\/schema.org","@graph":[{"@type":"Article","@id":"https:\/\/accesolatino.org\/la-gastritis-podria-ser-causa-cancer-gastrico\/noticias\/#article","isPartOf":{"@id":"https:\/\/accesolatino.org\/la-gastritis-podria-ser-causa-cancer-gastrico\/noticias\/"},"author":{"name":"Noticias","@id":"https:\/\/accesolatino.org\/#\/schema\/person\/57bc3bfd2c357610a5255490ca4cd305"},"headline":"La gastritis podr\u00eda ser causa c\u00e1ncer g\u00e1strico","datePublished":"2019-02-15T17:00:32+00:00","dateModified":"2025-10-27T16:18:59+00:00","mainEntityOfPage":{"@id":"https:\/\/accesolatino.org\/la-gastritis-podria-ser-causa-cancer-gastrico\/noticias\/"},"wordCount":224,"commentCount":0,"publisher":{"@id":"https:\/\/accesolatino.org\/#organization"},"image":{"@id":"https:\/\/accesolatino.org\/la-gastritis-podria-ser-causa-cancer-gastrico\/noticias\/#primaryimage"},"thumbnailUrl":"https:\/\/accesolatino.org\/wp-content\/uploads\/2019\/04\/La-gastritis-podria-ser-causa-cancer-gastrico.jpg","articleSection":["Noticias","Temas de inter\u00e9s"],"inLanguage":"en-US","potentialAction":[{"@type":"CommentAction","name":"Comment","target":["https:\/\/accesolatino.org\/la-gastritis-podria-ser-causa-cancer-gastrico\/noticias\/#respond"]}]},{"@type":"WebPage","@id":"https:\/\/accesolatino.org\/la-gastritis-podria-ser-causa-cancer-gastrico\/noticias\/","url":"https:\/\/accesolatino.org\/la-gastritis-podria-ser-causa-cancer-gastrico\/noticias\/","name":"La gastritis podr\u00eda ser causa c\u00e1ncer g\u00e1strico","isPartOf":{"@id":"https:\/\/accesolatino.org\/#website"},"primaryImageOfPage":{"@id":"https:\/\/accesolatino.org\/la-gastritis-podria-ser-causa-cancer-gastrico\/noticias\/#primaryimage"},"image":{"@id":"https:\/\/accesolatino.org\/la-gastritis-podria-ser-causa-cancer-gastrico\/noticias\/#primaryimage"},"thumbnailUrl":"https:\/\/accesolatino.org\/wp-content\/uploads\/2019\/04\/La-gastritis-podria-ser-causa-cancer-gastrico.jpg","datePublished":"2019-02-15T17:00:32+00:00","dateModified":"2025-10-27T16:18:59+00:00","description":"Una de las enfermedades m\u00e1s comunes es la gastritis y suele afectar de diferentes formas, al ser tan com\u00fan, muchos pacientes no se atienden","breadcrumb":{"@id":"https:\/\/accesolatino.org\/la-gastritis-podria-ser-causa-cancer-gastrico\/noticias\/#breadcrumb"},"inLanguage":"en-US","potentialAction":[{"@type":"ReadAction","target":["https:\/\/accesolatino.org\/la-gastritis-podria-ser-causa-cancer-gastrico\/noticias\/"]}]},{"@type":"ImageObject","inLanguage":"en-US","@id":"https:\/\/accesolatino.org\/la-gastritis-podria-ser-causa-cancer-gastrico\/noticias\/#primaryimage","url":"https:\/\/accesolatino.org\/wp-content\/uploads\/2019\/04\/La-gastritis-podria-ser-causa-cancer-gastrico.jpg","contentUrl":"https:\/\/accesolatino.org\/wp-content\/uploads\/2019\/04\/La-gastritis-podria-ser-causa-cancer-gastrico.jpg","width":600,"height":338,"caption":"La gastritis podria ser causa cancer gastrico"},{"@type":"BreadcrumbList","@id":"https:\/\/accesolatino.org\/la-gastritis-podria-ser-causa-cancer-gastrico\/noticias\/#breadcrumb","itemListElement":[{"@type":"ListItem","position":1,"name":"Portada","item":"https:\/\/accesolatino.org\/"},{"@type":"ListItem","position":2,"name":"Noticias","item":"https:\/\/accesolatino.org\/category\/noticias\/"},{"@type":"ListItem","position":3,"name":"La gastritis podr\u00eda ser causa c\u00e1ncer g\u00e1strico"}]},{"@type":"WebSite","@id":"https:\/\/accesolatino.org\/#website","url":"https:\/\/accesolatino.org\/","name":"Acceso Latino | Fundaci\u00f3n Carlos Slim","description":"Fundaci\u00f3n Carlos Slim","publisher":{"@id":"https:\/\/accesolatino.org\/#organization"},"potentialAction":[{"@type":"SearchAction","target":{"@type":"EntryPoint","urlTemplate":"https:\/\/accesolatino.org\/?s={search_term_string}"},"query-input":{"@type":"PropertyValueSpecification","valueRequired":true,"valueName":"search_term_string"}}],"inLanguage":"en-US"},{"@type":"Organization","@id":"https:\/\/accesolatino.org\/#organization","name":"Acceso Latino | Fundaci\u00f3n Carlos Slim","url":"https:\/\/accesolatino.org\/","logo":{"@type":"ImageObject","inLanguage":"en-US","@id":"https:\/\/accesolatino.org\/#\/schema\/logo\/image\/","url":"https:\/\/accesolatino.org\/wp-content\/uploads\/2021\/02\/logo-footer-acceso-latino.png","contentUrl":"https:\/\/accesolatino.org\/wp-content\/uploads\/2021\/02\/logo-footer-acceso-latino.png","width":240,"height":40,"caption":"Acceso Latino | Fundaci\u00f3n Carlos Slim"},"image":{"@id":"https:\/\/accesolatino.org\/#\/schema\/logo\/image\/"},"sameAs":["https:\/\/www.facebook.com\/AccesoLatinoOrg","https:\/\/x.com\/FAccLatino"]},{"@type":"Person","@id":"https:\/\/accesolatino.org\/#\/schema\/person\/57bc3bfd2c357610a5255490ca4cd305","name":"News"}]}},"_links":{"self":[{"href":"https:\/\/accesolatino.org\/en\/wp-json\/wp\/v2\/posts\/16674","targetHints":{"allow":["GET"]}}],"collection":[{"href":"https:\/\/accesolatino.org\/en\/wp-json\/wp\/v2\/posts"}],"about":[{"href":"https:\/\/accesolatino.org\/en\/wp-json\/wp\/v2\/types\/post"}],"author":[{"embeddable":true,"href":"https:\/\/accesolatino.org\/en\/wp-json\/wp\/v2\/users\/13"}],"replies":[{"embeddable":true,"href":"https:\/\/accesolatino.org\/en\/wp-json\/wp\/v2\/comments?post=16674"}],"version-history":[{"count":1,"href":"https:\/\/accesolatino.org\/en\/wp-json\/wp\/v2\/posts\/16674\/revisions"}],"predecessor-version":[{"id":66440,"href":"https:\/\/accesolatino.org\/en\/wp-json\/wp\/v2\/posts\/16674\/revisions\/66440"}],"wp:featuredmedia":[{"embeddable":true,"href":"https:\/\/accesolatino.org\/en\/wp-json\/wp\/v2\/media\/16675"}],"wp:attachment":[{"href":"https:\/\/accesolatino.org\/en\/wp-json\/wp\/v2\/media?parent=16674"}],"wp:term":[{"taxonomy":"category","embeddable":true,"href":"https:\/\/accesolatino.org\/en\/wp-json\/wp\/v2\/categories?post=16674"},{"taxonomy":"post_tag","embeddable":true,"href":"https:\/\/accesolatino.org\/en\/wp-json\/wp\/v2\/tags?post=16674"}],"curies":[{"name":"wp","href":"https:\/\/api.w.org\/{rel}","templated":true}]}}