{"id":16670,"date":"2019-02-15T11:00:30","date_gmt":"2019-02-15T17:00:30","guid":{"rendered":"https:\/\/accesolatino.org\/?p=16670"},"modified":"2025-10-27T10:19:10","modified_gmt":"2025-10-27T16:19:10","slug":"empresarios-mandan-carta-en-apoyo-a-los-dreamers","status":"publish","type":"post","link":"https:\/\/accesolatino.org\/en\/empresarios-mandan-carta-en-apoyo-a-los-dreamers\/noticias\/","title":{"rendered":"Empresarios mandan carta en apoyo a los \u201cdreamers\u201d"},"content":{"rendered":"<div data-elementor-type=\"wp-post\" data-elementor-id=\"16670\" class=\"elementor elementor-16670\">\n\t\t\t\t\t\t<section class=\"elementor-section elementor-top-section elementor-element elementor-element-369f77a elementor-section-boxed elementor-section-height-default elementor-section-height-default wpr-particle-no wpr-jarallax-no wpr-parallax-no wpr-sticky-section-no wpr-equal-height-no\" data-id=\"369f77a\" data-element_type=\"section\" data-e-type=\"section\">\n\t\t\t\t\t\t<div class=\"elementor-container elementor-column-gap-default\">\n\t\t\t\t\t<div class=\"elementor-column elementor-col-100 elementor-top-column elementor-element elementor-element-8ef62e2\" data-id=\"8ef62e2\" data-element_type=\"column\" data-e-type=\"column\">\n\t\t\t<div class=\"elementor-widget-wrap elementor-element-populated\">\n\t\t\t\t\t\t<div class=\"elementor-element elementor-element-d9121ee elementor-widget elementor-widget-text-editor\" data-id=\"d9121ee\" data-element_type=\"widget\" data-e-type=\"widget\" data-widget_type=\"text-editor.default\">\n\t\t\t\t<div class=\"elementor-widget-container\">\n\t\t\t\t\t\t\t\t\t<p>Empresarios importantes de Estados Unidos se unieron para enviar una carta al Congreso para exigir una soluci\u00f3n que proteja a los beneficiarios del programa DACA: Acci\u00f3n Diferida para los Llegados en la Infancia. Dicha carta est\u00e1 dirigida a Nancy Pelosi, presidenta dem\u00f3crata de la C\u00e1mara de Representantes y a Mitch McConnell, jefe de la mayor\u00eda republicana en el Senado.<\/p><p>Con \u00e9sta se busca ayudar a miles de j\u00f3venes inmigrantes para que puedan vivir y trabajar legalmente en el pa\u00eds, sin el peligro de que puedan ser deportados.<\/p><p>Los empresarios mencionaron la relevancia que tienen los j\u00f3venes inmigrantes para la econom\u00eda, se sugiere que, al no existir dicha ayuda, habr\u00eda una p\u00e9rdida grande en el PIB del pa\u00eds; as\u00ed buscan presionar que el Congreso apruebe una ley definitiva que promueva el apoyo que los dreamers necesitan.<\/p><p>Entre las personalidades que firmaron la carta, est\u00e1n: Tim Cook (Apple), Jeff Bezos (Amazon), Mary Barra (General Motors), Sundar Pichai (Google) y Doug McMillon (WalMart).<\/p><p>Todos los dreamers que se encuentran en Estados Unidos podr\u00e1n mantenerse informados y hacer uso de las herramientas abiertas y gratuitas que tenemos para ustedes en accesolatino.org en distintas materias como educaci\u00f3n, buscas empleo, tus Derechos, salud, entre otras.<\/p><p>Fuente: Mundo Hisp\u00e1nico<\/p>\t\t\t\t\t\t\t\t<\/div>\n\t\t\t\t<\/div>\n\t\t\t\t\t<\/div>\n\t\t<\/div>\n\t\t\t\t\t<\/div>\n\t\t<\/section>\n\t\t\t\t<\/div>","protected":false},"excerpt":{"rendered":"<p>Empresarios importantes de Estados Unidos se unieron para enviar una carta al Congreso para exigir una soluci\u00f3n que proteja a los beneficiarios del programa DACA: Acci\u00f3n Diferida para los Llegados en la Infancia. Dicha carta est\u00e1 dirigida a Nancy Pelosi, presidenta dem\u00f3crata de la C\u00e1mara de Representantes y a Mitch McConnell, jefe de la mayor\u00eda republicana en el Senado. Con \u00e9sta se busca ayudar a miles de j\u00f3venes inmigrantes para que puedan vivir y trabajar legalmente en el pa\u00eds, sin el peligro de que puedan ser deportados. Los empresarios mencionaron la relevancia que tienen los j\u00f3venes inmigrantes para la econom\u00eda, se sugiere que, al no existir dicha ayuda, habr\u00eda una p\u00e9rdida grande en el PIB del pa\u00eds; as\u00ed buscan presionar que el Congreso apruebe una ley definitiva que promueva el apoyo que los dreamers necesitan. Entre las personalidades que firmaron la carta, est\u00e1n: Tim Cook (Apple), Jeff Bezos (Amazon), Mary Barra (General Motors), Sundar Pichai (Google) y Doug McMillon (WalMart). Todos los dreamers que se encuentran en Estados Unidos podr\u00e1n mantenerse informados y hacer uso de las herramientas abiertas y gratuitas que tenemos para ustedes en accesolatino.org en distintas materias como educaci\u00f3n, buscas empleo, tus Derechos, salud, entre otras. Fuente: Mundo Hisp\u00e1nico<\/p>","protected":false},"author":13,"featured_media":16671,"comment_status":"open","ping_status":"open","sticky":false,"template":"","format":"standard","meta":{"_uf_show_specific_survey":0,"_uf_disable_surveys":false,"footnotes":""},"categories":[10,1],"tags":[],"class_list":["post-16670","post","type-post","status-publish","format-standard","has-post-thumbnail","hentry","category-noticias","category-temas-de-interes"],"aioseo_notices":[],"yoast_head":"<!-- This site is optimized with the Yoast SEO plugin v27.5 - https:\/\/yoast.com\/product\/yoast-seo-wordpress\/ -->\n<title>Empresarios mandan carta en apoyo a los \u201cdreamers\u201d<\/title>\n<meta name=\"description\" content=\"Empresarios importantes de Estados Unidos se unieron para enviar una carta al Congreso para exigir una soluci\u00f3n que proteja a los beneficiarios\" \/>\n<meta name=\"robots\" content=\"index, follow, max-snippet:-1, max-image-preview:large, max-video-preview:-1\" \/>\n<link rel=\"canonical\" href=\"https:\/\/accesolatino.org\/en\/empresarios-mandan-carta-en-apoyo-a-los-dreamers\/noticias\/\" \/>\n<meta property=\"og:locale\" content=\"en_US\" \/>\n<meta property=\"og:type\" content=\"article\" \/>\n<meta property=\"og:title\" content=\"Empresarios mandan carta en apoyo a los \u201cdreamers\u201d\" \/>\n<meta property=\"og:description\" content=\"Empresarios importantes de Estados Unidos se unieron para enviar una carta al Congreso para exigir una soluci\u00f3n que proteja a los beneficiarios\" \/>\n<meta property=\"og:url\" content=\"https:\/\/accesolatino.org\/en\/empresarios-mandan-carta-en-apoyo-a-los-dreamers\/noticias\/\" \/>\n<meta property=\"og:site_name\" content=\"Acceso Latino\" \/>\n<meta property=\"article:publisher\" content=\"https:\/\/www.facebook.com\/AccesoLatinoOrg\" \/>\n<meta property=\"article:published_time\" content=\"2019-02-15T17:00:30+00:00\" \/>\n<meta property=\"article:modified_time\" content=\"2025-10-27T16:19:10+00:00\" \/>\n<meta property=\"og:image\" content=\"https:\/\/accesolatino.org\/wp-content\/uploads\/2019\/04\/Empresarios-mandan-carta-en-apoyo-a-los-dreamers.jpg\" \/>\n\t<meta property=\"og:image:width\" content=\"600\" \/>\n\t<meta property=\"og:image:height\" content=\"338\" \/>\n\t<meta property=\"og:image:type\" content=\"image\/jpeg\" \/>\n<meta name=\"author\" content=\"Noticias\" \/>\n<meta name=\"twitter:card\" content=\"summary_large_image\" \/>\n<meta name=\"twitter:creator\" content=\"@FAccLatino\" \/>\n<meta name=\"twitter:site\" content=\"@FAccLatino\" \/>\n<meta name=\"twitter:label1\" content=\"Written by\" \/>\n\t<meta name=\"twitter:data1\" content=\"Noticias\" \/>\n\t<meta name=\"twitter:label2\" content=\"Est. reading time\" \/>\n\t<meta name=\"twitter:data2\" content=\"2 minutes\" \/>\n<script type=\"application\/ld+json\" class=\"yoast-schema-graph\">{\"@context\":\"https:\\\/\\\/schema.org\",\"@graph\":[{\"@type\":\"Article\",\"@id\":\"https:\\\/\\\/accesolatino.org\\\/empresarios-mandan-carta-en-apoyo-a-los-dreamers\\\/noticias\\\/#article\",\"isPartOf\":{\"@id\":\"https:\\\/\\\/accesolatino.org\\\/empresarios-mandan-carta-en-apoyo-a-los-dreamers\\\/noticias\\\/\"},\"author\":{\"name\":\"Noticias\",\"@id\":\"https:\\\/\\\/accesolatino.org\\\/#\\\/schema\\\/person\\\/57bc3bfd2c357610a5255490ca4cd305\"},\"headline\":\"Empresarios mandan carta en apoyo a los \u201cdreamers\u201d\",\"datePublished\":\"2019-02-15T17:00:30+00:00\",\"dateModified\":\"2025-10-27T16:19:10+00:00\",\"mainEntityOfPage\":{\"@id\":\"https:\\\/\\\/accesolatino.org\\\/empresarios-mandan-carta-en-apoyo-a-los-dreamers\\\/noticias\\\/\"},\"wordCount\":227,\"commentCount\":0,\"publisher\":{\"@id\":\"https:\\\/\\\/accesolatino.org\\\/#organization\"},\"image\":{\"@id\":\"https:\\\/\\\/accesolatino.org\\\/empresarios-mandan-carta-en-apoyo-a-los-dreamers\\\/noticias\\\/#primaryimage\"},\"thumbnailUrl\":\"https:\\\/\\\/accesolatino.org\\\/wp-content\\\/uploads\\\/2019\\\/04\\\/Empresarios-mandan-carta-en-apoyo-a-los-dreamers.jpg\",\"articleSection\":[\"Noticias\",\"Temas de inter\u00e9s\"],\"inLanguage\":\"en-US\",\"potentialAction\":[{\"@type\":\"CommentAction\",\"name\":\"Comment\",\"target\":[\"https:\\\/\\\/accesolatino.org\\\/empresarios-mandan-carta-en-apoyo-a-los-dreamers\\\/noticias\\\/#respond\"]}]},{\"@type\":\"WebPage\",\"@id\":\"https:\\\/\\\/accesolatino.org\\\/empresarios-mandan-carta-en-apoyo-a-los-dreamers\\\/noticias\\\/\",\"url\":\"https:\\\/\\\/accesolatino.org\\\/empresarios-mandan-carta-en-apoyo-a-los-dreamers\\\/noticias\\\/\",\"name\":\"Empresarios mandan carta en apoyo a los \u201cdreamers\u201d\",\"isPartOf\":{\"@id\":\"https:\\\/\\\/accesolatino.org\\\/#website\"},\"primaryImageOfPage\":{\"@id\":\"https:\\\/\\\/accesolatino.org\\\/empresarios-mandan-carta-en-apoyo-a-los-dreamers\\\/noticias\\\/#primaryimage\"},\"image\":{\"@id\":\"https:\\\/\\\/accesolatino.org\\\/empresarios-mandan-carta-en-apoyo-a-los-dreamers\\\/noticias\\\/#primaryimage\"},\"thumbnailUrl\":\"https:\\\/\\\/accesolatino.org\\\/wp-content\\\/uploads\\\/2019\\\/04\\\/Empresarios-mandan-carta-en-apoyo-a-los-dreamers.jpg\",\"datePublished\":\"2019-02-15T17:00:30+00:00\",\"dateModified\":\"2025-10-27T16:19:10+00:00\",\"description\":\"Empresarios importantes de Estados Unidos se unieron para enviar una carta al Congreso para exigir una soluci\u00f3n que proteja a los beneficiarios\",\"breadcrumb\":{\"@id\":\"https:\\\/\\\/accesolatino.org\\\/empresarios-mandan-carta-en-apoyo-a-los-dreamers\\\/noticias\\\/#breadcrumb\"},\"inLanguage\":\"en-US\",\"potentialAction\":[{\"@type\":\"ReadAction\",\"target\":[\"https:\\\/\\\/accesolatino.org\\\/empresarios-mandan-carta-en-apoyo-a-los-dreamers\\\/noticias\\\/\"]}]},{\"@type\":\"ImageObject\",\"inLanguage\":\"en-US\",\"@id\":\"https:\\\/\\\/accesolatino.org\\\/empresarios-mandan-carta-en-apoyo-a-los-dreamers\\\/noticias\\\/#primaryimage\",\"url\":\"https:\\\/\\\/accesolatino.org\\\/wp-content\\\/uploads\\\/2019\\\/04\\\/Empresarios-mandan-carta-en-apoyo-a-los-dreamers.jpg\",\"contentUrl\":\"https:\\\/\\\/accesolatino.org\\\/wp-content\\\/uploads\\\/2019\\\/04\\\/Empresarios-mandan-carta-en-apoyo-a-los-dreamers.jpg\",\"width\":600,\"height\":338,\"caption\":\"Empresarios mandan carta en apoyo a los dreamers\"},{\"@type\":\"BreadcrumbList\",\"@id\":\"https:\\\/\\\/accesolatino.org\\\/empresarios-mandan-carta-en-apoyo-a-los-dreamers\\\/noticias\\\/#breadcrumb\",\"itemListElement\":[{\"@type\":\"ListItem\",\"position\":1,\"name\":\"Portada\",\"item\":\"https:\\\/\\\/accesolatino.org\\\/\"},{\"@type\":\"ListItem\",\"position\":2,\"name\":\"Noticias\",\"item\":\"https:\\\/\\\/accesolatino.org\\\/category\\\/noticias\\\/\"},{\"@type\":\"ListItem\",\"position\":3,\"name\":\"Empresarios mandan carta en apoyo a los \u201cdreamers\u201d\"}]},{\"@type\":\"WebSite\",\"@id\":\"https:\\\/\\\/accesolatino.org\\\/#website\",\"url\":\"https:\\\/\\\/accesolatino.org\\\/\",\"name\":\"Acceso Latino | Fundaci\u00f3n Carlos Slim\",\"description\":\"Fundaci\u00f3n Carlos Slim\",\"publisher\":{\"@id\":\"https:\\\/\\\/accesolatino.org\\\/#organization\"},\"potentialAction\":[{\"@type\":\"SearchAction\",\"target\":{\"@type\":\"EntryPoint\",\"urlTemplate\":\"https:\\\/\\\/accesolatino.org\\\/?s={search_term_string}\"},\"query-input\":{\"@type\":\"PropertyValueSpecification\",\"valueRequired\":true,\"valueName\":\"search_term_string\"}}],\"inLanguage\":\"en-US\"},{\"@type\":\"Organization\",\"@id\":\"https:\\\/\\\/accesolatino.org\\\/#organization\",\"name\":\"Acceso Latino | Fundaci\u00f3n Carlos Slim\",\"url\":\"https:\\\/\\\/accesolatino.org\\\/\",\"logo\":{\"@type\":\"ImageObject\",\"inLanguage\":\"en-US\",\"@id\":\"https:\\\/\\\/accesolatino.org\\\/#\\\/schema\\\/logo\\\/image\\\/\",\"url\":\"https:\\\/\\\/accesolatino.org\\\/wp-content\\\/uploads\\\/2021\\\/02\\\/logo-footer-acceso-latino.png\",\"contentUrl\":\"https:\\\/\\\/accesolatino.org\\\/wp-content\\\/uploads\\\/2021\\\/02\\\/logo-footer-acceso-latino.png\",\"width\":240,\"height\":40,\"caption\":\"Acceso Latino | Fundaci\u00f3n Carlos Slim\"},\"image\":{\"@id\":\"https:\\\/\\\/accesolatino.org\\\/#\\\/schema\\\/logo\\\/image\\\/\"},\"sameAs\":[\"https:\\\/\\\/www.facebook.com\\\/AccesoLatinoOrg\",\"https:\\\/\\\/x.com\\\/FAccLatino\"]},{\"@type\":\"Person\",\"@id\":\"https:\\\/\\\/accesolatino.org\\\/#\\\/schema\\\/person\\\/57bc3bfd2c357610a5255490ca4cd305\",\"name\":\"Noticias\"}]}<\/script>\n<!-- \/ Yoast SEO plugin. -->","yoast_head_json":{"title":"Empresarios mandan carta en apoyo a los \u201cdreamers\u201d","description":"Empresarios importantes de Estados Unidos se unieron para enviar una carta al Congreso para exigir una soluci\u00f3n que proteja a los beneficiarios","robots":{"index":"index","follow":"follow","max-snippet":"max-snippet:-1","max-image-preview":"max-image-preview:large","max-video-preview":"max-video-preview:-1"},"canonical":"https:\/\/accesolatino.org\/en\/empresarios-mandan-carta-en-apoyo-a-los-dreamers\/noticias\/","og_locale":"en_US","og_type":"article","og_title":"Empresarios mandan carta en apoyo a los \u201cdreamers\u201d","og_description":"Empresarios importantes de Estados Unidos se unieron para enviar una carta al Congreso para exigir una soluci\u00f3n que proteja a los beneficiarios","og_url":"https:\/\/accesolatino.org\/en\/empresarios-mandan-carta-en-apoyo-a-los-dreamers\/noticias\/","og_site_name":"Acceso Latino","article_publisher":"https:\/\/www.facebook.com\/AccesoLatinoOrg","article_published_time":"2019-02-15T17:00:30+00:00","article_modified_time":"2025-10-27T16:19:10+00:00","og_image":[{"width":600,"height":338,"url":"https:\/\/accesolatino.org\/wp-content\/uploads\/2019\/04\/Empresarios-mandan-carta-en-apoyo-a-los-dreamers.jpg","type":"image\/jpeg"}],"author":"Noticias","twitter_card":"summary_large_image","twitter_creator":"@FAccLatino","twitter_site":"@FAccLatino","twitter_misc":{"Written by":"Noticias","Est. reading time":"2 minutes"},"schema":{"@context":"https:\/\/schema.org","@graph":[{"@type":"Article","@id":"https:\/\/accesolatino.org\/empresarios-mandan-carta-en-apoyo-a-los-dreamers\/noticias\/#article","isPartOf":{"@id":"https:\/\/accesolatino.org\/empresarios-mandan-carta-en-apoyo-a-los-dreamers\/noticias\/"},"author":{"name":"Noticias","@id":"https:\/\/accesolatino.org\/#\/schema\/person\/57bc3bfd2c357610a5255490ca4cd305"},"headline":"Empresarios mandan carta en apoyo a los \u201cdreamers\u201d","datePublished":"2019-02-15T17:00:30+00:00","dateModified":"2025-10-27T16:19:10+00:00","mainEntityOfPage":{"@id":"https:\/\/accesolatino.org\/empresarios-mandan-carta-en-apoyo-a-los-dreamers\/noticias\/"},"wordCount":227,"commentCount":0,"publisher":{"@id":"https:\/\/accesolatino.org\/#organization"},"image":{"@id":"https:\/\/accesolatino.org\/empresarios-mandan-carta-en-apoyo-a-los-dreamers\/noticias\/#primaryimage"},"thumbnailUrl":"https:\/\/accesolatino.org\/wp-content\/uploads\/2019\/04\/Empresarios-mandan-carta-en-apoyo-a-los-dreamers.jpg","articleSection":["Noticias","Temas de inter\u00e9s"],"inLanguage":"en-US","potentialAction":[{"@type":"CommentAction","name":"Comment","target":["https:\/\/accesolatino.org\/empresarios-mandan-carta-en-apoyo-a-los-dreamers\/noticias\/#respond"]}]},{"@type":"WebPage","@id":"https:\/\/accesolatino.org\/empresarios-mandan-carta-en-apoyo-a-los-dreamers\/noticias\/","url":"https:\/\/accesolatino.org\/empresarios-mandan-carta-en-apoyo-a-los-dreamers\/noticias\/","name":"Empresarios mandan carta en apoyo a los \u201cdreamers\u201d","isPartOf":{"@id":"https:\/\/accesolatino.org\/#website"},"primaryImageOfPage":{"@id":"https:\/\/accesolatino.org\/empresarios-mandan-carta-en-apoyo-a-los-dreamers\/noticias\/#primaryimage"},"image":{"@id":"https:\/\/accesolatino.org\/empresarios-mandan-carta-en-apoyo-a-los-dreamers\/noticias\/#primaryimage"},"thumbnailUrl":"https:\/\/accesolatino.org\/wp-content\/uploads\/2019\/04\/Empresarios-mandan-carta-en-apoyo-a-los-dreamers.jpg","datePublished":"2019-02-15T17:00:30+00:00","dateModified":"2025-10-27T16:19:10+00:00","description":"Empresarios importantes de Estados Unidos se unieron para enviar una carta al Congreso para exigir una soluci\u00f3n que proteja a los beneficiarios","breadcrumb":{"@id":"https:\/\/accesolatino.org\/empresarios-mandan-carta-en-apoyo-a-los-dreamers\/noticias\/#breadcrumb"},"inLanguage":"en-US","potentialAction":[{"@type":"ReadAction","target":["https:\/\/accesolatino.org\/empresarios-mandan-carta-en-apoyo-a-los-dreamers\/noticias\/"]}]},{"@type":"ImageObject","inLanguage":"en-US","@id":"https:\/\/accesolatino.org\/empresarios-mandan-carta-en-apoyo-a-los-dreamers\/noticias\/#primaryimage","url":"https:\/\/accesolatino.org\/wp-content\/uploads\/2019\/04\/Empresarios-mandan-carta-en-apoyo-a-los-dreamers.jpg","contentUrl":"https:\/\/accesolatino.org\/wp-content\/uploads\/2019\/04\/Empresarios-mandan-carta-en-apoyo-a-los-dreamers.jpg","width":600,"height":338,"caption":"Empresarios mandan carta en apoyo a los dreamers"},{"@type":"BreadcrumbList","@id":"https:\/\/accesolatino.org\/empresarios-mandan-carta-en-apoyo-a-los-dreamers\/noticias\/#breadcrumb","itemListElement":[{"@type":"ListItem","position":1,"name":"Portada","item":"https:\/\/accesolatino.org\/"},{"@type":"ListItem","position":2,"name":"Noticias","item":"https:\/\/accesolatino.org\/category\/noticias\/"},{"@type":"ListItem","position":3,"name":"Empresarios mandan carta en apoyo a los \u201cdreamers\u201d"}]},{"@type":"WebSite","@id":"https:\/\/accesolatino.org\/#website","url":"https:\/\/accesolatino.org\/","name":"Acceso Latino | Fundaci\u00f3n Carlos Slim","description":"Fundaci\u00f3n Carlos Slim","publisher":{"@id":"https:\/\/accesolatino.org\/#organization"},"potentialAction":[{"@type":"SearchAction","target":{"@type":"EntryPoint","urlTemplate":"https:\/\/accesolatino.org\/?s={search_term_string}"},"query-input":{"@type":"PropertyValueSpecification","valueRequired":true,"valueName":"search_term_string"}}],"inLanguage":"en-US"},{"@type":"Organization","@id":"https:\/\/accesolatino.org\/#organization","name":"Acceso Latino | Fundaci\u00f3n Carlos Slim","url":"https:\/\/accesolatino.org\/","logo":{"@type":"ImageObject","inLanguage":"en-US","@id":"https:\/\/accesolatino.org\/#\/schema\/logo\/image\/","url":"https:\/\/accesolatino.org\/wp-content\/uploads\/2021\/02\/logo-footer-acceso-latino.png","contentUrl":"https:\/\/accesolatino.org\/wp-content\/uploads\/2021\/02\/logo-footer-acceso-latino.png","width":240,"height":40,"caption":"Acceso Latino | Fundaci\u00f3n Carlos Slim"},"image":{"@id":"https:\/\/accesolatino.org\/#\/schema\/logo\/image\/"},"sameAs":["https:\/\/www.facebook.com\/AccesoLatinoOrg","https:\/\/x.com\/FAccLatino"]},{"@type":"Person","@id":"https:\/\/accesolatino.org\/#\/schema\/person\/57bc3bfd2c357610a5255490ca4cd305","name":"News"}]}},"_links":{"self":[{"href":"https:\/\/accesolatino.org\/en\/wp-json\/wp\/v2\/posts\/16670","targetHints":{"allow":["GET"]}}],"collection":[{"href":"https:\/\/accesolatino.org\/en\/wp-json\/wp\/v2\/posts"}],"about":[{"href":"https:\/\/accesolatino.org\/en\/wp-json\/wp\/v2\/types\/post"}],"author":[{"embeddable":true,"href":"https:\/\/accesolatino.org\/en\/wp-json\/wp\/v2\/users\/13"}],"replies":[{"embeddable":true,"href":"https:\/\/accesolatino.org\/en\/wp-json\/wp\/v2\/comments?post=16670"}],"version-history":[{"count":1,"href":"https:\/\/accesolatino.org\/en\/wp-json\/wp\/v2\/posts\/16670\/revisions"}],"predecessor-version":[{"id":66441,"href":"https:\/\/accesolatino.org\/en\/wp-json\/wp\/v2\/posts\/16670\/revisions\/66441"}],"wp:featuredmedia":[{"embeddable":true,"href":"https:\/\/accesolatino.org\/en\/wp-json\/wp\/v2\/media\/16671"}],"wp:attachment":[{"href":"https:\/\/accesolatino.org\/en\/wp-json\/wp\/v2\/media?parent=16670"}],"wp:term":[{"taxonomy":"category","embeddable":true,"href":"https:\/\/accesolatino.org\/en\/wp-json\/wp\/v2\/categories?post=16670"},{"taxonomy":"post_tag","embeddable":true,"href":"https:\/\/accesolatino.org\/en\/wp-json\/wp\/v2\/tags?post=16670"}],"curies":[{"name":"wp","href":"https:\/\/api.w.org\/{rel}","templated":true}]}}