{"id":16652,"date":"2019-02-21T11:00:15","date_gmt":"2019-02-21T17:00:15","guid":{"rendered":"https:\/\/accesolatino.org\/?p=16652"},"modified":"2025-10-27T10:15:17","modified_gmt":"2025-10-27T16:15:17","slug":"universidad-norteamericana-quiere-mas-estudiantes-latinos","status":"publish","type":"post","link":"https:\/\/accesolatino.org\/en\/universidad-norteamericana-quiere-mas-estudiantes-latinos\/noticias\/","title":{"rendered":"Universidad norteamericana quiere m\u00e1s estudiantes latinos"},"content":{"rendered":"<div data-elementor-type=\"wp-post\" data-elementor-id=\"16652\" class=\"elementor elementor-16652\">\n\t\t\t\t\t\t<section class=\"elementor-section elementor-top-section elementor-element elementor-element-369f77a elementor-section-boxed elementor-section-height-default elementor-section-height-default wpr-particle-no wpr-jarallax-no wpr-parallax-no wpr-sticky-section-no wpr-equal-height-no\" data-id=\"369f77a\" data-element_type=\"section\" data-e-type=\"section\">\n\t\t\t\t\t\t<div class=\"elementor-container elementor-column-gap-default\">\n\t\t\t\t\t<div class=\"elementor-column elementor-col-100 elementor-top-column elementor-element elementor-element-8ef62e2\" data-id=\"8ef62e2\" data-element_type=\"column\" data-e-type=\"column\">\n\t\t\t<div class=\"elementor-widget-wrap elementor-element-populated\">\n\t\t\t\t\t\t<div class=\"elementor-element elementor-element-d9121ee elementor-widget elementor-widget-text-editor\" data-id=\"d9121ee\" data-element_type=\"widget\" data-e-type=\"widget\" data-widget_type=\"text-editor.default\">\n\t\t\t\t<div class=\"elementor-widget-container\">\n\t\t\t\t\t\t\t\t\t<p>The <strong>Directora de Enlace Comunitario<\/strong> Gloria Aparicio, quiere m\u00e1s estudiantes latinos en la Universidad de Maryland; su objetivo desde hace muchos a\u00f1os es llegar a las comunidades, desde el 2012 que fund\u00f3 el departamento, su labor ha sido buscar las oportunidades y formas de acceso a la UMD (The University of Maryland).<\/p><p><strong>Or\u00edgenes de la UMD\u00a0\u00a0\u00a0\u00a0\u00a0\u00a0\u00a0\u00a0\u00a0\u00a0\u00a0\u00a0\u00a0\u00a0\u00a0\u00a0\u00a0\u00a0\u00a0\u00a0\u00a0\u00a0\u00a0\u00a0\u00a0\u00a0\u00a0\u00a0\u00a0\u00a0\u00a0\u00a0\u00a0\u00a0\u00a0\u00a0\u00a0\u00a0 <\/strong><\/p><p>The <strong>Universidad de Maryland<\/strong> fue fundada en 1856, bajo el nombre de \u201cMaryland Agricultural College\u201d por Charles Benedict Calvert en el camino rural US Route 1. Inici\u00f3 dando clases a 34 estudiantes y fue creciendo paulatinamente hasta incluir carreras como Ingenier\u00eda y Artes Liberales, luego aceptaron mujeres y minor\u00edas.<\/p><p>En la actualidad, es una instituci\u00f3n con un gran sentido de prosperidad, y en crecimiento nacional acad\u00e9mico y en investigaci\u00f3n. La escuela ofrece una ense\u00f1anza de calidad al dar a sus alumnos las herramientas\u00a0 necesarias y promueven el conocimiento en \u00e1reas importantes para el estado de Maryland, Estados Unidos y el mundo.<\/p><p>Gloria Aparicio considera que el contacto con la gente es important\u00edsimo, sobre todo cuando no conocen las alternativas que existen para estudiar. Organizar pl\u00e1ticas o eventos en las comunidades hispanas es parte del trabajo.<\/p><p>\u201cEs posible que un latino entre en la <strong>Universidad de Maryland<\/strong>, dice Aparicio. Brindar el apoyo y las herramientas adecuadas para que aprendan a leer y escribir a tiempo es un factor clave para el ni\u00f1o y as\u00ed seguir con la misma idea de seguir sus estudios, complementa la Directora.<\/p><p>Uno de los logros en materia de minor\u00edas, indica la experta, es la creaci\u00f3n del <strong>The US Latino\/a Studies Program <\/strong>(El <strong>Programa de Estudios Latinos de los Estados Unidos),<\/strong> que seg\u00fan explica, ayuda a los estudiantes interesados en laborar en organizaciones vinculadas con la comunidad y en muchos casos a conectarse con sus ra\u00edces, ya que existen j\u00f3venes latinos nacidos en Estados Unidos que no conocen su cultura.<\/p><p>Solo el 10% de la cifra global es latino, pero con el esfuerzo de la instituci\u00f3n y Gloria lo esperan que aumente este porcentaje, pues tienen la intenci\u00f3n de ser cada vez m\u00e1s inclusivos.<\/p><p>The <strong>Programa de Estudios Latinos de los Estados Unidos<\/strong>, ofrece el chance de realizar estudios objetivamente e interactuar con las comunidades latinas o migrantes y compartir experiencias, as\u00ed como reforzar sus ra\u00edces.<\/p><p><em>Fuente: El Tiempo Latino.<\/em><\/p>\t\t\t\t\t\t\t\t<\/div>\n\t\t\t\t<\/div>\n\t\t\t\t\t<\/div>\n\t\t<\/div>\n\t\t\t\t\t<\/div>\n\t\t<\/section>\n\t\t\t\t<\/div>","protected":false},"excerpt":{"rendered":"<p>La Directora de Enlace Comunitario Gloria Aparicio, quiere m\u00e1s estudiantes latinos en la Universidad de Maryland; su objetivo desde hace muchos a\u00f1os es llegar a las comunidades, desde el 2012 que fund\u00f3 el departamento, su labor ha sido buscar las oportunidades y formas de acceso a la UMD (The University of Maryland). Or\u00edgenes de la UMD&nbsp;&nbsp;&nbsp;&nbsp;&nbsp;&nbsp;&nbsp;&nbsp;&nbsp;&nbsp;&nbsp;&nbsp;&nbsp;&nbsp;&nbsp;&nbsp;&nbsp;&nbsp;&nbsp;&nbsp;&nbsp;&nbsp;&nbsp;&nbsp;&nbsp;&nbsp;&nbsp;&nbsp;&nbsp;&nbsp;&nbsp;&nbsp;&nbsp;&nbsp;&nbsp;&nbsp;&nbsp;&nbsp; La Universidad de Maryland fue fundada en 1856, bajo el nombre de \u201cMaryland Agricultural College\u201d por Charles Benedict Calvert en el camino rural US Route 1. Inici\u00f3 dando clases a 34 estudiantes y fue creciendo paulatinamente hasta incluir carreras como Ingenier\u00eda y Artes Liberales, luego aceptaron mujeres y minor\u00edas. En la actualidad, es una instituci\u00f3n con un gran sentido de prosperidad, y en crecimiento nacional acad\u00e9mico y en investigaci\u00f3n. La escuela ofrece una ense\u00f1anza de calidad al dar a sus alumnos las herramientas&nbsp; necesarias y promueven el conocimiento en \u00e1reas importantes para el estado de Maryland, Estados Unidos y el mundo. Gloria Aparicio considera que el contacto con la gente es important\u00edsimo, sobre todo cuando no conocen las alternativas que existen para estudiar. Organizar pl\u00e1ticas o eventos en las comunidades hispanas es parte del trabajo. \u201cEs posible que un latino entre en la Universidad de Maryland, dice Aparicio. Brindar el apoyo y las herramientas adecuadas para que aprendan a leer y escribir a tiempo es un factor clave para el ni\u00f1o y as\u00ed seguir con la misma idea de seguir sus estudios, complementa la Directora. Uno de los logros en materia de minor\u00edas, indica la experta, es la creaci\u00f3n del The US Latino\/a Studies Program (El Programa de Estudios Latinos de los Estados Unidos), que seg\u00fan explica, ayuda a los estudiantes interesados en laborar en organizaciones vinculadas con la comunidad y en muchos casos a conectarse con sus ra\u00edces, ya que existen j\u00f3venes latinos nacidos en Estados Unidos que no conocen su cultura. Solo el 10% de la cifra global es latino, pero con el esfuerzo de la instituci\u00f3n y Gloria lo esperan que aumente este porcentaje, pues tienen la intenci\u00f3n de ser cada vez m\u00e1s inclusivos. El Programa de Estudios Latinos de los Estados Unidos, ofrece el chance de realizar estudios objetivamente e interactuar con las comunidades latinas o migrantes y compartir experiencias, as\u00ed como reforzar sus ra\u00edces. Fuente: El Tiempo Latino.<\/p>","protected":false},"author":13,"featured_media":16653,"comment_status":"open","ping_status":"open","sticky":false,"template":"","format":"standard","meta":{"_uf_show_specific_survey":0,"_uf_disable_surveys":false,"footnotes":""},"categories":[10,1],"tags":[],"class_list":["post-16652","post","type-post","status-publish","format-standard","has-post-thumbnail","hentry","category-noticias","category-temas-de-interes"],"aioseo_notices":[],"yoast_head":"<!-- This site is optimized with the Yoast SEO plugin v27.5 - https:\/\/yoast.com\/product\/yoast-seo-wordpress\/ -->\n<title>Universidad norteamericana quiere m\u00e1s estudiantes latinos<\/title>\n<meta name=\"description\" content=\"La Directora de Enlace Comunitario Gloria Aparicio, quiere m\u00e1s estudiantes latinos en la Universidad de Maryland; su objetivo\" \/>\n<meta name=\"robots\" content=\"index, follow, max-snippet:-1, max-image-preview:large, max-video-preview:-1\" \/>\n<link rel=\"canonical\" href=\"https:\/\/accesolatino.org\/en\/universidad-norteamericana-quiere-mas-estudiantes-latinos\/noticias\/\" \/>\n<meta property=\"og:locale\" content=\"en_US\" \/>\n<meta property=\"og:type\" content=\"article\" \/>\n<meta property=\"og:title\" content=\"Universidad norteamericana quiere m\u00e1s estudiantes latinos\" \/>\n<meta property=\"og:description\" content=\"La Directora de Enlace Comunitario Gloria Aparicio, quiere m\u00e1s estudiantes latinos en la Universidad de Maryland; su objetivo\" \/>\n<meta property=\"og:url\" content=\"https:\/\/accesolatino.org\/en\/universidad-norteamericana-quiere-mas-estudiantes-latinos\/noticias\/\" \/>\n<meta property=\"og:site_name\" content=\"Acceso Latino\" \/>\n<meta property=\"article:publisher\" content=\"https:\/\/www.facebook.com\/AccesoLatinoOrg\" \/>\n<meta property=\"article:published_time\" content=\"2019-02-21T17:00:15+00:00\" \/>\n<meta property=\"article:modified_time\" content=\"2025-10-27T16:15:17+00:00\" \/>\n<meta property=\"og:image\" content=\"https:\/\/accesolatino.org\/wp-content\/uploads\/2019\/04\/Universidad-norteamericana-quiere-m\u00e1s-estudiantes-latinos.jpg\" \/>\n\t<meta property=\"og:image:width\" content=\"600\" \/>\n\t<meta property=\"og:image:height\" content=\"338\" \/>\n\t<meta property=\"og:image:type\" content=\"image\/jpeg\" \/>\n<meta name=\"author\" content=\"Noticias\" \/>\n<meta name=\"twitter:card\" content=\"summary_large_image\" \/>\n<meta name=\"twitter:creator\" content=\"@FAccLatino\" \/>\n<meta name=\"twitter:site\" content=\"@FAccLatino\" \/>\n<meta name=\"twitter:label1\" content=\"Written by\" \/>\n\t<meta name=\"twitter:data1\" content=\"Noticias\" \/>\n\t<meta name=\"twitter:label2\" content=\"Est. reading time\" \/>\n\t<meta name=\"twitter:data2\" content=\"2 minutes\" \/>\n<script type=\"application\/ld+json\" class=\"yoast-schema-graph\">{\"@context\":\"https:\\\/\\\/schema.org\",\"@graph\":[{\"@type\":\"Article\",\"@id\":\"https:\\\/\\\/accesolatino.org\\\/universidad-norteamericana-quiere-mas-estudiantes-latinos\\\/noticias\\\/#article\",\"isPartOf\":{\"@id\":\"https:\\\/\\\/accesolatino.org\\\/universidad-norteamericana-quiere-mas-estudiantes-latinos\\\/noticias\\\/\"},\"author\":{\"name\":\"Noticias\",\"@id\":\"https:\\\/\\\/accesolatino.org\\\/#\\\/schema\\\/person\\\/57bc3bfd2c357610a5255490ca4cd305\"},\"headline\":\"Universidad norteamericana quiere m\u00e1s estudiantes latinos\",\"datePublished\":\"2019-02-21T17:00:15+00:00\",\"dateModified\":\"2025-10-27T16:15:17+00:00\",\"mainEntityOfPage\":{\"@id\":\"https:\\\/\\\/accesolatino.org\\\/universidad-norteamericana-quiere-mas-estudiantes-latinos\\\/noticias\\\/\"},\"wordCount\":442,\"commentCount\":0,\"publisher\":{\"@id\":\"https:\\\/\\\/accesolatino.org\\\/#organization\"},\"image\":{\"@id\":\"https:\\\/\\\/accesolatino.org\\\/universidad-norteamericana-quiere-mas-estudiantes-latinos\\\/noticias\\\/#primaryimage\"},\"thumbnailUrl\":\"https:\\\/\\\/accesolatino.org\\\/wp-content\\\/uploads\\\/2019\\\/04\\\/Universidad-norteamericana-quiere-m\u00e1s-estudiantes-latinos.jpg\",\"articleSection\":[\"Noticias\",\"Temas de inter\u00e9s\"],\"inLanguage\":\"en-US\",\"potentialAction\":[{\"@type\":\"CommentAction\",\"name\":\"Comment\",\"target\":[\"https:\\\/\\\/accesolatino.org\\\/universidad-norteamericana-quiere-mas-estudiantes-latinos\\\/noticias\\\/#respond\"]}]},{\"@type\":\"WebPage\",\"@id\":\"https:\\\/\\\/accesolatino.org\\\/universidad-norteamericana-quiere-mas-estudiantes-latinos\\\/noticias\\\/\",\"url\":\"https:\\\/\\\/accesolatino.org\\\/universidad-norteamericana-quiere-mas-estudiantes-latinos\\\/noticias\\\/\",\"name\":\"Universidad norteamericana quiere m\u00e1s estudiantes latinos\",\"isPartOf\":{\"@id\":\"https:\\\/\\\/accesolatino.org\\\/#website\"},\"primaryImageOfPage\":{\"@id\":\"https:\\\/\\\/accesolatino.org\\\/universidad-norteamericana-quiere-mas-estudiantes-latinos\\\/noticias\\\/#primaryimage\"},\"image\":{\"@id\":\"https:\\\/\\\/accesolatino.org\\\/universidad-norteamericana-quiere-mas-estudiantes-latinos\\\/noticias\\\/#primaryimage\"},\"thumbnailUrl\":\"https:\\\/\\\/accesolatino.org\\\/wp-content\\\/uploads\\\/2019\\\/04\\\/Universidad-norteamericana-quiere-m\u00e1s-estudiantes-latinos.jpg\",\"datePublished\":\"2019-02-21T17:00:15+00:00\",\"dateModified\":\"2025-10-27T16:15:17+00:00\",\"description\":\"La Directora de Enlace Comunitario Gloria Aparicio, quiere m\u00e1s estudiantes latinos en la Universidad de Maryland; su objetivo\",\"breadcrumb\":{\"@id\":\"https:\\\/\\\/accesolatino.org\\\/universidad-norteamericana-quiere-mas-estudiantes-latinos\\\/noticias\\\/#breadcrumb\"},\"inLanguage\":\"en-US\",\"potentialAction\":[{\"@type\":\"ReadAction\",\"target\":[\"https:\\\/\\\/accesolatino.org\\\/universidad-norteamericana-quiere-mas-estudiantes-latinos\\\/noticias\\\/\"]}]},{\"@type\":\"ImageObject\",\"inLanguage\":\"en-US\",\"@id\":\"https:\\\/\\\/accesolatino.org\\\/universidad-norteamericana-quiere-mas-estudiantes-latinos\\\/noticias\\\/#primaryimage\",\"url\":\"https:\\\/\\\/accesolatino.org\\\/wp-content\\\/uploads\\\/2019\\\/04\\\/Universidad-norteamericana-quiere-m\u00e1s-estudiantes-latinos.jpg\",\"contentUrl\":\"https:\\\/\\\/accesolatino.org\\\/wp-content\\\/uploads\\\/2019\\\/04\\\/Universidad-norteamericana-quiere-m\u00e1s-estudiantes-latinos.jpg\",\"width\":600,\"height\":338,\"caption\":\"Universidad norteamericana quiere m\u00e1s estudiantes latinos\"},{\"@type\":\"BreadcrumbList\",\"@id\":\"https:\\\/\\\/accesolatino.org\\\/universidad-norteamericana-quiere-mas-estudiantes-latinos\\\/noticias\\\/#breadcrumb\",\"itemListElement\":[{\"@type\":\"ListItem\",\"position\":1,\"name\":\"Portada\",\"item\":\"https:\\\/\\\/accesolatino.org\\\/\"},{\"@type\":\"ListItem\",\"position\":2,\"name\":\"Noticias\",\"item\":\"https:\\\/\\\/accesolatino.org\\\/category\\\/noticias\\\/\"},{\"@type\":\"ListItem\",\"position\":3,\"name\":\"Universidad norteamericana quiere m\u00e1s estudiantes latinos\"}]},{\"@type\":\"WebSite\",\"@id\":\"https:\\\/\\\/accesolatino.org\\\/#website\",\"url\":\"https:\\\/\\\/accesolatino.org\\\/\",\"name\":\"Acceso Latino | Fundaci\u00f3n Carlos Slim\",\"description\":\"Fundaci\u00f3n Carlos Slim\",\"publisher\":{\"@id\":\"https:\\\/\\\/accesolatino.org\\\/#organization\"},\"potentialAction\":[{\"@type\":\"SearchAction\",\"target\":{\"@type\":\"EntryPoint\",\"urlTemplate\":\"https:\\\/\\\/accesolatino.org\\\/?s={search_term_string}\"},\"query-input\":{\"@type\":\"PropertyValueSpecification\",\"valueRequired\":true,\"valueName\":\"search_term_string\"}}],\"inLanguage\":\"en-US\"},{\"@type\":\"Organization\",\"@id\":\"https:\\\/\\\/accesolatino.org\\\/#organization\",\"name\":\"Acceso Latino | Fundaci\u00f3n Carlos Slim\",\"url\":\"https:\\\/\\\/accesolatino.org\\\/\",\"logo\":{\"@type\":\"ImageObject\",\"inLanguage\":\"en-US\",\"@id\":\"https:\\\/\\\/accesolatino.org\\\/#\\\/schema\\\/logo\\\/image\\\/\",\"url\":\"https:\\\/\\\/accesolatino.org\\\/wp-content\\\/uploads\\\/2021\\\/02\\\/logo-footer-acceso-latino.png\",\"contentUrl\":\"https:\\\/\\\/accesolatino.org\\\/wp-content\\\/uploads\\\/2021\\\/02\\\/logo-footer-acceso-latino.png\",\"width\":240,\"height\":40,\"caption\":\"Acceso Latino | Fundaci\u00f3n Carlos Slim\"},\"image\":{\"@id\":\"https:\\\/\\\/accesolatino.org\\\/#\\\/schema\\\/logo\\\/image\\\/\"},\"sameAs\":[\"https:\\\/\\\/www.facebook.com\\\/AccesoLatinoOrg\",\"https:\\\/\\\/x.com\\\/FAccLatino\"]},{\"@type\":\"Person\",\"@id\":\"https:\\\/\\\/accesolatino.org\\\/#\\\/schema\\\/person\\\/57bc3bfd2c357610a5255490ca4cd305\",\"name\":\"Noticias\"}]}<\/script>\n<!-- \/ Yoast SEO plugin. -->","yoast_head_json":{"title":"Universidad norteamericana quiere m\u00e1s estudiantes latinos","description":"La Directora de Enlace Comunitario Gloria Aparicio, quiere m\u00e1s estudiantes latinos en la Universidad de Maryland; su objetivo","robots":{"index":"index","follow":"follow","max-snippet":"max-snippet:-1","max-image-preview":"max-image-preview:large","max-video-preview":"max-video-preview:-1"},"canonical":"https:\/\/accesolatino.org\/en\/universidad-norteamericana-quiere-mas-estudiantes-latinos\/noticias\/","og_locale":"en_US","og_type":"article","og_title":"Universidad norteamericana quiere m\u00e1s estudiantes latinos","og_description":"La Directora de Enlace Comunitario Gloria Aparicio, quiere m\u00e1s estudiantes latinos en la Universidad de Maryland; su objetivo","og_url":"https:\/\/accesolatino.org\/en\/universidad-norteamericana-quiere-mas-estudiantes-latinos\/noticias\/","og_site_name":"Acceso Latino","article_publisher":"https:\/\/www.facebook.com\/AccesoLatinoOrg","article_published_time":"2019-02-21T17:00:15+00:00","article_modified_time":"2025-10-27T16:15:17+00:00","og_image":[{"width":600,"height":338,"url":"https:\/\/accesolatino.org\/wp-content\/uploads\/2019\/04\/Universidad-norteamericana-quiere-m\u00e1s-estudiantes-latinos.jpg","type":"image\/jpeg"}],"author":"Noticias","twitter_card":"summary_large_image","twitter_creator":"@FAccLatino","twitter_site":"@FAccLatino","twitter_misc":{"Written by":"Noticias","Est. reading time":"2 minutes"},"schema":{"@context":"https:\/\/schema.org","@graph":[{"@type":"Article","@id":"https:\/\/accesolatino.org\/universidad-norteamericana-quiere-mas-estudiantes-latinos\/noticias\/#article","isPartOf":{"@id":"https:\/\/accesolatino.org\/universidad-norteamericana-quiere-mas-estudiantes-latinos\/noticias\/"},"author":{"name":"Noticias","@id":"https:\/\/accesolatino.org\/#\/schema\/person\/57bc3bfd2c357610a5255490ca4cd305"},"headline":"Universidad norteamericana quiere m\u00e1s estudiantes latinos","datePublished":"2019-02-21T17:00:15+00:00","dateModified":"2025-10-27T16:15:17+00:00","mainEntityOfPage":{"@id":"https:\/\/accesolatino.org\/universidad-norteamericana-quiere-mas-estudiantes-latinos\/noticias\/"},"wordCount":442,"commentCount":0,"publisher":{"@id":"https:\/\/accesolatino.org\/#organization"},"image":{"@id":"https:\/\/accesolatino.org\/universidad-norteamericana-quiere-mas-estudiantes-latinos\/noticias\/#primaryimage"},"thumbnailUrl":"https:\/\/accesolatino.org\/wp-content\/uploads\/2019\/04\/Universidad-norteamericana-quiere-m\u00e1s-estudiantes-latinos.jpg","articleSection":["Noticias","Temas de inter\u00e9s"],"inLanguage":"en-US","potentialAction":[{"@type":"CommentAction","name":"Comment","target":["https:\/\/accesolatino.org\/universidad-norteamericana-quiere-mas-estudiantes-latinos\/noticias\/#respond"]}]},{"@type":"WebPage","@id":"https:\/\/accesolatino.org\/universidad-norteamericana-quiere-mas-estudiantes-latinos\/noticias\/","url":"https:\/\/accesolatino.org\/universidad-norteamericana-quiere-mas-estudiantes-latinos\/noticias\/","name":"Universidad norteamericana quiere m\u00e1s estudiantes latinos","isPartOf":{"@id":"https:\/\/accesolatino.org\/#website"},"primaryImageOfPage":{"@id":"https:\/\/accesolatino.org\/universidad-norteamericana-quiere-mas-estudiantes-latinos\/noticias\/#primaryimage"},"image":{"@id":"https:\/\/accesolatino.org\/universidad-norteamericana-quiere-mas-estudiantes-latinos\/noticias\/#primaryimage"},"thumbnailUrl":"https:\/\/accesolatino.org\/wp-content\/uploads\/2019\/04\/Universidad-norteamericana-quiere-m\u00e1s-estudiantes-latinos.jpg","datePublished":"2019-02-21T17:00:15+00:00","dateModified":"2025-10-27T16:15:17+00:00","description":"La Directora de Enlace Comunitario Gloria Aparicio, quiere m\u00e1s estudiantes latinos en la Universidad de Maryland; su objetivo","breadcrumb":{"@id":"https:\/\/accesolatino.org\/universidad-norteamericana-quiere-mas-estudiantes-latinos\/noticias\/#breadcrumb"},"inLanguage":"en-US","potentialAction":[{"@type":"ReadAction","target":["https:\/\/accesolatino.org\/universidad-norteamericana-quiere-mas-estudiantes-latinos\/noticias\/"]}]},{"@type":"ImageObject","inLanguage":"en-US","@id":"https:\/\/accesolatino.org\/universidad-norteamericana-quiere-mas-estudiantes-latinos\/noticias\/#primaryimage","url":"https:\/\/accesolatino.org\/wp-content\/uploads\/2019\/04\/Universidad-norteamericana-quiere-m\u00e1s-estudiantes-latinos.jpg","contentUrl":"https:\/\/accesolatino.org\/wp-content\/uploads\/2019\/04\/Universidad-norteamericana-quiere-m\u00e1s-estudiantes-latinos.jpg","width":600,"height":338,"caption":"Universidad norteamericana quiere m\u00e1s estudiantes latinos"},{"@type":"BreadcrumbList","@id":"https:\/\/accesolatino.org\/universidad-norteamericana-quiere-mas-estudiantes-latinos\/noticias\/#breadcrumb","itemListElement":[{"@type":"ListItem","position":1,"name":"Portada","item":"https:\/\/accesolatino.org\/"},{"@type":"ListItem","position":2,"name":"Noticias","item":"https:\/\/accesolatino.org\/category\/noticias\/"},{"@type":"ListItem","position":3,"name":"Universidad norteamericana quiere m\u00e1s estudiantes latinos"}]},{"@type":"WebSite","@id":"https:\/\/accesolatino.org\/#website","url":"https:\/\/accesolatino.org\/","name":"Acceso Latino | Fundaci\u00f3n Carlos Slim","description":"Fundaci\u00f3n Carlos Slim","publisher":{"@id":"https:\/\/accesolatino.org\/#organization"},"potentialAction":[{"@type":"SearchAction","target":{"@type":"EntryPoint","urlTemplate":"https:\/\/accesolatino.org\/?s={search_term_string}"},"query-input":{"@type":"PropertyValueSpecification","valueRequired":true,"valueName":"search_term_string"}}],"inLanguage":"en-US"},{"@type":"Organization","@id":"https:\/\/accesolatino.org\/#organization","name":"Acceso Latino | Fundaci\u00f3n Carlos Slim","url":"https:\/\/accesolatino.org\/","logo":{"@type":"ImageObject","inLanguage":"en-US","@id":"https:\/\/accesolatino.org\/#\/schema\/logo\/image\/","url":"https:\/\/accesolatino.org\/wp-content\/uploads\/2021\/02\/logo-footer-acceso-latino.png","contentUrl":"https:\/\/accesolatino.org\/wp-content\/uploads\/2021\/02\/logo-footer-acceso-latino.png","width":240,"height":40,"caption":"Acceso Latino | Fundaci\u00f3n Carlos Slim"},"image":{"@id":"https:\/\/accesolatino.org\/#\/schema\/logo\/image\/"},"sameAs":["https:\/\/www.facebook.com\/AccesoLatinoOrg","https:\/\/x.com\/FAccLatino"]},{"@type":"Person","@id":"https:\/\/accesolatino.org\/#\/schema\/person\/57bc3bfd2c357610a5255490ca4cd305","name":"News"}]}},"_links":{"self":[{"href":"https:\/\/accesolatino.org\/en\/wp-json\/wp\/v2\/posts\/16652","targetHints":{"allow":["GET"]}}],"collection":[{"href":"https:\/\/accesolatino.org\/en\/wp-json\/wp\/v2\/posts"}],"about":[{"href":"https:\/\/accesolatino.org\/en\/wp-json\/wp\/v2\/types\/post"}],"author":[{"embeddable":true,"href":"https:\/\/accesolatino.org\/en\/wp-json\/wp\/v2\/users\/13"}],"replies":[{"embeddable":true,"href":"https:\/\/accesolatino.org\/en\/wp-json\/wp\/v2\/comments?post=16652"}],"version-history":[{"count":1,"href":"https:\/\/accesolatino.org\/en\/wp-json\/wp\/v2\/posts\/16652\/revisions"}],"predecessor-version":[{"id":66434,"href":"https:\/\/accesolatino.org\/en\/wp-json\/wp\/v2\/posts\/16652\/revisions\/66434"}],"wp:featuredmedia":[{"embeddable":true,"href":"https:\/\/accesolatino.org\/en\/wp-json\/wp\/v2\/media\/16653"}],"wp:attachment":[{"href":"https:\/\/accesolatino.org\/en\/wp-json\/wp\/v2\/media?parent=16652"}],"wp:term":[{"taxonomy":"category","embeddable":true,"href":"https:\/\/accesolatino.org\/en\/wp-json\/wp\/v2\/categories?post=16652"},{"taxonomy":"post_tag","embeddable":true,"href":"https:\/\/accesolatino.org\/en\/wp-json\/wp\/v2\/tags?post=16652"}],"curies":[{"name":"wp","href":"https:\/\/api.w.org\/{rel}","templated":true}]}}