{"id":16648,"date":"2019-02-22T11:00:06","date_gmt":"2019-02-22T17:00:06","guid":{"rendered":"https:\/\/accesolatino.org\/?p=16648"},"modified":"2025-10-27T10:15:00","modified_gmt":"2025-10-27T16:15:00","slug":"abogado-mexicoamericano-busca-mejorar-la-vida-de-latinos-e-indocumentados","status":"publish","type":"post","link":"https:\/\/accesolatino.org\/en\/abogado-mexicoamericano-busca-mejorar-la-vida-de-latinos-e-indocumentados\/orgullo-latino\/","title":{"rendered":"Abogado mexicoamericano busca mejorar la vida de latinos e indocumentados"},"content":{"rendered":"<div data-elementor-type=\"wp-post\" data-elementor-id=\"16648\" class=\"elementor elementor-16648\">\n\t\t\t\t\t\t<section class=\"elementor-section elementor-top-section elementor-element elementor-element-369f77a elementor-section-boxed elementor-section-height-default elementor-section-height-default wpr-particle-no wpr-jarallax-no wpr-parallax-no wpr-sticky-section-no wpr-equal-height-no\" data-id=\"369f77a\" data-element_type=\"section\" data-e-type=\"section\">\n\t\t\t\t\t\t<div class=\"elementor-container elementor-column-gap-default\">\n\t\t\t\t\t<div class=\"elementor-column elementor-col-100 elementor-top-column elementor-element elementor-element-8ef62e2\" data-id=\"8ef62e2\" data-element_type=\"column\" data-e-type=\"column\">\n\t\t\t<div class=\"elementor-widget-wrap elementor-element-populated\">\n\t\t\t\t\t\t<div class=\"elementor-element elementor-element-d9121ee elementor-widget elementor-widget-text-editor\" data-id=\"d9121ee\" data-element_type=\"widget\" data-e-type=\"widget\" data-widget_type=\"text-editor.default\">\n\t\t\t\t<div class=\"elementor-widget-container\">\n\t\t\t\t\t\t\t\t\t<p>El objetivo de Gery Chico es combatir contra la violencia, mejorar la educaci\u00f3n, desarrollar la econom\u00eda y mantener una pol\u00edtica pro inmigrante. El abogado de 62 a\u00f1os, se ha desempe\u00f1ado como jefe de personal de alcalde Richard M.Daley, fue presidente de la <strong>Junta de las Escuelas P\u00fablicas de Chicago, l\u00edder de los City Colleges de la ciudad y presidente del Distrito de Parques<\/strong> de la misma ciudad.<\/p><p>Chico dijo:<em> \u201cHablar sobre inmigraci\u00f3n es un tema que me lo tomo muy personal\u201d.<\/em> Y es que este candidato a la alcald\u00eda es de ra\u00edces mexicanas, sus abuelos son oriundos de Jalisco, M\u00e9xico, por lo que luchar por los derechos de los inmigrantes es una de sus prioridades.<\/p><p>Para mejorar la educaci\u00f3n, planea abrir<strong> 50 escuelas<\/strong> que est\u00e1n cerradas, en centros comunitarios,<\/p><p>Como parte de sus mejoras en materia educativa, Chico tiene como plan transformar las 50 escuelas cerradas hace unos a\u00f1os en centros comunitarios, viviendas accesibles, centros comerciales, centros de salud mental y centros de capacitaci\u00f3n laboral.<\/p><p>Busca que los estudiantes tengan acceso a programas de educaci\u00f3n t\u00e9cnica y profesional desde la secundaria para que se grad\u00faen con certificados que les permitan tener las posibilidades de tener un buen empleo, as\u00ed como llevar a las Escuelas P\u00fablicas de Chicago al m\u00e1s alto nivel.<\/p><p><em>Fuente: La raza.<\/em><\/p>\t\t\t\t\t\t\t\t<\/div>\n\t\t\t\t<\/div>\n\t\t\t\t\t<\/div>\n\t\t<\/div>\n\t\t\t\t\t<\/div>\n\t\t<\/section>\n\t\t\t\t<\/div>","protected":false},"excerpt":{"rendered":"<p>El objetivo de Gery Chico es combatir contra la violencia, mejorar la educaci\u00f3n, desarrollar la econom\u00eda y mantener una pol\u00edtica pro inmigrante. El abogado de 62 a\u00f1os, se ha desempe\u00f1ado como jefe de personal de alcalde Richard M.Daley, fue presidente de la Junta de las Escuelas P\u00fablicas de Chicago, l\u00edder de los City Colleges de la ciudad y presidente del Distrito de Parques de la misma ciudad. Chico dijo: \u201cHablar sobre inmigraci\u00f3n es un tema que me lo tomo muy personal\u201d. Y es que este candidato a la alcald\u00eda es de ra\u00edces mexicanas, sus abuelos son oriundos de Jalisco, M\u00e9xico, por lo que luchar por los derechos de los inmigrantes es una de sus prioridades. Para mejorar la educaci\u00f3n, planea abrir 50 escuelas que est\u00e1n cerradas, en centros comunitarios, Como parte de sus mejoras en materia educativa, Chico tiene como plan transformar las 50 escuelas cerradas hace unos a\u00f1os en centros comunitarios, viviendas accesibles, centros comerciales, centros de salud mental y centros de capacitaci\u00f3n laboral. Busca que los estudiantes tengan acceso a programas de educaci\u00f3n t\u00e9cnica y profesional desde la secundaria para que se grad\u00faen con certificados que les permitan tener las posibilidades de tener un buen empleo, as\u00ed como llevar a las Escuelas P\u00fablicas de Chicago al m\u00e1s alto nivel. Fuente: La raza.<\/p>","protected":false},"author":13,"featured_media":16650,"comment_status":"open","ping_status":"open","sticky":false,"template":"","format":"standard","meta":{"_uf_show_specific_survey":0,"_uf_disable_surveys":false,"footnotes":""},"categories":[9],"tags":[],"class_list":["post-16648","post","type-post","status-publish","format-standard","has-post-thumbnail","hentry","category-orgullo-latino"],"aioseo_notices":[],"yoast_head":"<!-- This site is optimized with the Yoast SEO plugin v27.5 - https:\/\/yoast.com\/product\/yoast-seo-wordpress\/ -->\n<title>Abogado mexicoamericano busca mejorar la vida de latinos e indocumentados<\/title>\n<meta name=\"description\" content=\"El objetivo de Gery Chico es combatir contra la violencia, mejorar la educaci\u00f3n, desarrollar la econom\u00eda y mantener una pol\u00edtica pro inmigrante.\" \/>\n<meta name=\"robots\" content=\"index, follow, max-snippet:-1, max-image-preview:large, max-video-preview:-1\" \/>\n<link rel=\"canonical\" href=\"https:\/\/accesolatino.org\/en\/abogado-mexicoamericano-busca-mejorar-la-vida-de-latinos-e-indocumentados\/orgullo-latino\/\" \/>\n<meta property=\"og:locale\" content=\"en_US\" \/>\n<meta property=\"og:type\" content=\"article\" \/>\n<meta property=\"og:title\" content=\"Abogado mexicoamericano busca mejorar la vida de latinos e indocumentados\" \/>\n<meta property=\"og:description\" content=\"El objetivo de Gery Chico es combatir contra la violencia, mejorar la educaci\u00f3n, desarrollar la econom\u00eda y mantener una pol\u00edtica pro inmigrante.\" \/>\n<meta property=\"og:url\" content=\"https:\/\/accesolatino.org\/en\/abogado-mexicoamericano-busca-mejorar-la-vida-de-latinos-e-indocumentados\/orgullo-latino\/\" \/>\n<meta property=\"og:site_name\" content=\"Acceso Latino\" \/>\n<meta property=\"article:publisher\" content=\"https:\/\/www.facebook.com\/AccesoLatinoOrg\" \/>\n<meta property=\"article:published_time\" content=\"2019-02-22T17:00:06+00:00\" \/>\n<meta property=\"article:modified_time\" content=\"2025-10-27T16:15:00+00:00\" \/>\n<meta property=\"og:image\" content=\"https:\/\/accesolatino.org\/wp-content\/uploads\/2019\/02\/abogado-mexicoamericano-busca-mejorar-la-vida-de-latinos-e-indocumentados.jpg\" \/>\n\t<meta property=\"og:image:width\" content=\"600\" \/>\n\t<meta property=\"og:image:height\" content=\"338\" \/>\n\t<meta property=\"og:image:type\" content=\"image\/jpeg\" \/>\n<meta name=\"author\" content=\"Noticias\" \/>\n<meta name=\"twitter:card\" content=\"summary_large_image\" \/>\n<meta name=\"twitter:creator\" content=\"@FAccLatino\" \/>\n<meta name=\"twitter:site\" content=\"@FAccLatino\" \/>\n<meta name=\"twitter:label1\" content=\"Written by\" \/>\n\t<meta name=\"twitter:data1\" content=\"Noticias\" \/>\n\t<meta name=\"twitter:label2\" content=\"Est. reading time\" \/>\n\t<meta name=\"twitter:data2\" content=\"2 minutes\" \/>\n<script type=\"application\/ld+json\" class=\"yoast-schema-graph\">{\"@context\":\"https:\\\/\\\/schema.org\",\"@graph\":[{\"@type\":\"Article\",\"@id\":\"https:\\\/\\\/accesolatino.org\\\/abogado-mexicoamericano-busca-mejorar-la-vida-de-latinos-e-indocumentados\\\/orgullo-latino\\\/#article\",\"isPartOf\":{\"@id\":\"https:\\\/\\\/accesolatino.org\\\/abogado-mexicoamericano-busca-mejorar-la-vida-de-latinos-e-indocumentados\\\/orgullo-latino\\\/\"},\"author\":{\"name\":\"Noticias\",\"@id\":\"https:\\\/\\\/accesolatino.org\\\/#\\\/schema\\\/person\\\/57bc3bfd2c357610a5255490ca4cd305\"},\"headline\":\"Abogado mexicoamericano busca mejorar la vida de latinos e indocumentados\",\"datePublished\":\"2019-02-22T17:00:06+00:00\",\"dateModified\":\"2025-10-27T16:15:00+00:00\",\"mainEntityOfPage\":{\"@id\":\"https:\\\/\\\/accesolatino.org\\\/abogado-mexicoamericano-busca-mejorar-la-vida-de-latinos-e-indocumentados\\\/orgullo-latino\\\/\"},\"wordCount\":242,\"commentCount\":0,\"publisher\":{\"@id\":\"https:\\\/\\\/accesolatino.org\\\/#organization\"},\"image\":{\"@id\":\"https:\\\/\\\/accesolatino.org\\\/abogado-mexicoamericano-busca-mejorar-la-vida-de-latinos-e-indocumentados\\\/orgullo-latino\\\/#primaryimage\"},\"thumbnailUrl\":\"https:\\\/\\\/accesolatino.org\\\/wp-content\\\/uploads\\\/2019\\\/02\\\/abogado-mexicoamericano-busca-mejorar-la-vida-de-latinos-e-indocumentados.jpg\",\"articleSection\":[\"Orgullo Latino\"],\"inLanguage\":\"en-US\",\"potentialAction\":[{\"@type\":\"CommentAction\",\"name\":\"Comment\",\"target\":[\"https:\\\/\\\/accesolatino.org\\\/abogado-mexicoamericano-busca-mejorar-la-vida-de-latinos-e-indocumentados\\\/orgullo-latino\\\/#respond\"]}]},{\"@type\":\"WebPage\",\"@id\":\"https:\\\/\\\/accesolatino.org\\\/abogado-mexicoamericano-busca-mejorar-la-vida-de-latinos-e-indocumentados\\\/orgullo-latino\\\/\",\"url\":\"https:\\\/\\\/accesolatino.org\\\/abogado-mexicoamericano-busca-mejorar-la-vida-de-latinos-e-indocumentados\\\/orgullo-latino\\\/\",\"name\":\"Abogado mexicoamericano busca mejorar la vida de latinos e indocumentados\",\"isPartOf\":{\"@id\":\"https:\\\/\\\/accesolatino.org\\\/#website\"},\"primaryImageOfPage\":{\"@id\":\"https:\\\/\\\/accesolatino.org\\\/abogado-mexicoamericano-busca-mejorar-la-vida-de-latinos-e-indocumentados\\\/orgullo-latino\\\/#primaryimage\"},\"image\":{\"@id\":\"https:\\\/\\\/accesolatino.org\\\/abogado-mexicoamericano-busca-mejorar-la-vida-de-latinos-e-indocumentados\\\/orgullo-latino\\\/#primaryimage\"},\"thumbnailUrl\":\"https:\\\/\\\/accesolatino.org\\\/wp-content\\\/uploads\\\/2019\\\/02\\\/abogado-mexicoamericano-busca-mejorar-la-vida-de-latinos-e-indocumentados.jpg\",\"datePublished\":\"2019-02-22T17:00:06+00:00\",\"dateModified\":\"2025-10-27T16:15:00+00:00\",\"description\":\"El objetivo de Gery Chico es combatir contra la violencia, mejorar la educaci\u00f3n, desarrollar la econom\u00eda y mantener una pol\u00edtica pro inmigrante.\",\"breadcrumb\":{\"@id\":\"https:\\\/\\\/accesolatino.org\\\/abogado-mexicoamericano-busca-mejorar-la-vida-de-latinos-e-indocumentados\\\/orgullo-latino\\\/#breadcrumb\"},\"inLanguage\":\"en-US\",\"potentialAction\":[{\"@type\":\"ReadAction\",\"target\":[\"https:\\\/\\\/accesolatino.org\\\/abogado-mexicoamericano-busca-mejorar-la-vida-de-latinos-e-indocumentados\\\/orgullo-latino\\\/\"]}]},{\"@type\":\"ImageObject\",\"inLanguage\":\"en-US\",\"@id\":\"https:\\\/\\\/accesolatino.org\\\/abogado-mexicoamericano-busca-mejorar-la-vida-de-latinos-e-indocumentados\\\/orgullo-latino\\\/#primaryimage\",\"url\":\"https:\\\/\\\/accesolatino.org\\\/wp-content\\\/uploads\\\/2019\\\/02\\\/abogado-mexicoamericano-busca-mejorar-la-vida-de-latinos-e-indocumentados.jpg\",\"contentUrl\":\"https:\\\/\\\/accesolatino.org\\\/wp-content\\\/uploads\\\/2019\\\/02\\\/abogado-mexicoamericano-busca-mejorar-la-vida-de-latinos-e-indocumentados.jpg\",\"width\":600,\"height\":338,\"caption\":\"abogado mexicoamericano busca mejorar la vida de latinos e indocumentados\"},{\"@type\":\"BreadcrumbList\",\"@id\":\"https:\\\/\\\/accesolatino.org\\\/abogado-mexicoamericano-busca-mejorar-la-vida-de-latinos-e-indocumentados\\\/orgullo-latino\\\/#breadcrumb\",\"itemListElement\":[{\"@type\":\"ListItem\",\"position\":1,\"name\":\"Portada\",\"item\":\"https:\\\/\\\/accesolatino.org\\\/\"},{\"@type\":\"ListItem\",\"position\":2,\"name\":\"Orgullo Latino\",\"item\":\"https:\\\/\\\/accesolatino.org\\\/category\\\/orgullo-latino\\\/\"},{\"@type\":\"ListItem\",\"position\":3,\"name\":\"Abogado mexicoamericano busca mejorar la vida de latinos e indocumentados\"}]},{\"@type\":\"WebSite\",\"@id\":\"https:\\\/\\\/accesolatino.org\\\/#website\",\"url\":\"https:\\\/\\\/accesolatino.org\\\/\",\"name\":\"Acceso Latino | Fundaci\u00f3n Carlos Slim\",\"description\":\"Fundaci\u00f3n Carlos Slim\",\"publisher\":{\"@id\":\"https:\\\/\\\/accesolatino.org\\\/#organization\"},\"potentialAction\":[{\"@type\":\"SearchAction\",\"target\":{\"@type\":\"EntryPoint\",\"urlTemplate\":\"https:\\\/\\\/accesolatino.org\\\/?s={search_term_string}\"},\"query-input\":{\"@type\":\"PropertyValueSpecification\",\"valueRequired\":true,\"valueName\":\"search_term_string\"}}],\"inLanguage\":\"en-US\"},{\"@type\":\"Organization\",\"@id\":\"https:\\\/\\\/accesolatino.org\\\/#organization\",\"name\":\"Acceso Latino | Fundaci\u00f3n Carlos Slim\",\"url\":\"https:\\\/\\\/accesolatino.org\\\/\",\"logo\":{\"@type\":\"ImageObject\",\"inLanguage\":\"en-US\",\"@id\":\"https:\\\/\\\/accesolatino.org\\\/#\\\/schema\\\/logo\\\/image\\\/\",\"url\":\"https:\\\/\\\/accesolatino.org\\\/wp-content\\\/uploads\\\/2021\\\/02\\\/logo-footer-acceso-latino.png\",\"contentUrl\":\"https:\\\/\\\/accesolatino.org\\\/wp-content\\\/uploads\\\/2021\\\/02\\\/logo-footer-acceso-latino.png\",\"width\":240,\"height\":40,\"caption\":\"Acceso Latino | Fundaci\u00f3n Carlos Slim\"},\"image\":{\"@id\":\"https:\\\/\\\/accesolatino.org\\\/#\\\/schema\\\/logo\\\/image\\\/\"},\"sameAs\":[\"https:\\\/\\\/www.facebook.com\\\/AccesoLatinoOrg\",\"https:\\\/\\\/x.com\\\/FAccLatino\"]},{\"@type\":\"Person\",\"@id\":\"https:\\\/\\\/accesolatino.org\\\/#\\\/schema\\\/person\\\/57bc3bfd2c357610a5255490ca4cd305\",\"name\":\"Noticias\"}]}<\/script>\n<!-- \/ Yoast SEO plugin. -->","yoast_head_json":{"title":"Abogado mexicoamericano busca mejorar la vida de latinos e indocumentados","description":"El objetivo de Gery Chico es combatir contra la violencia, mejorar la educaci\u00f3n, desarrollar la econom\u00eda y mantener una pol\u00edtica pro inmigrante.","robots":{"index":"index","follow":"follow","max-snippet":"max-snippet:-1","max-image-preview":"max-image-preview:large","max-video-preview":"max-video-preview:-1"},"canonical":"https:\/\/accesolatino.org\/en\/abogado-mexicoamericano-busca-mejorar-la-vida-de-latinos-e-indocumentados\/orgullo-latino\/","og_locale":"en_US","og_type":"article","og_title":"Abogado mexicoamericano busca mejorar la vida de latinos e indocumentados","og_description":"El objetivo de Gery Chico es combatir contra la violencia, mejorar la educaci\u00f3n, desarrollar la econom\u00eda y mantener una pol\u00edtica pro inmigrante.","og_url":"https:\/\/accesolatino.org\/en\/abogado-mexicoamericano-busca-mejorar-la-vida-de-latinos-e-indocumentados\/orgullo-latino\/","og_site_name":"Acceso Latino","article_publisher":"https:\/\/www.facebook.com\/AccesoLatinoOrg","article_published_time":"2019-02-22T17:00:06+00:00","article_modified_time":"2025-10-27T16:15:00+00:00","og_image":[{"width":600,"height":338,"url":"https:\/\/accesolatino.org\/wp-content\/uploads\/2019\/02\/abogado-mexicoamericano-busca-mejorar-la-vida-de-latinos-e-indocumentados.jpg","type":"image\/jpeg"}],"author":"Noticias","twitter_card":"summary_large_image","twitter_creator":"@FAccLatino","twitter_site":"@FAccLatino","twitter_misc":{"Written by":"Noticias","Est. reading time":"2 minutes"},"schema":{"@context":"https:\/\/schema.org","@graph":[{"@type":"Article","@id":"https:\/\/accesolatino.org\/abogado-mexicoamericano-busca-mejorar-la-vida-de-latinos-e-indocumentados\/orgullo-latino\/#article","isPartOf":{"@id":"https:\/\/accesolatino.org\/abogado-mexicoamericano-busca-mejorar-la-vida-de-latinos-e-indocumentados\/orgullo-latino\/"},"author":{"name":"Noticias","@id":"https:\/\/accesolatino.org\/#\/schema\/person\/57bc3bfd2c357610a5255490ca4cd305"},"headline":"Abogado mexicoamericano busca mejorar la vida de latinos e indocumentados","datePublished":"2019-02-22T17:00:06+00:00","dateModified":"2025-10-27T16:15:00+00:00","mainEntityOfPage":{"@id":"https:\/\/accesolatino.org\/abogado-mexicoamericano-busca-mejorar-la-vida-de-latinos-e-indocumentados\/orgullo-latino\/"},"wordCount":242,"commentCount":0,"publisher":{"@id":"https:\/\/accesolatino.org\/#organization"},"image":{"@id":"https:\/\/accesolatino.org\/abogado-mexicoamericano-busca-mejorar-la-vida-de-latinos-e-indocumentados\/orgullo-latino\/#primaryimage"},"thumbnailUrl":"https:\/\/accesolatino.org\/wp-content\/uploads\/2019\/02\/abogado-mexicoamericano-busca-mejorar-la-vida-de-latinos-e-indocumentados.jpg","articleSection":["Orgullo Latino"],"inLanguage":"en-US","potentialAction":[{"@type":"CommentAction","name":"Comment","target":["https:\/\/accesolatino.org\/abogado-mexicoamericano-busca-mejorar-la-vida-de-latinos-e-indocumentados\/orgullo-latino\/#respond"]}]},{"@type":"WebPage","@id":"https:\/\/accesolatino.org\/abogado-mexicoamericano-busca-mejorar-la-vida-de-latinos-e-indocumentados\/orgullo-latino\/","url":"https:\/\/accesolatino.org\/abogado-mexicoamericano-busca-mejorar-la-vida-de-latinos-e-indocumentados\/orgullo-latino\/","name":"Abogado mexicoamericano busca mejorar la vida de latinos e indocumentados","isPartOf":{"@id":"https:\/\/accesolatino.org\/#website"},"primaryImageOfPage":{"@id":"https:\/\/accesolatino.org\/abogado-mexicoamericano-busca-mejorar-la-vida-de-latinos-e-indocumentados\/orgullo-latino\/#primaryimage"},"image":{"@id":"https:\/\/accesolatino.org\/abogado-mexicoamericano-busca-mejorar-la-vida-de-latinos-e-indocumentados\/orgullo-latino\/#primaryimage"},"thumbnailUrl":"https:\/\/accesolatino.org\/wp-content\/uploads\/2019\/02\/abogado-mexicoamericano-busca-mejorar-la-vida-de-latinos-e-indocumentados.jpg","datePublished":"2019-02-22T17:00:06+00:00","dateModified":"2025-10-27T16:15:00+00:00","description":"El objetivo de Gery Chico es combatir contra la violencia, mejorar la educaci\u00f3n, desarrollar la econom\u00eda y mantener una pol\u00edtica pro inmigrante.","breadcrumb":{"@id":"https:\/\/accesolatino.org\/abogado-mexicoamericano-busca-mejorar-la-vida-de-latinos-e-indocumentados\/orgullo-latino\/#breadcrumb"},"inLanguage":"en-US","potentialAction":[{"@type":"ReadAction","target":["https:\/\/accesolatino.org\/abogado-mexicoamericano-busca-mejorar-la-vida-de-latinos-e-indocumentados\/orgullo-latino\/"]}]},{"@type":"ImageObject","inLanguage":"en-US","@id":"https:\/\/accesolatino.org\/abogado-mexicoamericano-busca-mejorar-la-vida-de-latinos-e-indocumentados\/orgullo-latino\/#primaryimage","url":"https:\/\/accesolatino.org\/wp-content\/uploads\/2019\/02\/abogado-mexicoamericano-busca-mejorar-la-vida-de-latinos-e-indocumentados.jpg","contentUrl":"https:\/\/accesolatino.org\/wp-content\/uploads\/2019\/02\/abogado-mexicoamericano-busca-mejorar-la-vida-de-latinos-e-indocumentados.jpg","width":600,"height":338,"caption":"abogado mexicoamericano busca mejorar la vida de latinos e indocumentados"},{"@type":"BreadcrumbList","@id":"https:\/\/accesolatino.org\/abogado-mexicoamericano-busca-mejorar-la-vida-de-latinos-e-indocumentados\/orgullo-latino\/#breadcrumb","itemListElement":[{"@type":"ListItem","position":1,"name":"Portada","item":"https:\/\/accesolatino.org\/"},{"@type":"ListItem","position":2,"name":"Orgullo Latino","item":"https:\/\/accesolatino.org\/category\/orgullo-latino\/"},{"@type":"ListItem","position":3,"name":"Abogado mexicoamericano busca mejorar la vida de latinos e indocumentados"}]},{"@type":"WebSite","@id":"https:\/\/accesolatino.org\/#website","url":"https:\/\/accesolatino.org\/","name":"Acceso Latino | Fundaci\u00f3n Carlos Slim","description":"Fundaci\u00f3n Carlos Slim","publisher":{"@id":"https:\/\/accesolatino.org\/#organization"},"potentialAction":[{"@type":"SearchAction","target":{"@type":"EntryPoint","urlTemplate":"https:\/\/accesolatino.org\/?s={search_term_string}"},"query-input":{"@type":"PropertyValueSpecification","valueRequired":true,"valueName":"search_term_string"}}],"inLanguage":"en-US"},{"@type":"Organization","@id":"https:\/\/accesolatino.org\/#organization","name":"Acceso Latino | Fundaci\u00f3n Carlos Slim","url":"https:\/\/accesolatino.org\/","logo":{"@type":"ImageObject","inLanguage":"en-US","@id":"https:\/\/accesolatino.org\/#\/schema\/logo\/image\/","url":"https:\/\/accesolatino.org\/wp-content\/uploads\/2021\/02\/logo-footer-acceso-latino.png","contentUrl":"https:\/\/accesolatino.org\/wp-content\/uploads\/2021\/02\/logo-footer-acceso-latino.png","width":240,"height":40,"caption":"Acceso Latino | Fundaci\u00f3n Carlos Slim"},"image":{"@id":"https:\/\/accesolatino.org\/#\/schema\/logo\/image\/"},"sameAs":["https:\/\/www.facebook.com\/AccesoLatinoOrg","https:\/\/x.com\/FAccLatino"]},{"@type":"Person","@id":"https:\/\/accesolatino.org\/#\/schema\/person\/57bc3bfd2c357610a5255490ca4cd305","name":"News"}]}},"_links":{"self":[{"href":"https:\/\/accesolatino.org\/en\/wp-json\/wp\/v2\/posts\/16648","targetHints":{"allow":["GET"]}}],"collection":[{"href":"https:\/\/accesolatino.org\/en\/wp-json\/wp\/v2\/posts"}],"about":[{"href":"https:\/\/accesolatino.org\/en\/wp-json\/wp\/v2\/types\/post"}],"author":[{"embeddable":true,"href":"https:\/\/accesolatino.org\/en\/wp-json\/wp\/v2\/users\/13"}],"replies":[{"embeddable":true,"href":"https:\/\/accesolatino.org\/en\/wp-json\/wp\/v2\/comments?post=16648"}],"version-history":[{"count":1,"href":"https:\/\/accesolatino.org\/en\/wp-json\/wp\/v2\/posts\/16648\/revisions"}],"predecessor-version":[{"id":66432,"href":"https:\/\/accesolatino.org\/en\/wp-json\/wp\/v2\/posts\/16648\/revisions\/66432"}],"wp:featuredmedia":[{"embeddable":true,"href":"https:\/\/accesolatino.org\/en\/wp-json\/wp\/v2\/media\/16650"}],"wp:attachment":[{"href":"https:\/\/accesolatino.org\/en\/wp-json\/wp\/v2\/media?parent=16648"}],"wp:term":[{"taxonomy":"category","embeddable":true,"href":"https:\/\/accesolatino.org\/en\/wp-json\/wp\/v2\/categories?post=16648"},{"taxonomy":"post_tag","embeddable":true,"href":"https:\/\/accesolatino.org\/en\/wp-json\/wp\/v2\/tags?post=16648"}],"curies":[{"name":"wp","href":"https:\/\/api.w.org\/{rel}","templated":true}]}}