{"id":16644,"date":"2019-02-25T11:00:45","date_gmt":"2019-02-25T17:00:45","guid":{"rendered":"https:\/\/accesolatino.org\/?p=16644"},"modified":"2025-10-27T10:14:19","modified_gmt":"2025-10-27T16:14:19","slug":"dreamer-en-camino-de-ser-piloto","status":"publish","type":"post","link":"https:\/\/accesolatino.org\/en\/dreamer-en-camino-de-ser-piloto\/orgullo-latino\/","title":{"rendered":"Dreamer en camino de ser piloto"},"content":{"rendered":"<div data-elementor-type=\"wp-post\" data-elementor-id=\"16644\" class=\"elementor elementor-16644\">\n\t\t\t\t\t\t<section class=\"elementor-section elementor-top-section elementor-element elementor-element-369f77a elementor-section-boxed elementor-section-height-default elementor-section-height-default wpr-particle-no wpr-jarallax-no wpr-parallax-no wpr-sticky-section-no wpr-equal-height-no\" data-id=\"369f77a\" data-element_type=\"section\" data-e-type=\"section\">\n\t\t\t\t\t\t<div class=\"elementor-container elementor-column-gap-default\">\n\t\t\t\t\t<div class=\"elementor-column elementor-col-100 elementor-top-column elementor-element elementor-element-8ef62e2\" data-id=\"8ef62e2\" data-element_type=\"column\" data-e-type=\"column\">\n\t\t\t<div class=\"elementor-widget-wrap elementor-element-populated\">\n\t\t\t\t\t\t<div class=\"elementor-element elementor-element-d9121ee elementor-widget elementor-widget-text-editor\" data-id=\"d9121ee\" data-element_type=\"widget\" data-e-type=\"widget\" data-widget_type=\"text-editor.default\">\n\t\t\t\t<div class=\"elementor-widget-container\">\n\t\t\t\t\t\t\t\t\t<p>El esfuerzo y empe\u00f1o, llevo a <em>Keire S\u00e1nchez<\/em> a obtener una beca que la organizaci\u00f3n <strong>Uniting People with Opportunities<\/strong> (Uniendo a Personas Con Oportunidades), le est\u00e1 brindando para que cumpla su meta de ser piloto.<\/p><p>La salvadore\u00f1a y alumna de <strong>Bell Multicultural High School<\/strong>, fue la \u00fanica latina que recibi\u00f3 esta beca, el pasado 18 de enero. \u201cPasan por un proceso de selecci\u00f3n exigente y a los ganadores no solo les entregamos este fondo econ\u00f3mico sino que los acompa\u00f1amos hasta que logran alcanzar su meta final\u201d, dijo Juan Jara, vicepresidente de <strong>City National Bank.<\/strong><\/p><p>Cuando fue el turno de Freeman A. Hrabowski, presidente de la <strong>Universidad de Maryland en Baltimore<\/strong>, defensor de las minor\u00edas, educador y matem\u00e1tico, confront\u00f3 la realidad de los indocumentados y latinos en un mundo donde se habla mucho de la educaci\u00f3n cient\u00edfica, pero menos del tres por ciento de latinos tienen oportunidad en esos campos.<\/p><p>Llego en avi\u00f3n a los Estados Unidos y desde ese momento sab\u00eda que estaba destinada para hacer cosas grandes. La disciplina y la constancia han sido dos de sus m\u00e1s importantes cualidades para llegar este momento de su vida. Sin duda un Orgullo Latino y que inspira para perseguir sue\u00f1os.<\/p><p>Ingresa Acceso Latino y descubre lo que tenemos para ti amigo migrante.<\/p><p><em>Fuente: El Nuevo Herald.<\/em><\/p>\t\t\t\t\t\t\t\t<\/div>\n\t\t\t\t<\/div>\n\t\t\t\t\t<\/div>\n\t\t<\/div>\n\t\t\t\t\t<\/div>\n\t\t<\/section>\n\t\t\t\t<\/div>","protected":false},"excerpt":{"rendered":"<p>El esfuerzo y empe\u00f1o, llevo a Keire S\u00e1nchez a obtener una beca que la organizaci\u00f3n Uniting People with Opportunities (Uniendo a Personas Con Oportunidades), le est\u00e1 brindando para que cumpla su meta de ser piloto. La salvadore\u00f1a y alumna de Bell Multicultural High School, fue la \u00fanica latina que recibi\u00f3 esta beca, el pasado 18 de enero. \u201cPasan por un proceso de selecci\u00f3n exigente y a los ganadores no solo les entregamos este fondo econ\u00f3mico sino que los acompa\u00f1amos hasta que logran alcanzar su meta final\u201d, dijo Juan Jara, vicepresidente de City National Bank. Cuando fue el turno de Freeman A. Hrabowski, presidente de la Universidad de Maryland en Baltimore, defensor de las minor\u00edas, educador y matem\u00e1tico, confront\u00f3 la realidad de los indocumentados y latinos en un mundo donde se habla mucho de la educaci\u00f3n cient\u00edfica, pero menos del tres por ciento de latinos tienen oportunidad en esos campos. Llego en avi\u00f3n a los Estados Unidos y desde ese momento sab\u00eda que estaba destinada para hacer cosas grandes. La disciplina y la constancia han sido dos de sus m\u00e1s importantes cualidades para llegar este momento de su vida. Sin duda un Orgullo Latino y que inspira para perseguir sue\u00f1os. Ingresa Acceso Latino y descubre lo que tenemos para ti amigo migrante. Fuente: El Nuevo Herald.<\/p>","protected":false},"author":13,"featured_media":16645,"comment_status":"open","ping_status":"open","sticky":false,"template":"","format":"standard","meta":{"_uf_show_specific_survey":0,"_uf_disable_surveys":false,"footnotes":""},"categories":[9],"tags":[],"class_list":["post-16644","post","type-post","status-publish","format-standard","has-post-thumbnail","hentry","category-orgullo-latino"],"aioseo_notices":[],"yoast_head":"<!-- This site is optimized with the Yoast SEO plugin v27.5 - https:\/\/yoast.com\/product\/yoast-seo-wordpress\/ -->\n<title>Dreamer en camino de ser piloto<\/title>\n<meta name=\"description\" content=\"El esfuerzo y empe\u00f1o, llevo a Keire S\u00e1nchez a obtener una beca que la organizaci\u00f3n Uniting People with Opportunities (UPO)\" \/>\n<meta name=\"robots\" content=\"index, follow, max-snippet:-1, max-image-preview:large, max-video-preview:-1\" \/>\n<link rel=\"canonical\" href=\"https:\/\/accesolatino.org\/en\/dreamer-en-camino-de-ser-piloto\/orgullo-latino\/\" \/>\n<meta property=\"og:locale\" content=\"en_US\" \/>\n<meta property=\"og:type\" content=\"article\" \/>\n<meta property=\"og:title\" content=\"Dreamer en camino de ser piloto\" \/>\n<meta property=\"og:description\" content=\"El esfuerzo y empe\u00f1o, llevo a Keire S\u00e1nchez a obtener una beca que la organizaci\u00f3n Uniting People with Opportunities (UPO)\" \/>\n<meta property=\"og:url\" content=\"https:\/\/accesolatino.org\/en\/dreamer-en-camino-de-ser-piloto\/orgullo-latino\/\" \/>\n<meta property=\"og:site_name\" content=\"Acceso Latino\" \/>\n<meta property=\"article:publisher\" content=\"https:\/\/www.facebook.com\/AccesoLatinoOrg\" \/>\n<meta property=\"article:published_time\" content=\"2019-02-25T17:00:45+00:00\" \/>\n<meta property=\"article:modified_time\" content=\"2025-10-27T16:14:19+00:00\" \/>\n<meta property=\"og:image\" content=\"https:\/\/accesolatino.org\/wp-content\/uploads\/2019\/04\/Dreamer-en-camino-de-ser-piloto.jpg\" \/>\n\t<meta property=\"og:image:width\" content=\"600\" \/>\n\t<meta property=\"og:image:height\" content=\"338\" \/>\n\t<meta property=\"og:image:type\" content=\"image\/jpeg\" \/>\n<meta name=\"author\" content=\"Noticias\" \/>\n<meta name=\"twitter:card\" content=\"summary_large_image\" \/>\n<meta name=\"twitter:creator\" content=\"@FAccLatino\" \/>\n<meta name=\"twitter:site\" content=\"@FAccLatino\" \/>\n<meta name=\"twitter:label1\" content=\"Written by\" \/>\n\t<meta name=\"twitter:data1\" content=\"Noticias\" \/>\n\t<meta name=\"twitter:label2\" content=\"Est. reading time\" \/>\n\t<meta name=\"twitter:data2\" content=\"2 minutes\" \/>\n<script type=\"application\/ld+json\" class=\"yoast-schema-graph\">{\"@context\":\"https:\\\/\\\/schema.org\",\"@graph\":[{\"@type\":\"Article\",\"@id\":\"https:\\\/\\\/accesolatino.org\\\/dreamer-en-camino-de-ser-piloto\\\/orgullo-latino\\\/#article\",\"isPartOf\":{\"@id\":\"https:\\\/\\\/accesolatino.org\\\/dreamer-en-camino-de-ser-piloto\\\/orgullo-latino\\\/\"},\"author\":{\"name\":\"Noticias\",\"@id\":\"https:\\\/\\\/accesolatino.org\\\/#\\\/schema\\\/person\\\/57bc3bfd2c357610a5255490ca4cd305\"},\"headline\":\"Dreamer en camino de ser piloto\",\"datePublished\":\"2019-02-25T17:00:45+00:00\",\"dateModified\":\"2025-10-27T16:14:19+00:00\",\"mainEntityOfPage\":{\"@id\":\"https:\\\/\\\/accesolatino.org\\\/dreamer-en-camino-de-ser-piloto\\\/orgullo-latino\\\/\"},\"wordCount\":235,\"commentCount\":0,\"publisher\":{\"@id\":\"https:\\\/\\\/accesolatino.org\\\/#organization\"},\"image\":{\"@id\":\"https:\\\/\\\/accesolatino.org\\\/dreamer-en-camino-de-ser-piloto\\\/orgullo-latino\\\/#primaryimage\"},\"thumbnailUrl\":\"https:\\\/\\\/accesolatino.org\\\/wp-content\\\/uploads\\\/2019\\\/04\\\/Dreamer-en-camino-de-ser-piloto.jpg\",\"articleSection\":[\"Orgullo Latino\"],\"inLanguage\":\"en-US\",\"potentialAction\":[{\"@type\":\"CommentAction\",\"name\":\"Comment\",\"target\":[\"https:\\\/\\\/accesolatino.org\\\/dreamer-en-camino-de-ser-piloto\\\/orgullo-latino\\\/#respond\"]}]},{\"@type\":\"WebPage\",\"@id\":\"https:\\\/\\\/accesolatino.org\\\/dreamer-en-camino-de-ser-piloto\\\/orgullo-latino\\\/\",\"url\":\"https:\\\/\\\/accesolatino.org\\\/dreamer-en-camino-de-ser-piloto\\\/orgullo-latino\\\/\",\"name\":\"Dreamer en camino de ser piloto\",\"isPartOf\":{\"@id\":\"https:\\\/\\\/accesolatino.org\\\/#website\"},\"primaryImageOfPage\":{\"@id\":\"https:\\\/\\\/accesolatino.org\\\/dreamer-en-camino-de-ser-piloto\\\/orgullo-latino\\\/#primaryimage\"},\"image\":{\"@id\":\"https:\\\/\\\/accesolatino.org\\\/dreamer-en-camino-de-ser-piloto\\\/orgullo-latino\\\/#primaryimage\"},\"thumbnailUrl\":\"https:\\\/\\\/accesolatino.org\\\/wp-content\\\/uploads\\\/2019\\\/04\\\/Dreamer-en-camino-de-ser-piloto.jpg\",\"datePublished\":\"2019-02-25T17:00:45+00:00\",\"dateModified\":\"2025-10-27T16:14:19+00:00\",\"description\":\"El esfuerzo y empe\u00f1o, llevo a Keire S\u00e1nchez a obtener una beca que la organizaci\u00f3n Uniting People with Opportunities (UPO)\",\"breadcrumb\":{\"@id\":\"https:\\\/\\\/accesolatino.org\\\/dreamer-en-camino-de-ser-piloto\\\/orgullo-latino\\\/#breadcrumb\"},\"inLanguage\":\"en-US\",\"potentialAction\":[{\"@type\":\"ReadAction\",\"target\":[\"https:\\\/\\\/accesolatino.org\\\/dreamer-en-camino-de-ser-piloto\\\/orgullo-latino\\\/\"]}]},{\"@type\":\"ImageObject\",\"inLanguage\":\"en-US\",\"@id\":\"https:\\\/\\\/accesolatino.org\\\/dreamer-en-camino-de-ser-piloto\\\/orgullo-latino\\\/#primaryimage\",\"url\":\"https:\\\/\\\/accesolatino.org\\\/wp-content\\\/uploads\\\/2019\\\/04\\\/Dreamer-en-camino-de-ser-piloto.jpg\",\"contentUrl\":\"https:\\\/\\\/accesolatino.org\\\/wp-content\\\/uploads\\\/2019\\\/04\\\/Dreamer-en-camino-de-ser-piloto.jpg\",\"width\":600,\"height\":338,\"caption\":\"Dreamer-en-camino-de-ser-piloto\"},{\"@type\":\"BreadcrumbList\",\"@id\":\"https:\\\/\\\/accesolatino.org\\\/dreamer-en-camino-de-ser-piloto\\\/orgullo-latino\\\/#breadcrumb\",\"itemListElement\":[{\"@type\":\"ListItem\",\"position\":1,\"name\":\"Portada\",\"item\":\"https:\\\/\\\/accesolatino.org\\\/\"},{\"@type\":\"ListItem\",\"position\":2,\"name\":\"Orgullo Latino\",\"item\":\"https:\\\/\\\/accesolatino.org\\\/category\\\/orgullo-latino\\\/\"},{\"@type\":\"ListItem\",\"position\":3,\"name\":\"Dreamer en camino de ser piloto\"}]},{\"@type\":\"WebSite\",\"@id\":\"https:\\\/\\\/accesolatino.org\\\/#website\",\"url\":\"https:\\\/\\\/accesolatino.org\\\/\",\"name\":\"Acceso Latino | Fundaci\u00f3n Carlos Slim\",\"description\":\"Fundaci\u00f3n Carlos Slim\",\"publisher\":{\"@id\":\"https:\\\/\\\/accesolatino.org\\\/#organization\"},\"potentialAction\":[{\"@type\":\"SearchAction\",\"target\":{\"@type\":\"EntryPoint\",\"urlTemplate\":\"https:\\\/\\\/accesolatino.org\\\/?s={search_term_string}\"},\"query-input\":{\"@type\":\"PropertyValueSpecification\",\"valueRequired\":true,\"valueName\":\"search_term_string\"}}],\"inLanguage\":\"en-US\"},{\"@type\":\"Organization\",\"@id\":\"https:\\\/\\\/accesolatino.org\\\/#organization\",\"name\":\"Acceso Latino | Fundaci\u00f3n Carlos Slim\",\"url\":\"https:\\\/\\\/accesolatino.org\\\/\",\"logo\":{\"@type\":\"ImageObject\",\"inLanguage\":\"en-US\",\"@id\":\"https:\\\/\\\/accesolatino.org\\\/#\\\/schema\\\/logo\\\/image\\\/\",\"url\":\"https:\\\/\\\/accesolatino.org\\\/wp-content\\\/uploads\\\/2021\\\/02\\\/logo-footer-acceso-latino.png\",\"contentUrl\":\"https:\\\/\\\/accesolatino.org\\\/wp-content\\\/uploads\\\/2021\\\/02\\\/logo-footer-acceso-latino.png\",\"width\":240,\"height\":40,\"caption\":\"Acceso Latino | Fundaci\u00f3n Carlos Slim\"},\"image\":{\"@id\":\"https:\\\/\\\/accesolatino.org\\\/#\\\/schema\\\/logo\\\/image\\\/\"},\"sameAs\":[\"https:\\\/\\\/www.facebook.com\\\/AccesoLatinoOrg\",\"https:\\\/\\\/x.com\\\/FAccLatino\"]},{\"@type\":\"Person\",\"@id\":\"https:\\\/\\\/accesolatino.org\\\/#\\\/schema\\\/person\\\/57bc3bfd2c357610a5255490ca4cd305\",\"name\":\"Noticias\"}]}<\/script>\n<!-- \/ Yoast SEO plugin. -->","yoast_head_json":{"title":"Dreamer en camino de ser piloto","description":"El esfuerzo y empe\u00f1o, llevo a Keire S\u00e1nchez a obtener una beca que la organizaci\u00f3n Uniting People with Opportunities (UPO)","robots":{"index":"index","follow":"follow","max-snippet":"max-snippet:-1","max-image-preview":"max-image-preview:large","max-video-preview":"max-video-preview:-1"},"canonical":"https:\/\/accesolatino.org\/en\/dreamer-en-camino-de-ser-piloto\/orgullo-latino\/","og_locale":"en_US","og_type":"article","og_title":"Dreamer en camino de ser piloto","og_description":"El esfuerzo y empe\u00f1o, llevo a Keire S\u00e1nchez a obtener una beca que la organizaci\u00f3n Uniting People with Opportunities (UPO)","og_url":"https:\/\/accesolatino.org\/en\/dreamer-en-camino-de-ser-piloto\/orgullo-latino\/","og_site_name":"Acceso Latino","article_publisher":"https:\/\/www.facebook.com\/AccesoLatinoOrg","article_published_time":"2019-02-25T17:00:45+00:00","article_modified_time":"2025-10-27T16:14:19+00:00","og_image":[{"width":600,"height":338,"url":"https:\/\/accesolatino.org\/wp-content\/uploads\/2019\/04\/Dreamer-en-camino-de-ser-piloto.jpg","type":"image\/jpeg"}],"author":"Noticias","twitter_card":"summary_large_image","twitter_creator":"@FAccLatino","twitter_site":"@FAccLatino","twitter_misc":{"Written by":"Noticias","Est. reading time":"2 minutes"},"schema":{"@context":"https:\/\/schema.org","@graph":[{"@type":"Article","@id":"https:\/\/accesolatino.org\/dreamer-en-camino-de-ser-piloto\/orgullo-latino\/#article","isPartOf":{"@id":"https:\/\/accesolatino.org\/dreamer-en-camino-de-ser-piloto\/orgullo-latino\/"},"author":{"name":"Noticias","@id":"https:\/\/accesolatino.org\/#\/schema\/person\/57bc3bfd2c357610a5255490ca4cd305"},"headline":"Dreamer en camino de ser piloto","datePublished":"2019-02-25T17:00:45+00:00","dateModified":"2025-10-27T16:14:19+00:00","mainEntityOfPage":{"@id":"https:\/\/accesolatino.org\/dreamer-en-camino-de-ser-piloto\/orgullo-latino\/"},"wordCount":235,"commentCount":0,"publisher":{"@id":"https:\/\/accesolatino.org\/#organization"},"image":{"@id":"https:\/\/accesolatino.org\/dreamer-en-camino-de-ser-piloto\/orgullo-latino\/#primaryimage"},"thumbnailUrl":"https:\/\/accesolatino.org\/wp-content\/uploads\/2019\/04\/Dreamer-en-camino-de-ser-piloto.jpg","articleSection":["Orgullo Latino"],"inLanguage":"en-US","potentialAction":[{"@type":"CommentAction","name":"Comment","target":["https:\/\/accesolatino.org\/dreamer-en-camino-de-ser-piloto\/orgullo-latino\/#respond"]}]},{"@type":"WebPage","@id":"https:\/\/accesolatino.org\/dreamer-en-camino-de-ser-piloto\/orgullo-latino\/","url":"https:\/\/accesolatino.org\/dreamer-en-camino-de-ser-piloto\/orgullo-latino\/","name":"Dreamer en camino de ser piloto","isPartOf":{"@id":"https:\/\/accesolatino.org\/#website"},"primaryImageOfPage":{"@id":"https:\/\/accesolatino.org\/dreamer-en-camino-de-ser-piloto\/orgullo-latino\/#primaryimage"},"image":{"@id":"https:\/\/accesolatino.org\/dreamer-en-camino-de-ser-piloto\/orgullo-latino\/#primaryimage"},"thumbnailUrl":"https:\/\/accesolatino.org\/wp-content\/uploads\/2019\/04\/Dreamer-en-camino-de-ser-piloto.jpg","datePublished":"2019-02-25T17:00:45+00:00","dateModified":"2025-10-27T16:14:19+00:00","description":"El esfuerzo y empe\u00f1o, llevo a Keire S\u00e1nchez a obtener una beca que la organizaci\u00f3n Uniting People with Opportunities (UPO)","breadcrumb":{"@id":"https:\/\/accesolatino.org\/dreamer-en-camino-de-ser-piloto\/orgullo-latino\/#breadcrumb"},"inLanguage":"en-US","potentialAction":[{"@type":"ReadAction","target":["https:\/\/accesolatino.org\/dreamer-en-camino-de-ser-piloto\/orgullo-latino\/"]}]},{"@type":"ImageObject","inLanguage":"en-US","@id":"https:\/\/accesolatino.org\/dreamer-en-camino-de-ser-piloto\/orgullo-latino\/#primaryimage","url":"https:\/\/accesolatino.org\/wp-content\/uploads\/2019\/04\/Dreamer-en-camino-de-ser-piloto.jpg","contentUrl":"https:\/\/accesolatino.org\/wp-content\/uploads\/2019\/04\/Dreamer-en-camino-de-ser-piloto.jpg","width":600,"height":338,"caption":"Dreamer-en-camino-de-ser-piloto"},{"@type":"BreadcrumbList","@id":"https:\/\/accesolatino.org\/dreamer-en-camino-de-ser-piloto\/orgullo-latino\/#breadcrumb","itemListElement":[{"@type":"ListItem","position":1,"name":"Portada","item":"https:\/\/accesolatino.org\/"},{"@type":"ListItem","position":2,"name":"Orgullo Latino","item":"https:\/\/accesolatino.org\/category\/orgullo-latino\/"},{"@type":"ListItem","position":3,"name":"Dreamer en camino de ser piloto"}]},{"@type":"WebSite","@id":"https:\/\/accesolatino.org\/#website","url":"https:\/\/accesolatino.org\/","name":"Acceso Latino | Fundaci\u00f3n Carlos Slim","description":"Fundaci\u00f3n Carlos Slim","publisher":{"@id":"https:\/\/accesolatino.org\/#organization"},"potentialAction":[{"@type":"SearchAction","target":{"@type":"EntryPoint","urlTemplate":"https:\/\/accesolatino.org\/?s={search_term_string}"},"query-input":{"@type":"PropertyValueSpecification","valueRequired":true,"valueName":"search_term_string"}}],"inLanguage":"en-US"},{"@type":"Organization","@id":"https:\/\/accesolatino.org\/#organization","name":"Acceso Latino | Fundaci\u00f3n Carlos Slim","url":"https:\/\/accesolatino.org\/","logo":{"@type":"ImageObject","inLanguage":"en-US","@id":"https:\/\/accesolatino.org\/#\/schema\/logo\/image\/","url":"https:\/\/accesolatino.org\/wp-content\/uploads\/2021\/02\/logo-footer-acceso-latino.png","contentUrl":"https:\/\/accesolatino.org\/wp-content\/uploads\/2021\/02\/logo-footer-acceso-latino.png","width":240,"height":40,"caption":"Acceso Latino | Fundaci\u00f3n Carlos Slim"},"image":{"@id":"https:\/\/accesolatino.org\/#\/schema\/logo\/image\/"},"sameAs":["https:\/\/www.facebook.com\/AccesoLatinoOrg","https:\/\/x.com\/FAccLatino"]},{"@type":"Person","@id":"https:\/\/accesolatino.org\/#\/schema\/person\/57bc3bfd2c357610a5255490ca4cd305","name":"News"}]}},"_links":{"self":[{"href":"https:\/\/accesolatino.org\/en\/wp-json\/wp\/v2\/posts\/16644","targetHints":{"allow":["GET"]}}],"collection":[{"href":"https:\/\/accesolatino.org\/en\/wp-json\/wp\/v2\/posts"}],"about":[{"href":"https:\/\/accesolatino.org\/en\/wp-json\/wp\/v2\/types\/post"}],"author":[{"embeddable":true,"href":"https:\/\/accesolatino.org\/en\/wp-json\/wp\/v2\/users\/13"}],"replies":[{"embeddable":true,"href":"https:\/\/accesolatino.org\/en\/wp-json\/wp\/v2\/comments?post=16644"}],"version-history":[{"count":1,"href":"https:\/\/accesolatino.org\/en\/wp-json\/wp\/v2\/posts\/16644\/revisions"}],"predecessor-version":[{"id":66430,"href":"https:\/\/accesolatino.org\/en\/wp-json\/wp\/v2\/posts\/16644\/revisions\/66430"}],"wp:featuredmedia":[{"embeddable":true,"href":"https:\/\/accesolatino.org\/en\/wp-json\/wp\/v2\/media\/16645"}],"wp:attachment":[{"href":"https:\/\/accesolatino.org\/en\/wp-json\/wp\/v2\/media?parent=16644"}],"wp:term":[{"taxonomy":"category","embeddable":true,"href":"https:\/\/accesolatino.org\/en\/wp-json\/wp\/v2\/categories?post=16644"},{"taxonomy":"post_tag","embeddable":true,"href":"https:\/\/accesolatino.org\/en\/wp-json\/wp\/v2\/tags?post=16644"}],"curies":[{"name":"wp","href":"https:\/\/api.w.org\/{rel}","templated":true}]}}