{"id":16640,"date":"2019-02-18T16:00:41","date_gmt":"2019-02-18T22:00:41","guid":{"rendered":"https:\/\/accesolatino.org\/?p=16640"},"modified":"2025-10-27T10:18:34","modified_gmt":"2025-10-27T16:18:34","slug":"conoces-las-propiedades-de-la-granada","status":"publish","type":"post","link":"https:\/\/accesolatino.org\/en\/conoces-las-propiedades-de-la-granada\/noticias\/","title":{"rendered":"\u00bfConoces las propiedades de la granada?"},"content":{"rendered":"<div data-elementor-type=\"wp-post\" data-elementor-id=\"16640\" class=\"elementor elementor-16640\">\n\t\t\t\t\t\t<section class=\"elementor-section elementor-top-section elementor-element elementor-element-369f77a elementor-section-boxed elementor-section-height-default elementor-section-height-default wpr-particle-no wpr-jarallax-no wpr-parallax-no wpr-sticky-section-no wpr-equal-height-no\" data-id=\"369f77a\" data-element_type=\"section\" data-e-type=\"section\">\n\t\t\t\t\t\t<div class=\"elementor-container elementor-column-gap-default\">\n\t\t\t\t\t<div class=\"elementor-column elementor-col-100 elementor-top-column elementor-element elementor-element-8ef62e2\" data-id=\"8ef62e2\" data-element_type=\"column\" data-e-type=\"column\">\n\t\t\t<div class=\"elementor-widget-wrap elementor-element-populated\">\n\t\t\t\t\t\t<div class=\"elementor-element elementor-element-d9121ee elementor-widget elementor-widget-text-editor\" data-id=\"d9121ee\" data-element_type=\"widget\" data-e-type=\"widget\" data-widget_type=\"text-editor.default\">\n\t\t\t\t<div class=\"elementor-widget-container\">\n\t\t\t\t\t\t\t\t\t<p>Nuestros cuerpos se enfrentan a amenazas los 365 d\u00edas del a\u00f1o. Las enfermedades e infecciones est\u00e1n a la orden, es por esto, que necesitamos antioxidantes y esta sanadora sustancia se encuentra en la granada. Esta fruta de color rojo goza de muchas propiedades; entre ellas, se cree que puede combatir el colesterol, prevenir el Alzheimer, el c\u00e1ncer y reducir el estr\u00e9s, y recordar que tiene pocas calor\u00edas.<\/p><p>Se han realizado m\u00faltiples estudios, el m\u00e1s reciente fue por parte de los investigadores de Biolog\u00eda de C\u00e9lulas Madre y Medicina Regenerativa de Bangalore, en la India, y la Universidad de Lousville, en Estados Unidos encontraron una nueva propiedad. Seg\u00fan sus resultados, la urolitina A, derivada de la granada, puede ayudar con el tratamiento para el EII (enfermedad inflamatoria intestinal).<\/p><p>Este padecimiento tiene dos vertientes: la enfermedad de Crohn y la colitis ulcerosa, que se caracterizan por la inflamaci\u00f3n prolongada del tracto gastrointestinal, que afecta el es\u00f3fago, el est\u00f3mago y los intestinos.<\/p><p>La urolitina A que esta en la granada, es un metabolito que se produce mediante el resultado de la interacci\u00f3n de las bacterias intestinales y ciertas sustancias que tiene la granada.<\/p><p>La barrera es una capa unicelular que brinda protecci\u00f3n contra las toxinas y ant\u00edgenos presentes en el intestino. La entereza de la barrera intestinal se mantiene por medio de las prote\u00ednas de uni\u00f3n estrecha, y la perdida de las mismas en la EII, aumenta el flujo del intestino.<\/p><p>Existe un riesgo de inflamaci\u00f3n cr\u00f3nica por filtraci\u00f3n de toxinas y este inconveniente se puede curar y evitar con medicamentos efectivos.<\/p><p>El profesor en neurociencia Patrick Aebischer, cit\u00f3: \u201cla urolitina A es la \u00fanica mol\u00e9cula conocida que puede recomenzar el proceso de limpieza mitocondrial tambi\u00e9n conocido como mitofagia. Es una sustancia completamente natural y su efecto es poderoso y comprobable.\u201d<\/p><p>Seg\u00fan Chris Rinsch, otro autor del estudio, precursores de la urolitina A se encuentran no s\u00f3lo en las granadas sino tambi\u00e9n en peque\u00f1as cantidades en muchas nueces y bayas<u>.<\/u><\/p><p>Muchos de los investigadores invitan al consumo de granada y otras frutas que pueden ayudar a la liberaci\u00f3n de UroA en el intestino, pero esto no garantiza que los s\u00edntomas de la EII disminuyan o se eliminen en su totalidad.<\/p><p>Si deseas impedir este tipo de problemas, empieza a endurecer tu micrbiota intestinal. Un nutri\u00f3logo especialista puede ayudarte con esta ardua tarea.<\/p><p><strong>accesolatino.org<\/strong>, tu portal de salud y recomendaciones, no olvides que\u00a0 en la pesta\u00f1a de <a href=\"https:\/\/accesolatino.org\/en\/salud\/\">\u201cSalud\u201d<\/a> encontrar\u00e1s mucha informaci\u00f3n que te ayudar\u00e1n con tu d\u00eda a d\u00eda.<\/p><p>Visita <a href=\"https:\/\/www.clikisalud.net\/\">clikisalud<\/a> para m\u00e1s informaci\u00f3n.<\/p>\t\t\t\t\t\t\t\t<\/div>\n\t\t\t\t<\/div>\n\t\t\t\t\t<\/div>\n\t\t<\/div>\n\t\t\t\t\t<\/div>\n\t\t<\/section>\n\t\t\t\t<\/div>","protected":false},"excerpt":{"rendered":"<p>Nuestros cuerpos se enfrentan a amenazas los 365 d\u00edas del a\u00f1o. Las enfermedades e infecciones est\u00e1n a la orden, es por esto, que necesitamos antioxidantes y esta sanadora sustancia se encuentra en la granada. Esta fruta de color rojo goza de muchas propiedades; entre ellas, se cree que puede combatir el colesterol, prevenir el Alzheimer, el c\u00e1ncer y reducir el estr\u00e9s, y recordar que tiene pocas calor\u00edas. Se han realizado m\u00faltiples estudios, el m\u00e1s reciente fue por parte de los investigadores de Biolog\u00eda de C\u00e9lulas Madre y Medicina Regenerativa de Bangalore, en la India, y la Universidad de Lousville, en Estados Unidos encontraron una nueva propiedad. Seg\u00fan sus resultados, la urolitina A, derivada de la granada, puede ayudar con el tratamiento para el EII (enfermedad inflamatoria intestinal). Este padecimiento tiene dos vertientes: la enfermedad de Crohn y la colitis ulcerosa, que se caracterizan por la inflamaci\u00f3n prolongada del tracto gastrointestinal, que afecta el es\u00f3fago, el est\u00f3mago y los intestinos. La urolitina A que esta en la granada, es un metabolito que se produce mediante el resultado de la interacci\u00f3n de las bacterias intestinales y ciertas sustancias que tiene la granada. La barrera es una capa unicelular que brinda protecci\u00f3n contra las toxinas y ant\u00edgenos presentes en el intestino. La entereza de la barrera intestinal se mantiene por medio de las prote\u00ednas de uni\u00f3n estrecha, y la perdida de las mismas en la EII, aumenta el flujo del intestino. Existe un riesgo de inflamaci\u00f3n cr\u00f3nica por filtraci\u00f3n de toxinas y este inconveniente se puede curar y evitar con medicamentos efectivos. El profesor en neurociencia Patrick Aebischer, cit\u00f3: \u201cla urolitina A es la \u00fanica mol\u00e9cula conocida que puede recomenzar el proceso de limpieza mitocondrial tambi\u00e9n conocido como mitofagia. Es una sustancia completamente natural y su efecto es poderoso y comprobable.\u201d Seg\u00fan Chris Rinsch, otro autor del estudio, precursores de la urolitina A se encuentran no s\u00f3lo en las granadas sino tambi\u00e9n en peque\u00f1as cantidades en muchas nueces y bayas. Muchos de los investigadores invitan al consumo de granada y otras frutas que pueden ayudar a la liberaci\u00f3n de UroA en el intestino, pero esto no garantiza que los s\u00edntomas de la EII disminuyan o se eliminen en su totalidad. Si deseas impedir este tipo de problemas, empieza a endurecer tu micrbiota intestinal. Un nutri\u00f3logo especialista puede ayudarte con esta ardua tarea. accesolatino.org, tu portal de salud y recomendaciones, no olvides que&nbsp; en la pesta\u00f1a de \u201cSalud\u201d encontrar\u00e1s mucha informaci\u00f3n que te ayudar\u00e1n con tu d\u00eda a d\u00eda. Visita clikisalud para m\u00e1s informaci\u00f3n.<\/p>","protected":false},"author":13,"featured_media":16641,"comment_status":"open","ping_status":"open","sticky":false,"template":"","format":"standard","meta":{"_uf_show_specific_survey":0,"_uf_disable_surveys":false,"footnotes":""},"categories":[10,1],"tags":[],"class_list":["post-16640","post","type-post","status-publish","format-standard","has-post-thumbnail","hentry","category-noticias","category-temas-de-interes"],"aioseo_notices":[],"yoast_head":"<!-- This site is optimized with the Yoast SEO plugin v27.5 - https:\/\/yoast.com\/product\/yoast-seo-wordpress\/ -->\n<title>\u00bfConoces las propiedades de la granada?<\/title>\n<meta name=\"description\" content=\"Nuestros cuerpos se enfrentan a amenazas los 365 d\u00edas del a\u00f1o. Las enfermedades e infecciones est\u00e1n a la orden, es por esto,\" \/>\n<meta name=\"robots\" content=\"index, follow, max-snippet:-1, max-image-preview:large, max-video-preview:-1\" \/>\n<link rel=\"canonical\" href=\"https:\/\/accesolatino.org\/en\/conoces-las-propiedades-de-la-granada\/noticias\/\" \/>\n<meta property=\"og:locale\" content=\"en_US\" \/>\n<meta property=\"og:type\" content=\"article\" \/>\n<meta property=\"og:title\" content=\"\u00bfConoces las propiedades de la granada?\" \/>\n<meta property=\"og:description\" content=\"Nuestros cuerpos se enfrentan a amenazas los 365 d\u00edas del a\u00f1o. Las enfermedades e infecciones est\u00e1n a la orden, es por esto,\" \/>\n<meta property=\"og:url\" content=\"https:\/\/accesolatino.org\/en\/conoces-las-propiedades-de-la-granada\/noticias\/\" \/>\n<meta property=\"og:site_name\" content=\"Acceso Latino\" \/>\n<meta property=\"article:publisher\" content=\"https:\/\/www.facebook.com\/AccesoLatinoOrg\" \/>\n<meta property=\"article:published_time\" content=\"2019-02-18T22:00:41+00:00\" \/>\n<meta property=\"article:modified_time\" content=\"2025-10-27T16:18:34+00:00\" \/>\n<meta property=\"og:image\" content=\"https:\/\/accesolatino.org\/wp-content\/uploads\/2019\/04\/Conoces-las-propiedades-de-la-granada.jpg\" \/>\n\t<meta property=\"og:image:width\" content=\"600\" \/>\n\t<meta property=\"og:image:height\" content=\"338\" \/>\n\t<meta property=\"og:image:type\" content=\"image\/jpeg\" \/>\n<meta name=\"author\" content=\"Noticias\" \/>\n<meta name=\"twitter:card\" content=\"summary_large_image\" \/>\n<meta name=\"twitter:creator\" content=\"@FAccLatino\" \/>\n<meta name=\"twitter:site\" content=\"@FAccLatino\" \/>\n<meta name=\"twitter:label1\" content=\"Written by\" \/>\n\t<meta name=\"twitter:data1\" content=\"Noticias\" \/>\n\t<meta name=\"twitter:label2\" content=\"Est. reading time\" \/>\n\t<meta name=\"twitter:data2\" content=\"3 minutes\" \/>\n<script type=\"application\/ld+json\" class=\"yoast-schema-graph\">{\"@context\":\"https:\\\/\\\/schema.org\",\"@graph\":[{\"@type\":\"Article\",\"@id\":\"https:\\\/\\\/accesolatino.org\\\/conoces-las-propiedades-de-la-granada\\\/noticias\\\/#article\",\"isPartOf\":{\"@id\":\"https:\\\/\\\/accesolatino.org\\\/conoces-las-propiedades-de-la-granada\\\/noticias\\\/\"},\"author\":{\"name\":\"Noticias\",\"@id\":\"https:\\\/\\\/accesolatino.org\\\/#\\\/schema\\\/person\\\/57bc3bfd2c357610a5255490ca4cd305\"},\"headline\":\"\u00bfConoces las propiedades de la granada?\",\"datePublished\":\"2019-02-18T22:00:41+00:00\",\"dateModified\":\"2025-10-27T16:18:34+00:00\",\"mainEntityOfPage\":{\"@id\":\"https:\\\/\\\/accesolatino.org\\\/conoces-las-propiedades-de-la-granada\\\/noticias\\\/\"},\"wordCount\":466,\"commentCount\":0,\"publisher\":{\"@id\":\"https:\\\/\\\/accesolatino.org\\\/#organization\"},\"image\":{\"@id\":\"https:\\\/\\\/accesolatino.org\\\/conoces-las-propiedades-de-la-granada\\\/noticias\\\/#primaryimage\"},\"thumbnailUrl\":\"https:\\\/\\\/accesolatino.org\\\/wp-content\\\/uploads\\\/2019\\\/04\\\/Conoces-las-propiedades-de-la-granada.jpg\",\"articleSection\":[\"Noticias\",\"Temas de inter\u00e9s\"],\"inLanguage\":\"en-US\",\"potentialAction\":[{\"@type\":\"CommentAction\",\"name\":\"Comment\",\"target\":[\"https:\\\/\\\/accesolatino.org\\\/conoces-las-propiedades-de-la-granada\\\/noticias\\\/#respond\"]}]},{\"@type\":\"WebPage\",\"@id\":\"https:\\\/\\\/accesolatino.org\\\/conoces-las-propiedades-de-la-granada\\\/noticias\\\/\",\"url\":\"https:\\\/\\\/accesolatino.org\\\/conoces-las-propiedades-de-la-granada\\\/noticias\\\/\",\"name\":\"\u00bfConoces las propiedades de la granada?\",\"isPartOf\":{\"@id\":\"https:\\\/\\\/accesolatino.org\\\/#website\"},\"primaryImageOfPage\":{\"@id\":\"https:\\\/\\\/accesolatino.org\\\/conoces-las-propiedades-de-la-granada\\\/noticias\\\/#primaryimage\"},\"image\":{\"@id\":\"https:\\\/\\\/accesolatino.org\\\/conoces-las-propiedades-de-la-granada\\\/noticias\\\/#primaryimage\"},\"thumbnailUrl\":\"https:\\\/\\\/accesolatino.org\\\/wp-content\\\/uploads\\\/2019\\\/04\\\/Conoces-las-propiedades-de-la-granada.jpg\",\"datePublished\":\"2019-02-18T22:00:41+00:00\",\"dateModified\":\"2025-10-27T16:18:34+00:00\",\"description\":\"Nuestros cuerpos se enfrentan a amenazas los 365 d\u00edas del a\u00f1o. Las enfermedades e infecciones est\u00e1n a la orden, es por esto,\",\"breadcrumb\":{\"@id\":\"https:\\\/\\\/accesolatino.org\\\/conoces-las-propiedades-de-la-granada\\\/noticias\\\/#breadcrumb\"},\"inLanguage\":\"en-US\",\"potentialAction\":[{\"@type\":\"ReadAction\",\"target\":[\"https:\\\/\\\/accesolatino.org\\\/conoces-las-propiedades-de-la-granada\\\/noticias\\\/\"]}]},{\"@type\":\"ImageObject\",\"inLanguage\":\"en-US\",\"@id\":\"https:\\\/\\\/accesolatino.org\\\/conoces-las-propiedades-de-la-granada\\\/noticias\\\/#primaryimage\",\"url\":\"https:\\\/\\\/accesolatino.org\\\/wp-content\\\/uploads\\\/2019\\\/04\\\/Conoces-las-propiedades-de-la-granada.jpg\",\"contentUrl\":\"https:\\\/\\\/accesolatino.org\\\/wp-content\\\/uploads\\\/2019\\\/04\\\/Conoces-las-propiedades-de-la-granada.jpg\",\"width\":600,\"height\":338,\"caption\":\"Conoces las propiedades de la granada\"},{\"@type\":\"BreadcrumbList\",\"@id\":\"https:\\\/\\\/accesolatino.org\\\/conoces-las-propiedades-de-la-granada\\\/noticias\\\/#breadcrumb\",\"itemListElement\":[{\"@type\":\"ListItem\",\"position\":1,\"name\":\"Portada\",\"item\":\"https:\\\/\\\/accesolatino.org\\\/\"},{\"@type\":\"ListItem\",\"position\":2,\"name\":\"Noticias\",\"item\":\"https:\\\/\\\/accesolatino.org\\\/category\\\/noticias\\\/\"},{\"@type\":\"ListItem\",\"position\":3,\"name\":\"\u00bfConoces las propiedades de la granada?\"}]},{\"@type\":\"WebSite\",\"@id\":\"https:\\\/\\\/accesolatino.org\\\/#website\",\"url\":\"https:\\\/\\\/accesolatino.org\\\/\",\"name\":\"Acceso Latino | Fundaci\u00f3n Carlos Slim\",\"description\":\"Fundaci\u00f3n Carlos Slim\",\"publisher\":{\"@id\":\"https:\\\/\\\/accesolatino.org\\\/#organization\"},\"potentialAction\":[{\"@type\":\"SearchAction\",\"target\":{\"@type\":\"EntryPoint\",\"urlTemplate\":\"https:\\\/\\\/accesolatino.org\\\/?s={search_term_string}\"},\"query-input\":{\"@type\":\"PropertyValueSpecification\",\"valueRequired\":true,\"valueName\":\"search_term_string\"}}],\"inLanguage\":\"en-US\"},{\"@type\":\"Organization\",\"@id\":\"https:\\\/\\\/accesolatino.org\\\/#organization\",\"name\":\"Acceso Latino | Fundaci\u00f3n Carlos Slim\",\"url\":\"https:\\\/\\\/accesolatino.org\\\/\",\"logo\":{\"@type\":\"ImageObject\",\"inLanguage\":\"en-US\",\"@id\":\"https:\\\/\\\/accesolatino.org\\\/#\\\/schema\\\/logo\\\/image\\\/\",\"url\":\"https:\\\/\\\/accesolatino.org\\\/wp-content\\\/uploads\\\/2021\\\/02\\\/logo-footer-acceso-latino.png\",\"contentUrl\":\"https:\\\/\\\/accesolatino.org\\\/wp-content\\\/uploads\\\/2021\\\/02\\\/logo-footer-acceso-latino.png\",\"width\":240,\"height\":40,\"caption\":\"Acceso Latino | Fundaci\u00f3n Carlos Slim\"},\"image\":{\"@id\":\"https:\\\/\\\/accesolatino.org\\\/#\\\/schema\\\/logo\\\/image\\\/\"},\"sameAs\":[\"https:\\\/\\\/www.facebook.com\\\/AccesoLatinoOrg\",\"https:\\\/\\\/x.com\\\/FAccLatino\"]},{\"@type\":\"Person\",\"@id\":\"https:\\\/\\\/accesolatino.org\\\/#\\\/schema\\\/person\\\/57bc3bfd2c357610a5255490ca4cd305\",\"name\":\"Noticias\"}]}<\/script>\n<!-- \/ Yoast SEO plugin. -->","yoast_head_json":{"title":"\u00bfConoces las propiedades de la granada?","description":"Nuestros cuerpos se enfrentan a amenazas los 365 d\u00edas del a\u00f1o. Las enfermedades e infecciones est\u00e1n a la orden, es por esto,","robots":{"index":"index","follow":"follow","max-snippet":"max-snippet:-1","max-image-preview":"max-image-preview:large","max-video-preview":"max-video-preview:-1"},"canonical":"https:\/\/accesolatino.org\/en\/conoces-las-propiedades-de-la-granada\/noticias\/","og_locale":"en_US","og_type":"article","og_title":"\u00bfConoces las propiedades de la granada?","og_description":"Nuestros cuerpos se enfrentan a amenazas los 365 d\u00edas del a\u00f1o. Las enfermedades e infecciones est\u00e1n a la orden, es por esto,","og_url":"https:\/\/accesolatino.org\/en\/conoces-las-propiedades-de-la-granada\/noticias\/","og_site_name":"Acceso Latino","article_publisher":"https:\/\/www.facebook.com\/AccesoLatinoOrg","article_published_time":"2019-02-18T22:00:41+00:00","article_modified_time":"2025-10-27T16:18:34+00:00","og_image":[{"width":600,"height":338,"url":"https:\/\/accesolatino.org\/wp-content\/uploads\/2019\/04\/Conoces-las-propiedades-de-la-granada.jpg","type":"image\/jpeg"}],"author":"Noticias","twitter_card":"summary_large_image","twitter_creator":"@FAccLatino","twitter_site":"@FAccLatino","twitter_misc":{"Written by":"Noticias","Est. reading time":"3 minutes"},"schema":{"@context":"https:\/\/schema.org","@graph":[{"@type":"Article","@id":"https:\/\/accesolatino.org\/conoces-las-propiedades-de-la-granada\/noticias\/#article","isPartOf":{"@id":"https:\/\/accesolatino.org\/conoces-las-propiedades-de-la-granada\/noticias\/"},"author":{"name":"Noticias","@id":"https:\/\/accesolatino.org\/#\/schema\/person\/57bc3bfd2c357610a5255490ca4cd305"},"headline":"\u00bfConoces las propiedades de la granada?","datePublished":"2019-02-18T22:00:41+00:00","dateModified":"2025-10-27T16:18:34+00:00","mainEntityOfPage":{"@id":"https:\/\/accesolatino.org\/conoces-las-propiedades-de-la-granada\/noticias\/"},"wordCount":466,"commentCount":0,"publisher":{"@id":"https:\/\/accesolatino.org\/#organization"},"image":{"@id":"https:\/\/accesolatino.org\/conoces-las-propiedades-de-la-granada\/noticias\/#primaryimage"},"thumbnailUrl":"https:\/\/accesolatino.org\/wp-content\/uploads\/2019\/04\/Conoces-las-propiedades-de-la-granada.jpg","articleSection":["Noticias","Temas de inter\u00e9s"],"inLanguage":"en-US","potentialAction":[{"@type":"CommentAction","name":"Comment","target":["https:\/\/accesolatino.org\/conoces-las-propiedades-de-la-granada\/noticias\/#respond"]}]},{"@type":"WebPage","@id":"https:\/\/accesolatino.org\/conoces-las-propiedades-de-la-granada\/noticias\/","url":"https:\/\/accesolatino.org\/conoces-las-propiedades-de-la-granada\/noticias\/","name":"\u00bfConoces las propiedades de la granada?","isPartOf":{"@id":"https:\/\/accesolatino.org\/#website"},"primaryImageOfPage":{"@id":"https:\/\/accesolatino.org\/conoces-las-propiedades-de-la-granada\/noticias\/#primaryimage"},"image":{"@id":"https:\/\/accesolatino.org\/conoces-las-propiedades-de-la-granada\/noticias\/#primaryimage"},"thumbnailUrl":"https:\/\/accesolatino.org\/wp-content\/uploads\/2019\/04\/Conoces-las-propiedades-de-la-granada.jpg","datePublished":"2019-02-18T22:00:41+00:00","dateModified":"2025-10-27T16:18:34+00:00","description":"Nuestros cuerpos se enfrentan a amenazas los 365 d\u00edas del a\u00f1o. Las enfermedades e infecciones est\u00e1n a la orden, es por esto,","breadcrumb":{"@id":"https:\/\/accesolatino.org\/conoces-las-propiedades-de-la-granada\/noticias\/#breadcrumb"},"inLanguage":"en-US","potentialAction":[{"@type":"ReadAction","target":["https:\/\/accesolatino.org\/conoces-las-propiedades-de-la-granada\/noticias\/"]}]},{"@type":"ImageObject","inLanguage":"en-US","@id":"https:\/\/accesolatino.org\/conoces-las-propiedades-de-la-granada\/noticias\/#primaryimage","url":"https:\/\/accesolatino.org\/wp-content\/uploads\/2019\/04\/Conoces-las-propiedades-de-la-granada.jpg","contentUrl":"https:\/\/accesolatino.org\/wp-content\/uploads\/2019\/04\/Conoces-las-propiedades-de-la-granada.jpg","width":600,"height":338,"caption":"Conoces las propiedades de la granada"},{"@type":"BreadcrumbList","@id":"https:\/\/accesolatino.org\/conoces-las-propiedades-de-la-granada\/noticias\/#breadcrumb","itemListElement":[{"@type":"ListItem","position":1,"name":"Portada","item":"https:\/\/accesolatino.org\/"},{"@type":"ListItem","position":2,"name":"Noticias","item":"https:\/\/accesolatino.org\/category\/noticias\/"},{"@type":"ListItem","position":3,"name":"\u00bfConoces las propiedades de la granada?"}]},{"@type":"WebSite","@id":"https:\/\/accesolatino.org\/#website","url":"https:\/\/accesolatino.org\/","name":"Acceso Latino | Fundaci\u00f3n Carlos Slim","description":"Fundaci\u00f3n Carlos Slim","publisher":{"@id":"https:\/\/accesolatino.org\/#organization"},"potentialAction":[{"@type":"SearchAction","target":{"@type":"EntryPoint","urlTemplate":"https:\/\/accesolatino.org\/?s={search_term_string}"},"query-input":{"@type":"PropertyValueSpecification","valueRequired":true,"valueName":"search_term_string"}}],"inLanguage":"en-US"},{"@type":"Organization","@id":"https:\/\/accesolatino.org\/#organization","name":"Acceso Latino | Fundaci\u00f3n Carlos Slim","url":"https:\/\/accesolatino.org\/","logo":{"@type":"ImageObject","inLanguage":"en-US","@id":"https:\/\/accesolatino.org\/#\/schema\/logo\/image\/","url":"https:\/\/accesolatino.org\/wp-content\/uploads\/2021\/02\/logo-footer-acceso-latino.png","contentUrl":"https:\/\/accesolatino.org\/wp-content\/uploads\/2021\/02\/logo-footer-acceso-latino.png","width":240,"height":40,"caption":"Acceso Latino | Fundaci\u00f3n Carlos Slim"},"image":{"@id":"https:\/\/accesolatino.org\/#\/schema\/logo\/image\/"},"sameAs":["https:\/\/www.facebook.com\/AccesoLatinoOrg","https:\/\/x.com\/FAccLatino"]},{"@type":"Person","@id":"https:\/\/accesolatino.org\/#\/schema\/person\/57bc3bfd2c357610a5255490ca4cd305","name":"News"}]}},"_links":{"self":[{"href":"https:\/\/accesolatino.org\/en\/wp-json\/wp\/v2\/posts\/16640","targetHints":{"allow":["GET"]}}],"collection":[{"href":"https:\/\/accesolatino.org\/en\/wp-json\/wp\/v2\/posts"}],"about":[{"href":"https:\/\/accesolatino.org\/en\/wp-json\/wp\/v2\/types\/post"}],"author":[{"embeddable":true,"href":"https:\/\/accesolatino.org\/en\/wp-json\/wp\/v2\/users\/13"}],"replies":[{"embeddable":true,"href":"https:\/\/accesolatino.org\/en\/wp-json\/wp\/v2\/comments?post=16640"}],"version-history":[{"count":1,"href":"https:\/\/accesolatino.org\/en\/wp-json\/wp\/v2\/posts\/16640\/revisions"}],"predecessor-version":[{"id":66438,"href":"https:\/\/accesolatino.org\/en\/wp-json\/wp\/v2\/posts\/16640\/revisions\/66438"}],"wp:featuredmedia":[{"embeddable":true,"href":"https:\/\/accesolatino.org\/en\/wp-json\/wp\/v2\/media\/16641"}],"wp:attachment":[{"href":"https:\/\/accesolatino.org\/en\/wp-json\/wp\/v2\/media?parent=16640"}],"wp:term":[{"taxonomy":"category","embeddable":true,"href":"https:\/\/accesolatino.org\/en\/wp-json\/wp\/v2\/categories?post=16640"},{"taxonomy":"post_tag","embeddable":true,"href":"https:\/\/accesolatino.org\/en\/wp-json\/wp\/v2\/tags?post=16640"}],"curies":[{"name":"wp","href":"https:\/\/api.w.org\/{rel}","templated":true}]}}