{"id":16635,"date":"2019-02-19T16:00:12","date_gmt":"2019-02-19T22:00:12","guid":{"rendered":"https:\/\/accesolatino.org\/?p=16635"},"modified":"2025-10-27T10:18:27","modified_gmt":"2025-10-27T16:18:27","slug":"que-causa-la-diabetes","status":"publish","type":"post","link":"https:\/\/accesolatino.org\/en\/que-causa-la-diabetes\/noticias\/","title":{"rendered":"\u00bfQu\u00e9 causa la diabetes?"},"content":{"rendered":"<div data-elementor-type=\"wp-post\" data-elementor-id=\"16635\" class=\"elementor elementor-16635\">\n\t\t\t\t\t\t<section class=\"elementor-section elementor-top-section elementor-element elementor-element-369f77a elementor-section-boxed elementor-section-height-default elementor-section-height-default wpr-particle-no wpr-jarallax-no wpr-parallax-no wpr-sticky-section-no wpr-equal-height-no\" data-id=\"369f77a\" data-element_type=\"section\" data-e-type=\"section\">\n\t\t\t\t\t\t<div class=\"elementor-container elementor-column-gap-default\">\n\t\t\t\t\t<div class=\"elementor-column elementor-col-100 elementor-top-column elementor-element elementor-element-8ef62e2\" data-id=\"8ef62e2\" data-element_type=\"column\" data-e-type=\"column\">\n\t\t\t<div class=\"elementor-widget-wrap elementor-element-populated\">\n\t\t\t\t\t\t<div class=\"elementor-element elementor-element-d9121ee elementor-widget elementor-widget-text-editor\" data-id=\"d9121ee\" data-element_type=\"widget\" data-e-type=\"widget\" data-widget_type=\"text-editor.default\">\n\t\t\t\t<div class=\"elementor-widget-container\">\n\t\t\t\t\t\t\t\t\t<p>Las enfermedades cr\u00f3nicas son se dan, y en muchos de los casos, como resultad de malas pr\u00e1cticas alimenticias y de poca o nula actividad f\u00edsica. Pero tambi\u00e9n existen causas gen\u00e9ticas que acrecientan el peligro de contraerlas.<\/p><p>The <strong>Asociaci\u00f3n Estadounidense de la Diabetes<\/strong> (ADA) recomienda que las siguientes personas se realicen un an\u00e1lisis para detecci\u00f3n de la diabetes:<\/p><ul><li>Cualquier persona con un \u00edndice de masa corporal es mayor a 25 no importa la edad u otros riesgos adicionales, como presi\u00f3n alta, niveles de colesterol altos, un estilo de vida sedentario, enfermedades card\u00edacas y que tengan un pariente directo con diabetes.<\/li><li>Se recomienda que personas mayores de 45 a\u00f1os se realicen estudios, para medir los niveles de az\u00facar en la sangre.<\/li><li>Toda mujer que haya sufrido diabetes gestacional, tendr\u00e1 que realizarse un an\u00e1lisis para detecci\u00f3n de diabetes cada tres a\u00f1os.<\/li><li>Y todos aquellos que hayan sido diagnosticados con prediabetes deben hacerse realizarse todos los a\u00f1os.<\/li><\/ul><p>La diabetes mellitus si tiene un factor hereditario, o sea, si alguno de los padres tiene esta enfermedad, aumenta el riesgo de que lo hijos la contraigan. Sin embargo, que lleguen a desarrollarla o no, depende de otras circunstancias m\u00e1s relevantes, como la alimentaci\u00f3n y si hace ejercicio o no.<\/p><p>Estos son los tipos de diabetes seg\u00fan sus causas y caracter\u00edsticas:<\/p><p>Diabetes tipo 1. El sistema inmunitario, es el que lucha contra las infecciones, ataca y elimina las c\u00e9lulas beta del p\u00e1ncreas, que son las encargadas de producir la insulina. Se piensa que la diabetes tipo 1 es causada por genes y factores ambientales, como los virus, que pueden desencadenar la enfermedad.<\/p><p>Diabetes tipo 2. Intervienen m\u00faltiples factores, entre ellos, el comportamiento y la herencia gen\u00e9tica. Hay mayor chace de desarrollar diabetes tipo 2 si no se lleva un estilo de vida sano y se es sedentario, con mala alimentaci\u00f3n, sobrepeso u obesidad.<\/p><p>Diabetes gestacional. Esta se presenta durante el embarazo y esta puede ser causada por cambios hormonales, hereditaria y un estilo de vida insano. Las mujeres con antecedentes familiares de diabetes tienen una mayor probabilidad de contraer diabetes gestacional, de acuerdo con los <strong>Institutos Nacionales de la Salud<\/strong> (NIH, por sus siglas en ingl\u00e9s).<\/p><p>La mejor forma de evitar estos males, es la prevenci\u00f3n. Aun cuando haya familiares que la hayan padecido, el tener una buena salud es parte fundamental. Si necesitas algo m\u00e1s exacto, visita a un especialista.<\/p><p>Quieres m\u00e1s de la diabetes y otros padecimientos, accede a accesolatino.org y en la secci\u00f3n de <a href=\"https:\/\/accesolatino.org\/en\/salud\/\">\u201cSalud\u201d<\/a> encontrar\u00e1s informaci\u00f3n valiosa en el apartado de <a href=\"https:\/\/www.clikisalud.net\/\">clikisalud<\/a><strong>,<\/strong> as\u00ed como cl\u00ednicas econ\u00f3micas cerca de tu casa en Estados Unidos.<\/p>\t\t\t\t\t\t\t\t<\/div>\n\t\t\t\t<\/div>\n\t\t\t\t\t<\/div>\n\t\t<\/div>\n\t\t\t\t\t<\/div>\n\t\t<\/section>\n\t\t\t\t<\/div>","protected":false},"excerpt":{"rendered":"<p>Las enfermedades cr\u00f3nicas son se dan, y en muchos de los casos, como resultad de malas pr\u00e1cticas alimenticias y de poca o nula actividad f\u00edsica. Pero tambi\u00e9n existen causas gen\u00e9ticas que acrecientan el peligro de contraerlas. La Asociaci\u00f3n Estadounidense de la Diabetes (ADA) recomienda que las siguientes personas se realicen un an\u00e1lisis para detecci\u00f3n de la diabetes: Cualquier persona con un \u00edndice de masa corporal es mayor a 25 no importa la edad u otros riesgos adicionales, como presi\u00f3n alta, niveles de colesterol altos, un estilo de vida sedentario, enfermedades card\u00edacas y que tengan un pariente directo con diabetes. Se recomienda que personas mayores de 45 a\u00f1os se realicen estudios, para medir los niveles de az\u00facar en la sangre. Toda mujer que haya sufrido diabetes gestacional, tendr\u00e1 que realizarse un an\u00e1lisis para detecci\u00f3n de diabetes cada tres a\u00f1os. Y todos aquellos que hayan sido diagnosticados con prediabetes deben hacerse realizarse todos los a\u00f1os. La diabetes mellitus si tiene un factor hereditario, o sea, si alguno de los padres tiene esta enfermedad, aumenta el riesgo de que lo hijos la contraigan. Sin embargo, que lleguen a desarrollarla o no, depende de otras circunstancias m\u00e1s relevantes, como la alimentaci\u00f3n y si hace ejercicio o no. Estos son los tipos de diabetes seg\u00fan sus causas y caracter\u00edsticas: Diabetes tipo 1. El sistema inmunitario, es el que lucha contra las infecciones, ataca y elimina las c\u00e9lulas beta del p\u00e1ncreas, que son las encargadas de producir la insulina. Se piensa que la diabetes tipo 1 es causada por genes y factores ambientales, como los virus, que pueden desencadenar la enfermedad. Diabetes tipo 2. Intervienen m\u00faltiples factores, entre ellos, el comportamiento y la herencia gen\u00e9tica. Hay mayor chace de desarrollar diabetes tipo 2 si no se lleva un estilo de vida sano y se es sedentario, con mala alimentaci\u00f3n, sobrepeso u obesidad. Diabetes gestacional. Esta se presenta durante el embarazo y esta puede ser causada por cambios hormonales, hereditaria y un estilo de vida insano. Las mujeres con antecedentes familiares de diabetes tienen una mayor probabilidad de contraer diabetes gestacional, de acuerdo con los Institutos Nacionales de la Salud (NIH, por sus siglas en ingl\u00e9s). La mejor forma de evitar estos males, es la prevenci\u00f3n. Aun cuando haya familiares que la hayan padecido, el tener una buena salud es parte fundamental. Si necesitas algo m\u00e1s exacto, visita a un especialista. Quieres m\u00e1s de la diabetes y otros padecimientos, accede a accesolatino.org y en la secci\u00f3n de \u201cSalud\u201d encontrar\u00e1s informaci\u00f3n valiosa en el apartado de clikisalud, as\u00ed como cl\u00ednicas econ\u00f3micas cerca de tu casa en Estados Unidos.<\/p>","protected":false},"author":13,"featured_media":16636,"comment_status":"open","ping_status":"open","sticky":false,"template":"","format":"standard","meta":{"_uf_show_specific_survey":0,"_uf_disable_surveys":false,"footnotes":""},"categories":[10,1],"tags":[],"class_list":["post-16635","post","type-post","status-publish","format-standard","has-post-thumbnail","hentry","category-noticias","category-temas-de-interes"],"aioseo_notices":[],"yoast_head":"<!-- This site is optimized with the Yoast SEO plugin v27.5 - https:\/\/yoast.com\/product\/yoast-seo-wordpress\/ -->\n<title>\u00bfQu\u00e9 causa la diabetes?<\/title>\n<meta name=\"description\" content=\"Las enfermedades cr\u00f3nicas son se dan, y en muchos de los casos, como resultad de malas pr\u00e1cticas alimenticias y de poca o nula actividad f\u00edsica.\" \/>\n<meta name=\"robots\" content=\"index, follow, max-snippet:-1, max-image-preview:large, max-video-preview:-1\" \/>\n<link rel=\"canonical\" href=\"https:\/\/accesolatino.org\/en\/que-causa-la-diabetes\/noticias\/\" \/>\n<meta property=\"og:locale\" content=\"en_US\" \/>\n<meta property=\"og:type\" content=\"article\" \/>\n<meta property=\"og:title\" content=\"\u00bfQu\u00e9 causa la diabetes?\" \/>\n<meta property=\"og:description\" content=\"Las enfermedades cr\u00f3nicas son se dan, y en muchos de los casos, como resultad de malas pr\u00e1cticas alimenticias y de poca o nula actividad f\u00edsica.\" \/>\n<meta property=\"og:url\" content=\"https:\/\/accesolatino.org\/en\/que-causa-la-diabetes\/noticias\/\" \/>\n<meta property=\"og:site_name\" content=\"Acceso Latino\" \/>\n<meta property=\"article:publisher\" content=\"https:\/\/www.facebook.com\/AccesoLatinoOrg\" \/>\n<meta property=\"article:published_time\" content=\"2019-02-19T22:00:12+00:00\" \/>\n<meta property=\"article:modified_time\" content=\"2025-10-27T16:18:27+00:00\" \/>\n<meta property=\"og:image\" content=\"https:\/\/accesolatino.org\/wp-content\/uploads\/2019\/04\/Qu\u00e9-causa-la-diabetes.jpg\" \/>\n\t<meta property=\"og:image:width\" content=\"600\" \/>\n\t<meta property=\"og:image:height\" content=\"338\" \/>\n\t<meta property=\"og:image:type\" content=\"image\/jpeg\" \/>\n<meta name=\"author\" content=\"Noticias\" \/>\n<meta name=\"twitter:card\" content=\"summary_large_image\" \/>\n<meta name=\"twitter:creator\" content=\"@FAccLatino\" \/>\n<meta name=\"twitter:site\" content=\"@FAccLatino\" \/>\n<meta name=\"twitter:label1\" content=\"Written by\" \/>\n\t<meta name=\"twitter:data1\" content=\"Noticias\" \/>\n\t<meta name=\"twitter:label2\" content=\"Est. reading time\" \/>\n\t<meta name=\"twitter:data2\" content=\"3 minutes\" \/>\n<script type=\"application\/ld+json\" class=\"yoast-schema-graph\">{\"@context\":\"https:\\\/\\\/schema.org\",\"@graph\":[{\"@type\":\"Article\",\"@id\":\"https:\\\/\\\/accesolatino.org\\\/que-causa-la-diabetes\\\/noticias\\\/#article\",\"isPartOf\":{\"@id\":\"https:\\\/\\\/accesolatino.org\\\/que-causa-la-diabetes\\\/noticias\\\/\"},\"author\":{\"name\":\"Noticias\",\"@id\":\"https:\\\/\\\/accesolatino.org\\\/#\\\/schema\\\/person\\\/57bc3bfd2c357610a5255490ca4cd305\"},\"headline\":\"\u00bfQu\u00e9 causa la diabetes?\",\"datePublished\":\"2019-02-19T22:00:12+00:00\",\"dateModified\":\"2025-10-27T16:18:27+00:00\",\"mainEntityOfPage\":{\"@id\":\"https:\\\/\\\/accesolatino.org\\\/que-causa-la-diabetes\\\/noticias\\\/\"},\"wordCount\":463,\"commentCount\":0,\"publisher\":{\"@id\":\"https:\\\/\\\/accesolatino.org\\\/#organization\"},\"image\":{\"@id\":\"https:\\\/\\\/accesolatino.org\\\/que-causa-la-diabetes\\\/noticias\\\/#primaryimage\"},\"thumbnailUrl\":\"https:\\\/\\\/accesolatino.org\\\/wp-content\\\/uploads\\\/2019\\\/04\\\/Qu\u00e9-causa-la-diabetes.jpg\",\"articleSection\":[\"Noticias\",\"Temas de inter\u00e9s\"],\"inLanguage\":\"en-US\",\"potentialAction\":[{\"@type\":\"CommentAction\",\"name\":\"Comment\",\"target\":[\"https:\\\/\\\/accesolatino.org\\\/que-causa-la-diabetes\\\/noticias\\\/#respond\"]}]},{\"@type\":\"WebPage\",\"@id\":\"https:\\\/\\\/accesolatino.org\\\/que-causa-la-diabetes\\\/noticias\\\/\",\"url\":\"https:\\\/\\\/accesolatino.org\\\/que-causa-la-diabetes\\\/noticias\\\/\",\"name\":\"\u00bfQu\u00e9 causa la diabetes?\",\"isPartOf\":{\"@id\":\"https:\\\/\\\/accesolatino.org\\\/#website\"},\"primaryImageOfPage\":{\"@id\":\"https:\\\/\\\/accesolatino.org\\\/que-causa-la-diabetes\\\/noticias\\\/#primaryimage\"},\"image\":{\"@id\":\"https:\\\/\\\/accesolatino.org\\\/que-causa-la-diabetes\\\/noticias\\\/#primaryimage\"},\"thumbnailUrl\":\"https:\\\/\\\/accesolatino.org\\\/wp-content\\\/uploads\\\/2019\\\/04\\\/Qu\u00e9-causa-la-diabetes.jpg\",\"datePublished\":\"2019-02-19T22:00:12+00:00\",\"dateModified\":\"2025-10-27T16:18:27+00:00\",\"description\":\"Las enfermedades cr\u00f3nicas son se dan, y en muchos de los casos, como resultad de malas pr\u00e1cticas alimenticias y de poca o nula actividad f\u00edsica.\",\"breadcrumb\":{\"@id\":\"https:\\\/\\\/accesolatino.org\\\/que-causa-la-diabetes\\\/noticias\\\/#breadcrumb\"},\"inLanguage\":\"en-US\",\"potentialAction\":[{\"@type\":\"ReadAction\",\"target\":[\"https:\\\/\\\/accesolatino.org\\\/que-causa-la-diabetes\\\/noticias\\\/\"]}]},{\"@type\":\"ImageObject\",\"inLanguage\":\"en-US\",\"@id\":\"https:\\\/\\\/accesolatino.org\\\/que-causa-la-diabetes\\\/noticias\\\/#primaryimage\",\"url\":\"https:\\\/\\\/accesolatino.org\\\/wp-content\\\/uploads\\\/2019\\\/04\\\/Qu\u00e9-causa-la-diabetes.jpg\",\"contentUrl\":\"https:\\\/\\\/accesolatino.org\\\/wp-content\\\/uploads\\\/2019\\\/04\\\/Qu\u00e9-causa-la-diabetes.jpg\",\"width\":600,\"height\":338,\"caption\":\"Qu\u00e9 causa la diabetes\"},{\"@type\":\"BreadcrumbList\",\"@id\":\"https:\\\/\\\/accesolatino.org\\\/que-causa-la-diabetes\\\/noticias\\\/#breadcrumb\",\"itemListElement\":[{\"@type\":\"ListItem\",\"position\":1,\"name\":\"Portada\",\"item\":\"https:\\\/\\\/accesolatino.org\\\/\"},{\"@type\":\"ListItem\",\"position\":2,\"name\":\"Noticias\",\"item\":\"https:\\\/\\\/accesolatino.org\\\/category\\\/noticias\\\/\"},{\"@type\":\"ListItem\",\"position\":3,\"name\":\"\u00bfQu\u00e9 causa la diabetes?\"}]},{\"@type\":\"WebSite\",\"@id\":\"https:\\\/\\\/accesolatino.org\\\/#website\",\"url\":\"https:\\\/\\\/accesolatino.org\\\/\",\"name\":\"Acceso Latino | Fundaci\u00f3n Carlos Slim\",\"description\":\"Fundaci\u00f3n Carlos Slim\",\"publisher\":{\"@id\":\"https:\\\/\\\/accesolatino.org\\\/#organization\"},\"potentialAction\":[{\"@type\":\"SearchAction\",\"target\":{\"@type\":\"EntryPoint\",\"urlTemplate\":\"https:\\\/\\\/accesolatino.org\\\/?s={search_term_string}\"},\"query-input\":{\"@type\":\"PropertyValueSpecification\",\"valueRequired\":true,\"valueName\":\"search_term_string\"}}],\"inLanguage\":\"en-US\"},{\"@type\":\"Organization\",\"@id\":\"https:\\\/\\\/accesolatino.org\\\/#organization\",\"name\":\"Acceso Latino | Fundaci\u00f3n Carlos Slim\",\"url\":\"https:\\\/\\\/accesolatino.org\\\/\",\"logo\":{\"@type\":\"ImageObject\",\"inLanguage\":\"en-US\",\"@id\":\"https:\\\/\\\/accesolatino.org\\\/#\\\/schema\\\/logo\\\/image\\\/\",\"url\":\"https:\\\/\\\/accesolatino.org\\\/wp-content\\\/uploads\\\/2021\\\/02\\\/logo-footer-acceso-latino.png\",\"contentUrl\":\"https:\\\/\\\/accesolatino.org\\\/wp-content\\\/uploads\\\/2021\\\/02\\\/logo-footer-acceso-latino.png\",\"width\":240,\"height\":40,\"caption\":\"Acceso Latino | Fundaci\u00f3n Carlos Slim\"},\"image\":{\"@id\":\"https:\\\/\\\/accesolatino.org\\\/#\\\/schema\\\/logo\\\/image\\\/\"},\"sameAs\":[\"https:\\\/\\\/www.facebook.com\\\/AccesoLatinoOrg\",\"https:\\\/\\\/x.com\\\/FAccLatino\"]},{\"@type\":\"Person\",\"@id\":\"https:\\\/\\\/accesolatino.org\\\/#\\\/schema\\\/person\\\/57bc3bfd2c357610a5255490ca4cd305\",\"name\":\"Noticias\"}]}<\/script>\n<!-- \/ Yoast SEO plugin. -->","yoast_head_json":{"title":"\u00bfQu\u00e9 causa la diabetes?","description":"Las enfermedades cr\u00f3nicas son se dan, y en muchos de los casos, como resultad de malas pr\u00e1cticas alimenticias y de poca o nula actividad f\u00edsica.","robots":{"index":"index","follow":"follow","max-snippet":"max-snippet:-1","max-image-preview":"max-image-preview:large","max-video-preview":"max-video-preview:-1"},"canonical":"https:\/\/accesolatino.org\/en\/que-causa-la-diabetes\/noticias\/","og_locale":"en_US","og_type":"article","og_title":"\u00bfQu\u00e9 causa la diabetes?","og_description":"Las enfermedades cr\u00f3nicas son se dan, y en muchos de los casos, como resultad de malas pr\u00e1cticas alimenticias y de poca o nula actividad f\u00edsica.","og_url":"https:\/\/accesolatino.org\/en\/que-causa-la-diabetes\/noticias\/","og_site_name":"Acceso Latino","article_publisher":"https:\/\/www.facebook.com\/AccesoLatinoOrg","article_published_time":"2019-02-19T22:00:12+00:00","article_modified_time":"2025-10-27T16:18:27+00:00","og_image":[{"width":600,"height":338,"url":"https:\/\/accesolatino.org\/wp-content\/uploads\/2019\/04\/Qu\u00e9-causa-la-diabetes.jpg","type":"image\/jpeg"}],"author":"Noticias","twitter_card":"summary_large_image","twitter_creator":"@FAccLatino","twitter_site":"@FAccLatino","twitter_misc":{"Written by":"Noticias","Est. reading time":"3 minutes"},"schema":{"@context":"https:\/\/schema.org","@graph":[{"@type":"Article","@id":"https:\/\/accesolatino.org\/que-causa-la-diabetes\/noticias\/#article","isPartOf":{"@id":"https:\/\/accesolatino.org\/que-causa-la-diabetes\/noticias\/"},"author":{"name":"Noticias","@id":"https:\/\/accesolatino.org\/#\/schema\/person\/57bc3bfd2c357610a5255490ca4cd305"},"headline":"\u00bfQu\u00e9 causa la diabetes?","datePublished":"2019-02-19T22:00:12+00:00","dateModified":"2025-10-27T16:18:27+00:00","mainEntityOfPage":{"@id":"https:\/\/accesolatino.org\/que-causa-la-diabetes\/noticias\/"},"wordCount":463,"commentCount":0,"publisher":{"@id":"https:\/\/accesolatino.org\/#organization"},"image":{"@id":"https:\/\/accesolatino.org\/que-causa-la-diabetes\/noticias\/#primaryimage"},"thumbnailUrl":"https:\/\/accesolatino.org\/wp-content\/uploads\/2019\/04\/Qu\u00e9-causa-la-diabetes.jpg","articleSection":["Noticias","Temas de inter\u00e9s"],"inLanguage":"en-US","potentialAction":[{"@type":"CommentAction","name":"Comment","target":["https:\/\/accesolatino.org\/que-causa-la-diabetes\/noticias\/#respond"]}]},{"@type":"WebPage","@id":"https:\/\/accesolatino.org\/que-causa-la-diabetes\/noticias\/","url":"https:\/\/accesolatino.org\/que-causa-la-diabetes\/noticias\/","name":"\u00bfQu\u00e9 causa la diabetes?","isPartOf":{"@id":"https:\/\/accesolatino.org\/#website"},"primaryImageOfPage":{"@id":"https:\/\/accesolatino.org\/que-causa-la-diabetes\/noticias\/#primaryimage"},"image":{"@id":"https:\/\/accesolatino.org\/que-causa-la-diabetes\/noticias\/#primaryimage"},"thumbnailUrl":"https:\/\/accesolatino.org\/wp-content\/uploads\/2019\/04\/Qu\u00e9-causa-la-diabetes.jpg","datePublished":"2019-02-19T22:00:12+00:00","dateModified":"2025-10-27T16:18:27+00:00","description":"Las enfermedades cr\u00f3nicas son se dan, y en muchos de los casos, como resultad de malas pr\u00e1cticas alimenticias y de poca o nula actividad f\u00edsica.","breadcrumb":{"@id":"https:\/\/accesolatino.org\/que-causa-la-diabetes\/noticias\/#breadcrumb"},"inLanguage":"en-US","potentialAction":[{"@type":"ReadAction","target":["https:\/\/accesolatino.org\/que-causa-la-diabetes\/noticias\/"]}]},{"@type":"ImageObject","inLanguage":"en-US","@id":"https:\/\/accesolatino.org\/que-causa-la-diabetes\/noticias\/#primaryimage","url":"https:\/\/accesolatino.org\/wp-content\/uploads\/2019\/04\/Qu\u00e9-causa-la-diabetes.jpg","contentUrl":"https:\/\/accesolatino.org\/wp-content\/uploads\/2019\/04\/Qu\u00e9-causa-la-diabetes.jpg","width":600,"height":338,"caption":"Qu\u00e9 causa la diabetes"},{"@type":"BreadcrumbList","@id":"https:\/\/accesolatino.org\/que-causa-la-diabetes\/noticias\/#breadcrumb","itemListElement":[{"@type":"ListItem","position":1,"name":"Portada","item":"https:\/\/accesolatino.org\/"},{"@type":"ListItem","position":2,"name":"Noticias","item":"https:\/\/accesolatino.org\/category\/noticias\/"},{"@type":"ListItem","position":3,"name":"\u00bfQu\u00e9 causa la diabetes?"}]},{"@type":"WebSite","@id":"https:\/\/accesolatino.org\/#website","url":"https:\/\/accesolatino.org\/","name":"Acceso Latino | Fundaci\u00f3n Carlos Slim","description":"Fundaci\u00f3n Carlos Slim","publisher":{"@id":"https:\/\/accesolatino.org\/#organization"},"potentialAction":[{"@type":"SearchAction","target":{"@type":"EntryPoint","urlTemplate":"https:\/\/accesolatino.org\/?s={search_term_string}"},"query-input":{"@type":"PropertyValueSpecification","valueRequired":true,"valueName":"search_term_string"}}],"inLanguage":"en-US"},{"@type":"Organization","@id":"https:\/\/accesolatino.org\/#organization","name":"Acceso Latino | Fundaci\u00f3n Carlos Slim","url":"https:\/\/accesolatino.org\/","logo":{"@type":"ImageObject","inLanguage":"en-US","@id":"https:\/\/accesolatino.org\/#\/schema\/logo\/image\/","url":"https:\/\/accesolatino.org\/wp-content\/uploads\/2021\/02\/logo-footer-acceso-latino.png","contentUrl":"https:\/\/accesolatino.org\/wp-content\/uploads\/2021\/02\/logo-footer-acceso-latino.png","width":240,"height":40,"caption":"Acceso Latino | Fundaci\u00f3n Carlos Slim"},"image":{"@id":"https:\/\/accesolatino.org\/#\/schema\/logo\/image\/"},"sameAs":["https:\/\/www.facebook.com\/AccesoLatinoOrg","https:\/\/x.com\/FAccLatino"]},{"@type":"Person","@id":"https:\/\/accesolatino.org\/#\/schema\/person\/57bc3bfd2c357610a5255490ca4cd305","name":"News"}]}},"_links":{"self":[{"href":"https:\/\/accesolatino.org\/en\/wp-json\/wp\/v2\/posts\/16635","targetHints":{"allow":["GET"]}}],"collection":[{"href":"https:\/\/accesolatino.org\/en\/wp-json\/wp\/v2\/posts"}],"about":[{"href":"https:\/\/accesolatino.org\/en\/wp-json\/wp\/v2\/types\/post"}],"author":[{"embeddable":true,"href":"https:\/\/accesolatino.org\/en\/wp-json\/wp\/v2\/users\/13"}],"replies":[{"embeddable":true,"href":"https:\/\/accesolatino.org\/en\/wp-json\/wp\/v2\/comments?post=16635"}],"version-history":[{"count":1,"href":"https:\/\/accesolatino.org\/en\/wp-json\/wp\/v2\/posts\/16635\/revisions"}],"predecessor-version":[{"id":66436,"href":"https:\/\/accesolatino.org\/en\/wp-json\/wp\/v2\/posts\/16635\/revisions\/66436"}],"wp:featuredmedia":[{"embeddable":true,"href":"https:\/\/accesolatino.org\/en\/wp-json\/wp\/v2\/media\/16636"}],"wp:attachment":[{"href":"https:\/\/accesolatino.org\/en\/wp-json\/wp\/v2\/media?parent=16635"}],"wp:term":[{"taxonomy":"category","embeddable":true,"href":"https:\/\/accesolatino.org\/en\/wp-json\/wp\/v2\/categories?post=16635"},{"taxonomy":"post_tag","embeddable":true,"href":"https:\/\/accesolatino.org\/en\/wp-json\/wp\/v2\/tags?post=16635"}],"curies":[{"name":"wp","href":"https:\/\/api.w.org\/{rel}","templated":true}]}}