{"id":16568,"date":"2019-02-27T11:00:08","date_gmt":"2019-02-27T17:00:08","guid":{"rendered":"https:\/\/accesolatino.org\/?p=16568"},"modified":"2025-10-27T10:13:25","modified_gmt":"2025-10-27T16:13:25","slug":"disenadores-en-pro-de-los-derechos-de-los-indocumentados","status":"publish","type":"post","link":"https:\/\/accesolatino.org\/en\/disenadores-en-pro-de-los-derechos-de-los-indocumentados\/orgullo-latino\/","title":{"rendered":"Dise\u00f1adores en pro de los derechos de los indocumentados"},"content":{"rendered":"<div data-elementor-type=\"wp-post\" data-elementor-id=\"16568\" class=\"elementor elementor-16568\">\n\t\t\t\t\t\t<section class=\"elementor-section elementor-top-section elementor-element elementor-element-369f77a elementor-section-boxed elementor-section-height-default elementor-section-height-default wpr-particle-no wpr-jarallax-no wpr-parallax-no wpr-sticky-section-no wpr-equal-height-no\" data-id=\"369f77a\" data-element_type=\"section\" data-e-type=\"section\">\n\t\t\t\t\t\t<div class=\"elementor-container elementor-column-gap-default\">\n\t\t\t\t\t<div class=\"elementor-column elementor-col-100 elementor-top-column elementor-element elementor-element-8ef62e2\" data-id=\"8ef62e2\" data-element_type=\"column\" data-e-type=\"column\">\n\t\t\t<div class=\"elementor-widget-wrap elementor-element-populated\">\n\t\t\t\t\t\t<div class=\"elementor-element elementor-element-d9121ee elementor-widget elementor-widget-text-editor\" data-id=\"d9121ee\" data-element_type=\"widget\" data-e-type=\"widget\" data-widget_type=\"text-editor.default\">\n\t\t\t\t<div class=\"elementor-widget-container\">\n\t\t\t\t\t\t\t\t\t<p>Para dejar en claro que la lucha de los derechos humanos de nuestros hermanos indocumentados puede ser de muchas formas; los dise\u00f1adores Daniel Buezo y Weleh Dennis dise\u00f1aron una sudadera con el mensaje: \u201c<strong><em>Love Has No Borders<\/em><\/strong>\u201d (El Amor No Tiene Fronteras) que es parte de su trabajo que realizan en la fundaci\u00f3n: \u201c<strong><em>Kids of Inmigrants\u201d <\/em><\/strong>(Hijos de Inmigrantes) que ellos mismos crearon.<\/p><p>Daniel y Weleh son lo que se conoce como estadounidenses de primera generaci\u00f3n, ya que ambos provienen de familias inmigrantes residentes en Norteam\u00e9rica. Es por esta raz\u00f3n que sabiendo lo que sus pap\u00e1s vivieron, decidieron emprender el viaje hacia la igualdad, los derechos y respeto.<\/p><p>Su intenci\u00f3n es reconocer que \u201ctodos estamos hechos de diferente color de piel o tejidos pero juntos formamos un todo\u201d as\u00ed lo plasman en su p\u00e1gina web. Hijos de Inmigrantes ha encontrado la forma de poner un pie en la lucha por los derechos en el mundo de la moda, d\u00f3nde se han dado a conocer por un estilo deportivo y mensajes llenos de activismo pacifista.<\/p><p>Junto con <strong><em>Border Angels <\/em><\/strong>que es una organizaci\u00f3n sin fines de lucro que centra sus esfuerzos en los derechos de los migrantes, la reforma migratoria, y la prevenci\u00f3n de p\u00e9rdidas de vida de los inmigrantes, decidieron aportar su granito de arena con el principal objetivo de, tratar los asuntos relacionados con la frontera entre M\u00e9xico y Estados Unidos.<\/p><p>Los artistas lanzaron el pasado 21 de febrero la sudadera <strong><em>\u2018Love has no borders\u2019<\/em><\/strong>, con la que pretenden recaudar fondos a favor de la organizaci\u00f3n. Todos lo que se junte se usar\u00e1 para la expansi\u00f3n de las instalaciones de <strong><em>Border Angels<\/em><\/strong> qu\u00e9 se encuentran en Tijuana, que es una de las ciudades m\u00e1s afectadas por el flujo de migrantes que est\u00e1 sufriendo el l\u00edmite entre el territorio mexicano y el estadounidense.<\/p><p>Al igual que <strong><em>Kids Of Inmigrats &#8211;<\/em>Acceso Latino-<\/strong> busca que lo mejor para ti y los tuyos.<\/p><p><em>Fuente: La Vanguardia<\/em><\/p>\t\t\t\t\t\t\t\t<\/div>\n\t\t\t\t<\/div>\n\t\t\t\t\t<\/div>\n\t\t<\/div>\n\t\t\t\t\t<\/div>\n\t\t<\/section>\n\t\t\t\t<\/div>","protected":false},"excerpt":{"rendered":"<p>Para dejar en claro que la lucha de los derechos humanos de nuestros hermanos indocumentados puede ser de muchas formas; los dise\u00f1adores Daniel Buezo y Weleh Dennis dise\u00f1aron una sudadera con el mensaje: \u201cLove Has No Borders\u201d (El Amor No Tiene Fronteras) que es parte de su trabajo que realizan en la fundaci\u00f3n: \u201cKids of Inmigrants\u201d (Hijos de Inmigrantes) que ellos mismos crearon. Daniel y Weleh son lo que se conoce como estadounidenses de primera generaci\u00f3n, ya que ambos provienen de familias inmigrantes residentes en Norteam\u00e9rica. Es por esta raz\u00f3n que sabiendo lo que sus pap\u00e1s vivieron, decidieron emprender el viaje hacia la igualdad, los derechos y respeto. Su intenci\u00f3n es reconocer que \u201ctodos estamos hechos de diferente color de piel o tejidos pero juntos formamos un todo\u201d as\u00ed lo plasman en su p\u00e1gina web. Hijos de Inmigrantes ha encontrado la forma de poner un pie en la lucha por los derechos en el mundo de la moda, d\u00f3nde se han dado a conocer por un estilo deportivo y mensajes llenos de activismo pacifista. Junto con Border Angels que es una organizaci\u00f3n sin fines de lucro que centra sus esfuerzos en los derechos de los migrantes, la reforma migratoria, y la prevenci\u00f3n de p\u00e9rdidas de vida de los inmigrantes, decidieron aportar su granito de arena con el principal objetivo de, tratar los asuntos relacionados con la frontera entre M\u00e9xico y Estados Unidos. Los artistas lanzaron el pasado 21 de febrero la sudadera \u2018Love has no borders\u2019, con la que pretenden recaudar fondos a favor de la organizaci\u00f3n. Todos lo que se junte se usar\u00e1 para la expansi\u00f3n de las instalaciones de Border Angels qu\u00e9 se encuentran en Tijuana, que es una de las ciudades m\u00e1s afectadas por el flujo de migrantes que est\u00e1 sufriendo el l\u00edmite entre el territorio mexicano y el estadounidense. Al igual que Kids Of Inmigrats &#8211;Acceso Latino- busca que lo mejor para ti y los tuyos. Fuente: La Vanguardia<\/p>","protected":false},"author":13,"featured_media":16569,"comment_status":"open","ping_status":"open","sticky":false,"template":"","format":"standard","meta":{"_uf_show_specific_survey":0,"_uf_disable_surveys":false,"footnotes":""},"categories":[9],"tags":[],"class_list":["post-16568","post","type-post","status-publish","format-standard","has-post-thumbnail","hentry","category-orgullo-latino"],"aioseo_notices":[],"yoast_head":"<!-- This site is optimized with the Yoast SEO plugin v27.5 - https:\/\/yoast.com\/product\/yoast-seo-wordpress\/ -->\n<title>Dise\u00f1adores en pro de los derechos de los indocumentados<\/title>\n<meta name=\"description\" content=\"Para dejar en claro que la lucha de los derechos humanos de nuestros hermanos indocumentados puede ser de muchas formas; los dise\u00f1adores\" \/>\n<meta name=\"robots\" content=\"index, follow, max-snippet:-1, max-image-preview:large, max-video-preview:-1\" \/>\n<link rel=\"canonical\" href=\"https:\/\/accesolatino.org\/en\/disenadores-en-pro-de-los-derechos-de-los-indocumentados\/orgullo-latino\/\" \/>\n<meta property=\"og:locale\" content=\"en_US\" \/>\n<meta property=\"og:type\" content=\"article\" \/>\n<meta property=\"og:title\" content=\"Dise\u00f1adores en pro de los derechos de los indocumentados\" \/>\n<meta property=\"og:description\" content=\"Para dejar en claro que la lucha de los derechos humanos de nuestros hermanos indocumentados puede ser de muchas formas; los dise\u00f1adores\" \/>\n<meta property=\"og:url\" content=\"https:\/\/accesolatino.org\/en\/disenadores-en-pro-de-los-derechos-de-los-indocumentados\/orgullo-latino\/\" \/>\n<meta property=\"og:site_name\" content=\"Acceso Latino\" \/>\n<meta property=\"article:publisher\" content=\"https:\/\/www.facebook.com\/AccesoLatinoOrg\" \/>\n<meta property=\"article:published_time\" content=\"2019-02-27T17:00:08+00:00\" \/>\n<meta property=\"article:modified_time\" content=\"2025-10-27T16:13:25+00:00\" \/>\n<meta property=\"og:image\" content=\"https:\/\/accesolatino.org\/wp-content\/uploads\/2019\/04\/disenadores-en-pro-de-los-derechos-de-los-indocumentados.jpg\" \/>\n\t<meta property=\"og:image:width\" content=\"600\" \/>\n\t<meta property=\"og:image:height\" content=\"338\" \/>\n\t<meta property=\"og:image:type\" content=\"image\/jpeg\" \/>\n<meta name=\"author\" content=\"Noticias\" \/>\n<meta name=\"twitter:card\" content=\"summary_large_image\" \/>\n<meta name=\"twitter:creator\" content=\"@FAccLatino\" \/>\n<meta name=\"twitter:site\" content=\"@FAccLatino\" \/>\n<meta name=\"twitter:label1\" content=\"Written by\" \/>\n\t<meta name=\"twitter:data1\" content=\"Noticias\" \/>\n\t<meta name=\"twitter:label2\" content=\"Est. reading time\" \/>\n\t<meta name=\"twitter:data2\" content=\"2 minutes\" \/>\n<script type=\"application\/ld+json\" class=\"yoast-schema-graph\">{\"@context\":\"https:\\\/\\\/schema.org\",\"@graph\":[{\"@type\":\"Article\",\"@id\":\"https:\\\/\\\/accesolatino.org\\\/disenadores-en-pro-de-los-derechos-de-los-indocumentados\\\/orgullo-latino\\\/#article\",\"isPartOf\":{\"@id\":\"https:\\\/\\\/accesolatino.org\\\/disenadores-en-pro-de-los-derechos-de-los-indocumentados\\\/orgullo-latino\\\/\"},\"author\":{\"name\":\"Noticias\",\"@id\":\"https:\\\/\\\/accesolatino.org\\\/#\\\/schema\\\/person\\\/57bc3bfd2c357610a5255490ca4cd305\"},\"headline\":\"Dise\u00f1adores en pro de los derechos de los indocumentados\",\"datePublished\":\"2019-02-27T17:00:08+00:00\",\"dateModified\":\"2025-10-27T16:13:25+00:00\",\"mainEntityOfPage\":{\"@id\":\"https:\\\/\\\/accesolatino.org\\\/disenadores-en-pro-de-los-derechos-de-los-indocumentados\\\/orgullo-latino\\\/\"},\"wordCount\":350,\"commentCount\":0,\"publisher\":{\"@id\":\"https:\\\/\\\/accesolatino.org\\\/#organization\"},\"image\":{\"@id\":\"https:\\\/\\\/accesolatino.org\\\/disenadores-en-pro-de-los-derechos-de-los-indocumentados\\\/orgullo-latino\\\/#primaryimage\"},\"thumbnailUrl\":\"https:\\\/\\\/accesolatino.org\\\/wp-content\\\/uploads\\\/2019\\\/04\\\/disenadores-en-pro-de-los-derechos-de-los-indocumentados.jpg\",\"articleSection\":[\"Orgullo Latino\"],\"inLanguage\":\"en-US\",\"potentialAction\":[{\"@type\":\"CommentAction\",\"name\":\"Comment\",\"target\":[\"https:\\\/\\\/accesolatino.org\\\/disenadores-en-pro-de-los-derechos-de-los-indocumentados\\\/orgullo-latino\\\/#respond\"]}]},{\"@type\":\"WebPage\",\"@id\":\"https:\\\/\\\/accesolatino.org\\\/disenadores-en-pro-de-los-derechos-de-los-indocumentados\\\/orgullo-latino\\\/\",\"url\":\"https:\\\/\\\/accesolatino.org\\\/disenadores-en-pro-de-los-derechos-de-los-indocumentados\\\/orgullo-latino\\\/\",\"name\":\"Dise\u00f1adores en pro de los derechos de los indocumentados\",\"isPartOf\":{\"@id\":\"https:\\\/\\\/accesolatino.org\\\/#website\"},\"primaryImageOfPage\":{\"@id\":\"https:\\\/\\\/accesolatino.org\\\/disenadores-en-pro-de-los-derechos-de-los-indocumentados\\\/orgullo-latino\\\/#primaryimage\"},\"image\":{\"@id\":\"https:\\\/\\\/accesolatino.org\\\/disenadores-en-pro-de-los-derechos-de-los-indocumentados\\\/orgullo-latino\\\/#primaryimage\"},\"thumbnailUrl\":\"https:\\\/\\\/accesolatino.org\\\/wp-content\\\/uploads\\\/2019\\\/04\\\/disenadores-en-pro-de-los-derechos-de-los-indocumentados.jpg\",\"datePublished\":\"2019-02-27T17:00:08+00:00\",\"dateModified\":\"2025-10-27T16:13:25+00:00\",\"description\":\"Para dejar en claro que la lucha de los derechos humanos de nuestros hermanos indocumentados puede ser de muchas formas; los dise\u00f1adores\",\"breadcrumb\":{\"@id\":\"https:\\\/\\\/accesolatino.org\\\/disenadores-en-pro-de-los-derechos-de-los-indocumentados\\\/orgullo-latino\\\/#breadcrumb\"},\"inLanguage\":\"en-US\",\"potentialAction\":[{\"@type\":\"ReadAction\",\"target\":[\"https:\\\/\\\/accesolatino.org\\\/disenadores-en-pro-de-los-derechos-de-los-indocumentados\\\/orgullo-latino\\\/\"]}]},{\"@type\":\"ImageObject\",\"inLanguage\":\"en-US\",\"@id\":\"https:\\\/\\\/accesolatino.org\\\/disenadores-en-pro-de-los-derechos-de-los-indocumentados\\\/orgullo-latino\\\/#primaryimage\",\"url\":\"https:\\\/\\\/accesolatino.org\\\/wp-content\\\/uploads\\\/2019\\\/04\\\/disenadores-en-pro-de-los-derechos-de-los-indocumentados.jpg\",\"contentUrl\":\"https:\\\/\\\/accesolatino.org\\\/wp-content\\\/uploads\\\/2019\\\/04\\\/disenadores-en-pro-de-los-derechos-de-los-indocumentados.jpg\",\"width\":600,\"height\":338,\"caption\":\"disenadores-en-pro-de-los-derechos-de-los-indocumentados\"},{\"@type\":\"BreadcrumbList\",\"@id\":\"https:\\\/\\\/accesolatino.org\\\/disenadores-en-pro-de-los-derechos-de-los-indocumentados\\\/orgullo-latino\\\/#breadcrumb\",\"itemListElement\":[{\"@type\":\"ListItem\",\"position\":1,\"name\":\"Portada\",\"item\":\"https:\\\/\\\/accesolatino.org\\\/\"},{\"@type\":\"ListItem\",\"position\":2,\"name\":\"Orgullo Latino\",\"item\":\"https:\\\/\\\/accesolatino.org\\\/category\\\/orgullo-latino\\\/\"},{\"@type\":\"ListItem\",\"position\":3,\"name\":\"Dise\u00f1adores en pro de los derechos de los indocumentados\"}]},{\"@type\":\"WebSite\",\"@id\":\"https:\\\/\\\/accesolatino.org\\\/#website\",\"url\":\"https:\\\/\\\/accesolatino.org\\\/\",\"name\":\"Acceso Latino | Fundaci\u00f3n Carlos Slim\",\"description\":\"Fundaci\u00f3n Carlos Slim\",\"publisher\":{\"@id\":\"https:\\\/\\\/accesolatino.org\\\/#organization\"},\"potentialAction\":[{\"@type\":\"SearchAction\",\"target\":{\"@type\":\"EntryPoint\",\"urlTemplate\":\"https:\\\/\\\/accesolatino.org\\\/?s={search_term_string}\"},\"query-input\":{\"@type\":\"PropertyValueSpecification\",\"valueRequired\":true,\"valueName\":\"search_term_string\"}}],\"inLanguage\":\"en-US\"},{\"@type\":\"Organization\",\"@id\":\"https:\\\/\\\/accesolatino.org\\\/#organization\",\"name\":\"Acceso Latino | Fundaci\u00f3n Carlos Slim\",\"url\":\"https:\\\/\\\/accesolatino.org\\\/\",\"logo\":{\"@type\":\"ImageObject\",\"inLanguage\":\"en-US\",\"@id\":\"https:\\\/\\\/accesolatino.org\\\/#\\\/schema\\\/logo\\\/image\\\/\",\"url\":\"https:\\\/\\\/accesolatino.org\\\/wp-content\\\/uploads\\\/2021\\\/02\\\/logo-footer-acceso-latino.png\",\"contentUrl\":\"https:\\\/\\\/accesolatino.org\\\/wp-content\\\/uploads\\\/2021\\\/02\\\/logo-footer-acceso-latino.png\",\"width\":240,\"height\":40,\"caption\":\"Acceso Latino | Fundaci\u00f3n Carlos Slim\"},\"image\":{\"@id\":\"https:\\\/\\\/accesolatino.org\\\/#\\\/schema\\\/logo\\\/image\\\/\"},\"sameAs\":[\"https:\\\/\\\/www.facebook.com\\\/AccesoLatinoOrg\",\"https:\\\/\\\/x.com\\\/FAccLatino\"]},{\"@type\":\"Person\",\"@id\":\"https:\\\/\\\/accesolatino.org\\\/#\\\/schema\\\/person\\\/57bc3bfd2c357610a5255490ca4cd305\",\"name\":\"Noticias\"}]}<\/script>\n<!-- \/ Yoast SEO plugin. -->","yoast_head_json":{"title":"Dise\u00f1adores en pro de los derechos de los indocumentados","description":"Para dejar en claro que la lucha de los derechos humanos de nuestros hermanos indocumentados puede ser de muchas formas; los dise\u00f1adores","robots":{"index":"index","follow":"follow","max-snippet":"max-snippet:-1","max-image-preview":"max-image-preview:large","max-video-preview":"max-video-preview:-1"},"canonical":"https:\/\/accesolatino.org\/en\/disenadores-en-pro-de-los-derechos-de-los-indocumentados\/orgullo-latino\/","og_locale":"en_US","og_type":"article","og_title":"Dise\u00f1adores en pro de los derechos de los indocumentados","og_description":"Para dejar en claro que la lucha de los derechos humanos de nuestros hermanos indocumentados puede ser de muchas formas; los dise\u00f1adores","og_url":"https:\/\/accesolatino.org\/en\/disenadores-en-pro-de-los-derechos-de-los-indocumentados\/orgullo-latino\/","og_site_name":"Acceso Latino","article_publisher":"https:\/\/www.facebook.com\/AccesoLatinoOrg","article_published_time":"2019-02-27T17:00:08+00:00","article_modified_time":"2025-10-27T16:13:25+00:00","og_image":[{"width":600,"height":338,"url":"https:\/\/accesolatino.org\/wp-content\/uploads\/2019\/04\/disenadores-en-pro-de-los-derechos-de-los-indocumentados.jpg","type":"image\/jpeg"}],"author":"Noticias","twitter_card":"summary_large_image","twitter_creator":"@FAccLatino","twitter_site":"@FAccLatino","twitter_misc":{"Written by":"Noticias","Est. reading time":"2 minutes"},"schema":{"@context":"https:\/\/schema.org","@graph":[{"@type":"Article","@id":"https:\/\/accesolatino.org\/disenadores-en-pro-de-los-derechos-de-los-indocumentados\/orgullo-latino\/#article","isPartOf":{"@id":"https:\/\/accesolatino.org\/disenadores-en-pro-de-los-derechos-de-los-indocumentados\/orgullo-latino\/"},"author":{"name":"Noticias","@id":"https:\/\/accesolatino.org\/#\/schema\/person\/57bc3bfd2c357610a5255490ca4cd305"},"headline":"Dise\u00f1adores en pro de los derechos de los indocumentados","datePublished":"2019-02-27T17:00:08+00:00","dateModified":"2025-10-27T16:13:25+00:00","mainEntityOfPage":{"@id":"https:\/\/accesolatino.org\/disenadores-en-pro-de-los-derechos-de-los-indocumentados\/orgullo-latino\/"},"wordCount":350,"commentCount":0,"publisher":{"@id":"https:\/\/accesolatino.org\/#organization"},"image":{"@id":"https:\/\/accesolatino.org\/disenadores-en-pro-de-los-derechos-de-los-indocumentados\/orgullo-latino\/#primaryimage"},"thumbnailUrl":"https:\/\/accesolatino.org\/wp-content\/uploads\/2019\/04\/disenadores-en-pro-de-los-derechos-de-los-indocumentados.jpg","articleSection":["Orgullo Latino"],"inLanguage":"en-US","potentialAction":[{"@type":"CommentAction","name":"Comment","target":["https:\/\/accesolatino.org\/disenadores-en-pro-de-los-derechos-de-los-indocumentados\/orgullo-latino\/#respond"]}]},{"@type":"WebPage","@id":"https:\/\/accesolatino.org\/disenadores-en-pro-de-los-derechos-de-los-indocumentados\/orgullo-latino\/","url":"https:\/\/accesolatino.org\/disenadores-en-pro-de-los-derechos-de-los-indocumentados\/orgullo-latino\/","name":"Dise\u00f1adores en pro de los derechos de los indocumentados","isPartOf":{"@id":"https:\/\/accesolatino.org\/#website"},"primaryImageOfPage":{"@id":"https:\/\/accesolatino.org\/disenadores-en-pro-de-los-derechos-de-los-indocumentados\/orgullo-latino\/#primaryimage"},"image":{"@id":"https:\/\/accesolatino.org\/disenadores-en-pro-de-los-derechos-de-los-indocumentados\/orgullo-latino\/#primaryimage"},"thumbnailUrl":"https:\/\/accesolatino.org\/wp-content\/uploads\/2019\/04\/disenadores-en-pro-de-los-derechos-de-los-indocumentados.jpg","datePublished":"2019-02-27T17:00:08+00:00","dateModified":"2025-10-27T16:13:25+00:00","description":"Para dejar en claro que la lucha de los derechos humanos de nuestros hermanos indocumentados puede ser de muchas formas; los dise\u00f1adores","breadcrumb":{"@id":"https:\/\/accesolatino.org\/disenadores-en-pro-de-los-derechos-de-los-indocumentados\/orgullo-latino\/#breadcrumb"},"inLanguage":"en-US","potentialAction":[{"@type":"ReadAction","target":["https:\/\/accesolatino.org\/disenadores-en-pro-de-los-derechos-de-los-indocumentados\/orgullo-latino\/"]}]},{"@type":"ImageObject","inLanguage":"en-US","@id":"https:\/\/accesolatino.org\/disenadores-en-pro-de-los-derechos-de-los-indocumentados\/orgullo-latino\/#primaryimage","url":"https:\/\/accesolatino.org\/wp-content\/uploads\/2019\/04\/disenadores-en-pro-de-los-derechos-de-los-indocumentados.jpg","contentUrl":"https:\/\/accesolatino.org\/wp-content\/uploads\/2019\/04\/disenadores-en-pro-de-los-derechos-de-los-indocumentados.jpg","width":600,"height":338,"caption":"disenadores-en-pro-de-los-derechos-de-los-indocumentados"},{"@type":"BreadcrumbList","@id":"https:\/\/accesolatino.org\/disenadores-en-pro-de-los-derechos-de-los-indocumentados\/orgullo-latino\/#breadcrumb","itemListElement":[{"@type":"ListItem","position":1,"name":"Portada","item":"https:\/\/accesolatino.org\/"},{"@type":"ListItem","position":2,"name":"Orgullo Latino","item":"https:\/\/accesolatino.org\/category\/orgullo-latino\/"},{"@type":"ListItem","position":3,"name":"Dise\u00f1adores en pro de los derechos de los indocumentados"}]},{"@type":"WebSite","@id":"https:\/\/accesolatino.org\/#website","url":"https:\/\/accesolatino.org\/","name":"Acceso Latino | Fundaci\u00f3n Carlos Slim","description":"Fundaci\u00f3n Carlos Slim","publisher":{"@id":"https:\/\/accesolatino.org\/#organization"},"potentialAction":[{"@type":"SearchAction","target":{"@type":"EntryPoint","urlTemplate":"https:\/\/accesolatino.org\/?s={search_term_string}"},"query-input":{"@type":"PropertyValueSpecification","valueRequired":true,"valueName":"search_term_string"}}],"inLanguage":"en-US"},{"@type":"Organization","@id":"https:\/\/accesolatino.org\/#organization","name":"Acceso Latino | Fundaci\u00f3n Carlos Slim","url":"https:\/\/accesolatino.org\/","logo":{"@type":"ImageObject","inLanguage":"en-US","@id":"https:\/\/accesolatino.org\/#\/schema\/logo\/image\/","url":"https:\/\/accesolatino.org\/wp-content\/uploads\/2021\/02\/logo-footer-acceso-latino.png","contentUrl":"https:\/\/accesolatino.org\/wp-content\/uploads\/2021\/02\/logo-footer-acceso-latino.png","width":240,"height":40,"caption":"Acceso Latino | Fundaci\u00f3n Carlos Slim"},"image":{"@id":"https:\/\/accesolatino.org\/#\/schema\/logo\/image\/"},"sameAs":["https:\/\/www.facebook.com\/AccesoLatinoOrg","https:\/\/x.com\/FAccLatino"]},{"@type":"Person","@id":"https:\/\/accesolatino.org\/#\/schema\/person\/57bc3bfd2c357610a5255490ca4cd305","name":"News"}]}},"_links":{"self":[{"href":"https:\/\/accesolatino.org\/en\/wp-json\/wp\/v2\/posts\/16568","targetHints":{"allow":["GET"]}}],"collection":[{"href":"https:\/\/accesolatino.org\/en\/wp-json\/wp\/v2\/posts"}],"about":[{"href":"https:\/\/accesolatino.org\/en\/wp-json\/wp\/v2\/types\/post"}],"author":[{"embeddable":true,"href":"https:\/\/accesolatino.org\/en\/wp-json\/wp\/v2\/users\/13"}],"replies":[{"embeddable":true,"href":"https:\/\/accesolatino.org\/en\/wp-json\/wp\/v2\/comments?post=16568"}],"version-history":[{"count":1,"href":"https:\/\/accesolatino.org\/en\/wp-json\/wp\/v2\/posts\/16568\/revisions"}],"predecessor-version":[{"id":66426,"href":"https:\/\/accesolatino.org\/en\/wp-json\/wp\/v2\/posts\/16568\/revisions\/66426"}],"wp:featuredmedia":[{"embeddable":true,"href":"https:\/\/accesolatino.org\/en\/wp-json\/wp\/v2\/media\/16569"}],"wp:attachment":[{"href":"https:\/\/accesolatino.org\/en\/wp-json\/wp\/v2\/media?parent=16568"}],"wp:term":[{"taxonomy":"category","embeddable":true,"href":"https:\/\/accesolatino.org\/en\/wp-json\/wp\/v2\/categories?post=16568"},{"taxonomy":"post_tag","embeddable":true,"href":"https:\/\/accesolatino.org\/en\/wp-json\/wp\/v2\/tags?post=16568"}],"curies":[{"name":"wp","href":"https:\/\/api.w.org\/{rel}","templated":true}]}}