{"id":16564,"date":"2019-02-28T11:00:00","date_gmt":"2019-02-28T17:00:00","guid":{"rendered":"https:\/\/accesolatino.org\/?p=16564"},"modified":"2025-10-27T10:12:59","modified_gmt":"2025-10-27T16:12:59","slug":"barack-obama-manda-mensaje-de-apoyo-a-los-latinos","status":"publish","type":"post","link":"https:\/\/accesolatino.org\/en\/barack-obama-manda-mensaje-de-apoyo-a-los-latinos\/noticias\/","title":{"rendered":"Barack Obama manda mensaje de apoyo a los latinos"},"content":{"rendered":"<div data-elementor-type=\"wp-post\" data-elementor-id=\"16564\" class=\"elementor elementor-16564\">\n\t\t\t\t\t\t<section class=\"elementor-section elementor-top-section elementor-element elementor-element-369f77a elementor-section-boxed elementor-section-height-default elementor-section-height-default wpr-particle-no wpr-jarallax-no wpr-parallax-no wpr-sticky-section-no wpr-equal-height-no\" data-id=\"369f77a\" data-element_type=\"section\" data-e-type=\"section\">\n\t\t\t\t\t\t<div class=\"elementor-container elementor-column-gap-default\">\n\t\t\t\t\t<div class=\"elementor-column elementor-col-100 elementor-top-column elementor-element elementor-element-8ef62e2\" data-id=\"8ef62e2\" data-element_type=\"column\" data-e-type=\"column\">\n\t\t\t<div class=\"elementor-widget-wrap elementor-element-populated\">\n\t\t\t\t\t\t<div class=\"elementor-element elementor-element-d9121ee elementor-widget elementor-widget-text-editor\" data-id=\"d9121ee\" data-element_type=\"widget\" data-e-type=\"widget\" data-widget_type=\"text-editor.default\">\n\t\t\t\t<div class=\"elementor-widget-container\">\n\t\t\t\t\t\t\t\t\t<p>El ex presidente estadounidense Barack Obama y el jugador estrella de la NBA Stephen Curry le dijeron a un grupo de ni\u00f1os latinos que ellos son muy importantes y les hicieron la invitaci\u00f3n de hacer el mundo un lugar mejor para vivir.<\/p><p>El ex mandatario norteamericano estuvo en Oakland en el quinto aniversario de la alianza <strong><em>My Brother\u2019s Keeper<\/em><\/strong> (El Guardi\u00e1n de Mi Hermano), una iniciativa que lanz\u00f3 tras varios sucesos tr\u00e1gicos por temas de prejuicios raciales.<\/p><p>Obama dijo: \u201cTen\u00edamos que poder decirles: ustedes son importantes, nos importan a nosotros, creemos en ustedes y vamos a asegurarnos de que tienen las oportunidades para avanzar como todos los dem\u00e1s\u201d:<\/p><p>Tanto como Curry y el ex presidente platicaron con los chicos durante una hora, respondiendo preguntas y haciendo bromas. Hablaron sobre la falta de confianza y objetivos cuando eran adolescentes, ya que ellos ven\u00edan de las minor\u00edas y lograron grandes cosas.<\/p><p>Barack elogi\u00f3 a las madres solteras, incluyendo la suya. Les dio consejos a los nios de buscar en quien inspirarse y siempre ver la oportunidad de ayudar a otros.<\/p><p>Ambos cerraron haciendo elogios al trabajo en equipo.<\/p><p>Visita nuestra p\u00e1gina <strong>Acceso Latino <\/strong>tu portal de apoyo.<\/p><p><em>Fuente: viveUSA<\/em><\/p>\t\t\t\t\t\t\t\t<\/div>\n\t\t\t\t<\/div>\n\t\t\t\t\t<\/div>\n\t\t<\/div>\n\t\t\t\t\t<\/div>\n\t\t<\/section>\n\t\t\t\t<\/div>","protected":false},"excerpt":{"rendered":"<p>El ex presidente estadounidense Barack Obama y el jugador estrella de la NBA Stephen Curry le dijeron a un grupo de ni\u00f1os latinos que ellos son muy importantes y les hicieron la invitaci\u00f3n de hacer el mundo un lugar mejor para vivir. El ex mandatario norteamericano estuvo en Oakland en el quinto aniversario de la alianza My Brother\u2019s Keeper (El Guardi\u00e1n de Mi Hermano), una iniciativa que lanz\u00f3 tras varios sucesos tr\u00e1gicos por temas de prejuicios raciales. Obama dijo: \u201cTen\u00edamos que poder decirles: ustedes son importantes, nos importan a nosotros, creemos en ustedes y vamos a asegurarnos de que tienen las oportunidades para avanzar como todos los dem\u00e1s\u201d: Tanto como Curry y el ex presidente platicaron con los chicos durante una hora, respondiendo preguntas y haciendo bromas. Hablaron sobre la falta de confianza y objetivos cuando eran adolescentes, ya que ellos ven\u00edan de las minor\u00edas y lograron grandes cosas. Barack elogi\u00f3 a las madres solteras, incluyendo la suya. Les dio consejos a los nios de buscar en quien inspirarse y siempre ver la oportunidad de ayudar a otros. Ambos cerraron haciendo elogios al trabajo en equipo. Visita nuestra p\u00e1gina Acceso Latino tu portal de apoyo. Fuente: viveUSA<\/p>","protected":false},"author":13,"featured_media":16565,"comment_status":"open","ping_status":"open","sticky":false,"template":"","format":"standard","meta":{"_uf_show_specific_survey":0,"_uf_disable_surveys":false,"footnotes":""},"categories":[10,1],"tags":[],"class_list":["post-16564","post","type-post","status-publish","format-standard","has-post-thumbnail","hentry","category-noticias","category-temas-de-interes"],"aioseo_notices":[],"yoast_head":"<!-- This site is optimized with the Yoast SEO plugin v27.5 - https:\/\/yoast.com\/product\/yoast-seo-wordpress\/ -->\n<title>Barack Obama manda mensaje de apoyo a los latinos<\/title>\n<meta name=\"description\" content=\"El ex presidente estadounidense Barack Obama y el jugador estrella de la NBA Stephen Curry le dijeron a un grupo de ni\u00f1os latinos\" \/>\n<meta name=\"robots\" content=\"index, follow, max-snippet:-1, max-image-preview:large, max-video-preview:-1\" \/>\n<link rel=\"canonical\" href=\"https:\/\/accesolatino.org\/en\/barack-obama-manda-mensaje-de-apoyo-a-los-latinos\/noticias\/\" \/>\n<meta property=\"og:locale\" content=\"en_US\" \/>\n<meta property=\"og:type\" content=\"article\" \/>\n<meta property=\"og:title\" content=\"Barack Obama manda mensaje de apoyo a los latinos\" \/>\n<meta property=\"og:description\" content=\"El ex presidente estadounidense Barack Obama y el jugador estrella de la NBA Stephen Curry le dijeron a un grupo de ni\u00f1os latinos\" \/>\n<meta property=\"og:url\" content=\"https:\/\/accesolatino.org\/en\/barack-obama-manda-mensaje-de-apoyo-a-los-latinos\/noticias\/\" \/>\n<meta property=\"og:site_name\" content=\"Acceso Latino\" \/>\n<meta property=\"article:publisher\" content=\"https:\/\/www.facebook.com\/AccesoLatinoOrg\" \/>\n<meta property=\"article:published_time\" content=\"2019-02-28T17:00:00+00:00\" \/>\n<meta property=\"article:modified_time\" content=\"2025-10-27T16:12:59+00:00\" \/>\n<meta property=\"og:image\" content=\"https:\/\/accesolatino.org\/wp-content\/uploads\/2019\/04\/barack-obama-manda-mensaje-de-apoyo-a-los-latinos.jpg\" \/>\n\t<meta property=\"og:image:width\" content=\"600\" \/>\n\t<meta property=\"og:image:height\" content=\"338\" \/>\n\t<meta property=\"og:image:type\" content=\"image\/jpeg\" \/>\n<meta name=\"author\" content=\"Noticias\" \/>\n<meta name=\"twitter:card\" content=\"summary_large_image\" \/>\n<meta name=\"twitter:creator\" content=\"@FAccLatino\" \/>\n<meta name=\"twitter:site\" content=\"@FAccLatino\" \/>\n<meta name=\"twitter:label1\" content=\"Written by\" \/>\n\t<meta name=\"twitter:data1\" content=\"Noticias\" \/>\n\t<meta name=\"twitter:label2\" content=\"Est. reading time\" \/>\n\t<meta name=\"twitter:data2\" content=\"2 minutes\" \/>\n<script type=\"application\/ld+json\" class=\"yoast-schema-graph\">{\"@context\":\"https:\\\/\\\/schema.org\",\"@graph\":[{\"@type\":\"Article\",\"@id\":\"https:\\\/\\\/accesolatino.org\\\/barack-obama-manda-mensaje-de-apoyo-a-los-latinos\\\/noticias\\\/#article\",\"isPartOf\":{\"@id\":\"https:\\\/\\\/accesolatino.org\\\/barack-obama-manda-mensaje-de-apoyo-a-los-latinos\\\/noticias\\\/\"},\"author\":{\"name\":\"Noticias\",\"@id\":\"https:\\\/\\\/accesolatino.org\\\/#\\\/schema\\\/person\\\/57bc3bfd2c357610a5255490ca4cd305\"},\"headline\":\"Barack Obama manda mensaje de apoyo a los latinos\",\"datePublished\":\"2019-02-28T17:00:00+00:00\",\"dateModified\":\"2025-10-27T16:12:59+00:00\",\"mainEntityOfPage\":{\"@id\":\"https:\\\/\\\/accesolatino.org\\\/barack-obama-manda-mensaje-de-apoyo-a-los-latinos\\\/noticias\\\/\"},\"wordCount\":216,\"commentCount\":0,\"publisher\":{\"@id\":\"https:\\\/\\\/accesolatino.org\\\/#organization\"},\"image\":{\"@id\":\"https:\\\/\\\/accesolatino.org\\\/barack-obama-manda-mensaje-de-apoyo-a-los-latinos\\\/noticias\\\/#primaryimage\"},\"thumbnailUrl\":\"https:\\\/\\\/accesolatino.org\\\/wp-content\\\/uploads\\\/2019\\\/04\\\/barack-obama-manda-mensaje-de-apoyo-a-los-latinos.jpg\",\"articleSection\":[\"Noticias\",\"Temas de inter\u00e9s\"],\"inLanguage\":\"en-US\",\"potentialAction\":[{\"@type\":\"CommentAction\",\"name\":\"Comment\",\"target\":[\"https:\\\/\\\/accesolatino.org\\\/barack-obama-manda-mensaje-de-apoyo-a-los-latinos\\\/noticias\\\/#respond\"]}]},{\"@type\":\"WebPage\",\"@id\":\"https:\\\/\\\/accesolatino.org\\\/barack-obama-manda-mensaje-de-apoyo-a-los-latinos\\\/noticias\\\/\",\"url\":\"https:\\\/\\\/accesolatino.org\\\/barack-obama-manda-mensaje-de-apoyo-a-los-latinos\\\/noticias\\\/\",\"name\":\"Barack Obama manda mensaje de apoyo a los latinos\",\"isPartOf\":{\"@id\":\"https:\\\/\\\/accesolatino.org\\\/#website\"},\"primaryImageOfPage\":{\"@id\":\"https:\\\/\\\/accesolatino.org\\\/barack-obama-manda-mensaje-de-apoyo-a-los-latinos\\\/noticias\\\/#primaryimage\"},\"image\":{\"@id\":\"https:\\\/\\\/accesolatino.org\\\/barack-obama-manda-mensaje-de-apoyo-a-los-latinos\\\/noticias\\\/#primaryimage\"},\"thumbnailUrl\":\"https:\\\/\\\/accesolatino.org\\\/wp-content\\\/uploads\\\/2019\\\/04\\\/barack-obama-manda-mensaje-de-apoyo-a-los-latinos.jpg\",\"datePublished\":\"2019-02-28T17:00:00+00:00\",\"dateModified\":\"2025-10-27T16:12:59+00:00\",\"description\":\"El ex presidente estadounidense Barack Obama y el jugador estrella de la NBA Stephen Curry le dijeron a un grupo de ni\u00f1os latinos\",\"breadcrumb\":{\"@id\":\"https:\\\/\\\/accesolatino.org\\\/barack-obama-manda-mensaje-de-apoyo-a-los-latinos\\\/noticias\\\/#breadcrumb\"},\"inLanguage\":\"en-US\",\"potentialAction\":[{\"@type\":\"ReadAction\",\"target\":[\"https:\\\/\\\/accesolatino.org\\\/barack-obama-manda-mensaje-de-apoyo-a-los-latinos\\\/noticias\\\/\"]}]},{\"@type\":\"ImageObject\",\"inLanguage\":\"en-US\",\"@id\":\"https:\\\/\\\/accesolatino.org\\\/barack-obama-manda-mensaje-de-apoyo-a-los-latinos\\\/noticias\\\/#primaryimage\",\"url\":\"https:\\\/\\\/accesolatino.org\\\/wp-content\\\/uploads\\\/2019\\\/04\\\/barack-obama-manda-mensaje-de-apoyo-a-los-latinos.jpg\",\"contentUrl\":\"https:\\\/\\\/accesolatino.org\\\/wp-content\\\/uploads\\\/2019\\\/04\\\/barack-obama-manda-mensaje-de-apoyo-a-los-latinos.jpg\",\"width\":600,\"height\":338,\"caption\":\"barack-obama-manda-mensaje-de-apoyo-a-los-latinos\"},{\"@type\":\"BreadcrumbList\",\"@id\":\"https:\\\/\\\/accesolatino.org\\\/barack-obama-manda-mensaje-de-apoyo-a-los-latinos\\\/noticias\\\/#breadcrumb\",\"itemListElement\":[{\"@type\":\"ListItem\",\"position\":1,\"name\":\"Portada\",\"item\":\"https:\\\/\\\/accesolatino.org\\\/\"},{\"@type\":\"ListItem\",\"position\":2,\"name\":\"Noticias\",\"item\":\"https:\\\/\\\/accesolatino.org\\\/category\\\/noticias\\\/\"},{\"@type\":\"ListItem\",\"position\":3,\"name\":\"Barack Obama manda mensaje de apoyo a los latinos\"}]},{\"@type\":\"WebSite\",\"@id\":\"https:\\\/\\\/accesolatino.org\\\/#website\",\"url\":\"https:\\\/\\\/accesolatino.org\\\/\",\"name\":\"Acceso Latino | Fundaci\u00f3n Carlos Slim\",\"description\":\"Fundaci\u00f3n Carlos Slim\",\"publisher\":{\"@id\":\"https:\\\/\\\/accesolatino.org\\\/#organization\"},\"potentialAction\":[{\"@type\":\"SearchAction\",\"target\":{\"@type\":\"EntryPoint\",\"urlTemplate\":\"https:\\\/\\\/accesolatino.org\\\/?s={search_term_string}\"},\"query-input\":{\"@type\":\"PropertyValueSpecification\",\"valueRequired\":true,\"valueName\":\"search_term_string\"}}],\"inLanguage\":\"en-US\"},{\"@type\":\"Organization\",\"@id\":\"https:\\\/\\\/accesolatino.org\\\/#organization\",\"name\":\"Acceso Latino | Fundaci\u00f3n Carlos Slim\",\"url\":\"https:\\\/\\\/accesolatino.org\\\/\",\"logo\":{\"@type\":\"ImageObject\",\"inLanguage\":\"en-US\",\"@id\":\"https:\\\/\\\/accesolatino.org\\\/#\\\/schema\\\/logo\\\/image\\\/\",\"url\":\"https:\\\/\\\/accesolatino.org\\\/wp-content\\\/uploads\\\/2021\\\/02\\\/logo-footer-acceso-latino.png\",\"contentUrl\":\"https:\\\/\\\/accesolatino.org\\\/wp-content\\\/uploads\\\/2021\\\/02\\\/logo-footer-acceso-latino.png\",\"width\":240,\"height\":40,\"caption\":\"Acceso Latino | Fundaci\u00f3n Carlos Slim\"},\"image\":{\"@id\":\"https:\\\/\\\/accesolatino.org\\\/#\\\/schema\\\/logo\\\/image\\\/\"},\"sameAs\":[\"https:\\\/\\\/www.facebook.com\\\/AccesoLatinoOrg\",\"https:\\\/\\\/x.com\\\/FAccLatino\"]},{\"@type\":\"Person\",\"@id\":\"https:\\\/\\\/accesolatino.org\\\/#\\\/schema\\\/person\\\/57bc3bfd2c357610a5255490ca4cd305\",\"name\":\"Noticias\"}]}<\/script>\n<!-- \/ Yoast SEO plugin. -->","yoast_head_json":{"title":"Barack Obama manda mensaje de apoyo a los latinos","description":"El ex presidente estadounidense Barack Obama y el jugador estrella de la NBA Stephen Curry le dijeron a un grupo de ni\u00f1os latinos","robots":{"index":"index","follow":"follow","max-snippet":"max-snippet:-1","max-image-preview":"max-image-preview:large","max-video-preview":"max-video-preview:-1"},"canonical":"https:\/\/accesolatino.org\/en\/barack-obama-manda-mensaje-de-apoyo-a-los-latinos\/noticias\/","og_locale":"en_US","og_type":"article","og_title":"Barack Obama manda mensaje de apoyo a los latinos","og_description":"El ex presidente estadounidense Barack Obama y el jugador estrella de la NBA Stephen Curry le dijeron a un grupo de ni\u00f1os latinos","og_url":"https:\/\/accesolatino.org\/en\/barack-obama-manda-mensaje-de-apoyo-a-los-latinos\/noticias\/","og_site_name":"Acceso Latino","article_publisher":"https:\/\/www.facebook.com\/AccesoLatinoOrg","article_published_time":"2019-02-28T17:00:00+00:00","article_modified_time":"2025-10-27T16:12:59+00:00","og_image":[{"width":600,"height":338,"url":"https:\/\/accesolatino.org\/wp-content\/uploads\/2019\/04\/barack-obama-manda-mensaje-de-apoyo-a-los-latinos.jpg","type":"image\/jpeg"}],"author":"Noticias","twitter_card":"summary_large_image","twitter_creator":"@FAccLatino","twitter_site":"@FAccLatino","twitter_misc":{"Written by":"Noticias","Est. reading time":"2 minutes"},"schema":{"@context":"https:\/\/schema.org","@graph":[{"@type":"Article","@id":"https:\/\/accesolatino.org\/barack-obama-manda-mensaje-de-apoyo-a-los-latinos\/noticias\/#article","isPartOf":{"@id":"https:\/\/accesolatino.org\/barack-obama-manda-mensaje-de-apoyo-a-los-latinos\/noticias\/"},"author":{"name":"Noticias","@id":"https:\/\/accesolatino.org\/#\/schema\/person\/57bc3bfd2c357610a5255490ca4cd305"},"headline":"Barack Obama manda mensaje de apoyo a los latinos","datePublished":"2019-02-28T17:00:00+00:00","dateModified":"2025-10-27T16:12:59+00:00","mainEntityOfPage":{"@id":"https:\/\/accesolatino.org\/barack-obama-manda-mensaje-de-apoyo-a-los-latinos\/noticias\/"},"wordCount":216,"commentCount":0,"publisher":{"@id":"https:\/\/accesolatino.org\/#organization"},"image":{"@id":"https:\/\/accesolatino.org\/barack-obama-manda-mensaje-de-apoyo-a-los-latinos\/noticias\/#primaryimage"},"thumbnailUrl":"https:\/\/accesolatino.org\/wp-content\/uploads\/2019\/04\/barack-obama-manda-mensaje-de-apoyo-a-los-latinos.jpg","articleSection":["Noticias","Temas de inter\u00e9s"],"inLanguage":"en-US","potentialAction":[{"@type":"CommentAction","name":"Comment","target":["https:\/\/accesolatino.org\/barack-obama-manda-mensaje-de-apoyo-a-los-latinos\/noticias\/#respond"]}]},{"@type":"WebPage","@id":"https:\/\/accesolatino.org\/barack-obama-manda-mensaje-de-apoyo-a-los-latinos\/noticias\/","url":"https:\/\/accesolatino.org\/barack-obama-manda-mensaje-de-apoyo-a-los-latinos\/noticias\/","name":"Barack Obama manda mensaje de apoyo a los latinos","isPartOf":{"@id":"https:\/\/accesolatino.org\/#website"},"primaryImageOfPage":{"@id":"https:\/\/accesolatino.org\/barack-obama-manda-mensaje-de-apoyo-a-los-latinos\/noticias\/#primaryimage"},"image":{"@id":"https:\/\/accesolatino.org\/barack-obama-manda-mensaje-de-apoyo-a-los-latinos\/noticias\/#primaryimage"},"thumbnailUrl":"https:\/\/accesolatino.org\/wp-content\/uploads\/2019\/04\/barack-obama-manda-mensaje-de-apoyo-a-los-latinos.jpg","datePublished":"2019-02-28T17:00:00+00:00","dateModified":"2025-10-27T16:12:59+00:00","description":"El ex presidente estadounidense Barack Obama y el jugador estrella de la NBA Stephen Curry le dijeron a un grupo de ni\u00f1os latinos","breadcrumb":{"@id":"https:\/\/accesolatino.org\/barack-obama-manda-mensaje-de-apoyo-a-los-latinos\/noticias\/#breadcrumb"},"inLanguage":"en-US","potentialAction":[{"@type":"ReadAction","target":["https:\/\/accesolatino.org\/barack-obama-manda-mensaje-de-apoyo-a-los-latinos\/noticias\/"]}]},{"@type":"ImageObject","inLanguage":"en-US","@id":"https:\/\/accesolatino.org\/barack-obama-manda-mensaje-de-apoyo-a-los-latinos\/noticias\/#primaryimage","url":"https:\/\/accesolatino.org\/wp-content\/uploads\/2019\/04\/barack-obama-manda-mensaje-de-apoyo-a-los-latinos.jpg","contentUrl":"https:\/\/accesolatino.org\/wp-content\/uploads\/2019\/04\/barack-obama-manda-mensaje-de-apoyo-a-los-latinos.jpg","width":600,"height":338,"caption":"barack-obama-manda-mensaje-de-apoyo-a-los-latinos"},{"@type":"BreadcrumbList","@id":"https:\/\/accesolatino.org\/barack-obama-manda-mensaje-de-apoyo-a-los-latinos\/noticias\/#breadcrumb","itemListElement":[{"@type":"ListItem","position":1,"name":"Portada","item":"https:\/\/accesolatino.org\/"},{"@type":"ListItem","position":2,"name":"Noticias","item":"https:\/\/accesolatino.org\/category\/noticias\/"},{"@type":"ListItem","position":3,"name":"Barack Obama manda mensaje de apoyo a los latinos"}]},{"@type":"WebSite","@id":"https:\/\/accesolatino.org\/#website","url":"https:\/\/accesolatino.org\/","name":"Acceso Latino | Fundaci\u00f3n Carlos Slim","description":"Fundaci\u00f3n Carlos Slim","publisher":{"@id":"https:\/\/accesolatino.org\/#organization"},"potentialAction":[{"@type":"SearchAction","target":{"@type":"EntryPoint","urlTemplate":"https:\/\/accesolatino.org\/?s={search_term_string}"},"query-input":{"@type":"PropertyValueSpecification","valueRequired":true,"valueName":"search_term_string"}}],"inLanguage":"en-US"},{"@type":"Organization","@id":"https:\/\/accesolatino.org\/#organization","name":"Acceso Latino | Fundaci\u00f3n Carlos Slim","url":"https:\/\/accesolatino.org\/","logo":{"@type":"ImageObject","inLanguage":"en-US","@id":"https:\/\/accesolatino.org\/#\/schema\/logo\/image\/","url":"https:\/\/accesolatino.org\/wp-content\/uploads\/2021\/02\/logo-footer-acceso-latino.png","contentUrl":"https:\/\/accesolatino.org\/wp-content\/uploads\/2021\/02\/logo-footer-acceso-latino.png","width":240,"height":40,"caption":"Acceso Latino | Fundaci\u00f3n Carlos Slim"},"image":{"@id":"https:\/\/accesolatino.org\/#\/schema\/logo\/image\/"},"sameAs":["https:\/\/www.facebook.com\/AccesoLatinoOrg","https:\/\/x.com\/FAccLatino"]},{"@type":"Person","@id":"https:\/\/accesolatino.org\/#\/schema\/person\/57bc3bfd2c357610a5255490ca4cd305","name":"News"}]}},"_links":{"self":[{"href":"https:\/\/accesolatino.org\/en\/wp-json\/wp\/v2\/posts\/16564","targetHints":{"allow":["GET"]}}],"collection":[{"href":"https:\/\/accesolatino.org\/en\/wp-json\/wp\/v2\/posts"}],"about":[{"href":"https:\/\/accesolatino.org\/en\/wp-json\/wp\/v2\/types\/post"}],"author":[{"embeddable":true,"href":"https:\/\/accesolatino.org\/en\/wp-json\/wp\/v2\/users\/13"}],"replies":[{"embeddable":true,"href":"https:\/\/accesolatino.org\/en\/wp-json\/wp\/v2\/comments?post=16564"}],"version-history":[{"count":1,"href":"https:\/\/accesolatino.org\/en\/wp-json\/wp\/v2\/posts\/16564\/revisions"}],"predecessor-version":[{"id":66424,"href":"https:\/\/accesolatino.org\/en\/wp-json\/wp\/v2\/posts\/16564\/revisions\/66424"}],"wp:featuredmedia":[{"embeddable":true,"href":"https:\/\/accesolatino.org\/en\/wp-json\/wp\/v2\/media\/16565"}],"wp:attachment":[{"href":"https:\/\/accesolatino.org\/en\/wp-json\/wp\/v2\/media?parent=16564"}],"wp:term":[{"taxonomy":"category","embeddable":true,"href":"https:\/\/accesolatino.org\/en\/wp-json\/wp\/v2\/categories?post=16564"},{"taxonomy":"post_tag","embeddable":true,"href":"https:\/\/accesolatino.org\/en\/wp-json\/wp\/v2\/tags?post=16564"}],"curies":[{"name":"wp","href":"https:\/\/api.w.org\/{rel}","templated":true}]}}