{"id":16541,"date":"2019-03-01T11:00:29","date_gmt":"2019-03-01T17:00:29","guid":{"rendered":"https:\/\/accesolatino.org\/?p=16541"},"modified":"2025-10-27T10:12:50","modified_gmt":"2025-10-27T16:12:50","slug":"fundacion-curacao-organiza-feria-y-concierto-a-en-pro-de-los-indocumentados","status":"publish","type":"post","link":"https:\/\/accesolatino.org\/en\/fundacion-curacao-organiza-feria-y-concierto-a-en-pro-de-los-indocumentados\/noticias\/","title":{"rendered":"Fundaci\u00f3n Curacao organiza feria y concierto a en pro de los indocumentados"},"content":{"rendered":"<div data-elementor-type=\"wp-post\" data-elementor-id=\"16541\" class=\"elementor elementor-16541\">\n\t\t\t\t\t\t<section class=\"elementor-section elementor-top-section elementor-element elementor-element-369f77a elementor-section-boxed elementor-section-height-default elementor-section-height-default wpr-particle-no wpr-jarallax-no wpr-parallax-no wpr-sticky-section-no wpr-equal-height-no\" data-id=\"369f77a\" data-element_type=\"section\" data-e-type=\"section\">\n\t\t\t\t\t\t<div class=\"elementor-container elementor-column-gap-default\">\n\t\t\t\t\t<div class=\"elementor-column elementor-col-100 elementor-top-column elementor-element elementor-element-8ef62e2\" data-id=\"8ef62e2\" data-element_type=\"column\" data-e-type=\"column\">\n\t\t\t<div class=\"elementor-widget-wrap elementor-element-populated\">\n\t\t\t\t\t\t<div class=\"elementor-element elementor-element-d9121ee elementor-widget elementor-widget-text-editor\" data-id=\"d9121ee\" data-element_type=\"widget\" data-e-type=\"widget\" data-widget_type=\"text-editor.default\">\n\t\t\t\t<div class=\"elementor-widget-container\">\n\t\t\t\t\t\t\t\t\t<p>The <strong>Fundaci\u00f3n Curacao,<\/strong> una organizaci\u00f3n sin fines de lucro que se fund\u00f3 en el 2002, se pone las pilas y organiza el evento \u201c<strong>Estamos con Ustedes<\/strong>\u201d, una feria de inmigraci\u00f3n y concierto para recaudar fondos; junto con la organizaci\u00f3n defensora de los derechos de los migrantes <strong>El Rescate<\/strong> y la <strong>Fundaci\u00f3n Tu Visi\u00f3n,<\/strong> hacen posible este festival a favor de los derechos de los indocumentados.<\/p><p>Han sido tiempos dif\u00edciles para todos los inmigrantes no reconocidos en los Estados Unidos, que en busca de una mejor vida emprenden el viaje a la tierra prometida. Buscando ser una apoyo, la <strong>Fundaci\u00f3n Curacao<\/strong> y quien los acompa\u00f1a, invita a la gente a asistir a &#8220;<strong>Estamos con Ustedes<\/strong>&#8220;, que ofrecer\u00e1 asesor\u00eda jur\u00eddica gratuita y otros servicios comunitarios.<\/p><p>Contar\u00e1 con la participaci\u00f3n del popular cantante latino Bebe Coronel y con el conjunto de danza folcl\u00f3rica de M\u00e9xico, Chile y El Salvador, se realizar\u00e1 el s\u00e1bado 16 de marzo de 2019 de 10 a. m. a 6 p. m. en el estacionamiento de la tienda Curacao ubicada en 1605 W. Olympic Boulevard, Los Angeles 90015, California.<\/p><p>La directora de la fundaci\u00f3n Sophia Cortez, dijo: <em>&#8220;El concierto &#8216;Estamos con Ustedes&#8217; llega en momentos en que inmigrantes latinos est\u00e1n teniendo dificultades para que se reconozcan y respeten sus derechos humanos m\u00e1s fundamentales en Estados Unidos. Y esta iniciativa para recaudar fondos es otra demostraci\u00f3n m\u00e1s del largo historial de apoyo de Curacao a una comunidad que necesita el reconocimiento de su valioso aporte a este pa\u00eds, apoyo comunitario y solidarida<\/em>d&#8221;.<\/p><p>Si est\u00e1s en los \u00c1ngeles no dudes asistir a este evento especialmente hecho para ti.<\/p><p>Visita nuestras redes sociales y nuestra p\u00e1gina <strong>Acceso Latino <\/strong>tu sitio de ayuda e informaci\u00f3n.<\/p><p><em>Fuente: latino4u<\/em><\/p>\t\t\t\t\t\t\t\t<\/div>\n\t\t\t\t<\/div>\n\t\t\t\t\t<\/div>\n\t\t<\/div>\n\t\t\t\t\t<\/div>\n\t\t<\/section>\n\t\t\t\t<\/div>","protected":false},"excerpt":{"rendered":"<p>La Fundaci\u00f3n Curacao, una organizaci\u00f3n sin fines de lucro que se fund\u00f3 en el 2002, se pone las pilas y organiza el evento \u201cEstamos con Ustedes\u201d, una feria de inmigraci\u00f3n y concierto para recaudar fondos; junto con la organizaci\u00f3n defensora de los derechos de los migrantes El Rescate y la Fundaci\u00f3n Tu Visi\u00f3n, hacen posible este festival a favor de los derechos de los indocumentados. Han sido tiempos dif\u00edciles para todos los inmigrantes no reconocidos en los Estados Unidos, que en busca de una mejor vida emprenden el viaje a la tierra prometida. Buscando ser una apoyo, la Fundaci\u00f3n Curacao y quien los acompa\u00f1a, invita a la gente a asistir a &#8220;Estamos con Ustedes&#8220;, que ofrecer\u00e1 asesor\u00eda jur\u00eddica gratuita y otros servicios comunitarios. Contar\u00e1 con la participaci\u00f3n del popular cantante latino Bebe Coronel y con el conjunto de danza folcl\u00f3rica de M\u00e9xico, Chile y El Salvador, se realizar\u00e1 el s\u00e1bado 16 de marzo de 2019 de 10 a. m. a 6 p. m. en el estacionamiento de la tienda Curacao ubicada en 1605 W. Olympic Boulevard, Los Angeles 90015, California. La directora de la fundaci\u00f3n Sophia Cortez, dijo: &#8220;El concierto &#8216;Estamos con Ustedes&#8217; llega en momentos en que inmigrantes latinos est\u00e1n teniendo dificultades para que se reconozcan y respeten sus derechos humanos m\u00e1s fundamentales en Estados Unidos. Y esta iniciativa para recaudar fondos es otra demostraci\u00f3n m\u00e1s del largo historial de apoyo de Curacao a una comunidad que necesita el reconocimiento de su valioso aporte a este pa\u00eds, apoyo comunitario y solidaridad&#8221;. Si est\u00e1s en los \u00c1ngeles no dudes asistir a este evento especialmente hecho para ti. Visita nuestras redes sociales y nuestra p\u00e1gina Acceso Latino tu sitio de ayuda e informaci\u00f3n. Fuente: latino4u<\/p>","protected":false},"author":13,"featured_media":16542,"comment_status":"open","ping_status":"open","sticky":false,"template":"","format":"standard","meta":{"_uf_show_specific_survey":0,"_uf_disable_surveys":false,"footnotes":""},"categories":[10,1],"tags":[],"class_list":["post-16541","post","type-post","status-publish","format-standard","has-post-thumbnail","hentry","category-noticias","category-temas-de-interes"],"aioseo_notices":[],"yoast_head":"<!-- This site is optimized with the Yoast SEO plugin v27.5 - https:\/\/yoast.com\/product\/yoast-seo-wordpress\/ -->\n<title>Fundaci\u00f3n Curacao organiza feria y concierto a en pro de los indocumentados<\/title>\n<meta name=\"description\" content=\"La Fundaci\u00f3n Curacao, una organizaci\u00f3n sin fines de lucro que se fund\u00f3 en el 2002, se pone las pilas y organiza el evento \u201cEstamos con Ustedes\u201d,\" \/>\n<meta name=\"robots\" content=\"index, follow, max-snippet:-1, max-image-preview:large, max-video-preview:-1\" \/>\n<link rel=\"canonical\" href=\"https:\/\/accesolatino.org\/en\/fundacion-curacao-organiza-feria-y-concierto-a-en-pro-de-los-indocumentados\/noticias\/\" \/>\n<meta property=\"og:locale\" content=\"en_US\" \/>\n<meta property=\"og:type\" content=\"article\" \/>\n<meta property=\"og:title\" content=\"Fundaci\u00f3n Curacao organiza feria y concierto a en pro de los indocumentados\" \/>\n<meta property=\"og:description\" content=\"La Fundaci\u00f3n Curacao, una organizaci\u00f3n sin fines de lucro que se fund\u00f3 en el 2002, se pone las pilas y organiza el evento \u201cEstamos con Ustedes\u201d,\" \/>\n<meta property=\"og:url\" content=\"https:\/\/accesolatino.org\/en\/fundacion-curacao-organiza-feria-y-concierto-a-en-pro-de-los-indocumentados\/noticias\/\" \/>\n<meta property=\"og:site_name\" content=\"Acceso Latino\" \/>\n<meta property=\"article:publisher\" content=\"https:\/\/www.facebook.com\/AccesoLatinoOrg\" \/>\n<meta property=\"article:published_time\" content=\"2019-03-01T17:00:29+00:00\" \/>\n<meta property=\"article:modified_time\" content=\"2025-10-27T16:12:50+00:00\" \/>\n<meta property=\"og:image\" content=\"https:\/\/accesolatino.org\/wp-content\/uploads\/2019\/04\/fundacion-curacao-organiza-feria-y-concierto-a-en-pro-de-los-indocumentados.jpg\" \/>\n\t<meta property=\"og:image:width\" content=\"600\" \/>\n\t<meta property=\"og:image:height\" content=\"338\" \/>\n\t<meta property=\"og:image:type\" content=\"image\/jpeg\" \/>\n<meta name=\"author\" content=\"Noticias\" \/>\n<meta name=\"twitter:card\" content=\"summary_large_image\" \/>\n<meta name=\"twitter:creator\" content=\"@FAccLatino\" \/>\n<meta name=\"twitter:site\" content=\"@FAccLatino\" \/>\n<meta name=\"twitter:label1\" content=\"Written by\" \/>\n\t<meta name=\"twitter:data1\" content=\"Noticias\" \/>\n\t<meta name=\"twitter:label2\" content=\"Est. reading time\" \/>\n\t<meta name=\"twitter:data2\" content=\"2 minutes\" \/>\n<script type=\"application\/ld+json\" class=\"yoast-schema-graph\">{\"@context\":\"https:\\\/\\\/schema.org\",\"@graph\":[{\"@type\":\"Article\",\"@id\":\"https:\\\/\\\/accesolatino.org\\\/fundacion-curacao-organiza-feria-y-concierto-a-en-pro-de-los-indocumentados\\\/noticias\\\/#article\",\"isPartOf\":{\"@id\":\"https:\\\/\\\/accesolatino.org\\\/fundacion-curacao-organiza-feria-y-concierto-a-en-pro-de-los-indocumentados\\\/noticias\\\/\"},\"author\":{\"name\":\"Noticias\",\"@id\":\"https:\\\/\\\/accesolatino.org\\\/#\\\/schema\\\/person\\\/57bc3bfd2c357610a5255490ca4cd305\"},\"headline\":\"Fundaci\u00f3n Curacao organiza feria y concierto a en pro de los indocumentados\",\"datePublished\":\"2019-03-01T17:00:29+00:00\",\"dateModified\":\"2025-10-27T16:12:50+00:00\",\"mainEntityOfPage\":{\"@id\":\"https:\\\/\\\/accesolatino.org\\\/fundacion-curacao-organiza-feria-y-concierto-a-en-pro-de-los-indocumentados\\\/noticias\\\/\"},\"wordCount\":315,\"commentCount\":0,\"publisher\":{\"@id\":\"https:\\\/\\\/accesolatino.org\\\/#organization\"},\"image\":{\"@id\":\"https:\\\/\\\/accesolatino.org\\\/fundacion-curacao-organiza-feria-y-concierto-a-en-pro-de-los-indocumentados\\\/noticias\\\/#primaryimage\"},\"thumbnailUrl\":\"https:\\\/\\\/accesolatino.org\\\/wp-content\\\/uploads\\\/2019\\\/04\\\/fundacion-curacao-organiza-feria-y-concierto-a-en-pro-de-los-indocumentados.jpg\",\"articleSection\":[\"Noticias\",\"Temas de inter\u00e9s\"],\"inLanguage\":\"en-US\",\"potentialAction\":[{\"@type\":\"CommentAction\",\"name\":\"Comment\",\"target\":[\"https:\\\/\\\/accesolatino.org\\\/fundacion-curacao-organiza-feria-y-concierto-a-en-pro-de-los-indocumentados\\\/noticias\\\/#respond\"]}]},{\"@type\":\"WebPage\",\"@id\":\"https:\\\/\\\/accesolatino.org\\\/fundacion-curacao-organiza-feria-y-concierto-a-en-pro-de-los-indocumentados\\\/noticias\\\/\",\"url\":\"https:\\\/\\\/accesolatino.org\\\/fundacion-curacao-organiza-feria-y-concierto-a-en-pro-de-los-indocumentados\\\/noticias\\\/\",\"name\":\"Fundaci\u00f3n Curacao organiza feria y concierto a en pro de los indocumentados\",\"isPartOf\":{\"@id\":\"https:\\\/\\\/accesolatino.org\\\/#website\"},\"primaryImageOfPage\":{\"@id\":\"https:\\\/\\\/accesolatino.org\\\/fundacion-curacao-organiza-feria-y-concierto-a-en-pro-de-los-indocumentados\\\/noticias\\\/#primaryimage\"},\"image\":{\"@id\":\"https:\\\/\\\/accesolatino.org\\\/fundacion-curacao-organiza-feria-y-concierto-a-en-pro-de-los-indocumentados\\\/noticias\\\/#primaryimage\"},\"thumbnailUrl\":\"https:\\\/\\\/accesolatino.org\\\/wp-content\\\/uploads\\\/2019\\\/04\\\/fundacion-curacao-organiza-feria-y-concierto-a-en-pro-de-los-indocumentados.jpg\",\"datePublished\":\"2019-03-01T17:00:29+00:00\",\"dateModified\":\"2025-10-27T16:12:50+00:00\",\"description\":\"La Fundaci\u00f3n Curacao, una organizaci\u00f3n sin fines de lucro que se fund\u00f3 en el 2002, se pone las pilas y organiza el evento \u201cEstamos con Ustedes\u201d,\",\"breadcrumb\":{\"@id\":\"https:\\\/\\\/accesolatino.org\\\/fundacion-curacao-organiza-feria-y-concierto-a-en-pro-de-los-indocumentados\\\/noticias\\\/#breadcrumb\"},\"inLanguage\":\"en-US\",\"potentialAction\":[{\"@type\":\"ReadAction\",\"target\":[\"https:\\\/\\\/accesolatino.org\\\/fundacion-curacao-organiza-feria-y-concierto-a-en-pro-de-los-indocumentados\\\/noticias\\\/\"]}]},{\"@type\":\"ImageObject\",\"inLanguage\":\"en-US\",\"@id\":\"https:\\\/\\\/accesolatino.org\\\/fundacion-curacao-organiza-feria-y-concierto-a-en-pro-de-los-indocumentados\\\/noticias\\\/#primaryimage\",\"url\":\"https:\\\/\\\/accesolatino.org\\\/wp-content\\\/uploads\\\/2019\\\/04\\\/fundacion-curacao-organiza-feria-y-concierto-a-en-pro-de-los-indocumentados.jpg\",\"contentUrl\":\"https:\\\/\\\/accesolatino.org\\\/wp-content\\\/uploads\\\/2019\\\/04\\\/fundacion-curacao-organiza-feria-y-concierto-a-en-pro-de-los-indocumentados.jpg\",\"width\":600,\"height\":338,\"caption\":\"fundacion-curacao-organiza-feria-y-concierto-a-en-pro-de-los-indocumentados\"},{\"@type\":\"BreadcrumbList\",\"@id\":\"https:\\\/\\\/accesolatino.org\\\/fundacion-curacao-organiza-feria-y-concierto-a-en-pro-de-los-indocumentados\\\/noticias\\\/#breadcrumb\",\"itemListElement\":[{\"@type\":\"ListItem\",\"position\":1,\"name\":\"Portada\",\"item\":\"https:\\\/\\\/accesolatino.org\\\/\"},{\"@type\":\"ListItem\",\"position\":2,\"name\":\"Noticias\",\"item\":\"https:\\\/\\\/accesolatino.org\\\/category\\\/noticias\\\/\"},{\"@type\":\"ListItem\",\"position\":3,\"name\":\"Fundaci\u00f3n Curacao organiza feria y concierto a en pro de los indocumentados\"}]},{\"@type\":\"WebSite\",\"@id\":\"https:\\\/\\\/accesolatino.org\\\/#website\",\"url\":\"https:\\\/\\\/accesolatino.org\\\/\",\"name\":\"Acceso Latino | Fundaci\u00f3n Carlos Slim\",\"description\":\"Fundaci\u00f3n Carlos Slim\",\"publisher\":{\"@id\":\"https:\\\/\\\/accesolatino.org\\\/#organization\"},\"potentialAction\":[{\"@type\":\"SearchAction\",\"target\":{\"@type\":\"EntryPoint\",\"urlTemplate\":\"https:\\\/\\\/accesolatino.org\\\/?s={search_term_string}\"},\"query-input\":{\"@type\":\"PropertyValueSpecification\",\"valueRequired\":true,\"valueName\":\"search_term_string\"}}],\"inLanguage\":\"en-US\"},{\"@type\":\"Organization\",\"@id\":\"https:\\\/\\\/accesolatino.org\\\/#organization\",\"name\":\"Acceso Latino | Fundaci\u00f3n Carlos Slim\",\"url\":\"https:\\\/\\\/accesolatino.org\\\/\",\"logo\":{\"@type\":\"ImageObject\",\"inLanguage\":\"en-US\",\"@id\":\"https:\\\/\\\/accesolatino.org\\\/#\\\/schema\\\/logo\\\/image\\\/\",\"url\":\"https:\\\/\\\/accesolatino.org\\\/wp-content\\\/uploads\\\/2021\\\/02\\\/logo-footer-acceso-latino.png\",\"contentUrl\":\"https:\\\/\\\/accesolatino.org\\\/wp-content\\\/uploads\\\/2021\\\/02\\\/logo-footer-acceso-latino.png\",\"width\":240,\"height\":40,\"caption\":\"Acceso Latino | Fundaci\u00f3n Carlos Slim\"},\"image\":{\"@id\":\"https:\\\/\\\/accesolatino.org\\\/#\\\/schema\\\/logo\\\/image\\\/\"},\"sameAs\":[\"https:\\\/\\\/www.facebook.com\\\/AccesoLatinoOrg\",\"https:\\\/\\\/x.com\\\/FAccLatino\"]},{\"@type\":\"Person\",\"@id\":\"https:\\\/\\\/accesolatino.org\\\/#\\\/schema\\\/person\\\/57bc3bfd2c357610a5255490ca4cd305\",\"name\":\"Noticias\"}]}<\/script>\n<!-- \/ Yoast SEO plugin. -->","yoast_head_json":{"title":"Fundaci\u00f3n Curacao organiza feria y concierto a en pro de los indocumentados","description":"La Fundaci\u00f3n Curacao, una organizaci\u00f3n sin fines de lucro que se fund\u00f3 en el 2002, se pone las pilas y organiza el evento \u201cEstamos con Ustedes\u201d,","robots":{"index":"index","follow":"follow","max-snippet":"max-snippet:-1","max-image-preview":"max-image-preview:large","max-video-preview":"max-video-preview:-1"},"canonical":"https:\/\/accesolatino.org\/en\/fundacion-curacao-organiza-feria-y-concierto-a-en-pro-de-los-indocumentados\/noticias\/","og_locale":"en_US","og_type":"article","og_title":"Fundaci\u00f3n Curacao organiza feria y concierto a en pro de los indocumentados","og_description":"La Fundaci\u00f3n Curacao, una organizaci\u00f3n sin fines de lucro que se fund\u00f3 en el 2002, se pone las pilas y organiza el evento \u201cEstamos con Ustedes\u201d,","og_url":"https:\/\/accesolatino.org\/en\/fundacion-curacao-organiza-feria-y-concierto-a-en-pro-de-los-indocumentados\/noticias\/","og_site_name":"Acceso Latino","article_publisher":"https:\/\/www.facebook.com\/AccesoLatinoOrg","article_published_time":"2019-03-01T17:00:29+00:00","article_modified_time":"2025-10-27T16:12:50+00:00","og_image":[{"width":600,"height":338,"url":"https:\/\/accesolatino.org\/wp-content\/uploads\/2019\/04\/fundacion-curacao-organiza-feria-y-concierto-a-en-pro-de-los-indocumentados.jpg","type":"image\/jpeg"}],"author":"Noticias","twitter_card":"summary_large_image","twitter_creator":"@FAccLatino","twitter_site":"@FAccLatino","twitter_misc":{"Written by":"Noticias","Est. reading time":"2 minutes"},"schema":{"@context":"https:\/\/schema.org","@graph":[{"@type":"Article","@id":"https:\/\/accesolatino.org\/fundacion-curacao-organiza-feria-y-concierto-a-en-pro-de-los-indocumentados\/noticias\/#article","isPartOf":{"@id":"https:\/\/accesolatino.org\/fundacion-curacao-organiza-feria-y-concierto-a-en-pro-de-los-indocumentados\/noticias\/"},"author":{"name":"Noticias","@id":"https:\/\/accesolatino.org\/#\/schema\/person\/57bc3bfd2c357610a5255490ca4cd305"},"headline":"Fundaci\u00f3n Curacao organiza feria y concierto a en pro de los indocumentados","datePublished":"2019-03-01T17:00:29+00:00","dateModified":"2025-10-27T16:12:50+00:00","mainEntityOfPage":{"@id":"https:\/\/accesolatino.org\/fundacion-curacao-organiza-feria-y-concierto-a-en-pro-de-los-indocumentados\/noticias\/"},"wordCount":315,"commentCount":0,"publisher":{"@id":"https:\/\/accesolatino.org\/#organization"},"image":{"@id":"https:\/\/accesolatino.org\/fundacion-curacao-organiza-feria-y-concierto-a-en-pro-de-los-indocumentados\/noticias\/#primaryimage"},"thumbnailUrl":"https:\/\/accesolatino.org\/wp-content\/uploads\/2019\/04\/fundacion-curacao-organiza-feria-y-concierto-a-en-pro-de-los-indocumentados.jpg","articleSection":["Noticias","Temas de inter\u00e9s"],"inLanguage":"en-US","potentialAction":[{"@type":"CommentAction","name":"Comment","target":["https:\/\/accesolatino.org\/fundacion-curacao-organiza-feria-y-concierto-a-en-pro-de-los-indocumentados\/noticias\/#respond"]}]},{"@type":"WebPage","@id":"https:\/\/accesolatino.org\/fundacion-curacao-organiza-feria-y-concierto-a-en-pro-de-los-indocumentados\/noticias\/","url":"https:\/\/accesolatino.org\/fundacion-curacao-organiza-feria-y-concierto-a-en-pro-de-los-indocumentados\/noticias\/","name":"Fundaci\u00f3n Curacao organiza feria y concierto a en pro de los indocumentados","isPartOf":{"@id":"https:\/\/accesolatino.org\/#website"},"primaryImageOfPage":{"@id":"https:\/\/accesolatino.org\/fundacion-curacao-organiza-feria-y-concierto-a-en-pro-de-los-indocumentados\/noticias\/#primaryimage"},"image":{"@id":"https:\/\/accesolatino.org\/fundacion-curacao-organiza-feria-y-concierto-a-en-pro-de-los-indocumentados\/noticias\/#primaryimage"},"thumbnailUrl":"https:\/\/accesolatino.org\/wp-content\/uploads\/2019\/04\/fundacion-curacao-organiza-feria-y-concierto-a-en-pro-de-los-indocumentados.jpg","datePublished":"2019-03-01T17:00:29+00:00","dateModified":"2025-10-27T16:12:50+00:00","description":"La Fundaci\u00f3n Curacao, una organizaci\u00f3n sin fines de lucro que se fund\u00f3 en el 2002, se pone las pilas y organiza el evento \u201cEstamos con Ustedes\u201d,","breadcrumb":{"@id":"https:\/\/accesolatino.org\/fundacion-curacao-organiza-feria-y-concierto-a-en-pro-de-los-indocumentados\/noticias\/#breadcrumb"},"inLanguage":"en-US","potentialAction":[{"@type":"ReadAction","target":["https:\/\/accesolatino.org\/fundacion-curacao-organiza-feria-y-concierto-a-en-pro-de-los-indocumentados\/noticias\/"]}]},{"@type":"ImageObject","inLanguage":"en-US","@id":"https:\/\/accesolatino.org\/fundacion-curacao-organiza-feria-y-concierto-a-en-pro-de-los-indocumentados\/noticias\/#primaryimage","url":"https:\/\/accesolatino.org\/wp-content\/uploads\/2019\/04\/fundacion-curacao-organiza-feria-y-concierto-a-en-pro-de-los-indocumentados.jpg","contentUrl":"https:\/\/accesolatino.org\/wp-content\/uploads\/2019\/04\/fundacion-curacao-organiza-feria-y-concierto-a-en-pro-de-los-indocumentados.jpg","width":600,"height":338,"caption":"fundacion-curacao-organiza-feria-y-concierto-a-en-pro-de-los-indocumentados"},{"@type":"BreadcrumbList","@id":"https:\/\/accesolatino.org\/fundacion-curacao-organiza-feria-y-concierto-a-en-pro-de-los-indocumentados\/noticias\/#breadcrumb","itemListElement":[{"@type":"ListItem","position":1,"name":"Portada","item":"https:\/\/accesolatino.org\/"},{"@type":"ListItem","position":2,"name":"Noticias","item":"https:\/\/accesolatino.org\/category\/noticias\/"},{"@type":"ListItem","position":3,"name":"Fundaci\u00f3n Curacao organiza feria y concierto a en pro de los indocumentados"}]},{"@type":"WebSite","@id":"https:\/\/accesolatino.org\/#website","url":"https:\/\/accesolatino.org\/","name":"Acceso Latino | Fundaci\u00f3n Carlos Slim","description":"Fundaci\u00f3n Carlos Slim","publisher":{"@id":"https:\/\/accesolatino.org\/#organization"},"potentialAction":[{"@type":"SearchAction","target":{"@type":"EntryPoint","urlTemplate":"https:\/\/accesolatino.org\/?s={search_term_string}"},"query-input":{"@type":"PropertyValueSpecification","valueRequired":true,"valueName":"search_term_string"}}],"inLanguage":"en-US"},{"@type":"Organization","@id":"https:\/\/accesolatino.org\/#organization","name":"Acceso Latino | Fundaci\u00f3n Carlos Slim","url":"https:\/\/accesolatino.org\/","logo":{"@type":"ImageObject","inLanguage":"en-US","@id":"https:\/\/accesolatino.org\/#\/schema\/logo\/image\/","url":"https:\/\/accesolatino.org\/wp-content\/uploads\/2021\/02\/logo-footer-acceso-latino.png","contentUrl":"https:\/\/accesolatino.org\/wp-content\/uploads\/2021\/02\/logo-footer-acceso-latino.png","width":240,"height":40,"caption":"Acceso Latino | Fundaci\u00f3n Carlos Slim"},"image":{"@id":"https:\/\/accesolatino.org\/#\/schema\/logo\/image\/"},"sameAs":["https:\/\/www.facebook.com\/AccesoLatinoOrg","https:\/\/x.com\/FAccLatino"]},{"@type":"Person","@id":"https:\/\/accesolatino.org\/#\/schema\/person\/57bc3bfd2c357610a5255490ca4cd305","name":"News"}]}},"_links":{"self":[{"href":"https:\/\/accesolatino.org\/en\/wp-json\/wp\/v2\/posts\/16541","targetHints":{"allow":["GET"]}}],"collection":[{"href":"https:\/\/accesolatino.org\/en\/wp-json\/wp\/v2\/posts"}],"about":[{"href":"https:\/\/accesolatino.org\/en\/wp-json\/wp\/v2\/types\/post"}],"author":[{"embeddable":true,"href":"https:\/\/accesolatino.org\/en\/wp-json\/wp\/v2\/users\/13"}],"replies":[{"embeddable":true,"href":"https:\/\/accesolatino.org\/en\/wp-json\/wp\/v2\/comments?post=16541"}],"version-history":[{"count":1,"href":"https:\/\/accesolatino.org\/en\/wp-json\/wp\/v2\/posts\/16541\/revisions"}],"predecessor-version":[{"id":66423,"href":"https:\/\/accesolatino.org\/en\/wp-json\/wp\/v2\/posts\/16541\/revisions\/66423"}],"wp:featuredmedia":[{"embeddable":true,"href":"https:\/\/accesolatino.org\/en\/wp-json\/wp\/v2\/media\/16542"}],"wp:attachment":[{"href":"https:\/\/accesolatino.org\/en\/wp-json\/wp\/v2\/media?parent=16541"}],"wp:term":[{"taxonomy":"category","embeddable":true,"href":"https:\/\/accesolatino.org\/en\/wp-json\/wp\/v2\/categories?post=16541"},{"taxonomy":"post_tag","embeddable":true,"href":"https:\/\/accesolatino.org\/en\/wp-json\/wp\/v2\/tags?post=16541"}],"curies":[{"name":"wp","href":"https:\/\/api.w.org\/{rel}","templated":true}]}}