{"id":16537,"date":"2019-03-04T11:00:46","date_gmt":"2019-03-04T17:00:46","guid":{"rendered":"https:\/\/accesolatino.org\/?p=16537"},"modified":"2025-10-27T10:12:12","modified_gmt":"2025-10-27T16:12:12","slug":"gobierno-de-ciudad-de-mexico-lanza-decalogo-para-apoyo-a-indocumentados-en-estados-unidos","status":"publish","type":"post","link":"https:\/\/accesolatino.org\/en\/gobierno-de-ciudad-de-mexico-lanza-decalogo-para-apoyo-a-indocumentados-en-estados-unidos\/noticias\/","title":{"rendered":"Gobierno de Ciudad de M\u00e9xico lanza dec\u00e1logo para apoyo a indocumentados en Estados Unidos"},"content":{"rendered":"<div data-elementor-type=\"wp-post\" data-elementor-id=\"16537\" class=\"elementor elementor-16537\">\n\t\t\t\t\t\t<section class=\"elementor-section elementor-top-section elementor-element elementor-element-369f77a elementor-section-boxed elementor-section-height-default elementor-section-height-default wpr-particle-no wpr-jarallax-no wpr-parallax-no wpr-sticky-section-no wpr-equal-height-no\" data-id=\"369f77a\" data-element_type=\"section\" data-e-type=\"section\">\n\t\t\t\t\t\t<div class=\"elementor-container elementor-column-gap-default\">\n\t\t\t\t\t<div class=\"elementor-column elementor-col-100 elementor-top-column elementor-element elementor-element-8ef62e2\" data-id=\"8ef62e2\" data-element_type=\"column\" data-e-type=\"column\">\n\t\t\t<div class=\"elementor-widget-wrap elementor-element-populated\">\n\t\t\t\t\t\t<div class=\"elementor-element elementor-element-d9121ee elementor-widget elementor-widget-text-editor\" data-id=\"d9121ee\" data-element_type=\"widget\" data-e-type=\"widget\" data-widget_type=\"text-editor.default\">\n\t\t\t\t<div class=\"elementor-widget-container\">\n\t\t\t\t\t\t\t\t\t<p>El canciller Marcelo Ebrard present\u00f3 un plan que busca ayudar a los m\u00e1s de 11.3 millones de mexicanos que viven en territorio norteamericano. Apoyo legal, esquema de salud e impulso a la cultura mexicana son algunos de los beneficios que est\u00e1n en dec\u00e1logo.<\/p><p>Ayer por la ma\u00f1ana el presidente de M\u00e9xico, Andr\u00e9s Manuel L\u00f3pez Obrador y el canciller Marcelo Ebrard dieron un informe detallado d\u00f3nde del 100% de mexicanos que viven en Estados Unidos un 48% son vulnerables al no contar con la residencia legal.<\/p><p>Estos son algunos de los puntos con los que cuenta el dec\u00e1logo:<\/p><p>Participar\u00e1 todo el gobierno federal y estatal en la atenci\u00f3n a migrantes.<\/p><p>Cambio de mentalidad, o sea mejorar la capacitaci\u00f3n grupos vulnerables y especialistas en materia legal.<\/p><p>Ampliar la red de abogados y organizaciones en defensa de los indocumentados.<\/p><p>Promoci\u00f3n activa de la identidad cultual mexicana.<\/p><p>Ampliaci\u00f3n de los programas de educaci\u00f3n, salud y deportes para mejorar la calidad de vida.<\/p><p>Nuevos mecanismos financieros para que participen en los grandes proyectos de desarrollo del gobierno mexicano.<\/p><p>Empoderamiento de la comunidad mexicana. Reconocimiento a los mexicanos que sobresalen en USA.<\/p><p>Modernizar la normativa y pr\u00e1ctica de la SER para incluir todo el marco actual de los derechos humanos.<\/p><p>Desarrollo de una cultura de consulta peri\u00f3dica a la comunidad con foros que dan inicio la pr\u00f3xima semana en los consulados para preguntar su opini\u00f3n sobre el plan nacional de desarrollo de M\u00e9xico.<\/p><p>Visita nuestras redes sociales y nuestra p\u00e1gina <strong>Acceso Latino <\/strong>tu sitio de ayuda e informaci\u00f3n.<\/p><p><em>Fuente: El Universal<\/em><\/p>\t\t\t\t\t\t\t\t<\/div>\n\t\t\t\t<\/div>\n\t\t\t\t\t<\/div>\n\t\t<\/div>\n\t\t\t\t\t<\/div>\n\t\t<\/section>\n\t\t\t\t<\/div>","protected":false},"excerpt":{"rendered":"<p>El canciller Marcelo Ebrard present\u00f3 un plan que busca ayudar a los m\u00e1s de 11.3 millones de mexicanos que viven en territorio norteamericano. Apoyo legal, esquema de salud e impulso a la cultura mexicana son algunos de los beneficios que est\u00e1n en dec\u00e1logo. Ayer por la ma\u00f1ana el presidente de M\u00e9xico, Andr\u00e9s Manuel L\u00f3pez Obrador y el canciller Marcelo Ebrard dieron un informe detallado d\u00f3nde del 100% de mexicanos que viven en Estados Unidos un 48% son vulnerables al no contar con la residencia legal. Estos son algunos de los puntos con los que cuenta el dec\u00e1logo: Participar\u00e1 todo el gobierno federal y estatal en la atenci\u00f3n a migrantes. Cambio de mentalidad, o sea mejorar la capacitaci\u00f3n grupos vulnerables y especialistas en materia legal. Ampliar la red de abogados y organizaciones en defensa de los indocumentados. Promoci\u00f3n activa de la identidad cultual mexicana. Ampliaci\u00f3n de los programas de educaci\u00f3n, salud y deportes para mejorar la calidad de vida. Nuevos mecanismos financieros para que participen en los grandes proyectos de desarrollo del gobierno mexicano. Empoderamiento de la comunidad mexicana. Reconocimiento a los mexicanos que sobresalen en USA. Modernizar la normativa y pr\u00e1ctica de la SER para incluir todo el marco actual de los derechos humanos. Desarrollo de una cultura de consulta peri\u00f3dica a la comunidad con foros que dan inicio la pr\u00f3xima semana en los consulados para preguntar su opini\u00f3n sobre el plan nacional de desarrollo de M\u00e9xico. Visita nuestras redes sociales y nuestra p\u00e1gina Acceso Latino tu sitio de ayuda e informaci\u00f3n. Fuente: El Universal<\/p>","protected":false},"author":13,"featured_media":16538,"comment_status":"open","ping_status":"open","sticky":false,"template":"","format":"standard","meta":{"_uf_show_specific_survey":0,"_uf_disable_surveys":false,"footnotes":""},"categories":[10,1],"tags":[],"class_list":["post-16537","post","type-post","status-publish","format-standard","has-post-thumbnail","hentry","category-noticias","category-temas-de-interes"],"aioseo_notices":[],"yoast_head":"<!-- This site is optimized with the Yoast SEO plugin v27.5 - https:\/\/yoast.com\/product\/yoast-seo-wordpress\/ -->\n<title>Gobierno de Ciudad de M\u00e9xico lanza dec\u00e1logo para apoyo a indocumentados en Estados Unidos<\/title>\n<meta name=\"description\" content=\"El canciller Marcelo Ebrard present\u00f3 un plan que busca ayudar a los m\u00e1s de 11.3 millones de mexicanos que viven en territorio norteamericano.\" \/>\n<meta name=\"robots\" content=\"index, follow, max-snippet:-1, max-image-preview:large, max-video-preview:-1\" \/>\n<link rel=\"canonical\" href=\"https:\/\/accesolatino.org\/en\/gobierno-de-ciudad-de-mexico-lanza-decalogo-para-apoyo-a-indocumentados-en-estados-unidos\/noticias\/\" \/>\n<meta property=\"og:locale\" content=\"en_US\" \/>\n<meta property=\"og:type\" content=\"article\" \/>\n<meta property=\"og:title\" content=\"Gobierno de Ciudad de M\u00e9xico lanza dec\u00e1logo para apoyo a indocumentados en Estados Unidos\" \/>\n<meta property=\"og:description\" content=\"El canciller Marcelo Ebrard present\u00f3 un plan que busca ayudar a los m\u00e1s de 11.3 millones de mexicanos que viven en territorio norteamericano.\" \/>\n<meta property=\"og:url\" content=\"https:\/\/accesolatino.org\/en\/gobierno-de-ciudad-de-mexico-lanza-decalogo-para-apoyo-a-indocumentados-en-estados-unidos\/noticias\/\" \/>\n<meta property=\"og:site_name\" content=\"Acceso Latino\" \/>\n<meta property=\"article:publisher\" content=\"https:\/\/www.facebook.com\/AccesoLatinoOrg\" \/>\n<meta property=\"article:published_time\" content=\"2019-03-04T17:00:46+00:00\" \/>\n<meta property=\"article:modified_time\" content=\"2025-10-27T16:12:12+00:00\" \/>\n<meta property=\"og:image\" content=\"https:\/\/accesolatino.org\/wp-content\/uploads\/2019\/04\/gobierno-de-ciudad-de-mexico-lanza-decalogo-para-apoyo-a-indocumentados-en-estados-unidos.jpg\" \/>\n\t<meta property=\"og:image:width\" content=\"600\" \/>\n\t<meta property=\"og:image:height\" content=\"338\" \/>\n\t<meta property=\"og:image:type\" content=\"image\/jpeg\" \/>\n<meta name=\"author\" content=\"Noticias\" \/>\n<meta name=\"twitter:card\" content=\"summary_large_image\" \/>\n<meta name=\"twitter:creator\" content=\"@FAccLatino\" \/>\n<meta name=\"twitter:site\" content=\"@FAccLatino\" \/>\n<meta name=\"twitter:label1\" content=\"Written by\" \/>\n\t<meta name=\"twitter:data1\" content=\"Noticias\" \/>\n\t<meta name=\"twitter:label2\" content=\"Est. reading time\" \/>\n\t<meta name=\"twitter:data2\" content=\"2 minutes\" \/>\n<script type=\"application\/ld+json\" class=\"yoast-schema-graph\">{\"@context\":\"https:\\\/\\\/schema.org\",\"@graph\":[{\"@type\":\"Article\",\"@id\":\"https:\\\/\\\/accesolatino.org\\\/gobierno-de-ciudad-de-mexico-lanza-decalogo-para-apoyo-a-indocumentados-en-estados-unidos\\\/noticias\\\/#article\",\"isPartOf\":{\"@id\":\"https:\\\/\\\/accesolatino.org\\\/gobierno-de-ciudad-de-mexico-lanza-decalogo-para-apoyo-a-indocumentados-en-estados-unidos\\\/noticias\\\/\"},\"author\":{\"name\":\"Noticias\",\"@id\":\"https:\\\/\\\/accesolatino.org\\\/#\\\/schema\\\/person\\\/57bc3bfd2c357610a5255490ca4cd305\"},\"headline\":\"Gobierno de Ciudad de M\u00e9xico lanza dec\u00e1logo para apoyo a indocumentados en Estados Unidos\",\"datePublished\":\"2019-03-04T17:00:46+00:00\",\"dateModified\":\"2025-10-27T16:12:12+00:00\",\"mainEntityOfPage\":{\"@id\":\"https:\\\/\\\/accesolatino.org\\\/gobierno-de-ciudad-de-mexico-lanza-decalogo-para-apoyo-a-indocumentados-en-estados-unidos\\\/noticias\\\/\"},\"wordCount\":289,\"commentCount\":0,\"publisher\":{\"@id\":\"https:\\\/\\\/accesolatino.org\\\/#organization\"},\"image\":{\"@id\":\"https:\\\/\\\/accesolatino.org\\\/gobierno-de-ciudad-de-mexico-lanza-decalogo-para-apoyo-a-indocumentados-en-estados-unidos\\\/noticias\\\/#primaryimage\"},\"thumbnailUrl\":\"https:\\\/\\\/accesolatino.org\\\/wp-content\\\/uploads\\\/2019\\\/04\\\/gobierno-de-ciudad-de-mexico-lanza-decalogo-para-apoyo-a-indocumentados-en-estados-unidos.jpg\",\"articleSection\":[\"Noticias\",\"Temas de inter\u00e9s\"],\"inLanguage\":\"en-US\",\"potentialAction\":[{\"@type\":\"CommentAction\",\"name\":\"Comment\",\"target\":[\"https:\\\/\\\/accesolatino.org\\\/gobierno-de-ciudad-de-mexico-lanza-decalogo-para-apoyo-a-indocumentados-en-estados-unidos\\\/noticias\\\/#respond\"]}]},{\"@type\":\"WebPage\",\"@id\":\"https:\\\/\\\/accesolatino.org\\\/gobierno-de-ciudad-de-mexico-lanza-decalogo-para-apoyo-a-indocumentados-en-estados-unidos\\\/noticias\\\/\",\"url\":\"https:\\\/\\\/accesolatino.org\\\/gobierno-de-ciudad-de-mexico-lanza-decalogo-para-apoyo-a-indocumentados-en-estados-unidos\\\/noticias\\\/\",\"name\":\"Gobierno de Ciudad de M\u00e9xico lanza dec\u00e1logo para apoyo a indocumentados en Estados Unidos\",\"isPartOf\":{\"@id\":\"https:\\\/\\\/accesolatino.org\\\/#website\"},\"primaryImageOfPage\":{\"@id\":\"https:\\\/\\\/accesolatino.org\\\/gobierno-de-ciudad-de-mexico-lanza-decalogo-para-apoyo-a-indocumentados-en-estados-unidos\\\/noticias\\\/#primaryimage\"},\"image\":{\"@id\":\"https:\\\/\\\/accesolatino.org\\\/gobierno-de-ciudad-de-mexico-lanza-decalogo-para-apoyo-a-indocumentados-en-estados-unidos\\\/noticias\\\/#primaryimage\"},\"thumbnailUrl\":\"https:\\\/\\\/accesolatino.org\\\/wp-content\\\/uploads\\\/2019\\\/04\\\/gobierno-de-ciudad-de-mexico-lanza-decalogo-para-apoyo-a-indocumentados-en-estados-unidos.jpg\",\"datePublished\":\"2019-03-04T17:00:46+00:00\",\"dateModified\":\"2025-10-27T16:12:12+00:00\",\"description\":\"El canciller Marcelo Ebrard present\u00f3 un plan que busca ayudar a los m\u00e1s de 11.3 millones de mexicanos que viven en territorio norteamericano.\",\"breadcrumb\":{\"@id\":\"https:\\\/\\\/accesolatino.org\\\/gobierno-de-ciudad-de-mexico-lanza-decalogo-para-apoyo-a-indocumentados-en-estados-unidos\\\/noticias\\\/#breadcrumb\"},\"inLanguage\":\"en-US\",\"potentialAction\":[{\"@type\":\"ReadAction\",\"target\":[\"https:\\\/\\\/accesolatino.org\\\/gobierno-de-ciudad-de-mexico-lanza-decalogo-para-apoyo-a-indocumentados-en-estados-unidos\\\/noticias\\\/\"]}]},{\"@type\":\"ImageObject\",\"inLanguage\":\"en-US\",\"@id\":\"https:\\\/\\\/accesolatino.org\\\/gobierno-de-ciudad-de-mexico-lanza-decalogo-para-apoyo-a-indocumentados-en-estados-unidos\\\/noticias\\\/#primaryimage\",\"url\":\"https:\\\/\\\/accesolatino.org\\\/wp-content\\\/uploads\\\/2019\\\/04\\\/gobierno-de-ciudad-de-mexico-lanza-decalogo-para-apoyo-a-indocumentados-en-estados-unidos.jpg\",\"contentUrl\":\"https:\\\/\\\/accesolatino.org\\\/wp-content\\\/uploads\\\/2019\\\/04\\\/gobierno-de-ciudad-de-mexico-lanza-decalogo-para-apoyo-a-indocumentados-en-estados-unidos.jpg\",\"width\":600,\"height\":338,\"caption\":\"gobierno-de-ciudad-de-mexico-lanza-decalogo-para-apoyo-a-indocumentados-en-estados-unidos\"},{\"@type\":\"BreadcrumbList\",\"@id\":\"https:\\\/\\\/accesolatino.org\\\/gobierno-de-ciudad-de-mexico-lanza-decalogo-para-apoyo-a-indocumentados-en-estados-unidos\\\/noticias\\\/#breadcrumb\",\"itemListElement\":[{\"@type\":\"ListItem\",\"position\":1,\"name\":\"Portada\",\"item\":\"https:\\\/\\\/accesolatino.org\\\/\"},{\"@type\":\"ListItem\",\"position\":2,\"name\":\"Noticias\",\"item\":\"https:\\\/\\\/accesolatino.org\\\/category\\\/noticias\\\/\"},{\"@type\":\"ListItem\",\"position\":3,\"name\":\"Gobierno de Ciudad de M\u00e9xico lanza dec\u00e1logo para apoyo a indocumentados en Estados Unidos\"}]},{\"@type\":\"WebSite\",\"@id\":\"https:\\\/\\\/accesolatino.org\\\/#website\",\"url\":\"https:\\\/\\\/accesolatino.org\\\/\",\"name\":\"Acceso Latino | Fundaci\u00f3n Carlos Slim\",\"description\":\"Fundaci\u00f3n Carlos Slim\",\"publisher\":{\"@id\":\"https:\\\/\\\/accesolatino.org\\\/#organization\"},\"potentialAction\":[{\"@type\":\"SearchAction\",\"target\":{\"@type\":\"EntryPoint\",\"urlTemplate\":\"https:\\\/\\\/accesolatino.org\\\/?s={search_term_string}\"},\"query-input\":{\"@type\":\"PropertyValueSpecification\",\"valueRequired\":true,\"valueName\":\"search_term_string\"}}],\"inLanguage\":\"en-US\"},{\"@type\":\"Organization\",\"@id\":\"https:\\\/\\\/accesolatino.org\\\/#organization\",\"name\":\"Acceso Latino | Fundaci\u00f3n Carlos Slim\",\"url\":\"https:\\\/\\\/accesolatino.org\\\/\",\"logo\":{\"@type\":\"ImageObject\",\"inLanguage\":\"en-US\",\"@id\":\"https:\\\/\\\/accesolatino.org\\\/#\\\/schema\\\/logo\\\/image\\\/\",\"url\":\"https:\\\/\\\/accesolatino.org\\\/wp-content\\\/uploads\\\/2021\\\/02\\\/logo-footer-acceso-latino.png\",\"contentUrl\":\"https:\\\/\\\/accesolatino.org\\\/wp-content\\\/uploads\\\/2021\\\/02\\\/logo-footer-acceso-latino.png\",\"width\":240,\"height\":40,\"caption\":\"Acceso Latino | Fundaci\u00f3n Carlos Slim\"},\"image\":{\"@id\":\"https:\\\/\\\/accesolatino.org\\\/#\\\/schema\\\/logo\\\/image\\\/\"},\"sameAs\":[\"https:\\\/\\\/www.facebook.com\\\/AccesoLatinoOrg\",\"https:\\\/\\\/x.com\\\/FAccLatino\"]},{\"@type\":\"Person\",\"@id\":\"https:\\\/\\\/accesolatino.org\\\/#\\\/schema\\\/person\\\/57bc3bfd2c357610a5255490ca4cd305\",\"name\":\"Noticias\"}]}<\/script>\n<!-- \/ Yoast SEO plugin. -->","yoast_head_json":{"title":"Gobierno de Ciudad de M\u00e9xico lanza dec\u00e1logo para apoyo a indocumentados en Estados Unidos","description":"El canciller Marcelo Ebrard present\u00f3 un plan que busca ayudar a los m\u00e1s de 11.3 millones de mexicanos que viven en territorio norteamericano.","robots":{"index":"index","follow":"follow","max-snippet":"max-snippet:-1","max-image-preview":"max-image-preview:large","max-video-preview":"max-video-preview:-1"},"canonical":"https:\/\/accesolatino.org\/en\/gobierno-de-ciudad-de-mexico-lanza-decalogo-para-apoyo-a-indocumentados-en-estados-unidos\/noticias\/","og_locale":"en_US","og_type":"article","og_title":"Gobierno de Ciudad de M\u00e9xico lanza dec\u00e1logo para apoyo a indocumentados en Estados Unidos","og_description":"El canciller Marcelo Ebrard present\u00f3 un plan que busca ayudar a los m\u00e1s de 11.3 millones de mexicanos que viven en territorio norteamericano.","og_url":"https:\/\/accesolatino.org\/en\/gobierno-de-ciudad-de-mexico-lanza-decalogo-para-apoyo-a-indocumentados-en-estados-unidos\/noticias\/","og_site_name":"Acceso Latino","article_publisher":"https:\/\/www.facebook.com\/AccesoLatinoOrg","article_published_time":"2019-03-04T17:00:46+00:00","article_modified_time":"2025-10-27T16:12:12+00:00","og_image":[{"width":600,"height":338,"url":"https:\/\/accesolatino.org\/wp-content\/uploads\/2019\/04\/gobierno-de-ciudad-de-mexico-lanza-decalogo-para-apoyo-a-indocumentados-en-estados-unidos.jpg","type":"image\/jpeg"}],"author":"Noticias","twitter_card":"summary_large_image","twitter_creator":"@FAccLatino","twitter_site":"@FAccLatino","twitter_misc":{"Written by":"Noticias","Est. reading time":"2 minutes"},"schema":{"@context":"https:\/\/schema.org","@graph":[{"@type":"Article","@id":"https:\/\/accesolatino.org\/gobierno-de-ciudad-de-mexico-lanza-decalogo-para-apoyo-a-indocumentados-en-estados-unidos\/noticias\/#article","isPartOf":{"@id":"https:\/\/accesolatino.org\/gobierno-de-ciudad-de-mexico-lanza-decalogo-para-apoyo-a-indocumentados-en-estados-unidos\/noticias\/"},"author":{"name":"Noticias","@id":"https:\/\/accesolatino.org\/#\/schema\/person\/57bc3bfd2c357610a5255490ca4cd305"},"headline":"Gobierno de Ciudad de M\u00e9xico lanza dec\u00e1logo para apoyo a indocumentados en Estados Unidos","datePublished":"2019-03-04T17:00:46+00:00","dateModified":"2025-10-27T16:12:12+00:00","mainEntityOfPage":{"@id":"https:\/\/accesolatino.org\/gobierno-de-ciudad-de-mexico-lanza-decalogo-para-apoyo-a-indocumentados-en-estados-unidos\/noticias\/"},"wordCount":289,"commentCount":0,"publisher":{"@id":"https:\/\/accesolatino.org\/#organization"},"image":{"@id":"https:\/\/accesolatino.org\/gobierno-de-ciudad-de-mexico-lanza-decalogo-para-apoyo-a-indocumentados-en-estados-unidos\/noticias\/#primaryimage"},"thumbnailUrl":"https:\/\/accesolatino.org\/wp-content\/uploads\/2019\/04\/gobierno-de-ciudad-de-mexico-lanza-decalogo-para-apoyo-a-indocumentados-en-estados-unidos.jpg","articleSection":["Noticias","Temas de inter\u00e9s"],"inLanguage":"en-US","potentialAction":[{"@type":"CommentAction","name":"Comment","target":["https:\/\/accesolatino.org\/gobierno-de-ciudad-de-mexico-lanza-decalogo-para-apoyo-a-indocumentados-en-estados-unidos\/noticias\/#respond"]}]},{"@type":"WebPage","@id":"https:\/\/accesolatino.org\/gobierno-de-ciudad-de-mexico-lanza-decalogo-para-apoyo-a-indocumentados-en-estados-unidos\/noticias\/","url":"https:\/\/accesolatino.org\/gobierno-de-ciudad-de-mexico-lanza-decalogo-para-apoyo-a-indocumentados-en-estados-unidos\/noticias\/","name":"Gobierno de Ciudad de M\u00e9xico lanza dec\u00e1logo para apoyo a indocumentados en Estados Unidos","isPartOf":{"@id":"https:\/\/accesolatino.org\/#website"},"primaryImageOfPage":{"@id":"https:\/\/accesolatino.org\/gobierno-de-ciudad-de-mexico-lanza-decalogo-para-apoyo-a-indocumentados-en-estados-unidos\/noticias\/#primaryimage"},"image":{"@id":"https:\/\/accesolatino.org\/gobierno-de-ciudad-de-mexico-lanza-decalogo-para-apoyo-a-indocumentados-en-estados-unidos\/noticias\/#primaryimage"},"thumbnailUrl":"https:\/\/accesolatino.org\/wp-content\/uploads\/2019\/04\/gobierno-de-ciudad-de-mexico-lanza-decalogo-para-apoyo-a-indocumentados-en-estados-unidos.jpg","datePublished":"2019-03-04T17:00:46+00:00","dateModified":"2025-10-27T16:12:12+00:00","description":"El canciller Marcelo Ebrard present\u00f3 un plan que busca ayudar a los m\u00e1s de 11.3 millones de mexicanos que viven en territorio norteamericano.","breadcrumb":{"@id":"https:\/\/accesolatino.org\/gobierno-de-ciudad-de-mexico-lanza-decalogo-para-apoyo-a-indocumentados-en-estados-unidos\/noticias\/#breadcrumb"},"inLanguage":"en-US","potentialAction":[{"@type":"ReadAction","target":["https:\/\/accesolatino.org\/gobierno-de-ciudad-de-mexico-lanza-decalogo-para-apoyo-a-indocumentados-en-estados-unidos\/noticias\/"]}]},{"@type":"ImageObject","inLanguage":"en-US","@id":"https:\/\/accesolatino.org\/gobierno-de-ciudad-de-mexico-lanza-decalogo-para-apoyo-a-indocumentados-en-estados-unidos\/noticias\/#primaryimage","url":"https:\/\/accesolatino.org\/wp-content\/uploads\/2019\/04\/gobierno-de-ciudad-de-mexico-lanza-decalogo-para-apoyo-a-indocumentados-en-estados-unidos.jpg","contentUrl":"https:\/\/accesolatino.org\/wp-content\/uploads\/2019\/04\/gobierno-de-ciudad-de-mexico-lanza-decalogo-para-apoyo-a-indocumentados-en-estados-unidos.jpg","width":600,"height":338,"caption":"gobierno-de-ciudad-de-mexico-lanza-decalogo-para-apoyo-a-indocumentados-en-estados-unidos"},{"@type":"BreadcrumbList","@id":"https:\/\/accesolatino.org\/gobierno-de-ciudad-de-mexico-lanza-decalogo-para-apoyo-a-indocumentados-en-estados-unidos\/noticias\/#breadcrumb","itemListElement":[{"@type":"ListItem","position":1,"name":"Portada","item":"https:\/\/accesolatino.org\/"},{"@type":"ListItem","position":2,"name":"Noticias","item":"https:\/\/accesolatino.org\/category\/noticias\/"},{"@type":"ListItem","position":3,"name":"Gobierno de Ciudad de M\u00e9xico lanza dec\u00e1logo para apoyo a indocumentados en Estados Unidos"}]},{"@type":"WebSite","@id":"https:\/\/accesolatino.org\/#website","url":"https:\/\/accesolatino.org\/","name":"Acceso Latino | Fundaci\u00f3n Carlos Slim","description":"Fundaci\u00f3n Carlos Slim","publisher":{"@id":"https:\/\/accesolatino.org\/#organization"},"potentialAction":[{"@type":"SearchAction","target":{"@type":"EntryPoint","urlTemplate":"https:\/\/accesolatino.org\/?s={search_term_string}"},"query-input":{"@type":"PropertyValueSpecification","valueRequired":true,"valueName":"search_term_string"}}],"inLanguage":"en-US"},{"@type":"Organization","@id":"https:\/\/accesolatino.org\/#organization","name":"Acceso Latino | Fundaci\u00f3n Carlos Slim","url":"https:\/\/accesolatino.org\/","logo":{"@type":"ImageObject","inLanguage":"en-US","@id":"https:\/\/accesolatino.org\/#\/schema\/logo\/image\/","url":"https:\/\/accesolatino.org\/wp-content\/uploads\/2021\/02\/logo-footer-acceso-latino.png","contentUrl":"https:\/\/accesolatino.org\/wp-content\/uploads\/2021\/02\/logo-footer-acceso-latino.png","width":240,"height":40,"caption":"Acceso Latino | Fundaci\u00f3n Carlos Slim"},"image":{"@id":"https:\/\/accesolatino.org\/#\/schema\/logo\/image\/"},"sameAs":["https:\/\/www.facebook.com\/AccesoLatinoOrg","https:\/\/x.com\/FAccLatino"]},{"@type":"Person","@id":"https:\/\/accesolatino.org\/#\/schema\/person\/57bc3bfd2c357610a5255490ca4cd305","name":"News"}]}},"_links":{"self":[{"href":"https:\/\/accesolatino.org\/en\/wp-json\/wp\/v2\/posts\/16537","targetHints":{"allow":["GET"]}}],"collection":[{"href":"https:\/\/accesolatino.org\/en\/wp-json\/wp\/v2\/posts"}],"about":[{"href":"https:\/\/accesolatino.org\/en\/wp-json\/wp\/v2\/types\/post"}],"author":[{"embeddable":true,"href":"https:\/\/accesolatino.org\/en\/wp-json\/wp\/v2\/users\/13"}],"replies":[{"embeddable":true,"href":"https:\/\/accesolatino.org\/en\/wp-json\/wp\/v2\/comments?post=16537"}],"version-history":[{"count":1,"href":"https:\/\/accesolatino.org\/en\/wp-json\/wp\/v2\/posts\/16537\/revisions"}],"predecessor-version":[{"id":66420,"href":"https:\/\/accesolatino.org\/en\/wp-json\/wp\/v2\/posts\/16537\/revisions\/66420"}],"wp:featuredmedia":[{"embeddable":true,"href":"https:\/\/accesolatino.org\/en\/wp-json\/wp\/v2\/media\/16538"}],"wp:attachment":[{"href":"https:\/\/accesolatino.org\/en\/wp-json\/wp\/v2\/media?parent=16537"}],"wp:term":[{"taxonomy":"category","embeddable":true,"href":"https:\/\/accesolatino.org\/en\/wp-json\/wp\/v2\/categories?post=16537"},{"taxonomy":"post_tag","embeddable":true,"href":"https:\/\/accesolatino.org\/en\/wp-json\/wp\/v2\/tags?post=16537"}],"curies":[{"name":"wp","href":"https:\/\/api.w.org\/{rel}","templated":true}]}}