{"id":16510,"date":"2019-03-05T11:00:40","date_gmt":"2019-03-05T17:00:40","guid":{"rendered":"https:\/\/accesolatino.org\/?p=16510"},"modified":"2025-10-27T10:11:50","modified_gmt":"2025-10-27T16:11:50","slug":"el-estado-de-colorado-amplia-plan-de-protecciones-para-menores-indocumentados","status":"publish","type":"post","link":"https:\/\/accesolatino.org\/en\/el-estado-de-colorado-amplia-plan-de-protecciones-para-menores-indocumentados\/noticias\/","title":{"rendered":"El estado de Colorado amplia plan de protecciones para menores indocumentados"},"content":{"rendered":"<div data-elementor-type=\"wp-post\" data-elementor-id=\"16510\" class=\"elementor elementor-16510\">\n\t\t\t\t\t\t<section class=\"elementor-section elementor-top-section elementor-element elementor-element-369f77a elementor-section-boxed elementor-section-height-default elementor-section-height-default wpr-particle-no wpr-jarallax-no wpr-parallax-no wpr-sticky-section-no wpr-equal-height-no\" data-id=\"369f77a\" data-element_type=\"section\" data-e-type=\"section\">\n\t\t\t\t\t\t<div class=\"elementor-container elementor-column-gap-default\">\n\t\t\t\t\t<div class=\"elementor-column elementor-col-100 elementor-top-column elementor-element elementor-element-8ef62e2\" data-id=\"8ef62e2\" data-element_type=\"column\" data-e-type=\"column\">\n\t\t\t<div class=\"elementor-widget-wrap elementor-element-populated\">\n\t\t\t\t\t\t<div class=\"elementor-element elementor-element-d9121ee elementor-widget elementor-widget-text-editor\" data-id=\"d9121ee\" data-element_type=\"widget\" data-e-type=\"widget\" data-widget_type=\"text-editor.default\">\n\t\t\t\t<div class=\"elementor-widget-container\">\n\t\t\t\t\t\t\t\t\t<p>Todos aquellos menores de 21 a\u00f1os indocumentados en el <strong>Estado de Colorado<\/strong>, y que desafortunadamente hayan sufrido alg\u00fan tipo de abuso, descuido o abandono, ahora tienen la oportunidad de ser considerados \u201c<strong>inmigrante juvenil especial\u201d,<\/strong> gracias a este plan, podr\u00e1n gozar de la protecci\u00f3n de estado y recibir ayuda federal.<\/p><p>The <strong>ley HB19-1042<\/strong>, ratificada por la <strong>legislatura de Colorado,<\/strong> amplia la jurisdicci\u00f3n de las cortes estatales y les permite \u201cotorgar responsabilidades parentales\u201d para los migrantes menores de edad que cumplan con ciertos requisitos como estar separado de los padres o ser soltero.<\/p><p>La ley determina que en cuanto los inmigrantes juveniles se encuentren al cuidado de las cortes de <strong>Colorado,<\/strong> iniciar\u00e1n un proceso en el que un juez a cargo del caso, les dar\u00e1 un guardi\u00e1n, platear\u00e1 la opci\u00f3n de la ayuda federal y ver\u00e1 la posibilidad de reunirlos con sus padres o, por el contrario si volverlos a reunir \u201cno es lo que lo conviene\u201d al menor de edad.<\/p><p>La corte puede decidir, de acuerdo a la ley, que el menor no regrese al lugar de residencia m\u00e1s reciente, incluso si es en el pa\u00eds donde viven sus padres. El proyecto fue impulsado por la representante estatal <strong>Serena Gonz\u00e1les-Guti\u00e9rrez<\/strong> y por la senadora <strong>Julie Gonz\u00e1les<\/strong>, ambas dem\u00f3cratas, y cuenta tambi\u00e9n con la firma de unos 30 congresistas y senadores.<\/p><p>La medida hab\u00eda sido propuesta por la<strong> Red de Abogados de Inmigraci\u00f3n de las Monta\u00f1as Rocosas<\/strong> (RMIAN, por sus siglas en ingl\u00e9s), la filial <strong>en Colorado de la Uni\u00f3n Americana de Libertades Civiles<\/strong> (ACLU) y el <strong>Centro de Leyes para Ni\u00f1os<\/strong> (CLC). Ashley Harrington, de RMIAN, recalc\u00f3 el impacto que la ley tendr\u00e1 en lo que concierne a la \u201cseguridad y estabilidad\u201d de los ni\u00f1os y j\u00f3venes inmigrantes en Colorado.<\/p><p>Esta propuesta da mucha luz a los menores de edad que se encuentran solos y sin ninguna gu\u00eda, el estado de <strong>Colorado<\/strong> es uno de los que m\u00e1s apoyo presenta para nuestros\u00a0 hermanos migrantes, si sabes de alg\u00fan caso, asiste a las oficinas cerca de tu localidad y cambia la vida de un menor de edad<\/p><p>No olvides entrar a <em>Facebook<\/em> y a <em>Twitter<\/em> para m\u00e1s informaci\u00f3n y a nuestra p\u00e1gina <strong>Acceso Latino <\/strong>tu sitio de ayuda e informaci\u00f3n.<\/p><p><em>Fuente: La\u00a0 Opini\u00f3n<\/em><\/p>\t\t\t\t\t\t\t\t<\/div>\n\t\t\t\t<\/div>\n\t\t\t\t\t<\/div>\n\t\t<\/div>\n\t\t\t\t\t<\/div>\n\t\t<\/section>\n\t\t\t\t<\/div>","protected":false},"excerpt":{"rendered":"<p>Todos aquellos menores de 21 a\u00f1os indocumentados en el Estado de Colorado, y que desafortunadamente hayan sufrido alg\u00fan tipo de abuso, descuido o abandono, ahora tienen la oportunidad de ser considerados \u201cinmigrante juvenil especial\u201d, gracias a este plan, podr\u00e1n gozar de la protecci\u00f3n de estado y recibir ayuda federal. La ley HB19-1042, ratificada por la legislatura de Colorado, amplia la jurisdicci\u00f3n de las cortes estatales y les permite \u201cotorgar responsabilidades parentales\u201d para los migrantes menores de edad que cumplan con ciertos requisitos como estar separado de los padres o ser soltero. La ley determina que en cuanto los inmigrantes juveniles se encuentren al cuidado de las cortes de Colorado, iniciar\u00e1n un proceso en el que un juez a cargo del caso, les dar\u00e1 un guardi\u00e1n, platear\u00e1 la opci\u00f3n de la ayuda federal y ver\u00e1 la posibilidad de reunirlos con sus padres o, por el contrario si volverlos a reunir \u201cno es lo que lo conviene\u201d al menor de edad. La corte puede decidir, de acuerdo a la ley, que el menor no regrese al lugar de residencia m\u00e1s reciente, incluso si es en el pa\u00eds donde viven sus padres. El proyecto fue impulsado por la representante estatal Serena Gonz\u00e1les-Guti\u00e9rrez y por la senadora Julie Gonz\u00e1les, ambas dem\u00f3cratas, y cuenta tambi\u00e9n con la firma de unos 30 congresistas y senadores. La medida hab\u00eda sido propuesta por la Red de Abogados de Inmigraci\u00f3n de las Monta\u00f1as Rocosas (RMIAN, por sus siglas en ingl\u00e9s), la filial en Colorado de la Uni\u00f3n Americana de Libertades Civiles (ACLU) y el Centro de Leyes para Ni\u00f1os (CLC). Ashley Harrington, de RMIAN, recalc\u00f3 el impacto que la ley tendr\u00e1 en lo que concierne a la \u201cseguridad y estabilidad\u201d de los ni\u00f1os y j\u00f3venes inmigrantes en Colorado. Esta propuesta da mucha luz a los menores de edad que se encuentran solos y sin ninguna gu\u00eda, el estado de Colorado es uno de los que m\u00e1s apoyo presenta para nuestros&nbsp; hermanos migrantes, si sabes de alg\u00fan caso, asiste a las oficinas cerca de tu localidad y cambia la vida de un menor de edad No olvides entrar a Facebook y a Twitter para m\u00e1s informaci\u00f3n y a nuestra p\u00e1gina Acceso Latino tu sitio de ayuda e informaci\u00f3n. Fuente: La&nbsp; Opini\u00f3n<\/p>","protected":false},"author":13,"featured_media":16511,"comment_status":"open","ping_status":"open","sticky":false,"template":"","format":"standard","meta":{"_uf_show_specific_survey":0,"_uf_disable_surveys":false,"footnotes":""},"categories":[10,1],"tags":[],"class_list":["post-16510","post","type-post","status-publish","format-standard","has-post-thumbnail","hentry","category-noticias","category-temas-de-interes"],"aioseo_notices":[],"yoast_head":"<!-- This site is optimized with the Yoast SEO plugin v27.5 - https:\/\/yoast.com\/product\/yoast-seo-wordpress\/ -->\n<title>El estado de Colorado amplia plan de protecciones para menores indocumentados<\/title>\n<meta name=\"description\" content=\"Todos aquellos menores de 21 a\u00f1os indocumentados en el Estado de Colorado, y que desafortunadamente hayan sufrido alg\u00fan tipo de abuso,\" \/>\n<meta name=\"robots\" content=\"index, follow, max-snippet:-1, max-image-preview:large, max-video-preview:-1\" \/>\n<link rel=\"canonical\" href=\"https:\/\/accesolatino.org\/en\/el-estado-de-colorado-amplia-plan-de-protecciones-para-menores-indocumentados\/noticias\/\" \/>\n<meta property=\"og:locale\" content=\"en_US\" \/>\n<meta property=\"og:type\" content=\"article\" \/>\n<meta property=\"og:title\" content=\"El estado de Colorado amplia plan de protecciones para menores indocumentados\" \/>\n<meta property=\"og:description\" content=\"Todos aquellos menores de 21 a\u00f1os indocumentados en el Estado de Colorado, y que desafortunadamente hayan sufrido alg\u00fan tipo de abuso,\" \/>\n<meta property=\"og:url\" content=\"https:\/\/accesolatino.org\/en\/el-estado-de-colorado-amplia-plan-de-protecciones-para-menores-indocumentados\/noticias\/\" \/>\n<meta property=\"og:site_name\" content=\"Acceso Latino\" \/>\n<meta property=\"article:publisher\" content=\"https:\/\/www.facebook.com\/AccesoLatinoOrg\" \/>\n<meta property=\"article:published_time\" content=\"2019-03-05T17:00:40+00:00\" \/>\n<meta property=\"article:modified_time\" content=\"2025-10-27T16:11:50+00:00\" \/>\n<meta property=\"og:image\" content=\"https:\/\/accesolatino.org\/wp-content\/uploads\/2019\/04\/el-estado-de-colorado-amplia-plan-de-protecciones-para-menores-indocumentados.jpg\" \/>\n\t<meta property=\"og:image:width\" content=\"600\" \/>\n\t<meta property=\"og:image:height\" content=\"338\" \/>\n\t<meta property=\"og:image:type\" content=\"image\/jpeg\" \/>\n<meta name=\"author\" content=\"Noticias\" \/>\n<meta name=\"twitter:card\" content=\"summary_large_image\" \/>\n<meta name=\"twitter:creator\" content=\"@FAccLatino\" \/>\n<meta name=\"twitter:site\" content=\"@FAccLatino\" \/>\n<meta name=\"twitter:label1\" content=\"Written by\" \/>\n\t<meta name=\"twitter:data1\" content=\"Noticias\" \/>\n\t<meta name=\"twitter:label2\" content=\"Est. reading time\" \/>\n\t<meta name=\"twitter:data2\" content=\"2 minutes\" \/>\n<script type=\"application\/ld+json\" class=\"yoast-schema-graph\">{\"@context\":\"https:\\\/\\\/schema.org\",\"@graph\":[{\"@type\":\"Article\",\"@id\":\"https:\\\/\\\/accesolatino.org\\\/el-estado-de-colorado-amplia-plan-de-protecciones-para-menores-indocumentados\\\/noticias\\\/#article\",\"isPartOf\":{\"@id\":\"https:\\\/\\\/accesolatino.org\\\/el-estado-de-colorado-amplia-plan-de-protecciones-para-menores-indocumentados\\\/noticias\\\/\"},\"author\":{\"name\":\"Noticias\",\"@id\":\"https:\\\/\\\/accesolatino.org\\\/#\\\/schema\\\/person\\\/57bc3bfd2c357610a5255490ca4cd305\"},\"headline\":\"El estado de Colorado amplia plan de protecciones para menores indocumentados\",\"datePublished\":\"2019-03-05T17:00:40+00:00\",\"dateModified\":\"2025-10-27T16:11:50+00:00\",\"mainEntityOfPage\":{\"@id\":\"https:\\\/\\\/accesolatino.org\\\/el-estado-de-colorado-amplia-plan-de-protecciones-para-menores-indocumentados\\\/noticias\\\/\"},\"wordCount\":414,\"commentCount\":0,\"publisher\":{\"@id\":\"https:\\\/\\\/accesolatino.org\\\/#organization\"},\"image\":{\"@id\":\"https:\\\/\\\/accesolatino.org\\\/el-estado-de-colorado-amplia-plan-de-protecciones-para-menores-indocumentados\\\/noticias\\\/#primaryimage\"},\"thumbnailUrl\":\"https:\\\/\\\/accesolatino.org\\\/wp-content\\\/uploads\\\/2019\\\/04\\\/el-estado-de-colorado-amplia-plan-de-protecciones-para-menores-indocumentados.jpg\",\"articleSection\":[\"Noticias\",\"Temas de inter\u00e9s\"],\"inLanguage\":\"en-US\",\"potentialAction\":[{\"@type\":\"CommentAction\",\"name\":\"Comment\",\"target\":[\"https:\\\/\\\/accesolatino.org\\\/el-estado-de-colorado-amplia-plan-de-protecciones-para-menores-indocumentados\\\/noticias\\\/#respond\"]}]},{\"@type\":\"WebPage\",\"@id\":\"https:\\\/\\\/accesolatino.org\\\/el-estado-de-colorado-amplia-plan-de-protecciones-para-menores-indocumentados\\\/noticias\\\/\",\"url\":\"https:\\\/\\\/accesolatino.org\\\/el-estado-de-colorado-amplia-plan-de-protecciones-para-menores-indocumentados\\\/noticias\\\/\",\"name\":\"El estado de Colorado amplia plan de protecciones para menores indocumentados\",\"isPartOf\":{\"@id\":\"https:\\\/\\\/accesolatino.org\\\/#website\"},\"primaryImageOfPage\":{\"@id\":\"https:\\\/\\\/accesolatino.org\\\/el-estado-de-colorado-amplia-plan-de-protecciones-para-menores-indocumentados\\\/noticias\\\/#primaryimage\"},\"image\":{\"@id\":\"https:\\\/\\\/accesolatino.org\\\/el-estado-de-colorado-amplia-plan-de-protecciones-para-menores-indocumentados\\\/noticias\\\/#primaryimage\"},\"thumbnailUrl\":\"https:\\\/\\\/accesolatino.org\\\/wp-content\\\/uploads\\\/2019\\\/04\\\/el-estado-de-colorado-amplia-plan-de-protecciones-para-menores-indocumentados.jpg\",\"datePublished\":\"2019-03-05T17:00:40+00:00\",\"dateModified\":\"2025-10-27T16:11:50+00:00\",\"description\":\"Todos aquellos menores de 21 a\u00f1os indocumentados en el Estado de Colorado, y que desafortunadamente hayan sufrido alg\u00fan tipo de abuso,\",\"breadcrumb\":{\"@id\":\"https:\\\/\\\/accesolatino.org\\\/el-estado-de-colorado-amplia-plan-de-protecciones-para-menores-indocumentados\\\/noticias\\\/#breadcrumb\"},\"inLanguage\":\"en-US\",\"potentialAction\":[{\"@type\":\"ReadAction\",\"target\":[\"https:\\\/\\\/accesolatino.org\\\/el-estado-de-colorado-amplia-plan-de-protecciones-para-menores-indocumentados\\\/noticias\\\/\"]}]},{\"@type\":\"ImageObject\",\"inLanguage\":\"en-US\",\"@id\":\"https:\\\/\\\/accesolatino.org\\\/el-estado-de-colorado-amplia-plan-de-protecciones-para-menores-indocumentados\\\/noticias\\\/#primaryimage\",\"url\":\"https:\\\/\\\/accesolatino.org\\\/wp-content\\\/uploads\\\/2019\\\/04\\\/el-estado-de-colorado-amplia-plan-de-protecciones-para-menores-indocumentados.jpg\",\"contentUrl\":\"https:\\\/\\\/accesolatino.org\\\/wp-content\\\/uploads\\\/2019\\\/04\\\/el-estado-de-colorado-amplia-plan-de-protecciones-para-menores-indocumentados.jpg\",\"width\":600,\"height\":338,\"caption\":\"el-estado-de-colorado-amplia-plan-de-protecciones-para-menores-indocumentados\"},{\"@type\":\"BreadcrumbList\",\"@id\":\"https:\\\/\\\/accesolatino.org\\\/el-estado-de-colorado-amplia-plan-de-protecciones-para-menores-indocumentados\\\/noticias\\\/#breadcrumb\",\"itemListElement\":[{\"@type\":\"ListItem\",\"position\":1,\"name\":\"Portada\",\"item\":\"https:\\\/\\\/accesolatino.org\\\/\"},{\"@type\":\"ListItem\",\"position\":2,\"name\":\"Noticias\",\"item\":\"https:\\\/\\\/accesolatino.org\\\/category\\\/noticias\\\/\"},{\"@type\":\"ListItem\",\"position\":3,\"name\":\"El estado de Colorado amplia plan de protecciones para menores indocumentados\"}]},{\"@type\":\"WebSite\",\"@id\":\"https:\\\/\\\/accesolatino.org\\\/#website\",\"url\":\"https:\\\/\\\/accesolatino.org\\\/\",\"name\":\"Acceso Latino | Fundaci\u00f3n Carlos Slim\",\"description\":\"Fundaci\u00f3n Carlos Slim\",\"publisher\":{\"@id\":\"https:\\\/\\\/accesolatino.org\\\/#organization\"},\"potentialAction\":[{\"@type\":\"SearchAction\",\"target\":{\"@type\":\"EntryPoint\",\"urlTemplate\":\"https:\\\/\\\/accesolatino.org\\\/?s={search_term_string}\"},\"query-input\":{\"@type\":\"PropertyValueSpecification\",\"valueRequired\":true,\"valueName\":\"search_term_string\"}}],\"inLanguage\":\"en-US\"},{\"@type\":\"Organization\",\"@id\":\"https:\\\/\\\/accesolatino.org\\\/#organization\",\"name\":\"Acceso Latino | Fundaci\u00f3n Carlos Slim\",\"url\":\"https:\\\/\\\/accesolatino.org\\\/\",\"logo\":{\"@type\":\"ImageObject\",\"inLanguage\":\"en-US\",\"@id\":\"https:\\\/\\\/accesolatino.org\\\/#\\\/schema\\\/logo\\\/image\\\/\",\"url\":\"https:\\\/\\\/accesolatino.org\\\/wp-content\\\/uploads\\\/2021\\\/02\\\/logo-footer-acceso-latino.png\",\"contentUrl\":\"https:\\\/\\\/accesolatino.org\\\/wp-content\\\/uploads\\\/2021\\\/02\\\/logo-footer-acceso-latino.png\",\"width\":240,\"height\":40,\"caption\":\"Acceso Latino | Fundaci\u00f3n Carlos Slim\"},\"image\":{\"@id\":\"https:\\\/\\\/accesolatino.org\\\/#\\\/schema\\\/logo\\\/image\\\/\"},\"sameAs\":[\"https:\\\/\\\/www.facebook.com\\\/AccesoLatinoOrg\",\"https:\\\/\\\/x.com\\\/FAccLatino\"]},{\"@type\":\"Person\",\"@id\":\"https:\\\/\\\/accesolatino.org\\\/#\\\/schema\\\/person\\\/57bc3bfd2c357610a5255490ca4cd305\",\"name\":\"Noticias\"}]}<\/script>\n<!-- \/ Yoast SEO plugin. -->","yoast_head_json":{"title":"El estado de Colorado amplia plan de protecciones para menores indocumentados","description":"Todos aquellos menores de 21 a\u00f1os indocumentados en el Estado de Colorado, y que desafortunadamente hayan sufrido alg\u00fan tipo de abuso,","robots":{"index":"index","follow":"follow","max-snippet":"max-snippet:-1","max-image-preview":"max-image-preview:large","max-video-preview":"max-video-preview:-1"},"canonical":"https:\/\/accesolatino.org\/en\/el-estado-de-colorado-amplia-plan-de-protecciones-para-menores-indocumentados\/noticias\/","og_locale":"en_US","og_type":"article","og_title":"El estado de Colorado amplia plan de protecciones para menores indocumentados","og_description":"Todos aquellos menores de 21 a\u00f1os indocumentados en el Estado de Colorado, y que desafortunadamente hayan sufrido alg\u00fan tipo de abuso,","og_url":"https:\/\/accesolatino.org\/en\/el-estado-de-colorado-amplia-plan-de-protecciones-para-menores-indocumentados\/noticias\/","og_site_name":"Acceso Latino","article_publisher":"https:\/\/www.facebook.com\/AccesoLatinoOrg","article_published_time":"2019-03-05T17:00:40+00:00","article_modified_time":"2025-10-27T16:11:50+00:00","og_image":[{"width":600,"height":338,"url":"https:\/\/accesolatino.org\/wp-content\/uploads\/2019\/04\/el-estado-de-colorado-amplia-plan-de-protecciones-para-menores-indocumentados.jpg","type":"image\/jpeg"}],"author":"Noticias","twitter_card":"summary_large_image","twitter_creator":"@FAccLatino","twitter_site":"@FAccLatino","twitter_misc":{"Written by":"Noticias","Est. reading time":"2 minutes"},"schema":{"@context":"https:\/\/schema.org","@graph":[{"@type":"Article","@id":"https:\/\/accesolatino.org\/el-estado-de-colorado-amplia-plan-de-protecciones-para-menores-indocumentados\/noticias\/#article","isPartOf":{"@id":"https:\/\/accesolatino.org\/el-estado-de-colorado-amplia-plan-de-protecciones-para-menores-indocumentados\/noticias\/"},"author":{"name":"Noticias","@id":"https:\/\/accesolatino.org\/#\/schema\/person\/57bc3bfd2c357610a5255490ca4cd305"},"headline":"El estado de Colorado amplia plan de protecciones para menores indocumentados","datePublished":"2019-03-05T17:00:40+00:00","dateModified":"2025-10-27T16:11:50+00:00","mainEntityOfPage":{"@id":"https:\/\/accesolatino.org\/el-estado-de-colorado-amplia-plan-de-protecciones-para-menores-indocumentados\/noticias\/"},"wordCount":414,"commentCount":0,"publisher":{"@id":"https:\/\/accesolatino.org\/#organization"},"image":{"@id":"https:\/\/accesolatino.org\/el-estado-de-colorado-amplia-plan-de-protecciones-para-menores-indocumentados\/noticias\/#primaryimage"},"thumbnailUrl":"https:\/\/accesolatino.org\/wp-content\/uploads\/2019\/04\/el-estado-de-colorado-amplia-plan-de-protecciones-para-menores-indocumentados.jpg","articleSection":["Noticias","Temas de inter\u00e9s"],"inLanguage":"en-US","potentialAction":[{"@type":"CommentAction","name":"Comment","target":["https:\/\/accesolatino.org\/el-estado-de-colorado-amplia-plan-de-protecciones-para-menores-indocumentados\/noticias\/#respond"]}]},{"@type":"WebPage","@id":"https:\/\/accesolatino.org\/el-estado-de-colorado-amplia-plan-de-protecciones-para-menores-indocumentados\/noticias\/","url":"https:\/\/accesolatino.org\/el-estado-de-colorado-amplia-plan-de-protecciones-para-menores-indocumentados\/noticias\/","name":"El estado de Colorado amplia plan de protecciones para menores indocumentados","isPartOf":{"@id":"https:\/\/accesolatino.org\/#website"},"primaryImageOfPage":{"@id":"https:\/\/accesolatino.org\/el-estado-de-colorado-amplia-plan-de-protecciones-para-menores-indocumentados\/noticias\/#primaryimage"},"image":{"@id":"https:\/\/accesolatino.org\/el-estado-de-colorado-amplia-plan-de-protecciones-para-menores-indocumentados\/noticias\/#primaryimage"},"thumbnailUrl":"https:\/\/accesolatino.org\/wp-content\/uploads\/2019\/04\/el-estado-de-colorado-amplia-plan-de-protecciones-para-menores-indocumentados.jpg","datePublished":"2019-03-05T17:00:40+00:00","dateModified":"2025-10-27T16:11:50+00:00","description":"Todos aquellos menores de 21 a\u00f1os indocumentados en el Estado de Colorado, y que desafortunadamente hayan sufrido alg\u00fan tipo de abuso,","breadcrumb":{"@id":"https:\/\/accesolatino.org\/el-estado-de-colorado-amplia-plan-de-protecciones-para-menores-indocumentados\/noticias\/#breadcrumb"},"inLanguage":"en-US","potentialAction":[{"@type":"ReadAction","target":["https:\/\/accesolatino.org\/el-estado-de-colorado-amplia-plan-de-protecciones-para-menores-indocumentados\/noticias\/"]}]},{"@type":"ImageObject","inLanguage":"en-US","@id":"https:\/\/accesolatino.org\/el-estado-de-colorado-amplia-plan-de-protecciones-para-menores-indocumentados\/noticias\/#primaryimage","url":"https:\/\/accesolatino.org\/wp-content\/uploads\/2019\/04\/el-estado-de-colorado-amplia-plan-de-protecciones-para-menores-indocumentados.jpg","contentUrl":"https:\/\/accesolatino.org\/wp-content\/uploads\/2019\/04\/el-estado-de-colorado-amplia-plan-de-protecciones-para-menores-indocumentados.jpg","width":600,"height":338,"caption":"el-estado-de-colorado-amplia-plan-de-protecciones-para-menores-indocumentados"},{"@type":"BreadcrumbList","@id":"https:\/\/accesolatino.org\/el-estado-de-colorado-amplia-plan-de-protecciones-para-menores-indocumentados\/noticias\/#breadcrumb","itemListElement":[{"@type":"ListItem","position":1,"name":"Portada","item":"https:\/\/accesolatino.org\/"},{"@type":"ListItem","position":2,"name":"Noticias","item":"https:\/\/accesolatino.org\/category\/noticias\/"},{"@type":"ListItem","position":3,"name":"El estado de Colorado amplia plan de protecciones para menores indocumentados"}]},{"@type":"WebSite","@id":"https:\/\/accesolatino.org\/#website","url":"https:\/\/accesolatino.org\/","name":"Acceso Latino | Fundaci\u00f3n Carlos Slim","description":"Fundaci\u00f3n Carlos Slim","publisher":{"@id":"https:\/\/accesolatino.org\/#organization"},"potentialAction":[{"@type":"SearchAction","target":{"@type":"EntryPoint","urlTemplate":"https:\/\/accesolatino.org\/?s={search_term_string}"},"query-input":{"@type":"PropertyValueSpecification","valueRequired":true,"valueName":"search_term_string"}}],"inLanguage":"en-US"},{"@type":"Organization","@id":"https:\/\/accesolatino.org\/#organization","name":"Acceso Latino | Fundaci\u00f3n Carlos Slim","url":"https:\/\/accesolatino.org\/","logo":{"@type":"ImageObject","inLanguage":"en-US","@id":"https:\/\/accesolatino.org\/#\/schema\/logo\/image\/","url":"https:\/\/accesolatino.org\/wp-content\/uploads\/2021\/02\/logo-footer-acceso-latino.png","contentUrl":"https:\/\/accesolatino.org\/wp-content\/uploads\/2021\/02\/logo-footer-acceso-latino.png","width":240,"height":40,"caption":"Acceso Latino | Fundaci\u00f3n Carlos Slim"},"image":{"@id":"https:\/\/accesolatino.org\/#\/schema\/logo\/image\/"},"sameAs":["https:\/\/www.facebook.com\/AccesoLatinoOrg","https:\/\/x.com\/FAccLatino"]},{"@type":"Person","@id":"https:\/\/accesolatino.org\/#\/schema\/person\/57bc3bfd2c357610a5255490ca4cd305","name":"News"}]}},"_links":{"self":[{"href":"https:\/\/accesolatino.org\/en\/wp-json\/wp\/v2\/posts\/16510","targetHints":{"allow":["GET"]}}],"collection":[{"href":"https:\/\/accesolatino.org\/en\/wp-json\/wp\/v2\/posts"}],"about":[{"href":"https:\/\/accesolatino.org\/en\/wp-json\/wp\/v2\/types\/post"}],"author":[{"embeddable":true,"href":"https:\/\/accesolatino.org\/en\/wp-json\/wp\/v2\/users\/13"}],"replies":[{"embeddable":true,"href":"https:\/\/accesolatino.org\/en\/wp-json\/wp\/v2\/comments?post=16510"}],"version-history":[{"count":1,"href":"https:\/\/accesolatino.org\/en\/wp-json\/wp\/v2\/posts\/16510\/revisions"}],"predecessor-version":[{"id":66418,"href":"https:\/\/accesolatino.org\/en\/wp-json\/wp\/v2\/posts\/16510\/revisions\/66418"}],"wp:featuredmedia":[{"embeddable":true,"href":"https:\/\/accesolatino.org\/en\/wp-json\/wp\/v2\/media\/16511"}],"wp:attachment":[{"href":"https:\/\/accesolatino.org\/en\/wp-json\/wp\/v2\/media?parent=16510"}],"wp:term":[{"taxonomy":"category","embeddable":true,"href":"https:\/\/accesolatino.org\/en\/wp-json\/wp\/v2\/categories?post=16510"},{"taxonomy":"post_tag","embeddable":true,"href":"https:\/\/accesolatino.org\/en\/wp-json\/wp\/v2\/tags?post=16510"}],"curies":[{"name":"wp","href":"https:\/\/api.w.org\/{rel}","templated":true}]}}