{"id":16498,"date":"2019-03-06T23:00:20","date_gmt":"2019-03-07T05:00:20","guid":{"rendered":"https:\/\/accesolatino.org\/?p=16498"},"modified":"2025-10-27T10:11:20","modified_gmt":"2025-10-27T16:11:20","slug":"congresista-abre-oficina-en-queens-para-defender-a-la-comunidad-latina","status":"publish","type":"post","link":"https:\/\/accesolatino.org\/en\/congresista-abre-oficina-en-queens-para-defender-a-la-comunidad-latina\/orgullo-latino\/","title":{"rendered":"Congresista abre oficina en Queens para defender a la comunidad latina"},"content":{"rendered":"<div data-elementor-type=\"wp-post\" data-elementor-id=\"16498\" class=\"elementor elementor-16498\">\n\t\t\t\t\t\t<section class=\"elementor-section elementor-top-section elementor-element elementor-element-369f77a elementor-section-boxed elementor-section-height-default elementor-section-height-default wpr-particle-no wpr-jarallax-no wpr-parallax-no wpr-sticky-section-no wpr-equal-height-no\" data-id=\"369f77a\" data-element_type=\"section\" data-e-type=\"section\">\n\t\t\t\t\t\t<div class=\"elementor-container elementor-column-gap-default\">\n\t\t\t\t\t<div class=\"elementor-column elementor-col-100 elementor-top-column elementor-element elementor-element-8ef62e2\" data-id=\"8ef62e2\" data-element_type=\"column\" data-e-type=\"column\">\n\t\t\t<div class=\"elementor-widget-wrap elementor-element-populated\">\n\t\t\t\t\t\t<div class=\"elementor-element elementor-element-d9121ee elementor-widget elementor-widget-text-editor\" data-id=\"d9121ee\" data-element_type=\"widget\" data-e-type=\"widget\" data-widget_type=\"text-editor.default\">\n\t\t\t\t<div class=\"elementor-widget-container\">\n\t\t\t\t\t\t\t\t\t<p><strong>Alexandria Ocasio-Cortez<\/strong> y un equipo de 9 personas ofrecer\u00e1n servicios de inmigraci\u00f3n, ayuda a inquilinos y asuntos de transporte, entre otras necesidades de sus integrantes.<\/p><p>La joven congresista seguir\u00e1 luchando por los derechos de los menos afortunados y migrantes en el <strong>Distrito 14 de Nueva York<\/strong>, y que desde su lugar en <strong>Washington <\/strong>pelear\u00e1 por mejores reformas pol\u00edticas y tambi\u00e9n escuchar las necesidades de la comunidad incluyendo a la latina.<\/p><p><em>\u201cEspero que todos los constituyentes en el distrito sientan la bienvenida de esta oficina porque nuestra misi\u00f3n y lo que queremos decir y hacer es trabajar por el pueblo, por todas las personas que sientan que tenemos un espacio seguro. Aqu\u00ed no miramos los ingresos, los estatus de inmigraci\u00f3n, solo queremos trabajar para que podamos establecer y crear soluciones para los problemas que las personas tengan\u201d,<\/em> dijo la congresista.<\/p><p><strong>Alexandria Ocasio-Cortez,<\/strong> quien reiter\u00f3 que desea seguir trabajando fuertemente a nivel federal para promover cambios significativos en los que \u201cla comunidad tenga una voz fuerte\u201d y pueda promover leyes a favor de los inmigrantes, las viviendas, el salario y la salud.<\/p><p>La nueva oficina de la congresista, est\u00e1 localizada en el 74-09, de la 37 avenida, <strong>Suite 305<\/strong>, en <strong><em>Jackson Heights, Queens<\/em>.<\/strong> La oficina atender\u00e1 a cualquier miembro de la comunidad entre las 9:00 a.m. y las 6:00 p.m., de lunes a viernes. La congresista abrir\u00e1 otra oficina en <strong>El Bronx.<\/strong><\/p><p><strong>Si vives en el Distrito 14 de la Gran Manzana,<\/strong> acude por informaci\u00f3n o si necesitas de asesor\u00eda sobre alg\u00fan tema.<\/p><p>Encuentra m\u00e1s informaci\u00f3n en nuestra p\u00e1gina <strong>Acceso Latino <\/strong>tu sitio de ayuda.<\/p><p><em>Fuente: La\u00a0 Opini\u00f3n<\/em><\/p>\t\t\t\t\t\t\t\t<\/div>\n\t\t\t\t<\/div>\n\t\t\t\t\t<\/div>\n\t\t<\/div>\n\t\t\t\t\t<\/div>\n\t\t<\/section>\n\t\t\t\t<\/div>","protected":false},"excerpt":{"rendered":"<p>Alexandria Ocasio-Cortez y un equipo de 9 personas ofrecer\u00e1n servicios de inmigraci\u00f3n, ayuda a inquilinos y asuntos de transporte, entre otras necesidades de sus integrantes. La joven congresista seguir\u00e1 luchando por los derechos de los menos afortunados y migrantes en el Distrito 14 de Nueva York, y que desde su lugar en Washington pelear\u00e1 por mejores reformas pol\u00edticas y tambi\u00e9n escuchar las necesidades de la comunidad incluyendo a la latina. \u201cEspero que todos los constituyentes en el distrito sientan la bienvenida de esta oficina porque nuestra misi\u00f3n y lo que queremos decir y hacer es trabajar por el pueblo, por todas las personas que sientan que tenemos un espacio seguro. Aqu\u00ed no miramos los ingresos, los estatus de inmigraci\u00f3n, solo queremos trabajar para que podamos establecer y crear soluciones para los problemas que las personas tengan\u201d, dijo la congresista. Alexandria Ocasio-Cortez, quien reiter\u00f3 que desea seguir trabajando fuertemente a nivel federal para promover cambios significativos en los que \u201cla comunidad tenga una voz fuerte\u201d y pueda promover leyes a favor de los inmigrantes, las viviendas, el salario y la salud. La nueva oficina de la congresista, est\u00e1 localizada en el 74-09, de la 37 avenida, Suite 305, en Jackson Heights, Queens. La oficina atender\u00e1 a cualquier miembro de la comunidad entre las 9:00 a.m. y las 6:00 p.m., de lunes a viernes. La congresista abrir\u00e1 otra oficina en El Bronx. Si vives en el Distrito 14 de la Gran Manzana, acude por informaci\u00f3n o si necesitas de asesor\u00eda sobre alg\u00fan tema. Encuentra m\u00e1s informaci\u00f3n en nuestra p\u00e1gina Acceso Latino tu sitio de ayuda. Fuente: La&nbsp; Opini\u00f3n<\/p>","protected":false},"author":13,"featured_media":16499,"comment_status":"open","ping_status":"open","sticky":false,"template":"","format":"standard","meta":{"_uf_show_specific_survey":0,"_uf_disable_surveys":false,"footnotes":""},"categories":[9],"tags":[],"class_list":["post-16498","post","type-post","status-publish","format-standard","has-post-thumbnail","hentry","category-orgullo-latino"],"aioseo_notices":[],"yoast_head":"<!-- This site is optimized with the Yoast SEO plugin v27.5 - https:\/\/yoast.com\/product\/yoast-seo-wordpress\/ -->\n<title>Congresista abre oficina en Queens para defender a la comunidad latina<\/title>\n<meta name=\"description\" content=\"Alexandria Ocasio-Cortez y un equipo de 9 personas ofrecer\u00e1n servicios de inmigraci\u00f3n, ayuda a inquilinos y asuntos de transporte, entre otras necesidades\" \/>\n<meta name=\"robots\" content=\"index, follow, max-snippet:-1, max-image-preview:large, max-video-preview:-1\" \/>\n<link rel=\"canonical\" href=\"https:\/\/accesolatino.org\/en\/congresista-abre-oficina-en-queens-para-defender-a-la-comunidad-latina\/orgullo-latino\/\" \/>\n<meta property=\"og:locale\" content=\"en_US\" \/>\n<meta property=\"og:type\" content=\"article\" \/>\n<meta property=\"og:title\" content=\"Congresista abre oficina en Queens para defender a la comunidad latina\" \/>\n<meta property=\"og:description\" content=\"Alexandria Ocasio-Cortez y un equipo de 9 personas ofrecer\u00e1n servicios de inmigraci\u00f3n, ayuda a inquilinos y asuntos de transporte, entre otras necesidades\" \/>\n<meta property=\"og:url\" content=\"https:\/\/accesolatino.org\/en\/congresista-abre-oficina-en-queens-para-defender-a-la-comunidad-latina\/orgullo-latino\/\" \/>\n<meta property=\"og:site_name\" content=\"Acceso Latino\" \/>\n<meta property=\"article:publisher\" content=\"https:\/\/www.facebook.com\/AccesoLatinoOrg\" \/>\n<meta property=\"article:published_time\" content=\"2019-03-07T05:00:20+00:00\" \/>\n<meta property=\"article:modified_time\" content=\"2025-10-27T16:11:20+00:00\" \/>\n<meta property=\"og:image\" content=\"https:\/\/accesolatino.org\/wp-content\/uploads\/2019\/04\/congresista-abre-oficina-en-queens-para-defender-a-la-comunidad-latina.jpg\" \/>\n\t<meta property=\"og:image:width\" content=\"600\" \/>\n\t<meta property=\"og:image:height\" content=\"338\" \/>\n\t<meta property=\"og:image:type\" content=\"image\/jpeg\" \/>\n<meta name=\"author\" content=\"Noticias\" \/>\n<meta name=\"twitter:card\" content=\"summary_large_image\" \/>\n<meta name=\"twitter:creator\" content=\"@FAccLatino\" \/>\n<meta name=\"twitter:site\" content=\"@FAccLatino\" \/>\n<meta name=\"twitter:label1\" content=\"Written by\" \/>\n\t<meta name=\"twitter:data1\" content=\"Noticias\" \/>\n\t<meta name=\"twitter:label2\" content=\"Est. reading time\" \/>\n\t<meta name=\"twitter:data2\" content=\"2 minutes\" \/>\n<script type=\"application\/ld+json\" class=\"yoast-schema-graph\">{\"@context\":\"https:\\\/\\\/schema.org\",\"@graph\":[{\"@type\":\"Article\",\"@id\":\"https:\\\/\\\/accesolatino.org\\\/congresista-abre-oficina-en-queens-para-defender-a-la-comunidad-latina\\\/orgullo-latino\\\/#article\",\"isPartOf\":{\"@id\":\"https:\\\/\\\/accesolatino.org\\\/congresista-abre-oficina-en-queens-para-defender-a-la-comunidad-latina\\\/orgullo-latino\\\/\"},\"author\":{\"name\":\"Noticias\",\"@id\":\"https:\\\/\\\/accesolatino.org\\\/#\\\/schema\\\/person\\\/57bc3bfd2c357610a5255490ca4cd305\"},\"headline\":\"Congresista abre oficina en Queens para defender a la comunidad latina\",\"datePublished\":\"2019-03-07T05:00:20+00:00\",\"dateModified\":\"2025-10-27T16:11:20+00:00\",\"mainEntityOfPage\":{\"@id\":\"https:\\\/\\\/accesolatino.org\\\/congresista-abre-oficina-en-queens-para-defender-a-la-comunidad-latina\\\/orgullo-latino\\\/\"},\"wordCount\":286,\"commentCount\":0,\"publisher\":{\"@id\":\"https:\\\/\\\/accesolatino.org\\\/#organization\"},\"image\":{\"@id\":\"https:\\\/\\\/accesolatino.org\\\/congresista-abre-oficina-en-queens-para-defender-a-la-comunidad-latina\\\/orgullo-latino\\\/#primaryimage\"},\"thumbnailUrl\":\"https:\\\/\\\/accesolatino.org\\\/wp-content\\\/uploads\\\/2019\\\/04\\\/congresista-abre-oficina-en-queens-para-defender-a-la-comunidad-latina.jpg\",\"articleSection\":[\"Orgullo Latino\"],\"inLanguage\":\"en-US\",\"potentialAction\":[{\"@type\":\"CommentAction\",\"name\":\"Comment\",\"target\":[\"https:\\\/\\\/accesolatino.org\\\/congresista-abre-oficina-en-queens-para-defender-a-la-comunidad-latina\\\/orgullo-latino\\\/#respond\"]}]},{\"@type\":\"WebPage\",\"@id\":\"https:\\\/\\\/accesolatino.org\\\/congresista-abre-oficina-en-queens-para-defender-a-la-comunidad-latina\\\/orgullo-latino\\\/\",\"url\":\"https:\\\/\\\/accesolatino.org\\\/congresista-abre-oficina-en-queens-para-defender-a-la-comunidad-latina\\\/orgullo-latino\\\/\",\"name\":\"Congresista abre oficina en Queens para defender a la comunidad latina\",\"isPartOf\":{\"@id\":\"https:\\\/\\\/accesolatino.org\\\/#website\"},\"primaryImageOfPage\":{\"@id\":\"https:\\\/\\\/accesolatino.org\\\/congresista-abre-oficina-en-queens-para-defender-a-la-comunidad-latina\\\/orgullo-latino\\\/#primaryimage\"},\"image\":{\"@id\":\"https:\\\/\\\/accesolatino.org\\\/congresista-abre-oficina-en-queens-para-defender-a-la-comunidad-latina\\\/orgullo-latino\\\/#primaryimage\"},\"thumbnailUrl\":\"https:\\\/\\\/accesolatino.org\\\/wp-content\\\/uploads\\\/2019\\\/04\\\/congresista-abre-oficina-en-queens-para-defender-a-la-comunidad-latina.jpg\",\"datePublished\":\"2019-03-07T05:00:20+00:00\",\"dateModified\":\"2025-10-27T16:11:20+00:00\",\"description\":\"Alexandria Ocasio-Cortez y un equipo de 9 personas ofrecer\u00e1n servicios de inmigraci\u00f3n, ayuda a inquilinos y asuntos de transporte, entre otras necesidades\",\"breadcrumb\":{\"@id\":\"https:\\\/\\\/accesolatino.org\\\/congresista-abre-oficina-en-queens-para-defender-a-la-comunidad-latina\\\/orgullo-latino\\\/#breadcrumb\"},\"inLanguage\":\"en-US\",\"potentialAction\":[{\"@type\":\"ReadAction\",\"target\":[\"https:\\\/\\\/accesolatino.org\\\/congresista-abre-oficina-en-queens-para-defender-a-la-comunidad-latina\\\/orgullo-latino\\\/\"]}]},{\"@type\":\"ImageObject\",\"inLanguage\":\"en-US\",\"@id\":\"https:\\\/\\\/accesolatino.org\\\/congresista-abre-oficina-en-queens-para-defender-a-la-comunidad-latina\\\/orgullo-latino\\\/#primaryimage\",\"url\":\"https:\\\/\\\/accesolatino.org\\\/wp-content\\\/uploads\\\/2019\\\/04\\\/congresista-abre-oficina-en-queens-para-defender-a-la-comunidad-latina.jpg\",\"contentUrl\":\"https:\\\/\\\/accesolatino.org\\\/wp-content\\\/uploads\\\/2019\\\/04\\\/congresista-abre-oficina-en-queens-para-defender-a-la-comunidad-latina.jpg\",\"width\":600,\"height\":338,\"caption\":\"congresista-abre-oficina-en-queens-para-defender-a-la-comunidad-latina\"},{\"@type\":\"BreadcrumbList\",\"@id\":\"https:\\\/\\\/accesolatino.org\\\/congresista-abre-oficina-en-queens-para-defender-a-la-comunidad-latina\\\/orgullo-latino\\\/#breadcrumb\",\"itemListElement\":[{\"@type\":\"ListItem\",\"position\":1,\"name\":\"Portada\",\"item\":\"https:\\\/\\\/accesolatino.org\\\/\"},{\"@type\":\"ListItem\",\"position\":2,\"name\":\"Orgullo Latino\",\"item\":\"https:\\\/\\\/accesolatino.org\\\/category\\\/orgullo-latino\\\/\"},{\"@type\":\"ListItem\",\"position\":3,\"name\":\"Congresista abre oficina en Queens para defender a la comunidad latina\"}]},{\"@type\":\"WebSite\",\"@id\":\"https:\\\/\\\/accesolatino.org\\\/#website\",\"url\":\"https:\\\/\\\/accesolatino.org\\\/\",\"name\":\"Acceso Latino | Fundaci\u00f3n Carlos Slim\",\"description\":\"Fundaci\u00f3n Carlos Slim\",\"publisher\":{\"@id\":\"https:\\\/\\\/accesolatino.org\\\/#organization\"},\"potentialAction\":[{\"@type\":\"SearchAction\",\"target\":{\"@type\":\"EntryPoint\",\"urlTemplate\":\"https:\\\/\\\/accesolatino.org\\\/?s={search_term_string}\"},\"query-input\":{\"@type\":\"PropertyValueSpecification\",\"valueRequired\":true,\"valueName\":\"search_term_string\"}}],\"inLanguage\":\"en-US\"},{\"@type\":\"Organization\",\"@id\":\"https:\\\/\\\/accesolatino.org\\\/#organization\",\"name\":\"Acceso Latino | Fundaci\u00f3n Carlos Slim\",\"url\":\"https:\\\/\\\/accesolatino.org\\\/\",\"logo\":{\"@type\":\"ImageObject\",\"inLanguage\":\"en-US\",\"@id\":\"https:\\\/\\\/accesolatino.org\\\/#\\\/schema\\\/logo\\\/image\\\/\",\"url\":\"https:\\\/\\\/accesolatino.org\\\/wp-content\\\/uploads\\\/2021\\\/02\\\/logo-footer-acceso-latino.png\",\"contentUrl\":\"https:\\\/\\\/accesolatino.org\\\/wp-content\\\/uploads\\\/2021\\\/02\\\/logo-footer-acceso-latino.png\",\"width\":240,\"height\":40,\"caption\":\"Acceso Latino | Fundaci\u00f3n Carlos Slim\"},\"image\":{\"@id\":\"https:\\\/\\\/accesolatino.org\\\/#\\\/schema\\\/logo\\\/image\\\/\"},\"sameAs\":[\"https:\\\/\\\/www.facebook.com\\\/AccesoLatinoOrg\",\"https:\\\/\\\/x.com\\\/FAccLatino\"]},{\"@type\":\"Person\",\"@id\":\"https:\\\/\\\/accesolatino.org\\\/#\\\/schema\\\/person\\\/57bc3bfd2c357610a5255490ca4cd305\",\"name\":\"Noticias\"}]}<\/script>\n<!-- \/ Yoast SEO plugin. -->","yoast_head_json":{"title":"Congresista abre oficina en Queens para defender a la comunidad latina","description":"Alexandria Ocasio-Cortez y un equipo de 9 personas ofrecer\u00e1n servicios de inmigraci\u00f3n, ayuda a inquilinos y asuntos de transporte, entre otras necesidades","robots":{"index":"index","follow":"follow","max-snippet":"max-snippet:-1","max-image-preview":"max-image-preview:large","max-video-preview":"max-video-preview:-1"},"canonical":"https:\/\/accesolatino.org\/en\/congresista-abre-oficina-en-queens-para-defender-a-la-comunidad-latina\/orgullo-latino\/","og_locale":"en_US","og_type":"article","og_title":"Congresista abre oficina en Queens para defender a la comunidad latina","og_description":"Alexandria Ocasio-Cortez y un equipo de 9 personas ofrecer\u00e1n servicios de inmigraci\u00f3n, ayuda a inquilinos y asuntos de transporte, entre otras necesidades","og_url":"https:\/\/accesolatino.org\/en\/congresista-abre-oficina-en-queens-para-defender-a-la-comunidad-latina\/orgullo-latino\/","og_site_name":"Acceso Latino","article_publisher":"https:\/\/www.facebook.com\/AccesoLatinoOrg","article_published_time":"2019-03-07T05:00:20+00:00","article_modified_time":"2025-10-27T16:11:20+00:00","og_image":[{"width":600,"height":338,"url":"https:\/\/accesolatino.org\/wp-content\/uploads\/2019\/04\/congresista-abre-oficina-en-queens-para-defender-a-la-comunidad-latina.jpg","type":"image\/jpeg"}],"author":"Noticias","twitter_card":"summary_large_image","twitter_creator":"@FAccLatino","twitter_site":"@FAccLatino","twitter_misc":{"Written by":"Noticias","Est. reading time":"2 minutes"},"schema":{"@context":"https:\/\/schema.org","@graph":[{"@type":"Article","@id":"https:\/\/accesolatino.org\/congresista-abre-oficina-en-queens-para-defender-a-la-comunidad-latina\/orgullo-latino\/#article","isPartOf":{"@id":"https:\/\/accesolatino.org\/congresista-abre-oficina-en-queens-para-defender-a-la-comunidad-latina\/orgullo-latino\/"},"author":{"name":"Noticias","@id":"https:\/\/accesolatino.org\/#\/schema\/person\/57bc3bfd2c357610a5255490ca4cd305"},"headline":"Congresista abre oficina en Queens para defender a la comunidad latina","datePublished":"2019-03-07T05:00:20+00:00","dateModified":"2025-10-27T16:11:20+00:00","mainEntityOfPage":{"@id":"https:\/\/accesolatino.org\/congresista-abre-oficina-en-queens-para-defender-a-la-comunidad-latina\/orgullo-latino\/"},"wordCount":286,"commentCount":0,"publisher":{"@id":"https:\/\/accesolatino.org\/#organization"},"image":{"@id":"https:\/\/accesolatino.org\/congresista-abre-oficina-en-queens-para-defender-a-la-comunidad-latina\/orgullo-latino\/#primaryimage"},"thumbnailUrl":"https:\/\/accesolatino.org\/wp-content\/uploads\/2019\/04\/congresista-abre-oficina-en-queens-para-defender-a-la-comunidad-latina.jpg","articleSection":["Orgullo Latino"],"inLanguage":"en-US","potentialAction":[{"@type":"CommentAction","name":"Comment","target":["https:\/\/accesolatino.org\/congresista-abre-oficina-en-queens-para-defender-a-la-comunidad-latina\/orgullo-latino\/#respond"]}]},{"@type":"WebPage","@id":"https:\/\/accesolatino.org\/congresista-abre-oficina-en-queens-para-defender-a-la-comunidad-latina\/orgullo-latino\/","url":"https:\/\/accesolatino.org\/congresista-abre-oficina-en-queens-para-defender-a-la-comunidad-latina\/orgullo-latino\/","name":"Congresista abre oficina en Queens para defender a la comunidad latina","isPartOf":{"@id":"https:\/\/accesolatino.org\/#website"},"primaryImageOfPage":{"@id":"https:\/\/accesolatino.org\/congresista-abre-oficina-en-queens-para-defender-a-la-comunidad-latina\/orgullo-latino\/#primaryimage"},"image":{"@id":"https:\/\/accesolatino.org\/congresista-abre-oficina-en-queens-para-defender-a-la-comunidad-latina\/orgullo-latino\/#primaryimage"},"thumbnailUrl":"https:\/\/accesolatino.org\/wp-content\/uploads\/2019\/04\/congresista-abre-oficina-en-queens-para-defender-a-la-comunidad-latina.jpg","datePublished":"2019-03-07T05:00:20+00:00","dateModified":"2025-10-27T16:11:20+00:00","description":"Alexandria Ocasio-Cortez y un equipo de 9 personas ofrecer\u00e1n servicios de inmigraci\u00f3n, ayuda a inquilinos y asuntos de transporte, entre otras necesidades","breadcrumb":{"@id":"https:\/\/accesolatino.org\/congresista-abre-oficina-en-queens-para-defender-a-la-comunidad-latina\/orgullo-latino\/#breadcrumb"},"inLanguage":"en-US","potentialAction":[{"@type":"ReadAction","target":["https:\/\/accesolatino.org\/congresista-abre-oficina-en-queens-para-defender-a-la-comunidad-latina\/orgullo-latino\/"]}]},{"@type":"ImageObject","inLanguage":"en-US","@id":"https:\/\/accesolatino.org\/congresista-abre-oficina-en-queens-para-defender-a-la-comunidad-latina\/orgullo-latino\/#primaryimage","url":"https:\/\/accesolatino.org\/wp-content\/uploads\/2019\/04\/congresista-abre-oficina-en-queens-para-defender-a-la-comunidad-latina.jpg","contentUrl":"https:\/\/accesolatino.org\/wp-content\/uploads\/2019\/04\/congresista-abre-oficina-en-queens-para-defender-a-la-comunidad-latina.jpg","width":600,"height":338,"caption":"congresista-abre-oficina-en-queens-para-defender-a-la-comunidad-latina"},{"@type":"BreadcrumbList","@id":"https:\/\/accesolatino.org\/congresista-abre-oficina-en-queens-para-defender-a-la-comunidad-latina\/orgullo-latino\/#breadcrumb","itemListElement":[{"@type":"ListItem","position":1,"name":"Portada","item":"https:\/\/accesolatino.org\/"},{"@type":"ListItem","position":2,"name":"Orgullo Latino","item":"https:\/\/accesolatino.org\/category\/orgullo-latino\/"},{"@type":"ListItem","position":3,"name":"Congresista abre oficina en Queens para defender a la comunidad latina"}]},{"@type":"WebSite","@id":"https:\/\/accesolatino.org\/#website","url":"https:\/\/accesolatino.org\/","name":"Acceso Latino | Fundaci\u00f3n Carlos Slim","description":"Fundaci\u00f3n Carlos Slim","publisher":{"@id":"https:\/\/accesolatino.org\/#organization"},"potentialAction":[{"@type":"SearchAction","target":{"@type":"EntryPoint","urlTemplate":"https:\/\/accesolatino.org\/?s={search_term_string}"},"query-input":{"@type":"PropertyValueSpecification","valueRequired":true,"valueName":"search_term_string"}}],"inLanguage":"en-US"},{"@type":"Organization","@id":"https:\/\/accesolatino.org\/#organization","name":"Acceso Latino | Fundaci\u00f3n Carlos Slim","url":"https:\/\/accesolatino.org\/","logo":{"@type":"ImageObject","inLanguage":"en-US","@id":"https:\/\/accesolatino.org\/#\/schema\/logo\/image\/","url":"https:\/\/accesolatino.org\/wp-content\/uploads\/2021\/02\/logo-footer-acceso-latino.png","contentUrl":"https:\/\/accesolatino.org\/wp-content\/uploads\/2021\/02\/logo-footer-acceso-latino.png","width":240,"height":40,"caption":"Acceso Latino | Fundaci\u00f3n Carlos Slim"},"image":{"@id":"https:\/\/accesolatino.org\/#\/schema\/logo\/image\/"},"sameAs":["https:\/\/www.facebook.com\/AccesoLatinoOrg","https:\/\/x.com\/FAccLatino"]},{"@type":"Person","@id":"https:\/\/accesolatino.org\/#\/schema\/person\/57bc3bfd2c357610a5255490ca4cd305","name":"News"}]}},"_links":{"self":[{"href":"https:\/\/accesolatino.org\/en\/wp-json\/wp\/v2\/posts\/16498","targetHints":{"allow":["GET"]}}],"collection":[{"href":"https:\/\/accesolatino.org\/en\/wp-json\/wp\/v2\/posts"}],"about":[{"href":"https:\/\/accesolatino.org\/en\/wp-json\/wp\/v2\/types\/post"}],"author":[{"embeddable":true,"href":"https:\/\/accesolatino.org\/en\/wp-json\/wp\/v2\/users\/13"}],"replies":[{"embeddable":true,"href":"https:\/\/accesolatino.org\/en\/wp-json\/wp\/v2\/comments?post=16498"}],"version-history":[{"count":1,"href":"https:\/\/accesolatino.org\/en\/wp-json\/wp\/v2\/posts\/16498\/revisions"}],"predecessor-version":[{"id":66415,"href":"https:\/\/accesolatino.org\/en\/wp-json\/wp\/v2\/posts\/16498\/revisions\/66415"}],"wp:featuredmedia":[{"embeddable":true,"href":"https:\/\/accesolatino.org\/en\/wp-json\/wp\/v2\/media\/16499"}],"wp:attachment":[{"href":"https:\/\/accesolatino.org\/en\/wp-json\/wp\/v2\/media?parent=16498"}],"wp:term":[{"taxonomy":"category","embeddable":true,"href":"https:\/\/accesolatino.org\/en\/wp-json\/wp\/v2\/categories?post=16498"},{"taxonomy":"post_tag","embeddable":true,"href":"https:\/\/accesolatino.org\/en\/wp-json\/wp\/v2\/tags?post=16498"}],"curies":[{"name":"wp","href":"https:\/\/api.w.org\/{rel}","templated":true}]}}