{"id":16470,"date":"2019-03-11T11:00:35","date_gmt":"2019-03-11T17:00:35","guid":{"rendered":"https:\/\/accesolatino.org\/?p=16470"},"modified":"2025-10-27T10:09:10","modified_gmt":"2025-10-27T16:09:10","slug":"caucus-hispano-propondra-ley-que-daria-ciudadania-a-miles-de-indocumentados","status":"publish","type":"post","link":"https:\/\/accesolatino.org\/en\/caucus-hispano-propondra-ley-que-daria-ciudadania-a-miles-de-indocumentados\/noticias\/","title":{"rendered":"Caucus Hispano propondr\u00e1 ley que dar\u00eda ciudadan\u00eda a miles de indocumentados"},"content":{"rendered":"<div data-elementor-type=\"wp-post\" data-elementor-id=\"16470\" class=\"elementor elementor-16470\">\n\t\t\t\t\t\t<section class=\"elementor-section elementor-top-section elementor-element elementor-element-369f77a elementor-section-boxed elementor-section-height-default elementor-section-height-default wpr-particle-no wpr-jarallax-no wpr-parallax-no wpr-sticky-section-no wpr-equal-height-no\" data-id=\"369f77a\" data-element_type=\"section\" data-e-type=\"section\">\n\t\t\t\t\t\t<div class=\"elementor-container elementor-column-gap-default\">\n\t\t\t\t\t<div class=\"elementor-column elementor-col-100 elementor-top-column elementor-element elementor-element-8ef62e2\" data-id=\"8ef62e2\" data-element_type=\"column\" data-e-type=\"column\">\n\t\t\t<div class=\"elementor-widget-wrap elementor-element-populated\">\n\t\t\t\t\t\t<div class=\"elementor-element elementor-element-d9121ee elementor-widget elementor-widget-text-editor\" data-id=\"d9121ee\" data-element_type=\"widget\" data-e-type=\"widget\" data-widget_type=\"text-editor.default\">\n\t\t\t\t<div class=\"elementor-widget-container\">\n\t\t\t\t\t\t\t\t\t<p>The <strong>Caucus Hispano del Congreso<\/strong> (CHC, por sus siglas en ingl\u00e9s) prometi\u00f3 una propuesta que d\u00e9 la ciudadan\u00eda a miles de indocumentados, incluyendo los amparados por el programa de <strong>Acci\u00f3n Diferida<\/strong> (DACA), el<strong> Estatus de Protecci\u00f3n Temporal<\/strong> (TPS) y el de <strong>Partida Forzada Diferida<\/strong> (DED).<\/p><p><strong>Joaqu\u00edn Castro<\/strong>, presidente del CHC: Tenemos el compromiso del liderazgo dem\u00f3crata de que pasaremos una ley que proteja a los titulares de DACA, TPS y DED. Es crucial que aprobemos este tipo de legislaci\u00f3n para que puedan llamar a nuestra naci\u00f3n su hogar\u201d.<\/p><p>Vel\u00e1zquez, que representa el distrito 7 de Nueva York, anunci\u00f3 que presentar\u00e1 una propuesta de ley para proteger a los inmigrantes.<\/p><p>\u201cLa legislaci\u00f3n en la que estoy trabajando les otorgar\u00e1 la oportunidad de convertirse en titulares de la tarjeta de residente permanente (green card) y, luego, en ciudadanos\u201d, explic\u00f3 la congresista.<\/p><p>En sus intervenciones, los miembros del CHC cargaron contra la Administraci\u00f3n del presidente de los Estados Unidos por intentar eliminar DACA y cancelar varios programas del TPS y del DED y pidieron a sus colegas republicanos que apoyen legislaciones para regularizar la situaci\u00f3n de cientos de miles de indocumentados.<\/p><p>El programa DACA, protege a sus beneficiarios de la deportaci\u00f3n, y en ciertos casos les otorga un permiso de trabajo temporal y les permite acceder a una licencia de conducir, unos beneficios que deben renovar cada dos a\u00f1os.<\/p><p>Encuentra m\u00e1s informaci\u00f3n en nuestra p\u00e1gina <strong>Acceso Latino<\/strong> tu sitio de ayuda.<\/p><p>Fuente: Mundo Hisp\u00e1nico<\/p>\t\t\t\t\t\t\t\t<\/div>\n\t\t\t\t<\/div>\n\t\t\t\t\t<\/div>\n\t\t<\/div>\n\t\t\t\t\t<\/div>\n\t\t<\/section>\n\t\t\t\t<\/div>","protected":false},"excerpt":{"rendered":"<p>El Caucus Hispano del Congreso (CHC, por sus siglas en ingl\u00e9s) prometi\u00f3 una propuesta que d\u00e9 la ciudadan\u00eda a miles de indocumentados, incluyendo los amparados por el programa de Acci\u00f3n Diferida (DACA), el Estatus de Protecci\u00f3n Temporal (TPS) y el de Partida Forzada Diferida (DED). Joaqu\u00edn Castro, presidente del CHC: Tenemos el compromiso del liderazgo dem\u00f3crata de que pasaremos una ley que proteja a los titulares de DACA, TPS y DED. Es crucial que aprobemos este tipo de legislaci\u00f3n para que puedan llamar a nuestra naci\u00f3n su hogar\u201d. Vel\u00e1zquez, que representa el distrito 7 de Nueva York, anunci\u00f3 que presentar\u00e1 una propuesta de ley para proteger a los inmigrantes. \u201cLa legislaci\u00f3n en la que estoy trabajando les otorgar\u00e1 la oportunidad de convertirse en titulares de la tarjeta de residente permanente (green card) y, luego, en ciudadanos\u201d, explic\u00f3 la congresista. En sus intervenciones, los miembros del CHC cargaron contra la Administraci\u00f3n del presidente de los Estados Unidos por intentar eliminar DACA y cancelar varios programas del TPS y del DED y pidieron a sus colegas republicanos que apoyen legislaciones para regularizar la situaci\u00f3n de cientos de miles de indocumentados. El programa DACA, protege a sus beneficiarios de la deportaci\u00f3n, y en ciertos casos les otorga un permiso de trabajo temporal y les permite acceder a una licencia de conducir, unos beneficios que deben renovar cada dos a\u00f1os. Encuentra m\u00e1s informaci\u00f3n en nuestra p\u00e1gina Acceso Latino tu sitio de ayuda. Fuente: Mundo Hisp\u00e1nico<\/p>","protected":false},"author":13,"featured_media":16471,"comment_status":"open","ping_status":"open","sticky":false,"template":"","format":"standard","meta":{"_uf_show_specific_survey":0,"_uf_disable_surveys":false,"footnotes":""},"categories":[10,1],"tags":[],"class_list":["post-16470","post","type-post","status-publish","format-standard","has-post-thumbnail","hentry","category-noticias","category-temas-de-interes"],"aioseo_notices":[],"yoast_head":"<!-- This site is optimized with the Yoast SEO plugin v27.5 - https:\/\/yoast.com\/product\/yoast-seo-wordpress\/ -->\n<title>Caucus Hispano propondr\u00e1 ley que dar\u00eda ciudadan\u00eda a miles de indocumentados<\/title>\n<meta name=\"description\" content=\"El Caucus Hispano del Congreso (CHC, por sus siglas en ingl\u00e9s) prometi\u00f3 una propuesta que d\u00e9 la ciudadan\u00eda a miles de indocumentados,\" \/>\n<meta name=\"robots\" content=\"index, follow, max-snippet:-1, max-image-preview:large, max-video-preview:-1\" \/>\n<link rel=\"canonical\" href=\"https:\/\/accesolatino.org\/en\/caucus-hispano-propondra-ley-que-daria-ciudadania-a-miles-de-indocumentados\/noticias\/\" \/>\n<meta property=\"og:locale\" content=\"en_US\" \/>\n<meta property=\"og:type\" content=\"article\" \/>\n<meta property=\"og:title\" content=\"Caucus Hispano propondr\u00e1 ley que dar\u00eda ciudadan\u00eda a miles de indocumentados\" \/>\n<meta property=\"og:description\" content=\"El Caucus Hispano del Congreso (CHC, por sus siglas en ingl\u00e9s) prometi\u00f3 una propuesta que d\u00e9 la ciudadan\u00eda a miles de indocumentados,\" \/>\n<meta property=\"og:url\" content=\"https:\/\/accesolatino.org\/en\/caucus-hispano-propondra-ley-que-daria-ciudadania-a-miles-de-indocumentados\/noticias\/\" \/>\n<meta property=\"og:site_name\" content=\"Acceso Latino\" \/>\n<meta property=\"article:publisher\" content=\"https:\/\/www.facebook.com\/AccesoLatinoOrg\" \/>\n<meta property=\"article:published_time\" content=\"2019-03-11T17:00:35+00:00\" \/>\n<meta property=\"article:modified_time\" content=\"2025-10-27T16:09:10+00:00\" \/>\n<meta property=\"og:image\" content=\"https:\/\/accesolatino.org\/wp-content\/uploads\/2019\/04\/Caucus-Hispano-propondr\u00e1-ley-que-dar\u00eda-ciudadan\u00eda-a-miles-de-indocumentados.jpg\" \/>\n\t<meta property=\"og:image:width\" content=\"576\" \/>\n\t<meta property=\"og:image:height\" content=\"303\" \/>\n\t<meta property=\"og:image:type\" content=\"image\/jpeg\" \/>\n<meta name=\"author\" content=\"Noticias\" \/>\n<meta name=\"twitter:card\" content=\"summary_large_image\" \/>\n<meta name=\"twitter:creator\" content=\"@FAccLatino\" \/>\n<meta name=\"twitter:site\" content=\"@FAccLatino\" \/>\n<meta name=\"twitter:label1\" content=\"Written by\" \/>\n\t<meta name=\"twitter:data1\" content=\"Noticias\" \/>\n\t<meta name=\"twitter:label2\" content=\"Est. reading time\" \/>\n\t<meta name=\"twitter:data2\" content=\"2 minutes\" \/>\n<script type=\"application\/ld+json\" class=\"yoast-schema-graph\">{\"@context\":\"https:\\\/\\\/schema.org\",\"@graph\":[{\"@type\":\"Article\",\"@id\":\"https:\\\/\\\/accesolatino.org\\\/caucus-hispano-propondra-ley-que-daria-ciudadania-a-miles-de-indocumentados\\\/noticias\\\/#article\",\"isPartOf\":{\"@id\":\"https:\\\/\\\/accesolatino.org\\\/caucus-hispano-propondra-ley-que-daria-ciudadania-a-miles-de-indocumentados\\\/noticias\\\/\"},\"author\":{\"name\":\"Noticias\",\"@id\":\"https:\\\/\\\/accesolatino.org\\\/#\\\/schema\\\/person\\\/57bc3bfd2c357610a5255490ca4cd305\"},\"headline\":\"Caucus Hispano propondr\u00e1 ley que dar\u00eda ciudadan\u00eda a miles de indocumentados\",\"datePublished\":\"2019-03-11T17:00:35+00:00\",\"dateModified\":\"2025-10-27T16:09:10+00:00\",\"mainEntityOfPage\":{\"@id\":\"https:\\\/\\\/accesolatino.org\\\/caucus-hispano-propondra-ley-que-daria-ciudadania-a-miles-de-indocumentados\\\/noticias\\\/\"},\"wordCount\":271,\"commentCount\":0,\"publisher\":{\"@id\":\"https:\\\/\\\/accesolatino.org\\\/#organization\"},\"image\":{\"@id\":\"https:\\\/\\\/accesolatino.org\\\/caucus-hispano-propondra-ley-que-daria-ciudadania-a-miles-de-indocumentados\\\/noticias\\\/#primaryimage\"},\"thumbnailUrl\":\"https:\\\/\\\/accesolatino.org\\\/wp-content\\\/uploads\\\/2019\\\/04\\\/Caucus-Hispano-propondr\u00e1-ley-que-dar\u00eda-ciudadan\u00eda-a-miles-de-indocumentados.jpg\",\"articleSection\":[\"Noticias\",\"Temas de inter\u00e9s\"],\"inLanguage\":\"en-US\",\"potentialAction\":[{\"@type\":\"CommentAction\",\"name\":\"Comment\",\"target\":[\"https:\\\/\\\/accesolatino.org\\\/caucus-hispano-propondra-ley-que-daria-ciudadania-a-miles-de-indocumentados\\\/noticias\\\/#respond\"]}]},{\"@type\":\"WebPage\",\"@id\":\"https:\\\/\\\/accesolatino.org\\\/caucus-hispano-propondra-ley-que-daria-ciudadania-a-miles-de-indocumentados\\\/noticias\\\/\",\"url\":\"https:\\\/\\\/accesolatino.org\\\/caucus-hispano-propondra-ley-que-daria-ciudadania-a-miles-de-indocumentados\\\/noticias\\\/\",\"name\":\"Caucus Hispano propondr\u00e1 ley que dar\u00eda ciudadan\u00eda a miles de indocumentados\",\"isPartOf\":{\"@id\":\"https:\\\/\\\/accesolatino.org\\\/#website\"},\"primaryImageOfPage\":{\"@id\":\"https:\\\/\\\/accesolatino.org\\\/caucus-hispano-propondra-ley-que-daria-ciudadania-a-miles-de-indocumentados\\\/noticias\\\/#primaryimage\"},\"image\":{\"@id\":\"https:\\\/\\\/accesolatino.org\\\/caucus-hispano-propondra-ley-que-daria-ciudadania-a-miles-de-indocumentados\\\/noticias\\\/#primaryimage\"},\"thumbnailUrl\":\"https:\\\/\\\/accesolatino.org\\\/wp-content\\\/uploads\\\/2019\\\/04\\\/Caucus-Hispano-propondr\u00e1-ley-que-dar\u00eda-ciudadan\u00eda-a-miles-de-indocumentados.jpg\",\"datePublished\":\"2019-03-11T17:00:35+00:00\",\"dateModified\":\"2025-10-27T16:09:10+00:00\",\"description\":\"El Caucus Hispano del Congreso (CHC, por sus siglas en ingl\u00e9s) prometi\u00f3 una propuesta que d\u00e9 la ciudadan\u00eda a miles de indocumentados,\",\"breadcrumb\":{\"@id\":\"https:\\\/\\\/accesolatino.org\\\/caucus-hispano-propondra-ley-que-daria-ciudadania-a-miles-de-indocumentados\\\/noticias\\\/#breadcrumb\"},\"inLanguage\":\"en-US\",\"potentialAction\":[{\"@type\":\"ReadAction\",\"target\":[\"https:\\\/\\\/accesolatino.org\\\/caucus-hispano-propondra-ley-que-daria-ciudadania-a-miles-de-indocumentados\\\/noticias\\\/\"]}]},{\"@type\":\"ImageObject\",\"inLanguage\":\"en-US\",\"@id\":\"https:\\\/\\\/accesolatino.org\\\/caucus-hispano-propondra-ley-que-daria-ciudadania-a-miles-de-indocumentados\\\/noticias\\\/#primaryimage\",\"url\":\"https:\\\/\\\/accesolatino.org\\\/wp-content\\\/uploads\\\/2019\\\/04\\\/Caucus-Hispano-propondr\u00e1-ley-que-dar\u00eda-ciudadan\u00eda-a-miles-de-indocumentados.jpg\",\"contentUrl\":\"https:\\\/\\\/accesolatino.org\\\/wp-content\\\/uploads\\\/2019\\\/04\\\/Caucus-Hispano-propondr\u00e1-ley-que-dar\u00eda-ciudadan\u00eda-a-miles-de-indocumentados.jpg\",\"width\":576,\"height\":303,\"caption\":\"Caucus Hispano propondr\u00e1 ley que dar\u00eda ciudadan\u00eda a miles de indocumentados\"},{\"@type\":\"BreadcrumbList\",\"@id\":\"https:\\\/\\\/accesolatino.org\\\/caucus-hispano-propondra-ley-que-daria-ciudadania-a-miles-de-indocumentados\\\/noticias\\\/#breadcrumb\",\"itemListElement\":[{\"@type\":\"ListItem\",\"position\":1,\"name\":\"Portada\",\"item\":\"https:\\\/\\\/accesolatino.org\\\/\"},{\"@type\":\"ListItem\",\"position\":2,\"name\":\"Noticias\",\"item\":\"https:\\\/\\\/accesolatino.org\\\/category\\\/noticias\\\/\"},{\"@type\":\"ListItem\",\"position\":3,\"name\":\"Caucus Hispano propondr\u00e1 ley que dar\u00eda ciudadan\u00eda a miles de indocumentados\"}]},{\"@type\":\"WebSite\",\"@id\":\"https:\\\/\\\/accesolatino.org\\\/#website\",\"url\":\"https:\\\/\\\/accesolatino.org\\\/\",\"name\":\"Acceso Latino | Fundaci\u00f3n Carlos Slim\",\"description\":\"Fundaci\u00f3n Carlos Slim\",\"publisher\":{\"@id\":\"https:\\\/\\\/accesolatino.org\\\/#organization\"},\"potentialAction\":[{\"@type\":\"SearchAction\",\"target\":{\"@type\":\"EntryPoint\",\"urlTemplate\":\"https:\\\/\\\/accesolatino.org\\\/?s={search_term_string}\"},\"query-input\":{\"@type\":\"PropertyValueSpecification\",\"valueRequired\":true,\"valueName\":\"search_term_string\"}}],\"inLanguage\":\"en-US\"},{\"@type\":\"Organization\",\"@id\":\"https:\\\/\\\/accesolatino.org\\\/#organization\",\"name\":\"Acceso Latino | Fundaci\u00f3n Carlos Slim\",\"url\":\"https:\\\/\\\/accesolatino.org\\\/\",\"logo\":{\"@type\":\"ImageObject\",\"inLanguage\":\"en-US\",\"@id\":\"https:\\\/\\\/accesolatino.org\\\/#\\\/schema\\\/logo\\\/image\\\/\",\"url\":\"https:\\\/\\\/accesolatino.org\\\/wp-content\\\/uploads\\\/2021\\\/02\\\/logo-footer-acceso-latino.png\",\"contentUrl\":\"https:\\\/\\\/accesolatino.org\\\/wp-content\\\/uploads\\\/2021\\\/02\\\/logo-footer-acceso-latino.png\",\"width\":240,\"height\":40,\"caption\":\"Acceso Latino | Fundaci\u00f3n Carlos Slim\"},\"image\":{\"@id\":\"https:\\\/\\\/accesolatino.org\\\/#\\\/schema\\\/logo\\\/image\\\/\"},\"sameAs\":[\"https:\\\/\\\/www.facebook.com\\\/AccesoLatinoOrg\",\"https:\\\/\\\/x.com\\\/FAccLatino\"]},{\"@type\":\"Person\",\"@id\":\"https:\\\/\\\/accesolatino.org\\\/#\\\/schema\\\/person\\\/57bc3bfd2c357610a5255490ca4cd305\",\"name\":\"Noticias\"}]}<\/script>\n<!-- \/ Yoast SEO plugin. -->","yoast_head_json":{"title":"Caucus Hispano propondr\u00e1 ley que dar\u00eda ciudadan\u00eda a miles de indocumentados","description":"El Caucus Hispano del Congreso (CHC, por sus siglas en ingl\u00e9s) prometi\u00f3 una propuesta que d\u00e9 la ciudadan\u00eda a miles de indocumentados,","robots":{"index":"index","follow":"follow","max-snippet":"max-snippet:-1","max-image-preview":"max-image-preview:large","max-video-preview":"max-video-preview:-1"},"canonical":"https:\/\/accesolatino.org\/en\/caucus-hispano-propondra-ley-que-daria-ciudadania-a-miles-de-indocumentados\/noticias\/","og_locale":"en_US","og_type":"article","og_title":"Caucus Hispano propondr\u00e1 ley que dar\u00eda ciudadan\u00eda a miles de indocumentados","og_description":"El Caucus Hispano del Congreso (CHC, por sus siglas en ingl\u00e9s) prometi\u00f3 una propuesta que d\u00e9 la ciudadan\u00eda a miles de indocumentados,","og_url":"https:\/\/accesolatino.org\/en\/caucus-hispano-propondra-ley-que-daria-ciudadania-a-miles-de-indocumentados\/noticias\/","og_site_name":"Acceso Latino","article_publisher":"https:\/\/www.facebook.com\/AccesoLatinoOrg","article_published_time":"2019-03-11T17:00:35+00:00","article_modified_time":"2025-10-27T16:09:10+00:00","og_image":[{"width":576,"height":303,"url":"https:\/\/accesolatino.org\/wp-content\/uploads\/2019\/04\/Caucus-Hispano-propondr\u00e1-ley-que-dar\u00eda-ciudadan\u00eda-a-miles-de-indocumentados.jpg","type":"image\/jpeg"}],"author":"Noticias","twitter_card":"summary_large_image","twitter_creator":"@FAccLatino","twitter_site":"@FAccLatino","twitter_misc":{"Written by":"Noticias","Est. reading time":"2 minutes"},"schema":{"@context":"https:\/\/schema.org","@graph":[{"@type":"Article","@id":"https:\/\/accesolatino.org\/caucus-hispano-propondra-ley-que-daria-ciudadania-a-miles-de-indocumentados\/noticias\/#article","isPartOf":{"@id":"https:\/\/accesolatino.org\/caucus-hispano-propondra-ley-que-daria-ciudadania-a-miles-de-indocumentados\/noticias\/"},"author":{"name":"Noticias","@id":"https:\/\/accesolatino.org\/#\/schema\/person\/57bc3bfd2c357610a5255490ca4cd305"},"headline":"Caucus Hispano propondr\u00e1 ley que dar\u00eda ciudadan\u00eda a miles de indocumentados","datePublished":"2019-03-11T17:00:35+00:00","dateModified":"2025-10-27T16:09:10+00:00","mainEntityOfPage":{"@id":"https:\/\/accesolatino.org\/caucus-hispano-propondra-ley-que-daria-ciudadania-a-miles-de-indocumentados\/noticias\/"},"wordCount":271,"commentCount":0,"publisher":{"@id":"https:\/\/accesolatino.org\/#organization"},"image":{"@id":"https:\/\/accesolatino.org\/caucus-hispano-propondra-ley-que-daria-ciudadania-a-miles-de-indocumentados\/noticias\/#primaryimage"},"thumbnailUrl":"https:\/\/accesolatino.org\/wp-content\/uploads\/2019\/04\/Caucus-Hispano-propondr\u00e1-ley-que-dar\u00eda-ciudadan\u00eda-a-miles-de-indocumentados.jpg","articleSection":["Noticias","Temas de inter\u00e9s"],"inLanguage":"en-US","potentialAction":[{"@type":"CommentAction","name":"Comment","target":["https:\/\/accesolatino.org\/caucus-hispano-propondra-ley-que-daria-ciudadania-a-miles-de-indocumentados\/noticias\/#respond"]}]},{"@type":"WebPage","@id":"https:\/\/accesolatino.org\/caucus-hispano-propondra-ley-que-daria-ciudadania-a-miles-de-indocumentados\/noticias\/","url":"https:\/\/accesolatino.org\/caucus-hispano-propondra-ley-que-daria-ciudadania-a-miles-de-indocumentados\/noticias\/","name":"Caucus Hispano propondr\u00e1 ley que dar\u00eda ciudadan\u00eda a miles de indocumentados","isPartOf":{"@id":"https:\/\/accesolatino.org\/#website"},"primaryImageOfPage":{"@id":"https:\/\/accesolatino.org\/caucus-hispano-propondra-ley-que-daria-ciudadania-a-miles-de-indocumentados\/noticias\/#primaryimage"},"image":{"@id":"https:\/\/accesolatino.org\/caucus-hispano-propondra-ley-que-daria-ciudadania-a-miles-de-indocumentados\/noticias\/#primaryimage"},"thumbnailUrl":"https:\/\/accesolatino.org\/wp-content\/uploads\/2019\/04\/Caucus-Hispano-propondr\u00e1-ley-que-dar\u00eda-ciudadan\u00eda-a-miles-de-indocumentados.jpg","datePublished":"2019-03-11T17:00:35+00:00","dateModified":"2025-10-27T16:09:10+00:00","description":"El Caucus Hispano del Congreso (CHC, por sus siglas en ingl\u00e9s) prometi\u00f3 una propuesta que d\u00e9 la ciudadan\u00eda a miles de indocumentados,","breadcrumb":{"@id":"https:\/\/accesolatino.org\/caucus-hispano-propondra-ley-que-daria-ciudadania-a-miles-de-indocumentados\/noticias\/#breadcrumb"},"inLanguage":"en-US","potentialAction":[{"@type":"ReadAction","target":["https:\/\/accesolatino.org\/caucus-hispano-propondra-ley-que-daria-ciudadania-a-miles-de-indocumentados\/noticias\/"]}]},{"@type":"ImageObject","inLanguage":"en-US","@id":"https:\/\/accesolatino.org\/caucus-hispano-propondra-ley-que-daria-ciudadania-a-miles-de-indocumentados\/noticias\/#primaryimage","url":"https:\/\/accesolatino.org\/wp-content\/uploads\/2019\/04\/Caucus-Hispano-propondr\u00e1-ley-que-dar\u00eda-ciudadan\u00eda-a-miles-de-indocumentados.jpg","contentUrl":"https:\/\/accesolatino.org\/wp-content\/uploads\/2019\/04\/Caucus-Hispano-propondr\u00e1-ley-que-dar\u00eda-ciudadan\u00eda-a-miles-de-indocumentados.jpg","width":576,"height":303,"caption":"Caucus Hispano propondr\u00e1 ley que dar\u00eda ciudadan\u00eda a miles de indocumentados"},{"@type":"BreadcrumbList","@id":"https:\/\/accesolatino.org\/caucus-hispano-propondra-ley-que-daria-ciudadania-a-miles-de-indocumentados\/noticias\/#breadcrumb","itemListElement":[{"@type":"ListItem","position":1,"name":"Portada","item":"https:\/\/accesolatino.org\/"},{"@type":"ListItem","position":2,"name":"Noticias","item":"https:\/\/accesolatino.org\/category\/noticias\/"},{"@type":"ListItem","position":3,"name":"Caucus Hispano propondr\u00e1 ley que dar\u00eda ciudadan\u00eda a miles de indocumentados"}]},{"@type":"WebSite","@id":"https:\/\/accesolatino.org\/#website","url":"https:\/\/accesolatino.org\/","name":"Acceso Latino | Fundaci\u00f3n Carlos Slim","description":"Fundaci\u00f3n Carlos Slim","publisher":{"@id":"https:\/\/accesolatino.org\/#organization"},"potentialAction":[{"@type":"SearchAction","target":{"@type":"EntryPoint","urlTemplate":"https:\/\/accesolatino.org\/?s={search_term_string}"},"query-input":{"@type":"PropertyValueSpecification","valueRequired":true,"valueName":"search_term_string"}}],"inLanguage":"en-US"},{"@type":"Organization","@id":"https:\/\/accesolatino.org\/#organization","name":"Acceso Latino | Fundaci\u00f3n Carlos Slim","url":"https:\/\/accesolatino.org\/","logo":{"@type":"ImageObject","inLanguage":"en-US","@id":"https:\/\/accesolatino.org\/#\/schema\/logo\/image\/","url":"https:\/\/accesolatino.org\/wp-content\/uploads\/2021\/02\/logo-footer-acceso-latino.png","contentUrl":"https:\/\/accesolatino.org\/wp-content\/uploads\/2021\/02\/logo-footer-acceso-latino.png","width":240,"height":40,"caption":"Acceso Latino | Fundaci\u00f3n Carlos Slim"},"image":{"@id":"https:\/\/accesolatino.org\/#\/schema\/logo\/image\/"},"sameAs":["https:\/\/www.facebook.com\/AccesoLatinoOrg","https:\/\/x.com\/FAccLatino"]},{"@type":"Person","@id":"https:\/\/accesolatino.org\/#\/schema\/person\/57bc3bfd2c357610a5255490ca4cd305","name":"News"}]}},"_links":{"self":[{"href":"https:\/\/accesolatino.org\/en\/wp-json\/wp\/v2\/posts\/16470","targetHints":{"allow":["GET"]}}],"collection":[{"href":"https:\/\/accesolatino.org\/en\/wp-json\/wp\/v2\/posts"}],"about":[{"href":"https:\/\/accesolatino.org\/en\/wp-json\/wp\/v2\/types\/post"}],"author":[{"embeddable":true,"href":"https:\/\/accesolatino.org\/en\/wp-json\/wp\/v2\/users\/13"}],"replies":[{"embeddable":true,"href":"https:\/\/accesolatino.org\/en\/wp-json\/wp\/v2\/comments?post=16470"}],"version-history":[{"count":1,"href":"https:\/\/accesolatino.org\/en\/wp-json\/wp\/v2\/posts\/16470\/revisions"}],"predecessor-version":[{"id":66411,"href":"https:\/\/accesolatino.org\/en\/wp-json\/wp\/v2\/posts\/16470\/revisions\/66411"}],"wp:featuredmedia":[{"embeddable":true,"href":"https:\/\/accesolatino.org\/en\/wp-json\/wp\/v2\/media\/16471"}],"wp:attachment":[{"href":"https:\/\/accesolatino.org\/en\/wp-json\/wp\/v2\/media?parent=16470"}],"wp:term":[{"taxonomy":"category","embeddable":true,"href":"https:\/\/accesolatino.org\/en\/wp-json\/wp\/v2\/categories?post=16470"},{"taxonomy":"post_tag","embeddable":true,"href":"https:\/\/accesolatino.org\/en\/wp-json\/wp\/v2\/tags?post=16470"}],"curies":[{"name":"wp","href":"https:\/\/api.w.org\/{rel}","templated":true}]}}