{"id":16426,"date":"2019-03-13T11:00:01","date_gmt":"2019-03-13T17:00:01","guid":{"rendered":"https:\/\/accesolatino.org\/?p=16426"},"modified":"2025-10-27T10:07:56","modified_gmt":"2025-10-27T16:07:56","slug":"la-musica-se-convierte-en-apoyo-para-nuestros-amigos-indocumentados","status":"publish","type":"post","link":"https:\/\/accesolatino.org\/en\/la-musica-se-convierte-en-apoyo-para-nuestros-amigos-indocumentados\/orgullo-latino\/","title":{"rendered":"La m\u00fasica se convierte en apoyo para nuestros amigos indocumentados"},"content":{"rendered":"<div data-elementor-type=\"wp-post\" data-elementor-id=\"16426\" class=\"elementor elementor-16426\">\n\t\t\t\t\t\t<section class=\"elementor-section elementor-top-section elementor-element elementor-element-369f77a elementor-section-boxed elementor-section-height-default elementor-section-height-default wpr-particle-no wpr-jarallax-no wpr-parallax-no wpr-sticky-section-no wpr-equal-height-no\" data-id=\"369f77a\" data-element_type=\"section\" data-e-type=\"section\">\n\t\t\t\t\t\t<div class=\"elementor-container elementor-column-gap-default\">\n\t\t\t\t\t<div class=\"elementor-column elementor-col-100 elementor-top-column elementor-element elementor-element-8ef62e2\" data-id=\"8ef62e2\" data-element_type=\"column\" data-e-type=\"column\">\n\t\t\t<div class=\"elementor-widget-wrap elementor-element-populated\">\n\t\t\t\t\t\t<div class=\"elementor-element elementor-element-d9121ee elementor-widget elementor-widget-text-editor\" data-id=\"d9121ee\" data-element_type=\"widget\" data-e-type=\"widget\" data-widget_type=\"text-editor.default\">\n\t\t\t\t<div class=\"elementor-widget-container\">\n\t\t\t\t\t\t\t\t\t<p>El mexicano Oskar Ay\u00f3n emprendi\u00f3 el viaje de buscar ayuda a trav\u00e9s de la m\u00fasica para inmigrantes de escasos recursos y el plan ha dado resultados. Gracias a su fundaci\u00f3n <strong>\u201cUnidos Por la M\u00fasica\u201d<\/strong> ha logrado apoyar a m\u00e1s de 60,000 inmigrantes en el sur de California y ahora busca que su organizaci\u00f3n llegue a todo el territorio norteamericano.<\/p><p>A trav\u00e9s de su instituci\u00f3n, Oskar ha logado durante m\u00e1s de 10 a\u00f1os producir conciertos gratuitos de muchos artistas, como El Dasa o Chiquis Rivera, en pro de las personas de bajos recursos e indocumentados, tambi\u00e9n da clases de m\u00fasica y programas para que logren finalizar la escuela.<\/p><p>Su labor no solo consiste en conseguir y traer al artista, tambi\u00e9n a los patrocinadores que deben aportar los recursos econ\u00f3micos para sacar adelante un proyecto determinado. Es a\u00fan m\u00e1s dif\u00edcil cuando las comunidades se encuentran lejos delas grandes ciudades.<\/p><p>Ay\u00f3n ha encontrado que una gran cantidad de inmigrantes y residentes no legales que se quedan parados en estas comunidades, lejos de las ayudas econ\u00f3micas, legales y educativas que se pueden encontrar en ciudades como Los \u00c1ngeles.<\/p><p>Actualmente, la organizaci\u00f3n tiene dos sedes, una en la ciudad de Ontario y la otra San Bernardino. Ambas pertenecen a <strong>Inland Empire<\/strong>, que en 2013 encabez\u00f3 la lista de las 25 comunidades con mayor pobreza en el pa\u00eds, seg\u00fan un reporte del <strong>Censo de Estados Unidos<\/strong>, y aunque en la actualidad esos \u00edndices han bajado sigue estando entre las m\u00e1s pobres de California.<\/p><p><strong>Unidos por la M\u00fasica<\/strong> provee adem\u00e1s consejer\u00eda a los padres y estudiantes para ir a la universidad, recursos para el cuidado de la salud y un banco de comida. Los j\u00f3venes beneficiados por el programa de Acci\u00f3n Diferida para los Llegados en la Infancia (DACA) son beneficiados con becas estudiantiles.<\/p><p>Sin duda el esfuerzo de este mexicano, es notable e inspirador, para que m\u00e1s organizaciones se unan a esta causa de aportar apoyo a nuestros hermanos indocumentados e inmigrantes, sin duda un Orgullo Latino. Recuerda visitar Acceso Latino y nuestras redes sociales.<\/p>\t\t\t\t\t\t\t\t<\/div>\n\t\t\t\t<\/div>\n\t\t\t\t\t<\/div>\n\t\t<\/div>\n\t\t\t\t\t<\/div>\n\t\t<\/section>\n\t\t\t\t<\/div>","protected":false},"excerpt":{"rendered":"<p>El mexicano Oskar Ay\u00f3n emprendi\u00f3 el viaje de buscar ayuda a trav\u00e9s de la m\u00fasica para inmigrantes de escasos recursos y el plan ha dado resultados. Gracias a su fundaci\u00f3n \u201cUnidos Por la M\u00fasica\u201d ha logrado apoyar a m\u00e1s de 60,000 inmigrantes en el sur de California y ahora busca que su organizaci\u00f3n llegue a todo el territorio norteamericano. A trav\u00e9s de su instituci\u00f3n, Oskar ha logado durante m\u00e1s de 10 a\u00f1os producir conciertos gratuitos de muchos artistas, como El Dasa o Chiquis Rivera, en pro de las personas de bajos recursos e indocumentados, tambi\u00e9n da clases de m\u00fasica y programas para que logren finalizar la escuela. Su labor no solo consiste en conseguir y traer al artista, tambi\u00e9n a los patrocinadores que deben aportar los recursos econ\u00f3micos para sacar adelante un proyecto determinado. Es a\u00fan m\u00e1s dif\u00edcil cuando las comunidades se encuentran lejos delas grandes ciudades. Ay\u00f3n ha encontrado que una gran cantidad de inmigrantes y residentes no legales que se quedan parados en estas comunidades, lejos de las ayudas econ\u00f3micas, legales y educativas que se pueden encontrar en ciudades como Los \u00c1ngeles. Actualmente, la organizaci\u00f3n tiene dos sedes, una en la ciudad de Ontario y la otra San Bernardino. Ambas pertenecen a Inland Empire, que en 2013 encabez\u00f3 la lista de las 25 comunidades con mayor pobreza en el pa\u00eds, seg\u00fan un reporte del Censo de Estados Unidos, y aunque en la actualidad esos \u00edndices han bajado sigue estando entre las m\u00e1s pobres de California. Unidos por la M\u00fasica provee adem\u00e1s consejer\u00eda a los padres y estudiantes para ir a la universidad, recursos para el cuidado de la salud y un banco de comida. Los j\u00f3venes beneficiados por el programa de Acci\u00f3n Diferida para los Llegados en la Infancia (DACA) son beneficiados con becas estudiantiles. Sin duda el esfuerzo de este mexicano, es notable e inspirador, para que m\u00e1s organizaciones se unan a esta causa de aportar apoyo a nuestros hermanos indocumentados e inmigrantes, sin duda un Orgullo Latino. Recuerda visitar Acceso Latino y nuestras redes sociales.<\/p>","protected":false},"author":13,"featured_media":16427,"comment_status":"open","ping_status":"open","sticky":false,"template":"","format":"standard","meta":{"_uf_show_specific_survey":0,"_uf_disable_surveys":false,"footnotes":""},"categories":[9],"tags":[],"class_list":["post-16426","post","type-post","status-publish","format-standard","has-post-thumbnail","hentry","category-orgullo-latino"],"aioseo_notices":[],"yoast_head":"<!-- This site is optimized with the Yoast SEO plugin v27.5 - https:\/\/yoast.com\/product\/yoast-seo-wordpress\/ -->\n<title>La m\u00fasica se convierte en apoyo para nuestros amigos indocumentados<\/title>\n<meta name=\"description\" content=\"El mexicano Oskar Ay\u00f3n emprendi\u00f3 el viaje de buscar ayuda a trav\u00e9s de la m\u00fasica para inmigrantes de escasos recursos y el plan ha dado resultados\" \/>\n<meta name=\"robots\" content=\"index, follow, max-snippet:-1, max-image-preview:large, max-video-preview:-1\" \/>\n<link rel=\"canonical\" href=\"https:\/\/accesolatino.org\/en\/la-musica-se-convierte-en-apoyo-para-nuestros-amigos-indocumentados\/orgullo-latino\/\" \/>\n<meta property=\"og:locale\" content=\"en_US\" \/>\n<meta property=\"og:type\" content=\"article\" \/>\n<meta property=\"og:title\" content=\"La m\u00fasica se convierte en apoyo para nuestros amigos indocumentados\" \/>\n<meta property=\"og:description\" content=\"El mexicano Oskar Ay\u00f3n emprendi\u00f3 el viaje de buscar ayuda a trav\u00e9s de la m\u00fasica para inmigrantes de escasos recursos y el plan ha dado resultados\" \/>\n<meta property=\"og:url\" content=\"https:\/\/accesolatino.org\/en\/la-musica-se-convierte-en-apoyo-para-nuestros-amigos-indocumentados\/orgullo-latino\/\" \/>\n<meta property=\"og:site_name\" content=\"Acceso Latino\" \/>\n<meta property=\"article:publisher\" content=\"https:\/\/www.facebook.com\/AccesoLatinoOrg\" \/>\n<meta property=\"article:published_time\" content=\"2019-03-13T17:00:01+00:00\" \/>\n<meta property=\"article:modified_time\" content=\"2025-10-27T16:07:56+00:00\" \/>\n<meta property=\"og:image\" content=\"https:\/\/accesolatino.org\/wp-content\/uploads\/2019\/04\/la-musica-se-convierte-en-apoyo-para-nuestros-amigos-indocumentados.jpg\" \/>\n\t<meta property=\"og:image:width\" content=\"600\" \/>\n\t<meta property=\"og:image:height\" content=\"338\" \/>\n\t<meta property=\"og:image:type\" content=\"image\/jpeg\" \/>\n<meta name=\"author\" content=\"Noticias\" \/>\n<meta name=\"twitter:card\" content=\"summary_large_image\" \/>\n<meta name=\"twitter:creator\" content=\"@FAccLatino\" \/>\n<meta name=\"twitter:site\" content=\"@FAccLatino\" \/>\n<meta name=\"twitter:label1\" content=\"Written by\" \/>\n\t<meta name=\"twitter:data1\" content=\"Noticias\" \/>\n\t<meta name=\"twitter:label2\" content=\"Est. reading time\" \/>\n\t<meta name=\"twitter:data2\" content=\"2 minutes\" \/>\n<script type=\"application\/ld+json\" class=\"yoast-schema-graph\">{\"@context\":\"https:\\\/\\\/schema.org\",\"@graph\":[{\"@type\":\"Article\",\"@id\":\"https:\\\/\\\/accesolatino.org\\\/la-musica-se-convierte-en-apoyo-para-nuestros-amigos-indocumentados\\\/orgullo-latino\\\/#article\",\"isPartOf\":{\"@id\":\"https:\\\/\\\/accesolatino.org\\\/la-musica-se-convierte-en-apoyo-para-nuestros-amigos-indocumentados\\\/orgullo-latino\\\/\"},\"author\":{\"name\":\"Noticias\",\"@id\":\"https:\\\/\\\/accesolatino.org\\\/#\\\/schema\\\/person\\\/57bc3bfd2c357610a5255490ca4cd305\"},\"headline\":\"La m\u00fasica se convierte en apoyo para nuestros amigos indocumentados\",\"datePublished\":\"2019-03-13T17:00:01+00:00\",\"dateModified\":\"2025-10-27T16:07:56+00:00\",\"mainEntityOfPage\":{\"@id\":\"https:\\\/\\\/accesolatino.org\\\/la-musica-se-convierte-en-apoyo-para-nuestros-amigos-indocumentados\\\/orgullo-latino\\\/\"},\"wordCount\":376,\"commentCount\":0,\"publisher\":{\"@id\":\"https:\\\/\\\/accesolatino.org\\\/#organization\"},\"image\":{\"@id\":\"https:\\\/\\\/accesolatino.org\\\/la-musica-se-convierte-en-apoyo-para-nuestros-amigos-indocumentados\\\/orgullo-latino\\\/#primaryimage\"},\"thumbnailUrl\":\"https:\\\/\\\/accesolatino.org\\\/wp-content\\\/uploads\\\/2019\\\/04\\\/la-musica-se-convierte-en-apoyo-para-nuestros-amigos-indocumentados.jpg\",\"articleSection\":[\"Orgullo Latino\"],\"inLanguage\":\"en-US\",\"potentialAction\":[{\"@type\":\"CommentAction\",\"name\":\"Comment\",\"target\":[\"https:\\\/\\\/accesolatino.org\\\/la-musica-se-convierte-en-apoyo-para-nuestros-amigos-indocumentados\\\/orgullo-latino\\\/#respond\"]}]},{\"@type\":\"WebPage\",\"@id\":\"https:\\\/\\\/accesolatino.org\\\/la-musica-se-convierte-en-apoyo-para-nuestros-amigos-indocumentados\\\/orgullo-latino\\\/\",\"url\":\"https:\\\/\\\/accesolatino.org\\\/la-musica-se-convierte-en-apoyo-para-nuestros-amigos-indocumentados\\\/orgullo-latino\\\/\",\"name\":\"La m\u00fasica se convierte en apoyo para nuestros amigos indocumentados\",\"isPartOf\":{\"@id\":\"https:\\\/\\\/accesolatino.org\\\/#website\"},\"primaryImageOfPage\":{\"@id\":\"https:\\\/\\\/accesolatino.org\\\/la-musica-se-convierte-en-apoyo-para-nuestros-amigos-indocumentados\\\/orgullo-latino\\\/#primaryimage\"},\"image\":{\"@id\":\"https:\\\/\\\/accesolatino.org\\\/la-musica-se-convierte-en-apoyo-para-nuestros-amigos-indocumentados\\\/orgullo-latino\\\/#primaryimage\"},\"thumbnailUrl\":\"https:\\\/\\\/accesolatino.org\\\/wp-content\\\/uploads\\\/2019\\\/04\\\/la-musica-se-convierte-en-apoyo-para-nuestros-amigos-indocumentados.jpg\",\"datePublished\":\"2019-03-13T17:00:01+00:00\",\"dateModified\":\"2025-10-27T16:07:56+00:00\",\"description\":\"El mexicano Oskar Ay\u00f3n emprendi\u00f3 el viaje de buscar ayuda a trav\u00e9s de la m\u00fasica para inmigrantes de escasos recursos y el plan ha dado resultados\",\"breadcrumb\":{\"@id\":\"https:\\\/\\\/accesolatino.org\\\/la-musica-se-convierte-en-apoyo-para-nuestros-amigos-indocumentados\\\/orgullo-latino\\\/#breadcrumb\"},\"inLanguage\":\"en-US\",\"potentialAction\":[{\"@type\":\"ReadAction\",\"target\":[\"https:\\\/\\\/accesolatino.org\\\/la-musica-se-convierte-en-apoyo-para-nuestros-amigos-indocumentados\\\/orgullo-latino\\\/\"]}]},{\"@type\":\"ImageObject\",\"inLanguage\":\"en-US\",\"@id\":\"https:\\\/\\\/accesolatino.org\\\/la-musica-se-convierte-en-apoyo-para-nuestros-amigos-indocumentados\\\/orgullo-latino\\\/#primaryimage\",\"url\":\"https:\\\/\\\/accesolatino.org\\\/wp-content\\\/uploads\\\/2019\\\/04\\\/la-musica-se-convierte-en-apoyo-para-nuestros-amigos-indocumentados.jpg\",\"contentUrl\":\"https:\\\/\\\/accesolatino.org\\\/wp-content\\\/uploads\\\/2019\\\/04\\\/la-musica-se-convierte-en-apoyo-para-nuestros-amigos-indocumentados.jpg\",\"width\":600,\"height\":338,\"caption\":\"la-musica-se-convierte-en-apoyo-para-nuestros-amigos-indocumentados\"},{\"@type\":\"BreadcrumbList\",\"@id\":\"https:\\\/\\\/accesolatino.org\\\/la-musica-se-convierte-en-apoyo-para-nuestros-amigos-indocumentados\\\/orgullo-latino\\\/#breadcrumb\",\"itemListElement\":[{\"@type\":\"ListItem\",\"position\":1,\"name\":\"Portada\",\"item\":\"https:\\\/\\\/accesolatino.org\\\/\"},{\"@type\":\"ListItem\",\"position\":2,\"name\":\"Orgullo Latino\",\"item\":\"https:\\\/\\\/accesolatino.org\\\/category\\\/orgullo-latino\\\/\"},{\"@type\":\"ListItem\",\"position\":3,\"name\":\"La m\u00fasica se convierte en apoyo para nuestros amigos indocumentados\"}]},{\"@type\":\"WebSite\",\"@id\":\"https:\\\/\\\/accesolatino.org\\\/#website\",\"url\":\"https:\\\/\\\/accesolatino.org\\\/\",\"name\":\"Acceso Latino | Fundaci\u00f3n Carlos Slim\",\"description\":\"Fundaci\u00f3n Carlos Slim\",\"publisher\":{\"@id\":\"https:\\\/\\\/accesolatino.org\\\/#organization\"},\"potentialAction\":[{\"@type\":\"SearchAction\",\"target\":{\"@type\":\"EntryPoint\",\"urlTemplate\":\"https:\\\/\\\/accesolatino.org\\\/?s={search_term_string}\"},\"query-input\":{\"@type\":\"PropertyValueSpecification\",\"valueRequired\":true,\"valueName\":\"search_term_string\"}}],\"inLanguage\":\"en-US\"},{\"@type\":\"Organization\",\"@id\":\"https:\\\/\\\/accesolatino.org\\\/#organization\",\"name\":\"Acceso Latino | Fundaci\u00f3n Carlos Slim\",\"url\":\"https:\\\/\\\/accesolatino.org\\\/\",\"logo\":{\"@type\":\"ImageObject\",\"inLanguage\":\"en-US\",\"@id\":\"https:\\\/\\\/accesolatino.org\\\/#\\\/schema\\\/logo\\\/image\\\/\",\"url\":\"https:\\\/\\\/accesolatino.org\\\/wp-content\\\/uploads\\\/2021\\\/02\\\/logo-footer-acceso-latino.png\",\"contentUrl\":\"https:\\\/\\\/accesolatino.org\\\/wp-content\\\/uploads\\\/2021\\\/02\\\/logo-footer-acceso-latino.png\",\"width\":240,\"height\":40,\"caption\":\"Acceso Latino | Fundaci\u00f3n Carlos Slim\"},\"image\":{\"@id\":\"https:\\\/\\\/accesolatino.org\\\/#\\\/schema\\\/logo\\\/image\\\/\"},\"sameAs\":[\"https:\\\/\\\/www.facebook.com\\\/AccesoLatinoOrg\",\"https:\\\/\\\/x.com\\\/FAccLatino\"]},{\"@type\":\"Person\",\"@id\":\"https:\\\/\\\/accesolatino.org\\\/#\\\/schema\\\/person\\\/57bc3bfd2c357610a5255490ca4cd305\",\"name\":\"Noticias\"}]}<\/script>\n<!-- \/ Yoast SEO plugin. -->","yoast_head_json":{"title":"La m\u00fasica se convierte en apoyo para nuestros amigos indocumentados","description":"El mexicano Oskar Ay\u00f3n emprendi\u00f3 el viaje de buscar ayuda a trav\u00e9s de la m\u00fasica para inmigrantes de escasos recursos y el plan ha dado resultados","robots":{"index":"index","follow":"follow","max-snippet":"max-snippet:-1","max-image-preview":"max-image-preview:large","max-video-preview":"max-video-preview:-1"},"canonical":"https:\/\/accesolatino.org\/en\/la-musica-se-convierte-en-apoyo-para-nuestros-amigos-indocumentados\/orgullo-latino\/","og_locale":"en_US","og_type":"article","og_title":"La m\u00fasica se convierte en apoyo para nuestros amigos indocumentados","og_description":"El mexicano Oskar Ay\u00f3n emprendi\u00f3 el viaje de buscar ayuda a trav\u00e9s de la m\u00fasica para inmigrantes de escasos recursos y el plan ha dado resultados","og_url":"https:\/\/accesolatino.org\/en\/la-musica-se-convierte-en-apoyo-para-nuestros-amigos-indocumentados\/orgullo-latino\/","og_site_name":"Acceso Latino","article_publisher":"https:\/\/www.facebook.com\/AccesoLatinoOrg","article_published_time":"2019-03-13T17:00:01+00:00","article_modified_time":"2025-10-27T16:07:56+00:00","og_image":[{"width":600,"height":338,"url":"https:\/\/accesolatino.org\/wp-content\/uploads\/2019\/04\/la-musica-se-convierte-en-apoyo-para-nuestros-amigos-indocumentados.jpg","type":"image\/jpeg"}],"author":"Noticias","twitter_card":"summary_large_image","twitter_creator":"@FAccLatino","twitter_site":"@FAccLatino","twitter_misc":{"Written by":"Noticias","Est. reading time":"2 minutes"},"schema":{"@context":"https:\/\/schema.org","@graph":[{"@type":"Article","@id":"https:\/\/accesolatino.org\/la-musica-se-convierte-en-apoyo-para-nuestros-amigos-indocumentados\/orgullo-latino\/#article","isPartOf":{"@id":"https:\/\/accesolatino.org\/la-musica-se-convierte-en-apoyo-para-nuestros-amigos-indocumentados\/orgullo-latino\/"},"author":{"name":"Noticias","@id":"https:\/\/accesolatino.org\/#\/schema\/person\/57bc3bfd2c357610a5255490ca4cd305"},"headline":"La m\u00fasica se convierte en apoyo para nuestros amigos indocumentados","datePublished":"2019-03-13T17:00:01+00:00","dateModified":"2025-10-27T16:07:56+00:00","mainEntityOfPage":{"@id":"https:\/\/accesolatino.org\/la-musica-se-convierte-en-apoyo-para-nuestros-amigos-indocumentados\/orgullo-latino\/"},"wordCount":376,"commentCount":0,"publisher":{"@id":"https:\/\/accesolatino.org\/#organization"},"image":{"@id":"https:\/\/accesolatino.org\/la-musica-se-convierte-en-apoyo-para-nuestros-amigos-indocumentados\/orgullo-latino\/#primaryimage"},"thumbnailUrl":"https:\/\/accesolatino.org\/wp-content\/uploads\/2019\/04\/la-musica-se-convierte-en-apoyo-para-nuestros-amigos-indocumentados.jpg","articleSection":["Orgullo Latino"],"inLanguage":"en-US","potentialAction":[{"@type":"CommentAction","name":"Comment","target":["https:\/\/accesolatino.org\/la-musica-se-convierte-en-apoyo-para-nuestros-amigos-indocumentados\/orgullo-latino\/#respond"]}]},{"@type":"WebPage","@id":"https:\/\/accesolatino.org\/la-musica-se-convierte-en-apoyo-para-nuestros-amigos-indocumentados\/orgullo-latino\/","url":"https:\/\/accesolatino.org\/la-musica-se-convierte-en-apoyo-para-nuestros-amigos-indocumentados\/orgullo-latino\/","name":"La m\u00fasica se convierte en apoyo para nuestros amigos indocumentados","isPartOf":{"@id":"https:\/\/accesolatino.org\/#website"},"primaryImageOfPage":{"@id":"https:\/\/accesolatino.org\/la-musica-se-convierte-en-apoyo-para-nuestros-amigos-indocumentados\/orgullo-latino\/#primaryimage"},"image":{"@id":"https:\/\/accesolatino.org\/la-musica-se-convierte-en-apoyo-para-nuestros-amigos-indocumentados\/orgullo-latino\/#primaryimage"},"thumbnailUrl":"https:\/\/accesolatino.org\/wp-content\/uploads\/2019\/04\/la-musica-se-convierte-en-apoyo-para-nuestros-amigos-indocumentados.jpg","datePublished":"2019-03-13T17:00:01+00:00","dateModified":"2025-10-27T16:07:56+00:00","description":"El mexicano Oskar Ay\u00f3n emprendi\u00f3 el viaje de buscar ayuda a trav\u00e9s de la m\u00fasica para inmigrantes de escasos recursos y el plan ha dado resultados","breadcrumb":{"@id":"https:\/\/accesolatino.org\/la-musica-se-convierte-en-apoyo-para-nuestros-amigos-indocumentados\/orgullo-latino\/#breadcrumb"},"inLanguage":"en-US","potentialAction":[{"@type":"ReadAction","target":["https:\/\/accesolatino.org\/la-musica-se-convierte-en-apoyo-para-nuestros-amigos-indocumentados\/orgullo-latino\/"]}]},{"@type":"ImageObject","inLanguage":"en-US","@id":"https:\/\/accesolatino.org\/la-musica-se-convierte-en-apoyo-para-nuestros-amigos-indocumentados\/orgullo-latino\/#primaryimage","url":"https:\/\/accesolatino.org\/wp-content\/uploads\/2019\/04\/la-musica-se-convierte-en-apoyo-para-nuestros-amigos-indocumentados.jpg","contentUrl":"https:\/\/accesolatino.org\/wp-content\/uploads\/2019\/04\/la-musica-se-convierte-en-apoyo-para-nuestros-amigos-indocumentados.jpg","width":600,"height":338,"caption":"la-musica-se-convierte-en-apoyo-para-nuestros-amigos-indocumentados"},{"@type":"BreadcrumbList","@id":"https:\/\/accesolatino.org\/la-musica-se-convierte-en-apoyo-para-nuestros-amigos-indocumentados\/orgullo-latino\/#breadcrumb","itemListElement":[{"@type":"ListItem","position":1,"name":"Portada","item":"https:\/\/accesolatino.org\/"},{"@type":"ListItem","position":2,"name":"Orgullo Latino","item":"https:\/\/accesolatino.org\/category\/orgullo-latino\/"},{"@type":"ListItem","position":3,"name":"La m\u00fasica se convierte en apoyo para nuestros amigos indocumentados"}]},{"@type":"WebSite","@id":"https:\/\/accesolatino.org\/#website","url":"https:\/\/accesolatino.org\/","name":"Acceso Latino | Fundaci\u00f3n Carlos Slim","description":"Fundaci\u00f3n Carlos Slim","publisher":{"@id":"https:\/\/accesolatino.org\/#organization"},"potentialAction":[{"@type":"SearchAction","target":{"@type":"EntryPoint","urlTemplate":"https:\/\/accesolatino.org\/?s={search_term_string}"},"query-input":{"@type":"PropertyValueSpecification","valueRequired":true,"valueName":"search_term_string"}}],"inLanguage":"en-US"},{"@type":"Organization","@id":"https:\/\/accesolatino.org\/#organization","name":"Acceso Latino | Fundaci\u00f3n Carlos Slim","url":"https:\/\/accesolatino.org\/","logo":{"@type":"ImageObject","inLanguage":"en-US","@id":"https:\/\/accesolatino.org\/#\/schema\/logo\/image\/","url":"https:\/\/accesolatino.org\/wp-content\/uploads\/2021\/02\/logo-footer-acceso-latino.png","contentUrl":"https:\/\/accesolatino.org\/wp-content\/uploads\/2021\/02\/logo-footer-acceso-latino.png","width":240,"height":40,"caption":"Acceso Latino | Fundaci\u00f3n Carlos Slim"},"image":{"@id":"https:\/\/accesolatino.org\/#\/schema\/logo\/image\/"},"sameAs":["https:\/\/www.facebook.com\/AccesoLatinoOrg","https:\/\/x.com\/FAccLatino"]},{"@type":"Person","@id":"https:\/\/accesolatino.org\/#\/schema\/person\/57bc3bfd2c357610a5255490ca4cd305","name":"News"}]}},"_links":{"self":[{"href":"https:\/\/accesolatino.org\/en\/wp-json\/wp\/v2\/posts\/16426","targetHints":{"allow":["GET"]}}],"collection":[{"href":"https:\/\/accesolatino.org\/en\/wp-json\/wp\/v2\/posts"}],"about":[{"href":"https:\/\/accesolatino.org\/en\/wp-json\/wp\/v2\/types\/post"}],"author":[{"embeddable":true,"href":"https:\/\/accesolatino.org\/en\/wp-json\/wp\/v2\/users\/13"}],"replies":[{"embeddable":true,"href":"https:\/\/accesolatino.org\/en\/wp-json\/wp\/v2\/comments?post=16426"}],"version-history":[{"count":1,"href":"https:\/\/accesolatino.org\/en\/wp-json\/wp\/v2\/posts\/16426\/revisions"}],"predecessor-version":[{"id":66407,"href":"https:\/\/accesolatino.org\/en\/wp-json\/wp\/v2\/posts\/16426\/revisions\/66407"}],"wp:featuredmedia":[{"embeddable":true,"href":"https:\/\/accesolatino.org\/en\/wp-json\/wp\/v2\/media\/16427"}],"wp:attachment":[{"href":"https:\/\/accesolatino.org\/en\/wp-json\/wp\/v2\/media?parent=16426"}],"wp:term":[{"taxonomy":"category","embeddable":true,"href":"https:\/\/accesolatino.org\/en\/wp-json\/wp\/v2\/categories?post=16426"},{"taxonomy":"post_tag","embeddable":true,"href":"https:\/\/accesolatino.org\/en\/wp-json\/wp\/v2\/tags?post=16426"}],"curies":[{"name":"wp","href":"https:\/\/api.w.org\/{rel}","templated":true}]}}