{"id":16396,"date":"2019-03-14T23:00:14","date_gmt":"2019-03-15T05:00:14","guid":{"rendered":"https:\/\/accesolatino.org\/?p=16396"},"modified":"2025-10-27T10:04:51","modified_gmt":"2025-10-27T16:04:51","slug":"democratas-avanzan-hacia-solucion-permanente-para-beneficiarios-daca-y-tps","status":"publish","type":"post","link":"https:\/\/accesolatino.org\/en\/democratas-avanzan-hacia-solucion-permanente-para-beneficiarios-daca-y-tps\/noticias\/","title":{"rendered":"Dem\u00f3cratas avanzan hacia soluci\u00f3n permanente para beneficiarios DACA y TPS"},"content":{"rendered":"<div data-elementor-type=\"wp-post\" data-elementor-id=\"16396\" class=\"elementor elementor-16396\">\n\t\t\t\t\t\t<section class=\"elementor-section elementor-top-section elementor-element elementor-element-369f77a elementor-section-boxed elementor-section-height-default elementor-section-height-default wpr-particle-no wpr-jarallax-no wpr-parallax-no wpr-sticky-section-no wpr-equal-height-no\" data-id=\"369f77a\" data-element_type=\"section\" data-e-type=\"section\">\n\t\t\t\t\t\t<div class=\"elementor-container elementor-column-gap-default\">\n\t\t\t\t\t<div class=\"elementor-column elementor-col-100 elementor-top-column elementor-element elementor-element-8ef62e2\" data-id=\"8ef62e2\" data-element_type=\"column\" data-e-type=\"column\">\n\t\t\t<div class=\"elementor-widget-wrap elementor-element-populated\">\n\t\t\t\t\t\t<div class=\"elementor-element elementor-element-d9121ee elementor-widget elementor-widget-text-editor\" data-id=\"d9121ee\" data-element_type=\"widget\" data-e-type=\"widget\" data-widget_type=\"text-editor.default\">\n\t\t\t\t<div class=\"elementor-widget-container\">\n\t\t\t\t\t\t\t\t\t<p>Los dem\u00f3cratas en la C\u00e1mara de Representantes dieron ayer el primer paso hacia una soluci\u00f3n \u201cpermanente\u201d para miles los de inmigrantes protegidos por varios programas de protecci\u00f3n, entre ellos los <em>\u201cdreamers\u201d<\/em> del DACA y los beneficiarios del Estatus de Protecci\u00f3n Temporal (TPS) y con ello echar para atr\u00e1s a los deseos del presidente de los Estados Unidos.<\/p><p>El proyecto de ley presentado este martes otorgar\u00eda una v\u00eda de acceso legal a la ciudadan\u00eda a los indocumentados protegidos por los amparos de <strong>Acci\u00f3n Diferida para los Llegados en la Infancia (DACA),<\/strong> el <strong>Estatus de Protecci\u00f3n Temporal (TPS)<\/strong> y el de <strong>Partida Forzada Diferida (DED).<\/strong><\/p><p>La legisladora Nydia Vel\u00e1zquez, coautora de la ley, dijo en rueda de prensa: <em>\u201cNecesitamos obtener una soluci\u00f3n final para un problema que es una verg\u00fcenza: tenemos a estos j\u00f3venes que son estadounidenses en todos los sentidos, menos en papel, y no puedo entender que no abordemos esta situaci\u00f3n\u201d.<\/em><\/p><p>Por su parte, la directora de <strong>United We Dream<\/strong>, Greisa Mart\u00ednez, asegur\u00f3 que despu\u00e9s de que sea aprobada en la C\u00e1mara de Representantes, su organizaci\u00f3n y otras seguir\u00e1n \u201cpresionando\u201d hasta que la comunidad afectada \u201cpueda vivir con dignidad y prosperar\u201d.<\/p><p>Este es un avance gigantesco para nuestros hermanos inmigrantes e indocumentados, de poder vivir plenamente en los Estados Unidos. No olvides visitar accesolatino.org y nuestras redes sociales.<\/p><p>Fuente: <em>La Opini\u00f3n<\/em><\/p>\t\t\t\t\t\t\t\t<\/div>\n\t\t\t\t<\/div>\n\t\t\t\t\t<\/div>\n\t\t<\/div>\n\t\t\t\t\t<\/div>\n\t\t<\/section>\n\t\t\t\t<\/div>","protected":false},"excerpt":{"rendered":"<p>Los dem\u00f3cratas en la C\u00e1mara de Representantes dieron ayer el primer paso hacia una soluci\u00f3n \u201cpermanente\u201d para miles los de inmigrantes protegidos por varios programas de protecci\u00f3n, entre ellos los \u201cdreamers\u201d del DACA y los beneficiarios del Estatus de Protecci\u00f3n Temporal (TPS) y con ello echar para atr\u00e1s a los deseos del presidente de los Estados Unidos. El proyecto de ley presentado este martes otorgar\u00eda una v\u00eda de acceso legal a la ciudadan\u00eda a los indocumentados protegidos por los amparos de Acci\u00f3n Diferida para los Llegados en la Infancia (DACA), el Estatus de Protecci\u00f3n Temporal (TPS) y el de Partida Forzada Diferida (DED). La legisladora Nydia Vel\u00e1zquez, coautora de la ley, dijo en rueda de prensa: \u201cNecesitamos obtener una soluci\u00f3n final para un problema que es una verg\u00fcenza: tenemos a estos j\u00f3venes que son estadounidenses en todos los sentidos, menos en papel, y no puedo entender que no abordemos esta situaci\u00f3n\u201d. Por su parte, la directora de United We Dream, Greisa Mart\u00ednez, asegur\u00f3 que despu\u00e9s de que sea aprobada en la C\u00e1mara de Representantes, su organizaci\u00f3n y otras seguir\u00e1n \u201cpresionando\u201d hasta que la comunidad afectada \u201cpueda vivir con dignidad y prosperar\u201d. Este es un avance gigantesco para nuestros hermanos inmigrantes e indocumentados, de poder vivir plenamente en los Estados Unidos. No olvides visitar accesolatino.org y nuestras redes sociales. Fuente: La Opini\u00f3n<\/p>","protected":false},"author":13,"featured_media":16401,"comment_status":"open","ping_status":"open","sticky":false,"template":"","format":"standard","meta":{"_uf_show_specific_survey":0,"_uf_disable_surveys":false,"footnotes":""},"categories":[10,1],"tags":[],"class_list":["post-16396","post","type-post","status-publish","format-standard","has-post-thumbnail","hentry","category-noticias","category-temas-de-interes"],"aioseo_notices":[],"yoast_head":"<!-- This site is optimized with the Yoast SEO plugin v27.5 - https:\/\/yoast.com\/product\/yoast-seo-wordpress\/ -->\n<title>Dem\u00f3cratas avanzan hacia soluci\u00f3n permanente para beneficiarios DACA y TPS<\/title>\n<meta name=\"description\" content=\"Los dem\u00f3cratas en la C\u00e1mara de Representantes dieron ayer el primer paso hacia una soluci\u00f3n \u201cpermanente\u201d para miles los de inmigrantes protegidos\" \/>\n<meta name=\"robots\" content=\"index, follow, max-snippet:-1, max-image-preview:large, max-video-preview:-1\" \/>\n<link rel=\"canonical\" href=\"https:\/\/accesolatino.org\/en\/democratas-avanzan-hacia-solucion-permanente-para-beneficiarios-daca-y-tps\/noticias\/\" \/>\n<meta property=\"og:locale\" content=\"en_US\" \/>\n<meta property=\"og:type\" content=\"article\" \/>\n<meta property=\"og:title\" content=\"Dem\u00f3cratas avanzan hacia soluci\u00f3n permanente para beneficiarios DACA y TPS\" \/>\n<meta property=\"og:description\" content=\"Los dem\u00f3cratas en la C\u00e1mara de Representantes dieron ayer el primer paso hacia una soluci\u00f3n \u201cpermanente\u201d para miles los de inmigrantes protegidos\" \/>\n<meta property=\"og:url\" content=\"https:\/\/accesolatino.org\/en\/democratas-avanzan-hacia-solucion-permanente-para-beneficiarios-daca-y-tps\/noticias\/\" \/>\n<meta property=\"og:site_name\" content=\"Acceso Latino\" \/>\n<meta property=\"article:publisher\" content=\"https:\/\/www.facebook.com\/AccesoLatinoOrg\" \/>\n<meta property=\"article:published_time\" content=\"2019-03-15T05:00:14+00:00\" \/>\n<meta property=\"article:modified_time\" content=\"2025-10-27T16:04:51+00:00\" \/>\n<meta property=\"og:image\" content=\"https:\/\/accesolatino.org\/wp-content\/uploads\/2019\/04\/democratas-avanzan-hacia-solucion-permanente-para-beneficiarios-daca-y-tps.jpg\" \/>\n\t<meta property=\"og:image:width\" content=\"600\" \/>\n\t<meta property=\"og:image:height\" content=\"338\" \/>\n\t<meta property=\"og:image:type\" content=\"image\/jpeg\" \/>\n<meta name=\"author\" content=\"Noticias\" \/>\n<meta name=\"twitter:card\" content=\"summary_large_image\" \/>\n<meta name=\"twitter:creator\" content=\"@FAccLatino\" \/>\n<meta name=\"twitter:site\" content=\"@FAccLatino\" \/>\n<meta name=\"twitter:label1\" content=\"Written by\" \/>\n\t<meta name=\"twitter:data1\" content=\"Noticias\" \/>\n\t<meta name=\"twitter:label2\" content=\"Est. reading time\" \/>\n\t<meta name=\"twitter:data2\" content=\"2 minutes\" \/>\n<script type=\"application\/ld+json\" class=\"yoast-schema-graph\">{\"@context\":\"https:\\\/\\\/schema.org\",\"@graph\":[{\"@type\":\"Article\",\"@id\":\"https:\\\/\\\/accesolatino.org\\\/democratas-avanzan-hacia-solucion-permanente-para-beneficiarios-daca-y-tps\\\/noticias\\\/#article\",\"isPartOf\":{\"@id\":\"https:\\\/\\\/accesolatino.org\\\/democratas-avanzan-hacia-solucion-permanente-para-beneficiarios-daca-y-tps\\\/noticias\\\/\"},\"author\":{\"name\":\"Noticias\",\"@id\":\"https:\\\/\\\/accesolatino.org\\\/#\\\/schema\\\/person\\\/57bc3bfd2c357610a5255490ca4cd305\"},\"headline\":\"Dem\u00f3cratas avanzan hacia soluci\u00f3n permanente para beneficiarios DACA y TPS\",\"datePublished\":\"2019-03-15T05:00:14+00:00\",\"dateModified\":\"2025-10-27T16:04:51+00:00\",\"mainEntityOfPage\":{\"@id\":\"https:\\\/\\\/accesolatino.org\\\/democratas-avanzan-hacia-solucion-permanente-para-beneficiarios-daca-y-tps\\\/noticias\\\/\"},\"wordCount\":256,\"commentCount\":0,\"publisher\":{\"@id\":\"https:\\\/\\\/accesolatino.org\\\/#organization\"},\"image\":{\"@id\":\"https:\\\/\\\/accesolatino.org\\\/democratas-avanzan-hacia-solucion-permanente-para-beneficiarios-daca-y-tps\\\/noticias\\\/#primaryimage\"},\"thumbnailUrl\":\"https:\\\/\\\/accesolatino.org\\\/wp-content\\\/uploads\\\/2019\\\/04\\\/democratas-avanzan-hacia-solucion-permanente-para-beneficiarios-daca-y-tps.jpg\",\"articleSection\":[\"Noticias\",\"Temas de inter\u00e9s\"],\"inLanguage\":\"en-US\",\"potentialAction\":[{\"@type\":\"CommentAction\",\"name\":\"Comment\",\"target\":[\"https:\\\/\\\/accesolatino.org\\\/democratas-avanzan-hacia-solucion-permanente-para-beneficiarios-daca-y-tps\\\/noticias\\\/#respond\"]}]},{\"@type\":\"WebPage\",\"@id\":\"https:\\\/\\\/accesolatino.org\\\/democratas-avanzan-hacia-solucion-permanente-para-beneficiarios-daca-y-tps\\\/noticias\\\/\",\"url\":\"https:\\\/\\\/accesolatino.org\\\/democratas-avanzan-hacia-solucion-permanente-para-beneficiarios-daca-y-tps\\\/noticias\\\/\",\"name\":\"Dem\u00f3cratas avanzan hacia soluci\u00f3n permanente para beneficiarios DACA y TPS\",\"isPartOf\":{\"@id\":\"https:\\\/\\\/accesolatino.org\\\/#website\"},\"primaryImageOfPage\":{\"@id\":\"https:\\\/\\\/accesolatino.org\\\/democratas-avanzan-hacia-solucion-permanente-para-beneficiarios-daca-y-tps\\\/noticias\\\/#primaryimage\"},\"image\":{\"@id\":\"https:\\\/\\\/accesolatino.org\\\/democratas-avanzan-hacia-solucion-permanente-para-beneficiarios-daca-y-tps\\\/noticias\\\/#primaryimage\"},\"thumbnailUrl\":\"https:\\\/\\\/accesolatino.org\\\/wp-content\\\/uploads\\\/2019\\\/04\\\/democratas-avanzan-hacia-solucion-permanente-para-beneficiarios-daca-y-tps.jpg\",\"datePublished\":\"2019-03-15T05:00:14+00:00\",\"dateModified\":\"2025-10-27T16:04:51+00:00\",\"description\":\"Los dem\u00f3cratas en la C\u00e1mara de Representantes dieron ayer el primer paso hacia una soluci\u00f3n \u201cpermanente\u201d para miles los de inmigrantes protegidos\",\"breadcrumb\":{\"@id\":\"https:\\\/\\\/accesolatino.org\\\/democratas-avanzan-hacia-solucion-permanente-para-beneficiarios-daca-y-tps\\\/noticias\\\/#breadcrumb\"},\"inLanguage\":\"en-US\",\"potentialAction\":[{\"@type\":\"ReadAction\",\"target\":[\"https:\\\/\\\/accesolatino.org\\\/democratas-avanzan-hacia-solucion-permanente-para-beneficiarios-daca-y-tps\\\/noticias\\\/\"]}]},{\"@type\":\"ImageObject\",\"inLanguage\":\"en-US\",\"@id\":\"https:\\\/\\\/accesolatino.org\\\/democratas-avanzan-hacia-solucion-permanente-para-beneficiarios-daca-y-tps\\\/noticias\\\/#primaryimage\",\"url\":\"https:\\\/\\\/accesolatino.org\\\/wp-content\\\/uploads\\\/2019\\\/04\\\/democratas-avanzan-hacia-solucion-permanente-para-beneficiarios-daca-y-tps.jpg\",\"contentUrl\":\"https:\\\/\\\/accesolatino.org\\\/wp-content\\\/uploads\\\/2019\\\/04\\\/democratas-avanzan-hacia-solucion-permanente-para-beneficiarios-daca-y-tps.jpg\",\"width\":600,\"height\":338,\"caption\":\"democratas-avanzan-hacia-solucion-permanente-para-beneficiarios-daca-y-tps\"},{\"@type\":\"BreadcrumbList\",\"@id\":\"https:\\\/\\\/accesolatino.org\\\/democratas-avanzan-hacia-solucion-permanente-para-beneficiarios-daca-y-tps\\\/noticias\\\/#breadcrumb\",\"itemListElement\":[{\"@type\":\"ListItem\",\"position\":1,\"name\":\"Portada\",\"item\":\"https:\\\/\\\/accesolatino.org\\\/\"},{\"@type\":\"ListItem\",\"position\":2,\"name\":\"Noticias\",\"item\":\"https:\\\/\\\/accesolatino.org\\\/category\\\/noticias\\\/\"},{\"@type\":\"ListItem\",\"position\":3,\"name\":\"Dem\u00f3cratas avanzan hacia soluci\u00f3n permanente para beneficiarios DACA y TPS\"}]},{\"@type\":\"WebSite\",\"@id\":\"https:\\\/\\\/accesolatino.org\\\/#website\",\"url\":\"https:\\\/\\\/accesolatino.org\\\/\",\"name\":\"Acceso Latino | Fundaci\u00f3n Carlos Slim\",\"description\":\"Fundaci\u00f3n Carlos Slim\",\"publisher\":{\"@id\":\"https:\\\/\\\/accesolatino.org\\\/#organization\"},\"potentialAction\":[{\"@type\":\"SearchAction\",\"target\":{\"@type\":\"EntryPoint\",\"urlTemplate\":\"https:\\\/\\\/accesolatino.org\\\/?s={search_term_string}\"},\"query-input\":{\"@type\":\"PropertyValueSpecification\",\"valueRequired\":true,\"valueName\":\"search_term_string\"}}],\"inLanguage\":\"en-US\"},{\"@type\":\"Organization\",\"@id\":\"https:\\\/\\\/accesolatino.org\\\/#organization\",\"name\":\"Acceso Latino | Fundaci\u00f3n Carlos Slim\",\"url\":\"https:\\\/\\\/accesolatino.org\\\/\",\"logo\":{\"@type\":\"ImageObject\",\"inLanguage\":\"en-US\",\"@id\":\"https:\\\/\\\/accesolatino.org\\\/#\\\/schema\\\/logo\\\/image\\\/\",\"url\":\"https:\\\/\\\/accesolatino.org\\\/wp-content\\\/uploads\\\/2021\\\/02\\\/logo-footer-acceso-latino.png\",\"contentUrl\":\"https:\\\/\\\/accesolatino.org\\\/wp-content\\\/uploads\\\/2021\\\/02\\\/logo-footer-acceso-latino.png\",\"width\":240,\"height\":40,\"caption\":\"Acceso Latino | Fundaci\u00f3n Carlos Slim\"},\"image\":{\"@id\":\"https:\\\/\\\/accesolatino.org\\\/#\\\/schema\\\/logo\\\/image\\\/\"},\"sameAs\":[\"https:\\\/\\\/www.facebook.com\\\/AccesoLatinoOrg\",\"https:\\\/\\\/x.com\\\/FAccLatino\"]},{\"@type\":\"Person\",\"@id\":\"https:\\\/\\\/accesolatino.org\\\/#\\\/schema\\\/person\\\/57bc3bfd2c357610a5255490ca4cd305\",\"name\":\"Noticias\"}]}<\/script>\n<!-- \/ Yoast SEO plugin. -->","yoast_head_json":{"title":"Dem\u00f3cratas avanzan hacia soluci\u00f3n permanente para beneficiarios DACA y TPS","description":"Los dem\u00f3cratas en la C\u00e1mara de Representantes dieron ayer el primer paso hacia una soluci\u00f3n \u201cpermanente\u201d para miles los de inmigrantes protegidos","robots":{"index":"index","follow":"follow","max-snippet":"max-snippet:-1","max-image-preview":"max-image-preview:large","max-video-preview":"max-video-preview:-1"},"canonical":"https:\/\/accesolatino.org\/en\/democratas-avanzan-hacia-solucion-permanente-para-beneficiarios-daca-y-tps\/noticias\/","og_locale":"en_US","og_type":"article","og_title":"Dem\u00f3cratas avanzan hacia soluci\u00f3n permanente para beneficiarios DACA y TPS","og_description":"Los dem\u00f3cratas en la C\u00e1mara de Representantes dieron ayer el primer paso hacia una soluci\u00f3n \u201cpermanente\u201d para miles los de inmigrantes protegidos","og_url":"https:\/\/accesolatino.org\/en\/democratas-avanzan-hacia-solucion-permanente-para-beneficiarios-daca-y-tps\/noticias\/","og_site_name":"Acceso Latino","article_publisher":"https:\/\/www.facebook.com\/AccesoLatinoOrg","article_published_time":"2019-03-15T05:00:14+00:00","article_modified_time":"2025-10-27T16:04:51+00:00","og_image":[{"width":600,"height":338,"url":"https:\/\/accesolatino.org\/wp-content\/uploads\/2019\/04\/democratas-avanzan-hacia-solucion-permanente-para-beneficiarios-daca-y-tps.jpg","type":"image\/jpeg"}],"author":"Noticias","twitter_card":"summary_large_image","twitter_creator":"@FAccLatino","twitter_site":"@FAccLatino","twitter_misc":{"Written by":"Noticias","Est. reading time":"2 minutes"},"schema":{"@context":"https:\/\/schema.org","@graph":[{"@type":"Article","@id":"https:\/\/accesolatino.org\/democratas-avanzan-hacia-solucion-permanente-para-beneficiarios-daca-y-tps\/noticias\/#article","isPartOf":{"@id":"https:\/\/accesolatino.org\/democratas-avanzan-hacia-solucion-permanente-para-beneficiarios-daca-y-tps\/noticias\/"},"author":{"name":"Noticias","@id":"https:\/\/accesolatino.org\/#\/schema\/person\/57bc3bfd2c357610a5255490ca4cd305"},"headline":"Dem\u00f3cratas avanzan hacia soluci\u00f3n permanente para beneficiarios DACA y TPS","datePublished":"2019-03-15T05:00:14+00:00","dateModified":"2025-10-27T16:04:51+00:00","mainEntityOfPage":{"@id":"https:\/\/accesolatino.org\/democratas-avanzan-hacia-solucion-permanente-para-beneficiarios-daca-y-tps\/noticias\/"},"wordCount":256,"commentCount":0,"publisher":{"@id":"https:\/\/accesolatino.org\/#organization"},"image":{"@id":"https:\/\/accesolatino.org\/democratas-avanzan-hacia-solucion-permanente-para-beneficiarios-daca-y-tps\/noticias\/#primaryimage"},"thumbnailUrl":"https:\/\/accesolatino.org\/wp-content\/uploads\/2019\/04\/democratas-avanzan-hacia-solucion-permanente-para-beneficiarios-daca-y-tps.jpg","articleSection":["Noticias","Temas de inter\u00e9s"],"inLanguage":"en-US","potentialAction":[{"@type":"CommentAction","name":"Comment","target":["https:\/\/accesolatino.org\/democratas-avanzan-hacia-solucion-permanente-para-beneficiarios-daca-y-tps\/noticias\/#respond"]}]},{"@type":"WebPage","@id":"https:\/\/accesolatino.org\/democratas-avanzan-hacia-solucion-permanente-para-beneficiarios-daca-y-tps\/noticias\/","url":"https:\/\/accesolatino.org\/democratas-avanzan-hacia-solucion-permanente-para-beneficiarios-daca-y-tps\/noticias\/","name":"Dem\u00f3cratas avanzan hacia soluci\u00f3n permanente para beneficiarios DACA y TPS","isPartOf":{"@id":"https:\/\/accesolatino.org\/#website"},"primaryImageOfPage":{"@id":"https:\/\/accesolatino.org\/democratas-avanzan-hacia-solucion-permanente-para-beneficiarios-daca-y-tps\/noticias\/#primaryimage"},"image":{"@id":"https:\/\/accesolatino.org\/democratas-avanzan-hacia-solucion-permanente-para-beneficiarios-daca-y-tps\/noticias\/#primaryimage"},"thumbnailUrl":"https:\/\/accesolatino.org\/wp-content\/uploads\/2019\/04\/democratas-avanzan-hacia-solucion-permanente-para-beneficiarios-daca-y-tps.jpg","datePublished":"2019-03-15T05:00:14+00:00","dateModified":"2025-10-27T16:04:51+00:00","description":"Los dem\u00f3cratas en la C\u00e1mara de Representantes dieron ayer el primer paso hacia una soluci\u00f3n \u201cpermanente\u201d para miles los de inmigrantes protegidos","breadcrumb":{"@id":"https:\/\/accesolatino.org\/democratas-avanzan-hacia-solucion-permanente-para-beneficiarios-daca-y-tps\/noticias\/#breadcrumb"},"inLanguage":"en-US","potentialAction":[{"@type":"ReadAction","target":["https:\/\/accesolatino.org\/democratas-avanzan-hacia-solucion-permanente-para-beneficiarios-daca-y-tps\/noticias\/"]}]},{"@type":"ImageObject","inLanguage":"en-US","@id":"https:\/\/accesolatino.org\/democratas-avanzan-hacia-solucion-permanente-para-beneficiarios-daca-y-tps\/noticias\/#primaryimage","url":"https:\/\/accesolatino.org\/wp-content\/uploads\/2019\/04\/democratas-avanzan-hacia-solucion-permanente-para-beneficiarios-daca-y-tps.jpg","contentUrl":"https:\/\/accesolatino.org\/wp-content\/uploads\/2019\/04\/democratas-avanzan-hacia-solucion-permanente-para-beneficiarios-daca-y-tps.jpg","width":600,"height":338,"caption":"democratas-avanzan-hacia-solucion-permanente-para-beneficiarios-daca-y-tps"},{"@type":"BreadcrumbList","@id":"https:\/\/accesolatino.org\/democratas-avanzan-hacia-solucion-permanente-para-beneficiarios-daca-y-tps\/noticias\/#breadcrumb","itemListElement":[{"@type":"ListItem","position":1,"name":"Portada","item":"https:\/\/accesolatino.org\/"},{"@type":"ListItem","position":2,"name":"Noticias","item":"https:\/\/accesolatino.org\/category\/noticias\/"},{"@type":"ListItem","position":3,"name":"Dem\u00f3cratas avanzan hacia soluci\u00f3n permanente para beneficiarios DACA y TPS"}]},{"@type":"WebSite","@id":"https:\/\/accesolatino.org\/#website","url":"https:\/\/accesolatino.org\/","name":"Acceso Latino | Fundaci\u00f3n Carlos Slim","description":"Fundaci\u00f3n Carlos Slim","publisher":{"@id":"https:\/\/accesolatino.org\/#organization"},"potentialAction":[{"@type":"SearchAction","target":{"@type":"EntryPoint","urlTemplate":"https:\/\/accesolatino.org\/?s={search_term_string}"},"query-input":{"@type":"PropertyValueSpecification","valueRequired":true,"valueName":"search_term_string"}}],"inLanguage":"en-US"},{"@type":"Organization","@id":"https:\/\/accesolatino.org\/#organization","name":"Acceso Latino | Fundaci\u00f3n Carlos Slim","url":"https:\/\/accesolatino.org\/","logo":{"@type":"ImageObject","inLanguage":"en-US","@id":"https:\/\/accesolatino.org\/#\/schema\/logo\/image\/","url":"https:\/\/accesolatino.org\/wp-content\/uploads\/2021\/02\/logo-footer-acceso-latino.png","contentUrl":"https:\/\/accesolatino.org\/wp-content\/uploads\/2021\/02\/logo-footer-acceso-latino.png","width":240,"height":40,"caption":"Acceso Latino | Fundaci\u00f3n Carlos Slim"},"image":{"@id":"https:\/\/accesolatino.org\/#\/schema\/logo\/image\/"},"sameAs":["https:\/\/www.facebook.com\/AccesoLatinoOrg","https:\/\/x.com\/FAccLatino"]},{"@type":"Person","@id":"https:\/\/accesolatino.org\/#\/schema\/person\/57bc3bfd2c357610a5255490ca4cd305","name":"News"}]}},"_links":{"self":[{"href":"https:\/\/accesolatino.org\/en\/wp-json\/wp\/v2\/posts\/16396","targetHints":{"allow":["GET"]}}],"collection":[{"href":"https:\/\/accesolatino.org\/en\/wp-json\/wp\/v2\/posts"}],"about":[{"href":"https:\/\/accesolatino.org\/en\/wp-json\/wp\/v2\/types\/post"}],"author":[{"embeddable":true,"href":"https:\/\/accesolatino.org\/en\/wp-json\/wp\/v2\/users\/13"}],"replies":[{"embeddable":true,"href":"https:\/\/accesolatino.org\/en\/wp-json\/wp\/v2\/comments?post=16396"}],"version-history":[{"count":1,"href":"https:\/\/accesolatino.org\/en\/wp-json\/wp\/v2\/posts\/16396\/revisions"}],"predecessor-version":[{"id":66404,"href":"https:\/\/accesolatino.org\/en\/wp-json\/wp\/v2\/posts\/16396\/revisions\/66404"}],"wp:featuredmedia":[{"embeddable":true,"href":"https:\/\/accesolatino.org\/en\/wp-json\/wp\/v2\/media\/16401"}],"wp:attachment":[{"href":"https:\/\/accesolatino.org\/en\/wp-json\/wp\/v2\/media?parent=16396"}],"wp:term":[{"taxonomy":"category","embeddable":true,"href":"https:\/\/accesolatino.org\/en\/wp-json\/wp\/v2\/categories?post=16396"},{"taxonomy":"post_tag","embeddable":true,"href":"https:\/\/accesolatino.org\/en\/wp-json\/wp\/v2\/tags?post=16396"}],"curies":[{"name":"wp","href":"https:\/\/api.w.org\/{rel}","templated":true}]}}