{"id":16388,"date":"2019-03-15T11:00:28","date_gmt":"2019-03-15T17:00:28","guid":{"rendered":"https:\/\/accesolatino.org\/?p=16388"},"modified":"2025-10-27T09:53:28","modified_gmt":"2025-10-27T15:53:28","slug":"democratas-presenta-propuesta-para-ayudar-dreamers-e-indocumentados","status":"publish","type":"post","link":"https:\/\/accesolatino.org\/en\/democratas-presenta-propuesta-para-ayudar-dreamers-e-indocumentados\/noticias\/","title":{"rendered":"Dem\u00f3cratas presenta propuesta para ayudar Dreamers e indocumentados"},"content":{"rendered":"<div data-elementor-type=\"wp-post\" data-elementor-id=\"16388\" class=\"elementor elementor-16388\">\n\t\t\t\t\t\t<section class=\"elementor-section elementor-top-section elementor-element elementor-element-369f77a elementor-section-boxed elementor-section-height-default elementor-section-height-default wpr-particle-no wpr-jarallax-no wpr-parallax-no wpr-sticky-section-no wpr-equal-height-no\" data-id=\"369f77a\" data-element_type=\"section\" data-e-type=\"section\">\n\t\t\t\t\t\t<div class=\"elementor-container elementor-column-gap-default\">\n\t\t\t\t\t<div class=\"elementor-column elementor-col-100 elementor-top-column elementor-element elementor-element-8ef62e2\" data-id=\"8ef62e2\" data-element_type=\"column\" data-e-type=\"column\">\n\t\t\t<div class=\"elementor-widget-wrap elementor-element-populated\">\n\t\t\t\t\t\t<div class=\"elementor-element elementor-element-d9121ee elementor-widget elementor-widget-text-editor\" data-id=\"d9121ee\" data-element_type=\"widget\" data-e-type=\"widget\" data-widget_type=\"text-editor.default\">\n\t\t\t\t<div class=\"elementor-widget-container\">\n\t\t\t\t\t\t\t\t\t<p>La propuesta, de la que podr\u00edan beneficiarse unos 2.7 millones, otorga el estatus de residente permanente condicional por un per\u00edodo de 10 a\u00f1os, al t\u00e9rmino de los cuales los beneficiarios podr\u00e1n gestionar el retiro de las restricciones e incluso ser elegibles para obtener la ciudadan\u00eda.<\/p><p>Tres legisladoras dem\u00f3cratas presentaron este martes una iniciativa de ley que, de ser aprobada, regularizar\u00e1 la estad\u00eda de millones de <em>dreamers,<\/em> y cientos de miles de indocumentados.<\/p><p>Llamada <strong>Ley de Sue\u00f1os y Promesas<\/strong> el proyecto es apoyado por las representantes dem\u00f3cratas Lucille Roybal-Allard (California), Nydia Vel\u00e1zquez (Nueva York) e Yvette Clarke (Nueva York).<\/p><p>Entre los requisitos m\u00ednimos exigidos por el plan para los <em>dreamers<\/em>, deber\u00e1n probar:<\/p><p>Que han estado presentes f\u00edsicamente en Estados Unidos en los cuatro a\u00f1os anteriores a la fecha de promulgaci\u00f3n de la iniciativa de ley.<\/p><p>Que ten\u00edan menos de 17 a\u00f1os cuando ingresaron al pa\u00eds.<\/p><p>A diferencia de otros proyectos de ley para los <em>dreamers<\/em>, esta versi\u00f3n no incluye un l\u00edmite de edad para postular, y extiende la fecha de entrada para proteger a un mayor n\u00famero de beneficiarios.<\/p><p>Adem\u00e1s de presencia f\u00edsica, los potenciales benefactores deber\u00e1n probar que:<\/p><ul><li>Carecen de antecedentes criminales<\/li><li>No abusaron de las visas de estudiante.<\/li><li>No cometieron poligamia.<\/li><li>No han sido hallados culpables de tr\u00e1fico de personas.<\/li><li>No han votado ilegalmente.<\/li><li>No renunciaron a la ciudadan\u00eda de EEUU para evitar el pago de impuestos.<\/li><\/ul><p>Los dem\u00f3cratas buscan apoyar a los dreamers e inmigrantes, lo cual habla de un avance por los derechos y una vida plena en los Estados Unidos.<\/p><p>Acceso Latino tu portal de ayuda migratoria.<\/p>\t\t\t\t\t\t\t\t<\/div>\n\t\t\t\t<\/div>\n\t\t\t\t\t<\/div>\n\t\t<\/div>\n\t\t\t\t\t<\/div>\n\t\t<\/section>\n\t\t\t\t<\/div>","protected":false},"excerpt":{"rendered":"<p>La propuesta, de la que podr\u00edan beneficiarse unos 2.7 millones, otorga el estatus de residente permanente condicional por un per\u00edodo de 10 a\u00f1os, al t\u00e9rmino de los cuales los beneficiarios podr\u00e1n gestionar el retiro de las restricciones e incluso ser elegibles para obtener la ciudadan\u00eda. Tres legisladoras dem\u00f3cratas presentaron este martes una iniciativa de ley que, de ser aprobada, regularizar\u00e1 la estad\u00eda de millones de dreamers, y cientos de miles de indocumentados. Llamada Ley de Sue\u00f1os y Promesas el proyecto es apoyado por las representantes dem\u00f3cratas Lucille Roybal-Allard (California), Nydia Vel\u00e1zquez (Nueva York) e Yvette Clarke (Nueva York). Entre los requisitos m\u00ednimos exigidos por el plan para los dreamers, deber\u00e1n probar: Que han estado presentes f\u00edsicamente en Estados Unidos en los cuatro a\u00f1os anteriores a la fecha de promulgaci\u00f3n de la iniciativa de ley. Que ten\u00edan menos de 17 a\u00f1os cuando ingresaron al pa\u00eds. A diferencia de otros proyectos de ley para los dreamers, esta versi\u00f3n no incluye un l\u00edmite de edad para postular, y extiende la fecha de entrada para proteger a un mayor n\u00famero de beneficiarios. Adem\u00e1s de presencia f\u00edsica, los potenciales benefactores deber\u00e1n probar que: Carecen de antecedentes criminales No abusaron de las visas de estudiante. No cometieron poligamia. No han sido hallados culpables de tr\u00e1fico de personas. No han votado ilegalmente. No renunciaron a la ciudadan\u00eda de EEUU para evitar el pago de impuestos. Los dem\u00f3cratas buscan apoyar a los dreamers e inmigrantes, lo cual habla de un avance por los derechos y una vida plena en los Estados Unidos. Acceso Latino tu portal de ayuda migratoria.<\/p>","protected":false},"author":13,"featured_media":16389,"comment_status":"open","ping_status":"open","sticky":false,"template":"","format":"standard","meta":{"_uf_show_specific_survey":0,"_uf_disable_surveys":false,"footnotes":""},"categories":[10,1],"tags":[],"class_list":["post-16388","post","type-post","status-publish","format-standard","has-post-thumbnail","hentry","category-noticias","category-temas-de-interes"],"aioseo_notices":[],"yoast_head":"<!-- This site is optimized with the Yoast SEO plugin v27.5 - https:\/\/yoast.com\/product\/yoast-seo-wordpress\/ -->\n<title>Dem\u00f3cratas presenta propuesta para ayudar Dreamers e indocumentados<\/title>\n<meta name=\"description\" content=\"La propuesta, de la que podr\u00edan beneficiarse unos 2.7 millones, otorga el estatus de residente permanente condicional por un per\u00edodo de 10 a\u00f1os\" \/>\n<meta name=\"robots\" content=\"index, follow, max-snippet:-1, max-image-preview:large, max-video-preview:-1\" \/>\n<link rel=\"canonical\" href=\"https:\/\/accesolatino.org\/en\/democratas-presenta-propuesta-para-ayudar-dreamers-e-indocumentados\/noticias\/\" \/>\n<meta property=\"og:locale\" content=\"en_US\" \/>\n<meta property=\"og:type\" content=\"article\" \/>\n<meta property=\"og:title\" content=\"Dem\u00f3cratas presenta propuesta para ayudar Dreamers e indocumentados\" \/>\n<meta property=\"og:description\" content=\"La propuesta, de la que podr\u00edan beneficiarse unos 2.7 millones, otorga el estatus de residente permanente condicional por un per\u00edodo de 10 a\u00f1os\" \/>\n<meta property=\"og:url\" content=\"https:\/\/accesolatino.org\/en\/democratas-presenta-propuesta-para-ayudar-dreamers-e-indocumentados\/noticias\/\" \/>\n<meta property=\"og:site_name\" content=\"Acceso Latino\" \/>\n<meta property=\"article:publisher\" content=\"https:\/\/www.facebook.com\/AccesoLatinoOrg\" \/>\n<meta property=\"article:published_time\" content=\"2019-03-15T17:00:28+00:00\" \/>\n<meta property=\"article:modified_time\" content=\"2025-10-27T15:53:28+00:00\" \/>\n<meta property=\"og:image\" content=\"https:\/\/accesolatino.org\/wp-content\/uploads\/2019\/04\/democratas-presenta-propuesta-para-ayudar-dreamers-e-indocumentados.jpg\" \/>\n\t<meta property=\"og:image:width\" content=\"600\" \/>\n\t<meta property=\"og:image:height\" content=\"338\" \/>\n\t<meta property=\"og:image:type\" content=\"image\/jpeg\" \/>\n<meta name=\"author\" content=\"Noticias\" \/>\n<meta name=\"twitter:card\" content=\"summary_large_image\" \/>\n<meta name=\"twitter:creator\" content=\"@FAccLatino\" \/>\n<meta name=\"twitter:site\" content=\"@FAccLatino\" \/>\n<meta name=\"twitter:label1\" content=\"Written by\" \/>\n\t<meta name=\"twitter:data1\" content=\"Noticias\" \/>\n\t<meta name=\"twitter:label2\" content=\"Est. reading time\" \/>\n\t<meta name=\"twitter:data2\" content=\"2 minutes\" \/>\n<script type=\"application\/ld+json\" class=\"yoast-schema-graph\">{\"@context\":\"https:\\\/\\\/schema.org\",\"@graph\":[{\"@type\":\"Article\",\"@id\":\"https:\\\/\\\/accesolatino.org\\\/democratas-presenta-propuesta-para-ayudar-dreamers-e-indocumentados\\\/noticias\\\/#article\",\"isPartOf\":{\"@id\":\"https:\\\/\\\/accesolatino.org\\\/democratas-presenta-propuesta-para-ayudar-dreamers-e-indocumentados\\\/noticias\\\/\"},\"author\":{\"name\":\"Noticias\",\"@id\":\"https:\\\/\\\/accesolatino.org\\\/#\\\/schema\\\/person\\\/57bc3bfd2c357610a5255490ca4cd305\"},\"headline\":\"Dem\u00f3cratas presenta propuesta para ayudar Dreamers e indocumentados\",\"datePublished\":\"2019-03-15T17:00:28+00:00\",\"dateModified\":\"2025-10-27T15:53:28+00:00\",\"mainEntityOfPage\":{\"@id\":\"https:\\\/\\\/accesolatino.org\\\/democratas-presenta-propuesta-para-ayudar-dreamers-e-indocumentados\\\/noticias\\\/\"},\"wordCount\":295,\"commentCount\":0,\"publisher\":{\"@id\":\"https:\\\/\\\/accesolatino.org\\\/#organization\"},\"image\":{\"@id\":\"https:\\\/\\\/accesolatino.org\\\/democratas-presenta-propuesta-para-ayudar-dreamers-e-indocumentados\\\/noticias\\\/#primaryimage\"},\"thumbnailUrl\":\"https:\\\/\\\/accesolatino.org\\\/wp-content\\\/uploads\\\/2019\\\/04\\\/democratas-presenta-propuesta-para-ayudar-dreamers-e-indocumentados.jpg\",\"articleSection\":[\"Noticias\",\"Temas de inter\u00e9s\"],\"inLanguage\":\"en-US\",\"potentialAction\":[{\"@type\":\"CommentAction\",\"name\":\"Comment\",\"target\":[\"https:\\\/\\\/accesolatino.org\\\/democratas-presenta-propuesta-para-ayudar-dreamers-e-indocumentados\\\/noticias\\\/#respond\"]}]},{\"@type\":\"WebPage\",\"@id\":\"https:\\\/\\\/accesolatino.org\\\/democratas-presenta-propuesta-para-ayudar-dreamers-e-indocumentados\\\/noticias\\\/\",\"url\":\"https:\\\/\\\/accesolatino.org\\\/democratas-presenta-propuesta-para-ayudar-dreamers-e-indocumentados\\\/noticias\\\/\",\"name\":\"Dem\u00f3cratas presenta propuesta para ayudar Dreamers e indocumentados\",\"isPartOf\":{\"@id\":\"https:\\\/\\\/accesolatino.org\\\/#website\"},\"primaryImageOfPage\":{\"@id\":\"https:\\\/\\\/accesolatino.org\\\/democratas-presenta-propuesta-para-ayudar-dreamers-e-indocumentados\\\/noticias\\\/#primaryimage\"},\"image\":{\"@id\":\"https:\\\/\\\/accesolatino.org\\\/democratas-presenta-propuesta-para-ayudar-dreamers-e-indocumentados\\\/noticias\\\/#primaryimage\"},\"thumbnailUrl\":\"https:\\\/\\\/accesolatino.org\\\/wp-content\\\/uploads\\\/2019\\\/04\\\/democratas-presenta-propuesta-para-ayudar-dreamers-e-indocumentados.jpg\",\"datePublished\":\"2019-03-15T17:00:28+00:00\",\"dateModified\":\"2025-10-27T15:53:28+00:00\",\"description\":\"La propuesta, de la que podr\u00edan beneficiarse unos 2.7 millones, otorga el estatus de residente permanente condicional por un per\u00edodo de 10 a\u00f1os\",\"breadcrumb\":{\"@id\":\"https:\\\/\\\/accesolatino.org\\\/democratas-presenta-propuesta-para-ayudar-dreamers-e-indocumentados\\\/noticias\\\/#breadcrumb\"},\"inLanguage\":\"en-US\",\"potentialAction\":[{\"@type\":\"ReadAction\",\"target\":[\"https:\\\/\\\/accesolatino.org\\\/democratas-presenta-propuesta-para-ayudar-dreamers-e-indocumentados\\\/noticias\\\/\"]}]},{\"@type\":\"ImageObject\",\"inLanguage\":\"en-US\",\"@id\":\"https:\\\/\\\/accesolatino.org\\\/democratas-presenta-propuesta-para-ayudar-dreamers-e-indocumentados\\\/noticias\\\/#primaryimage\",\"url\":\"https:\\\/\\\/accesolatino.org\\\/wp-content\\\/uploads\\\/2019\\\/04\\\/democratas-presenta-propuesta-para-ayudar-dreamers-e-indocumentados.jpg\",\"contentUrl\":\"https:\\\/\\\/accesolatino.org\\\/wp-content\\\/uploads\\\/2019\\\/04\\\/democratas-presenta-propuesta-para-ayudar-dreamers-e-indocumentados.jpg\",\"width\":600,\"height\":338,\"caption\":\"democratas-presenta-propuesta-para-ayudar-dreamers-e-indocumentados\"},{\"@type\":\"BreadcrumbList\",\"@id\":\"https:\\\/\\\/accesolatino.org\\\/democratas-presenta-propuesta-para-ayudar-dreamers-e-indocumentados\\\/noticias\\\/#breadcrumb\",\"itemListElement\":[{\"@type\":\"ListItem\",\"position\":1,\"name\":\"Portada\",\"item\":\"https:\\\/\\\/accesolatino.org\\\/\"},{\"@type\":\"ListItem\",\"position\":2,\"name\":\"Noticias\",\"item\":\"https:\\\/\\\/accesolatino.org\\\/category\\\/noticias\\\/\"},{\"@type\":\"ListItem\",\"position\":3,\"name\":\"Dem\u00f3cratas presenta propuesta para ayudar Dreamers e indocumentados\"}]},{\"@type\":\"WebSite\",\"@id\":\"https:\\\/\\\/accesolatino.org\\\/#website\",\"url\":\"https:\\\/\\\/accesolatino.org\\\/\",\"name\":\"Acceso Latino | Fundaci\u00f3n Carlos Slim\",\"description\":\"Fundaci\u00f3n Carlos Slim\",\"publisher\":{\"@id\":\"https:\\\/\\\/accesolatino.org\\\/#organization\"},\"potentialAction\":[{\"@type\":\"SearchAction\",\"target\":{\"@type\":\"EntryPoint\",\"urlTemplate\":\"https:\\\/\\\/accesolatino.org\\\/?s={search_term_string}\"},\"query-input\":{\"@type\":\"PropertyValueSpecification\",\"valueRequired\":true,\"valueName\":\"search_term_string\"}}],\"inLanguage\":\"en-US\"},{\"@type\":\"Organization\",\"@id\":\"https:\\\/\\\/accesolatino.org\\\/#organization\",\"name\":\"Acceso Latino | Fundaci\u00f3n Carlos Slim\",\"url\":\"https:\\\/\\\/accesolatino.org\\\/\",\"logo\":{\"@type\":\"ImageObject\",\"inLanguage\":\"en-US\",\"@id\":\"https:\\\/\\\/accesolatino.org\\\/#\\\/schema\\\/logo\\\/image\\\/\",\"url\":\"https:\\\/\\\/accesolatino.org\\\/wp-content\\\/uploads\\\/2021\\\/02\\\/logo-footer-acceso-latino.png\",\"contentUrl\":\"https:\\\/\\\/accesolatino.org\\\/wp-content\\\/uploads\\\/2021\\\/02\\\/logo-footer-acceso-latino.png\",\"width\":240,\"height\":40,\"caption\":\"Acceso Latino | Fundaci\u00f3n Carlos Slim\"},\"image\":{\"@id\":\"https:\\\/\\\/accesolatino.org\\\/#\\\/schema\\\/logo\\\/image\\\/\"},\"sameAs\":[\"https:\\\/\\\/www.facebook.com\\\/AccesoLatinoOrg\",\"https:\\\/\\\/x.com\\\/FAccLatino\"]},{\"@type\":\"Person\",\"@id\":\"https:\\\/\\\/accesolatino.org\\\/#\\\/schema\\\/person\\\/57bc3bfd2c357610a5255490ca4cd305\",\"name\":\"Noticias\"}]}<\/script>\n<!-- \/ Yoast SEO plugin. -->","yoast_head_json":{"title":"Dem\u00f3cratas presenta propuesta para ayudar Dreamers e indocumentados","description":"La propuesta, de la que podr\u00edan beneficiarse unos 2.7 millones, otorga el estatus de residente permanente condicional por un per\u00edodo de 10 a\u00f1os","robots":{"index":"index","follow":"follow","max-snippet":"max-snippet:-1","max-image-preview":"max-image-preview:large","max-video-preview":"max-video-preview:-1"},"canonical":"https:\/\/accesolatino.org\/en\/democratas-presenta-propuesta-para-ayudar-dreamers-e-indocumentados\/noticias\/","og_locale":"en_US","og_type":"article","og_title":"Dem\u00f3cratas presenta propuesta para ayudar Dreamers e indocumentados","og_description":"La propuesta, de la que podr\u00edan beneficiarse unos 2.7 millones, otorga el estatus de residente permanente condicional por un per\u00edodo de 10 a\u00f1os","og_url":"https:\/\/accesolatino.org\/en\/democratas-presenta-propuesta-para-ayudar-dreamers-e-indocumentados\/noticias\/","og_site_name":"Acceso Latino","article_publisher":"https:\/\/www.facebook.com\/AccesoLatinoOrg","article_published_time":"2019-03-15T17:00:28+00:00","article_modified_time":"2025-10-27T15:53:28+00:00","og_image":[{"width":600,"height":338,"url":"https:\/\/accesolatino.org\/wp-content\/uploads\/2019\/04\/democratas-presenta-propuesta-para-ayudar-dreamers-e-indocumentados.jpg","type":"image\/jpeg"}],"author":"Noticias","twitter_card":"summary_large_image","twitter_creator":"@FAccLatino","twitter_site":"@FAccLatino","twitter_misc":{"Written by":"Noticias","Est. reading time":"2 minutes"},"schema":{"@context":"https:\/\/schema.org","@graph":[{"@type":"Article","@id":"https:\/\/accesolatino.org\/democratas-presenta-propuesta-para-ayudar-dreamers-e-indocumentados\/noticias\/#article","isPartOf":{"@id":"https:\/\/accesolatino.org\/democratas-presenta-propuesta-para-ayudar-dreamers-e-indocumentados\/noticias\/"},"author":{"name":"Noticias","@id":"https:\/\/accesolatino.org\/#\/schema\/person\/57bc3bfd2c357610a5255490ca4cd305"},"headline":"Dem\u00f3cratas presenta propuesta para ayudar Dreamers e indocumentados","datePublished":"2019-03-15T17:00:28+00:00","dateModified":"2025-10-27T15:53:28+00:00","mainEntityOfPage":{"@id":"https:\/\/accesolatino.org\/democratas-presenta-propuesta-para-ayudar-dreamers-e-indocumentados\/noticias\/"},"wordCount":295,"commentCount":0,"publisher":{"@id":"https:\/\/accesolatino.org\/#organization"},"image":{"@id":"https:\/\/accesolatino.org\/democratas-presenta-propuesta-para-ayudar-dreamers-e-indocumentados\/noticias\/#primaryimage"},"thumbnailUrl":"https:\/\/accesolatino.org\/wp-content\/uploads\/2019\/04\/democratas-presenta-propuesta-para-ayudar-dreamers-e-indocumentados.jpg","articleSection":["Noticias","Temas de inter\u00e9s"],"inLanguage":"en-US","potentialAction":[{"@type":"CommentAction","name":"Comment","target":["https:\/\/accesolatino.org\/democratas-presenta-propuesta-para-ayudar-dreamers-e-indocumentados\/noticias\/#respond"]}]},{"@type":"WebPage","@id":"https:\/\/accesolatino.org\/democratas-presenta-propuesta-para-ayudar-dreamers-e-indocumentados\/noticias\/","url":"https:\/\/accesolatino.org\/democratas-presenta-propuesta-para-ayudar-dreamers-e-indocumentados\/noticias\/","name":"Dem\u00f3cratas presenta propuesta para ayudar Dreamers e indocumentados","isPartOf":{"@id":"https:\/\/accesolatino.org\/#website"},"primaryImageOfPage":{"@id":"https:\/\/accesolatino.org\/democratas-presenta-propuesta-para-ayudar-dreamers-e-indocumentados\/noticias\/#primaryimage"},"image":{"@id":"https:\/\/accesolatino.org\/democratas-presenta-propuesta-para-ayudar-dreamers-e-indocumentados\/noticias\/#primaryimage"},"thumbnailUrl":"https:\/\/accesolatino.org\/wp-content\/uploads\/2019\/04\/democratas-presenta-propuesta-para-ayudar-dreamers-e-indocumentados.jpg","datePublished":"2019-03-15T17:00:28+00:00","dateModified":"2025-10-27T15:53:28+00:00","description":"La propuesta, de la que podr\u00edan beneficiarse unos 2.7 millones, otorga el estatus de residente permanente condicional por un per\u00edodo de 10 a\u00f1os","breadcrumb":{"@id":"https:\/\/accesolatino.org\/democratas-presenta-propuesta-para-ayudar-dreamers-e-indocumentados\/noticias\/#breadcrumb"},"inLanguage":"en-US","potentialAction":[{"@type":"ReadAction","target":["https:\/\/accesolatino.org\/democratas-presenta-propuesta-para-ayudar-dreamers-e-indocumentados\/noticias\/"]}]},{"@type":"ImageObject","inLanguage":"en-US","@id":"https:\/\/accesolatino.org\/democratas-presenta-propuesta-para-ayudar-dreamers-e-indocumentados\/noticias\/#primaryimage","url":"https:\/\/accesolatino.org\/wp-content\/uploads\/2019\/04\/democratas-presenta-propuesta-para-ayudar-dreamers-e-indocumentados.jpg","contentUrl":"https:\/\/accesolatino.org\/wp-content\/uploads\/2019\/04\/democratas-presenta-propuesta-para-ayudar-dreamers-e-indocumentados.jpg","width":600,"height":338,"caption":"democratas-presenta-propuesta-para-ayudar-dreamers-e-indocumentados"},{"@type":"BreadcrumbList","@id":"https:\/\/accesolatino.org\/democratas-presenta-propuesta-para-ayudar-dreamers-e-indocumentados\/noticias\/#breadcrumb","itemListElement":[{"@type":"ListItem","position":1,"name":"Portada","item":"https:\/\/accesolatino.org\/"},{"@type":"ListItem","position":2,"name":"Noticias","item":"https:\/\/accesolatino.org\/category\/noticias\/"},{"@type":"ListItem","position":3,"name":"Dem\u00f3cratas presenta propuesta para ayudar Dreamers e indocumentados"}]},{"@type":"WebSite","@id":"https:\/\/accesolatino.org\/#website","url":"https:\/\/accesolatino.org\/","name":"Acceso Latino | Fundaci\u00f3n Carlos Slim","description":"Fundaci\u00f3n Carlos Slim","publisher":{"@id":"https:\/\/accesolatino.org\/#organization"},"potentialAction":[{"@type":"SearchAction","target":{"@type":"EntryPoint","urlTemplate":"https:\/\/accesolatino.org\/?s={search_term_string}"},"query-input":{"@type":"PropertyValueSpecification","valueRequired":true,"valueName":"search_term_string"}}],"inLanguage":"en-US"},{"@type":"Organization","@id":"https:\/\/accesolatino.org\/#organization","name":"Acceso Latino | Fundaci\u00f3n Carlos Slim","url":"https:\/\/accesolatino.org\/","logo":{"@type":"ImageObject","inLanguage":"en-US","@id":"https:\/\/accesolatino.org\/#\/schema\/logo\/image\/","url":"https:\/\/accesolatino.org\/wp-content\/uploads\/2021\/02\/logo-footer-acceso-latino.png","contentUrl":"https:\/\/accesolatino.org\/wp-content\/uploads\/2021\/02\/logo-footer-acceso-latino.png","width":240,"height":40,"caption":"Acceso Latino | Fundaci\u00f3n Carlos Slim"},"image":{"@id":"https:\/\/accesolatino.org\/#\/schema\/logo\/image\/"},"sameAs":["https:\/\/www.facebook.com\/AccesoLatinoOrg","https:\/\/x.com\/FAccLatino"]},{"@type":"Person","@id":"https:\/\/accesolatino.org\/#\/schema\/person\/57bc3bfd2c357610a5255490ca4cd305","name":"News"}]}},"_links":{"self":[{"href":"https:\/\/accesolatino.org\/en\/wp-json\/wp\/v2\/posts\/16388","targetHints":{"allow":["GET"]}}],"collection":[{"href":"https:\/\/accesolatino.org\/en\/wp-json\/wp\/v2\/posts"}],"about":[{"href":"https:\/\/accesolatino.org\/en\/wp-json\/wp\/v2\/types\/post"}],"author":[{"embeddable":true,"href":"https:\/\/accesolatino.org\/en\/wp-json\/wp\/v2\/users\/13"}],"replies":[{"embeddable":true,"href":"https:\/\/accesolatino.org\/en\/wp-json\/wp\/v2\/comments?post=16388"}],"version-history":[{"count":1,"href":"https:\/\/accesolatino.org\/en\/wp-json\/wp\/v2\/posts\/16388\/revisions"}],"predecessor-version":[{"id":66403,"href":"https:\/\/accesolatino.org\/en\/wp-json\/wp\/v2\/posts\/16388\/revisions\/66403"}],"wp:featuredmedia":[{"embeddable":true,"href":"https:\/\/accesolatino.org\/en\/wp-json\/wp\/v2\/media\/16389"}],"wp:attachment":[{"href":"https:\/\/accesolatino.org\/en\/wp-json\/wp\/v2\/media?parent=16388"}],"wp:term":[{"taxonomy":"category","embeddable":true,"href":"https:\/\/accesolatino.org\/en\/wp-json\/wp\/v2\/categories?post=16388"},{"taxonomy":"post_tag","embeddable":true,"href":"https:\/\/accesolatino.org\/en\/wp-json\/wp\/v2\/tags?post=16388"}],"curies":[{"name":"wp","href":"https:\/\/api.w.org\/{rel}","templated":true}]}}