{"id":16378,"date":"2019-03-19T16:00:52","date_gmt":"2019-03-19T22:00:52","guid":{"rendered":"https:\/\/accesolatino.org\/?p=16378"},"modified":"2025-10-27T09:53:18","modified_gmt":"2025-10-27T15:53:18","slug":"un-efecto-secundario-de-los-medicamentos-es-la-depresion","status":"publish","type":"post","link":"https:\/\/accesolatino.org\/en\/un-efecto-secundario-de-los-medicamentos-es-la-depresion\/noticias\/","title":{"rendered":"\u00bfUn efecto secundario de los medicamentos es la depresi\u00f3n?"},"content":{"rendered":"<div data-elementor-type=\"wp-post\" data-elementor-id=\"16378\" class=\"elementor elementor-16378\">\n\t\t\t\t\t\t<section class=\"elementor-section elementor-top-section elementor-element elementor-element-369f77a elementor-section-boxed elementor-section-height-default elementor-section-height-default wpr-particle-no wpr-jarallax-no wpr-parallax-no wpr-sticky-section-no wpr-equal-height-no\" data-id=\"369f77a\" data-element_type=\"section\" data-e-type=\"section\">\n\t\t\t\t\t\t<div class=\"elementor-container elementor-column-gap-default\">\n\t\t\t\t\t<div class=\"elementor-column elementor-col-100 elementor-top-column elementor-element elementor-element-8ef62e2\" data-id=\"8ef62e2\" data-element_type=\"column\" data-e-type=\"column\">\n\t\t\t<div class=\"elementor-widget-wrap elementor-element-populated\">\n\t\t\t\t\t\t<div class=\"elementor-element elementor-element-d9121ee elementor-widget elementor-widget-text-editor\" data-id=\"d9121ee\" data-element_type=\"widget\" data-e-type=\"widget\" data-widget_type=\"text-editor.default\">\n\t\t\t\t<div class=\"elementor-widget-container\">\n\t\t\t\t\t\t\t\t\t<p>Una gran parte de los medicamentos, consumidos en exceso, puede traer consigo efectos secundarios nocivos, la depresi\u00f3n es uno de ellos. De acuerdo con un estudio publicado en el <em>Journal of the American Medical Association<\/em>, cerca de 200 medicamentos con receta, incluidos aquellos que suelen usar los adultos mayores, pueden provocar depresi\u00f3n.<\/p><p>Lamentablemente, muchos m\u00e9dicos no lo saben, o no informan a sus pacientes al respecto, seg\u00fan el autor del estudio <em>Mark Olfson,<\/em> profesor de psiquiatr\u00eda y epidemiolog\u00eda en la Universidad de Columbia, en Nueva York.<\/p><p>Por este motivo, es importante tener en cuenta la conexi\u00f3n y saber cu\u00e1ndo un medicamento podr\u00eda afectar tu estado de \u00e1nimo. Si no es posible reducir la dosis de manera segura, es necesario recurrir a otros m\u00e9todos para tener un estado emocional estable.<\/p><p>\u201cPodemos hablar con un paciente sobre los cambios de estilo de vida que pueden ser \u00fatiles. Por ejemplo, comenzar una rutina diaria de caminata, si su estilo de vida ha sido sedentario, ya que el ejercicio puede ayudar a mejorar el estado de \u00e1nimo \u2014o a tener m\u00e1s conexiones sociales\u2014. El sentido de pertenencia tambi\u00e9n puede mejorar el estado de \u00e1nimo\u201d, recalc\u00f3 el experto.<\/p><p>Es por esto que te recomendamos lo siguiente:<\/p><p>Eval\u00faa tu estado de \u00e1nimo. Ya sea que tomes varios medicamentos o ninguno, si tu car\u00e1cter es malo durante 2 semanas consecutivas o m\u00e1s, ve con tu especialista. Tu m\u00e9dico de planta puede reacomodar tus medicamentos. Sin embargo, algunas personas pueden necesitar un psiquiatra para saber lo que sucede realmente.<\/p><p>Inspecciona tus medicamentos. Cuando hables con tu m\u00e9dico, preg\u00fantale si alguno de tus medicamentos podr\u00eda ser causa de depresi\u00f3n. Lleva todos tus medicamentos con receta y de venta libre para que el m\u00e9dico pueda examinarlos.<\/p><p>Si tu m\u00e9dico no parece estar familiarizado con los efectos secundarios de tus medicamentos, haz una cita con el farmac\u00e9utico donde surten tus recetas.<\/p><p><strong>accesolatino.org<\/strong>, busca que tu salud sea la optimas, da clic la pesta\u00f1a de <a href=\"https:\/\/accesolatino.org\/en\/salud\/\">\u201cSalud\u201d<\/a> y encontrar\u00e1s mucha informaci\u00f3n y art\u00edculos que te ayudar\u00e1n a resolver tus dudas y muchos consejos.<\/p><p>Visita <a href=\"https:\/\/www.clikisalud.net\/\">clikisalud<\/a> seguro encuentras lo que buscas en temas de salud.<\/p>\t\t\t\t\t\t\t\t<\/div>\n\t\t\t\t<\/div>\n\t\t\t\t\t<\/div>\n\t\t<\/div>\n\t\t\t\t\t<\/div>\n\t\t<\/section>\n\t\t\t\t<\/div>","protected":false},"excerpt":{"rendered":"<p>Una gran parte de los medicamentos, consumidos en exceso, puede traer consigo efectos secundarios nocivos, la depresi\u00f3n es uno de ellos. De acuerdo con un estudio publicado en el Journal of the American Medical Association, cerca de 200 medicamentos con receta, incluidos aquellos que suelen usar los adultos mayores, pueden provocar depresi\u00f3n. Lamentablemente, muchos m\u00e9dicos no lo saben, o no informan a sus pacientes al respecto, seg\u00fan el autor del estudio Mark Olfson, profesor de psiquiatr\u00eda y epidemiolog\u00eda en la Universidad de Columbia, en Nueva York. Por este motivo, es importante tener en cuenta la conexi\u00f3n y saber cu\u00e1ndo un medicamento podr\u00eda afectar tu estado de \u00e1nimo. Si no es posible reducir la dosis de manera segura, es necesario recurrir a otros m\u00e9todos para tener un estado emocional estable. \u201cPodemos hablar con un paciente sobre los cambios de estilo de vida que pueden ser \u00fatiles. Por ejemplo, comenzar una rutina diaria de caminata, si su estilo de vida ha sido sedentario, ya que el ejercicio puede ayudar a mejorar el estado de \u00e1nimo \u2014o a tener m\u00e1s conexiones sociales\u2014. El sentido de pertenencia tambi\u00e9n puede mejorar el estado de \u00e1nimo\u201d, recalc\u00f3 el experto. Es por esto que te recomendamos lo siguiente: Eval\u00faa tu estado de \u00e1nimo. Ya sea que tomes varios medicamentos o ninguno, si tu car\u00e1cter es malo durante 2 semanas consecutivas o m\u00e1s, ve con tu especialista. Tu m\u00e9dico de planta puede reacomodar tus medicamentos. Sin embargo, algunas personas pueden necesitar un psiquiatra para saber lo que sucede realmente. Inspecciona tus medicamentos. Cuando hables con tu m\u00e9dico, preg\u00fantale si alguno de tus medicamentos podr\u00eda ser causa de depresi\u00f3n. Lleva todos tus medicamentos con receta y de venta libre para que el m\u00e9dico pueda examinarlos. Si tu m\u00e9dico no parece estar familiarizado con los efectos secundarios de tus medicamentos, haz una cita con el farmac\u00e9utico donde surten tus recetas. accesolatino.org, busca que tu salud sea la optimas, da clic la pesta\u00f1a de \u201cSalud\u201d y encontrar\u00e1s mucha informaci\u00f3n y art\u00edculos que te ayudar\u00e1n a resolver tus dudas y muchos consejos. Visita clikisalud seguro encuentras lo que buscas en temas de salud.<\/p>","protected":false},"author":13,"featured_media":16379,"comment_status":"open","ping_status":"open","sticky":false,"template":"","format":"standard","meta":{"_uf_show_specific_survey":0,"_uf_disable_surveys":false,"footnotes":""},"categories":[10,1],"tags":[],"class_list":["post-16378","post","type-post","status-publish","format-standard","has-post-thumbnail","hentry","category-noticias","category-temas-de-interes"],"aioseo_notices":[],"yoast_head":"<!-- This site is optimized with the Yoast SEO plugin v27.5 - https:\/\/yoast.com\/product\/yoast-seo-wordpress\/ -->\n<title>\u00bfUn efecto secundario de los medicamentos es la depresi\u00f3n?<\/title>\n<meta name=\"description\" content=\"Una gran parte de los medicamentos, consumidos en exceso, puede traer consigo efectos secundarios nocivos, la depresi\u00f3n es uno de ellos\" \/>\n<meta name=\"robots\" content=\"index, follow, max-snippet:-1, max-image-preview:large, max-video-preview:-1\" \/>\n<link rel=\"canonical\" href=\"https:\/\/accesolatino.org\/en\/un-efecto-secundario-de-los-medicamentos-es-la-depresion\/noticias\/\" \/>\n<meta property=\"og:locale\" content=\"en_US\" \/>\n<meta property=\"og:type\" content=\"article\" \/>\n<meta property=\"og:title\" content=\"\u00bfUn efecto secundario de los medicamentos es la depresi\u00f3n?\" \/>\n<meta property=\"og:description\" content=\"Una gran parte de los medicamentos, consumidos en exceso, puede traer consigo efectos secundarios nocivos, la depresi\u00f3n es uno de ellos\" \/>\n<meta property=\"og:url\" content=\"https:\/\/accesolatino.org\/en\/un-efecto-secundario-de-los-medicamentos-es-la-depresion\/noticias\/\" \/>\n<meta property=\"og:site_name\" content=\"Acceso Latino\" \/>\n<meta property=\"article:publisher\" content=\"https:\/\/www.facebook.com\/AccesoLatinoOrg\" \/>\n<meta property=\"article:published_time\" content=\"2019-03-19T22:00:52+00:00\" \/>\n<meta property=\"article:modified_time\" content=\"2025-10-27T15:53:18+00:00\" \/>\n<meta property=\"og:image\" content=\"https:\/\/accesolatino.org\/wp-content\/uploads\/2019\/04\/\u00bfUn-efecto-secundario-de-los-medicamentos-es-la-depresi\u00f3n.jpg\" \/>\n\t<meta property=\"og:image:width\" content=\"600\" \/>\n\t<meta property=\"og:image:height\" content=\"338\" \/>\n\t<meta property=\"og:image:type\" content=\"image\/jpeg\" \/>\n<meta name=\"author\" content=\"Noticias\" \/>\n<meta name=\"twitter:card\" content=\"summary_large_image\" \/>\n<meta name=\"twitter:creator\" content=\"@FAccLatino\" \/>\n<meta name=\"twitter:site\" content=\"@FAccLatino\" \/>\n<meta name=\"twitter:label1\" content=\"Written by\" \/>\n\t<meta name=\"twitter:data1\" content=\"Noticias\" \/>\n\t<meta name=\"twitter:label2\" content=\"Est. reading time\" \/>\n\t<meta name=\"twitter:data2\" content=\"2 minutes\" \/>\n<script type=\"application\/ld+json\" class=\"yoast-schema-graph\">{\"@context\":\"https:\\\/\\\/schema.org\",\"@graph\":[{\"@type\":\"Article\",\"@id\":\"https:\\\/\\\/accesolatino.org\\\/un-efecto-secundario-de-los-medicamentos-es-la-depresion\\\/noticias\\\/#article\",\"isPartOf\":{\"@id\":\"https:\\\/\\\/accesolatino.org\\\/un-efecto-secundario-de-los-medicamentos-es-la-depresion\\\/noticias\\\/\"},\"author\":{\"name\":\"Noticias\",\"@id\":\"https:\\\/\\\/accesolatino.org\\\/#\\\/schema\\\/person\\\/57bc3bfd2c357610a5255490ca4cd305\"},\"headline\":\"\u00bfUn efecto secundario de los medicamentos es la depresi\u00f3n?\",\"datePublished\":\"2019-03-19T22:00:52+00:00\",\"dateModified\":\"2025-10-27T15:53:18+00:00\",\"mainEntityOfPage\":{\"@id\":\"https:\\\/\\\/accesolatino.org\\\/un-efecto-secundario-de-los-medicamentos-es-la-depresion\\\/noticias\\\/\"},\"wordCount\":388,\"commentCount\":0,\"publisher\":{\"@id\":\"https:\\\/\\\/accesolatino.org\\\/#organization\"},\"image\":{\"@id\":\"https:\\\/\\\/accesolatino.org\\\/un-efecto-secundario-de-los-medicamentos-es-la-depresion\\\/noticias\\\/#primaryimage\"},\"thumbnailUrl\":\"https:\\\/\\\/accesolatino.org\\\/wp-content\\\/uploads\\\/2019\\\/04\\\/\u00bfUn-efecto-secundario-de-los-medicamentos-es-la-depresi\u00f3n.jpg\",\"articleSection\":[\"Noticias\",\"Temas de inter\u00e9s\"],\"inLanguage\":\"en-US\",\"potentialAction\":[{\"@type\":\"CommentAction\",\"name\":\"Comment\",\"target\":[\"https:\\\/\\\/accesolatino.org\\\/un-efecto-secundario-de-los-medicamentos-es-la-depresion\\\/noticias\\\/#respond\"]}]},{\"@type\":\"WebPage\",\"@id\":\"https:\\\/\\\/accesolatino.org\\\/un-efecto-secundario-de-los-medicamentos-es-la-depresion\\\/noticias\\\/\",\"url\":\"https:\\\/\\\/accesolatino.org\\\/un-efecto-secundario-de-los-medicamentos-es-la-depresion\\\/noticias\\\/\",\"name\":\"\u00bfUn efecto secundario de los medicamentos es la depresi\u00f3n?\",\"isPartOf\":{\"@id\":\"https:\\\/\\\/accesolatino.org\\\/#website\"},\"primaryImageOfPage\":{\"@id\":\"https:\\\/\\\/accesolatino.org\\\/un-efecto-secundario-de-los-medicamentos-es-la-depresion\\\/noticias\\\/#primaryimage\"},\"image\":{\"@id\":\"https:\\\/\\\/accesolatino.org\\\/un-efecto-secundario-de-los-medicamentos-es-la-depresion\\\/noticias\\\/#primaryimage\"},\"thumbnailUrl\":\"https:\\\/\\\/accesolatino.org\\\/wp-content\\\/uploads\\\/2019\\\/04\\\/\u00bfUn-efecto-secundario-de-los-medicamentos-es-la-depresi\u00f3n.jpg\",\"datePublished\":\"2019-03-19T22:00:52+00:00\",\"dateModified\":\"2025-10-27T15:53:18+00:00\",\"description\":\"Una gran parte de los medicamentos, consumidos en exceso, puede traer consigo efectos secundarios nocivos, la depresi\u00f3n es uno de ellos\",\"breadcrumb\":{\"@id\":\"https:\\\/\\\/accesolatino.org\\\/un-efecto-secundario-de-los-medicamentos-es-la-depresion\\\/noticias\\\/#breadcrumb\"},\"inLanguage\":\"en-US\",\"potentialAction\":[{\"@type\":\"ReadAction\",\"target\":[\"https:\\\/\\\/accesolatino.org\\\/un-efecto-secundario-de-los-medicamentos-es-la-depresion\\\/noticias\\\/\"]}]},{\"@type\":\"ImageObject\",\"inLanguage\":\"en-US\",\"@id\":\"https:\\\/\\\/accesolatino.org\\\/un-efecto-secundario-de-los-medicamentos-es-la-depresion\\\/noticias\\\/#primaryimage\",\"url\":\"https:\\\/\\\/accesolatino.org\\\/wp-content\\\/uploads\\\/2019\\\/04\\\/\u00bfUn-efecto-secundario-de-los-medicamentos-es-la-depresi\u00f3n.jpg\",\"contentUrl\":\"https:\\\/\\\/accesolatino.org\\\/wp-content\\\/uploads\\\/2019\\\/04\\\/\u00bfUn-efecto-secundario-de-los-medicamentos-es-la-depresi\u00f3n.jpg\",\"width\":600,\"height\":338,\"caption\":\"\u00bfUn efecto secundario de los medicamentos es la depresi\u00f3n\"},{\"@type\":\"BreadcrumbList\",\"@id\":\"https:\\\/\\\/accesolatino.org\\\/un-efecto-secundario-de-los-medicamentos-es-la-depresion\\\/noticias\\\/#breadcrumb\",\"itemListElement\":[{\"@type\":\"ListItem\",\"position\":1,\"name\":\"Portada\",\"item\":\"https:\\\/\\\/accesolatino.org\\\/\"},{\"@type\":\"ListItem\",\"position\":2,\"name\":\"Noticias\",\"item\":\"https:\\\/\\\/accesolatino.org\\\/category\\\/noticias\\\/\"},{\"@type\":\"ListItem\",\"position\":3,\"name\":\"\u00bfUn efecto secundario de los medicamentos es la depresi\u00f3n?\"}]},{\"@type\":\"WebSite\",\"@id\":\"https:\\\/\\\/accesolatino.org\\\/#website\",\"url\":\"https:\\\/\\\/accesolatino.org\\\/\",\"name\":\"Acceso Latino | Fundaci\u00f3n Carlos Slim\",\"description\":\"Fundaci\u00f3n Carlos Slim\",\"publisher\":{\"@id\":\"https:\\\/\\\/accesolatino.org\\\/#organization\"},\"potentialAction\":[{\"@type\":\"SearchAction\",\"target\":{\"@type\":\"EntryPoint\",\"urlTemplate\":\"https:\\\/\\\/accesolatino.org\\\/?s={search_term_string}\"},\"query-input\":{\"@type\":\"PropertyValueSpecification\",\"valueRequired\":true,\"valueName\":\"search_term_string\"}}],\"inLanguage\":\"en-US\"},{\"@type\":\"Organization\",\"@id\":\"https:\\\/\\\/accesolatino.org\\\/#organization\",\"name\":\"Acceso Latino | Fundaci\u00f3n Carlos Slim\",\"url\":\"https:\\\/\\\/accesolatino.org\\\/\",\"logo\":{\"@type\":\"ImageObject\",\"inLanguage\":\"en-US\",\"@id\":\"https:\\\/\\\/accesolatino.org\\\/#\\\/schema\\\/logo\\\/image\\\/\",\"url\":\"https:\\\/\\\/accesolatino.org\\\/wp-content\\\/uploads\\\/2021\\\/02\\\/logo-footer-acceso-latino.png\",\"contentUrl\":\"https:\\\/\\\/accesolatino.org\\\/wp-content\\\/uploads\\\/2021\\\/02\\\/logo-footer-acceso-latino.png\",\"width\":240,\"height\":40,\"caption\":\"Acceso Latino | Fundaci\u00f3n Carlos Slim\"},\"image\":{\"@id\":\"https:\\\/\\\/accesolatino.org\\\/#\\\/schema\\\/logo\\\/image\\\/\"},\"sameAs\":[\"https:\\\/\\\/www.facebook.com\\\/AccesoLatinoOrg\",\"https:\\\/\\\/x.com\\\/FAccLatino\"]},{\"@type\":\"Person\",\"@id\":\"https:\\\/\\\/accesolatino.org\\\/#\\\/schema\\\/person\\\/57bc3bfd2c357610a5255490ca4cd305\",\"name\":\"Noticias\"}]}<\/script>\n<!-- \/ Yoast SEO plugin. -->","yoast_head_json":{"title":"\u00bfUn efecto secundario de los medicamentos es la depresi\u00f3n?","description":"Una gran parte de los medicamentos, consumidos en exceso, puede traer consigo efectos secundarios nocivos, la depresi\u00f3n es uno de ellos","robots":{"index":"index","follow":"follow","max-snippet":"max-snippet:-1","max-image-preview":"max-image-preview:large","max-video-preview":"max-video-preview:-1"},"canonical":"https:\/\/accesolatino.org\/en\/un-efecto-secundario-de-los-medicamentos-es-la-depresion\/noticias\/","og_locale":"en_US","og_type":"article","og_title":"\u00bfUn efecto secundario de los medicamentos es la depresi\u00f3n?","og_description":"Una gran parte de los medicamentos, consumidos en exceso, puede traer consigo efectos secundarios nocivos, la depresi\u00f3n es uno de ellos","og_url":"https:\/\/accesolatino.org\/en\/un-efecto-secundario-de-los-medicamentos-es-la-depresion\/noticias\/","og_site_name":"Acceso Latino","article_publisher":"https:\/\/www.facebook.com\/AccesoLatinoOrg","article_published_time":"2019-03-19T22:00:52+00:00","article_modified_time":"2025-10-27T15:53:18+00:00","og_image":[{"width":600,"height":338,"url":"https:\/\/accesolatino.org\/wp-content\/uploads\/2019\/04\/\u00bfUn-efecto-secundario-de-los-medicamentos-es-la-depresi\u00f3n.jpg","type":"image\/jpeg"}],"author":"Noticias","twitter_card":"summary_large_image","twitter_creator":"@FAccLatino","twitter_site":"@FAccLatino","twitter_misc":{"Written by":"Noticias","Est. reading time":"2 minutes"},"schema":{"@context":"https:\/\/schema.org","@graph":[{"@type":"Article","@id":"https:\/\/accesolatino.org\/un-efecto-secundario-de-los-medicamentos-es-la-depresion\/noticias\/#article","isPartOf":{"@id":"https:\/\/accesolatino.org\/un-efecto-secundario-de-los-medicamentos-es-la-depresion\/noticias\/"},"author":{"name":"Noticias","@id":"https:\/\/accesolatino.org\/#\/schema\/person\/57bc3bfd2c357610a5255490ca4cd305"},"headline":"\u00bfUn efecto secundario de los medicamentos es la depresi\u00f3n?","datePublished":"2019-03-19T22:00:52+00:00","dateModified":"2025-10-27T15:53:18+00:00","mainEntityOfPage":{"@id":"https:\/\/accesolatino.org\/un-efecto-secundario-de-los-medicamentos-es-la-depresion\/noticias\/"},"wordCount":388,"commentCount":0,"publisher":{"@id":"https:\/\/accesolatino.org\/#organization"},"image":{"@id":"https:\/\/accesolatino.org\/un-efecto-secundario-de-los-medicamentos-es-la-depresion\/noticias\/#primaryimage"},"thumbnailUrl":"https:\/\/accesolatino.org\/wp-content\/uploads\/2019\/04\/\u00bfUn-efecto-secundario-de-los-medicamentos-es-la-depresi\u00f3n.jpg","articleSection":["Noticias","Temas de inter\u00e9s"],"inLanguage":"en-US","potentialAction":[{"@type":"CommentAction","name":"Comment","target":["https:\/\/accesolatino.org\/un-efecto-secundario-de-los-medicamentos-es-la-depresion\/noticias\/#respond"]}]},{"@type":"WebPage","@id":"https:\/\/accesolatino.org\/un-efecto-secundario-de-los-medicamentos-es-la-depresion\/noticias\/","url":"https:\/\/accesolatino.org\/un-efecto-secundario-de-los-medicamentos-es-la-depresion\/noticias\/","name":"\u00bfUn efecto secundario de los medicamentos es la depresi\u00f3n?","isPartOf":{"@id":"https:\/\/accesolatino.org\/#website"},"primaryImageOfPage":{"@id":"https:\/\/accesolatino.org\/un-efecto-secundario-de-los-medicamentos-es-la-depresion\/noticias\/#primaryimage"},"image":{"@id":"https:\/\/accesolatino.org\/un-efecto-secundario-de-los-medicamentos-es-la-depresion\/noticias\/#primaryimage"},"thumbnailUrl":"https:\/\/accesolatino.org\/wp-content\/uploads\/2019\/04\/\u00bfUn-efecto-secundario-de-los-medicamentos-es-la-depresi\u00f3n.jpg","datePublished":"2019-03-19T22:00:52+00:00","dateModified":"2025-10-27T15:53:18+00:00","description":"Una gran parte de los medicamentos, consumidos en exceso, puede traer consigo efectos secundarios nocivos, la depresi\u00f3n es uno de ellos","breadcrumb":{"@id":"https:\/\/accesolatino.org\/un-efecto-secundario-de-los-medicamentos-es-la-depresion\/noticias\/#breadcrumb"},"inLanguage":"en-US","potentialAction":[{"@type":"ReadAction","target":["https:\/\/accesolatino.org\/un-efecto-secundario-de-los-medicamentos-es-la-depresion\/noticias\/"]}]},{"@type":"ImageObject","inLanguage":"en-US","@id":"https:\/\/accesolatino.org\/un-efecto-secundario-de-los-medicamentos-es-la-depresion\/noticias\/#primaryimage","url":"https:\/\/accesolatino.org\/wp-content\/uploads\/2019\/04\/\u00bfUn-efecto-secundario-de-los-medicamentos-es-la-depresi\u00f3n.jpg","contentUrl":"https:\/\/accesolatino.org\/wp-content\/uploads\/2019\/04\/\u00bfUn-efecto-secundario-de-los-medicamentos-es-la-depresi\u00f3n.jpg","width":600,"height":338,"caption":"\u00bfUn efecto secundario de los medicamentos es la depresi\u00f3n"},{"@type":"BreadcrumbList","@id":"https:\/\/accesolatino.org\/un-efecto-secundario-de-los-medicamentos-es-la-depresion\/noticias\/#breadcrumb","itemListElement":[{"@type":"ListItem","position":1,"name":"Portada","item":"https:\/\/accesolatino.org\/"},{"@type":"ListItem","position":2,"name":"Noticias","item":"https:\/\/accesolatino.org\/category\/noticias\/"},{"@type":"ListItem","position":3,"name":"\u00bfUn efecto secundario de los medicamentos es la depresi\u00f3n?"}]},{"@type":"WebSite","@id":"https:\/\/accesolatino.org\/#website","url":"https:\/\/accesolatino.org\/","name":"Acceso Latino | Fundaci\u00f3n Carlos Slim","description":"Fundaci\u00f3n Carlos Slim","publisher":{"@id":"https:\/\/accesolatino.org\/#organization"},"potentialAction":[{"@type":"SearchAction","target":{"@type":"EntryPoint","urlTemplate":"https:\/\/accesolatino.org\/?s={search_term_string}"},"query-input":{"@type":"PropertyValueSpecification","valueRequired":true,"valueName":"search_term_string"}}],"inLanguage":"en-US"},{"@type":"Organization","@id":"https:\/\/accesolatino.org\/#organization","name":"Acceso Latino | Fundaci\u00f3n Carlos Slim","url":"https:\/\/accesolatino.org\/","logo":{"@type":"ImageObject","inLanguage":"en-US","@id":"https:\/\/accesolatino.org\/#\/schema\/logo\/image\/","url":"https:\/\/accesolatino.org\/wp-content\/uploads\/2021\/02\/logo-footer-acceso-latino.png","contentUrl":"https:\/\/accesolatino.org\/wp-content\/uploads\/2021\/02\/logo-footer-acceso-latino.png","width":240,"height":40,"caption":"Acceso Latino | Fundaci\u00f3n Carlos Slim"},"image":{"@id":"https:\/\/accesolatino.org\/#\/schema\/logo\/image\/"},"sameAs":["https:\/\/www.facebook.com\/AccesoLatinoOrg","https:\/\/x.com\/FAccLatino"]},{"@type":"Person","@id":"https:\/\/accesolatino.org\/#\/schema\/person\/57bc3bfd2c357610a5255490ca4cd305","name":"News"}]}},"_links":{"self":[{"href":"https:\/\/accesolatino.org\/en\/wp-json\/wp\/v2\/posts\/16378","targetHints":{"allow":["GET"]}}],"collection":[{"href":"https:\/\/accesolatino.org\/en\/wp-json\/wp\/v2\/posts"}],"about":[{"href":"https:\/\/accesolatino.org\/en\/wp-json\/wp\/v2\/types\/post"}],"author":[{"embeddable":true,"href":"https:\/\/accesolatino.org\/en\/wp-json\/wp\/v2\/users\/13"}],"replies":[{"embeddable":true,"href":"https:\/\/accesolatino.org\/en\/wp-json\/wp\/v2\/comments?post=16378"}],"version-history":[{"count":1,"href":"https:\/\/accesolatino.org\/en\/wp-json\/wp\/v2\/posts\/16378\/revisions"}],"predecessor-version":[{"id":66401,"href":"https:\/\/accesolatino.org\/en\/wp-json\/wp\/v2\/posts\/16378\/revisions\/66401"}],"wp:featuredmedia":[{"embeddable":true,"href":"https:\/\/accesolatino.org\/en\/wp-json\/wp\/v2\/media\/16379"}],"wp:attachment":[{"href":"https:\/\/accesolatino.org\/en\/wp-json\/wp\/v2\/media?parent=16378"}],"wp:term":[{"taxonomy":"category","embeddable":true,"href":"https:\/\/accesolatino.org\/en\/wp-json\/wp\/v2\/categories?post=16378"},{"taxonomy":"post_tag","embeddable":true,"href":"https:\/\/accesolatino.org\/en\/wp-json\/wp\/v2\/tags?post=16378"}],"curies":[{"name":"wp","href":"https:\/\/api.w.org\/{rel}","templated":true}]}}